{"id":41858,"date":"2019-06-02T16:16:37","date_gmt":"2019-06-02T16:16:37","guid":{"rendered":"http:\/\/www.celttv.com.ar\/?p=41858"},"modified":"2019-06-02T16:16:37","modified_gmt":"2019-06-02T16:16:37","slug":"axel-kicillof-visitara-la-ciudad-en-medio-de-su-gira-por-la-sexta-seccion","status":"publish","type":"post","link":"https:\/\/www.celttv.com.ar\/index.php\/2019\/06\/02\/axel-kicillof-visitara-la-ciudad-en-medio-de-su-gira-por-la-sexta-seccion\/","title":{"rendered":"Axel Kicillof visitar\u00e1 la ciudad, en medio de su gira por la Sexta Secci\u00f3n"},"content":{"rendered":"<p>Lo recibir\u00e1 el Licenciado\u00a0<strong>Gustavo Trankels<\/strong>,\u00a0<strong>Gabriel Godoy<\/strong>\u00a0coordina por estas horas la llegada del ex\u2013Ministro de Econom\u00eda de la Naci\u00f3n a la ciudad cabecera, como as\u00ed tambi\u00e9n a otras ciudades de la Sexta Secci\u00f3n electoral.<\/p>\n<p><strong>Axel Kicillof<\/strong>, actual candidato a Gobernador de la Provincia de Buenos Aires, integra la f\u00f3rmula con\u00a0<strong>Ver\u00f3nica Magario<\/strong>\u00a0de cara a las pr\u00f3ximas\u00a0<strong>PASO\u00a0<\/strong>y\u00a0llega en medio de mucha expectativa planteando una unidad federal en todo el territorio bonaerense para derrotar a\u00a0<strong>Cambiemos<\/strong>, reci\u00e9n a comienzos de la semana entrante habr\u00e1 m\u00e1s novedades al respecto.<\/p>\n<p>En tanto Trankels trabaja en silencio a nivel local, para recuperar el municipio tornquistense para el Justicialismo.<\/p>\n<p>En las pr\u00f3ximos d\u00edas podremos adelantar m\u00e1s precisiones sobre el tema, como por ejemplo el lugar del encuentro y el horario, en principio la fecha ser\u00eda el viernes 7 del corriente mes.<\/p>\n<p><a href=\"http:\/\/www.celttv.com.ar\/?attachment_id=41859\" rel=\"attachment wp-att-41859\"><img loading=\"lazy\" decoding=\"async\" class=\"alignleft size-full wp-image-41859\" src=\"http:\/\/www.celttv.com.ar\/wp-content\/uploads\/2019\/06\/Trankels-Kiciloff.png\" alt=\"\" width=\"559\" height=\"397\" srcset=\"https:\/\/www.celttv.com.ar\/wp-content\/uploads\/2019\/06\/Trankels-Kiciloff.png 559w, https:\/\/www.celttv.com.ar\/wp-content\/uploads\/2019\/06\/Trankels-Kiciloff-300x213.png 300w, https:\/\/www.celttv.com.ar\/wp-content\/uploads\/2019\/06\/Trankels-Kiciloff-120x86.png 120w, https:\/\/www.celttv.com.ar\/wp-content\/uploads\/2019\/06\/Trankels-Kiciloff-350x250.png 350w\" sizes=\"auto, (max-width: 559px) 100vw, 559px\" \/><\/a><\/p>\n","protected":false},"excerpt":{"rendered":"<p>Lo recibir\u00e1 el Licenciado\u00a0Gustavo Trankels,\u00a0Gabriel Godoy\u00a0coordina por estas horas la llegada del ex\u2013Ministro de Econom\u00eda de la Naci\u00f3n a la ciudad cabecera, como as\u00ed tambi\u00e9n a otras ciudades de la Sexta Secci\u00f3n electoral. Axel Kicillof, actual candidato a Gobernador de la Provincia de Buenos Aires, integra la f\u00f3rmula con\u00a0Ver\u00f3nica Magario\u00a0de cara a las pr\u00f3ximas\u00a0PASO\u00a0y\u00a0llega en [&hellip;]<\/p>\n","protected":false},"author":1,"featured_media":41859,"comment_status":"closed","ping_status":"open","sticky":false,"template":"","format":"standard","meta":{"footnotes":""},"categories":[51,52,53],"tags":[],"class_list":["post-41858","post","type-post","status-publish","format-standard","has-post-thumbnail","hentry","category-comunidad","category-destacadas","category-politica"],"yoast_head":"<!-- This site is optimized with the Yoast SEO plugin v19.7.1 - https:\/\/yoast.com\/wordpress\/plugins\/seo\/ -->\n<title>Axel Kicillof visitar\u00e1 la ciudad, en medio de su gira por la Sexta Secci\u00f3n - CELTTV<\/title>\n<meta name=\"description\" content=\"Sitio web de noticias de la localidad de Tornquist, provincia de Buenos Aires, Rep\u00fablica Argentina. Contenido propio originado por periodistas de CELTTV, el canal de TV local de la Cooperativa El\u00e9ctrica de Tornquist. Turismo, Pol\u00edtica, Sociedad, Deporte, Cultura y todo el contenido de inter\u00e9s general que la gente del pueblo y la regi\u00f3n debe conocer.\" \/>\n<meta name=\"robots\" content=\"index, follow, max-snippet:-1, max-image-preview:large, max-video-preview:-1\" \/>\n<link rel=\"canonical\" href=\"https:\/\/www.celttv.com.ar\/index.php\/2019\/06\/02\/axel-kicillof-visitara-la-ciudad-en-medio-de-su-gira-por-la-sexta-seccion\/\" \/>\n<meta property=\"og:locale\" content=\"es_ES\" \/>\n<meta property=\"og:type\" content=\"article\" \/>\n<meta property=\"og:title\" content=\"Axel Kicillof visitar\u00e1 la ciudad, en medio de su gira por la Sexta Secci\u00f3n - CELTTV\" \/>\n<meta property=\"og:description\" content=\"Sitio web de noticias de la localidad de Tornquist, provincia de Buenos Aires, Rep\u00fablica Argentina. Contenido propio originado por periodistas de CELTTV, el canal de TV local de la Cooperativa El\u00e9ctrica de Tornquist. Turismo, Pol\u00edtica, Sociedad, Deporte, Cultura y todo el contenido de inter\u00e9s general que la gente del pueblo y la regi\u00f3n debe conocer.\" \/>\n<meta property=\"og:url\" content=\"https:\/\/www.celttv.com.ar\/index.php\/2019\/06\/02\/axel-kicillof-visitara-la-ciudad-en-medio-de-su-gira-por-la-sexta-seccion\/\" \/>\n<meta property=\"og:site_name\" content=\"CELTTV\" \/>\n<meta property=\"article:publisher\" content=\"https:\/\/www.facebook.com\/celtTV\/\" \/>\n<meta property=\"article:published_time\" content=\"2019-06-02T16:16:37+00:00\" \/>\n<meta property=\"og:image\" content=\"https:\/\/www.celttv.com.ar\/wp-content\/uploads\/2019\/06\/Trankels-Kiciloff.png\" \/>\n\t<meta property=\"og:image:width\" content=\"559\" \/>\n\t<meta property=\"og:image:height\" content=\"397\" \/>\n\t<meta property=\"og:image:type\" content=\"image\/png\" \/>\n<meta name=\"author\" content=\"ulises\" \/>\n<meta name=\"twitter:card\" content=\"summary_large_image\" \/>\n<meta name=\"twitter:label1\" content=\"Escrito por\" \/>\n\t<meta name=\"twitter:data1\" content=\"ulises\" \/>\n\t<meta name=\"twitter:label2\" content=\"Tiempo de lectura\" \/>\n\t<meta name=\"twitter:data2\" content=\"1 minuto\" \/>\n<script type=\"application\/ld+json\" class=\"yoast-schema-graph\">{\"@context\":\"https:\/\/schema.org\",\"@graph\":[{\"@type\":\"NewsArticle\",\"@id\":\"https:\/\/www.celttv.com.ar\/index.php\/2019\/06\/02\/axel-kicillof-visitara-la-ciudad-en-medio-de-su-gira-por-la-sexta-seccion\/#article\",\"isPartOf\":{\"@id\":\"https:\/\/www.celttv.com.ar\/index.php\/2019\/06\/02\/axel-kicillof-visitara-la-ciudad-en-medio-de-su-gira-por-la-sexta-seccion\/\"},\"author\":{\"name\":\"ulises\",\"@id\":\"https:\/\/www.celttv.com.ar\/#\/schema\/person\/6d99c072dba59953809c81446e9d0ace\"},\"headline\":\"Axel Kicillof visitar\u00e1 la ciudad, en medio de su gira por la Sexta Secci\u00f3n\",\"datePublished\":\"2019-06-02T16:16:37+00:00\",\"dateModified\":\"2019-06-02T16:16:37+00:00\",\"mainEntityOfPage\":{\"@id\":\"https:\/\/www.celttv.com.ar\/index.php\/2019\/06\/02\/axel-kicillof-visitara-la-ciudad-en-medio-de-su-gira-por-la-sexta-seccion\/\"},\"wordCount\":169,\"publisher\":{\"@id\":\"https:\/\/www.celttv.com.ar\/#organization\"},\"articleSection\":[\"Comunidad\",\"Destacadas\",\"Pol\u00edtica\"],\"inLanguage\":\"es\"},{\"@type\":\"WebPage\",\"@id\":\"https:\/\/www.celttv.com.ar\/index.php\/2019\/06\/02\/axel-kicillof-visitara-la-ciudad-en-medio-de-su-gira-por-la-sexta-seccion\/\",\"url\":\"https:\/\/www.celttv.com.ar\/index.php\/2019\/06\/02\/axel-kicillof-visitara-la-ciudad-en-medio-de-su-gira-por-la-sexta-seccion\/\",\"name\":\"Axel Kicillof visitar\u00e1 la ciudad, en medio de su gira por la Sexta Secci\u00f3n - CELTTV\",\"isPartOf\":{\"@id\":\"https:\/\/www.celttv.com.ar\/#website\"},\"datePublished\":\"2019-06-02T16:16:37+00:00\",\"dateModified\":\"2019-06-02T16:16:37+00:00\",\"description\":\"Sitio web de noticias de la localidad de Tornquist, provincia de Buenos Aires, Rep\u00fablica Argentina. Contenido propio originado por periodistas de CELTTV, el canal de TV local de la Cooperativa El\u00e9ctrica de Tornquist. Turismo, Pol\u00edtica, Sociedad, Deporte, Cultura y todo el contenido de inter\u00e9s general que la gente del pueblo y la regi\u00f3n debe conocer.\",\"breadcrumb\":{\"@id\":\"https:\/\/www.celttv.com.ar\/index.php\/2019\/06\/02\/axel-kicillof-visitara-la-ciudad-en-medio-de-su-gira-por-la-sexta-seccion\/#breadcrumb\"},\"inLanguage\":\"es\",\"potentialAction\":[{\"@type\":\"ReadAction\",\"target\":[\"https:\/\/www.celttv.com.ar\/index.php\/2019\/06\/02\/axel-kicillof-visitara-la-ciudad-en-medio-de-su-gira-por-la-sexta-seccion\/\"]}]},{\"@type\":\"BreadcrumbList\",\"@id\":\"https:\/\/www.celttv.com.ar\/index.php\/2019\/06\/02\/axel-kicillof-visitara-la-ciudad-en-medio-de-su-gira-por-la-sexta-seccion\/#breadcrumb\",\"itemListElement\":[{\"@type\":\"ListItem\",\"position\":1,\"name\":\"Inicio\",\"item\":\"https:\/\/www.celttv.com.ar\/\"},{\"@type\":\"ListItem\",\"position\":2,\"name\":\"Axel Kicillof visitar\u00e1 la ciudad, en medio de su gira por la Sexta Secci\u00f3n\"}]},{\"@type\":\"WebSite\",\"@id\":\"https:\/\/www.celttv.com.ar\/#website\",\"url\":\"https:\/\/www.celttv.com.ar\/\",\"name\":\"CELTTV\",\"description\":\"Cooperativa El\u00e9ctrica de Tornquist\",\"publisher\":{\"@id\":\"https:\/\/www.celttv.com.ar\/#organization\"},\"potentialAction\":[{\"@type\":\"SearchAction\",\"target\":{\"@type\":\"EntryPoint\",\"urlTemplate\":\"https:\/\/www.celttv.com.ar\/?s={search_term_string}\"},\"query-input\":\"required name=search_term_string\"}],\"inLanguage\":\"es\"},{\"@type\":\"Organization\",\"@id\":\"https:\/\/www.celttv.com.ar\/#organization\",\"name\":\"CELTTV\",\"url\":\"https:\/\/www.celttv.com.ar\/\",\"sameAs\":[\"https:\/\/www.youtube.com\/channel\/UCz_oIt8Hig64Ub-EmcNPIhg\",\"https:\/\/www.facebook.com\/celtTV\/\"],\"logo\":{\"@type\":\"ImageObject\",\"inLanguage\":\"es\",\"@id\":\"https:\/\/www.celttv.com.ar\/#\/schema\/logo\/image\/\",\"url\":\"http:\/\/www.celttv.com.ar\/wp-content\/uploads\/2022\/08\/logo-1.png\",\"contentUrl\":\"http:\/\/www.celttv.com.ar\/wp-content\/uploads\/2022\/08\/logo-1.png\",\"width\":461,\"height\":159,\"caption\":\"CELTTV\"},\"image\":{\"@id\":\"https:\/\/www.celttv.com.ar\/#\/schema\/logo\/image\/\"}},{\"@type\":\"Person\",\"@id\":\"https:\/\/www.celttv.com.ar\/#\/schema\/person\/6d99c072dba59953809c81446e9d0ace\",\"name\":\"ulises\",\"image\":{\"@type\":\"ImageObject\",\"inLanguage\":\"es\",\"@id\":\"https:\/\/www.celttv.com.ar\/#\/schema\/person\/image\/\",\"url\":\"https:\/\/secure.gravatar.com\/avatar\/7f2c48bdc33b30088f941fb6082e555f2874c98e20cb159d7b92b50eadfce793?s=96&d=mm&r=g\",\"contentUrl\":\"https:\/\/secure.gravatar.com\/avatar\/7f2c48bdc33b30088f941fb6082e555f2874c98e20cb159d7b92b50eadfce793?s=96&d=mm&r=g\",\"caption\":\"ulises\"},\"sameAs\":[\"http:\/\/www.celttv.com.ar\"]}]}<\/script>\n<!-- \/ Yoast SEO plugin. -->","yoast_head_json":{"title":"Axel Kicillof visitar\u00e1 la ciudad, en medio de su gira por la Sexta Secci\u00f3n - CELTTV","description":"Sitio web de noticias de la localidad de Tornquist, provincia de Buenos Aires, Rep\u00fablica Argentina. Contenido propio originado por periodistas de CELTTV, el canal de TV local de la Cooperativa El\u00e9ctrica de Tornquist. Turismo, Pol\u00edtica, Sociedad, Deporte, Cultura y todo el contenido de inter\u00e9s general que la gente del pueblo y la regi\u00f3n debe conocer.","robots":{"index":"index","follow":"follow","max-snippet":"max-snippet:-1","max-image-preview":"max-image-preview:large","max-video-preview":"max-video-preview:-1"},"canonical":"https:\/\/www.celttv.com.ar\/index.php\/2019\/06\/02\/axel-kicillof-visitara-la-ciudad-en-medio-de-su-gira-por-la-sexta-seccion\/","og_locale":"es_ES","og_type":"article","og_title":"Axel Kicillof visitar\u00e1 la ciudad, en medio de su gira por la Sexta Secci\u00f3n - CELTTV","og_description":"Sitio web de noticias de la localidad de Tornquist, provincia de Buenos Aires, Rep\u00fablica Argentina. Contenido propio originado por periodistas de CELTTV, el canal de TV local de la Cooperativa El\u00e9ctrica de Tornquist. Turismo, Pol\u00edtica, Sociedad, Deporte, Cultura y todo el contenido de inter\u00e9s general que la gente del pueblo y la regi\u00f3n debe conocer.","og_url":"https:\/\/www.celttv.com.ar\/index.php\/2019\/06\/02\/axel-kicillof-visitara-la-ciudad-en-medio-de-su-gira-por-la-sexta-seccion\/","og_site_name":"CELTTV","article_publisher":"https:\/\/www.facebook.com\/celtTV\/","article_published_time":"2019-06-02T16:16:37+00:00","og_image":[{"width":559,"height":397,"url":"https:\/\/www.celttv.com.ar\/wp-content\/uploads\/2019\/06\/Trankels-Kiciloff.png","type":"image\/png"}],"author":"ulises","twitter_card":"summary_large_image","twitter_misc":{"Escrito por":"ulises","Tiempo de lectura":"1 minuto"},"schema":{"@context":"https:\/\/schema.org","@graph":[{"@type":"NewsArticle","@id":"https:\/\/www.celttv.com.ar\/index.php\/2019\/06\/02\/axel-kicillof-visitara-la-ciudad-en-medio-de-su-gira-por-la-sexta-seccion\/#article","isPartOf":{"@id":"https:\/\/www.celttv.com.ar\/index.php\/2019\/06\/02\/axel-kicillof-visitara-la-ciudad-en-medio-de-su-gira-por-la-sexta-seccion\/"},"author":{"name":"ulises","@id":"https:\/\/www.celttv.com.ar\/#\/schema\/person\/6d99c072dba59953809c81446e9d0ace"},"headline":"Axel Kicillof visitar\u00e1 la ciudad, en medio de su gira por la Sexta Secci\u00f3n","datePublished":"2019-06-02T16:16:37+00:00","dateModified":"2019-06-02T16:16:37+00:00","mainEntityOfPage":{"@id":"https:\/\/www.celttv.com.ar\/index.php\/2019\/06\/02\/axel-kicillof-visitara-la-ciudad-en-medio-de-su-gira-por-la-sexta-seccion\/"},"wordCount":169,"publisher":{"@id":"https:\/\/www.celttv.com.ar\/#organization"},"articleSection":["Comunidad","Destacadas","Pol\u00edtica"],"inLanguage":"es"},{"@type":"WebPage","@id":"https:\/\/www.celttv.com.ar\/index.php\/2019\/06\/02\/axel-kicillof-visitara-la-ciudad-en-medio-de-su-gira-por-la-sexta-seccion\/","url":"https:\/\/www.celttv.com.ar\/index.php\/2019\/06\/02\/axel-kicillof-visitara-la-ciudad-en-medio-de-su-gira-por-la-sexta-seccion\/","name":"Axel Kicillof visitar\u00e1 la ciudad, en medio de su gira por la Sexta Secci\u00f3n - CELTTV","isPartOf":{"@id":"https:\/\/www.celttv.com.ar\/#website"},"datePublished":"2019-06-02T16:16:37+00:00","dateModified":"2019-06-02T16:16:37+00:00","description":"Sitio web de noticias de la localidad de Tornquist, provincia de Buenos Aires, Rep\u00fablica Argentina. Contenido propio originado por periodistas de CELTTV, el canal de TV local de la Cooperativa El\u00e9ctrica de Tornquist. Turismo, Pol\u00edtica, Sociedad, Deporte, Cultura y todo el contenido de inter\u00e9s general que la gente del pueblo y la regi\u00f3n debe conocer.","breadcrumb":{"@id":"https:\/\/www.celttv.com.ar\/index.php\/2019\/06\/02\/axel-kicillof-visitara-la-ciudad-en-medio-de-su-gira-por-la-sexta-seccion\/#breadcrumb"},"inLanguage":"es","potentialAction":[{"@type":"ReadAction","target":["https:\/\/www.celttv.com.ar\/index.php\/2019\/06\/02\/axel-kicillof-visitara-la-ciudad-en-medio-de-su-gira-por-la-sexta-seccion\/"]}]},{"@type":"BreadcrumbList","@id":"https:\/\/www.celttv.com.ar\/index.php\/2019\/06\/02\/axel-kicillof-visitara-la-ciudad-en-medio-de-su-gira-por-la-sexta-seccion\/#breadcrumb","itemListElement":[{"@type":"ListItem","position":1,"name":"Inicio","item":"https:\/\/www.celttv.com.ar\/"},{"@type":"ListItem","position":2,"name":"Axel Kicillof visitar\u00e1 la ciudad, en medio de su gira por la Sexta Secci\u00f3n"}]},{"@type":"WebSite","@id":"https:\/\/www.celttv.com.ar\/#website","url":"https:\/\/www.celttv.com.ar\/","name":"CELTTV","description":"Cooperativa El\u00e9ctrica de Tornquist","publisher":{"@id":"https:\/\/www.celttv.com.ar\/#organization"},"potentialAction":[{"@type":"SearchAction","target":{"@type":"EntryPoint","urlTemplate":"https:\/\/www.celttv.com.ar\/?s={search_term_string}"},"query-input":"required name=search_term_string"}],"inLanguage":"es"},{"@type":"Organization","@id":"https:\/\/www.celttv.com.ar\/#organization","name":"CELTTV","url":"https:\/\/www.celttv.com.ar\/","sameAs":["https:\/\/www.youtube.com\/channel\/UCz_oIt8Hig64Ub-EmcNPIhg","https:\/\/www.facebook.com\/celtTV\/"],"logo":{"@type":"ImageObject","inLanguage":"es","@id":"https:\/\/www.celttv.com.ar\/#\/schema\/logo\/image\/","url":"http:\/\/www.celttv.com.ar\/wp-content\/uploads\/2022\/08\/logo-1.png","contentUrl":"http:\/\/www.celttv.com.ar\/wp-content\/uploads\/2022\/08\/logo-1.png","width":461,"height":159,"caption":"CELTTV"},"image":{"@id":"https:\/\/www.celttv.com.ar\/#\/schema\/logo\/image\/"}},{"@type":"Person","@id":"https:\/\/www.celttv.com.ar\/#\/schema\/person\/6d99c072dba59953809c81446e9d0ace","name":"ulises","image":{"@type":"ImageObject","inLanguage":"es","@id":"https:\/\/www.celttv.com.ar\/#\/schema\/person\/image\/","url":"https:\/\/secure.gravatar.com\/avatar\/7f2c48bdc33b30088f941fb6082e555f2874c98e20cb159d7b92b50eadfce793?s=96&d=mm&r=g","contentUrl":"https:\/\/secure.gravatar.com\/avatar\/7f2c48bdc33b30088f941fb6082e555f2874c98e20cb159d7b92b50eadfce793?s=96&d=mm&r=g","caption":"ulises"},"sameAs":["http:\/\/www.celttv.com.ar"]}]}},"_links":{"self":[{"href":"https:\/\/www.celttv.com.ar\/index.php\/wp-json\/wp\/v2\/posts\/41858","targetHints":{"allow":["GET"]}}],"collection":[{"href":"https:\/\/www.celttv.com.ar\/index.php\/wp-json\/wp\/v2\/posts"}],"about":[{"href":"https:\/\/www.celttv.com.ar\/index.php\/wp-json\/wp\/v2\/types\/post"}],"author":[{"embeddable":true,"href":"https:\/\/www.celttv.com.ar\/index.php\/wp-json\/wp\/v2\/users\/1"}],"replies":[{"embeddable":true,"href":"https:\/\/www.celttv.com.ar\/index.php\/wp-json\/wp\/v2\/comments?post=41858"}],"version-history":[{"count":0,"href":"https:\/\/www.celttv.com.ar\/index.php\/wp-json\/wp\/v2\/posts\/41858\/revisions"}],"wp:featuredmedia":[{"embeddable":true,"href":"https:\/\/www.celttv.com.ar\/index.php\/wp-json\/wp\/v2\/media\/41859"}],"wp:attachment":[{"href":"https:\/\/www.celttv.com.ar\/index.php\/wp-json\/wp\/v2\/media?parent=41858"}],"wp:term":[{"taxonomy":"category","embeddable":true,"href":"https:\/\/www.celttv.com.ar\/index.php\/wp-json\/wp\/v2\/categories?post=41858"},{"taxonomy":"post_tag","embeddable":true,"href":"https:\/\/www.celttv.com.ar\/index.php\/wp-json\/wp\/v2\/tags?post=41858"}],"curies":[{"name":"wp","href":"https:\/\/api.w.org\/{rel}","templated":true}]}}