{"id":41870,"date":"2019-06-02T23:43:02","date_gmt":"2019-06-02T23:43:02","guid":{"rendered":"http:\/\/www.celttv.com.ar\/?p=41870"},"modified":"2019-06-02T23:43:02","modified_gmt":"2019-06-02T23:43:02","slug":"union-en-la-definicion-anual-por-san-juan-de-los-penales","status":"publish","type":"post","link":"https:\/\/www.celttv.com.ar\/index.php\/2019\/06\/02\/union-en-la-definicion-anual-por-san-juan-de-los-penales\/","title":{"rendered":"UNION EN LA DEFINICION ANUAL POR SAN JUAN DE LOS PENALES"},"content":{"rendered":"<p>Juan Manuel Stefanof nuevamente se puso el traje de h\u00e9roe y llev\u00f3 a Uni\u00f3n a la Semifinal de A\u00f1o. Ataj\u00f3 3 de los 4 penales y le dio la victoria por esa v\u00eda al verde que hab\u00eda empatado con Sarmiento 2 a 2 en los 90 minutos. Alberto Arce y Alejo Luci\u00e9n marcaron para el equipo de Miguel Idoeta, Ezequiel Schmidt y Joaqu\u00edn Romeo para los de Horacio Schumacher.<\/p>\n<p>En un partido bastante discreto desde lo futbol\u00edstico, el verde encontr\u00f3 en los guantes de Stefanof el pasaje directo a la Semifinal de A\u00f1o. El \u201cGordo\u201d (que hab\u00eda sido h\u00e9roe en el cl\u00e1sico desde los 12 pasos), volvi\u00f3 a ponerse la pilcha figura para tambi\u00e9n en los penales, darle la clasificaci\u00f3n a Uni\u00f3n. Y no solo fue clave all\u00ed, sino que a los 47 minutos le saca con los pies una pelota Palma, que vale por una plaza a fin de a\u00f1o.<\/p>\n<p>En el primer tiempo hasta los goles no hab\u00eda pasado demasiado. Balmaceda para el piguense y Grassi para los tornquistenses hab\u00edan intentado pero sin buen destino.<\/p>\n<p>A los 36\u2019 la apertura del marcador. Encara <strong>Alberto Arce<\/strong> por el medio, tira una pared y va a buscar al \u00e1rea, remata por lo bajo y la pelota se le escurre a Stefanof que cuando manote\u00f3 ya era tarde.<\/p>\n<p>Uni\u00f3n sinti\u00f3 el golpe y tres minutos despu\u00e9s consigui\u00f3 el empate. Tiro de esquina desde la derecha, pelota pasada, la mete Biondo de cabeza y con una pirueta espectacular (entre tijera y chilena), <strong>Ezequiel Schmidt<\/strong> marca la igualdad. El resultado era justo por lo que hab\u00eda sucedido hasta el momento.<\/p>\n<p>La \u00faltima fue un despeje con los pu\u00f1os de Stefanof cuando iba a cabecear Palma (que reemplaz\u00f3 al expulsado Pulgar).<\/p>\n<p>En el segundo tiempo arranc\u00f3 mejor la visita, que de pelota parada se acerc\u00f3 con cierto peligro al arco que Uni\u00f3n. Pero fue el verde el que acert\u00f3 primero. A los 12, encar\u00f3 por derecha <strong>Joaqu\u00edn Romeo<\/strong>, saca un derechazo bajo y al igual que en el gol de Sarmiento, se le escurre la pelota a Litre y el manotazo es cuando el bal\u00f3n ya hab\u00eda pasado la l\u00ednea del arco. 2 a 1 para los de Schumacher.<\/p>\n<p>Sarmiento se la empez\u00f3 a jugar para buscar el empate y dej\u00f3 l\u00ednea de tres en el fondo. Vigouroux intent\u00f3 \u201cpicarla\u201d desde lejos con un disparo a colocar al segundo palo pero Stefanof cort\u00f3 y en la contra, Litre le saca el gol dos veces a Romeo, primero abajo y luego con un manotazo para mandar la pelota por arriba del horizontal.<\/p>\n<p>Intent\u00f3 con pelota parada Pazos y la bola se fue muy cerca y a los 29\u2019 la pol\u00e9mica de la tarde. Schmidt va a buscar la pelota en lo alto, S\u00e1nchez se pone por delante y se agacha, el \u201cRuso\u201d lo pasa por encima y el \u00e1rbitro Rossi marca penal. El encargado de patear y poner el empate fue <strong>Alejo Lucien<\/strong> para el 2 a 2.<\/p>\n<p>All\u00ed el juego se parti\u00f3. Casi no hubo mitad de cancha y la bola iba pr\u00e1cticamente de un \u00e1rea a otra. A los 33\u2019 Palma no puede y se salva el verde, y en la \u00faltima, a los 47\u2019 Palma captura la pelota en el \u00e1rea, remata y con los pies Stefanof le saca una pelota impresionante que termina valiendo por una clasificaci\u00f3n.<\/p>\n<p>En los penales para el verde marcaron Schmidt, Sotelo y Terrugi. Litre se lo ataj\u00f3 a Fritz. Para el decano liguista marc\u00f3 Palma y Stefanof le ataj\u00f3 los disparos a Klock, Paz y Vigouroux.<\/p>\n<p><strong>Uni\u00f3n:<\/strong> Juan Manuel Stefanof; Federico Franco, Tom\u00e1s Terrugi, Sebasti\u00e1n Callava, Hern\u00e1n Delgado; Joaqu\u00edn Romeo, \u00c1ngelo Grassi, Lucas Sotelo, Lucas Biondo; Ezequiel Schmidt, Juan Jos\u00e9 Heiland. DT: Horacio Schumacher.<\/p>\n<p><u>Cambios:<\/u> ST: 7\u2019 Mat\u00edas Fritz por Heiland, \u00a028\u2019 Brian Lascalea por Biondo, 42\u2019 Maximiliano Banegas por Grassi.<\/p>\n<p><u>Supl:<\/u> Lautaro Eckardt, Dylan Kloster<\/p>\n<p><strong>Sarmiento:<\/strong> Leandro Litre; Alberto Arce, Adri\u00e1n Pomi\u00e9s, Santiago Cayssials, Alan Paz; Juan Manuel Balmaceda, Ramiro S\u00e1nchez, Braian Pazos, Bautista Vigouroux; Jonathan Klock, Alexis Palma. DT: Miguel Idoeta.<\/p>\n<p><u>Cambios:<\/u> ST: 14\u2019 Marco Palma por Arce, 22\u2019 Alejo Lucien por Pazos, 28\u2019 Sim\u00f3n Oraindi por Balmaceda.<\/p>\n<p><u>Supl:<\/u> Agust\u00edn Eberhart, Lucio Moscardi.<\/p>\n<p><u>Goles:<\/u> PT: 36\u2019 Alberto Arce (S), 39\u2019 Ezequiel Schmidt (U). ST: 12\u2019 Joaqu\u00edn Romeo (U), 31\u2019 Alejo Lucien (S) de penal<\/p>\n<p><u>Penales:<\/u> Para Uni\u00f3n: convirtieron Schmidt, Sotelo y Terrugi, Litre le ataj\u00f3 el penal a Fritz.<\/p>\n<p>Para Sarmiento: marc\u00f3 Palma. Stefanof le ataj\u00f3 los disparos a Klock, Paz y Vigouroux.<\/p>\n<p><u>\u00c1rbitro:<\/u> Leonardo Rossi (6) de Olavarr\u00eda<\/p>\n<p><u>Cancha:<\/u> Estadio 19 de Marzo de Pe\u00f1arol de Pig\u00fc\u00e9<\/p>\n<p><a href=\"https:\/\/www.facebook.com\/pg\/solofutbolcanal2\/photos\/?tab=album&amp;album_id=1073269256215597\" target=\"_blank\" rel=\"noopener\">\u00c1lbum de Fotos: Solo F\u00fatbol<\/a><\/p>\n<p><a href=\"http:\/\/www.celttv.com.ar\/?attachment_id=41871\" rel=\"attachment wp-att-41871\"><img loading=\"lazy\" decoding=\"async\" class=\"alignleft size-full wp-image-41871\" src=\"http:\/\/www.celttv.com.ar\/wp-content\/uploads\/2019\/06\/DSC_0139.jpg\" alt=\"\" width=\"960\" height=\"640\" srcset=\"https:\/\/www.celttv.com.ar\/wp-content\/uploads\/2019\/06\/DSC_0139.jpg 960w, https:\/\/www.celttv.com.ar\/wp-content\/uploads\/2019\/06\/DSC_0139-300x200.jpg 300w, https:\/\/www.celttv.com.ar\/wp-content\/uploads\/2019\/06\/DSC_0139-768x512.jpg 768w, https:\/\/www.celttv.com.ar\/wp-content\/uploads\/2019\/06\/DSC_0139-750x500.jpg 750w\" sizes=\"auto, (max-width: 960px) 100vw, 960px\" \/><\/a> <a href=\"http:\/\/www.celttv.com.ar\/?attachment_id=41872\" rel=\"attachment wp-att-41872\"><img loading=\"lazy\" decoding=\"async\" class=\"alignleft size-medium wp-image-41872\" src=\"http:\/\/www.celttv.com.ar\/wp-content\/uploads\/2019\/06\/DSC_0141.jpg\" alt=\"\" width=\"780\" height=\"520\" srcset=\"https:\/\/www.celttv.com.ar\/wp-content\/uploads\/2019\/06\/DSC_0141.jpg 960w, https:\/\/www.celttv.com.ar\/wp-content\/uploads\/2019\/06\/DSC_0141-300x200.jpg 300w, https:\/\/www.celttv.com.ar\/wp-content\/uploads\/2019\/06\/DSC_0141-768x512.jpg 768w, https:\/\/www.celttv.com.ar\/wp-content\/uploads\/2019\/06\/DSC_0141-750x500.jpg 750w\" sizes=\"auto, (max-width: 780px) 100vw, 780px\" \/><\/a> <a href=\"http:\/\/www.celttv.com.ar\/?attachment_id=41873\" rel=\"attachment wp-att-41873\"><img loading=\"lazy\" decoding=\"async\" class=\"alignleft size-medium wp-image-41873\" src=\"http:\/\/www.celttv.com.ar\/wp-content\/uploads\/2019\/06\/DSC_0164.jpg\" alt=\"\" width=\"780\" height=\"520\" srcset=\"https:\/\/www.celttv.com.ar\/wp-content\/uploads\/2019\/06\/DSC_0164.jpg 960w, https:\/\/www.celttv.com.ar\/wp-content\/uploads\/2019\/06\/DSC_0164-300x200.jpg 300w, https:\/\/www.celttv.com.ar\/wp-content\/uploads\/2019\/06\/DSC_0164-768x512.jpg 768w, https:\/\/www.celttv.com.ar\/wp-content\/uploads\/2019\/06\/DSC_0164-750x500.jpg 750w\" sizes=\"auto, (max-width: 780px) 100vw, 780px\" \/><\/a> <a href=\"http:\/\/www.celttv.com.ar\/?attachment_id=41874\" rel=\"attachment wp-att-41874\"><img loading=\"lazy\" decoding=\"async\" class=\"alignleft size-medium wp-image-41874\" src=\"http:\/\/www.celttv.com.ar\/wp-content\/uploads\/2019\/06\/DSC_0166.jpg\" alt=\"\" width=\"780\" height=\"520\" srcset=\"https:\/\/www.celttv.com.ar\/wp-content\/uploads\/2019\/06\/DSC_0166.jpg 960w, https:\/\/www.celttv.com.ar\/wp-content\/uploads\/2019\/06\/DSC_0166-300x200.jpg 300w, https:\/\/www.celttv.com.ar\/wp-content\/uploads\/2019\/06\/DSC_0166-768x512.jpg 768w, https:\/\/www.celttv.com.ar\/wp-content\/uploads\/2019\/06\/DSC_0166-750x500.jpg 750w\" sizes=\"auto, (max-width: 780px) 100vw, 780px\" \/><\/a><\/p>\n","protected":false},"excerpt":{"rendered":"<p>Juan Manuel Stefanof nuevamente se puso el traje de h\u00e9roe y llev\u00f3 a Uni\u00f3n a la Semifinal de A\u00f1o. Ataj\u00f3 3 de los 4 penales y le dio la victoria por esa v\u00eda al verde que hab\u00eda empatado con Sarmiento 2 a 2 en los 90 minutos. Alberto Arce y Alejo Luci\u00e9n marcaron para el [&hellip;]<\/p>\n","protected":false},"author":1,"featured_media":41875,"comment_status":"closed","ping_status":"open","sticky":false,"template":"","format":"standard","meta":{"footnotes":""},"categories":[60,52,76],"tags":[],"class_list":["post-41870","post","type-post","status-publish","format-standard","has-post-thumbnail","hentry","category-deporte","category-destacadas","category-solo-futbol"],"yoast_head":"<!-- This site is optimized with the Yoast SEO plugin v19.7.1 - https:\/\/yoast.com\/wordpress\/plugins\/seo\/ -->\n<title>UNION EN LA DEFINICION ANUAL POR SAN JUAN DE LOS PENALES - CELTTV<\/title>\n<meta name=\"description\" content=\"Sitio web de noticias de la localidad de Tornquist, provincia de Buenos Aires, Rep\u00fablica Argentina. Contenido propio originado por periodistas de CELTTV, el canal de TV local de la Cooperativa El\u00e9ctrica de Tornquist. Turismo, Pol\u00edtica, Sociedad, Deporte, Cultura y todo el contenido de inter\u00e9s general que la gente del pueblo y la regi\u00f3n debe conocer.\" \/>\n<meta name=\"robots\" content=\"index, follow, max-snippet:-1, max-image-preview:large, max-video-preview:-1\" \/>\n<link rel=\"canonical\" href=\"https:\/\/www.celttv.com.ar\/index.php\/2019\/06\/02\/union-en-la-definicion-anual-por-san-juan-de-los-penales\/\" \/>\n<meta property=\"og:locale\" content=\"es_ES\" \/>\n<meta property=\"og:type\" content=\"article\" \/>\n<meta property=\"og:title\" content=\"UNION EN LA DEFINICION ANUAL POR SAN JUAN DE LOS PENALES - CELTTV\" \/>\n<meta property=\"og:description\" content=\"Sitio web de noticias de la localidad de Tornquist, provincia de Buenos Aires, Rep\u00fablica Argentina. Contenido propio originado por periodistas de CELTTV, el canal de TV local de la Cooperativa El\u00e9ctrica de Tornquist. Turismo, Pol\u00edtica, Sociedad, Deporte, Cultura y todo el contenido de inter\u00e9s general que la gente del pueblo y la regi\u00f3n debe conocer.\" \/>\n<meta property=\"og:url\" content=\"https:\/\/www.celttv.com.ar\/index.php\/2019\/06\/02\/union-en-la-definicion-anual-por-san-juan-de-los-penales\/\" \/>\n<meta property=\"og:site_name\" content=\"CELTTV\" \/>\n<meta property=\"article:publisher\" content=\"https:\/\/www.facebook.com\/celtTV\/\" \/>\n<meta property=\"article:published_time\" content=\"2019-06-02T23:43:02+00:00\" \/>\n<meta property=\"og:image\" content=\"https:\/\/www.celttv.com.ar\/wp-content\/uploads\/2019\/06\/DSC_0154.jpg\" \/>\n\t<meta property=\"og:image:width\" content=\"960\" \/>\n\t<meta property=\"og:image:height\" content=\"640\" \/>\n\t<meta property=\"og:image:type\" content=\"image\/jpeg\" \/>\n<meta name=\"author\" content=\"ulises\" \/>\n<meta name=\"twitter:card\" content=\"summary_large_image\" \/>\n<meta name=\"twitter:label1\" content=\"Escrito por\" \/>\n\t<meta name=\"twitter:data1\" content=\"ulises\" \/>\n\t<meta name=\"twitter:label2\" content=\"Tiempo de lectura\" \/>\n\t<meta name=\"twitter:data2\" content=\"4 minutos\" \/>\n<script type=\"application\/ld+json\" class=\"yoast-schema-graph\">{\"@context\":\"https:\/\/schema.org\",\"@graph\":[{\"@type\":\"NewsArticle\",\"@id\":\"https:\/\/www.celttv.com.ar\/index.php\/2019\/06\/02\/union-en-la-definicion-anual-por-san-juan-de-los-penales\/#article\",\"isPartOf\":{\"@id\":\"https:\/\/www.celttv.com.ar\/index.php\/2019\/06\/02\/union-en-la-definicion-anual-por-san-juan-de-los-penales\/\"},\"author\":{\"name\":\"ulises\",\"@id\":\"https:\/\/www.celttv.com.ar\/#\/schema\/person\/6d99c072dba59953809c81446e9d0ace\"},\"headline\":\"UNION EN LA DEFINICION ANUAL POR SAN JUAN DE LOS PENALES\",\"datePublished\":\"2019-06-02T23:43:02+00:00\",\"dateModified\":\"2019-06-02T23:43:02+00:00\",\"mainEntityOfPage\":{\"@id\":\"https:\/\/www.celttv.com.ar\/index.php\/2019\/06\/02\/union-en-la-definicion-anual-por-san-juan-de-los-penales\/\"},\"wordCount\":790,\"publisher\":{\"@id\":\"https:\/\/www.celttv.com.ar\/#organization\"},\"articleSection\":[\"Deporte\",\"Destacadas\",\"Solo Futbol\"],\"inLanguage\":\"es\"},{\"@type\":\"WebPage\",\"@id\":\"https:\/\/www.celttv.com.ar\/index.php\/2019\/06\/02\/union-en-la-definicion-anual-por-san-juan-de-los-penales\/\",\"url\":\"https:\/\/www.celttv.com.ar\/index.php\/2019\/06\/02\/union-en-la-definicion-anual-por-san-juan-de-los-penales\/\",\"name\":\"UNION EN LA DEFINICION ANUAL POR SAN JUAN DE LOS PENALES - CELTTV\",\"isPartOf\":{\"@id\":\"https:\/\/www.celttv.com.ar\/#website\"},\"datePublished\":\"2019-06-02T23:43:02+00:00\",\"dateModified\":\"2019-06-02T23:43:02+00:00\",\"description\":\"Sitio web de noticias de la localidad de Tornquist, provincia de Buenos Aires, Rep\u00fablica Argentina. Contenido propio originado por periodistas de CELTTV, el canal de TV local de la Cooperativa El\u00e9ctrica de Tornquist. Turismo, Pol\u00edtica, Sociedad, Deporte, Cultura y todo el contenido de inter\u00e9s general que la gente del pueblo y la regi\u00f3n debe conocer.\",\"breadcrumb\":{\"@id\":\"https:\/\/www.celttv.com.ar\/index.php\/2019\/06\/02\/union-en-la-definicion-anual-por-san-juan-de-los-penales\/#breadcrumb\"},\"inLanguage\":\"es\",\"potentialAction\":[{\"@type\":\"ReadAction\",\"target\":[\"https:\/\/www.celttv.com.ar\/index.php\/2019\/06\/02\/union-en-la-definicion-anual-por-san-juan-de-los-penales\/\"]}]},{\"@type\":\"BreadcrumbList\",\"@id\":\"https:\/\/www.celttv.com.ar\/index.php\/2019\/06\/02\/union-en-la-definicion-anual-por-san-juan-de-los-penales\/#breadcrumb\",\"itemListElement\":[{\"@type\":\"ListItem\",\"position\":1,\"name\":\"Inicio\",\"item\":\"https:\/\/www.celttv.com.ar\/\"},{\"@type\":\"ListItem\",\"position\":2,\"name\":\"UNION EN LA DEFINICION ANUAL POR SAN JUAN DE LOS PENALES\"}]},{\"@type\":\"WebSite\",\"@id\":\"https:\/\/www.celttv.com.ar\/#website\",\"url\":\"https:\/\/www.celttv.com.ar\/\",\"name\":\"CELTTV\",\"description\":\"Cooperativa El\u00e9ctrica de Tornquist\",\"publisher\":{\"@id\":\"https:\/\/www.celttv.com.ar\/#organization\"},\"potentialAction\":[{\"@type\":\"SearchAction\",\"target\":{\"@type\":\"EntryPoint\",\"urlTemplate\":\"https:\/\/www.celttv.com.ar\/?s={search_term_string}\"},\"query-input\":\"required name=search_term_string\"}],\"inLanguage\":\"es\"},{\"@type\":\"Organization\",\"@id\":\"https:\/\/www.celttv.com.ar\/#organization\",\"name\":\"CELTTV\",\"url\":\"https:\/\/www.celttv.com.ar\/\",\"sameAs\":[\"https:\/\/www.youtube.com\/channel\/UCz_oIt8Hig64Ub-EmcNPIhg\",\"https:\/\/www.facebook.com\/celtTV\/\"],\"logo\":{\"@type\":\"ImageObject\",\"inLanguage\":\"es\",\"@id\":\"https:\/\/www.celttv.com.ar\/#\/schema\/logo\/image\/\",\"url\":\"http:\/\/www.celttv.com.ar\/wp-content\/uploads\/2022\/08\/logo-1.png\",\"contentUrl\":\"http:\/\/www.celttv.com.ar\/wp-content\/uploads\/2022\/08\/logo-1.png\",\"width\":461,\"height\":159,\"caption\":\"CELTTV\"},\"image\":{\"@id\":\"https:\/\/www.celttv.com.ar\/#\/schema\/logo\/image\/\"}},{\"@type\":\"Person\",\"@id\":\"https:\/\/www.celttv.com.ar\/#\/schema\/person\/6d99c072dba59953809c81446e9d0ace\",\"name\":\"ulises\",\"image\":{\"@type\":\"ImageObject\",\"inLanguage\":\"es\",\"@id\":\"https:\/\/www.celttv.com.ar\/#\/schema\/person\/image\/\",\"url\":\"https:\/\/secure.gravatar.com\/avatar\/7f2c48bdc33b30088f941fb6082e555f2874c98e20cb159d7b92b50eadfce793?s=96&d=mm&r=g\",\"contentUrl\":\"https:\/\/secure.gravatar.com\/avatar\/7f2c48bdc33b30088f941fb6082e555f2874c98e20cb159d7b92b50eadfce793?s=96&d=mm&r=g\",\"caption\":\"ulises\"},\"sameAs\":[\"http:\/\/www.celttv.com.ar\"]}]}<\/script>\n<!-- \/ Yoast SEO plugin. -->","yoast_head_json":{"title":"UNION EN LA DEFINICION ANUAL POR SAN JUAN DE LOS PENALES - CELTTV","description":"Sitio web de noticias de la localidad de Tornquist, provincia de Buenos Aires, Rep\u00fablica Argentina. Contenido propio originado por periodistas de CELTTV, el canal de TV local de la Cooperativa El\u00e9ctrica de Tornquist. Turismo, Pol\u00edtica, Sociedad, Deporte, Cultura y todo el contenido de inter\u00e9s general que la gente del pueblo y la regi\u00f3n debe conocer.","robots":{"index":"index","follow":"follow","max-snippet":"max-snippet:-1","max-image-preview":"max-image-preview:large","max-video-preview":"max-video-preview:-1"},"canonical":"https:\/\/www.celttv.com.ar\/index.php\/2019\/06\/02\/union-en-la-definicion-anual-por-san-juan-de-los-penales\/","og_locale":"es_ES","og_type":"article","og_title":"UNION EN LA DEFINICION ANUAL POR SAN JUAN DE LOS PENALES - CELTTV","og_description":"Sitio web de noticias de la localidad de Tornquist, provincia de Buenos Aires, Rep\u00fablica Argentina. Contenido propio originado por periodistas de CELTTV, el canal de TV local de la Cooperativa El\u00e9ctrica de Tornquist. Turismo, Pol\u00edtica, Sociedad, Deporte, Cultura y todo el contenido de inter\u00e9s general que la gente del pueblo y la regi\u00f3n debe conocer.","og_url":"https:\/\/www.celttv.com.ar\/index.php\/2019\/06\/02\/union-en-la-definicion-anual-por-san-juan-de-los-penales\/","og_site_name":"CELTTV","article_publisher":"https:\/\/www.facebook.com\/celtTV\/","article_published_time":"2019-06-02T23:43:02+00:00","og_image":[{"width":960,"height":640,"url":"https:\/\/www.celttv.com.ar\/wp-content\/uploads\/2019\/06\/DSC_0154.jpg","type":"image\/jpeg"}],"author":"ulises","twitter_card":"summary_large_image","twitter_misc":{"Escrito por":"ulises","Tiempo de lectura":"4 minutos"},"schema":{"@context":"https:\/\/schema.org","@graph":[{"@type":"NewsArticle","@id":"https:\/\/www.celttv.com.ar\/index.php\/2019\/06\/02\/union-en-la-definicion-anual-por-san-juan-de-los-penales\/#article","isPartOf":{"@id":"https:\/\/www.celttv.com.ar\/index.php\/2019\/06\/02\/union-en-la-definicion-anual-por-san-juan-de-los-penales\/"},"author":{"name":"ulises","@id":"https:\/\/www.celttv.com.ar\/#\/schema\/person\/6d99c072dba59953809c81446e9d0ace"},"headline":"UNION EN LA DEFINICION ANUAL POR SAN JUAN DE LOS PENALES","datePublished":"2019-06-02T23:43:02+00:00","dateModified":"2019-06-02T23:43:02+00:00","mainEntityOfPage":{"@id":"https:\/\/www.celttv.com.ar\/index.php\/2019\/06\/02\/union-en-la-definicion-anual-por-san-juan-de-los-penales\/"},"wordCount":790,"publisher":{"@id":"https:\/\/www.celttv.com.ar\/#organization"},"articleSection":["Deporte","Destacadas","Solo Futbol"],"inLanguage":"es"},{"@type":"WebPage","@id":"https:\/\/www.celttv.com.ar\/index.php\/2019\/06\/02\/union-en-la-definicion-anual-por-san-juan-de-los-penales\/","url":"https:\/\/www.celttv.com.ar\/index.php\/2019\/06\/02\/union-en-la-definicion-anual-por-san-juan-de-los-penales\/","name":"UNION EN LA DEFINICION ANUAL POR SAN JUAN DE LOS PENALES - CELTTV","isPartOf":{"@id":"https:\/\/www.celttv.com.ar\/#website"},"datePublished":"2019-06-02T23:43:02+00:00","dateModified":"2019-06-02T23:43:02+00:00","description":"Sitio web de noticias de la localidad de Tornquist, provincia de Buenos Aires, Rep\u00fablica Argentina. Contenido propio originado por periodistas de CELTTV, el canal de TV local de la Cooperativa El\u00e9ctrica de Tornquist. Turismo, Pol\u00edtica, Sociedad, Deporte, Cultura y todo el contenido de inter\u00e9s general que la gente del pueblo y la regi\u00f3n debe conocer.","breadcrumb":{"@id":"https:\/\/www.celttv.com.ar\/index.php\/2019\/06\/02\/union-en-la-definicion-anual-por-san-juan-de-los-penales\/#breadcrumb"},"inLanguage":"es","potentialAction":[{"@type":"ReadAction","target":["https:\/\/www.celttv.com.ar\/index.php\/2019\/06\/02\/union-en-la-definicion-anual-por-san-juan-de-los-penales\/"]}]},{"@type":"BreadcrumbList","@id":"https:\/\/www.celttv.com.ar\/index.php\/2019\/06\/02\/union-en-la-definicion-anual-por-san-juan-de-los-penales\/#breadcrumb","itemListElement":[{"@type":"ListItem","position":1,"name":"Inicio","item":"https:\/\/www.celttv.com.ar\/"},{"@type":"ListItem","position":2,"name":"UNION EN LA DEFINICION ANUAL POR SAN JUAN DE LOS PENALES"}]},{"@type":"WebSite","@id":"https:\/\/www.celttv.com.ar\/#website","url":"https:\/\/www.celttv.com.ar\/","name":"CELTTV","description":"Cooperativa El\u00e9ctrica de Tornquist","publisher":{"@id":"https:\/\/www.celttv.com.ar\/#organization"},"potentialAction":[{"@type":"SearchAction","target":{"@type":"EntryPoint","urlTemplate":"https:\/\/www.celttv.com.ar\/?s={search_term_string}"},"query-input":"required name=search_term_string"}],"inLanguage":"es"},{"@type":"Organization","@id":"https:\/\/www.celttv.com.ar\/#organization","name":"CELTTV","url":"https:\/\/www.celttv.com.ar\/","sameAs":["https:\/\/www.youtube.com\/channel\/UCz_oIt8Hig64Ub-EmcNPIhg","https:\/\/www.facebook.com\/celtTV\/"],"logo":{"@type":"ImageObject","inLanguage":"es","@id":"https:\/\/www.celttv.com.ar\/#\/schema\/logo\/image\/","url":"http:\/\/www.celttv.com.ar\/wp-content\/uploads\/2022\/08\/logo-1.png","contentUrl":"http:\/\/www.celttv.com.ar\/wp-content\/uploads\/2022\/08\/logo-1.png","width":461,"height":159,"caption":"CELTTV"},"image":{"@id":"https:\/\/www.celttv.com.ar\/#\/schema\/logo\/image\/"}},{"@type":"Person","@id":"https:\/\/www.celttv.com.ar\/#\/schema\/person\/6d99c072dba59953809c81446e9d0ace","name":"ulises","image":{"@type":"ImageObject","inLanguage":"es","@id":"https:\/\/www.celttv.com.ar\/#\/schema\/person\/image\/","url":"https:\/\/secure.gravatar.com\/avatar\/7f2c48bdc33b30088f941fb6082e555f2874c98e20cb159d7b92b50eadfce793?s=96&d=mm&r=g","contentUrl":"https:\/\/secure.gravatar.com\/avatar\/7f2c48bdc33b30088f941fb6082e555f2874c98e20cb159d7b92b50eadfce793?s=96&d=mm&r=g","caption":"ulises"},"sameAs":["http:\/\/www.celttv.com.ar"]}]}},"_links":{"self":[{"href":"https:\/\/www.celttv.com.ar\/index.php\/wp-json\/wp\/v2\/posts\/41870","targetHints":{"allow":["GET"]}}],"collection":[{"href":"https:\/\/www.celttv.com.ar\/index.php\/wp-json\/wp\/v2\/posts"}],"about":[{"href":"https:\/\/www.celttv.com.ar\/index.php\/wp-json\/wp\/v2\/types\/post"}],"author":[{"embeddable":true,"href":"https:\/\/www.celttv.com.ar\/index.php\/wp-json\/wp\/v2\/users\/1"}],"replies":[{"embeddable":true,"href":"https:\/\/www.celttv.com.ar\/index.php\/wp-json\/wp\/v2\/comments?post=41870"}],"version-history":[{"count":0,"href":"https:\/\/www.celttv.com.ar\/index.php\/wp-json\/wp\/v2\/posts\/41870\/revisions"}],"wp:featuredmedia":[{"embeddable":true,"href":"https:\/\/www.celttv.com.ar\/index.php\/wp-json\/wp\/v2\/media\/41875"}],"wp:attachment":[{"href":"https:\/\/www.celttv.com.ar\/index.php\/wp-json\/wp\/v2\/media?parent=41870"}],"wp:term":[{"taxonomy":"category","embeddable":true,"href":"https:\/\/www.celttv.com.ar\/index.php\/wp-json\/wp\/v2\/categories?post=41870"},{"taxonomy":"post_tag","embeddable":true,"href":"https:\/\/www.celttv.com.ar\/index.php\/wp-json\/wp\/v2\/tags?post=41870"}],"curies":[{"name":"wp","href":"https:\/\/api.w.org\/{rel}","templated":true}]}}