{"id":41987,"date":"2019-06-06T02:16:09","date_gmt":"2019-06-06T02:16:09","guid":{"rendered":"http:\/\/www.celttv.com.ar\/?p=41987"},"modified":"2019-06-06T02:16:09","modified_gmt":"2019-06-06T02:16:09","slug":"41987","status":"publish","type":"post","link":"https:\/\/www.celttv.com.ar\/index.php\/2019\/06\/06\/41987\/","title":{"rendered":"La Escuela Secundaria N\u00b03 expuso su compromiso con el Medio Ambiente (fotos y videosentrevistas)"},"content":{"rendered":"<div class=\"adelanto\">\n<p>Realizaron este mi\u00e9rcoles una jornada en la que presentaron los proyectos en los que trabajan. Tambi\u00e9n particip\u00f3 el Colegio Ntra. Sra. de Luj\u00e1n.<\/p>\n<\/div>\n<div class=\"text\">\n<p>Con una jornada desarrollada este mi\u00e9rcoles, la Escuela de Educaci\u00f3n Secundaria N\u00b0 3 de Tornquist mostr\u00f3 a la comunidad los proyectos en los que trabaja en pos del cuidado del Medio Ambiente, cuyo d\u00eda se celebr\u00f3 este 5 de junio.<\/p>\n<p>Desde la instituci\u00f3n avanzan en diferentes iniciativas que se basan en los ejes de reducir, reciclar y reutilizar.<\/p>\n<p>\u201cVarios profesores de la escuela sugirieron hacer una jornada con diferentes actividades, participaron la Secundaria, Terciaria y el Colegio Nuestra Se\u00f1ora de Luj\u00e1n. B\u00e1sicamente se coment\u00f3 sobre proyectos que se est\u00e1n llevando a cabo en la instituci\u00f3n de hace cuatro o cinco a\u00f1os\u201d, explic\u00f3\u00a0<strong>Gisela Federici<\/strong>, directora de la instituci\u00f3n.<\/p>\n<p>\u201cLos docentes est\u00e1n comprometidos con este y todos los temas y logramos que trabajen en equipo, que se interrelacionen\u201d, destac\u00f3 la directiva y subray\u00f3 que \u201ctambi\u00e9n tenemos el apoyo del municipio en todos los proyectos que proponemos\u201d.<\/p>\n<p>Adem\u00e1s, \u201cvenimos trabajando hace algunos a\u00f1os con la Universidad Nacional del Sur, en este proyecto del reciclado ellos fueron nuestros asesores y siempre se est\u00e1 trabajando en otros. Tenemos un v\u00ednculo bastante fuerte\u201d.<\/p>\n<p>Uno de los proyectos expuestos este mi\u00e9rcoles fue la fabricaci\u00f3n de briquetas a partir de especies ex\u00f3ticas invasoras a cargo de alumnos de 5\u00b0 Naturales de la EES N\u00b0 3. \u201cLo organizamos el a\u00f1o pasado en un curso y se trata de hacer briquetas a partir de chips le\u00f1osas y de restos de poda\u201d, explic\u00f3 la docente\u00a0<strong>Silvina Raitzin<\/strong>.<\/p>\n<p>\u201cDe esa manera se podr\u00edan resolver varios conflictos, como son las especies invasoras, la reducci\u00f3n del volumen del basurero, y una parte social y econ\u00f3mica que se puede presentar en el municipio para vender la le\u00f1a o entregarla a las familias necesitadas\u201d, agreg\u00f3.<\/p>\n<p>\u201cEs un proyecto grande en el que la idea es que los chicos encuentren la vuelta ideal de armar las briquetas, por lo que se va a trabajar mucho con el laboratorio en cuanto a la energ\u00eda, la duraci\u00f3n y a qu\u00e9 especies es mejor ir mezclando para hacer las briquetas\u201d, adelant\u00f3 adem\u00e1s.<\/p>\n<p>\u201cLo bueno de esta jornada es mostrar que el D\u00eda del Medio Ambiente no solo nos toca desde afuera, sino que de adentro nacen proyecto y darle a conocer a la gente todo lo que se hace en la escuela\u201d, destac\u00f3 a su turno\u00a0<strong>Silvana Chaile<\/strong>.<\/p>\n<p>La docente afirm\u00f3 que \u201cel trabajo que hacen los profes es muy importante, en todas las materias y esperemos que los alumnos lo est\u00e9n llevando a casa. Comenzamos por los chicos, ellos son los que les termina ense\u00f1ando a los m\u00e1s grandes\u201d.<\/p>\n<p>Los proyectos que se desarrollan, adem\u00e1s del apoyo de la UNS, cuentan con el acompa\u00f1amiento del municipio, a trav\u00e9s de la Direcci\u00f3n de Medio Ambiente. En ese sentido, se expres\u00f3 la titular del \u00e1rea,\u00a0<strong>Lic. Melisa Herrada<\/strong>:<\/p>\n<p>\u201cLa iniciativa sale desde las escuelas y nosotros hacemos el nexo. Hay muchos proyectos y todos son important\u00edsimos; y ya que son tan buenos, lo importante es que no queden en algo individual, sino que toda la comunidad trabaje en lo mismo\u201d.<\/p>\n<p>\u201cEl trabajo que realizan los docentes es impresionante, y los directivos que son muy abiertos a todo esto\u201d, asegur\u00f3 y afirm\u00f3 que \u201ca nosotros nos beneficia much\u00edsimo, porque desde el municipio es m\u00e1s dif\u00edcil llegar a la gente, en cambio desde la escuela los chicos son multiplicadores de todo esto\u201d.<\/p>\n<p>La jornada llevada a cabo en el sal\u00f3n principal de la Unidad Acad\u00e9mica, cont\u00f3 con una charla a cargo de alumnos de la carrera de Gesti\u00f3n y Medio Ambiente del ISFDyT N\u00b0 162 y la presentaci\u00f3n del mencionado proyecto de fabricaci\u00f3n de briquetas.<\/p>\n<p>Tambi\u00e9n, se proyect\u00f3 un video sobre autosustentables en agroecolog\u00eda; alumnos de 4\u00b0 Naturales expusieron el proyecto \u2018La 3 sustentable\u201d; y chicos del 3\u00b0 a\u00f1o de secundaria del CNSL presentaron la fabricaci\u00f3n de ecoladrillos.<\/p>\n<\/div>\n<div class=\"jeg_video_container jeg_video_content\"><iframe loading=\"lazy\" title=\"2019 06 05 JORNADA DIA MEDIO AMBIENTE 1 GISELA FEDERICI\" width=\"500\" height=\"375\" src=\"https:\/\/www.youtube.com\/embed\/0L3lT-yixtc?feature=oembed\" frameborder=\"0\" allow=\"accelerometer; autoplay; clipboard-write; encrypted-media; gyroscope; picture-in-picture; web-share\" referrerpolicy=\"strict-origin-when-cross-origin\" allowfullscreen><\/iframe><\/div>\n<div class=\"jeg_video_container jeg_video_content\"><iframe loading=\"lazy\" title=\"2019 06 05 JORNADA DIA MEDIO AMBIENTE 2 SILVIA RAITZIN\" width=\"500\" height=\"375\" src=\"https:\/\/www.youtube.com\/embed\/8pntqtXPuH4?feature=oembed\" frameborder=\"0\" allow=\"accelerometer; autoplay; clipboard-write; encrypted-media; gyroscope; picture-in-picture; web-share\" referrerpolicy=\"strict-origin-when-cross-origin\" allowfullscreen><\/iframe><\/div>\n<div class=\"jeg_video_container jeg_video_content\"><iframe loading=\"lazy\" title=\"2019 06 05 JORNADA DIA MEDIO AMBIENTE 3 SILVANA CHAILE\" width=\"500\" height=\"375\" src=\"https:\/\/www.youtube.com\/embed\/5zz2VnWRUgY?feature=oembed\" frameborder=\"0\" allow=\"accelerometer; autoplay; clipboard-write; encrypted-media; gyroscope; picture-in-picture; web-share\" referrerpolicy=\"strict-origin-when-cross-origin\" allowfullscreen><\/iframe><\/div>\n<div class=\"jeg_video_container jeg_video_content\"><iframe loading=\"lazy\" title=\"2019 06 05 JORNADA DIA MEDIO AMBIENTE 4 MELISA HERRADA\" width=\"500\" height=\"375\" src=\"https:\/\/www.youtube.com\/embed\/yWVJAW2MN4w?feature=oembed\" frameborder=\"0\" allow=\"accelerometer; autoplay; clipboard-write; encrypted-media; gyroscope; picture-in-picture; web-share\" referrerpolicy=\"strict-origin-when-cross-origin\" allowfullscreen><\/iframe><\/div>\n<div class=\"jeg_video_container jeg_video_content\"><iframe loading=\"lazy\" title=\"2019 06 05 JORNADA DIA MEDIO AMBIENTE 5 PROYECTO MISION AMBIENTAL   CNSL\" width=\"500\" height=\"375\" src=\"https:\/\/www.youtube.com\/embed\/N8FN45chYQ8?feature=oembed\" frameborder=\"0\" allow=\"accelerometer; autoplay; clipboard-write; encrypted-media; gyroscope; picture-in-picture; web-share\" referrerpolicy=\"strict-origin-when-cross-origin\" allowfullscreen><\/iframe><\/div>\n<div class=\"jeg_video_container jeg_video_content\"><iframe loading=\"lazy\" title=\"2019 06 05 JORNADA DIA MEDIO AMBIENTE 6 PROYECTO ELABORACION DE BRIQUETAS\" width=\"500\" height=\"375\" src=\"https:\/\/www.youtube.com\/embed\/QO1ZhXD0MVQ?feature=oembed\" frameborder=\"0\" allow=\"accelerometer; autoplay; clipboard-write; encrypted-media; gyroscope; picture-in-picture; web-share\" referrerpolicy=\"strict-origin-when-cross-origin\" allowfullscreen><\/iframe><\/div>\n<p><a href=\"http:\/\/www.celttv.com.ar\/?attachment_id=42001\" rel=\"attachment wp-att-42001\"><img loading=\"lazy\" decoding=\"async\" class=\"alignleft size-full wp-image-42001\" src=\"http:\/\/www.celttv.com.ar\/wp-content\/uploads\/2019\/06\/resized_IMG_4101-Small.jpg\" alt=\"\" width=\"480\" height=\"720\" srcset=\"https:\/\/www.celttv.com.ar\/wp-content\/uploads\/2019\/06\/resized_IMG_4101-Small.jpg 480w, https:\/\/www.celttv.com.ar\/wp-content\/uploads\/2019\/06\/resized_IMG_4101-Small-200x300.jpg 200w\" sizes=\"auto, (max-width: 480px) 100vw, 480px\" \/><\/a> <a href=\"http:\/\/www.celttv.com.ar\/?attachment_id=42000\" rel=\"attachment wp-att-42000\"><img loading=\"lazy\" decoding=\"async\" class=\"alignleft size-full wp-image-42000\" src=\"http:\/\/www.celttv.com.ar\/wp-content\/uploads\/2019\/06\/resized_IMG_4100-Small.jpg\" alt=\"\" width=\"720\" height=\"480\" srcset=\"https:\/\/www.celttv.com.ar\/wp-content\/uploads\/2019\/06\/resized_IMG_4100-Small.jpg 720w, https:\/\/www.celttv.com.ar\/wp-content\/uploads\/2019\/06\/resized_IMG_4100-Small-300x200.jpg 300w\" sizes=\"auto, (max-width: 720px) 100vw, 720px\" \/><\/a> <a href=\"http:\/\/www.celttv.com.ar\/?attachment_id=41999\" rel=\"attachment wp-att-41999\"><img loading=\"lazy\" decoding=\"async\" class=\"alignleft size-full wp-image-41999\" src=\"http:\/\/www.celttv.com.ar\/wp-content\/uploads\/2019\/06\/resized_IMG_4099-Small.jpg\" alt=\"\" width=\"720\" height=\"480\" srcset=\"https:\/\/www.celttv.com.ar\/wp-content\/uploads\/2019\/06\/resized_IMG_4099-Small.jpg 720w, https:\/\/www.celttv.com.ar\/wp-content\/uploads\/2019\/06\/resized_IMG_4099-Small-300x200.jpg 300w\" sizes=\"auto, (max-width: 720px) 100vw, 720px\" \/><\/a> <a href=\"http:\/\/www.celttv.com.ar\/?attachment_id=41998\" rel=\"attachment wp-att-41998\"><img loading=\"lazy\" decoding=\"async\" class=\"alignleft size-full wp-image-41998\" src=\"http:\/\/www.celttv.com.ar\/wp-content\/uploads\/2019\/06\/resized_IMG_4098-Small.jpg\" alt=\"\" width=\"720\" height=\"480\" srcset=\"https:\/\/www.celttv.com.ar\/wp-content\/uploads\/2019\/06\/resized_IMG_4098-Small.jpg 720w, https:\/\/www.celttv.com.ar\/wp-content\/uploads\/2019\/06\/resized_IMG_4098-Small-300x200.jpg 300w\" sizes=\"auto, (max-width: 720px) 100vw, 720px\" \/><\/a> <a href=\"http:\/\/www.celttv.com.ar\/?attachment_id=41997\" rel=\"attachment wp-att-41997\"><img loading=\"lazy\" decoding=\"async\" class=\"alignleft size-full wp-image-41997\" src=\"http:\/\/www.celttv.com.ar\/wp-content\/uploads\/2019\/06\/resized_IMG_4097-Small.jpg\" alt=\"\" width=\"720\" height=\"480\" srcset=\"https:\/\/www.celttv.com.ar\/wp-content\/uploads\/2019\/06\/resized_IMG_4097-Small.jpg 720w, https:\/\/www.celttv.com.ar\/wp-content\/uploads\/2019\/06\/resized_IMG_4097-Small-300x200.jpg 300w\" sizes=\"auto, (max-width: 720px) 100vw, 720px\" \/><\/a> <a href=\"http:\/\/www.celttv.com.ar\/?attachment_id=41996\" rel=\"attachment wp-att-41996\"><img loading=\"lazy\" decoding=\"async\" class=\"alignleft size-full wp-image-41996\" src=\"http:\/\/www.celttv.com.ar\/wp-content\/uploads\/2019\/06\/resized_IMG_4096-Small.jpg\" alt=\"\" width=\"720\" height=\"480\" srcset=\"https:\/\/www.celttv.com.ar\/wp-content\/uploads\/2019\/06\/resized_IMG_4096-Small.jpg 720w, https:\/\/www.celttv.com.ar\/wp-content\/uploads\/2019\/06\/resized_IMG_4096-Small-300x200.jpg 300w\" sizes=\"auto, (max-width: 720px) 100vw, 720px\" \/><\/a> <a href=\"http:\/\/www.celttv.com.ar\/?attachment_id=41995\" rel=\"attachment wp-att-41995\"><img loading=\"lazy\" decoding=\"async\" class=\"alignleft size-full wp-image-41995\" src=\"http:\/\/www.celttv.com.ar\/wp-content\/uploads\/2019\/06\/resized_IMG_4095-Small.jpg\" alt=\"\" width=\"720\" height=\"480\" srcset=\"https:\/\/www.celttv.com.ar\/wp-content\/uploads\/2019\/06\/resized_IMG_4095-Small.jpg 720w, https:\/\/www.celttv.com.ar\/wp-content\/uploads\/2019\/06\/resized_IMG_4095-Small-300x200.jpg 300w\" sizes=\"auto, (max-width: 720px) 100vw, 720px\" \/><\/a> <a href=\"http:\/\/www.celttv.com.ar\/?attachment_id=41994\" rel=\"attachment wp-att-41994\"><img loading=\"lazy\" decoding=\"async\" class=\"alignleft size-full wp-image-41994\" src=\"http:\/\/www.celttv.com.ar\/wp-content\/uploads\/2019\/06\/resized_IMG_4094-Small.jpg\" alt=\"\" width=\"720\" height=\"480\" srcset=\"https:\/\/www.celttv.com.ar\/wp-content\/uploads\/2019\/06\/resized_IMG_4094-Small.jpg 720w, https:\/\/www.celttv.com.ar\/wp-content\/uploads\/2019\/06\/resized_IMG_4094-Small-300x200.jpg 300w\" sizes=\"auto, (max-width: 720px) 100vw, 720px\" \/><\/a> <a href=\"http:\/\/www.celttv.com.ar\/?attachment_id=41992\" rel=\"attachment wp-att-41992\"><img loading=\"lazy\" decoding=\"async\" class=\"alignleft size-full wp-image-41992\" src=\"http:\/\/www.celttv.com.ar\/wp-content\/uploads\/2019\/06\/resized_IMG_4092-Small.jpg\" alt=\"\" width=\"480\" height=\"720\" srcset=\"https:\/\/www.celttv.com.ar\/wp-content\/uploads\/2019\/06\/resized_IMG_4092-Small.jpg 480w, https:\/\/www.celttv.com.ar\/wp-content\/uploads\/2019\/06\/resized_IMG_4092-Small-200x300.jpg 200w\" sizes=\"auto, (max-width: 480px) 100vw, 480px\" \/><\/a> <a href=\"http:\/\/www.celttv.com.ar\/?attachment_id=41993\" rel=\"attachment wp-att-41993\"><img loading=\"lazy\" decoding=\"async\" class=\"alignleft size-full wp-image-41993\" src=\"http:\/\/www.celttv.com.ar\/wp-content\/uploads\/2019\/06\/resized_IMG_4093-Small.jpg\" alt=\"\" width=\"480\" height=\"720\" srcset=\"https:\/\/www.celttv.com.ar\/wp-content\/uploads\/2019\/06\/resized_IMG_4093-Small.jpg 480w, https:\/\/www.celttv.com.ar\/wp-content\/uploads\/2019\/06\/resized_IMG_4093-Small-200x300.jpg 200w\" sizes=\"auto, (max-width: 480px) 100vw, 480px\" \/><\/a><\/p>\n","protected":false},"excerpt":{"rendered":"<p>Realizaron este mi\u00e9rcoles una jornada en la que presentaron los proyectos en los que trabajan. Tambi\u00e9n particip\u00f3 el Colegio Ntra. Sra. de Luj\u00e1n. Con una jornada desarrollada este mi\u00e9rcoles, la Escuela de Educaci\u00f3n Secundaria N\u00b0 3 de Tornquist mostr\u00f3 a la comunidad los proyectos en los que trabaja en pos del cuidado del Medio Ambiente, [&hellip;]<\/p>\n","protected":false},"author":1,"featured_media":42000,"comment_status":"closed","ping_status":"open","sticky":false,"template":"","format":"standard","meta":{"footnotes":""},"categories":[51,52],"tags":[],"class_list":["post-41987","post","type-post","status-publish","format-standard","has-post-thumbnail","hentry","category-comunidad","category-destacadas"],"yoast_head":"<!-- This site is optimized with the Yoast SEO plugin v19.7.1 - https:\/\/yoast.com\/wordpress\/plugins\/seo\/ -->\n<title>La Escuela Secundaria N\u00b03 expuso su compromiso con el Medio Ambiente (fotos y videosentrevistas) - CELTTV<\/title>\n<meta name=\"description\" content=\"Sitio web de noticias de la localidad de Tornquist, provincia de Buenos Aires, Rep\u00fablica Argentina. Contenido propio originado por periodistas de CELTTV, el canal de TV local de la Cooperativa El\u00e9ctrica de Tornquist. Turismo, Pol\u00edtica, Sociedad, Deporte, Cultura y todo el contenido de inter\u00e9s general que la gente del pueblo y la regi\u00f3n debe conocer.\" \/>\n<meta name=\"robots\" content=\"index, follow, max-snippet:-1, max-image-preview:large, max-video-preview:-1\" \/>\n<link rel=\"canonical\" href=\"https:\/\/www.celttv.com.ar\/index.php\/2019\/06\/06\/41987\/\" \/>\n<meta property=\"og:locale\" content=\"es_ES\" \/>\n<meta property=\"og:type\" content=\"article\" \/>\n<meta property=\"og:title\" content=\"La Escuela Secundaria N\u00b03 expuso su compromiso con el Medio Ambiente (fotos y videosentrevistas) - CELTTV\" \/>\n<meta property=\"og:description\" content=\"Sitio web de noticias de la localidad de Tornquist, provincia de Buenos Aires, Rep\u00fablica Argentina. Contenido propio originado por periodistas de CELTTV, el canal de TV local de la Cooperativa El\u00e9ctrica de Tornquist. Turismo, Pol\u00edtica, Sociedad, Deporte, Cultura y todo el contenido de inter\u00e9s general que la gente del pueblo y la regi\u00f3n debe conocer.\" \/>\n<meta property=\"og:url\" content=\"https:\/\/www.celttv.com.ar\/index.php\/2019\/06\/06\/41987\/\" \/>\n<meta property=\"og:site_name\" content=\"CELTTV\" \/>\n<meta property=\"article:publisher\" content=\"https:\/\/www.facebook.com\/celtTV\/\" \/>\n<meta property=\"article:published_time\" content=\"2019-06-06T02:16:09+00:00\" \/>\n<meta property=\"og:image\" content=\"https:\/\/www.celttv.com.ar\/wp-content\/uploads\/2019\/06\/resized_IMG_4100-Small.jpg\" \/>\n\t<meta property=\"og:image:width\" content=\"720\" \/>\n\t<meta property=\"og:image:height\" content=\"480\" \/>\n\t<meta property=\"og:image:type\" content=\"image\/jpeg\" \/>\n<meta name=\"author\" content=\"ulises\" \/>\n<meta name=\"twitter:card\" content=\"summary_large_image\" \/>\n<meta name=\"twitter:label1\" content=\"Escrito por\" \/>\n\t<meta name=\"twitter:data1\" content=\"ulises\" \/>\n\t<meta name=\"twitter:label2\" content=\"Tiempo de lectura\" \/>\n\t<meta name=\"twitter:data2\" content=\"4 minutos\" \/>\n<script type=\"application\/ld+json\" class=\"yoast-schema-graph\">{\"@context\":\"https:\/\/schema.org\",\"@graph\":[{\"@type\":\"NewsArticle\",\"@id\":\"https:\/\/www.celttv.com.ar\/index.php\/2019\/06\/06\/41987\/#article\",\"isPartOf\":{\"@id\":\"https:\/\/www.celttv.com.ar\/index.php\/2019\/06\/06\/41987\/\"},\"author\":{\"name\":\"ulises\",\"@id\":\"https:\/\/www.celttv.com.ar\/#\/schema\/person\/6d99c072dba59953809c81446e9d0ace\"},\"headline\":\"La Escuela Secundaria N\u00b03 expuso su compromiso con el Medio Ambiente (fotos y videosentrevistas)\",\"datePublished\":\"2019-06-06T02:16:09+00:00\",\"dateModified\":\"2019-06-06T02:16:09+00:00\",\"mainEntityOfPage\":{\"@id\":\"https:\/\/www.celttv.com.ar\/index.php\/2019\/06\/06\/41987\/\"},\"wordCount\":757,\"publisher\":{\"@id\":\"https:\/\/www.celttv.com.ar\/#organization\"},\"articleSection\":[\"Comunidad\",\"Destacadas\"],\"inLanguage\":\"es\"},{\"@type\":\"WebPage\",\"@id\":\"https:\/\/www.celttv.com.ar\/index.php\/2019\/06\/06\/41987\/\",\"url\":\"https:\/\/www.celttv.com.ar\/index.php\/2019\/06\/06\/41987\/\",\"name\":\"La Escuela Secundaria N\u00b03 expuso su compromiso con el Medio Ambiente (fotos y videosentrevistas) - CELTTV\",\"isPartOf\":{\"@id\":\"https:\/\/www.celttv.com.ar\/#website\"},\"datePublished\":\"2019-06-06T02:16:09+00:00\",\"dateModified\":\"2019-06-06T02:16:09+00:00\",\"description\":\"Sitio web de noticias de la localidad de Tornquist, provincia de Buenos Aires, Rep\u00fablica Argentina. Contenido propio originado por periodistas de CELTTV, el canal de TV local de la Cooperativa El\u00e9ctrica de Tornquist. Turismo, Pol\u00edtica, Sociedad, Deporte, Cultura y todo el contenido de inter\u00e9s general que la gente del pueblo y la regi\u00f3n debe conocer.\",\"breadcrumb\":{\"@id\":\"https:\/\/www.celttv.com.ar\/index.php\/2019\/06\/06\/41987\/#breadcrumb\"},\"inLanguage\":\"es\",\"potentialAction\":[{\"@type\":\"ReadAction\",\"target\":[\"https:\/\/www.celttv.com.ar\/index.php\/2019\/06\/06\/41987\/\"]}]},{\"@type\":\"BreadcrumbList\",\"@id\":\"https:\/\/www.celttv.com.ar\/index.php\/2019\/06\/06\/41987\/#breadcrumb\",\"itemListElement\":[{\"@type\":\"ListItem\",\"position\":1,\"name\":\"Inicio\",\"item\":\"https:\/\/www.celttv.com.ar\/\"},{\"@type\":\"ListItem\",\"position\":2,\"name\":\"La Escuela Secundaria N\u00b03 expuso su compromiso con el Medio Ambiente (fotos y videosentrevistas)\"}]},{\"@type\":\"WebSite\",\"@id\":\"https:\/\/www.celttv.com.ar\/#website\",\"url\":\"https:\/\/www.celttv.com.ar\/\",\"name\":\"CELTTV\",\"description\":\"Cooperativa El\u00e9ctrica de Tornquist\",\"publisher\":{\"@id\":\"https:\/\/www.celttv.com.ar\/#organization\"},\"potentialAction\":[{\"@type\":\"SearchAction\",\"target\":{\"@type\":\"EntryPoint\",\"urlTemplate\":\"https:\/\/www.celttv.com.ar\/?s={search_term_string}\"},\"query-input\":\"required name=search_term_string\"}],\"inLanguage\":\"es\"},{\"@type\":\"Organization\",\"@id\":\"https:\/\/www.celttv.com.ar\/#organization\",\"name\":\"CELTTV\",\"url\":\"https:\/\/www.celttv.com.ar\/\",\"sameAs\":[\"https:\/\/www.youtube.com\/channel\/UCz_oIt8Hig64Ub-EmcNPIhg\",\"https:\/\/www.facebook.com\/celtTV\/\"],\"logo\":{\"@type\":\"ImageObject\",\"inLanguage\":\"es\",\"@id\":\"https:\/\/www.celttv.com.ar\/#\/schema\/logo\/image\/\",\"url\":\"http:\/\/www.celttv.com.ar\/wp-content\/uploads\/2022\/08\/logo-1.png\",\"contentUrl\":\"http:\/\/www.celttv.com.ar\/wp-content\/uploads\/2022\/08\/logo-1.png\",\"width\":461,\"height\":159,\"caption\":\"CELTTV\"},\"image\":{\"@id\":\"https:\/\/www.celttv.com.ar\/#\/schema\/logo\/image\/\"}},{\"@type\":\"Person\",\"@id\":\"https:\/\/www.celttv.com.ar\/#\/schema\/person\/6d99c072dba59953809c81446e9d0ace\",\"name\":\"ulises\",\"image\":{\"@type\":\"ImageObject\",\"inLanguage\":\"es\",\"@id\":\"https:\/\/www.celttv.com.ar\/#\/schema\/person\/image\/\",\"url\":\"https:\/\/secure.gravatar.com\/avatar\/7f2c48bdc33b30088f941fb6082e555f2874c98e20cb159d7b92b50eadfce793?s=96&d=mm&r=g\",\"contentUrl\":\"https:\/\/secure.gravatar.com\/avatar\/7f2c48bdc33b30088f941fb6082e555f2874c98e20cb159d7b92b50eadfce793?s=96&d=mm&r=g\",\"caption\":\"ulises\"},\"sameAs\":[\"http:\/\/www.celttv.com.ar\"]}]}<\/script>\n<!-- \/ Yoast SEO plugin. -->","yoast_head_json":{"title":"La Escuela Secundaria N\u00b03 expuso su compromiso con el Medio Ambiente (fotos y videosentrevistas) - CELTTV","description":"Sitio web de noticias de la localidad de Tornquist, provincia de Buenos Aires, Rep\u00fablica Argentina. Contenido propio originado por periodistas de CELTTV, el canal de TV local de la Cooperativa El\u00e9ctrica de Tornquist. Turismo, Pol\u00edtica, Sociedad, Deporte, Cultura y todo el contenido de inter\u00e9s general que la gente del pueblo y la regi\u00f3n debe conocer.","robots":{"index":"index","follow":"follow","max-snippet":"max-snippet:-1","max-image-preview":"max-image-preview:large","max-video-preview":"max-video-preview:-1"},"canonical":"https:\/\/www.celttv.com.ar\/index.php\/2019\/06\/06\/41987\/","og_locale":"es_ES","og_type":"article","og_title":"La Escuela Secundaria N\u00b03 expuso su compromiso con el Medio Ambiente (fotos y videosentrevistas) - CELTTV","og_description":"Sitio web de noticias de la localidad de Tornquist, provincia de Buenos Aires, Rep\u00fablica Argentina. Contenido propio originado por periodistas de CELTTV, el canal de TV local de la Cooperativa El\u00e9ctrica de Tornquist. Turismo, Pol\u00edtica, Sociedad, Deporte, Cultura y todo el contenido de inter\u00e9s general que la gente del pueblo y la regi\u00f3n debe conocer.","og_url":"https:\/\/www.celttv.com.ar\/index.php\/2019\/06\/06\/41987\/","og_site_name":"CELTTV","article_publisher":"https:\/\/www.facebook.com\/celtTV\/","article_published_time":"2019-06-06T02:16:09+00:00","og_image":[{"width":720,"height":480,"url":"https:\/\/www.celttv.com.ar\/wp-content\/uploads\/2019\/06\/resized_IMG_4100-Small.jpg","type":"image\/jpeg"}],"author":"ulises","twitter_card":"summary_large_image","twitter_misc":{"Escrito por":"ulises","Tiempo de lectura":"4 minutos"},"schema":{"@context":"https:\/\/schema.org","@graph":[{"@type":"NewsArticle","@id":"https:\/\/www.celttv.com.ar\/index.php\/2019\/06\/06\/41987\/#article","isPartOf":{"@id":"https:\/\/www.celttv.com.ar\/index.php\/2019\/06\/06\/41987\/"},"author":{"name":"ulises","@id":"https:\/\/www.celttv.com.ar\/#\/schema\/person\/6d99c072dba59953809c81446e9d0ace"},"headline":"La Escuela Secundaria N\u00b03 expuso su compromiso con el Medio Ambiente (fotos y videosentrevistas)","datePublished":"2019-06-06T02:16:09+00:00","dateModified":"2019-06-06T02:16:09+00:00","mainEntityOfPage":{"@id":"https:\/\/www.celttv.com.ar\/index.php\/2019\/06\/06\/41987\/"},"wordCount":757,"publisher":{"@id":"https:\/\/www.celttv.com.ar\/#organization"},"articleSection":["Comunidad","Destacadas"],"inLanguage":"es"},{"@type":"WebPage","@id":"https:\/\/www.celttv.com.ar\/index.php\/2019\/06\/06\/41987\/","url":"https:\/\/www.celttv.com.ar\/index.php\/2019\/06\/06\/41987\/","name":"La Escuela Secundaria N\u00b03 expuso su compromiso con el Medio Ambiente (fotos y videosentrevistas) - CELTTV","isPartOf":{"@id":"https:\/\/www.celttv.com.ar\/#website"},"datePublished":"2019-06-06T02:16:09+00:00","dateModified":"2019-06-06T02:16:09+00:00","description":"Sitio web de noticias de la localidad de Tornquist, provincia de Buenos Aires, Rep\u00fablica Argentina. Contenido propio originado por periodistas de CELTTV, el canal de TV local de la Cooperativa El\u00e9ctrica de Tornquist. Turismo, Pol\u00edtica, Sociedad, Deporte, Cultura y todo el contenido de inter\u00e9s general que la gente del pueblo y la regi\u00f3n debe conocer.","breadcrumb":{"@id":"https:\/\/www.celttv.com.ar\/index.php\/2019\/06\/06\/41987\/#breadcrumb"},"inLanguage":"es","potentialAction":[{"@type":"ReadAction","target":["https:\/\/www.celttv.com.ar\/index.php\/2019\/06\/06\/41987\/"]}]},{"@type":"BreadcrumbList","@id":"https:\/\/www.celttv.com.ar\/index.php\/2019\/06\/06\/41987\/#breadcrumb","itemListElement":[{"@type":"ListItem","position":1,"name":"Inicio","item":"https:\/\/www.celttv.com.ar\/"},{"@type":"ListItem","position":2,"name":"La Escuela Secundaria N\u00b03 expuso su compromiso con el Medio Ambiente (fotos y videosentrevistas)"}]},{"@type":"WebSite","@id":"https:\/\/www.celttv.com.ar\/#website","url":"https:\/\/www.celttv.com.ar\/","name":"CELTTV","description":"Cooperativa El\u00e9ctrica de Tornquist","publisher":{"@id":"https:\/\/www.celttv.com.ar\/#organization"},"potentialAction":[{"@type":"SearchAction","target":{"@type":"EntryPoint","urlTemplate":"https:\/\/www.celttv.com.ar\/?s={search_term_string}"},"query-input":"required name=search_term_string"}],"inLanguage":"es"},{"@type":"Organization","@id":"https:\/\/www.celttv.com.ar\/#organization","name":"CELTTV","url":"https:\/\/www.celttv.com.ar\/","sameAs":["https:\/\/www.youtube.com\/channel\/UCz_oIt8Hig64Ub-EmcNPIhg","https:\/\/www.facebook.com\/celtTV\/"],"logo":{"@type":"ImageObject","inLanguage":"es","@id":"https:\/\/www.celttv.com.ar\/#\/schema\/logo\/image\/","url":"http:\/\/www.celttv.com.ar\/wp-content\/uploads\/2022\/08\/logo-1.png","contentUrl":"http:\/\/www.celttv.com.ar\/wp-content\/uploads\/2022\/08\/logo-1.png","width":461,"height":159,"caption":"CELTTV"},"image":{"@id":"https:\/\/www.celttv.com.ar\/#\/schema\/logo\/image\/"}},{"@type":"Person","@id":"https:\/\/www.celttv.com.ar\/#\/schema\/person\/6d99c072dba59953809c81446e9d0ace","name":"ulises","image":{"@type":"ImageObject","inLanguage":"es","@id":"https:\/\/www.celttv.com.ar\/#\/schema\/person\/image\/","url":"https:\/\/secure.gravatar.com\/avatar\/7f2c48bdc33b30088f941fb6082e555f2874c98e20cb159d7b92b50eadfce793?s=96&d=mm&r=g","contentUrl":"https:\/\/secure.gravatar.com\/avatar\/7f2c48bdc33b30088f941fb6082e555f2874c98e20cb159d7b92b50eadfce793?s=96&d=mm&r=g","caption":"ulises"},"sameAs":["http:\/\/www.celttv.com.ar"]}]}},"_links":{"self":[{"href":"https:\/\/www.celttv.com.ar\/index.php\/wp-json\/wp\/v2\/posts\/41987","targetHints":{"allow":["GET"]}}],"collection":[{"href":"https:\/\/www.celttv.com.ar\/index.php\/wp-json\/wp\/v2\/posts"}],"about":[{"href":"https:\/\/www.celttv.com.ar\/index.php\/wp-json\/wp\/v2\/types\/post"}],"author":[{"embeddable":true,"href":"https:\/\/www.celttv.com.ar\/index.php\/wp-json\/wp\/v2\/users\/1"}],"replies":[{"embeddable":true,"href":"https:\/\/www.celttv.com.ar\/index.php\/wp-json\/wp\/v2\/comments?post=41987"}],"version-history":[{"count":0,"href":"https:\/\/www.celttv.com.ar\/index.php\/wp-json\/wp\/v2\/posts\/41987\/revisions"}],"wp:featuredmedia":[{"embeddable":true,"href":"https:\/\/www.celttv.com.ar\/index.php\/wp-json\/wp\/v2\/media\/42000"}],"wp:attachment":[{"href":"https:\/\/www.celttv.com.ar\/index.php\/wp-json\/wp\/v2\/media?parent=41987"}],"wp:term":[{"taxonomy":"category","embeddable":true,"href":"https:\/\/www.celttv.com.ar\/index.php\/wp-json\/wp\/v2\/categories?post=41987"},{"taxonomy":"post_tag","embeddable":true,"href":"https:\/\/www.celttv.com.ar\/index.php\/wp-json\/wp\/v2\/tags?post=41987"}],"curies":[{"name":"wp","href":"https:\/\/api.w.org\/{rel}","templated":true}]}}