{"id":42060,"date":"2019-06-11T00:15:23","date_gmt":"2019-06-11T00:15:23","guid":{"rendered":"http:\/\/www.celttv.com.ar\/?p=42060"},"modified":"2019-06-11T00:15:23","modified_gmt":"2019-06-11T00:15:23","slug":"inauguraron-un-nuevo-sendero-turistico-en-el-parque-provincial-e-tornquist","status":"publish","type":"post","link":"https:\/\/www.celttv.com.ar\/index.php\/2019\/06\/11\/inauguraron-un-nuevo-sendero-turistico-en-el-parque-provincial-e-tornquist\/","title":{"rendered":"Inauguraron un nuevo sendero tur\u00edstico en el Parque Provincial E. Tornquist"},"content":{"rendered":"<p style=\"font-weight: 400;\">El pasado viernes 7, qued\u00f3 inaugurado el Sendero Ribera del Belisario, que se encuentra ubicado a la vera del arroyo del mismo nombre en la localidad de Villa Ventana.<\/p>\n<p style=\"font-weight: 400;\">Dicho sendero, que se sit\u00faa en tierras del Parque Provincial E. Tornquist, ser\u00e1 de entrada libre y gratuita, y formar\u00e1 parte de las actividades propuestas por la reserva natural, para todas las familias.<\/p>\n<p style=\"font-weight: 400;\">Es importante destacar que la puesta en valor de dicho espacio fue lograda gracias al trabajo mancomunado de la C\u00e1mara de Comercio y Turismo de Villa Ventana, el CEPT N\u00b012, el Parque Provincial E. Tornquist y la Secretaria de Turismo municipal.<\/p>\n<p style=\"font-weight: 400;\">El acto inaugural fue presidido por el intendente municipal Sergio Bordoni, quien agradeci\u00f3 a todos los que formaron parte de este desarrollo, para conseguir poner en valor el sendero. Adem\u00e1s resalt\u00f3 la importancia de trabajar en equipo, en pos del desarrollo de nuestras localidades, potenciando y fortaleciendo nuestros atractivos tur\u00edsticos.<\/p>\n<p>&nbsp;<\/p>\n<div id='gallery_1' class='gallery galleryid-42060 gallery-columns-3 gallery-size-medium'><figure class='gallery-item'>\n            <div class='gallery-icon landscape'>\n                <a href='https:\/\/www.celttv.com.ar\/wp-content\/uploads\/2019\/06\/BELISARIO.jpeg'><img loading=\"lazy\" decoding=\"async\" width=\"300\" height=\"199\" src=\"\" class=\"attachment-medium size-medium lazyload\" alt=\"\" data-src=\"https:\/\/www.celttv.com.ar\/wp-content\/uploads\/2019\/06\/BELISARIO-300x199.jpeg\" data-sizes=\"auto\" data-srcset=\"https:\/\/www.celttv.com.ar\/wp-content\/uploads\/2019\/06\/BELISARIO-300x199.jpeg 300w, https:\/\/www.celttv.com.ar\/wp-content\/uploads\/2019\/06\/BELISARIO-768x510.jpeg 768w, https:\/\/www.celttv.com.ar\/wp-content\/uploads\/2019\/06\/BELISARIO-750x498.jpeg 750w, https:\/\/www.celttv.com.ar\/wp-content\/uploads\/2019\/06\/BELISARIO.jpeg 1024w\" data-expand=\"700\" \/><\/a>\n            <\/div><\/figure><figure class='gallery-item'>\n            <div class='gallery-icon landscape'>\n                <a href='https:\/\/www.celttv.com.ar\/wp-content\/uploads\/2019\/06\/WhatsApp-Image-2019-06-07-at-19.42.57-1024x680-1.jpeg'><img loading=\"lazy\" decoding=\"async\" width=\"300\" height=\"199\" src=\"\" class=\"attachment-medium size-medium lazyload\" alt=\"\" data-src=\"https:\/\/www.celttv.com.ar\/wp-content\/uploads\/2019\/06\/WhatsApp-Image-2019-06-07-at-19.42.57-1024x680-1-300x199.jpeg\" data-sizes=\"auto\" data-srcset=\"https:\/\/www.celttv.com.ar\/wp-content\/uploads\/2019\/06\/WhatsApp-Image-2019-06-07-at-19.42.57-1024x680-1-300x199.jpeg 300w, https:\/\/www.celttv.com.ar\/wp-content\/uploads\/2019\/06\/WhatsApp-Image-2019-06-07-at-19.42.57-1024x680-1-768x510.jpeg 768w, https:\/\/www.celttv.com.ar\/wp-content\/uploads\/2019\/06\/WhatsApp-Image-2019-06-07-at-19.42.57-1024x680-1-750x498.jpeg 750w, https:\/\/www.celttv.com.ar\/wp-content\/uploads\/2019\/06\/WhatsApp-Image-2019-06-07-at-19.42.57-1024x680-1.jpeg 1024w\" data-expand=\"700\" \/><\/a>\n            <\/div><\/figure><figure class='gallery-item'>\n            <div class='gallery-icon landscape'>\n                <a href='https:\/\/www.celttv.com.ar\/wp-content\/uploads\/2019\/06\/WhatsApp-Image-2019-06-07-at-19.43.02-1024x680-1.jpeg'><img loading=\"lazy\" decoding=\"async\" width=\"300\" height=\"199\" src=\"\" class=\"attachment-medium size-medium lazyload\" alt=\"\" data-src=\"https:\/\/www.celttv.com.ar\/wp-content\/uploads\/2019\/06\/WhatsApp-Image-2019-06-07-at-19.43.02-1024x680-1-300x199.jpeg\" data-sizes=\"auto\" data-srcset=\"https:\/\/www.celttv.com.ar\/wp-content\/uploads\/2019\/06\/WhatsApp-Image-2019-06-07-at-19.43.02-1024x680-1-300x199.jpeg 300w, https:\/\/www.celttv.com.ar\/wp-content\/uploads\/2019\/06\/WhatsApp-Image-2019-06-07-at-19.43.02-1024x680-1-768x510.jpeg 768w, https:\/\/www.celttv.com.ar\/wp-content\/uploads\/2019\/06\/WhatsApp-Image-2019-06-07-at-19.43.02-1024x680-1-750x498.jpeg 750w, https:\/\/www.celttv.com.ar\/wp-content\/uploads\/2019\/06\/WhatsApp-Image-2019-06-07-at-19.43.02-1024x680-1.jpeg 1024w\" data-expand=\"700\" \/><\/a>\n            <\/div><\/figure><br style=\"clear: both\" \/><figure class='gallery-item'>\n            <div class='gallery-icon landscape'>\n                <a href='https:\/\/www.celttv.com.ar\/wp-content\/uploads\/2019\/06\/WhatsApp-Image-2019-06-07-at-19.43.07-1024x680-1.jpeg'><img loading=\"lazy\" decoding=\"async\" width=\"300\" height=\"199\" src=\"\" class=\"attachment-medium size-medium lazyload\" alt=\"\" data-src=\"https:\/\/www.celttv.com.ar\/wp-content\/uploads\/2019\/06\/WhatsApp-Image-2019-06-07-at-19.43.07-1024x680-1-300x199.jpeg\" data-sizes=\"auto\" data-srcset=\"https:\/\/www.celttv.com.ar\/wp-content\/uploads\/2019\/06\/WhatsApp-Image-2019-06-07-at-19.43.07-1024x680-1-300x199.jpeg 300w, https:\/\/www.celttv.com.ar\/wp-content\/uploads\/2019\/06\/WhatsApp-Image-2019-06-07-at-19.43.07-1024x680-1-768x510.jpeg 768w, https:\/\/www.celttv.com.ar\/wp-content\/uploads\/2019\/06\/WhatsApp-Image-2019-06-07-at-19.43.07-1024x680-1-750x498.jpeg 750w, https:\/\/www.celttv.com.ar\/wp-content\/uploads\/2019\/06\/WhatsApp-Image-2019-06-07-at-19.43.07-1024x680-1.jpeg 1024w\" data-expand=\"700\" \/><\/a>\n            <\/div><\/figure><figure class='gallery-item'>\n            <div class='gallery-icon landscape'>\n                <a href='https:\/\/www.celttv.com.ar\/wp-content\/uploads\/2019\/06\/WhatsApp-Image-2019-06-07-at-19.43.09-1024x680-1.jpeg'><img loading=\"lazy\" decoding=\"async\" width=\"300\" height=\"199\" src=\"\" class=\"attachment-medium size-medium lazyload\" alt=\"\" data-src=\"https:\/\/www.celttv.com.ar\/wp-content\/uploads\/2019\/06\/WhatsApp-Image-2019-06-07-at-19.43.09-1024x680-1-300x199.jpeg\" data-sizes=\"auto\" data-srcset=\"https:\/\/www.celttv.com.ar\/wp-content\/uploads\/2019\/06\/WhatsApp-Image-2019-06-07-at-19.43.09-1024x680-1-300x199.jpeg 300w, https:\/\/www.celttv.com.ar\/wp-content\/uploads\/2019\/06\/WhatsApp-Image-2019-06-07-at-19.43.09-1024x680-1-768x510.jpeg 768w, https:\/\/www.celttv.com.ar\/wp-content\/uploads\/2019\/06\/WhatsApp-Image-2019-06-07-at-19.43.09-1024x680-1-750x498.jpeg 750w, https:\/\/www.celttv.com.ar\/wp-content\/uploads\/2019\/06\/WhatsApp-Image-2019-06-07-at-19.43.09-1024x680-1.jpeg 1024w\" data-expand=\"700\" \/><\/a>\n            <\/div><\/figure><figure class='gallery-item'>\n            <div class='gallery-icon landscape'>\n                <a href='https:\/\/www.celttv.com.ar\/wp-content\/uploads\/2019\/06\/WhatsApp-Image-2019-06-07-at-19.43.10-720x380-1.jpeg'><img loading=\"lazy\" decoding=\"async\" width=\"300\" height=\"158\" src=\"\" class=\"attachment-medium size-medium lazyload\" alt=\"\" data-src=\"https:\/\/www.celttv.com.ar\/wp-content\/uploads\/2019\/06\/WhatsApp-Image-2019-06-07-at-19.43.10-720x380-1-300x158.jpeg\" data-sizes=\"auto\" data-srcset=\"https:\/\/www.celttv.com.ar\/wp-content\/uploads\/2019\/06\/WhatsApp-Image-2019-06-07-at-19.43.10-720x380-1-300x158.jpeg 300w, https:\/\/www.celttv.com.ar\/wp-content\/uploads\/2019\/06\/WhatsApp-Image-2019-06-07-at-19.43.10-720x380-1.jpeg 720w\" data-expand=\"700\" \/><\/a>\n            <\/div><\/figure><br style=\"clear: both\" \/><figure class='gallery-item'>\n            <div class='gallery-icon landscape'>\n                <a href='https:\/\/www.celttv.com.ar\/wp-content\/uploads\/2019\/06\/WhatsApp-Image-2019-06-07-at-19.43.16-1024x680-1.jpeg'><img loading=\"lazy\" decoding=\"async\" width=\"300\" height=\"199\" src=\"\" class=\"attachment-medium size-medium lazyload\" alt=\"\" data-src=\"https:\/\/www.celttv.com.ar\/wp-content\/uploads\/2019\/06\/WhatsApp-Image-2019-06-07-at-19.43.16-1024x680-1-300x199.jpeg\" data-sizes=\"auto\" data-srcset=\"https:\/\/www.celttv.com.ar\/wp-content\/uploads\/2019\/06\/WhatsApp-Image-2019-06-07-at-19.43.16-1024x680-1-300x199.jpeg 300w, https:\/\/www.celttv.com.ar\/wp-content\/uploads\/2019\/06\/WhatsApp-Image-2019-06-07-at-19.43.16-1024x680-1-768x510.jpeg 768w, https:\/\/www.celttv.com.ar\/wp-content\/uploads\/2019\/06\/WhatsApp-Image-2019-06-07-at-19.43.16-1024x680-1-750x498.jpeg 750w, https:\/\/www.celttv.com.ar\/wp-content\/uploads\/2019\/06\/WhatsApp-Image-2019-06-07-at-19.43.16-1024x680-1.jpeg 1024w\" data-expand=\"700\" \/><\/a>\n            <\/div><\/figure><figure class='gallery-item'>\n            <div class='gallery-icon landscape'>\n                <a href='https:\/\/www.celttv.com.ar\/wp-content\/uploads\/2019\/06\/WhatsApp-Image-2019-06-07-at-19.43.19-1024x680-1.jpeg'><img loading=\"lazy\" decoding=\"async\" width=\"300\" height=\"199\" src=\"\" class=\"attachment-medium size-medium lazyload\" alt=\"\" data-src=\"https:\/\/www.celttv.com.ar\/wp-content\/uploads\/2019\/06\/WhatsApp-Image-2019-06-07-at-19.43.19-1024x680-1-300x199.jpeg\" data-sizes=\"auto\" data-srcset=\"https:\/\/www.celttv.com.ar\/wp-content\/uploads\/2019\/06\/WhatsApp-Image-2019-06-07-at-19.43.19-1024x680-1-300x199.jpeg 300w, https:\/\/www.celttv.com.ar\/wp-content\/uploads\/2019\/06\/WhatsApp-Image-2019-06-07-at-19.43.19-1024x680-1-768x510.jpeg 768w, https:\/\/www.celttv.com.ar\/wp-content\/uploads\/2019\/06\/WhatsApp-Image-2019-06-07-at-19.43.19-1024x680-1-750x498.jpeg 750w, https:\/\/www.celttv.com.ar\/wp-content\/uploads\/2019\/06\/WhatsApp-Image-2019-06-07-at-19.43.19-1024x680-1.jpeg 1024w\" data-expand=\"700\" \/><\/a>\n            <\/div><\/figure><figure class='gallery-item'>\n            <div class='gallery-icon landscape'>\n                <a href='https:\/\/www.celttv.com.ar\/wp-content\/uploads\/2019\/06\/WhatsApp-Image-2019-06-07-at-19.43.24-1024x680-1.jpeg'><img loading=\"lazy\" decoding=\"async\" width=\"300\" height=\"199\" src=\"\" class=\"attachment-medium size-medium lazyload\" alt=\"\" data-src=\"https:\/\/www.celttv.com.ar\/wp-content\/uploads\/2019\/06\/WhatsApp-Image-2019-06-07-at-19.43.24-1024x680-1-300x199.jpeg\" data-sizes=\"auto\" data-srcset=\"https:\/\/www.celttv.com.ar\/wp-content\/uploads\/2019\/06\/WhatsApp-Image-2019-06-07-at-19.43.24-1024x680-1-300x199.jpeg 300w, https:\/\/www.celttv.com.ar\/wp-content\/uploads\/2019\/06\/WhatsApp-Image-2019-06-07-at-19.43.24-1024x680-1-768x510.jpeg 768w, https:\/\/www.celttv.com.ar\/wp-content\/uploads\/2019\/06\/WhatsApp-Image-2019-06-07-at-19.43.24-1024x680-1-750x498.jpeg 750w, https:\/\/www.celttv.com.ar\/wp-content\/uploads\/2019\/06\/WhatsApp-Image-2019-06-07-at-19.43.24-1024x680-1.jpeg 1024w\" data-expand=\"700\" \/><\/a>\n            <\/div><\/figure><br style=\"clear: both\" \/><figure class='gallery-item'>\n            <div class='gallery-icon landscape'>\n                <a href='https:\/\/www.celttv.com.ar\/wp-content\/uploads\/2019\/06\/WhatsApp-Image-2019-06-07-at-19.43.25-1024x680-1.jpeg'><img loading=\"lazy\" decoding=\"async\" width=\"300\" height=\"199\" src=\"\" class=\"attachment-medium size-medium lazyload\" alt=\"\" data-src=\"https:\/\/www.celttv.com.ar\/wp-content\/uploads\/2019\/06\/WhatsApp-Image-2019-06-07-at-19.43.25-1024x680-1-300x199.jpeg\" data-sizes=\"auto\" data-srcset=\"https:\/\/www.celttv.com.ar\/wp-content\/uploads\/2019\/06\/WhatsApp-Image-2019-06-07-at-19.43.25-1024x680-1-300x199.jpeg 300w, https:\/\/www.celttv.com.ar\/wp-content\/uploads\/2019\/06\/WhatsApp-Image-2019-06-07-at-19.43.25-1024x680-1-768x510.jpeg 768w, https:\/\/www.celttv.com.ar\/wp-content\/uploads\/2019\/06\/WhatsApp-Image-2019-06-07-at-19.43.25-1024x680-1-750x498.jpeg 750w, https:\/\/www.celttv.com.ar\/wp-content\/uploads\/2019\/06\/WhatsApp-Image-2019-06-07-at-19.43.25-1024x680-1.jpeg 1024w\" data-expand=\"700\" \/><\/a>\n            <\/div><\/figure><figure class='gallery-item'>\n            <div class='gallery-icon landscape'>\n                <a href='https:\/\/www.celttv.com.ar\/wp-content\/uploads\/2019\/06\/WhatsApp-Image-2019-06-07-at-19.43.30-1024x680-1.jpeg'><img loading=\"lazy\" decoding=\"async\" width=\"300\" height=\"199\" src=\"\" class=\"attachment-medium size-medium lazyload\" alt=\"\" data-src=\"https:\/\/www.celttv.com.ar\/wp-content\/uploads\/2019\/06\/WhatsApp-Image-2019-06-07-at-19.43.30-1024x680-1-300x199.jpeg\" data-sizes=\"auto\" data-srcset=\"https:\/\/www.celttv.com.ar\/wp-content\/uploads\/2019\/06\/WhatsApp-Image-2019-06-07-at-19.43.30-1024x680-1-300x199.jpeg 300w, https:\/\/www.celttv.com.ar\/wp-content\/uploads\/2019\/06\/WhatsApp-Image-2019-06-07-at-19.43.30-1024x680-1-768x510.jpeg 768w, https:\/\/www.celttv.com.ar\/wp-content\/uploads\/2019\/06\/WhatsApp-Image-2019-06-07-at-19.43.30-1024x680-1-750x498.jpeg 750w, https:\/\/www.celttv.com.ar\/wp-content\/uploads\/2019\/06\/WhatsApp-Image-2019-06-07-at-19.43.30-1024x680-1.jpeg 1024w\" data-expand=\"700\" \/><\/a>\n            <\/div><\/figure><figure class='gallery-item'>\n            <div class='gallery-icon landscape'>\n                <a href='https:\/\/www.celttv.com.ar\/wp-content\/uploads\/2019\/06\/WhatsApp-Image-2019-06-07-at-19.43.31-1024x680-1.jpeg'><img loading=\"lazy\" decoding=\"async\" width=\"300\" height=\"199\" src=\"\" class=\"attachment-medium size-medium lazyload\" alt=\"\" data-src=\"https:\/\/www.celttv.com.ar\/wp-content\/uploads\/2019\/06\/WhatsApp-Image-2019-06-07-at-19.43.31-1024x680-1-300x199.jpeg\" data-sizes=\"auto\" data-srcset=\"https:\/\/www.celttv.com.ar\/wp-content\/uploads\/2019\/06\/WhatsApp-Image-2019-06-07-at-19.43.31-1024x680-1-300x199.jpeg 300w, https:\/\/www.celttv.com.ar\/wp-content\/uploads\/2019\/06\/WhatsApp-Image-2019-06-07-at-19.43.31-1024x680-1-768x510.jpeg 768w, https:\/\/www.celttv.com.ar\/wp-content\/uploads\/2019\/06\/WhatsApp-Image-2019-06-07-at-19.43.31-1024x680-1-750x498.jpeg 750w, https:\/\/www.celttv.com.ar\/wp-content\/uploads\/2019\/06\/WhatsApp-Image-2019-06-07-at-19.43.31-1024x680-1.jpeg 1024w\" data-expand=\"700\" \/><\/a>\n            <\/div><\/figure><br style=\"clear: both\" \/><figure class='gallery-item'>\n            <div class='gallery-icon landscape'>\n                <a href='https:\/\/www.celttv.com.ar\/wp-content\/uploads\/2019\/06\/WhatsApp-Image-2019-06-07-at-19.43.38-1024x680-1.jpeg'><img loading=\"lazy\" decoding=\"async\" width=\"300\" height=\"199\" src=\"\" class=\"attachment-medium size-medium lazyload\" alt=\"\" data-src=\"https:\/\/www.celttv.com.ar\/wp-content\/uploads\/2019\/06\/WhatsApp-Image-2019-06-07-at-19.43.38-1024x680-1-300x199.jpeg\" data-sizes=\"auto\" data-srcset=\"https:\/\/www.celttv.com.ar\/wp-content\/uploads\/2019\/06\/WhatsApp-Image-2019-06-07-at-19.43.38-1024x680-1-300x199.jpeg 300w, https:\/\/www.celttv.com.ar\/wp-content\/uploads\/2019\/06\/WhatsApp-Image-2019-06-07-at-19.43.38-1024x680-1-768x510.jpeg 768w, https:\/\/www.celttv.com.ar\/wp-content\/uploads\/2019\/06\/WhatsApp-Image-2019-06-07-at-19.43.38-1024x680-1-750x498.jpeg 750w, https:\/\/www.celttv.com.ar\/wp-content\/uploads\/2019\/06\/WhatsApp-Image-2019-06-07-at-19.43.38-1024x680-1.jpeg 1024w\" data-expand=\"700\" \/><\/a>\n            <\/div><\/figure>\n            <br style='clear: both' \/>\n        <\/div>\n\n<p style=\"font-weight: 400;\">\n","protected":false},"excerpt":{"rendered":"<p>El pasado viernes 7, qued\u00f3 inaugurado el Sendero Ribera del Belisario, que se encuentra ubicado a la vera del arroyo del mismo nombre en la localidad de Villa Ventana. Dicho sendero, que se sit\u00faa en tierras del Parque Provincial E. Tornquist, ser\u00e1 de entrada libre y gratuita, y formar\u00e1 parte de las actividades propuestas por [&hellip;]<\/p>\n","protected":false},"author":1,"featured_media":42065,"comment_status":"closed","ping_status":"open","sticky":false,"template":"","format":"standard","meta":{"footnotes":""},"categories":[52,58],"tags":[],"class_list":["post-42060","post","type-post","status-publish","format-standard","has-post-thumbnail","hentry","category-destacadas","category-turismo"],"yoast_head":"<!-- This site is optimized with the Yoast SEO plugin v19.7.1 - https:\/\/yoast.com\/wordpress\/plugins\/seo\/ -->\n<title>Inauguraron un nuevo sendero tur\u00edstico en el Parque Provincial E. Tornquist - CELTTV<\/title>\n<meta name=\"description\" content=\"Sitio web de noticias de la localidad de Tornquist, provincia de Buenos Aires, Rep\u00fablica Argentina. Contenido propio originado por periodistas de CELTTV, el canal de TV local de la Cooperativa El\u00e9ctrica de Tornquist. Turismo, Pol\u00edtica, Sociedad, Deporte, Cultura y todo el contenido de inter\u00e9s general que la gente del pueblo y la regi\u00f3n debe conocer.\" \/>\n<meta name=\"robots\" content=\"index, follow, max-snippet:-1, max-image-preview:large, max-video-preview:-1\" \/>\n<link rel=\"canonical\" href=\"https:\/\/www.celttv.com.ar\/index.php\/2019\/06\/11\/inauguraron-un-nuevo-sendero-turistico-en-el-parque-provincial-e-tornquist\/\" \/>\n<meta property=\"og:locale\" content=\"es_ES\" \/>\n<meta property=\"og:type\" content=\"article\" \/>\n<meta property=\"og:title\" content=\"Inauguraron un nuevo sendero tur\u00edstico en el Parque Provincial E. Tornquist - CELTTV\" \/>\n<meta property=\"og:description\" content=\"Sitio web de noticias de la localidad de Tornquist, provincia de Buenos Aires, Rep\u00fablica Argentina. Contenido propio originado por periodistas de CELTTV, el canal de TV local de la Cooperativa El\u00e9ctrica de Tornquist. Turismo, Pol\u00edtica, Sociedad, Deporte, Cultura y todo el contenido de inter\u00e9s general que la gente del pueblo y la regi\u00f3n debe conocer.\" \/>\n<meta property=\"og:url\" content=\"https:\/\/www.celttv.com.ar\/index.php\/2019\/06\/11\/inauguraron-un-nuevo-sendero-turistico-en-el-parque-provincial-e-tornquist\/\" \/>\n<meta property=\"og:site_name\" content=\"CELTTV\" \/>\n<meta property=\"article:publisher\" content=\"https:\/\/www.facebook.com\/celtTV\/\" \/>\n<meta property=\"article:published_time\" content=\"2019-06-11T00:15:23+00:00\" \/>\n<meta property=\"og:image\" content=\"https:\/\/www.celttv.com.ar\/wp-content\/uploads\/2019\/06\/WhatsApp-Image-2019-06-07-at-19.43.09-1024x680-1.jpeg\" \/>\n\t<meta property=\"og:image:width\" content=\"1024\" \/>\n\t<meta property=\"og:image:height\" content=\"680\" \/>\n\t<meta property=\"og:image:type\" content=\"image\/jpeg\" \/>\n<meta name=\"author\" content=\"ulises\" \/>\n<meta name=\"twitter:card\" content=\"summary_large_image\" \/>\n<meta name=\"twitter:label1\" content=\"Escrito por\" \/>\n\t<meta name=\"twitter:data1\" content=\"ulises\" \/>\n\t<meta name=\"twitter:label2\" content=\"Tiempo de lectura\" \/>\n\t<meta name=\"twitter:data2\" content=\"1 minuto\" \/>\n<script type=\"application\/ld+json\" class=\"yoast-schema-graph\">{\"@context\":\"https:\/\/schema.org\",\"@graph\":[{\"@type\":\"NewsArticle\",\"@id\":\"https:\/\/www.celttv.com.ar\/index.php\/2019\/06\/11\/inauguraron-un-nuevo-sendero-turistico-en-el-parque-provincial-e-tornquist\/#article\",\"isPartOf\":{\"@id\":\"https:\/\/www.celttv.com.ar\/index.php\/2019\/06\/11\/inauguraron-un-nuevo-sendero-turistico-en-el-parque-provincial-e-tornquist\/\"},\"author\":{\"name\":\"ulises\",\"@id\":\"https:\/\/www.celttv.com.ar\/#\/schema\/person\/6d99c072dba59953809c81446e9d0ace\"},\"headline\":\"Inauguraron un nuevo sendero tur\u00edstico en el Parque Provincial E. Tornquist\",\"datePublished\":\"2019-06-11T00:15:23+00:00\",\"dateModified\":\"2019-06-11T00:15:23+00:00\",\"mainEntityOfPage\":{\"@id\":\"https:\/\/www.celttv.com.ar\/index.php\/2019\/06\/11\/inauguraron-un-nuevo-sendero-turistico-en-el-parque-provincial-e-tornquist\/\"},\"wordCount\":173,\"publisher\":{\"@id\":\"https:\/\/www.celttv.com.ar\/#organization\"},\"articleSection\":[\"Destacadas\",\"Turismo\"],\"inLanguage\":\"es\"},{\"@type\":\"WebPage\",\"@id\":\"https:\/\/www.celttv.com.ar\/index.php\/2019\/06\/11\/inauguraron-un-nuevo-sendero-turistico-en-el-parque-provincial-e-tornquist\/\",\"url\":\"https:\/\/www.celttv.com.ar\/index.php\/2019\/06\/11\/inauguraron-un-nuevo-sendero-turistico-en-el-parque-provincial-e-tornquist\/\",\"name\":\"Inauguraron un nuevo sendero tur\u00edstico en el Parque Provincial E. Tornquist - CELTTV\",\"isPartOf\":{\"@id\":\"https:\/\/www.celttv.com.ar\/#website\"},\"datePublished\":\"2019-06-11T00:15:23+00:00\",\"dateModified\":\"2019-06-11T00:15:23+00:00\",\"description\":\"Sitio web de noticias de la localidad de Tornquist, provincia de Buenos Aires, Rep\u00fablica Argentina. Contenido propio originado por periodistas de CELTTV, el canal de TV local de la Cooperativa El\u00e9ctrica de Tornquist. Turismo, Pol\u00edtica, Sociedad, Deporte, Cultura y todo el contenido de inter\u00e9s general que la gente del pueblo y la regi\u00f3n debe conocer.\",\"breadcrumb\":{\"@id\":\"https:\/\/www.celttv.com.ar\/index.php\/2019\/06\/11\/inauguraron-un-nuevo-sendero-turistico-en-el-parque-provincial-e-tornquist\/#breadcrumb\"},\"inLanguage\":\"es\",\"potentialAction\":[{\"@type\":\"ReadAction\",\"target\":[\"https:\/\/www.celttv.com.ar\/index.php\/2019\/06\/11\/inauguraron-un-nuevo-sendero-turistico-en-el-parque-provincial-e-tornquist\/\"]}]},{\"@type\":\"BreadcrumbList\",\"@id\":\"https:\/\/www.celttv.com.ar\/index.php\/2019\/06\/11\/inauguraron-un-nuevo-sendero-turistico-en-el-parque-provincial-e-tornquist\/#breadcrumb\",\"itemListElement\":[{\"@type\":\"ListItem\",\"position\":1,\"name\":\"Inicio\",\"item\":\"https:\/\/www.celttv.com.ar\/\"},{\"@type\":\"ListItem\",\"position\":2,\"name\":\"Inauguraron un nuevo sendero tur\u00edstico en el Parque Provincial E. Tornquist\"}]},{\"@type\":\"WebSite\",\"@id\":\"https:\/\/www.celttv.com.ar\/#website\",\"url\":\"https:\/\/www.celttv.com.ar\/\",\"name\":\"CELTTV\",\"description\":\"Cooperativa El\u00e9ctrica de Tornquist\",\"publisher\":{\"@id\":\"https:\/\/www.celttv.com.ar\/#organization\"},\"potentialAction\":[{\"@type\":\"SearchAction\",\"target\":{\"@type\":\"EntryPoint\",\"urlTemplate\":\"https:\/\/www.celttv.com.ar\/?s={search_term_string}\"},\"query-input\":\"required name=search_term_string\"}],\"inLanguage\":\"es\"},{\"@type\":\"Organization\",\"@id\":\"https:\/\/www.celttv.com.ar\/#organization\",\"name\":\"CELTTV\",\"url\":\"https:\/\/www.celttv.com.ar\/\",\"sameAs\":[\"https:\/\/www.youtube.com\/channel\/UCz_oIt8Hig64Ub-EmcNPIhg\",\"https:\/\/www.facebook.com\/celtTV\/\"],\"logo\":{\"@type\":\"ImageObject\",\"inLanguage\":\"es\",\"@id\":\"https:\/\/www.celttv.com.ar\/#\/schema\/logo\/image\/\",\"url\":\"http:\/\/www.celttv.com.ar\/wp-content\/uploads\/2022\/08\/logo-1.png\",\"contentUrl\":\"http:\/\/www.celttv.com.ar\/wp-content\/uploads\/2022\/08\/logo-1.png\",\"width\":461,\"height\":159,\"caption\":\"CELTTV\"},\"image\":{\"@id\":\"https:\/\/www.celttv.com.ar\/#\/schema\/logo\/image\/\"}},{\"@type\":\"Person\",\"@id\":\"https:\/\/www.celttv.com.ar\/#\/schema\/person\/6d99c072dba59953809c81446e9d0ace\",\"name\":\"ulises\",\"image\":{\"@type\":\"ImageObject\",\"inLanguage\":\"es\",\"@id\":\"https:\/\/www.celttv.com.ar\/#\/schema\/person\/image\/\",\"url\":\"https:\/\/secure.gravatar.com\/avatar\/7f2c48bdc33b30088f941fb6082e555f2874c98e20cb159d7b92b50eadfce793?s=96&d=mm&r=g\",\"contentUrl\":\"https:\/\/secure.gravatar.com\/avatar\/7f2c48bdc33b30088f941fb6082e555f2874c98e20cb159d7b92b50eadfce793?s=96&d=mm&r=g\",\"caption\":\"ulises\"},\"sameAs\":[\"http:\/\/www.celttv.com.ar\"]}]}<\/script>\n<!-- \/ Yoast SEO plugin. -->","yoast_head_json":{"title":"Inauguraron un nuevo sendero tur\u00edstico en el Parque Provincial E. Tornquist - CELTTV","description":"Sitio web de noticias de la localidad de Tornquist, provincia de Buenos Aires, Rep\u00fablica Argentina. Contenido propio originado por periodistas de CELTTV, el canal de TV local de la Cooperativa El\u00e9ctrica de Tornquist. Turismo, Pol\u00edtica, Sociedad, Deporte, Cultura y todo el contenido de inter\u00e9s general que la gente del pueblo y la regi\u00f3n debe conocer.","robots":{"index":"index","follow":"follow","max-snippet":"max-snippet:-1","max-image-preview":"max-image-preview:large","max-video-preview":"max-video-preview:-1"},"canonical":"https:\/\/www.celttv.com.ar\/index.php\/2019\/06\/11\/inauguraron-un-nuevo-sendero-turistico-en-el-parque-provincial-e-tornquist\/","og_locale":"es_ES","og_type":"article","og_title":"Inauguraron un nuevo sendero tur\u00edstico en el Parque Provincial E. Tornquist - CELTTV","og_description":"Sitio web de noticias de la localidad de Tornquist, provincia de Buenos Aires, Rep\u00fablica Argentina. Contenido propio originado por periodistas de CELTTV, el canal de TV local de la Cooperativa El\u00e9ctrica de Tornquist. Turismo, Pol\u00edtica, Sociedad, Deporte, Cultura y todo el contenido de inter\u00e9s general que la gente del pueblo y la regi\u00f3n debe conocer.","og_url":"https:\/\/www.celttv.com.ar\/index.php\/2019\/06\/11\/inauguraron-un-nuevo-sendero-turistico-en-el-parque-provincial-e-tornquist\/","og_site_name":"CELTTV","article_publisher":"https:\/\/www.facebook.com\/celtTV\/","article_published_time":"2019-06-11T00:15:23+00:00","og_image":[{"width":1024,"height":680,"url":"https:\/\/www.celttv.com.ar\/wp-content\/uploads\/2019\/06\/WhatsApp-Image-2019-06-07-at-19.43.09-1024x680-1.jpeg","type":"image\/jpeg"}],"author":"ulises","twitter_card":"summary_large_image","twitter_misc":{"Escrito por":"ulises","Tiempo de lectura":"1 minuto"},"schema":{"@context":"https:\/\/schema.org","@graph":[{"@type":"NewsArticle","@id":"https:\/\/www.celttv.com.ar\/index.php\/2019\/06\/11\/inauguraron-un-nuevo-sendero-turistico-en-el-parque-provincial-e-tornquist\/#article","isPartOf":{"@id":"https:\/\/www.celttv.com.ar\/index.php\/2019\/06\/11\/inauguraron-un-nuevo-sendero-turistico-en-el-parque-provincial-e-tornquist\/"},"author":{"name":"ulises","@id":"https:\/\/www.celttv.com.ar\/#\/schema\/person\/6d99c072dba59953809c81446e9d0ace"},"headline":"Inauguraron un nuevo sendero tur\u00edstico en el Parque Provincial E. Tornquist","datePublished":"2019-06-11T00:15:23+00:00","dateModified":"2019-06-11T00:15:23+00:00","mainEntityOfPage":{"@id":"https:\/\/www.celttv.com.ar\/index.php\/2019\/06\/11\/inauguraron-un-nuevo-sendero-turistico-en-el-parque-provincial-e-tornquist\/"},"wordCount":173,"publisher":{"@id":"https:\/\/www.celttv.com.ar\/#organization"},"articleSection":["Destacadas","Turismo"],"inLanguage":"es"},{"@type":"WebPage","@id":"https:\/\/www.celttv.com.ar\/index.php\/2019\/06\/11\/inauguraron-un-nuevo-sendero-turistico-en-el-parque-provincial-e-tornquist\/","url":"https:\/\/www.celttv.com.ar\/index.php\/2019\/06\/11\/inauguraron-un-nuevo-sendero-turistico-en-el-parque-provincial-e-tornquist\/","name":"Inauguraron un nuevo sendero tur\u00edstico en el Parque Provincial E. Tornquist - CELTTV","isPartOf":{"@id":"https:\/\/www.celttv.com.ar\/#website"},"datePublished":"2019-06-11T00:15:23+00:00","dateModified":"2019-06-11T00:15:23+00:00","description":"Sitio web de noticias de la localidad de Tornquist, provincia de Buenos Aires, Rep\u00fablica Argentina. Contenido propio originado por periodistas de CELTTV, el canal de TV local de la Cooperativa El\u00e9ctrica de Tornquist. Turismo, Pol\u00edtica, Sociedad, Deporte, Cultura y todo el contenido de inter\u00e9s general que la gente del pueblo y la regi\u00f3n debe conocer.","breadcrumb":{"@id":"https:\/\/www.celttv.com.ar\/index.php\/2019\/06\/11\/inauguraron-un-nuevo-sendero-turistico-en-el-parque-provincial-e-tornquist\/#breadcrumb"},"inLanguage":"es","potentialAction":[{"@type":"ReadAction","target":["https:\/\/www.celttv.com.ar\/index.php\/2019\/06\/11\/inauguraron-un-nuevo-sendero-turistico-en-el-parque-provincial-e-tornquist\/"]}]},{"@type":"BreadcrumbList","@id":"https:\/\/www.celttv.com.ar\/index.php\/2019\/06\/11\/inauguraron-un-nuevo-sendero-turistico-en-el-parque-provincial-e-tornquist\/#breadcrumb","itemListElement":[{"@type":"ListItem","position":1,"name":"Inicio","item":"https:\/\/www.celttv.com.ar\/"},{"@type":"ListItem","position":2,"name":"Inauguraron un nuevo sendero tur\u00edstico en el Parque Provincial E. Tornquist"}]},{"@type":"WebSite","@id":"https:\/\/www.celttv.com.ar\/#website","url":"https:\/\/www.celttv.com.ar\/","name":"CELTTV","description":"Cooperativa El\u00e9ctrica de Tornquist","publisher":{"@id":"https:\/\/www.celttv.com.ar\/#organization"},"potentialAction":[{"@type":"SearchAction","target":{"@type":"EntryPoint","urlTemplate":"https:\/\/www.celttv.com.ar\/?s={search_term_string}"},"query-input":"required name=search_term_string"}],"inLanguage":"es"},{"@type":"Organization","@id":"https:\/\/www.celttv.com.ar\/#organization","name":"CELTTV","url":"https:\/\/www.celttv.com.ar\/","sameAs":["https:\/\/www.youtube.com\/channel\/UCz_oIt8Hig64Ub-EmcNPIhg","https:\/\/www.facebook.com\/celtTV\/"],"logo":{"@type":"ImageObject","inLanguage":"es","@id":"https:\/\/www.celttv.com.ar\/#\/schema\/logo\/image\/","url":"http:\/\/www.celttv.com.ar\/wp-content\/uploads\/2022\/08\/logo-1.png","contentUrl":"http:\/\/www.celttv.com.ar\/wp-content\/uploads\/2022\/08\/logo-1.png","width":461,"height":159,"caption":"CELTTV"},"image":{"@id":"https:\/\/www.celttv.com.ar\/#\/schema\/logo\/image\/"}},{"@type":"Person","@id":"https:\/\/www.celttv.com.ar\/#\/schema\/person\/6d99c072dba59953809c81446e9d0ace","name":"ulises","image":{"@type":"ImageObject","inLanguage":"es","@id":"https:\/\/www.celttv.com.ar\/#\/schema\/person\/image\/","url":"https:\/\/secure.gravatar.com\/avatar\/7f2c48bdc33b30088f941fb6082e555f2874c98e20cb159d7b92b50eadfce793?s=96&d=mm&r=g","contentUrl":"https:\/\/secure.gravatar.com\/avatar\/7f2c48bdc33b30088f941fb6082e555f2874c98e20cb159d7b92b50eadfce793?s=96&d=mm&r=g","caption":"ulises"},"sameAs":["http:\/\/www.celttv.com.ar"]}]}},"_links":{"self":[{"href":"https:\/\/www.celttv.com.ar\/index.php\/wp-json\/wp\/v2\/posts\/42060","targetHints":{"allow":["GET"]}}],"collection":[{"href":"https:\/\/www.celttv.com.ar\/index.php\/wp-json\/wp\/v2\/posts"}],"about":[{"href":"https:\/\/www.celttv.com.ar\/index.php\/wp-json\/wp\/v2\/types\/post"}],"author":[{"embeddable":true,"href":"https:\/\/www.celttv.com.ar\/index.php\/wp-json\/wp\/v2\/users\/1"}],"replies":[{"embeddable":true,"href":"https:\/\/www.celttv.com.ar\/index.php\/wp-json\/wp\/v2\/comments?post=42060"}],"version-history":[{"count":0,"href":"https:\/\/www.celttv.com.ar\/index.php\/wp-json\/wp\/v2\/posts\/42060\/revisions"}],"wp:featuredmedia":[{"embeddable":true,"href":"https:\/\/www.celttv.com.ar\/index.php\/wp-json\/wp\/v2\/media\/42065"}],"wp:attachment":[{"href":"https:\/\/www.celttv.com.ar\/index.php\/wp-json\/wp\/v2\/media?parent=42060"}],"wp:term":[{"taxonomy":"category","embeddable":true,"href":"https:\/\/www.celttv.com.ar\/index.php\/wp-json\/wp\/v2\/categories?post=42060"},{"taxonomy":"post_tag","embeddable":true,"href":"https:\/\/www.celttv.com.ar\/index.php\/wp-json\/wp\/v2\/tags?post=42060"}],"curies":[{"name":"wp","href":"https:\/\/api.w.org\/{rel}","templated":true}]}}