{"id":42075,"date":"2019-06-11T14:01:37","date_gmt":"2019-06-11T14:01:37","guid":{"rendered":"http:\/\/www.celttv.com.ar\/?p=42075"},"modified":"2019-06-11T14:01:37","modified_gmt":"2019-06-11T14:01:37","slug":"juan-piedrabuena-participo-del-1o-provincial-de-gimnasia-masculina-en-el-club-lanus-fotos","status":"publish","type":"post","link":"https:\/\/www.celttv.com.ar\/index.php\/2019\/06\/11\/juan-piedrabuena-participo-del-1o-provincial-de-gimnasia-masculina-en-el-club-lanus-fotos\/","title":{"rendered":"Juan Piedrabuena particip\u00f3 del 1\u00ba Provincial de Gimnasia Masculina en el Club Lanus (Fotos)"},"content":{"rendered":"<p>El S\u00e1bado 8 de\u00a0 junio se realiz\u00f3 en el Club Lan\u00fas el 1\u00ba Provincial de Gimnasia Masculina.<\/p>\n<p>Representando a Tornquist,\u00a0 participo el gimnasta del Centro Gimn\u00e1stico Tornquist Juan Piedrabuena.<\/p>\n<p>Juan participo en el nivel D donde realizo los 6 aparatos de masculina. Obtuvo el 3\u00ba puesto en la general y adem\u00e1s logro el 1\u00ba puesto en Suelo y Salto, el 2\u00ba puesto en Barra y 3\u00ba en Paralela y Arzones.<\/p>\n<p>El profesor Gustavo Graff agradece el apoyo de los padres y el sacrificio que realizan para que su hijo pueda entrenar y participar de estos Torneos.<\/p>\n<p><a href=\"http:\/\/www.celttv.com.ar\/?attachment_id=42076\" rel=\"attachment wp-att-42076\"><img loading=\"lazy\" decoding=\"async\" class=\"alignleft size-full wp-image-42076\" src=\"http:\/\/www.celttv.com.ar\/wp-content\/uploads\/2019\/06\/IMG_20190608_153327015.jpg\" alt=\"\" width=\"3120\" height=\"4160\" \/><\/a> <a href=\"http:\/\/www.celttv.com.ar\/?attachment_id=42077\" rel=\"attachment wp-att-42077\"><img loading=\"lazy\" decoding=\"async\" class=\"alignleft size-medium wp-image-42077\" src=\"http:\/\/www.celttv.com.ar\/wp-content\/uploads\/2019\/06\/IMG_20190608_185642742.jpg\" alt=\"\" width=\"585\" height=\"780\" \/><\/a> <a href=\"http:\/\/www.celttv.com.ar\/?attachment_id=42078\" rel=\"attachment wp-att-42078\"><img loading=\"lazy\" decoding=\"async\" class=\"alignleft size-medium wp-image-42078\" src=\"http:\/\/www.celttv.com.ar\/wp-content\/uploads\/2019\/06\/IMG_20190608_185915447.jpg\" alt=\"\" width=\"780\" height=\"585\" \/><\/a> <a href=\"http:\/\/www.celttv.com.ar\/?attachment_id=42079\" rel=\"attachment wp-att-42079\"><img loading=\"lazy\" decoding=\"async\" class=\"alignleft size-medium wp-image-42079\" src=\"http:\/\/www.celttv.com.ar\/wp-content\/uploads\/2019\/06\/IMG_20190608_191720701.jpg\" alt=\"\" width=\"780\" height=\"585\" \/><\/a> <a href=\"http:\/\/www.celttv.com.ar\/?attachment_id=42080\" rel=\"attachment wp-att-42080\"><img loading=\"lazy\" decoding=\"async\" class=\"alignleft size-medium wp-image-42080\" src=\"http:\/\/www.celttv.com.ar\/wp-content\/uploads\/2019\/06\/IMG_20190608_191818907.jpg\" alt=\"\" width=\"780\" height=\"585\" \/><\/a><\/p>\n","protected":false},"excerpt":{"rendered":"<p>El S\u00e1bado 8 de\u00a0 junio se realiz\u00f3 en el Club Lan\u00fas el 1\u00ba Provincial de Gimnasia Masculina. Representando a Tornquist,\u00a0 participo el gimnasta del Centro Gimn\u00e1stico Tornquist Juan Piedrabuena. Juan participo en el nivel D donde realizo los 6 aparatos de masculina. Obtuvo el 3\u00ba puesto en la general y adem\u00e1s logro el 1\u00ba puesto [&hellip;]<\/p>\n","protected":false},"author":1,"featured_media":42080,"comment_status":"closed","ping_status":"open","sticky":false,"template":"","format":"standard","meta":{"footnotes":""},"categories":[55,60,52,63],"tags":[],"class_list":["post-42075","post","type-post","status-publish","format-standard","has-post-thumbnail","hentry","category-celt-tv-noticias","category-deporte","category-destacadas","category-magazine-sport"],"yoast_head":"<!-- This site is optimized with the Yoast SEO plugin v19.7.1 - https:\/\/yoast.com\/wordpress\/plugins\/seo\/ -->\n<title>Juan Piedrabuena particip\u00f3 del 1\u00ba Provincial de Gimnasia Masculina en el Club Lanus (Fotos) - CELTTV<\/title>\n<meta name=\"description\" content=\"Sitio web de noticias de la localidad de Tornquist, provincia de Buenos Aires, Rep\u00fablica Argentina. Contenido propio originado por periodistas de CELTTV, el canal de TV local de la Cooperativa El\u00e9ctrica de Tornquist. Turismo, Pol\u00edtica, Sociedad, Deporte, Cultura y todo el contenido de inter\u00e9s general que la gente del pueblo y la regi\u00f3n debe conocer.\" \/>\n<meta name=\"robots\" content=\"index, follow, max-snippet:-1, max-image-preview:large, max-video-preview:-1\" \/>\n<link rel=\"canonical\" href=\"https:\/\/www.celttv.com.ar\/index.php\/2019\/06\/11\/juan-piedrabuena-participo-del-1o-provincial-de-gimnasia-masculina-en-el-club-lanus-fotos\/\" \/>\n<meta property=\"og:locale\" content=\"es_ES\" \/>\n<meta property=\"og:type\" content=\"article\" \/>\n<meta property=\"og:title\" content=\"Juan Piedrabuena particip\u00f3 del 1\u00ba Provincial de Gimnasia Masculina en el Club Lanus (Fotos) - CELTTV\" \/>\n<meta property=\"og:description\" content=\"Sitio web de noticias de la localidad de Tornquist, provincia de Buenos Aires, Rep\u00fablica Argentina. Contenido propio originado por periodistas de CELTTV, el canal de TV local de la Cooperativa El\u00e9ctrica de Tornquist. Turismo, Pol\u00edtica, Sociedad, Deporte, Cultura y todo el contenido de inter\u00e9s general que la gente del pueblo y la regi\u00f3n debe conocer.\" \/>\n<meta property=\"og:url\" content=\"https:\/\/www.celttv.com.ar\/index.php\/2019\/06\/11\/juan-piedrabuena-participo-del-1o-provincial-de-gimnasia-masculina-en-el-club-lanus-fotos\/\" \/>\n<meta property=\"og:site_name\" content=\"CELTTV\" \/>\n<meta property=\"article:publisher\" content=\"https:\/\/www.facebook.com\/celtTV\/\" \/>\n<meta property=\"article:published_time\" content=\"2019-06-11T14:01:37+00:00\" \/>\n<meta property=\"og:image\" content=\"https:\/\/www.celttv.com.ar\/wp-content\/uploads\/2019\/06\/IMG_20190608_191818907-scaled.jpg\" \/>\n\t<meta property=\"og:image:width\" content=\"2560\" \/>\n\t<meta property=\"og:image:height\" content=\"1920\" \/>\n\t<meta property=\"og:image:type\" content=\"image\/jpeg\" \/>\n<meta name=\"author\" content=\"ulises\" \/>\n<meta name=\"twitter:card\" content=\"summary_large_image\" \/>\n<meta name=\"twitter:label1\" content=\"Escrito por\" \/>\n\t<meta name=\"twitter:data1\" content=\"ulises\" \/>\n<script type=\"application\/ld+json\" class=\"yoast-schema-graph\">{\"@context\":\"https:\/\/schema.org\",\"@graph\":[{\"@type\":\"NewsArticle\",\"@id\":\"https:\/\/www.celttv.com.ar\/index.php\/2019\/06\/11\/juan-piedrabuena-participo-del-1o-provincial-de-gimnasia-masculina-en-el-club-lanus-fotos\/#article\",\"isPartOf\":{\"@id\":\"https:\/\/www.celttv.com.ar\/index.php\/2019\/06\/11\/juan-piedrabuena-participo-del-1o-provincial-de-gimnasia-masculina-en-el-club-lanus-fotos\/\"},\"author\":{\"name\":\"ulises\",\"@id\":\"https:\/\/www.celttv.com.ar\/#\/schema\/person\/6d99c072dba59953809c81446e9d0ace\"},\"headline\":\"Juan Piedrabuena particip\u00f3 del 1\u00ba Provincial de Gimnasia Masculina en el Club Lanus (Fotos)\",\"datePublished\":\"2019-06-11T14:01:37+00:00\",\"dateModified\":\"2019-06-11T14:01:37+00:00\",\"mainEntityOfPage\":{\"@id\":\"https:\/\/www.celttv.com.ar\/index.php\/2019\/06\/11\/juan-piedrabuena-participo-del-1o-provincial-de-gimnasia-masculina-en-el-club-lanus-fotos\/\"},\"wordCount\":106,\"publisher\":{\"@id\":\"https:\/\/www.celttv.com.ar\/#organization\"},\"articleSection\":[\"Celt TV Noticias\",\"Deporte\",\"Destacadas\",\"Magazine Sport\"],\"inLanguage\":\"es\"},{\"@type\":\"WebPage\",\"@id\":\"https:\/\/www.celttv.com.ar\/index.php\/2019\/06\/11\/juan-piedrabuena-participo-del-1o-provincial-de-gimnasia-masculina-en-el-club-lanus-fotos\/\",\"url\":\"https:\/\/www.celttv.com.ar\/index.php\/2019\/06\/11\/juan-piedrabuena-participo-del-1o-provincial-de-gimnasia-masculina-en-el-club-lanus-fotos\/\",\"name\":\"Juan Piedrabuena particip\u00f3 del 1\u00ba Provincial de Gimnasia Masculina en el Club Lanus (Fotos) - CELTTV\",\"isPartOf\":{\"@id\":\"https:\/\/www.celttv.com.ar\/#website\"},\"datePublished\":\"2019-06-11T14:01:37+00:00\",\"dateModified\":\"2019-06-11T14:01:37+00:00\",\"description\":\"Sitio web de noticias de la localidad de Tornquist, provincia de Buenos Aires, Rep\u00fablica Argentina. Contenido propio originado por periodistas de CELTTV, el canal de TV local de la Cooperativa El\u00e9ctrica de Tornquist. Turismo, Pol\u00edtica, Sociedad, Deporte, Cultura y todo el contenido de inter\u00e9s general que la gente del pueblo y la regi\u00f3n debe conocer.\",\"breadcrumb\":{\"@id\":\"https:\/\/www.celttv.com.ar\/index.php\/2019\/06\/11\/juan-piedrabuena-participo-del-1o-provincial-de-gimnasia-masculina-en-el-club-lanus-fotos\/#breadcrumb\"},\"inLanguage\":\"es\",\"potentialAction\":[{\"@type\":\"ReadAction\",\"target\":[\"https:\/\/www.celttv.com.ar\/index.php\/2019\/06\/11\/juan-piedrabuena-participo-del-1o-provincial-de-gimnasia-masculina-en-el-club-lanus-fotos\/\"]}]},{\"@type\":\"BreadcrumbList\",\"@id\":\"https:\/\/www.celttv.com.ar\/index.php\/2019\/06\/11\/juan-piedrabuena-participo-del-1o-provincial-de-gimnasia-masculina-en-el-club-lanus-fotos\/#breadcrumb\",\"itemListElement\":[{\"@type\":\"ListItem\",\"position\":1,\"name\":\"Inicio\",\"item\":\"https:\/\/www.celttv.com.ar\/\"},{\"@type\":\"ListItem\",\"position\":2,\"name\":\"Juan Piedrabuena particip\u00f3 del 1\u00ba Provincial de Gimnasia Masculina en el Club Lanus (Fotos)\"}]},{\"@type\":\"WebSite\",\"@id\":\"https:\/\/www.celttv.com.ar\/#website\",\"url\":\"https:\/\/www.celttv.com.ar\/\",\"name\":\"CELTTV\",\"description\":\"Cooperativa El\u00e9ctrica de Tornquist\",\"publisher\":{\"@id\":\"https:\/\/www.celttv.com.ar\/#organization\"},\"potentialAction\":[{\"@type\":\"SearchAction\",\"target\":{\"@type\":\"EntryPoint\",\"urlTemplate\":\"https:\/\/www.celttv.com.ar\/?s={search_term_string}\"},\"query-input\":\"required name=search_term_string\"}],\"inLanguage\":\"es\"},{\"@type\":\"Organization\",\"@id\":\"https:\/\/www.celttv.com.ar\/#organization\",\"name\":\"CELTTV\",\"url\":\"https:\/\/www.celttv.com.ar\/\",\"sameAs\":[\"https:\/\/www.youtube.com\/channel\/UCz_oIt8Hig64Ub-EmcNPIhg\",\"https:\/\/www.facebook.com\/celtTV\/\"],\"logo\":{\"@type\":\"ImageObject\",\"inLanguage\":\"es\",\"@id\":\"https:\/\/www.celttv.com.ar\/#\/schema\/logo\/image\/\",\"url\":\"http:\/\/www.celttv.com.ar\/wp-content\/uploads\/2022\/08\/logo-1.png\",\"contentUrl\":\"http:\/\/www.celttv.com.ar\/wp-content\/uploads\/2022\/08\/logo-1.png\",\"width\":461,\"height\":159,\"caption\":\"CELTTV\"},\"image\":{\"@id\":\"https:\/\/www.celttv.com.ar\/#\/schema\/logo\/image\/\"}},{\"@type\":\"Person\",\"@id\":\"https:\/\/www.celttv.com.ar\/#\/schema\/person\/6d99c072dba59953809c81446e9d0ace\",\"name\":\"ulises\",\"image\":{\"@type\":\"ImageObject\",\"inLanguage\":\"es\",\"@id\":\"https:\/\/www.celttv.com.ar\/#\/schema\/person\/image\/\",\"url\":\"https:\/\/secure.gravatar.com\/avatar\/7f2c48bdc33b30088f941fb6082e555f2874c98e20cb159d7b92b50eadfce793?s=96&d=mm&r=g\",\"contentUrl\":\"https:\/\/secure.gravatar.com\/avatar\/7f2c48bdc33b30088f941fb6082e555f2874c98e20cb159d7b92b50eadfce793?s=96&d=mm&r=g\",\"caption\":\"ulises\"},\"sameAs\":[\"http:\/\/www.celttv.com.ar\"]}]}<\/script>\n<!-- \/ Yoast SEO plugin. -->","yoast_head_json":{"title":"Juan Piedrabuena particip\u00f3 del 1\u00ba Provincial de Gimnasia Masculina en el Club Lanus (Fotos) - CELTTV","description":"Sitio web de noticias de la localidad de Tornquist, provincia de Buenos Aires, Rep\u00fablica Argentina. Contenido propio originado por periodistas de CELTTV, el canal de TV local de la Cooperativa El\u00e9ctrica de Tornquist. Turismo, Pol\u00edtica, Sociedad, Deporte, Cultura y todo el contenido de inter\u00e9s general que la gente del pueblo y la regi\u00f3n debe conocer.","robots":{"index":"index","follow":"follow","max-snippet":"max-snippet:-1","max-image-preview":"max-image-preview:large","max-video-preview":"max-video-preview:-1"},"canonical":"https:\/\/www.celttv.com.ar\/index.php\/2019\/06\/11\/juan-piedrabuena-participo-del-1o-provincial-de-gimnasia-masculina-en-el-club-lanus-fotos\/","og_locale":"es_ES","og_type":"article","og_title":"Juan Piedrabuena particip\u00f3 del 1\u00ba Provincial de Gimnasia Masculina en el Club Lanus (Fotos) - CELTTV","og_description":"Sitio web de noticias de la localidad de Tornquist, provincia de Buenos Aires, Rep\u00fablica Argentina. Contenido propio originado por periodistas de CELTTV, el canal de TV local de la Cooperativa El\u00e9ctrica de Tornquist. Turismo, Pol\u00edtica, Sociedad, Deporte, Cultura y todo el contenido de inter\u00e9s general que la gente del pueblo y la regi\u00f3n debe conocer.","og_url":"https:\/\/www.celttv.com.ar\/index.php\/2019\/06\/11\/juan-piedrabuena-participo-del-1o-provincial-de-gimnasia-masculina-en-el-club-lanus-fotos\/","og_site_name":"CELTTV","article_publisher":"https:\/\/www.facebook.com\/celtTV\/","article_published_time":"2019-06-11T14:01:37+00:00","og_image":[{"width":2560,"height":1920,"url":"https:\/\/www.celttv.com.ar\/wp-content\/uploads\/2019\/06\/IMG_20190608_191818907-scaled.jpg","type":"image\/jpeg"}],"author":"ulises","twitter_card":"summary_large_image","twitter_misc":{"Escrito por":"ulises"},"schema":{"@context":"https:\/\/schema.org","@graph":[{"@type":"NewsArticle","@id":"https:\/\/www.celttv.com.ar\/index.php\/2019\/06\/11\/juan-piedrabuena-participo-del-1o-provincial-de-gimnasia-masculina-en-el-club-lanus-fotos\/#article","isPartOf":{"@id":"https:\/\/www.celttv.com.ar\/index.php\/2019\/06\/11\/juan-piedrabuena-participo-del-1o-provincial-de-gimnasia-masculina-en-el-club-lanus-fotos\/"},"author":{"name":"ulises","@id":"https:\/\/www.celttv.com.ar\/#\/schema\/person\/6d99c072dba59953809c81446e9d0ace"},"headline":"Juan Piedrabuena particip\u00f3 del 1\u00ba Provincial de Gimnasia Masculina en el Club Lanus (Fotos)","datePublished":"2019-06-11T14:01:37+00:00","dateModified":"2019-06-11T14:01:37+00:00","mainEntityOfPage":{"@id":"https:\/\/www.celttv.com.ar\/index.php\/2019\/06\/11\/juan-piedrabuena-participo-del-1o-provincial-de-gimnasia-masculina-en-el-club-lanus-fotos\/"},"wordCount":106,"publisher":{"@id":"https:\/\/www.celttv.com.ar\/#organization"},"articleSection":["Celt TV Noticias","Deporte","Destacadas","Magazine Sport"],"inLanguage":"es"},{"@type":"WebPage","@id":"https:\/\/www.celttv.com.ar\/index.php\/2019\/06\/11\/juan-piedrabuena-participo-del-1o-provincial-de-gimnasia-masculina-en-el-club-lanus-fotos\/","url":"https:\/\/www.celttv.com.ar\/index.php\/2019\/06\/11\/juan-piedrabuena-participo-del-1o-provincial-de-gimnasia-masculina-en-el-club-lanus-fotos\/","name":"Juan Piedrabuena particip\u00f3 del 1\u00ba Provincial de Gimnasia Masculina en el Club Lanus (Fotos) - CELTTV","isPartOf":{"@id":"https:\/\/www.celttv.com.ar\/#website"},"datePublished":"2019-06-11T14:01:37+00:00","dateModified":"2019-06-11T14:01:37+00:00","description":"Sitio web de noticias de la localidad de Tornquist, provincia de Buenos Aires, Rep\u00fablica Argentina. Contenido propio originado por periodistas de CELTTV, el canal de TV local de la Cooperativa El\u00e9ctrica de Tornquist. Turismo, Pol\u00edtica, Sociedad, Deporte, Cultura y todo el contenido de inter\u00e9s general que la gente del pueblo y la regi\u00f3n debe conocer.","breadcrumb":{"@id":"https:\/\/www.celttv.com.ar\/index.php\/2019\/06\/11\/juan-piedrabuena-participo-del-1o-provincial-de-gimnasia-masculina-en-el-club-lanus-fotos\/#breadcrumb"},"inLanguage":"es","potentialAction":[{"@type":"ReadAction","target":["https:\/\/www.celttv.com.ar\/index.php\/2019\/06\/11\/juan-piedrabuena-participo-del-1o-provincial-de-gimnasia-masculina-en-el-club-lanus-fotos\/"]}]},{"@type":"BreadcrumbList","@id":"https:\/\/www.celttv.com.ar\/index.php\/2019\/06\/11\/juan-piedrabuena-participo-del-1o-provincial-de-gimnasia-masculina-en-el-club-lanus-fotos\/#breadcrumb","itemListElement":[{"@type":"ListItem","position":1,"name":"Inicio","item":"https:\/\/www.celttv.com.ar\/"},{"@type":"ListItem","position":2,"name":"Juan Piedrabuena particip\u00f3 del 1\u00ba Provincial de Gimnasia Masculina en el Club Lanus (Fotos)"}]},{"@type":"WebSite","@id":"https:\/\/www.celttv.com.ar\/#website","url":"https:\/\/www.celttv.com.ar\/","name":"CELTTV","description":"Cooperativa El\u00e9ctrica de Tornquist","publisher":{"@id":"https:\/\/www.celttv.com.ar\/#organization"},"potentialAction":[{"@type":"SearchAction","target":{"@type":"EntryPoint","urlTemplate":"https:\/\/www.celttv.com.ar\/?s={search_term_string}"},"query-input":"required name=search_term_string"}],"inLanguage":"es"},{"@type":"Organization","@id":"https:\/\/www.celttv.com.ar\/#organization","name":"CELTTV","url":"https:\/\/www.celttv.com.ar\/","sameAs":["https:\/\/www.youtube.com\/channel\/UCz_oIt8Hig64Ub-EmcNPIhg","https:\/\/www.facebook.com\/celtTV\/"],"logo":{"@type":"ImageObject","inLanguage":"es","@id":"https:\/\/www.celttv.com.ar\/#\/schema\/logo\/image\/","url":"http:\/\/www.celttv.com.ar\/wp-content\/uploads\/2022\/08\/logo-1.png","contentUrl":"http:\/\/www.celttv.com.ar\/wp-content\/uploads\/2022\/08\/logo-1.png","width":461,"height":159,"caption":"CELTTV"},"image":{"@id":"https:\/\/www.celttv.com.ar\/#\/schema\/logo\/image\/"}},{"@type":"Person","@id":"https:\/\/www.celttv.com.ar\/#\/schema\/person\/6d99c072dba59953809c81446e9d0ace","name":"ulises","image":{"@type":"ImageObject","inLanguage":"es","@id":"https:\/\/www.celttv.com.ar\/#\/schema\/person\/image\/","url":"https:\/\/secure.gravatar.com\/avatar\/7f2c48bdc33b30088f941fb6082e555f2874c98e20cb159d7b92b50eadfce793?s=96&d=mm&r=g","contentUrl":"https:\/\/secure.gravatar.com\/avatar\/7f2c48bdc33b30088f941fb6082e555f2874c98e20cb159d7b92b50eadfce793?s=96&d=mm&r=g","caption":"ulises"},"sameAs":["http:\/\/www.celttv.com.ar"]}]}},"_links":{"self":[{"href":"https:\/\/www.celttv.com.ar\/index.php\/wp-json\/wp\/v2\/posts\/42075","targetHints":{"allow":["GET"]}}],"collection":[{"href":"https:\/\/www.celttv.com.ar\/index.php\/wp-json\/wp\/v2\/posts"}],"about":[{"href":"https:\/\/www.celttv.com.ar\/index.php\/wp-json\/wp\/v2\/types\/post"}],"author":[{"embeddable":true,"href":"https:\/\/www.celttv.com.ar\/index.php\/wp-json\/wp\/v2\/users\/1"}],"replies":[{"embeddable":true,"href":"https:\/\/www.celttv.com.ar\/index.php\/wp-json\/wp\/v2\/comments?post=42075"}],"version-history":[{"count":0,"href":"https:\/\/www.celttv.com.ar\/index.php\/wp-json\/wp\/v2\/posts\/42075\/revisions"}],"wp:featuredmedia":[{"embeddable":true,"href":"https:\/\/www.celttv.com.ar\/index.php\/wp-json\/wp\/v2\/media\/42080"}],"wp:attachment":[{"href":"https:\/\/www.celttv.com.ar\/index.php\/wp-json\/wp\/v2\/media?parent=42075"}],"wp:term":[{"taxonomy":"category","embeddable":true,"href":"https:\/\/www.celttv.com.ar\/index.php\/wp-json\/wp\/v2\/categories?post=42075"},{"taxonomy":"post_tag","embeddable":true,"href":"https:\/\/www.celttv.com.ar\/index.php\/wp-json\/wp\/v2\/tags?post=42075"}],"curies":[{"name":"wp","href":"https:\/\/api.w.org\/{rel}","templated":true}]}}