{"id":42082,"date":"2019-06-11T15:01:09","date_gmt":"2019-06-11T15:01:09","guid":{"rendered":"http:\/\/www.celttv.com.ar\/?p=42082"},"modified":"2019-06-11T15:01:09","modified_gmt":"2019-06-11T15:01:09","slug":"liga-regional-de-futbol-la-final-de-los-cruces-se-jugara-en-d-sarmiento","status":"publish","type":"post","link":"https:\/\/www.celttv.com.ar\/index.php\/2019\/06\/11\/liga-regional-de-futbol-la-final-de-los-cruces-se-jugara-en-d-sarmiento\/","title":{"rendered":"Liga Regional de F\u00fatbol: La final de los cruces se jugar\u00e1 en D. Sarmiento"},"content":{"rendered":"<div class=\"adelanto\">\n<p>San Mart\u00edn de Carhu\u00e9 y Atl\u00e9tico Huanguel\u00e9n definir\u00e1n el pr\u00f3ximo domingo el segundo semifinalista del a\u00f1o.<\/p>\n<\/div>\n<div class=\"text\">\n<p>En el Parque \u201cJuan Emilio Bove\u201d del Centro Deportivo Sarmiento confrontar\u00e1n el pr\u00f3ximo domingo, a partir de las 15:00, San Mart\u00edn de Carhu\u00e9 y Atl\u00e9tico Huanguel\u00e9n en la final de los cruces complementarios del torneo Apertura, de acuerdo a lo resuelto este lunes en la reuni\u00f3n semanal del consejo directivo de la Liga Regional de F\u00fatbol de Coronel Su\u00e1rez.<\/p>\n<p>El partido, que definir\u00e1 el segundo semifinalista de la temporada, ser\u00e1 controlado por el \u00e1rbitro Nicol\u00e1s Rodr\u00edguez, de Olavarr\u00eda, en tanto que dos integrantes de una de las agrupaciones locales completar\u00e1n la terna como jueces asistentes. A los efectos organizativos (distribuci\u00f3n de hinchadas, etc.) el club santo carhuense ser\u00e1 local.<\/p>\n<p>Cabe se\u00f1alar que si bien San Mart\u00edn de Carhu\u00e9 en un primer momento pretend\u00eda que se juegue en Pig\u00fc\u00e9, accedi\u00f3 sin problemas a que se dispute en Coronel Su\u00e1rez como prefer\u00eda Atl\u00e9tico Huanguel\u00e9n, en definitiva la ciudad m\u00e1s equidistante para ambos, tal como lo establece el reglamento.<\/p>\n<p>La instituci\u00f3n albiverde mocion\u00f3 para que se sortee la cancha, dado que propuso la de Blanco y Negro y San Mart\u00edn la de Deportivo Sarmiento, en la inteligencia de que es la que brinda una mayor comodidad para todos los aficionados. En definitiva, en un gesto de sano entendimiento entre dos clubes hermanos, y tras la intervenci\u00f3n de Ernesto Palenzona, no hubo necesidad de ir a ning\u00fan sorteo y se opt\u00f3 por la del Verdirrojo.<\/p>\n<p>Como ha ocurrido en todos los encuentros eliminatorios, si al t\u00e9rmino de los 90 minutos el marcador est\u00e1 igualado se definir\u00e1 mediante al ejecuci\u00f3n de penales.<\/p>\n<p>Por secretar\u00eda se le dio ingreso a varios pases por el art\u00edculo 179, que es la libertad de acci\u00f3n por estar 10 fechas sin firmar planilla, entre los cuales se destac\u00f3 el de Emanuel Arag\u00f3n de San Mart\u00edn de Santa Trinidad para Pe\u00f1arol de Guamin\u00ed.<\/p>\n<p>Cabe se\u00f1alar que antes del comienzo de las deliberaciones se hizo un minuto de silencio en memoria de Eduardo Castro, quien falleci\u00f3 el viernes pasado y fue integrante del consejo directivo en su calidad de delegado de Tiro Federal de Villa Belgrano.<\/p>\n<p>Claudio Meier &#8211; Nuevo D\u00eda<\/p>\n<p><a href=\"http:\/\/www.celttv.com.ar\/?attachment_id=42083\" rel=\"attachment wp-att-42083\"><img loading=\"lazy\" decoding=\"async\" class=\"alignleft size-full wp-image-42083\" src=\"http:\/\/www.celttv.com.ar\/wp-content\/uploads\/2019\/06\/110_0c0f_sarmiento-coronelsuarez5-1_1560247282.jpg_640.jpg\" alt=\"\" width=\"640\" height=\"480\" srcset=\"https:\/\/www.celttv.com.ar\/wp-content\/uploads\/2019\/06\/110_0c0f_sarmiento-coronelsuarez5-1_1560247282.jpg_640.jpg 640w, https:\/\/www.celttv.com.ar\/wp-content\/uploads\/2019\/06\/110_0c0f_sarmiento-coronelsuarez5-1_1560247282.jpg_640-300x225.jpg 300w\" sizes=\"auto, (max-width: 640px) 100vw, 640px\" \/><\/a><\/p>\n<\/div>\n","protected":false},"excerpt":{"rendered":"<p>San Mart\u00edn de Carhu\u00e9 y Atl\u00e9tico Huanguel\u00e9n definir\u00e1n el pr\u00f3ximo domingo el segundo semifinalista del a\u00f1o. En el Parque \u201cJuan Emilio Bove\u201d del Centro Deportivo Sarmiento confrontar\u00e1n el pr\u00f3ximo domingo, a partir de las 15:00, San Mart\u00edn de Carhu\u00e9 y Atl\u00e9tico Huanguel\u00e9n en la final de los cruces complementarios del torneo Apertura, de acuerdo a [&hellip;]<\/p>\n","protected":false},"author":1,"featured_media":42083,"comment_status":"closed","ping_status":"open","sticky":false,"template":"","format":"standard","meta":{"footnotes":""},"categories":[55,60,52,63],"tags":[],"class_list":["post-42082","post","type-post","status-publish","format-standard","has-post-thumbnail","hentry","category-celt-tv-noticias","category-deporte","category-destacadas","category-magazine-sport"],"yoast_head":"<!-- This site is optimized with the Yoast SEO plugin v19.7.1 - https:\/\/yoast.com\/wordpress\/plugins\/seo\/ -->\n<title>Liga Regional de F\u00fatbol: La final de los cruces se jugar\u00e1 en D. Sarmiento - CELTTV<\/title>\n<meta name=\"description\" content=\"Sitio web de noticias de la localidad de Tornquist, provincia de Buenos Aires, Rep\u00fablica Argentina. Contenido propio originado por periodistas de CELTTV, el canal de TV local de la Cooperativa El\u00e9ctrica de Tornquist. Turismo, Pol\u00edtica, Sociedad, Deporte, Cultura y todo el contenido de inter\u00e9s general que la gente del pueblo y la regi\u00f3n debe conocer.\" \/>\n<meta name=\"robots\" content=\"index, follow, max-snippet:-1, max-image-preview:large, max-video-preview:-1\" \/>\n<link rel=\"canonical\" href=\"https:\/\/www.celttv.com.ar\/index.php\/2019\/06\/11\/liga-regional-de-futbol-la-final-de-los-cruces-se-jugara-en-d-sarmiento\/\" \/>\n<meta property=\"og:locale\" content=\"es_ES\" \/>\n<meta property=\"og:type\" content=\"article\" \/>\n<meta property=\"og:title\" content=\"Liga Regional de F\u00fatbol: La final de los cruces se jugar\u00e1 en D. Sarmiento - CELTTV\" \/>\n<meta property=\"og:description\" content=\"Sitio web de noticias de la localidad de Tornquist, provincia de Buenos Aires, Rep\u00fablica Argentina. Contenido propio originado por periodistas de CELTTV, el canal de TV local de la Cooperativa El\u00e9ctrica de Tornquist. Turismo, Pol\u00edtica, Sociedad, Deporte, Cultura y todo el contenido de inter\u00e9s general que la gente del pueblo y la regi\u00f3n debe conocer.\" \/>\n<meta property=\"og:url\" content=\"https:\/\/www.celttv.com.ar\/index.php\/2019\/06\/11\/liga-regional-de-futbol-la-final-de-los-cruces-se-jugara-en-d-sarmiento\/\" \/>\n<meta property=\"og:site_name\" content=\"CELTTV\" \/>\n<meta property=\"article:publisher\" content=\"https:\/\/www.facebook.com\/celtTV\/\" \/>\n<meta property=\"article:published_time\" content=\"2019-06-11T15:01:09+00:00\" \/>\n<meta property=\"og:image\" content=\"https:\/\/www.celttv.com.ar\/wp-content\/uploads\/2019\/06\/110_0c0f_sarmiento-coronelsuarez5-1_1560247282.jpg_640.jpg\" \/>\n\t<meta property=\"og:image:width\" content=\"640\" \/>\n\t<meta property=\"og:image:height\" content=\"480\" \/>\n\t<meta property=\"og:image:type\" content=\"image\/jpeg\" \/>\n<meta name=\"author\" content=\"ulises\" \/>\n<meta name=\"twitter:card\" content=\"summary_large_image\" \/>\n<meta name=\"twitter:label1\" content=\"Escrito por\" \/>\n\t<meta name=\"twitter:data1\" content=\"ulises\" \/>\n\t<meta name=\"twitter:label2\" content=\"Tiempo de lectura\" \/>\n\t<meta name=\"twitter:data2\" content=\"2 minutos\" \/>\n<script type=\"application\/ld+json\" class=\"yoast-schema-graph\">{\"@context\":\"https:\/\/schema.org\",\"@graph\":[{\"@type\":\"NewsArticle\",\"@id\":\"https:\/\/www.celttv.com.ar\/index.php\/2019\/06\/11\/liga-regional-de-futbol-la-final-de-los-cruces-se-jugara-en-d-sarmiento\/#article\",\"isPartOf\":{\"@id\":\"https:\/\/www.celttv.com.ar\/index.php\/2019\/06\/11\/liga-regional-de-futbol-la-final-de-los-cruces-se-jugara-en-d-sarmiento\/\"},\"author\":{\"name\":\"ulises\",\"@id\":\"https:\/\/www.celttv.com.ar\/#\/schema\/person\/6d99c072dba59953809c81446e9d0ace\"},\"headline\":\"Liga Regional de F\u00fatbol: La final de los cruces se jugar\u00e1 en D. Sarmiento\",\"datePublished\":\"2019-06-11T15:01:09+00:00\",\"dateModified\":\"2019-06-11T15:01:09+00:00\",\"mainEntityOfPage\":{\"@id\":\"https:\/\/www.celttv.com.ar\/index.php\/2019\/06\/11\/liga-regional-de-futbol-la-final-de-los-cruces-se-jugara-en-d-sarmiento\/\"},\"wordCount\":417,\"publisher\":{\"@id\":\"https:\/\/www.celttv.com.ar\/#organization\"},\"articleSection\":[\"Celt TV Noticias\",\"Deporte\",\"Destacadas\",\"Magazine Sport\"],\"inLanguage\":\"es\"},{\"@type\":\"WebPage\",\"@id\":\"https:\/\/www.celttv.com.ar\/index.php\/2019\/06\/11\/liga-regional-de-futbol-la-final-de-los-cruces-se-jugara-en-d-sarmiento\/\",\"url\":\"https:\/\/www.celttv.com.ar\/index.php\/2019\/06\/11\/liga-regional-de-futbol-la-final-de-los-cruces-se-jugara-en-d-sarmiento\/\",\"name\":\"Liga Regional de F\u00fatbol: La final de los cruces se jugar\u00e1 en D. Sarmiento - CELTTV\",\"isPartOf\":{\"@id\":\"https:\/\/www.celttv.com.ar\/#website\"},\"datePublished\":\"2019-06-11T15:01:09+00:00\",\"dateModified\":\"2019-06-11T15:01:09+00:00\",\"description\":\"Sitio web de noticias de la localidad de Tornquist, provincia de Buenos Aires, Rep\u00fablica Argentina. Contenido propio originado por periodistas de CELTTV, el canal de TV local de la Cooperativa El\u00e9ctrica de Tornquist. Turismo, Pol\u00edtica, Sociedad, Deporte, Cultura y todo el contenido de inter\u00e9s general que la gente del pueblo y la regi\u00f3n debe conocer.\",\"breadcrumb\":{\"@id\":\"https:\/\/www.celttv.com.ar\/index.php\/2019\/06\/11\/liga-regional-de-futbol-la-final-de-los-cruces-se-jugara-en-d-sarmiento\/#breadcrumb\"},\"inLanguage\":\"es\",\"potentialAction\":[{\"@type\":\"ReadAction\",\"target\":[\"https:\/\/www.celttv.com.ar\/index.php\/2019\/06\/11\/liga-regional-de-futbol-la-final-de-los-cruces-se-jugara-en-d-sarmiento\/\"]}]},{\"@type\":\"BreadcrumbList\",\"@id\":\"https:\/\/www.celttv.com.ar\/index.php\/2019\/06\/11\/liga-regional-de-futbol-la-final-de-los-cruces-se-jugara-en-d-sarmiento\/#breadcrumb\",\"itemListElement\":[{\"@type\":\"ListItem\",\"position\":1,\"name\":\"Inicio\",\"item\":\"https:\/\/www.celttv.com.ar\/\"},{\"@type\":\"ListItem\",\"position\":2,\"name\":\"Liga Regional de F\u00fatbol: La final de los cruces se jugar\u00e1 en D. Sarmiento\"}]},{\"@type\":\"WebSite\",\"@id\":\"https:\/\/www.celttv.com.ar\/#website\",\"url\":\"https:\/\/www.celttv.com.ar\/\",\"name\":\"CELTTV\",\"description\":\"Cooperativa El\u00e9ctrica de Tornquist\",\"publisher\":{\"@id\":\"https:\/\/www.celttv.com.ar\/#organization\"},\"potentialAction\":[{\"@type\":\"SearchAction\",\"target\":{\"@type\":\"EntryPoint\",\"urlTemplate\":\"https:\/\/www.celttv.com.ar\/?s={search_term_string}\"},\"query-input\":\"required name=search_term_string\"}],\"inLanguage\":\"es\"},{\"@type\":\"Organization\",\"@id\":\"https:\/\/www.celttv.com.ar\/#organization\",\"name\":\"CELTTV\",\"url\":\"https:\/\/www.celttv.com.ar\/\",\"sameAs\":[\"https:\/\/www.youtube.com\/channel\/UCz_oIt8Hig64Ub-EmcNPIhg\",\"https:\/\/www.facebook.com\/celtTV\/\"],\"logo\":{\"@type\":\"ImageObject\",\"inLanguage\":\"es\",\"@id\":\"https:\/\/www.celttv.com.ar\/#\/schema\/logo\/image\/\",\"url\":\"http:\/\/www.celttv.com.ar\/wp-content\/uploads\/2022\/08\/logo-1.png\",\"contentUrl\":\"http:\/\/www.celttv.com.ar\/wp-content\/uploads\/2022\/08\/logo-1.png\",\"width\":461,\"height\":159,\"caption\":\"CELTTV\"},\"image\":{\"@id\":\"https:\/\/www.celttv.com.ar\/#\/schema\/logo\/image\/\"}},{\"@type\":\"Person\",\"@id\":\"https:\/\/www.celttv.com.ar\/#\/schema\/person\/6d99c072dba59953809c81446e9d0ace\",\"name\":\"ulises\",\"image\":{\"@type\":\"ImageObject\",\"inLanguage\":\"es\",\"@id\":\"https:\/\/www.celttv.com.ar\/#\/schema\/person\/image\/\",\"url\":\"https:\/\/secure.gravatar.com\/avatar\/7f2c48bdc33b30088f941fb6082e555f2874c98e20cb159d7b92b50eadfce793?s=96&d=mm&r=g\",\"contentUrl\":\"https:\/\/secure.gravatar.com\/avatar\/7f2c48bdc33b30088f941fb6082e555f2874c98e20cb159d7b92b50eadfce793?s=96&d=mm&r=g\",\"caption\":\"ulises\"},\"sameAs\":[\"http:\/\/www.celttv.com.ar\"]}]}<\/script>\n<!-- \/ Yoast SEO plugin. -->","yoast_head_json":{"title":"Liga Regional de F\u00fatbol: La final de los cruces se jugar\u00e1 en D. Sarmiento - CELTTV","description":"Sitio web de noticias de la localidad de Tornquist, provincia de Buenos Aires, Rep\u00fablica Argentina. Contenido propio originado por periodistas de CELTTV, el canal de TV local de la Cooperativa El\u00e9ctrica de Tornquist. Turismo, Pol\u00edtica, Sociedad, Deporte, Cultura y todo el contenido de inter\u00e9s general que la gente del pueblo y la regi\u00f3n debe conocer.","robots":{"index":"index","follow":"follow","max-snippet":"max-snippet:-1","max-image-preview":"max-image-preview:large","max-video-preview":"max-video-preview:-1"},"canonical":"https:\/\/www.celttv.com.ar\/index.php\/2019\/06\/11\/liga-regional-de-futbol-la-final-de-los-cruces-se-jugara-en-d-sarmiento\/","og_locale":"es_ES","og_type":"article","og_title":"Liga Regional de F\u00fatbol: La final de los cruces se jugar\u00e1 en D. Sarmiento - CELTTV","og_description":"Sitio web de noticias de la localidad de Tornquist, provincia de Buenos Aires, Rep\u00fablica Argentina. Contenido propio originado por periodistas de CELTTV, el canal de TV local de la Cooperativa El\u00e9ctrica de Tornquist. Turismo, Pol\u00edtica, Sociedad, Deporte, Cultura y todo el contenido de inter\u00e9s general que la gente del pueblo y la regi\u00f3n debe conocer.","og_url":"https:\/\/www.celttv.com.ar\/index.php\/2019\/06\/11\/liga-regional-de-futbol-la-final-de-los-cruces-se-jugara-en-d-sarmiento\/","og_site_name":"CELTTV","article_publisher":"https:\/\/www.facebook.com\/celtTV\/","article_published_time":"2019-06-11T15:01:09+00:00","og_image":[{"width":640,"height":480,"url":"https:\/\/www.celttv.com.ar\/wp-content\/uploads\/2019\/06\/110_0c0f_sarmiento-coronelsuarez5-1_1560247282.jpg_640.jpg","type":"image\/jpeg"}],"author":"ulises","twitter_card":"summary_large_image","twitter_misc":{"Escrito por":"ulises","Tiempo de lectura":"2 minutos"},"schema":{"@context":"https:\/\/schema.org","@graph":[{"@type":"NewsArticle","@id":"https:\/\/www.celttv.com.ar\/index.php\/2019\/06\/11\/liga-regional-de-futbol-la-final-de-los-cruces-se-jugara-en-d-sarmiento\/#article","isPartOf":{"@id":"https:\/\/www.celttv.com.ar\/index.php\/2019\/06\/11\/liga-regional-de-futbol-la-final-de-los-cruces-se-jugara-en-d-sarmiento\/"},"author":{"name":"ulises","@id":"https:\/\/www.celttv.com.ar\/#\/schema\/person\/6d99c072dba59953809c81446e9d0ace"},"headline":"Liga Regional de F\u00fatbol: La final de los cruces se jugar\u00e1 en D. Sarmiento","datePublished":"2019-06-11T15:01:09+00:00","dateModified":"2019-06-11T15:01:09+00:00","mainEntityOfPage":{"@id":"https:\/\/www.celttv.com.ar\/index.php\/2019\/06\/11\/liga-regional-de-futbol-la-final-de-los-cruces-se-jugara-en-d-sarmiento\/"},"wordCount":417,"publisher":{"@id":"https:\/\/www.celttv.com.ar\/#organization"},"articleSection":["Celt TV Noticias","Deporte","Destacadas","Magazine Sport"],"inLanguage":"es"},{"@type":"WebPage","@id":"https:\/\/www.celttv.com.ar\/index.php\/2019\/06\/11\/liga-regional-de-futbol-la-final-de-los-cruces-se-jugara-en-d-sarmiento\/","url":"https:\/\/www.celttv.com.ar\/index.php\/2019\/06\/11\/liga-regional-de-futbol-la-final-de-los-cruces-se-jugara-en-d-sarmiento\/","name":"Liga Regional de F\u00fatbol: La final de los cruces se jugar\u00e1 en D. Sarmiento - CELTTV","isPartOf":{"@id":"https:\/\/www.celttv.com.ar\/#website"},"datePublished":"2019-06-11T15:01:09+00:00","dateModified":"2019-06-11T15:01:09+00:00","description":"Sitio web de noticias de la localidad de Tornquist, provincia de Buenos Aires, Rep\u00fablica Argentina. Contenido propio originado por periodistas de CELTTV, el canal de TV local de la Cooperativa El\u00e9ctrica de Tornquist. Turismo, Pol\u00edtica, Sociedad, Deporte, Cultura y todo el contenido de inter\u00e9s general que la gente del pueblo y la regi\u00f3n debe conocer.","breadcrumb":{"@id":"https:\/\/www.celttv.com.ar\/index.php\/2019\/06\/11\/liga-regional-de-futbol-la-final-de-los-cruces-se-jugara-en-d-sarmiento\/#breadcrumb"},"inLanguage":"es","potentialAction":[{"@type":"ReadAction","target":["https:\/\/www.celttv.com.ar\/index.php\/2019\/06\/11\/liga-regional-de-futbol-la-final-de-los-cruces-se-jugara-en-d-sarmiento\/"]}]},{"@type":"BreadcrumbList","@id":"https:\/\/www.celttv.com.ar\/index.php\/2019\/06\/11\/liga-regional-de-futbol-la-final-de-los-cruces-se-jugara-en-d-sarmiento\/#breadcrumb","itemListElement":[{"@type":"ListItem","position":1,"name":"Inicio","item":"https:\/\/www.celttv.com.ar\/"},{"@type":"ListItem","position":2,"name":"Liga Regional de F\u00fatbol: La final de los cruces se jugar\u00e1 en D. Sarmiento"}]},{"@type":"WebSite","@id":"https:\/\/www.celttv.com.ar\/#website","url":"https:\/\/www.celttv.com.ar\/","name":"CELTTV","description":"Cooperativa El\u00e9ctrica de Tornquist","publisher":{"@id":"https:\/\/www.celttv.com.ar\/#organization"},"potentialAction":[{"@type":"SearchAction","target":{"@type":"EntryPoint","urlTemplate":"https:\/\/www.celttv.com.ar\/?s={search_term_string}"},"query-input":"required name=search_term_string"}],"inLanguage":"es"},{"@type":"Organization","@id":"https:\/\/www.celttv.com.ar\/#organization","name":"CELTTV","url":"https:\/\/www.celttv.com.ar\/","sameAs":["https:\/\/www.youtube.com\/channel\/UCz_oIt8Hig64Ub-EmcNPIhg","https:\/\/www.facebook.com\/celtTV\/"],"logo":{"@type":"ImageObject","inLanguage":"es","@id":"https:\/\/www.celttv.com.ar\/#\/schema\/logo\/image\/","url":"http:\/\/www.celttv.com.ar\/wp-content\/uploads\/2022\/08\/logo-1.png","contentUrl":"http:\/\/www.celttv.com.ar\/wp-content\/uploads\/2022\/08\/logo-1.png","width":461,"height":159,"caption":"CELTTV"},"image":{"@id":"https:\/\/www.celttv.com.ar\/#\/schema\/logo\/image\/"}},{"@type":"Person","@id":"https:\/\/www.celttv.com.ar\/#\/schema\/person\/6d99c072dba59953809c81446e9d0ace","name":"ulises","image":{"@type":"ImageObject","inLanguage":"es","@id":"https:\/\/www.celttv.com.ar\/#\/schema\/person\/image\/","url":"https:\/\/secure.gravatar.com\/avatar\/7f2c48bdc33b30088f941fb6082e555f2874c98e20cb159d7b92b50eadfce793?s=96&d=mm&r=g","contentUrl":"https:\/\/secure.gravatar.com\/avatar\/7f2c48bdc33b30088f941fb6082e555f2874c98e20cb159d7b92b50eadfce793?s=96&d=mm&r=g","caption":"ulises"},"sameAs":["http:\/\/www.celttv.com.ar"]}]}},"_links":{"self":[{"href":"https:\/\/www.celttv.com.ar\/index.php\/wp-json\/wp\/v2\/posts\/42082","targetHints":{"allow":["GET"]}}],"collection":[{"href":"https:\/\/www.celttv.com.ar\/index.php\/wp-json\/wp\/v2\/posts"}],"about":[{"href":"https:\/\/www.celttv.com.ar\/index.php\/wp-json\/wp\/v2\/types\/post"}],"author":[{"embeddable":true,"href":"https:\/\/www.celttv.com.ar\/index.php\/wp-json\/wp\/v2\/users\/1"}],"replies":[{"embeddable":true,"href":"https:\/\/www.celttv.com.ar\/index.php\/wp-json\/wp\/v2\/comments?post=42082"}],"version-history":[{"count":0,"href":"https:\/\/www.celttv.com.ar\/index.php\/wp-json\/wp\/v2\/posts\/42082\/revisions"}],"wp:featuredmedia":[{"embeddable":true,"href":"https:\/\/www.celttv.com.ar\/index.php\/wp-json\/wp\/v2\/media\/42083"}],"wp:attachment":[{"href":"https:\/\/www.celttv.com.ar\/index.php\/wp-json\/wp\/v2\/media?parent=42082"}],"wp:term":[{"taxonomy":"category","embeddable":true,"href":"https:\/\/www.celttv.com.ar\/index.php\/wp-json\/wp\/v2\/categories?post=42082"},{"taxonomy":"post_tag","embeddable":true,"href":"https:\/\/www.celttv.com.ar\/index.php\/wp-json\/wp\/v2\/tags?post=42082"}],"curies":[{"name":"wp","href":"https:\/\/api.w.org\/{rel}","templated":true}]}}