{"id":42086,"date":"2019-06-11T20:00:03","date_gmt":"2019-06-11T20:00:03","guid":{"rendered":"http:\/\/www.celttv.com.ar\/?p=42086"},"modified":"2019-06-11T20:00:03","modified_gmt":"2019-06-11T20:00:03","slug":"automoto-repartio-puntos-con-sarmiento-en-inferiores","status":"publish","type":"post","link":"https:\/\/www.celttv.com.ar\/index.php\/2019\/06\/11\/automoto-repartio-puntos-con-sarmiento-en-inferiores\/","title":{"rendered":"Automoto reparti\u00f3 puntos con Sarmiento en Inferiores"},"content":{"rendered":"<div class=\"adelanto\">\n<p>En el marco de la primera fecha de la segunda ronda del torneo de la LRFCS.<\/p>\n<\/div>\n<div class=\"text\">\n<p>Fue un buen arranque. Por el rival y por los resultados. Los chicos de las Inferiores de Automoto cosecharon dos triunfos y dos derrotas ante Club Sarmiento de Pig\u00fc\u00e9, en el marco de los partidos disputados en el estadio Agust\u00edn Ruppel, correspondientes a la primera fecha de la segunda ronda del certamen.<\/p>\n<p>Sin dudas que la victoria m\u00e1s resonante result\u00f3 la de la quinta divisi\u00f3n. Despu\u00e9s de una primera rueda con altibajos y muy dispar, el equipo que dirige Mauricio Kugler demostr\u00f3 otra actitud y otro juego, para superar a los ganadores de la fase inicial por 3 a 2.<\/p>\n<p>El Rojo se repuso de un tempranero tanto en contra, dio vuelta el marcador con dos conquistas de Valentino Bucchi y estir\u00f3 la ventaja a trav\u00e9s de Nahuel Schwab. Sin embargo, el visitante no se resign\u00f3 y descont\u00f3 sobre el final del encuentro.<\/p>\n<p>La Sexta, que ya se encuentra clasificada para los cuartos de final que se disputar\u00e1n a fines de a\u00f1o, comenz\u00f3 la segunda instancia con un gran triunfo por 2 a 0. Tiziano Gambirassi y Tom\u00e1s Fuhr se hicieron presentes en la red y le permitieron a la categor\u00eda hilvanar su octavo triunfo en fila.<\/p>\n<p>En un partido muy cambiante y entretenido, Automoto cay\u00f3 por 4 a 2 en S\u00e9ptima. Sarmiento se puso 2 a 0 arriba, pero el local lleg\u00f3 a la igualdad por intermedio de Valent\u00edn Alric y Tom\u00e1s Dorregaray.<\/p>\n<p>Tras fallar algunas posibilidades de pasar al frente, el conjunto pig\u00fcense aprovech\u00f3 al m\u00e1ximo sus oportunidades y termin\u00f3 inclinando la balanza a su favor. Esta divisional tambi\u00e9n se encuentra clasificada a la instancia decisiva.<\/p>\n<p>Finalmente, la Octava perdi\u00f3 por 2 a 0.<\/p>\n<p>El pr\u00f3ximo s\u00e1bado, Automoto recibir\u00e1 a Empleados de Comercio de Guamin\u00ed en tres categor\u00edas (el rival no tiene S\u00e9ptima).<\/p>\n<p>&nbsp;<\/p>\n<p>Departamento de Prensa \u2013 Automoto Club Deportivo<\/p>\n<p>www.clubautomotopasion.com.ar<\/p>\n<p>Facebook: \/automototornquist<\/p>\n<p>Twitter: @ClubAutomoto<\/p>\n<p>YouTube: acdtvideos<\/p>\n<p><a href=\"http:\/\/www.celttv.com.ar\/?attachment_id=42087\" rel=\"attachment wp-att-42087\"><img loading=\"lazy\" decoding=\"async\" class=\"alignleft size-full wp-image-42087\" src=\"http:\/\/www.celttv.com.ar\/wp-content\/uploads\/2019\/06\/110_899a_DSC_9277_1560274202.jpg_960.jpg\" alt=\"\" width=\"960\" height=\"785\" srcset=\"https:\/\/www.celttv.com.ar\/wp-content\/uploads\/2019\/06\/110_899a_DSC_9277_1560274202.jpg_960.jpg 960w, https:\/\/www.celttv.com.ar\/wp-content\/uploads\/2019\/06\/110_899a_DSC_9277_1560274202.jpg_960-300x245.jpg 300w, https:\/\/www.celttv.com.ar\/wp-content\/uploads\/2019\/06\/110_899a_DSC_9277_1560274202.jpg_960-768x628.jpg 768w, https:\/\/www.celttv.com.ar\/wp-content\/uploads\/2019\/06\/110_899a_DSC_9277_1560274202.jpg_960-750x613.jpg 750w\" sizes=\"auto, (max-width: 960px) 100vw, 960px\" \/><\/a><\/p>\n<\/div>\n","protected":false},"excerpt":{"rendered":"<p>En el marco de la primera fecha de la segunda ronda del torneo de la LRFCS. Fue un buen arranque. Por el rival y por los resultados. Los chicos de las Inferiores de Automoto cosecharon dos triunfos y dos derrotas ante Club Sarmiento de Pig\u00fc\u00e9, en el marco de los partidos disputados en el estadio [&hellip;]<\/p>\n","protected":false},"author":1,"featured_media":42087,"comment_status":"closed","ping_status":"open","sticky":false,"template":"","format":"standard","meta":{"footnotes":""},"categories":[55,60,52,63],"tags":[],"class_list":["post-42086","post","type-post","status-publish","format-standard","has-post-thumbnail","hentry","category-celt-tv-noticias","category-deporte","category-destacadas","category-magazine-sport"],"yoast_head":"<!-- This site is optimized with the Yoast SEO plugin v19.7.1 - https:\/\/yoast.com\/wordpress\/plugins\/seo\/ -->\n<title>Automoto reparti\u00f3 puntos con Sarmiento en Inferiores - CELTTV<\/title>\n<meta name=\"description\" content=\"Sitio web de noticias de la localidad de Tornquist, provincia de Buenos Aires, Rep\u00fablica Argentina. Contenido propio originado por periodistas de CELTTV, el canal de TV local de la Cooperativa El\u00e9ctrica de Tornquist. Turismo, Pol\u00edtica, Sociedad, Deporte, Cultura y todo el contenido de inter\u00e9s general que la gente del pueblo y la regi\u00f3n debe conocer.\" \/>\n<meta name=\"robots\" content=\"index, follow, max-snippet:-1, max-image-preview:large, max-video-preview:-1\" \/>\n<link rel=\"canonical\" href=\"https:\/\/www.celttv.com.ar\/index.php\/2019\/06\/11\/automoto-repartio-puntos-con-sarmiento-en-inferiores\/\" \/>\n<meta property=\"og:locale\" content=\"es_ES\" \/>\n<meta property=\"og:type\" content=\"article\" \/>\n<meta property=\"og:title\" content=\"Automoto reparti\u00f3 puntos con Sarmiento en Inferiores - CELTTV\" \/>\n<meta property=\"og:description\" content=\"Sitio web de noticias de la localidad de Tornquist, provincia de Buenos Aires, Rep\u00fablica Argentina. Contenido propio originado por periodistas de CELTTV, el canal de TV local de la Cooperativa El\u00e9ctrica de Tornquist. Turismo, Pol\u00edtica, Sociedad, Deporte, Cultura y todo el contenido de inter\u00e9s general que la gente del pueblo y la regi\u00f3n debe conocer.\" \/>\n<meta property=\"og:url\" content=\"https:\/\/www.celttv.com.ar\/index.php\/2019\/06\/11\/automoto-repartio-puntos-con-sarmiento-en-inferiores\/\" \/>\n<meta property=\"og:site_name\" content=\"CELTTV\" \/>\n<meta property=\"article:publisher\" content=\"https:\/\/www.facebook.com\/celtTV\/\" \/>\n<meta property=\"article:published_time\" content=\"2019-06-11T20:00:03+00:00\" \/>\n<meta property=\"og:image\" content=\"https:\/\/www.celttv.com.ar\/wp-content\/uploads\/2019\/06\/110_899a_DSC_9277_1560274202.jpg_960.jpg\" \/>\n\t<meta property=\"og:image:width\" content=\"960\" \/>\n\t<meta property=\"og:image:height\" content=\"785\" \/>\n\t<meta property=\"og:image:type\" content=\"image\/jpeg\" \/>\n<meta name=\"author\" content=\"ulises\" \/>\n<meta name=\"twitter:card\" content=\"summary_large_image\" \/>\n<meta name=\"twitter:label1\" content=\"Escrito por\" \/>\n\t<meta name=\"twitter:data1\" content=\"ulises\" \/>\n\t<meta name=\"twitter:label2\" content=\"Tiempo de lectura\" \/>\n\t<meta name=\"twitter:data2\" content=\"2 minutos\" \/>\n<script type=\"application\/ld+json\" class=\"yoast-schema-graph\">{\"@context\":\"https:\/\/schema.org\",\"@graph\":[{\"@type\":\"NewsArticle\",\"@id\":\"https:\/\/www.celttv.com.ar\/index.php\/2019\/06\/11\/automoto-repartio-puntos-con-sarmiento-en-inferiores\/#article\",\"isPartOf\":{\"@id\":\"https:\/\/www.celttv.com.ar\/index.php\/2019\/06\/11\/automoto-repartio-puntos-con-sarmiento-en-inferiores\/\"},\"author\":{\"name\":\"ulises\",\"@id\":\"https:\/\/www.celttv.com.ar\/#\/schema\/person\/6d99c072dba59953809c81446e9d0ace\"},\"headline\":\"Automoto reparti\u00f3 puntos con Sarmiento en Inferiores\",\"datePublished\":\"2019-06-11T20:00:03+00:00\",\"dateModified\":\"2019-06-11T20:00:03+00:00\",\"mainEntityOfPage\":{\"@id\":\"https:\/\/www.celttv.com.ar\/index.php\/2019\/06\/11\/automoto-repartio-puntos-con-sarmiento-en-inferiores\/\"},\"wordCount\":344,\"publisher\":{\"@id\":\"https:\/\/www.celttv.com.ar\/#organization\"},\"articleSection\":[\"Celt TV Noticias\",\"Deporte\",\"Destacadas\",\"Magazine Sport\"],\"inLanguage\":\"es\"},{\"@type\":\"WebPage\",\"@id\":\"https:\/\/www.celttv.com.ar\/index.php\/2019\/06\/11\/automoto-repartio-puntos-con-sarmiento-en-inferiores\/\",\"url\":\"https:\/\/www.celttv.com.ar\/index.php\/2019\/06\/11\/automoto-repartio-puntos-con-sarmiento-en-inferiores\/\",\"name\":\"Automoto reparti\u00f3 puntos con Sarmiento en Inferiores - CELTTV\",\"isPartOf\":{\"@id\":\"https:\/\/www.celttv.com.ar\/#website\"},\"datePublished\":\"2019-06-11T20:00:03+00:00\",\"dateModified\":\"2019-06-11T20:00:03+00:00\",\"description\":\"Sitio web de noticias de la localidad de Tornquist, provincia de Buenos Aires, Rep\u00fablica Argentina. Contenido propio originado por periodistas de CELTTV, el canal de TV local de la Cooperativa El\u00e9ctrica de Tornquist. Turismo, Pol\u00edtica, Sociedad, Deporte, Cultura y todo el contenido de inter\u00e9s general que la gente del pueblo y la regi\u00f3n debe conocer.\",\"breadcrumb\":{\"@id\":\"https:\/\/www.celttv.com.ar\/index.php\/2019\/06\/11\/automoto-repartio-puntos-con-sarmiento-en-inferiores\/#breadcrumb\"},\"inLanguage\":\"es\",\"potentialAction\":[{\"@type\":\"ReadAction\",\"target\":[\"https:\/\/www.celttv.com.ar\/index.php\/2019\/06\/11\/automoto-repartio-puntos-con-sarmiento-en-inferiores\/\"]}]},{\"@type\":\"BreadcrumbList\",\"@id\":\"https:\/\/www.celttv.com.ar\/index.php\/2019\/06\/11\/automoto-repartio-puntos-con-sarmiento-en-inferiores\/#breadcrumb\",\"itemListElement\":[{\"@type\":\"ListItem\",\"position\":1,\"name\":\"Inicio\",\"item\":\"https:\/\/www.celttv.com.ar\/\"},{\"@type\":\"ListItem\",\"position\":2,\"name\":\"Automoto reparti\u00f3 puntos con Sarmiento en Inferiores\"}]},{\"@type\":\"WebSite\",\"@id\":\"https:\/\/www.celttv.com.ar\/#website\",\"url\":\"https:\/\/www.celttv.com.ar\/\",\"name\":\"CELTTV\",\"description\":\"Cooperativa El\u00e9ctrica de Tornquist\",\"publisher\":{\"@id\":\"https:\/\/www.celttv.com.ar\/#organization\"},\"potentialAction\":[{\"@type\":\"SearchAction\",\"target\":{\"@type\":\"EntryPoint\",\"urlTemplate\":\"https:\/\/www.celttv.com.ar\/?s={search_term_string}\"},\"query-input\":\"required name=search_term_string\"}],\"inLanguage\":\"es\"},{\"@type\":\"Organization\",\"@id\":\"https:\/\/www.celttv.com.ar\/#organization\",\"name\":\"CELTTV\",\"url\":\"https:\/\/www.celttv.com.ar\/\",\"sameAs\":[\"https:\/\/www.youtube.com\/channel\/UCz_oIt8Hig64Ub-EmcNPIhg\",\"https:\/\/www.facebook.com\/celtTV\/\"],\"logo\":{\"@type\":\"ImageObject\",\"inLanguage\":\"es\",\"@id\":\"https:\/\/www.celttv.com.ar\/#\/schema\/logo\/image\/\",\"url\":\"http:\/\/www.celttv.com.ar\/wp-content\/uploads\/2022\/08\/logo-1.png\",\"contentUrl\":\"http:\/\/www.celttv.com.ar\/wp-content\/uploads\/2022\/08\/logo-1.png\",\"width\":461,\"height\":159,\"caption\":\"CELTTV\"},\"image\":{\"@id\":\"https:\/\/www.celttv.com.ar\/#\/schema\/logo\/image\/\"}},{\"@type\":\"Person\",\"@id\":\"https:\/\/www.celttv.com.ar\/#\/schema\/person\/6d99c072dba59953809c81446e9d0ace\",\"name\":\"ulises\",\"image\":{\"@type\":\"ImageObject\",\"inLanguage\":\"es\",\"@id\":\"https:\/\/www.celttv.com.ar\/#\/schema\/person\/image\/\",\"url\":\"https:\/\/secure.gravatar.com\/avatar\/7f2c48bdc33b30088f941fb6082e555f2874c98e20cb159d7b92b50eadfce793?s=96&d=mm&r=g\",\"contentUrl\":\"https:\/\/secure.gravatar.com\/avatar\/7f2c48bdc33b30088f941fb6082e555f2874c98e20cb159d7b92b50eadfce793?s=96&d=mm&r=g\",\"caption\":\"ulises\"},\"sameAs\":[\"http:\/\/www.celttv.com.ar\"]}]}<\/script>\n<!-- \/ Yoast SEO plugin. -->","yoast_head_json":{"title":"Automoto reparti\u00f3 puntos con Sarmiento en Inferiores - CELTTV","description":"Sitio web de noticias de la localidad de Tornquist, provincia de Buenos Aires, Rep\u00fablica Argentina. Contenido propio originado por periodistas de CELTTV, el canal de TV local de la Cooperativa El\u00e9ctrica de Tornquist. Turismo, Pol\u00edtica, Sociedad, Deporte, Cultura y todo el contenido de inter\u00e9s general que la gente del pueblo y la regi\u00f3n debe conocer.","robots":{"index":"index","follow":"follow","max-snippet":"max-snippet:-1","max-image-preview":"max-image-preview:large","max-video-preview":"max-video-preview:-1"},"canonical":"https:\/\/www.celttv.com.ar\/index.php\/2019\/06\/11\/automoto-repartio-puntos-con-sarmiento-en-inferiores\/","og_locale":"es_ES","og_type":"article","og_title":"Automoto reparti\u00f3 puntos con Sarmiento en Inferiores - CELTTV","og_description":"Sitio web de noticias de la localidad de Tornquist, provincia de Buenos Aires, Rep\u00fablica Argentina. Contenido propio originado por periodistas de CELTTV, el canal de TV local de la Cooperativa El\u00e9ctrica de Tornquist. Turismo, Pol\u00edtica, Sociedad, Deporte, Cultura y todo el contenido de inter\u00e9s general que la gente del pueblo y la regi\u00f3n debe conocer.","og_url":"https:\/\/www.celttv.com.ar\/index.php\/2019\/06\/11\/automoto-repartio-puntos-con-sarmiento-en-inferiores\/","og_site_name":"CELTTV","article_publisher":"https:\/\/www.facebook.com\/celtTV\/","article_published_time":"2019-06-11T20:00:03+00:00","og_image":[{"width":960,"height":785,"url":"https:\/\/www.celttv.com.ar\/wp-content\/uploads\/2019\/06\/110_899a_DSC_9277_1560274202.jpg_960.jpg","type":"image\/jpeg"}],"author":"ulises","twitter_card":"summary_large_image","twitter_misc":{"Escrito por":"ulises","Tiempo de lectura":"2 minutos"},"schema":{"@context":"https:\/\/schema.org","@graph":[{"@type":"NewsArticle","@id":"https:\/\/www.celttv.com.ar\/index.php\/2019\/06\/11\/automoto-repartio-puntos-con-sarmiento-en-inferiores\/#article","isPartOf":{"@id":"https:\/\/www.celttv.com.ar\/index.php\/2019\/06\/11\/automoto-repartio-puntos-con-sarmiento-en-inferiores\/"},"author":{"name":"ulises","@id":"https:\/\/www.celttv.com.ar\/#\/schema\/person\/6d99c072dba59953809c81446e9d0ace"},"headline":"Automoto reparti\u00f3 puntos con Sarmiento en Inferiores","datePublished":"2019-06-11T20:00:03+00:00","dateModified":"2019-06-11T20:00:03+00:00","mainEntityOfPage":{"@id":"https:\/\/www.celttv.com.ar\/index.php\/2019\/06\/11\/automoto-repartio-puntos-con-sarmiento-en-inferiores\/"},"wordCount":344,"publisher":{"@id":"https:\/\/www.celttv.com.ar\/#organization"},"articleSection":["Celt TV Noticias","Deporte","Destacadas","Magazine Sport"],"inLanguage":"es"},{"@type":"WebPage","@id":"https:\/\/www.celttv.com.ar\/index.php\/2019\/06\/11\/automoto-repartio-puntos-con-sarmiento-en-inferiores\/","url":"https:\/\/www.celttv.com.ar\/index.php\/2019\/06\/11\/automoto-repartio-puntos-con-sarmiento-en-inferiores\/","name":"Automoto reparti\u00f3 puntos con Sarmiento en Inferiores - CELTTV","isPartOf":{"@id":"https:\/\/www.celttv.com.ar\/#website"},"datePublished":"2019-06-11T20:00:03+00:00","dateModified":"2019-06-11T20:00:03+00:00","description":"Sitio web de noticias de la localidad de Tornquist, provincia de Buenos Aires, Rep\u00fablica Argentina. Contenido propio originado por periodistas de CELTTV, el canal de TV local de la Cooperativa El\u00e9ctrica de Tornquist. Turismo, Pol\u00edtica, Sociedad, Deporte, Cultura y todo el contenido de inter\u00e9s general que la gente del pueblo y la regi\u00f3n debe conocer.","breadcrumb":{"@id":"https:\/\/www.celttv.com.ar\/index.php\/2019\/06\/11\/automoto-repartio-puntos-con-sarmiento-en-inferiores\/#breadcrumb"},"inLanguage":"es","potentialAction":[{"@type":"ReadAction","target":["https:\/\/www.celttv.com.ar\/index.php\/2019\/06\/11\/automoto-repartio-puntos-con-sarmiento-en-inferiores\/"]}]},{"@type":"BreadcrumbList","@id":"https:\/\/www.celttv.com.ar\/index.php\/2019\/06\/11\/automoto-repartio-puntos-con-sarmiento-en-inferiores\/#breadcrumb","itemListElement":[{"@type":"ListItem","position":1,"name":"Inicio","item":"https:\/\/www.celttv.com.ar\/"},{"@type":"ListItem","position":2,"name":"Automoto reparti\u00f3 puntos con Sarmiento en Inferiores"}]},{"@type":"WebSite","@id":"https:\/\/www.celttv.com.ar\/#website","url":"https:\/\/www.celttv.com.ar\/","name":"CELTTV","description":"Cooperativa El\u00e9ctrica de Tornquist","publisher":{"@id":"https:\/\/www.celttv.com.ar\/#organization"},"potentialAction":[{"@type":"SearchAction","target":{"@type":"EntryPoint","urlTemplate":"https:\/\/www.celttv.com.ar\/?s={search_term_string}"},"query-input":"required name=search_term_string"}],"inLanguage":"es"},{"@type":"Organization","@id":"https:\/\/www.celttv.com.ar\/#organization","name":"CELTTV","url":"https:\/\/www.celttv.com.ar\/","sameAs":["https:\/\/www.youtube.com\/channel\/UCz_oIt8Hig64Ub-EmcNPIhg","https:\/\/www.facebook.com\/celtTV\/"],"logo":{"@type":"ImageObject","inLanguage":"es","@id":"https:\/\/www.celttv.com.ar\/#\/schema\/logo\/image\/","url":"http:\/\/www.celttv.com.ar\/wp-content\/uploads\/2022\/08\/logo-1.png","contentUrl":"http:\/\/www.celttv.com.ar\/wp-content\/uploads\/2022\/08\/logo-1.png","width":461,"height":159,"caption":"CELTTV"},"image":{"@id":"https:\/\/www.celttv.com.ar\/#\/schema\/logo\/image\/"}},{"@type":"Person","@id":"https:\/\/www.celttv.com.ar\/#\/schema\/person\/6d99c072dba59953809c81446e9d0ace","name":"ulises","image":{"@type":"ImageObject","inLanguage":"es","@id":"https:\/\/www.celttv.com.ar\/#\/schema\/person\/image\/","url":"https:\/\/secure.gravatar.com\/avatar\/7f2c48bdc33b30088f941fb6082e555f2874c98e20cb159d7b92b50eadfce793?s=96&d=mm&r=g","contentUrl":"https:\/\/secure.gravatar.com\/avatar\/7f2c48bdc33b30088f941fb6082e555f2874c98e20cb159d7b92b50eadfce793?s=96&d=mm&r=g","caption":"ulises"},"sameAs":["http:\/\/www.celttv.com.ar"]}]}},"_links":{"self":[{"href":"https:\/\/www.celttv.com.ar\/index.php\/wp-json\/wp\/v2\/posts\/42086","targetHints":{"allow":["GET"]}}],"collection":[{"href":"https:\/\/www.celttv.com.ar\/index.php\/wp-json\/wp\/v2\/posts"}],"about":[{"href":"https:\/\/www.celttv.com.ar\/index.php\/wp-json\/wp\/v2\/types\/post"}],"author":[{"embeddable":true,"href":"https:\/\/www.celttv.com.ar\/index.php\/wp-json\/wp\/v2\/users\/1"}],"replies":[{"embeddable":true,"href":"https:\/\/www.celttv.com.ar\/index.php\/wp-json\/wp\/v2\/comments?post=42086"}],"version-history":[{"count":0,"href":"https:\/\/www.celttv.com.ar\/index.php\/wp-json\/wp\/v2\/posts\/42086\/revisions"}],"wp:featuredmedia":[{"embeddable":true,"href":"https:\/\/www.celttv.com.ar\/index.php\/wp-json\/wp\/v2\/media\/42087"}],"wp:attachment":[{"href":"https:\/\/www.celttv.com.ar\/index.php\/wp-json\/wp\/v2\/media?parent=42086"}],"wp:term":[{"taxonomy":"category","embeddable":true,"href":"https:\/\/www.celttv.com.ar\/index.php\/wp-json\/wp\/v2\/categories?post=42086"},{"taxonomy":"post_tag","embeddable":true,"href":"https:\/\/www.celttv.com.ar\/index.php\/wp-json\/wp\/v2\/tags?post=42086"}],"curies":[{"name":"wp","href":"https:\/\/api.w.org\/{rel}","templated":true}]}}