{"id":42105,"date":"2019-06-12T19:12:15","date_gmt":"2019-06-12T19:12:15","guid":{"rendered":"http:\/\/www.celttv.com.ar\/?p=42105"},"modified":"2019-06-12T19:12:15","modified_gmt":"2019-06-12T19:12:15","slug":"se-vivio-en-villa-ventana-la-maraton-de-montana-m42","status":"publish","type":"post","link":"https:\/\/www.celttv.com.ar\/index.php\/2019\/06\/12\/se-vivio-en-villa-ventana-la-maraton-de-montana-m42\/","title":{"rendered":"Se vivi\u00f3 en Villa Ventana la Marat\u00f3n de Monta\u00f1a M42"},"content":{"rendered":"<p>El domingo 26 de junio se realiz\u00f3 la 8va. edici\u00f3n de la competencia Marat\u00f3n de Monta\u00f1a M42 en Villa Ventana, que reuni\u00f3 a m\u00e1s de 1300 pedestristas.<\/p>\n<p>En esta oportunidad, la marat\u00f3n cont\u00f3 con una novedad, una nueva distancia ultra de 50K, siendo <strong>Alejo<\/strong>\u00a0<strong>Christensen\u00a0<\/strong>quien se qued\u00f3 con el primer puesto al pisar la l\u00ednea de llegada en 4 horas 39 minutos y 39 segundos.<\/p>\n<p>La gran novedad de la octava edici\u00f3n, la nueva distancia de 50 kil\u00f3metros, tuvo la largada a 12 kil\u00f3metros de la salida original del resto de las distancias, en el Complejo Puesta del Sol.<\/p>\n<p><strong>Christensen\u00a0<\/strong>marc\u00f3 el mejor tiempo de toda la carrera, en la segunda posici\u00f3n finaliz\u00f3 Hugo Orlando <strong>L\u00f3pez<\/strong> marcando <strong>04:56:17, <\/strong>seguido por <strong>Rogelio Andr\u00e9s Blanco<\/strong>\u00a0con un tiempo de<strong>\u00a004:58:45.<\/strong><\/p>\n<p>Entre las mujeres, <strong>Lorena Francani <\/strong><strong>fue <\/strong>la primera corredora en cruzar la l\u00ednea de meta de los 50K con un tiempo de\u00a0<strong>05:19:49.<\/strong><em>\u00a0<\/em>El segundo puesto fue para\u00a0<strong>Paola Soledad Griffa<\/strong>\u00a0con <strong>05:21:18\u00a0<\/strong>y el tercer lugar lo ocup\u00f3\u00a0<strong>Giselle Blanco<\/strong>\u00a0con\u00a0<strong>05:42:36.\u00a0<\/strong><\/p>\n<p>Los\u00a0<strong>42K<\/strong>\u00a0tuvieron como uno de los principales desaf\u00edos la subida de la Estancia Las Vertientes a una altura aproximada de 900 metros sobre el nivel del mar, lugar perfecto para disfrutar de un paisaje panor\u00e1mico de la comarca. Este a\u00f1o la distancia super\u00f3 la cantidad de corredores de la s\u00e9ptima edici\u00f3n: m\u00e1s de 100 atletas se animaron al marat\u00f3n. Cuando el reloj marc\u00f3 las\u00a0<strong>3 horas, 54 minutos y 19 segundos, Bruno Ignacio Vilacha\u00a0<\/strong>fue el primer corredor en pisar la l\u00ednea de llegada. Muy cerca lleg\u00f3 el segundo,\u00a0<strong>Mario Oscar Carmody,\u00a0<\/strong>en<strong>\u00a003:54:36\u00a0<\/strong>y complet\u00f3 el podio<strong>\u00a0Federico Braum\u00a0<\/strong>con un tiempo de<strong>\u00a003:56:47.<\/strong><\/p>\n<p>Por el lado de las mujeres, la primera dama de 42K en llegar al arco fue\u00a0<strong>Constanza L\u00f3pez Morelli<\/strong>, quien termin\u00f3 su recorrido\u00a0<strong>en 4 horas, 36 minutos y 59 segundos.<\/strong> El segundo lugar lo ocup\u00f3<strong>\u00a0Cecilia Alcorta<\/strong>\u00a0con\u00a0<strong>04:46:50 y<\/strong> el tercer puesto fue para<strong>\u00a0Daiana L\u00f3pez Castillo\u00a0<\/strong>con <strong>04:53:02.<\/strong><\/p>\n<p>Las dos distancias m\u00e1s duras del circuito pasaron por campos sembrados, arroyos y por el predio del ex Club Hotel y la belleza de su bosque. Tambi\u00e9n recorrieron la Escuela Agraria y los viejos terraplenes de \u201cLa Trochita\u201d.<\/p>\n<p>A las 10 de la ma\u00f1ana fue el turno de la distancia m\u00e1s convocante: los\u00a0<strong>25K.<\/strong>\u00a0El podio masculino fue liderado por\u00a0<strong>Sebasti\u00e1n Asquinazi<\/strong>\u00a0con un tiempo de\u00a0<strong>1 hora, 56 minutos y 44 segundos.\u00a0<\/strong>Lo sigui\u00f3\u00a0<strong>Nicol\u00e1s Arena con 01:58:54\u00a0<\/strong>y\u00a0<strong>Jorge Bosotto<\/strong>\u00a0con un tiempo de<strong>\u00a002:01:00.\u00a0<\/strong>La primera mujer en pisar la l\u00ednea de llegada fue<strong>\u00a0Andrea Changazzo\u00a0<\/strong>en\u00a0<strong>2 horas, 5 minutos y 27 segundos.<\/strong>\u00a0El segundo puesto fue para la mundialista\u00a0<strong>Mar\u00eda de los \u00c1ngeles Pereyra\u00a0<\/strong>con\u00a0<strong>02:10:59\u00a0<\/strong>y lo complet\u00f3 <strong>Natalia Meza\u00a0<\/strong>en<strong>\u00a002:14:20.<\/strong><\/p>\n<p>La \u00faltima distancia en largar fueron los\u00a0<strong>10K<\/strong>, una combinaci\u00f3n de t\u00e9cnica, dureza y motivaci\u00f3n entre participantes. Trepadas y bajadas t\u00e9cnicas con vista panor\u00e1mica de 360\u00ba desde los 400 metros sobre el nivel del mar.<\/p>\n<p>El ganador fue\u00a0<strong>Marcos G\u00f3mez Kistner\u00a0<\/strong>haciendo<strong>\u00a044 minutos y 40 segundos.\u00a0Alan Germ\u00e1n Bauer\u00a0<\/strong>ocup\u00f3 el segundo lugar en<strong>\u00a045\u2019 49\u201d <\/strong>y complet\u00f3 el podio<strong>\u00a0Daniel Scarpecci<\/strong>\u00a0con un tiempo de\u00a0<strong>46\u201917\u201d<\/strong>. Por el lado de las mujeres, el primer puesto fue para\u00a0<strong>Karina Andrea Parada<\/strong>\u00a0qui\u00e9n finaliz\u00f3 su carrera en\u00a0<strong>56 minutos y 41 segundos<\/strong>. La sigui\u00f3\u00a0<strong>Cintia Bel\u00e9n Cortese<\/strong>\u00a0con\u00a0<strong>57\u201918\u201d<\/strong>\u00a0y\u00a0<strong>Mar\u00eda Florencia Duvanced<\/strong>\u00a0con<strong>\u00a058\u201928\u201d.<\/strong><\/p>\n<p><a href=\"http:\/\/www.celttv.com.ar\/?attachment_id=42106\" rel=\"attachment wp-att-42106\"><img loading=\"lazy\" decoding=\"async\" class=\"alignleft size-full wp-image-42106\" src=\"http:\/\/www.celttv.com.ar\/wp-content\/uploads\/2019\/06\/unnamed-2.jpg\" alt=\"\" width=\"2048\" height=\"1367\" srcset=\"https:\/\/www.celttv.com.ar\/wp-content\/uploads\/2019\/06\/unnamed-2.jpg 2048w, https:\/\/www.celttv.com.ar\/wp-content\/uploads\/2019\/06\/unnamed-2-300x200.jpg 300w, https:\/\/www.celttv.com.ar\/wp-content\/uploads\/2019\/06\/unnamed-2-1024x684.jpg 1024w, https:\/\/www.celttv.com.ar\/wp-content\/uploads\/2019\/06\/unnamed-2-768x513.jpg 768w, https:\/\/www.celttv.com.ar\/wp-content\/uploads\/2019\/06\/unnamed-2-1536x1025.jpg 1536w, https:\/\/www.celttv.com.ar\/wp-content\/uploads\/2019\/06\/unnamed-2-750x501.jpg 750w, https:\/\/www.celttv.com.ar\/wp-content\/uploads\/2019\/06\/unnamed-2-1140x761.jpg 1140w\" sizes=\"auto, (max-width: 2048px) 100vw, 2048px\" \/><\/a> <a href=\"http:\/\/www.celttv.com.ar\/?attachment_id=42107\" rel=\"attachment wp-att-42107\"><img loading=\"lazy\" decoding=\"async\" class=\"alignleft size-medium wp-image-42107\" src=\"http:\/\/www.celttv.com.ar\/wp-content\/uploads\/2019\/06\/unnamed-4.jpg\" alt=\"\" width=\"780\" height=\"449\" srcset=\"https:\/\/www.celttv.com.ar\/wp-content\/uploads\/2019\/06\/unnamed-4.jpg 2048w, https:\/\/www.celttv.com.ar\/wp-content\/uploads\/2019\/06\/unnamed-4-300x173.jpg 300w, https:\/\/www.celttv.com.ar\/wp-content\/uploads\/2019\/06\/unnamed-4-1024x590.jpg 1024w, https:\/\/www.celttv.com.ar\/wp-content\/uploads\/2019\/06\/unnamed-4-768x443.jpg 768w, https:\/\/www.celttv.com.ar\/wp-content\/uploads\/2019\/06\/unnamed-4-1536x885.jpg 1536w, https:\/\/www.celttv.com.ar\/wp-content\/uploads\/2019\/06\/unnamed-4-750x432.jpg 750w, https:\/\/www.celttv.com.ar\/wp-content\/uploads\/2019\/06\/unnamed-4-1140x657.jpg 1140w\" sizes=\"auto, (max-width: 780px) 100vw, 780px\" \/><\/a> <a href=\"http:\/\/www.celttv.com.ar\/?attachment_id=42108\" rel=\"attachment wp-att-42108\"><img loading=\"lazy\" decoding=\"async\" class=\"alignleft size-medium wp-image-42108\" src=\"http:\/\/www.celttv.com.ar\/wp-content\/uploads\/2019\/06\/unnamed-5.jpg\" alt=\"\" width=\"780\" height=\"521\" srcset=\"https:\/\/www.celttv.com.ar\/wp-content\/uploads\/2019\/06\/unnamed-5.jpg 2048w, https:\/\/www.celttv.com.ar\/wp-content\/uploads\/2019\/06\/unnamed-5-300x200.jpg 300w, https:\/\/www.celttv.com.ar\/wp-content\/uploads\/2019\/06\/unnamed-5-1024x684.jpg 1024w, https:\/\/www.celttv.com.ar\/wp-content\/uploads\/2019\/06\/unnamed-5-768x513.jpg 768w, https:\/\/www.celttv.com.ar\/wp-content\/uploads\/2019\/06\/unnamed-5-1536x1025.jpg 1536w, https:\/\/www.celttv.com.ar\/wp-content\/uploads\/2019\/06\/unnamed-5-750x501.jpg 750w, https:\/\/www.celttv.com.ar\/wp-content\/uploads\/2019\/06\/unnamed-5-1140x761.jpg 1140w\" sizes=\"auto, (max-width: 780px) 100vw, 780px\" \/><\/a><\/p>\n","protected":false},"excerpt":{"rendered":"<p>El domingo 26 de junio se realiz\u00f3 la 8va. edici\u00f3n de la competencia Marat\u00f3n de Monta\u00f1a M42 en Villa Ventana, que reuni\u00f3 a m\u00e1s de 1300 pedestristas. En esta oportunidad, la marat\u00f3n cont\u00f3 con una novedad, una nueva distancia ultra de 50K, siendo Alejo\u00a0Christensen\u00a0quien se qued\u00f3 con el primer puesto al pisar la l\u00ednea de [&hellip;]<\/p>\n","protected":false},"author":1,"featured_media":42107,"comment_status":"closed","ping_status":"open","sticky":false,"template":"","format":"standard","meta":{"footnotes":""},"categories":[55,60,52,63],"tags":[],"class_list":["post-42105","post","type-post","status-publish","format-standard","has-post-thumbnail","hentry","category-celt-tv-noticias","category-deporte","category-destacadas","category-magazine-sport"],"yoast_head":"<!-- This site is optimized with the Yoast SEO plugin v19.7.1 - https:\/\/yoast.com\/wordpress\/plugins\/seo\/ -->\n<title>Se vivi\u00f3 en Villa Ventana la Marat\u00f3n de Monta\u00f1a M42 - CELTTV<\/title>\n<meta name=\"description\" content=\"Sitio web de noticias de la localidad de Tornquist, provincia de Buenos Aires, Rep\u00fablica Argentina. Contenido propio originado por periodistas de CELTTV, el canal de TV local de la Cooperativa El\u00e9ctrica de Tornquist. Turismo, Pol\u00edtica, Sociedad, Deporte, Cultura y todo el contenido de inter\u00e9s general que la gente del pueblo y la regi\u00f3n debe conocer.\" \/>\n<meta name=\"robots\" content=\"index, follow, max-snippet:-1, max-image-preview:large, max-video-preview:-1\" \/>\n<link rel=\"canonical\" href=\"https:\/\/www.celttv.com.ar\/index.php\/2019\/06\/12\/se-vivio-en-villa-ventana-la-maraton-de-montana-m42\/\" \/>\n<meta property=\"og:locale\" content=\"es_ES\" \/>\n<meta property=\"og:type\" content=\"article\" \/>\n<meta property=\"og:title\" content=\"Se vivi\u00f3 en Villa Ventana la Marat\u00f3n de Monta\u00f1a M42 - CELTTV\" \/>\n<meta property=\"og:description\" content=\"Sitio web de noticias de la localidad de Tornquist, provincia de Buenos Aires, Rep\u00fablica Argentina. Contenido propio originado por periodistas de CELTTV, el canal de TV local de la Cooperativa El\u00e9ctrica de Tornquist. Turismo, Pol\u00edtica, Sociedad, Deporte, Cultura y todo el contenido de inter\u00e9s general que la gente del pueblo y la regi\u00f3n debe conocer.\" \/>\n<meta property=\"og:url\" content=\"https:\/\/www.celttv.com.ar\/index.php\/2019\/06\/12\/se-vivio-en-villa-ventana-la-maraton-de-montana-m42\/\" \/>\n<meta property=\"og:site_name\" content=\"CELTTV\" \/>\n<meta property=\"article:publisher\" content=\"https:\/\/www.facebook.com\/celtTV\/\" \/>\n<meta property=\"article:published_time\" content=\"2019-06-12T19:12:15+00:00\" \/>\n<meta property=\"og:image\" content=\"https:\/\/www.celttv.com.ar\/wp-content\/uploads\/2019\/06\/unnamed-4.jpg\" \/>\n\t<meta property=\"og:image:width\" content=\"2048\" \/>\n\t<meta property=\"og:image:height\" content=\"1180\" \/>\n\t<meta property=\"og:image:type\" content=\"image\/jpeg\" \/>\n<meta name=\"author\" content=\"ulises\" \/>\n<meta name=\"twitter:card\" content=\"summary_large_image\" \/>\n<meta name=\"twitter:label1\" content=\"Escrito por\" \/>\n\t<meta name=\"twitter:data1\" content=\"ulises\" \/>\n\t<meta name=\"twitter:label2\" content=\"Tiempo de lectura\" \/>\n\t<meta name=\"twitter:data2\" content=\"3 minutos\" \/>\n<script type=\"application\/ld+json\" class=\"yoast-schema-graph\">{\"@context\":\"https:\/\/schema.org\",\"@graph\":[{\"@type\":\"NewsArticle\",\"@id\":\"https:\/\/www.celttv.com.ar\/index.php\/2019\/06\/12\/se-vivio-en-villa-ventana-la-maraton-de-montana-m42\/#article\",\"isPartOf\":{\"@id\":\"https:\/\/www.celttv.com.ar\/index.php\/2019\/06\/12\/se-vivio-en-villa-ventana-la-maraton-de-montana-m42\/\"},\"author\":{\"name\":\"ulises\",\"@id\":\"https:\/\/www.celttv.com.ar\/#\/schema\/person\/6d99c072dba59953809c81446e9d0ace\"},\"headline\":\"Se vivi\u00f3 en Villa Ventana la Marat\u00f3n de Monta\u00f1a M42\",\"datePublished\":\"2019-06-12T19:12:15+00:00\",\"dateModified\":\"2019-06-12T19:12:15+00:00\",\"mainEntityOfPage\":{\"@id\":\"https:\/\/www.celttv.com.ar\/index.php\/2019\/06\/12\/se-vivio-en-villa-ventana-la-maraton-de-montana-m42\/\"},\"wordCount\":569,\"publisher\":{\"@id\":\"https:\/\/www.celttv.com.ar\/#organization\"},\"articleSection\":[\"Celt TV Noticias\",\"Deporte\",\"Destacadas\",\"Magazine Sport\"],\"inLanguage\":\"es\"},{\"@type\":\"WebPage\",\"@id\":\"https:\/\/www.celttv.com.ar\/index.php\/2019\/06\/12\/se-vivio-en-villa-ventana-la-maraton-de-montana-m42\/\",\"url\":\"https:\/\/www.celttv.com.ar\/index.php\/2019\/06\/12\/se-vivio-en-villa-ventana-la-maraton-de-montana-m42\/\",\"name\":\"Se vivi\u00f3 en Villa Ventana la Marat\u00f3n de Monta\u00f1a M42 - CELTTV\",\"isPartOf\":{\"@id\":\"https:\/\/www.celttv.com.ar\/#website\"},\"datePublished\":\"2019-06-12T19:12:15+00:00\",\"dateModified\":\"2019-06-12T19:12:15+00:00\",\"description\":\"Sitio web de noticias de la localidad de Tornquist, provincia de Buenos Aires, Rep\u00fablica Argentina. Contenido propio originado por periodistas de CELTTV, el canal de TV local de la Cooperativa El\u00e9ctrica de Tornquist. Turismo, Pol\u00edtica, Sociedad, Deporte, Cultura y todo el contenido de inter\u00e9s general que la gente del pueblo y la regi\u00f3n debe conocer.\",\"breadcrumb\":{\"@id\":\"https:\/\/www.celttv.com.ar\/index.php\/2019\/06\/12\/se-vivio-en-villa-ventana-la-maraton-de-montana-m42\/#breadcrumb\"},\"inLanguage\":\"es\",\"potentialAction\":[{\"@type\":\"ReadAction\",\"target\":[\"https:\/\/www.celttv.com.ar\/index.php\/2019\/06\/12\/se-vivio-en-villa-ventana-la-maraton-de-montana-m42\/\"]}]},{\"@type\":\"BreadcrumbList\",\"@id\":\"https:\/\/www.celttv.com.ar\/index.php\/2019\/06\/12\/se-vivio-en-villa-ventana-la-maraton-de-montana-m42\/#breadcrumb\",\"itemListElement\":[{\"@type\":\"ListItem\",\"position\":1,\"name\":\"Inicio\",\"item\":\"https:\/\/www.celttv.com.ar\/\"},{\"@type\":\"ListItem\",\"position\":2,\"name\":\"Se vivi\u00f3 en Villa Ventana la Marat\u00f3n de Monta\u00f1a M42\"}]},{\"@type\":\"WebSite\",\"@id\":\"https:\/\/www.celttv.com.ar\/#website\",\"url\":\"https:\/\/www.celttv.com.ar\/\",\"name\":\"CELTTV\",\"description\":\"Cooperativa El\u00e9ctrica de Tornquist\",\"publisher\":{\"@id\":\"https:\/\/www.celttv.com.ar\/#organization\"},\"potentialAction\":[{\"@type\":\"SearchAction\",\"target\":{\"@type\":\"EntryPoint\",\"urlTemplate\":\"https:\/\/www.celttv.com.ar\/?s={search_term_string}\"},\"query-input\":\"required name=search_term_string\"}],\"inLanguage\":\"es\"},{\"@type\":\"Organization\",\"@id\":\"https:\/\/www.celttv.com.ar\/#organization\",\"name\":\"CELTTV\",\"url\":\"https:\/\/www.celttv.com.ar\/\",\"sameAs\":[\"https:\/\/www.youtube.com\/channel\/UCz_oIt8Hig64Ub-EmcNPIhg\",\"https:\/\/www.facebook.com\/celtTV\/\"],\"logo\":{\"@type\":\"ImageObject\",\"inLanguage\":\"es\",\"@id\":\"https:\/\/www.celttv.com.ar\/#\/schema\/logo\/image\/\",\"url\":\"http:\/\/www.celttv.com.ar\/wp-content\/uploads\/2022\/08\/logo-1.png\",\"contentUrl\":\"http:\/\/www.celttv.com.ar\/wp-content\/uploads\/2022\/08\/logo-1.png\",\"width\":461,\"height\":159,\"caption\":\"CELTTV\"},\"image\":{\"@id\":\"https:\/\/www.celttv.com.ar\/#\/schema\/logo\/image\/\"}},{\"@type\":\"Person\",\"@id\":\"https:\/\/www.celttv.com.ar\/#\/schema\/person\/6d99c072dba59953809c81446e9d0ace\",\"name\":\"ulises\",\"image\":{\"@type\":\"ImageObject\",\"inLanguage\":\"es\",\"@id\":\"https:\/\/www.celttv.com.ar\/#\/schema\/person\/image\/\",\"url\":\"https:\/\/secure.gravatar.com\/avatar\/7f2c48bdc33b30088f941fb6082e555f2874c98e20cb159d7b92b50eadfce793?s=96&d=mm&r=g\",\"contentUrl\":\"https:\/\/secure.gravatar.com\/avatar\/7f2c48bdc33b30088f941fb6082e555f2874c98e20cb159d7b92b50eadfce793?s=96&d=mm&r=g\",\"caption\":\"ulises\"},\"sameAs\":[\"http:\/\/www.celttv.com.ar\"]}]}<\/script>\n<!-- \/ Yoast SEO plugin. -->","yoast_head_json":{"title":"Se vivi\u00f3 en Villa Ventana la Marat\u00f3n de Monta\u00f1a M42 - CELTTV","description":"Sitio web de noticias de la localidad de Tornquist, provincia de Buenos Aires, Rep\u00fablica Argentina. Contenido propio originado por periodistas de CELTTV, el canal de TV local de la Cooperativa El\u00e9ctrica de Tornquist. Turismo, Pol\u00edtica, Sociedad, Deporte, Cultura y todo el contenido de inter\u00e9s general que la gente del pueblo y la regi\u00f3n debe conocer.","robots":{"index":"index","follow":"follow","max-snippet":"max-snippet:-1","max-image-preview":"max-image-preview:large","max-video-preview":"max-video-preview:-1"},"canonical":"https:\/\/www.celttv.com.ar\/index.php\/2019\/06\/12\/se-vivio-en-villa-ventana-la-maraton-de-montana-m42\/","og_locale":"es_ES","og_type":"article","og_title":"Se vivi\u00f3 en Villa Ventana la Marat\u00f3n de Monta\u00f1a M42 - CELTTV","og_description":"Sitio web de noticias de la localidad de Tornquist, provincia de Buenos Aires, Rep\u00fablica Argentina. Contenido propio originado por periodistas de CELTTV, el canal de TV local de la Cooperativa El\u00e9ctrica de Tornquist. Turismo, Pol\u00edtica, Sociedad, Deporte, Cultura y todo el contenido de inter\u00e9s general que la gente del pueblo y la regi\u00f3n debe conocer.","og_url":"https:\/\/www.celttv.com.ar\/index.php\/2019\/06\/12\/se-vivio-en-villa-ventana-la-maraton-de-montana-m42\/","og_site_name":"CELTTV","article_publisher":"https:\/\/www.facebook.com\/celtTV\/","article_published_time":"2019-06-12T19:12:15+00:00","og_image":[{"width":2048,"height":1180,"url":"https:\/\/www.celttv.com.ar\/wp-content\/uploads\/2019\/06\/unnamed-4.jpg","type":"image\/jpeg"}],"author":"ulises","twitter_card":"summary_large_image","twitter_misc":{"Escrito por":"ulises","Tiempo de lectura":"3 minutos"},"schema":{"@context":"https:\/\/schema.org","@graph":[{"@type":"NewsArticle","@id":"https:\/\/www.celttv.com.ar\/index.php\/2019\/06\/12\/se-vivio-en-villa-ventana-la-maraton-de-montana-m42\/#article","isPartOf":{"@id":"https:\/\/www.celttv.com.ar\/index.php\/2019\/06\/12\/se-vivio-en-villa-ventana-la-maraton-de-montana-m42\/"},"author":{"name":"ulises","@id":"https:\/\/www.celttv.com.ar\/#\/schema\/person\/6d99c072dba59953809c81446e9d0ace"},"headline":"Se vivi\u00f3 en Villa Ventana la Marat\u00f3n de Monta\u00f1a M42","datePublished":"2019-06-12T19:12:15+00:00","dateModified":"2019-06-12T19:12:15+00:00","mainEntityOfPage":{"@id":"https:\/\/www.celttv.com.ar\/index.php\/2019\/06\/12\/se-vivio-en-villa-ventana-la-maraton-de-montana-m42\/"},"wordCount":569,"publisher":{"@id":"https:\/\/www.celttv.com.ar\/#organization"},"articleSection":["Celt TV Noticias","Deporte","Destacadas","Magazine Sport"],"inLanguage":"es"},{"@type":"WebPage","@id":"https:\/\/www.celttv.com.ar\/index.php\/2019\/06\/12\/se-vivio-en-villa-ventana-la-maraton-de-montana-m42\/","url":"https:\/\/www.celttv.com.ar\/index.php\/2019\/06\/12\/se-vivio-en-villa-ventana-la-maraton-de-montana-m42\/","name":"Se vivi\u00f3 en Villa Ventana la Marat\u00f3n de Monta\u00f1a M42 - CELTTV","isPartOf":{"@id":"https:\/\/www.celttv.com.ar\/#website"},"datePublished":"2019-06-12T19:12:15+00:00","dateModified":"2019-06-12T19:12:15+00:00","description":"Sitio web de noticias de la localidad de Tornquist, provincia de Buenos Aires, Rep\u00fablica Argentina. Contenido propio originado por periodistas de CELTTV, el canal de TV local de la Cooperativa El\u00e9ctrica de Tornquist. Turismo, Pol\u00edtica, Sociedad, Deporte, Cultura y todo el contenido de inter\u00e9s general que la gente del pueblo y la regi\u00f3n debe conocer.","breadcrumb":{"@id":"https:\/\/www.celttv.com.ar\/index.php\/2019\/06\/12\/se-vivio-en-villa-ventana-la-maraton-de-montana-m42\/#breadcrumb"},"inLanguage":"es","potentialAction":[{"@type":"ReadAction","target":["https:\/\/www.celttv.com.ar\/index.php\/2019\/06\/12\/se-vivio-en-villa-ventana-la-maraton-de-montana-m42\/"]}]},{"@type":"BreadcrumbList","@id":"https:\/\/www.celttv.com.ar\/index.php\/2019\/06\/12\/se-vivio-en-villa-ventana-la-maraton-de-montana-m42\/#breadcrumb","itemListElement":[{"@type":"ListItem","position":1,"name":"Inicio","item":"https:\/\/www.celttv.com.ar\/"},{"@type":"ListItem","position":2,"name":"Se vivi\u00f3 en Villa Ventana la Marat\u00f3n de Monta\u00f1a M42"}]},{"@type":"WebSite","@id":"https:\/\/www.celttv.com.ar\/#website","url":"https:\/\/www.celttv.com.ar\/","name":"CELTTV","description":"Cooperativa El\u00e9ctrica de Tornquist","publisher":{"@id":"https:\/\/www.celttv.com.ar\/#organization"},"potentialAction":[{"@type":"SearchAction","target":{"@type":"EntryPoint","urlTemplate":"https:\/\/www.celttv.com.ar\/?s={search_term_string}"},"query-input":"required name=search_term_string"}],"inLanguage":"es"},{"@type":"Organization","@id":"https:\/\/www.celttv.com.ar\/#organization","name":"CELTTV","url":"https:\/\/www.celttv.com.ar\/","sameAs":["https:\/\/www.youtube.com\/channel\/UCz_oIt8Hig64Ub-EmcNPIhg","https:\/\/www.facebook.com\/celtTV\/"],"logo":{"@type":"ImageObject","inLanguage":"es","@id":"https:\/\/www.celttv.com.ar\/#\/schema\/logo\/image\/","url":"http:\/\/www.celttv.com.ar\/wp-content\/uploads\/2022\/08\/logo-1.png","contentUrl":"http:\/\/www.celttv.com.ar\/wp-content\/uploads\/2022\/08\/logo-1.png","width":461,"height":159,"caption":"CELTTV"},"image":{"@id":"https:\/\/www.celttv.com.ar\/#\/schema\/logo\/image\/"}},{"@type":"Person","@id":"https:\/\/www.celttv.com.ar\/#\/schema\/person\/6d99c072dba59953809c81446e9d0ace","name":"ulises","image":{"@type":"ImageObject","inLanguage":"es","@id":"https:\/\/www.celttv.com.ar\/#\/schema\/person\/image\/","url":"https:\/\/secure.gravatar.com\/avatar\/7f2c48bdc33b30088f941fb6082e555f2874c98e20cb159d7b92b50eadfce793?s=96&d=mm&r=g","contentUrl":"https:\/\/secure.gravatar.com\/avatar\/7f2c48bdc33b30088f941fb6082e555f2874c98e20cb159d7b92b50eadfce793?s=96&d=mm&r=g","caption":"ulises"},"sameAs":["http:\/\/www.celttv.com.ar"]}]}},"_links":{"self":[{"href":"https:\/\/www.celttv.com.ar\/index.php\/wp-json\/wp\/v2\/posts\/42105","targetHints":{"allow":["GET"]}}],"collection":[{"href":"https:\/\/www.celttv.com.ar\/index.php\/wp-json\/wp\/v2\/posts"}],"about":[{"href":"https:\/\/www.celttv.com.ar\/index.php\/wp-json\/wp\/v2\/types\/post"}],"author":[{"embeddable":true,"href":"https:\/\/www.celttv.com.ar\/index.php\/wp-json\/wp\/v2\/users\/1"}],"replies":[{"embeddable":true,"href":"https:\/\/www.celttv.com.ar\/index.php\/wp-json\/wp\/v2\/comments?post=42105"}],"version-history":[{"count":0,"href":"https:\/\/www.celttv.com.ar\/index.php\/wp-json\/wp\/v2\/posts\/42105\/revisions"}],"wp:featuredmedia":[{"embeddable":true,"href":"https:\/\/www.celttv.com.ar\/index.php\/wp-json\/wp\/v2\/media\/42107"}],"wp:attachment":[{"href":"https:\/\/www.celttv.com.ar\/index.php\/wp-json\/wp\/v2\/media?parent=42105"}],"wp:term":[{"taxonomy":"category","embeddable":true,"href":"https:\/\/www.celttv.com.ar\/index.php\/wp-json\/wp\/v2\/categories?post=42105"},{"taxonomy":"post_tag","embeddable":true,"href":"https:\/\/www.celttv.com.ar\/index.php\/wp-json\/wp\/v2\/tags?post=42105"}],"curies":[{"name":"wp","href":"https:\/\/api.w.org\/{rel}","templated":true}]}}