{"id":42110,"date":"2019-06-12T19:41:07","date_gmt":"2019-06-12T19:41:07","guid":{"rendered":"http:\/\/www.celttv.com.ar\/?p=42110"},"modified":"2019-06-12T19:41:07","modified_gmt":"2019-06-12T19:41:07","slug":"alumnos-de-la-escuela-municipal-de-atletismo-se-proyectan-a-nivel-nacional-e-internacional-vido-entrevista","status":"publish","type":"post","link":"https:\/\/www.celttv.com.ar\/index.php\/2019\/06\/12\/alumnos-de-la-escuela-municipal-de-atletismo-se-proyectan-a-nivel-nacional-e-internacional-vido-entrevista\/","title":{"rendered":"ALUMNOS DE LA ESCUELA MUNICIPAL DE ATLETISMO SE PROYECTAN A NIVEL NACIONAL E INTERNACIONAL (VIDO ENTREVISTA)"},"content":{"rendered":"<p>La Escuela Municipal de Atletismo crece en cantidad de j\u00f3venes y tambi\u00e9n en calidad, ya que las marcas obtenidas por los atletas en diferentes competencias hizo que la misma se ganara un lugar importante en el medio.<\/p>\n<p>Durante el prograna MAGAZINE SPORT, que se emite todos los martes a las 21 por Canal 2 de CELT TV, el entrenador Enrique Cabral junto a dos de los atletas de la Escuela Municipal de Atletismo, se refirieron a los importante resultados que han obtenido los alumnos en diferentes competencias.<\/p>\n<div class=\"jeg_video_container jeg_video_content\"><iframe loading=\"lazy\" title=\"2019 06 11 \/\/ MAGAZINE SPORT: ESCUELA MUNICIPAL DE ATLETISMO (ENRIQUE, ALEJO Y GUADALUPE)\" width=\"500\" height=\"375\" src=\"https:\/\/www.youtube.com\/embed\/DDKdfbbymE8?start=13&#038;feature=oembed\" frameborder=\"0\" allow=\"accelerometer; autoplay; clipboard-write; encrypted-media; gyroscope; picture-in-picture; web-share\" referrerpolicy=\"strict-origin-when-cross-origin\" allowfullscreen><\/iframe><\/div>\n<p><a href=\"http:\/\/www.celttv.com.ar\/?attachment_id=42111\" rel=\"attachment wp-att-42111\"><img loading=\"lazy\" decoding=\"async\" class=\"alignleft size-full wp-image-42111\" src=\"http:\/\/www.celttv.com.ar\/wp-content\/uploads\/2019\/06\/aaa19f96-3bed-4f79-80d7-0caf2bfa137c.jpg\" alt=\"\" width=\"1019\" height=\"531\" srcset=\"https:\/\/www.celttv.com.ar\/wp-content\/uploads\/2019\/06\/aaa19f96-3bed-4f79-80d7-0caf2bfa137c.jpg 1019w, https:\/\/www.celttv.com.ar\/wp-content\/uploads\/2019\/06\/aaa19f96-3bed-4f79-80d7-0caf2bfa137c-300x156.jpg 300w, https:\/\/www.celttv.com.ar\/wp-content\/uploads\/2019\/06\/aaa19f96-3bed-4f79-80d7-0caf2bfa137c-768x400.jpg 768w, https:\/\/www.celttv.com.ar\/wp-content\/uploads\/2019\/06\/aaa19f96-3bed-4f79-80d7-0caf2bfa137c-750x391.jpg 750w\" sizes=\"auto, (max-width: 1019px) 100vw, 1019px\" \/><\/a><\/p>\n<p><a href=\"http:\/\/www.celttv.com.ar\/?attachment_id=42113\" rel=\"attachment wp-att-42113\"><img loading=\"lazy\" decoding=\"async\" class=\"alignleft size-full wp-image-42113\" src=\"http:\/\/www.celttv.com.ar\/wp-content\/uploads\/2019\/06\/dbbfe94b-bc4f-4cc8-abd1-a41f3678b62f.jpg\" alt=\"\" width=\"546\" height=\"344\" srcset=\"https:\/\/www.celttv.com.ar\/wp-content\/uploads\/2019\/06\/dbbfe94b-bc4f-4cc8-abd1-a41f3678b62f.jpg 546w, https:\/\/www.celttv.com.ar\/wp-content\/uploads\/2019\/06\/dbbfe94b-bc4f-4cc8-abd1-a41f3678b62f-300x189.jpg 300w\" sizes=\"auto, (max-width: 546px) 100vw, 546px\" \/><\/a><\/p>\n<p>&nbsp;<\/p>\n","protected":false},"excerpt":{"rendered":"<p>La Escuela Municipal de Atletismo crece en cantidad de j\u00f3venes y tambi\u00e9n en calidad, ya que las marcas obtenidas por los atletas en diferentes competencias hizo que la misma se ganara un lugar importante en el medio. Durante el prograna MAGAZINE SPORT, que se emite todos los martes a las 21 por Canal 2 de [&hellip;]<\/p>\n","protected":false},"author":1,"featured_media":42112,"comment_status":"closed","ping_status":"open","sticky":false,"template":"","format":"standard","meta":{"footnotes":""},"categories":[55,60,52,63],"tags":[],"class_list":["post-42110","post","type-post","status-publish","format-standard","has-post-thumbnail","hentry","category-celt-tv-noticias","category-deporte","category-destacadas","category-magazine-sport"],"yoast_head":"<!-- This site is optimized with the Yoast SEO plugin v19.7.1 - https:\/\/yoast.com\/wordpress\/plugins\/seo\/ -->\n<title>ALUMNOS DE LA ESCUELA MUNICIPAL DE ATLETISMO SE PROYECTAN A NIVEL NACIONAL E INTERNACIONAL (VIDO ENTREVISTA) - CELTTV<\/title>\n<meta name=\"description\" content=\"Sitio web de noticias de la localidad de Tornquist, provincia de Buenos Aires, Rep\u00fablica Argentina. Contenido propio originado por periodistas de CELTTV, el canal de TV local de la Cooperativa El\u00e9ctrica de Tornquist. Turismo, Pol\u00edtica, Sociedad, Deporte, Cultura y todo el contenido de inter\u00e9s general que la gente del pueblo y la regi\u00f3n debe conocer.\" \/>\n<meta name=\"robots\" content=\"index, follow, max-snippet:-1, max-image-preview:large, max-video-preview:-1\" \/>\n<link rel=\"canonical\" href=\"https:\/\/www.celttv.com.ar\/index.php\/2019\/06\/12\/alumnos-de-la-escuela-municipal-de-atletismo-se-proyectan-a-nivel-nacional-e-internacional-vido-entrevista\/\" \/>\n<meta property=\"og:locale\" content=\"es_ES\" \/>\n<meta property=\"og:type\" content=\"article\" \/>\n<meta property=\"og:title\" content=\"ALUMNOS DE LA ESCUELA MUNICIPAL DE ATLETISMO SE PROYECTAN A NIVEL NACIONAL E INTERNACIONAL (VIDO ENTREVISTA) - CELTTV\" \/>\n<meta property=\"og:description\" content=\"Sitio web de noticias de la localidad de Tornquist, provincia de Buenos Aires, Rep\u00fablica Argentina. Contenido propio originado por periodistas de CELTTV, el canal de TV local de la Cooperativa El\u00e9ctrica de Tornquist. Turismo, Pol\u00edtica, Sociedad, Deporte, Cultura y todo el contenido de inter\u00e9s general que la gente del pueblo y la regi\u00f3n debe conocer.\" \/>\n<meta property=\"og:url\" content=\"https:\/\/www.celttv.com.ar\/index.php\/2019\/06\/12\/alumnos-de-la-escuela-municipal-de-atletismo-se-proyectan-a-nivel-nacional-e-internacional-vido-entrevista\/\" \/>\n<meta property=\"og:site_name\" content=\"CELTTV\" \/>\n<meta property=\"article:publisher\" content=\"https:\/\/www.facebook.com\/celtTV\/\" \/>\n<meta property=\"article:published_time\" content=\"2019-06-12T19:41:07+00:00\" \/>\n<meta property=\"og:image\" content=\"https:\/\/www.celttv.com.ar\/wp-content\/uploads\/2019\/06\/d7f4276b-a867-401a-98eb-3f5eb33ff147.jpg\" \/>\n\t<meta property=\"og:image:width\" content=\"1004\" \/>\n\t<meta property=\"og:image:height\" content=\"484\" \/>\n\t<meta property=\"og:image:type\" content=\"image\/jpeg\" \/>\n<meta name=\"author\" content=\"ulises\" \/>\n<meta name=\"twitter:card\" content=\"summary_large_image\" \/>\n<meta name=\"twitter:label1\" content=\"Escrito por\" \/>\n\t<meta name=\"twitter:data1\" content=\"ulises\" \/>\n<script type=\"application\/ld+json\" class=\"yoast-schema-graph\">{\"@context\":\"https:\/\/schema.org\",\"@graph\":[{\"@type\":\"NewsArticle\",\"@id\":\"https:\/\/www.celttv.com.ar\/index.php\/2019\/06\/12\/alumnos-de-la-escuela-municipal-de-atletismo-se-proyectan-a-nivel-nacional-e-internacional-vido-entrevista\/#article\",\"isPartOf\":{\"@id\":\"https:\/\/www.celttv.com.ar\/index.php\/2019\/06\/12\/alumnos-de-la-escuela-municipal-de-atletismo-se-proyectan-a-nivel-nacional-e-internacional-vido-entrevista\/\"},\"author\":{\"name\":\"ulises\",\"@id\":\"https:\/\/www.celttv.com.ar\/#\/schema\/person\/6d99c072dba59953809c81446e9d0ace\"},\"headline\":\"ALUMNOS DE LA ESCUELA MUNICIPAL DE ATLETISMO SE PROYECTAN A NIVEL NACIONAL E INTERNACIONAL (VIDO ENTREVISTA)\",\"datePublished\":\"2019-06-12T19:41:07+00:00\",\"dateModified\":\"2019-06-12T19:41:07+00:00\",\"mainEntityOfPage\":{\"@id\":\"https:\/\/www.celttv.com.ar\/index.php\/2019\/06\/12\/alumnos-de-la-escuela-municipal-de-atletismo-se-proyectan-a-nivel-nacional-e-internacional-vido-entrevista\/\"},\"wordCount\":114,\"publisher\":{\"@id\":\"https:\/\/www.celttv.com.ar\/#organization\"},\"articleSection\":[\"Celt TV Noticias\",\"Deporte\",\"Destacadas\",\"Magazine Sport\"],\"inLanguage\":\"es\"},{\"@type\":\"WebPage\",\"@id\":\"https:\/\/www.celttv.com.ar\/index.php\/2019\/06\/12\/alumnos-de-la-escuela-municipal-de-atletismo-se-proyectan-a-nivel-nacional-e-internacional-vido-entrevista\/\",\"url\":\"https:\/\/www.celttv.com.ar\/index.php\/2019\/06\/12\/alumnos-de-la-escuela-municipal-de-atletismo-se-proyectan-a-nivel-nacional-e-internacional-vido-entrevista\/\",\"name\":\"ALUMNOS DE LA ESCUELA MUNICIPAL DE ATLETISMO SE PROYECTAN A NIVEL NACIONAL E INTERNACIONAL (VIDO ENTREVISTA) - CELTTV\",\"isPartOf\":{\"@id\":\"https:\/\/www.celttv.com.ar\/#website\"},\"datePublished\":\"2019-06-12T19:41:07+00:00\",\"dateModified\":\"2019-06-12T19:41:07+00:00\",\"description\":\"Sitio web de noticias de la localidad de Tornquist, provincia de Buenos Aires, Rep\u00fablica Argentina. Contenido propio originado por periodistas de CELTTV, el canal de TV local de la Cooperativa El\u00e9ctrica de Tornquist. Turismo, Pol\u00edtica, Sociedad, Deporte, Cultura y todo el contenido de inter\u00e9s general que la gente del pueblo y la regi\u00f3n debe conocer.\",\"breadcrumb\":{\"@id\":\"https:\/\/www.celttv.com.ar\/index.php\/2019\/06\/12\/alumnos-de-la-escuela-municipal-de-atletismo-se-proyectan-a-nivel-nacional-e-internacional-vido-entrevista\/#breadcrumb\"},\"inLanguage\":\"es\",\"potentialAction\":[{\"@type\":\"ReadAction\",\"target\":[\"https:\/\/www.celttv.com.ar\/index.php\/2019\/06\/12\/alumnos-de-la-escuela-municipal-de-atletismo-se-proyectan-a-nivel-nacional-e-internacional-vido-entrevista\/\"]}]},{\"@type\":\"BreadcrumbList\",\"@id\":\"https:\/\/www.celttv.com.ar\/index.php\/2019\/06\/12\/alumnos-de-la-escuela-municipal-de-atletismo-se-proyectan-a-nivel-nacional-e-internacional-vido-entrevista\/#breadcrumb\",\"itemListElement\":[{\"@type\":\"ListItem\",\"position\":1,\"name\":\"Inicio\",\"item\":\"https:\/\/www.celttv.com.ar\/\"},{\"@type\":\"ListItem\",\"position\":2,\"name\":\"ALUMNOS DE LA ESCUELA MUNICIPAL DE ATLETISMO SE PROYECTAN A NIVEL NACIONAL E INTERNACIONAL (VIDO ENTREVISTA)\"}]},{\"@type\":\"WebSite\",\"@id\":\"https:\/\/www.celttv.com.ar\/#website\",\"url\":\"https:\/\/www.celttv.com.ar\/\",\"name\":\"CELTTV\",\"description\":\"Cooperativa El\u00e9ctrica de Tornquist\",\"publisher\":{\"@id\":\"https:\/\/www.celttv.com.ar\/#organization\"},\"potentialAction\":[{\"@type\":\"SearchAction\",\"target\":{\"@type\":\"EntryPoint\",\"urlTemplate\":\"https:\/\/www.celttv.com.ar\/?s={search_term_string}\"},\"query-input\":\"required name=search_term_string\"}],\"inLanguage\":\"es\"},{\"@type\":\"Organization\",\"@id\":\"https:\/\/www.celttv.com.ar\/#organization\",\"name\":\"CELTTV\",\"url\":\"https:\/\/www.celttv.com.ar\/\",\"sameAs\":[\"https:\/\/www.youtube.com\/channel\/UCz_oIt8Hig64Ub-EmcNPIhg\",\"https:\/\/www.facebook.com\/celtTV\/\"],\"logo\":{\"@type\":\"ImageObject\",\"inLanguage\":\"es\",\"@id\":\"https:\/\/www.celttv.com.ar\/#\/schema\/logo\/image\/\",\"url\":\"http:\/\/www.celttv.com.ar\/wp-content\/uploads\/2022\/08\/logo-1.png\",\"contentUrl\":\"http:\/\/www.celttv.com.ar\/wp-content\/uploads\/2022\/08\/logo-1.png\",\"width\":461,\"height\":159,\"caption\":\"CELTTV\"},\"image\":{\"@id\":\"https:\/\/www.celttv.com.ar\/#\/schema\/logo\/image\/\"}},{\"@type\":\"Person\",\"@id\":\"https:\/\/www.celttv.com.ar\/#\/schema\/person\/6d99c072dba59953809c81446e9d0ace\",\"name\":\"ulises\",\"image\":{\"@type\":\"ImageObject\",\"inLanguage\":\"es\",\"@id\":\"https:\/\/www.celttv.com.ar\/#\/schema\/person\/image\/\",\"url\":\"https:\/\/secure.gravatar.com\/avatar\/7f2c48bdc33b30088f941fb6082e555f2874c98e20cb159d7b92b50eadfce793?s=96&d=mm&r=g\",\"contentUrl\":\"https:\/\/secure.gravatar.com\/avatar\/7f2c48bdc33b30088f941fb6082e555f2874c98e20cb159d7b92b50eadfce793?s=96&d=mm&r=g\",\"caption\":\"ulises\"},\"sameAs\":[\"http:\/\/www.celttv.com.ar\"]}]}<\/script>\n<!-- \/ Yoast SEO plugin. -->","yoast_head_json":{"title":"ALUMNOS DE LA ESCUELA MUNICIPAL DE ATLETISMO SE PROYECTAN A NIVEL NACIONAL E INTERNACIONAL (VIDO ENTREVISTA) - CELTTV","description":"Sitio web de noticias de la localidad de Tornquist, provincia de Buenos Aires, Rep\u00fablica Argentina. Contenido propio originado por periodistas de CELTTV, el canal de TV local de la Cooperativa El\u00e9ctrica de Tornquist. Turismo, Pol\u00edtica, Sociedad, Deporte, Cultura y todo el contenido de inter\u00e9s general que la gente del pueblo y la regi\u00f3n debe conocer.","robots":{"index":"index","follow":"follow","max-snippet":"max-snippet:-1","max-image-preview":"max-image-preview:large","max-video-preview":"max-video-preview:-1"},"canonical":"https:\/\/www.celttv.com.ar\/index.php\/2019\/06\/12\/alumnos-de-la-escuela-municipal-de-atletismo-se-proyectan-a-nivel-nacional-e-internacional-vido-entrevista\/","og_locale":"es_ES","og_type":"article","og_title":"ALUMNOS DE LA ESCUELA MUNICIPAL DE ATLETISMO SE PROYECTAN A NIVEL NACIONAL E INTERNACIONAL (VIDO ENTREVISTA) - CELTTV","og_description":"Sitio web de noticias de la localidad de Tornquist, provincia de Buenos Aires, Rep\u00fablica Argentina. Contenido propio originado por periodistas de CELTTV, el canal de TV local de la Cooperativa El\u00e9ctrica de Tornquist. Turismo, Pol\u00edtica, Sociedad, Deporte, Cultura y todo el contenido de inter\u00e9s general que la gente del pueblo y la regi\u00f3n debe conocer.","og_url":"https:\/\/www.celttv.com.ar\/index.php\/2019\/06\/12\/alumnos-de-la-escuela-municipal-de-atletismo-se-proyectan-a-nivel-nacional-e-internacional-vido-entrevista\/","og_site_name":"CELTTV","article_publisher":"https:\/\/www.facebook.com\/celtTV\/","article_published_time":"2019-06-12T19:41:07+00:00","og_image":[{"width":1004,"height":484,"url":"https:\/\/www.celttv.com.ar\/wp-content\/uploads\/2019\/06\/d7f4276b-a867-401a-98eb-3f5eb33ff147.jpg","type":"image\/jpeg"}],"author":"ulises","twitter_card":"summary_large_image","twitter_misc":{"Escrito por":"ulises"},"schema":{"@context":"https:\/\/schema.org","@graph":[{"@type":"NewsArticle","@id":"https:\/\/www.celttv.com.ar\/index.php\/2019\/06\/12\/alumnos-de-la-escuela-municipal-de-atletismo-se-proyectan-a-nivel-nacional-e-internacional-vido-entrevista\/#article","isPartOf":{"@id":"https:\/\/www.celttv.com.ar\/index.php\/2019\/06\/12\/alumnos-de-la-escuela-municipal-de-atletismo-se-proyectan-a-nivel-nacional-e-internacional-vido-entrevista\/"},"author":{"name":"ulises","@id":"https:\/\/www.celttv.com.ar\/#\/schema\/person\/6d99c072dba59953809c81446e9d0ace"},"headline":"ALUMNOS DE LA ESCUELA MUNICIPAL DE ATLETISMO SE PROYECTAN A NIVEL NACIONAL E INTERNACIONAL (VIDO ENTREVISTA)","datePublished":"2019-06-12T19:41:07+00:00","dateModified":"2019-06-12T19:41:07+00:00","mainEntityOfPage":{"@id":"https:\/\/www.celttv.com.ar\/index.php\/2019\/06\/12\/alumnos-de-la-escuela-municipal-de-atletismo-se-proyectan-a-nivel-nacional-e-internacional-vido-entrevista\/"},"wordCount":114,"publisher":{"@id":"https:\/\/www.celttv.com.ar\/#organization"},"articleSection":["Celt TV Noticias","Deporte","Destacadas","Magazine Sport"],"inLanguage":"es"},{"@type":"WebPage","@id":"https:\/\/www.celttv.com.ar\/index.php\/2019\/06\/12\/alumnos-de-la-escuela-municipal-de-atletismo-se-proyectan-a-nivel-nacional-e-internacional-vido-entrevista\/","url":"https:\/\/www.celttv.com.ar\/index.php\/2019\/06\/12\/alumnos-de-la-escuela-municipal-de-atletismo-se-proyectan-a-nivel-nacional-e-internacional-vido-entrevista\/","name":"ALUMNOS DE LA ESCUELA MUNICIPAL DE ATLETISMO SE PROYECTAN A NIVEL NACIONAL E INTERNACIONAL (VIDO ENTREVISTA) - CELTTV","isPartOf":{"@id":"https:\/\/www.celttv.com.ar\/#website"},"datePublished":"2019-06-12T19:41:07+00:00","dateModified":"2019-06-12T19:41:07+00:00","description":"Sitio web de noticias de la localidad de Tornquist, provincia de Buenos Aires, Rep\u00fablica Argentina. Contenido propio originado por periodistas de CELTTV, el canal de TV local de la Cooperativa El\u00e9ctrica de Tornquist. Turismo, Pol\u00edtica, Sociedad, Deporte, Cultura y todo el contenido de inter\u00e9s general que la gente del pueblo y la regi\u00f3n debe conocer.","breadcrumb":{"@id":"https:\/\/www.celttv.com.ar\/index.php\/2019\/06\/12\/alumnos-de-la-escuela-municipal-de-atletismo-se-proyectan-a-nivel-nacional-e-internacional-vido-entrevista\/#breadcrumb"},"inLanguage":"es","potentialAction":[{"@type":"ReadAction","target":["https:\/\/www.celttv.com.ar\/index.php\/2019\/06\/12\/alumnos-de-la-escuela-municipal-de-atletismo-se-proyectan-a-nivel-nacional-e-internacional-vido-entrevista\/"]}]},{"@type":"BreadcrumbList","@id":"https:\/\/www.celttv.com.ar\/index.php\/2019\/06\/12\/alumnos-de-la-escuela-municipal-de-atletismo-se-proyectan-a-nivel-nacional-e-internacional-vido-entrevista\/#breadcrumb","itemListElement":[{"@type":"ListItem","position":1,"name":"Inicio","item":"https:\/\/www.celttv.com.ar\/"},{"@type":"ListItem","position":2,"name":"ALUMNOS DE LA ESCUELA MUNICIPAL DE ATLETISMO SE PROYECTAN A NIVEL NACIONAL E INTERNACIONAL (VIDO ENTREVISTA)"}]},{"@type":"WebSite","@id":"https:\/\/www.celttv.com.ar\/#website","url":"https:\/\/www.celttv.com.ar\/","name":"CELTTV","description":"Cooperativa El\u00e9ctrica de Tornquist","publisher":{"@id":"https:\/\/www.celttv.com.ar\/#organization"},"potentialAction":[{"@type":"SearchAction","target":{"@type":"EntryPoint","urlTemplate":"https:\/\/www.celttv.com.ar\/?s={search_term_string}"},"query-input":"required name=search_term_string"}],"inLanguage":"es"},{"@type":"Organization","@id":"https:\/\/www.celttv.com.ar\/#organization","name":"CELTTV","url":"https:\/\/www.celttv.com.ar\/","sameAs":["https:\/\/www.youtube.com\/channel\/UCz_oIt8Hig64Ub-EmcNPIhg","https:\/\/www.facebook.com\/celtTV\/"],"logo":{"@type":"ImageObject","inLanguage":"es","@id":"https:\/\/www.celttv.com.ar\/#\/schema\/logo\/image\/","url":"http:\/\/www.celttv.com.ar\/wp-content\/uploads\/2022\/08\/logo-1.png","contentUrl":"http:\/\/www.celttv.com.ar\/wp-content\/uploads\/2022\/08\/logo-1.png","width":461,"height":159,"caption":"CELTTV"},"image":{"@id":"https:\/\/www.celttv.com.ar\/#\/schema\/logo\/image\/"}},{"@type":"Person","@id":"https:\/\/www.celttv.com.ar\/#\/schema\/person\/6d99c072dba59953809c81446e9d0ace","name":"ulises","image":{"@type":"ImageObject","inLanguage":"es","@id":"https:\/\/www.celttv.com.ar\/#\/schema\/person\/image\/","url":"https:\/\/secure.gravatar.com\/avatar\/7f2c48bdc33b30088f941fb6082e555f2874c98e20cb159d7b92b50eadfce793?s=96&d=mm&r=g","contentUrl":"https:\/\/secure.gravatar.com\/avatar\/7f2c48bdc33b30088f941fb6082e555f2874c98e20cb159d7b92b50eadfce793?s=96&d=mm&r=g","caption":"ulises"},"sameAs":["http:\/\/www.celttv.com.ar"]}]}},"_links":{"self":[{"href":"https:\/\/www.celttv.com.ar\/index.php\/wp-json\/wp\/v2\/posts\/42110","targetHints":{"allow":["GET"]}}],"collection":[{"href":"https:\/\/www.celttv.com.ar\/index.php\/wp-json\/wp\/v2\/posts"}],"about":[{"href":"https:\/\/www.celttv.com.ar\/index.php\/wp-json\/wp\/v2\/types\/post"}],"author":[{"embeddable":true,"href":"https:\/\/www.celttv.com.ar\/index.php\/wp-json\/wp\/v2\/users\/1"}],"replies":[{"embeddable":true,"href":"https:\/\/www.celttv.com.ar\/index.php\/wp-json\/wp\/v2\/comments?post=42110"}],"version-history":[{"count":0,"href":"https:\/\/www.celttv.com.ar\/index.php\/wp-json\/wp\/v2\/posts\/42110\/revisions"}],"wp:featuredmedia":[{"embeddable":true,"href":"https:\/\/www.celttv.com.ar\/index.php\/wp-json\/wp\/v2\/media\/42112"}],"wp:attachment":[{"href":"https:\/\/www.celttv.com.ar\/index.php\/wp-json\/wp\/v2\/media?parent=42110"}],"wp:term":[{"taxonomy":"category","embeddable":true,"href":"https:\/\/www.celttv.com.ar\/index.php\/wp-json\/wp\/v2\/categories?post=42110"},{"taxonomy":"post_tag","embeddable":true,"href":"https:\/\/www.celttv.com.ar\/index.php\/wp-json\/wp\/v2\/tags?post=42110"}],"curies":[{"name":"wp","href":"https:\/\/api.w.org\/{rel}","templated":true}]}}