{"id":42133,"date":"2019-06-13T19:33:34","date_gmt":"2019-06-13T19:33:34","guid":{"rendered":"http:\/\/www.celttv.com.ar\/?p=42133"},"modified":"2019-06-13T19:33:34","modified_gmt":"2019-06-13T19:33:34","slug":"ecuador-luis-vila-hablo-de-distintos-temas-en-el-programa-magazine-sport-video","status":"publish","type":"post","link":"https:\/\/www.celttv.com.ar\/index.php\/2019\/06\/13\/ecuador-luis-vila-hablo-de-distintos-temas-en-el-programa-magazine-sport-video\/","title":{"rendered":"ECUADOR: LUIS VILA HABL\u00d3 DE DISTINTOS TEMAS EN EL PROGRAMA MAGAZINE SPORT (VIDEO)"},"content":{"rendered":"<p>El tornquistense <strong>Luis Vila<\/strong>, se ha transformado en un trota mundo a trav\u00e9s del f\u00fatbol luego de jugar en varios equipos de Am\u00e9rca Latina y tambi\u00e9n de Europa.<\/p>\n<p>Su actualidad, lo tiene en Delf\u00edn Sporting Club de Ecuador, equipo al que arribo procedente de Istra, club de la primera divisi\u00f3n de Croacia.<\/p>\n<p>Tal como sucede cada a\u00f1o, Luis Vila acept\u00f3 la invitaci\u00f3n del programa <strong>MAGAZINE SPORT<\/strong> que se emite los martes a las 21, en<strong> Canal 2<\/strong> por <strong>CELT TV<\/strong>, para dialogar (V\u00eda Skype) sobre su actualidad en el equipo ecuatoriano, su vida en dicho pa\u00eds, la Selecci\u00f3n Argentina, la Copa Am\u00e9rica y Lieonel Messi, entre otros temas.<\/p>\n<div class=\"jeg_video_container jeg_video_content\"><iframe loading=\"lazy\" title=\"2019 06 11 \/\/ MAGAZINE SPORT: LUIS VILA (DELF\u00cdN SPORTING CLUB - ECUADOR)\" width=\"500\" height=\"375\" src=\"https:\/\/www.youtube.com\/embed\/DQUNLkM3zyg?feature=oembed\" frameborder=\"0\" allow=\"accelerometer; autoplay; clipboard-write; encrypted-media; gyroscope; picture-in-picture; web-share\" referrerpolicy=\"strict-origin-when-cross-origin\" allowfullscreen><\/iframe><\/div>\n<p><a href=\"http:\/\/www.celttv.com.ar\/?attachment_id=42134\" rel=\"attachment wp-att-42134\"><img loading=\"lazy\" decoding=\"async\" class=\"alignleft size-full wp-image-42134\" src=\"http:\/\/www.celttv.com.ar\/wp-content\/uploads\/2019\/06\/48363117_10156542361401634_1136938720117653504_n.jpg\" alt=\"\" width=\"960\" height=\"767\" srcset=\"https:\/\/www.celttv.com.ar\/wp-content\/uploads\/2019\/06\/48363117_10156542361401634_1136938720117653504_n.jpg 960w, https:\/\/www.celttv.com.ar\/wp-content\/uploads\/2019\/06\/48363117_10156542361401634_1136938720117653504_n-300x240.jpg 300w, https:\/\/www.celttv.com.ar\/wp-content\/uploads\/2019\/06\/48363117_10156542361401634_1136938720117653504_n-768x614.jpg 768w, https:\/\/www.celttv.com.ar\/wp-content\/uploads\/2019\/06\/48363117_10156542361401634_1136938720117653504_n-750x599.jpg 750w\" sizes=\"auto, (max-width: 960px) 100vw, 960px\" \/><\/a><\/p>\n","protected":false},"excerpt":{"rendered":"<p>El tornquistense Luis Vila, se ha transformado en un trota mundo a trav\u00e9s del f\u00fatbol luego de jugar en varios equipos de Am\u00e9rca Latina y tambi\u00e9n de Europa. Su actualidad, lo tiene en Delf\u00edn Sporting Club de Ecuador, equipo al que arribo procedente de Istra, club de la primera divisi\u00f3n de Croacia. Tal como sucede [&hellip;]<\/p>\n","protected":false},"author":1,"featured_media":42135,"comment_status":"closed","ping_status":"open","sticky":false,"template":"","format":"standard","meta":{"footnotes":""},"categories":[55,60,52,63],"tags":[],"class_list":["post-42133","post","type-post","status-publish","format-standard","has-post-thumbnail","hentry","category-celt-tv-noticias","category-deporte","category-destacadas","category-magazine-sport"],"yoast_head":"<!-- This site is optimized with the Yoast SEO plugin v19.7.1 - https:\/\/yoast.com\/wordpress\/plugins\/seo\/ -->\n<title>ECUADOR: LUIS VILA HABL\u00d3 DE DISTINTOS TEMAS EN EL PROGRAMA MAGAZINE SPORT (VIDEO) - CELTTV<\/title>\n<meta name=\"description\" content=\"Sitio web de noticias de la localidad de Tornquist, provincia de Buenos Aires, Rep\u00fablica Argentina. Contenido propio originado por periodistas de CELTTV, el canal de TV local de la Cooperativa El\u00e9ctrica de Tornquist. Turismo, Pol\u00edtica, Sociedad, Deporte, Cultura y todo el contenido de inter\u00e9s general que la gente del pueblo y la regi\u00f3n debe conocer.\" \/>\n<meta name=\"robots\" content=\"index, follow, max-snippet:-1, max-image-preview:large, max-video-preview:-1\" \/>\n<link rel=\"canonical\" href=\"https:\/\/www.celttv.com.ar\/index.php\/2019\/06\/13\/ecuador-luis-vila-hablo-de-distintos-temas-en-el-programa-magazine-sport-video\/\" \/>\n<meta property=\"og:locale\" content=\"es_ES\" \/>\n<meta property=\"og:type\" content=\"article\" \/>\n<meta property=\"og:title\" content=\"ECUADOR: LUIS VILA HABL\u00d3 DE DISTINTOS TEMAS EN EL PROGRAMA MAGAZINE SPORT (VIDEO) - CELTTV\" \/>\n<meta property=\"og:description\" content=\"Sitio web de noticias de la localidad de Tornquist, provincia de Buenos Aires, Rep\u00fablica Argentina. Contenido propio originado por periodistas de CELTTV, el canal de TV local de la Cooperativa El\u00e9ctrica de Tornquist. Turismo, Pol\u00edtica, Sociedad, Deporte, Cultura y todo el contenido de inter\u00e9s general que la gente del pueblo y la regi\u00f3n debe conocer.\" \/>\n<meta property=\"og:url\" content=\"https:\/\/www.celttv.com.ar\/index.php\/2019\/06\/13\/ecuador-luis-vila-hablo-de-distintos-temas-en-el-programa-magazine-sport-video\/\" \/>\n<meta property=\"og:site_name\" content=\"CELTTV\" \/>\n<meta property=\"article:publisher\" content=\"https:\/\/www.facebook.com\/celtTV\/\" \/>\n<meta property=\"article:published_time\" content=\"2019-06-13T19:33:34+00:00\" \/>\n<meta property=\"og:image\" content=\"https:\/\/www.celttv.com.ar\/wp-content\/uploads\/2019\/06\/AOG4912_edited_copy-1024x684-1.jpg\" \/>\n\t<meta property=\"og:image:width\" content=\"1024\" \/>\n\t<meta property=\"og:image:height\" content=\"684\" \/>\n\t<meta property=\"og:image:type\" content=\"image\/jpeg\" \/>\n<meta name=\"author\" content=\"ulises\" \/>\n<meta name=\"twitter:card\" content=\"summary_large_image\" \/>\n<meta name=\"twitter:label1\" content=\"Escrito por\" \/>\n\t<meta name=\"twitter:data1\" content=\"ulises\" \/>\n\t<meta name=\"twitter:label2\" content=\"Tiempo de lectura\" \/>\n\t<meta name=\"twitter:data2\" content=\"1 minuto\" \/>\n<script type=\"application\/ld+json\" class=\"yoast-schema-graph\">{\"@context\":\"https:\/\/schema.org\",\"@graph\":[{\"@type\":\"NewsArticle\",\"@id\":\"https:\/\/www.celttv.com.ar\/index.php\/2019\/06\/13\/ecuador-luis-vila-hablo-de-distintos-temas-en-el-programa-magazine-sport-video\/#article\",\"isPartOf\":{\"@id\":\"https:\/\/www.celttv.com.ar\/index.php\/2019\/06\/13\/ecuador-luis-vila-hablo-de-distintos-temas-en-el-programa-magazine-sport-video\/\"},\"author\":{\"name\":\"ulises\",\"@id\":\"https:\/\/www.celttv.com.ar\/#\/schema\/person\/6d99c072dba59953809c81446e9d0ace\"},\"headline\":\"ECUADOR: LUIS VILA HABL\u00d3 DE DISTINTOS TEMAS EN EL PROGRAMA MAGAZINE SPORT (VIDEO)\",\"datePublished\":\"2019-06-13T19:33:34+00:00\",\"dateModified\":\"2019-06-13T19:33:34+00:00\",\"mainEntityOfPage\":{\"@id\":\"https:\/\/www.celttv.com.ar\/index.php\/2019\/06\/13\/ecuador-luis-vila-hablo-de-distintos-temas-en-el-programa-magazine-sport-video\/\"},\"wordCount\":139,\"publisher\":{\"@id\":\"https:\/\/www.celttv.com.ar\/#organization\"},\"articleSection\":[\"Celt TV Noticias\",\"Deporte\",\"Destacadas\",\"Magazine Sport\"],\"inLanguage\":\"es\"},{\"@type\":\"WebPage\",\"@id\":\"https:\/\/www.celttv.com.ar\/index.php\/2019\/06\/13\/ecuador-luis-vila-hablo-de-distintos-temas-en-el-programa-magazine-sport-video\/\",\"url\":\"https:\/\/www.celttv.com.ar\/index.php\/2019\/06\/13\/ecuador-luis-vila-hablo-de-distintos-temas-en-el-programa-magazine-sport-video\/\",\"name\":\"ECUADOR: LUIS VILA HABL\u00d3 DE DISTINTOS TEMAS EN EL PROGRAMA MAGAZINE SPORT (VIDEO) - CELTTV\",\"isPartOf\":{\"@id\":\"https:\/\/www.celttv.com.ar\/#website\"},\"datePublished\":\"2019-06-13T19:33:34+00:00\",\"dateModified\":\"2019-06-13T19:33:34+00:00\",\"description\":\"Sitio web de noticias de la localidad de Tornquist, provincia de Buenos Aires, Rep\u00fablica Argentina. Contenido propio originado por periodistas de CELTTV, el canal de TV local de la Cooperativa El\u00e9ctrica de Tornquist. Turismo, Pol\u00edtica, Sociedad, Deporte, Cultura y todo el contenido de inter\u00e9s general que la gente del pueblo y la regi\u00f3n debe conocer.\",\"breadcrumb\":{\"@id\":\"https:\/\/www.celttv.com.ar\/index.php\/2019\/06\/13\/ecuador-luis-vila-hablo-de-distintos-temas-en-el-programa-magazine-sport-video\/#breadcrumb\"},\"inLanguage\":\"es\",\"potentialAction\":[{\"@type\":\"ReadAction\",\"target\":[\"https:\/\/www.celttv.com.ar\/index.php\/2019\/06\/13\/ecuador-luis-vila-hablo-de-distintos-temas-en-el-programa-magazine-sport-video\/\"]}]},{\"@type\":\"BreadcrumbList\",\"@id\":\"https:\/\/www.celttv.com.ar\/index.php\/2019\/06\/13\/ecuador-luis-vila-hablo-de-distintos-temas-en-el-programa-magazine-sport-video\/#breadcrumb\",\"itemListElement\":[{\"@type\":\"ListItem\",\"position\":1,\"name\":\"Inicio\",\"item\":\"https:\/\/www.celttv.com.ar\/\"},{\"@type\":\"ListItem\",\"position\":2,\"name\":\"ECUADOR: LUIS VILA HABL\u00d3 DE DISTINTOS TEMAS EN EL PROGRAMA MAGAZINE SPORT (VIDEO)\"}]},{\"@type\":\"WebSite\",\"@id\":\"https:\/\/www.celttv.com.ar\/#website\",\"url\":\"https:\/\/www.celttv.com.ar\/\",\"name\":\"CELTTV\",\"description\":\"Cooperativa El\u00e9ctrica de Tornquist\",\"publisher\":{\"@id\":\"https:\/\/www.celttv.com.ar\/#organization\"},\"potentialAction\":[{\"@type\":\"SearchAction\",\"target\":{\"@type\":\"EntryPoint\",\"urlTemplate\":\"https:\/\/www.celttv.com.ar\/?s={search_term_string}\"},\"query-input\":\"required name=search_term_string\"}],\"inLanguage\":\"es\"},{\"@type\":\"Organization\",\"@id\":\"https:\/\/www.celttv.com.ar\/#organization\",\"name\":\"CELTTV\",\"url\":\"https:\/\/www.celttv.com.ar\/\",\"sameAs\":[\"https:\/\/www.youtube.com\/channel\/UCz_oIt8Hig64Ub-EmcNPIhg\",\"https:\/\/www.facebook.com\/celtTV\/\"],\"logo\":{\"@type\":\"ImageObject\",\"inLanguage\":\"es\",\"@id\":\"https:\/\/www.celttv.com.ar\/#\/schema\/logo\/image\/\",\"url\":\"http:\/\/www.celttv.com.ar\/wp-content\/uploads\/2022\/08\/logo-1.png\",\"contentUrl\":\"http:\/\/www.celttv.com.ar\/wp-content\/uploads\/2022\/08\/logo-1.png\",\"width\":461,\"height\":159,\"caption\":\"CELTTV\"},\"image\":{\"@id\":\"https:\/\/www.celttv.com.ar\/#\/schema\/logo\/image\/\"}},{\"@type\":\"Person\",\"@id\":\"https:\/\/www.celttv.com.ar\/#\/schema\/person\/6d99c072dba59953809c81446e9d0ace\",\"name\":\"ulises\",\"image\":{\"@type\":\"ImageObject\",\"inLanguage\":\"es\",\"@id\":\"https:\/\/www.celttv.com.ar\/#\/schema\/person\/image\/\",\"url\":\"https:\/\/secure.gravatar.com\/avatar\/7f2c48bdc33b30088f941fb6082e555f2874c98e20cb159d7b92b50eadfce793?s=96&d=mm&r=g\",\"contentUrl\":\"https:\/\/secure.gravatar.com\/avatar\/7f2c48bdc33b30088f941fb6082e555f2874c98e20cb159d7b92b50eadfce793?s=96&d=mm&r=g\",\"caption\":\"ulises\"},\"sameAs\":[\"http:\/\/www.celttv.com.ar\"]}]}<\/script>\n<!-- \/ Yoast SEO plugin. -->","yoast_head_json":{"title":"ECUADOR: LUIS VILA HABL\u00d3 DE DISTINTOS TEMAS EN EL PROGRAMA MAGAZINE SPORT (VIDEO) - CELTTV","description":"Sitio web de noticias de la localidad de Tornquist, provincia de Buenos Aires, Rep\u00fablica Argentina. Contenido propio originado por periodistas de CELTTV, el canal de TV local de la Cooperativa El\u00e9ctrica de Tornquist. Turismo, Pol\u00edtica, Sociedad, Deporte, Cultura y todo el contenido de inter\u00e9s general que la gente del pueblo y la regi\u00f3n debe conocer.","robots":{"index":"index","follow":"follow","max-snippet":"max-snippet:-1","max-image-preview":"max-image-preview:large","max-video-preview":"max-video-preview:-1"},"canonical":"https:\/\/www.celttv.com.ar\/index.php\/2019\/06\/13\/ecuador-luis-vila-hablo-de-distintos-temas-en-el-programa-magazine-sport-video\/","og_locale":"es_ES","og_type":"article","og_title":"ECUADOR: LUIS VILA HABL\u00d3 DE DISTINTOS TEMAS EN EL PROGRAMA MAGAZINE SPORT (VIDEO) - CELTTV","og_description":"Sitio web de noticias de la localidad de Tornquist, provincia de Buenos Aires, Rep\u00fablica Argentina. Contenido propio originado por periodistas de CELTTV, el canal de TV local de la Cooperativa El\u00e9ctrica de Tornquist. Turismo, Pol\u00edtica, Sociedad, Deporte, Cultura y todo el contenido de inter\u00e9s general que la gente del pueblo y la regi\u00f3n debe conocer.","og_url":"https:\/\/www.celttv.com.ar\/index.php\/2019\/06\/13\/ecuador-luis-vila-hablo-de-distintos-temas-en-el-programa-magazine-sport-video\/","og_site_name":"CELTTV","article_publisher":"https:\/\/www.facebook.com\/celtTV\/","article_published_time":"2019-06-13T19:33:34+00:00","og_image":[{"width":1024,"height":684,"url":"https:\/\/www.celttv.com.ar\/wp-content\/uploads\/2019\/06\/AOG4912_edited_copy-1024x684-1.jpg","type":"image\/jpeg"}],"author":"ulises","twitter_card":"summary_large_image","twitter_misc":{"Escrito por":"ulises","Tiempo de lectura":"1 minuto"},"schema":{"@context":"https:\/\/schema.org","@graph":[{"@type":"NewsArticle","@id":"https:\/\/www.celttv.com.ar\/index.php\/2019\/06\/13\/ecuador-luis-vila-hablo-de-distintos-temas-en-el-programa-magazine-sport-video\/#article","isPartOf":{"@id":"https:\/\/www.celttv.com.ar\/index.php\/2019\/06\/13\/ecuador-luis-vila-hablo-de-distintos-temas-en-el-programa-magazine-sport-video\/"},"author":{"name":"ulises","@id":"https:\/\/www.celttv.com.ar\/#\/schema\/person\/6d99c072dba59953809c81446e9d0ace"},"headline":"ECUADOR: LUIS VILA HABL\u00d3 DE DISTINTOS TEMAS EN EL PROGRAMA MAGAZINE SPORT (VIDEO)","datePublished":"2019-06-13T19:33:34+00:00","dateModified":"2019-06-13T19:33:34+00:00","mainEntityOfPage":{"@id":"https:\/\/www.celttv.com.ar\/index.php\/2019\/06\/13\/ecuador-luis-vila-hablo-de-distintos-temas-en-el-programa-magazine-sport-video\/"},"wordCount":139,"publisher":{"@id":"https:\/\/www.celttv.com.ar\/#organization"},"articleSection":["Celt TV Noticias","Deporte","Destacadas","Magazine Sport"],"inLanguage":"es"},{"@type":"WebPage","@id":"https:\/\/www.celttv.com.ar\/index.php\/2019\/06\/13\/ecuador-luis-vila-hablo-de-distintos-temas-en-el-programa-magazine-sport-video\/","url":"https:\/\/www.celttv.com.ar\/index.php\/2019\/06\/13\/ecuador-luis-vila-hablo-de-distintos-temas-en-el-programa-magazine-sport-video\/","name":"ECUADOR: LUIS VILA HABL\u00d3 DE DISTINTOS TEMAS EN EL PROGRAMA MAGAZINE SPORT (VIDEO) - CELTTV","isPartOf":{"@id":"https:\/\/www.celttv.com.ar\/#website"},"datePublished":"2019-06-13T19:33:34+00:00","dateModified":"2019-06-13T19:33:34+00:00","description":"Sitio web de noticias de la localidad de Tornquist, provincia de Buenos Aires, Rep\u00fablica Argentina. Contenido propio originado por periodistas de CELTTV, el canal de TV local de la Cooperativa El\u00e9ctrica de Tornquist. Turismo, Pol\u00edtica, Sociedad, Deporte, Cultura y todo el contenido de inter\u00e9s general que la gente del pueblo y la regi\u00f3n debe conocer.","breadcrumb":{"@id":"https:\/\/www.celttv.com.ar\/index.php\/2019\/06\/13\/ecuador-luis-vila-hablo-de-distintos-temas-en-el-programa-magazine-sport-video\/#breadcrumb"},"inLanguage":"es","potentialAction":[{"@type":"ReadAction","target":["https:\/\/www.celttv.com.ar\/index.php\/2019\/06\/13\/ecuador-luis-vila-hablo-de-distintos-temas-en-el-programa-magazine-sport-video\/"]}]},{"@type":"BreadcrumbList","@id":"https:\/\/www.celttv.com.ar\/index.php\/2019\/06\/13\/ecuador-luis-vila-hablo-de-distintos-temas-en-el-programa-magazine-sport-video\/#breadcrumb","itemListElement":[{"@type":"ListItem","position":1,"name":"Inicio","item":"https:\/\/www.celttv.com.ar\/"},{"@type":"ListItem","position":2,"name":"ECUADOR: LUIS VILA HABL\u00d3 DE DISTINTOS TEMAS EN EL PROGRAMA MAGAZINE SPORT (VIDEO)"}]},{"@type":"WebSite","@id":"https:\/\/www.celttv.com.ar\/#website","url":"https:\/\/www.celttv.com.ar\/","name":"CELTTV","description":"Cooperativa El\u00e9ctrica de Tornquist","publisher":{"@id":"https:\/\/www.celttv.com.ar\/#organization"},"potentialAction":[{"@type":"SearchAction","target":{"@type":"EntryPoint","urlTemplate":"https:\/\/www.celttv.com.ar\/?s={search_term_string}"},"query-input":"required name=search_term_string"}],"inLanguage":"es"},{"@type":"Organization","@id":"https:\/\/www.celttv.com.ar\/#organization","name":"CELTTV","url":"https:\/\/www.celttv.com.ar\/","sameAs":["https:\/\/www.youtube.com\/channel\/UCz_oIt8Hig64Ub-EmcNPIhg","https:\/\/www.facebook.com\/celtTV\/"],"logo":{"@type":"ImageObject","inLanguage":"es","@id":"https:\/\/www.celttv.com.ar\/#\/schema\/logo\/image\/","url":"http:\/\/www.celttv.com.ar\/wp-content\/uploads\/2022\/08\/logo-1.png","contentUrl":"http:\/\/www.celttv.com.ar\/wp-content\/uploads\/2022\/08\/logo-1.png","width":461,"height":159,"caption":"CELTTV"},"image":{"@id":"https:\/\/www.celttv.com.ar\/#\/schema\/logo\/image\/"}},{"@type":"Person","@id":"https:\/\/www.celttv.com.ar\/#\/schema\/person\/6d99c072dba59953809c81446e9d0ace","name":"ulises","image":{"@type":"ImageObject","inLanguage":"es","@id":"https:\/\/www.celttv.com.ar\/#\/schema\/person\/image\/","url":"https:\/\/secure.gravatar.com\/avatar\/7f2c48bdc33b30088f941fb6082e555f2874c98e20cb159d7b92b50eadfce793?s=96&d=mm&r=g","contentUrl":"https:\/\/secure.gravatar.com\/avatar\/7f2c48bdc33b30088f941fb6082e555f2874c98e20cb159d7b92b50eadfce793?s=96&d=mm&r=g","caption":"ulises"},"sameAs":["http:\/\/www.celttv.com.ar"]}]}},"_links":{"self":[{"href":"https:\/\/www.celttv.com.ar\/index.php\/wp-json\/wp\/v2\/posts\/42133","targetHints":{"allow":["GET"]}}],"collection":[{"href":"https:\/\/www.celttv.com.ar\/index.php\/wp-json\/wp\/v2\/posts"}],"about":[{"href":"https:\/\/www.celttv.com.ar\/index.php\/wp-json\/wp\/v2\/types\/post"}],"author":[{"embeddable":true,"href":"https:\/\/www.celttv.com.ar\/index.php\/wp-json\/wp\/v2\/users\/1"}],"replies":[{"embeddable":true,"href":"https:\/\/www.celttv.com.ar\/index.php\/wp-json\/wp\/v2\/comments?post=42133"}],"version-history":[{"count":0,"href":"https:\/\/www.celttv.com.ar\/index.php\/wp-json\/wp\/v2\/posts\/42133\/revisions"}],"wp:featuredmedia":[{"embeddable":true,"href":"https:\/\/www.celttv.com.ar\/index.php\/wp-json\/wp\/v2\/media\/42135"}],"wp:attachment":[{"href":"https:\/\/www.celttv.com.ar\/index.php\/wp-json\/wp\/v2\/media?parent=42133"}],"wp:term":[{"taxonomy":"category","embeddable":true,"href":"https:\/\/www.celttv.com.ar\/index.php\/wp-json\/wp\/v2\/categories?post=42133"},{"taxonomy":"post_tag","embeddable":true,"href":"https:\/\/www.celttv.com.ar\/index.php\/wp-json\/wp\/v2\/tags?post=42133"}],"curies":[{"name":"wp","href":"https:\/\/api.w.org\/{rel}","templated":true}]}}