{"id":42169,"date":"2019-06-13T20:53:37","date_gmt":"2019-06-13T20:53:37","guid":{"rendered":"http:\/\/www.celttv.com.ar\/?p=42169"},"modified":"2019-06-13T20:53:37","modified_gmt":"2019-06-13T20:53:37","slug":"el-cooperativismo-es-una-herramienta-valida-para-la-construccion-de-una-sociedad-diferente","status":"publish","type":"post","link":"https:\/\/www.celttv.com.ar\/index.php\/2019\/06\/13\/el-cooperativismo-es-una-herramienta-valida-para-la-construccion-de-una-sociedad-diferente\/","title":{"rendered":"\u201cEl Cooperativismo es una herramienta v\u00e1lida para la construcci\u00f3n de una sociedad diferente\u201d"},"content":{"rendered":"<p>Lo dijo en Tornquist Ariel Guarco, presidente de la ACI. (Alianza Cooperativa Internacional), FEDECOBA. y COOPERAR, luego de dejar inaugurado el 2\u00ba ENCUENTRO INTERCOOPERATIVO DE FEDECOBA<\/p>\n<p>&#8220;Los miembros de una organizaci\u00f3n internacional viven en distintos pa\u00edses y esa es un poco la tarea de uno como presidente de la ACI.. Reci\u00e9n arribado desde Europa del Este con una agenda y muy buenos resultados habiendo podido hablar no solo con los miembros del cooperativismo sino con las autoridades de distintos pa\u00edses tratando de demostrar que el cooperativismo es una herramienta v\u00e1lida para la construcci\u00f3n de una sociedad diferente\u201d sostuvo Guarco.<\/p>\n<div>\u201cEl cooperativismo se encuentra mundialmente\u00a0 en\u00a0 un momento de gran madurez, m\u00e1s de 1200 millones de personas pertenecen a una cooperativa, existen seis millones de cooperativas con una facturaci\u00f3n equivalente a la quinta o sexta econom\u00eda del mundo; casi 300 millones de empleos generados por las cooperativas. Son n\u00fameros que nos tienen que hacer sentir que somos parte de un movimiento de lo mas grande a escala planetaria y que est\u00e1 en condiciones de construir ese mundo mejor y esa sociedad que nos de m\u00e1s posibilidades a todos\u201d remarc\u00f3 el presidente de la Alianza Cooperativa Internacional.<\/div>\n<div>Respecto al cooperativismo en nuestro pa\u00eds en relaci\u00f3n a los gobiernos de turno Guarco indic\u00f3 que \u201cdepende de que sector del estado; yo he aprendido que el estado no es uno solo, sino que son varios dentro de un mismo estado.<\/div>\n<div>Con alguna parte de \u00e9ste estado tenemos muy buena relaci\u00f3n, por ejemplo con el INAES. , donde el presidente es una persona cercana al movimiento y lo apoya y acompa\u00f1a y desde hace un a\u00f1o hemos logrado una relaci\u00f3n con la Canciller\u00eda que nos ha dado un resultado excelente y en cada pa\u00eds que yo visito me re\u00fano con los embajadores y estamos generando negocios\u201d destac\u00f3.<\/div>\n<div>\u201cDespu\u00e9s del viaje que hicimos acompa\u00f1ando al presidente Macri en India y Vietnam, hoy sali\u00f3 publicado que Fecovita acaba de despachar dos contenedores de vino a Vietnam\u201d cit\u00f3 como ejemplo Guarco.<\/div>\n<div>\u201cHay muchos estadios dentro del propio estado que hay que recorrer; algunos todav\u00eda no nos son permeables; yo hablo con presidentes del mundo y no puedo hablar con el presidente de Argentina. Pero son etapas y yo creo que es parte de una construcci\u00f3n que nos tiene que poner pesimistas; nos tiene que poner optimistas porque hace ocho o diez a\u00f1os ten\u00edamos una visibilidad muy inferior a la que hoy tenemos y hoy si es innegable que el cooperativismo es un elemento transformador de la sociedad, pero con potencia econ\u00f3mica. Hoy somos actores que estamos en mesas que antes no est\u00e1bamos\u201d destac\u00f3 Guarco.<\/div>\n<div><\/div>\n<div><\/div>\n<div>El presidente de FEDECOBA.<\/div>\n<div>\u201cAc\u00e1 es donde me siento que soy el cooperativista que siempre fui y ac\u00e1 es donde voy a volver despu\u00e9s de pasar por esta etapa de mi vida. La \u00fanica forma de que uno tenga un lugar donde volver es no irse nunca y yo me siento pleno y feliz cuando estoy a este nivel de desarrollo cooperativo. En las bases, con las cooperativas, construyendo m\u00e1s y mejores posibilidades para los asociados\u201d<\/div>\n<div><\/div>\n<div>\u201cFedecoba ha tenido un crecimiento exponencial en los ultimos a\u00f1os producto de muchas cosas pero sobre todo con una grupo humano comprometido, capacitado. La FEDECOBA de ahora no tiene nada que ver con la de hace diez a\u00f1os y la que tendremos dentro de cinco a\u00f1os no tendr\u00e1 nada que ver con esta. A veces no resulta f\u00e1cil entender que somos parte de una bola de nieve que cada vez es mas grande y cada vez involucra m\u00e1s actores y que tenemos que estar preparados como dirigentes<\/div>\n<div><\/div>\n<div>La importancia del \u201cNoticiero Regional\u201d<\/div>\n<div>\u201cEsto es poner los principios cooperativos en acci\u00f3n y me parece una experiencia formidable esta integraci\u00f3n que se est\u00e1 logrando y lo manifest\u00e9 d\u00edas pasados en dos discursos y en dos pa\u00edses muy diferentes; uno Am\u00e9rica y otro en Europa; la importancia de crear nuestros propios contenidos a trav\u00e9s de canales cooperativos y me parece que cuanto mas integrados estemos y cuantos mas seamos, nuestra voz ser\u00e1 m\u00e1s fuerte. Comunicar lo propio y lo que otros hacen, hacerlo de manera integrada y creando una especie de espacio com\u00fan donde podamos ser participes y constructores de la noticia. Yo celebro esta integraci\u00f3n e invito a todos aquellos que todav\u00eda no son parte a que lo sean\u201d destac\u00f3 el presidente de FEDECOBA.<\/div>\n<div><\/div>\n<div><\/div>\n<div><a href=\"http:\/\/www.celttv.com.ar\/?attachment_id=42166\" rel=\"attachment wp-att-42166\"><img loading=\"lazy\" decoding=\"async\" class=\"alignleft size-full wp-image-42166\" src=\"http:\/\/www.celttv.com.ar\/wp-content\/uploads\/2019\/06\/IMG_4131-Small.jpg\" alt=\"\" width=\"720\" height=\"480\" srcset=\"https:\/\/www.celttv.com.ar\/wp-content\/uploads\/2019\/06\/IMG_4131-Small.jpg 720w, https:\/\/www.celttv.com.ar\/wp-content\/uploads\/2019\/06\/IMG_4131-Small-300x200.jpg 300w\" sizes=\"auto, (max-width: 720px) 100vw, 720px\" \/><\/a><\/div>\n<div><\/div>\n","protected":false},"excerpt":{"rendered":"<p>Lo dijo en Tornquist Ariel Guarco, presidente de la ACI. (Alianza Cooperativa Internacional), FEDECOBA. y COOPERAR, luego de dejar inaugurado el 2\u00ba ENCUENTRO INTERCOOPERATIVO DE FEDECOBA &#8220;Los miembros de una organizaci\u00f3n internacional viven en distintos pa\u00edses y esa es un poco la tarea de uno como presidente de la ACI.. Reci\u00e9n arribado desde Europa del [&hellip;]<\/p>\n","protected":false},"author":1,"featured_media":42166,"comment_status":"closed","ping_status":"open","sticky":false,"template":"","format":"standard","meta":{"footnotes":""},"categories":[55,51,52,66],"tags":[],"class_list":["post-42169","post","type-post","status-publish","format-standard","has-post-thumbnail","hentry","category-celt-tv-noticias","category-comunidad","category-destacadas","category-informacion-cooperativa"],"yoast_head":"<!-- This site is optimized with the Yoast SEO plugin v19.7.1 - https:\/\/yoast.com\/wordpress\/plugins\/seo\/ -->\n<title>\u201cEl Cooperativismo es una herramienta v\u00e1lida para la construcci\u00f3n de una sociedad diferente\u201d - CELTTV<\/title>\n<meta name=\"description\" content=\"Sitio web de noticias de la localidad de Tornquist, provincia de Buenos Aires, Rep\u00fablica Argentina. Contenido propio originado por periodistas de CELTTV, el canal de TV local de la Cooperativa El\u00e9ctrica de Tornquist. Turismo, Pol\u00edtica, Sociedad, Deporte, Cultura y todo el contenido de inter\u00e9s general que la gente del pueblo y la regi\u00f3n debe conocer.\" \/>\n<meta name=\"robots\" content=\"index, follow, max-snippet:-1, max-image-preview:large, max-video-preview:-1\" \/>\n<link rel=\"canonical\" href=\"https:\/\/www.celttv.com.ar\/index.php\/2019\/06\/13\/el-cooperativismo-es-una-herramienta-valida-para-la-construccion-de-una-sociedad-diferente\/\" \/>\n<meta property=\"og:locale\" content=\"es_ES\" \/>\n<meta property=\"og:type\" content=\"article\" \/>\n<meta property=\"og:title\" content=\"\u201cEl Cooperativismo es una herramienta v\u00e1lida para la construcci\u00f3n de una sociedad diferente\u201d - CELTTV\" \/>\n<meta property=\"og:description\" content=\"Sitio web de noticias de la localidad de Tornquist, provincia de Buenos Aires, Rep\u00fablica Argentina. Contenido propio originado por periodistas de CELTTV, el canal de TV local de la Cooperativa El\u00e9ctrica de Tornquist. Turismo, Pol\u00edtica, Sociedad, Deporte, Cultura y todo el contenido de inter\u00e9s general que la gente del pueblo y la regi\u00f3n debe conocer.\" \/>\n<meta property=\"og:url\" content=\"https:\/\/www.celttv.com.ar\/index.php\/2019\/06\/13\/el-cooperativismo-es-una-herramienta-valida-para-la-construccion-de-una-sociedad-diferente\/\" \/>\n<meta property=\"og:site_name\" content=\"CELTTV\" \/>\n<meta property=\"article:publisher\" content=\"https:\/\/www.facebook.com\/celtTV\/\" \/>\n<meta property=\"article:published_time\" content=\"2019-06-13T20:53:37+00:00\" \/>\n<meta property=\"og:image\" content=\"https:\/\/www.celttv.com.ar\/wp-content\/uploads\/2019\/06\/IMG_4131-Small.jpg\" \/>\n\t<meta property=\"og:image:width\" content=\"720\" \/>\n\t<meta property=\"og:image:height\" content=\"480\" \/>\n\t<meta property=\"og:image:type\" content=\"image\/jpeg\" \/>\n<meta name=\"author\" content=\"ulises\" \/>\n<meta name=\"twitter:card\" content=\"summary_large_image\" \/>\n<meta name=\"twitter:label1\" content=\"Escrito por\" \/>\n\t<meta name=\"twitter:data1\" content=\"ulises\" \/>\n\t<meta name=\"twitter:label2\" content=\"Tiempo de lectura\" \/>\n\t<meta name=\"twitter:data2\" content=\"4 minutos\" \/>\n<script type=\"application\/ld+json\" class=\"yoast-schema-graph\">{\"@context\":\"https:\/\/schema.org\",\"@graph\":[{\"@type\":\"NewsArticle\",\"@id\":\"https:\/\/www.celttv.com.ar\/index.php\/2019\/06\/13\/el-cooperativismo-es-una-herramienta-valida-para-la-construccion-de-una-sociedad-diferente\/#article\",\"isPartOf\":{\"@id\":\"https:\/\/www.celttv.com.ar\/index.php\/2019\/06\/13\/el-cooperativismo-es-una-herramienta-valida-para-la-construccion-de-una-sociedad-diferente\/\"},\"author\":{\"name\":\"ulises\",\"@id\":\"https:\/\/www.celttv.com.ar\/#\/schema\/person\/6d99c072dba59953809c81446e9d0ace\"},\"headline\":\"\u201cEl Cooperativismo es una herramienta v\u00e1lida para la construcci\u00f3n de una sociedad diferente\u201d\",\"datePublished\":\"2019-06-13T20:53:37+00:00\",\"dateModified\":\"2019-06-13T20:53:37+00:00\",\"mainEntityOfPage\":{\"@id\":\"https:\/\/www.celttv.com.ar\/index.php\/2019\/06\/13\/el-cooperativismo-es-una-herramienta-valida-para-la-construccion-de-una-sociedad-diferente\/\"},\"wordCount\":780,\"publisher\":{\"@id\":\"https:\/\/www.celttv.com.ar\/#organization\"},\"articleSection\":[\"Celt TV Noticias\",\"Comunidad\",\"Destacadas\",\"Informaci\u00f3n Cooperativa\"],\"inLanguage\":\"es\"},{\"@type\":\"WebPage\",\"@id\":\"https:\/\/www.celttv.com.ar\/index.php\/2019\/06\/13\/el-cooperativismo-es-una-herramienta-valida-para-la-construccion-de-una-sociedad-diferente\/\",\"url\":\"https:\/\/www.celttv.com.ar\/index.php\/2019\/06\/13\/el-cooperativismo-es-una-herramienta-valida-para-la-construccion-de-una-sociedad-diferente\/\",\"name\":\"\u201cEl Cooperativismo es una herramienta v\u00e1lida para la construcci\u00f3n de una sociedad diferente\u201d - CELTTV\",\"isPartOf\":{\"@id\":\"https:\/\/www.celttv.com.ar\/#website\"},\"datePublished\":\"2019-06-13T20:53:37+00:00\",\"dateModified\":\"2019-06-13T20:53:37+00:00\",\"description\":\"Sitio web de noticias de la localidad de Tornquist, provincia de Buenos Aires, Rep\u00fablica Argentina. Contenido propio originado por periodistas de CELTTV, el canal de TV local de la Cooperativa El\u00e9ctrica de Tornquist. Turismo, Pol\u00edtica, Sociedad, Deporte, Cultura y todo el contenido de inter\u00e9s general que la gente del pueblo y la regi\u00f3n debe conocer.\",\"breadcrumb\":{\"@id\":\"https:\/\/www.celttv.com.ar\/index.php\/2019\/06\/13\/el-cooperativismo-es-una-herramienta-valida-para-la-construccion-de-una-sociedad-diferente\/#breadcrumb\"},\"inLanguage\":\"es\",\"potentialAction\":[{\"@type\":\"ReadAction\",\"target\":[\"https:\/\/www.celttv.com.ar\/index.php\/2019\/06\/13\/el-cooperativismo-es-una-herramienta-valida-para-la-construccion-de-una-sociedad-diferente\/\"]}]},{\"@type\":\"BreadcrumbList\",\"@id\":\"https:\/\/www.celttv.com.ar\/index.php\/2019\/06\/13\/el-cooperativismo-es-una-herramienta-valida-para-la-construccion-de-una-sociedad-diferente\/#breadcrumb\",\"itemListElement\":[{\"@type\":\"ListItem\",\"position\":1,\"name\":\"Inicio\",\"item\":\"https:\/\/www.celttv.com.ar\/\"},{\"@type\":\"ListItem\",\"position\":2,\"name\":\"\u201cEl Cooperativismo es una herramienta v\u00e1lida para la construcci\u00f3n de una sociedad diferente\u201d\"}]},{\"@type\":\"WebSite\",\"@id\":\"https:\/\/www.celttv.com.ar\/#website\",\"url\":\"https:\/\/www.celttv.com.ar\/\",\"name\":\"CELTTV\",\"description\":\"Cooperativa El\u00e9ctrica de Tornquist\",\"publisher\":{\"@id\":\"https:\/\/www.celttv.com.ar\/#organization\"},\"potentialAction\":[{\"@type\":\"SearchAction\",\"target\":{\"@type\":\"EntryPoint\",\"urlTemplate\":\"https:\/\/www.celttv.com.ar\/?s={search_term_string}\"},\"query-input\":\"required name=search_term_string\"}],\"inLanguage\":\"es\"},{\"@type\":\"Organization\",\"@id\":\"https:\/\/www.celttv.com.ar\/#organization\",\"name\":\"CELTTV\",\"url\":\"https:\/\/www.celttv.com.ar\/\",\"sameAs\":[\"https:\/\/www.youtube.com\/channel\/UCz_oIt8Hig64Ub-EmcNPIhg\",\"https:\/\/www.facebook.com\/celtTV\/\"],\"logo\":{\"@type\":\"ImageObject\",\"inLanguage\":\"es\",\"@id\":\"https:\/\/www.celttv.com.ar\/#\/schema\/logo\/image\/\",\"url\":\"http:\/\/www.celttv.com.ar\/wp-content\/uploads\/2022\/08\/logo-1.png\",\"contentUrl\":\"http:\/\/www.celttv.com.ar\/wp-content\/uploads\/2022\/08\/logo-1.png\",\"width\":461,\"height\":159,\"caption\":\"CELTTV\"},\"image\":{\"@id\":\"https:\/\/www.celttv.com.ar\/#\/schema\/logo\/image\/\"}},{\"@type\":\"Person\",\"@id\":\"https:\/\/www.celttv.com.ar\/#\/schema\/person\/6d99c072dba59953809c81446e9d0ace\",\"name\":\"ulises\",\"image\":{\"@type\":\"ImageObject\",\"inLanguage\":\"es\",\"@id\":\"https:\/\/www.celttv.com.ar\/#\/schema\/person\/image\/\",\"url\":\"https:\/\/secure.gravatar.com\/avatar\/7f2c48bdc33b30088f941fb6082e555f2874c98e20cb159d7b92b50eadfce793?s=96&d=mm&r=g\",\"contentUrl\":\"https:\/\/secure.gravatar.com\/avatar\/7f2c48bdc33b30088f941fb6082e555f2874c98e20cb159d7b92b50eadfce793?s=96&d=mm&r=g\",\"caption\":\"ulises\"},\"sameAs\":[\"http:\/\/www.celttv.com.ar\"]}]}<\/script>\n<!-- \/ Yoast SEO plugin. -->","yoast_head_json":{"title":"\u201cEl Cooperativismo es una herramienta v\u00e1lida para la construcci\u00f3n de una sociedad diferente\u201d - CELTTV","description":"Sitio web de noticias de la localidad de Tornquist, provincia de Buenos Aires, Rep\u00fablica Argentina. Contenido propio originado por periodistas de CELTTV, el canal de TV local de la Cooperativa El\u00e9ctrica de Tornquist. Turismo, Pol\u00edtica, Sociedad, Deporte, Cultura y todo el contenido de inter\u00e9s general que la gente del pueblo y la regi\u00f3n debe conocer.","robots":{"index":"index","follow":"follow","max-snippet":"max-snippet:-1","max-image-preview":"max-image-preview:large","max-video-preview":"max-video-preview:-1"},"canonical":"https:\/\/www.celttv.com.ar\/index.php\/2019\/06\/13\/el-cooperativismo-es-una-herramienta-valida-para-la-construccion-de-una-sociedad-diferente\/","og_locale":"es_ES","og_type":"article","og_title":"\u201cEl Cooperativismo es una herramienta v\u00e1lida para la construcci\u00f3n de una sociedad diferente\u201d - CELTTV","og_description":"Sitio web de noticias de la localidad de Tornquist, provincia de Buenos Aires, Rep\u00fablica Argentina. Contenido propio originado por periodistas de CELTTV, el canal de TV local de la Cooperativa El\u00e9ctrica de Tornquist. Turismo, Pol\u00edtica, Sociedad, Deporte, Cultura y todo el contenido de inter\u00e9s general que la gente del pueblo y la regi\u00f3n debe conocer.","og_url":"https:\/\/www.celttv.com.ar\/index.php\/2019\/06\/13\/el-cooperativismo-es-una-herramienta-valida-para-la-construccion-de-una-sociedad-diferente\/","og_site_name":"CELTTV","article_publisher":"https:\/\/www.facebook.com\/celtTV\/","article_published_time":"2019-06-13T20:53:37+00:00","og_image":[{"width":720,"height":480,"url":"https:\/\/www.celttv.com.ar\/wp-content\/uploads\/2019\/06\/IMG_4131-Small.jpg","type":"image\/jpeg"}],"author":"ulises","twitter_card":"summary_large_image","twitter_misc":{"Escrito por":"ulises","Tiempo de lectura":"4 minutos"},"schema":{"@context":"https:\/\/schema.org","@graph":[{"@type":"NewsArticle","@id":"https:\/\/www.celttv.com.ar\/index.php\/2019\/06\/13\/el-cooperativismo-es-una-herramienta-valida-para-la-construccion-de-una-sociedad-diferente\/#article","isPartOf":{"@id":"https:\/\/www.celttv.com.ar\/index.php\/2019\/06\/13\/el-cooperativismo-es-una-herramienta-valida-para-la-construccion-de-una-sociedad-diferente\/"},"author":{"name":"ulises","@id":"https:\/\/www.celttv.com.ar\/#\/schema\/person\/6d99c072dba59953809c81446e9d0ace"},"headline":"\u201cEl Cooperativismo es una herramienta v\u00e1lida para la construcci\u00f3n de una sociedad diferente\u201d","datePublished":"2019-06-13T20:53:37+00:00","dateModified":"2019-06-13T20:53:37+00:00","mainEntityOfPage":{"@id":"https:\/\/www.celttv.com.ar\/index.php\/2019\/06\/13\/el-cooperativismo-es-una-herramienta-valida-para-la-construccion-de-una-sociedad-diferente\/"},"wordCount":780,"publisher":{"@id":"https:\/\/www.celttv.com.ar\/#organization"},"articleSection":["Celt TV Noticias","Comunidad","Destacadas","Informaci\u00f3n Cooperativa"],"inLanguage":"es"},{"@type":"WebPage","@id":"https:\/\/www.celttv.com.ar\/index.php\/2019\/06\/13\/el-cooperativismo-es-una-herramienta-valida-para-la-construccion-de-una-sociedad-diferente\/","url":"https:\/\/www.celttv.com.ar\/index.php\/2019\/06\/13\/el-cooperativismo-es-una-herramienta-valida-para-la-construccion-de-una-sociedad-diferente\/","name":"\u201cEl Cooperativismo es una herramienta v\u00e1lida para la construcci\u00f3n de una sociedad diferente\u201d - CELTTV","isPartOf":{"@id":"https:\/\/www.celttv.com.ar\/#website"},"datePublished":"2019-06-13T20:53:37+00:00","dateModified":"2019-06-13T20:53:37+00:00","description":"Sitio web de noticias de la localidad de Tornquist, provincia de Buenos Aires, Rep\u00fablica Argentina. Contenido propio originado por periodistas de CELTTV, el canal de TV local de la Cooperativa El\u00e9ctrica de Tornquist. Turismo, Pol\u00edtica, Sociedad, Deporte, Cultura y todo el contenido de inter\u00e9s general que la gente del pueblo y la regi\u00f3n debe conocer.","breadcrumb":{"@id":"https:\/\/www.celttv.com.ar\/index.php\/2019\/06\/13\/el-cooperativismo-es-una-herramienta-valida-para-la-construccion-de-una-sociedad-diferente\/#breadcrumb"},"inLanguage":"es","potentialAction":[{"@type":"ReadAction","target":["https:\/\/www.celttv.com.ar\/index.php\/2019\/06\/13\/el-cooperativismo-es-una-herramienta-valida-para-la-construccion-de-una-sociedad-diferente\/"]}]},{"@type":"BreadcrumbList","@id":"https:\/\/www.celttv.com.ar\/index.php\/2019\/06\/13\/el-cooperativismo-es-una-herramienta-valida-para-la-construccion-de-una-sociedad-diferente\/#breadcrumb","itemListElement":[{"@type":"ListItem","position":1,"name":"Inicio","item":"https:\/\/www.celttv.com.ar\/"},{"@type":"ListItem","position":2,"name":"\u201cEl Cooperativismo es una herramienta v\u00e1lida para la construcci\u00f3n de una sociedad diferente\u201d"}]},{"@type":"WebSite","@id":"https:\/\/www.celttv.com.ar\/#website","url":"https:\/\/www.celttv.com.ar\/","name":"CELTTV","description":"Cooperativa El\u00e9ctrica de Tornquist","publisher":{"@id":"https:\/\/www.celttv.com.ar\/#organization"},"potentialAction":[{"@type":"SearchAction","target":{"@type":"EntryPoint","urlTemplate":"https:\/\/www.celttv.com.ar\/?s={search_term_string}"},"query-input":"required name=search_term_string"}],"inLanguage":"es"},{"@type":"Organization","@id":"https:\/\/www.celttv.com.ar\/#organization","name":"CELTTV","url":"https:\/\/www.celttv.com.ar\/","sameAs":["https:\/\/www.youtube.com\/channel\/UCz_oIt8Hig64Ub-EmcNPIhg","https:\/\/www.facebook.com\/celtTV\/"],"logo":{"@type":"ImageObject","inLanguage":"es","@id":"https:\/\/www.celttv.com.ar\/#\/schema\/logo\/image\/","url":"http:\/\/www.celttv.com.ar\/wp-content\/uploads\/2022\/08\/logo-1.png","contentUrl":"http:\/\/www.celttv.com.ar\/wp-content\/uploads\/2022\/08\/logo-1.png","width":461,"height":159,"caption":"CELTTV"},"image":{"@id":"https:\/\/www.celttv.com.ar\/#\/schema\/logo\/image\/"}},{"@type":"Person","@id":"https:\/\/www.celttv.com.ar\/#\/schema\/person\/6d99c072dba59953809c81446e9d0ace","name":"ulises","image":{"@type":"ImageObject","inLanguage":"es","@id":"https:\/\/www.celttv.com.ar\/#\/schema\/person\/image\/","url":"https:\/\/secure.gravatar.com\/avatar\/7f2c48bdc33b30088f941fb6082e555f2874c98e20cb159d7b92b50eadfce793?s=96&d=mm&r=g","contentUrl":"https:\/\/secure.gravatar.com\/avatar\/7f2c48bdc33b30088f941fb6082e555f2874c98e20cb159d7b92b50eadfce793?s=96&d=mm&r=g","caption":"ulises"},"sameAs":["http:\/\/www.celttv.com.ar"]}]}},"_links":{"self":[{"href":"https:\/\/www.celttv.com.ar\/index.php\/wp-json\/wp\/v2\/posts\/42169","targetHints":{"allow":["GET"]}}],"collection":[{"href":"https:\/\/www.celttv.com.ar\/index.php\/wp-json\/wp\/v2\/posts"}],"about":[{"href":"https:\/\/www.celttv.com.ar\/index.php\/wp-json\/wp\/v2\/types\/post"}],"author":[{"embeddable":true,"href":"https:\/\/www.celttv.com.ar\/index.php\/wp-json\/wp\/v2\/users\/1"}],"replies":[{"embeddable":true,"href":"https:\/\/www.celttv.com.ar\/index.php\/wp-json\/wp\/v2\/comments?post=42169"}],"version-history":[{"count":0,"href":"https:\/\/www.celttv.com.ar\/index.php\/wp-json\/wp\/v2\/posts\/42169\/revisions"}],"wp:featuredmedia":[{"embeddable":true,"href":"https:\/\/www.celttv.com.ar\/index.php\/wp-json\/wp\/v2\/media\/42166"}],"wp:attachment":[{"href":"https:\/\/www.celttv.com.ar\/index.php\/wp-json\/wp\/v2\/media?parent=42169"}],"wp:term":[{"taxonomy":"category","embeddable":true,"href":"https:\/\/www.celttv.com.ar\/index.php\/wp-json\/wp\/v2\/categories?post=42169"},{"taxonomy":"post_tag","embeddable":true,"href":"https:\/\/www.celttv.com.ar\/index.php\/wp-json\/wp\/v2\/tags?post=42169"}],"curies":[{"name":"wp","href":"https:\/\/api.w.org\/{rel}","templated":true}]}}