{"id":42172,"date":"2019-06-15T00:09:57","date_gmt":"2019-06-15T00:09:57","guid":{"rendered":"http:\/\/www.celttv.com.ar\/?p=42172"},"modified":"2019-06-15T00:09:57","modified_gmt":"2019-06-15T00:09:57","slug":"volco-en-el-acceso-a-saldungaray-y-apenas-se-lastimo","status":"publish","type":"post","link":"https:\/\/www.celttv.com.ar\/index.php\/2019\/06\/15\/volco-en-el-acceso-a-saldungaray-y-apenas-se-lastimo\/","title":{"rendered":"Volc\u00f3 en el acceso a Saldungaray y apenas se lastim\u00f3"},"content":{"rendered":"<p><a href=\"http:\/\/www.celttv.com.ar\/?attachment_id=42174\" rel=\"attachment wp-att-42174\"><img loading=\"lazy\" decoding=\"async\" class=\"alignleft size-full wp-image-42174\" src=\"http:\/\/www.celttv.com.ar\/wp-content\/uploads\/2019\/06\/volco1.jpg\" alt=\"\" width=\"1000\" height=\"600\" srcset=\"https:\/\/www.celttv.com.ar\/wp-content\/uploads\/2019\/06\/volco1.jpg 1000w, https:\/\/www.celttv.com.ar\/wp-content\/uploads\/2019\/06\/volco1-300x180.jpg 300w, https:\/\/www.celttv.com.ar\/wp-content\/uploads\/2019\/06\/volco1-768x461.jpg 768w, https:\/\/www.celttv.com.ar\/wp-content\/uploads\/2019\/06\/volco1-750x450.jpg 750w\" sizes=\"auto, (max-width: 1000px) 100vw, 1000px\" \/><\/a>Esta tarde, Eugenio H\u00e9ctor Leoz, salv\u00f3 su vida de milagro.<\/p>\n<p>El oriundo de Coronel Pringles, al mando de una Toyota Hilux, volc\u00f3 a metros del acceso a Saldungaray, sobre la ruta 72.<\/p>\n<p>El joven de 28 a\u00f1os, seg\u00fan revelaron medios de la zona, conduc\u00eda en direcci\u00f3n Saldungaray &#8211; Fra Pal, cuando justo antes de llegar al puente del r\u00edo Sauce Grande, choc\u00f3 contra el guardarrail y termin\u00f3 volcando.<\/p>\n<p>Pese a los tumbos que dio el veh\u00edculo, el pringlense pudo salir por sus propios medios, y apenas necesit\u00f3 curaciones m\u00ednimas en la Unidad Sanitaria de la localidad que compone la comarca serrana.<\/p>\n<p>Fuente: LB24 \/ Noticias Tornquist.<\/p>\n","protected":false},"excerpt":{"rendered":"<p>Esta tarde, Eugenio H\u00e9ctor Leoz, salv\u00f3 su vida de milagro. El oriundo de Coronel Pringles, al mando de una Toyota Hilux, volc\u00f3 a metros del acceso a Saldungaray, sobre la ruta 72. El joven de 28 a\u00f1os, seg\u00fan revelaron medios de la zona, conduc\u00eda en direcci\u00f3n Saldungaray &#8211; Fra Pal, cuando justo antes de llegar [&hellip;]<\/p>\n","protected":false},"author":1,"featured_media":42174,"comment_status":"closed","ping_status":"open","sticky":false,"template":"","format":"standard","meta":{"footnotes":""},"categories":[52,61],"tags":[],"class_list":["post-42172","post","type-post","status-publish","format-standard","has-post-thumbnail","hentry","category-destacadas","category-policiales"],"yoast_head":"<!-- This site is optimized with the Yoast SEO plugin v19.7.1 - https:\/\/yoast.com\/wordpress\/plugins\/seo\/ -->\n<title>Volc\u00f3 en el acceso a Saldungaray y apenas se lastim\u00f3 - CELTTV<\/title>\n<meta name=\"description\" content=\"Sitio web de noticias de la localidad de Tornquist, provincia de Buenos Aires, Rep\u00fablica Argentina. Contenido propio originado por periodistas de CELTTV, el canal de TV local de la Cooperativa El\u00e9ctrica de Tornquist. Turismo, Pol\u00edtica, Sociedad, Deporte, Cultura y todo el contenido de inter\u00e9s general que la gente del pueblo y la regi\u00f3n debe conocer.\" \/>\n<meta name=\"robots\" content=\"index, follow, max-snippet:-1, max-image-preview:large, max-video-preview:-1\" \/>\n<link rel=\"canonical\" href=\"https:\/\/www.celttv.com.ar\/index.php\/2019\/06\/15\/volco-en-el-acceso-a-saldungaray-y-apenas-se-lastimo\/\" \/>\n<meta property=\"og:locale\" content=\"es_ES\" \/>\n<meta property=\"og:type\" content=\"article\" \/>\n<meta property=\"og:title\" content=\"Volc\u00f3 en el acceso a Saldungaray y apenas se lastim\u00f3 - CELTTV\" \/>\n<meta property=\"og:description\" content=\"Sitio web de noticias de la localidad de Tornquist, provincia de Buenos Aires, Rep\u00fablica Argentina. Contenido propio originado por periodistas de CELTTV, el canal de TV local de la Cooperativa El\u00e9ctrica de Tornquist. Turismo, Pol\u00edtica, Sociedad, Deporte, Cultura y todo el contenido de inter\u00e9s general que la gente del pueblo y la regi\u00f3n debe conocer.\" \/>\n<meta property=\"og:url\" content=\"https:\/\/www.celttv.com.ar\/index.php\/2019\/06\/15\/volco-en-el-acceso-a-saldungaray-y-apenas-se-lastimo\/\" \/>\n<meta property=\"og:site_name\" content=\"CELTTV\" \/>\n<meta property=\"article:publisher\" content=\"https:\/\/www.facebook.com\/celtTV\/\" \/>\n<meta property=\"article:published_time\" content=\"2019-06-15T00:09:57+00:00\" \/>\n<meta property=\"og:image\" content=\"https:\/\/www.celttv.com.ar\/wp-content\/uploads\/2019\/06\/volco1.jpg\" \/>\n\t<meta property=\"og:image:width\" content=\"1000\" \/>\n\t<meta property=\"og:image:height\" content=\"600\" \/>\n\t<meta property=\"og:image:type\" content=\"image\/jpeg\" \/>\n<meta name=\"author\" content=\"ulises\" \/>\n<meta name=\"twitter:card\" content=\"summary_large_image\" \/>\n<meta name=\"twitter:label1\" content=\"Escrito por\" \/>\n\t<meta name=\"twitter:data1\" content=\"ulises\" \/>\n\t<meta name=\"twitter:label2\" content=\"Tiempo de lectura\" \/>\n\t<meta name=\"twitter:data2\" content=\"1 minuto\" \/>\n<script type=\"application\/ld+json\" class=\"yoast-schema-graph\">{\"@context\":\"https:\/\/schema.org\",\"@graph\":[{\"@type\":\"NewsArticle\",\"@id\":\"https:\/\/www.celttv.com.ar\/index.php\/2019\/06\/15\/volco-en-el-acceso-a-saldungaray-y-apenas-se-lastimo\/#article\",\"isPartOf\":{\"@id\":\"https:\/\/www.celttv.com.ar\/index.php\/2019\/06\/15\/volco-en-el-acceso-a-saldungaray-y-apenas-se-lastimo\/\"},\"author\":{\"name\":\"ulises\",\"@id\":\"https:\/\/www.celttv.com.ar\/#\/schema\/person\/6d99c072dba59953809c81446e9d0ace\"},\"headline\":\"Volc\u00f3 en el acceso a Saldungaray y apenas se lastim\u00f3\",\"datePublished\":\"2019-06-15T00:09:57+00:00\",\"dateModified\":\"2019-06-15T00:09:57+00:00\",\"mainEntityOfPage\":{\"@id\":\"https:\/\/www.celttv.com.ar\/index.php\/2019\/06\/15\/volco-en-el-acceso-a-saldungaray-y-apenas-se-lastimo\/\"},\"wordCount\":121,\"publisher\":{\"@id\":\"https:\/\/www.celttv.com.ar\/#organization\"},\"articleSection\":[\"Destacadas\",\"Policiales\"],\"inLanguage\":\"es\"},{\"@type\":\"WebPage\",\"@id\":\"https:\/\/www.celttv.com.ar\/index.php\/2019\/06\/15\/volco-en-el-acceso-a-saldungaray-y-apenas-se-lastimo\/\",\"url\":\"https:\/\/www.celttv.com.ar\/index.php\/2019\/06\/15\/volco-en-el-acceso-a-saldungaray-y-apenas-se-lastimo\/\",\"name\":\"Volc\u00f3 en el acceso a Saldungaray y apenas se lastim\u00f3 - CELTTV\",\"isPartOf\":{\"@id\":\"https:\/\/www.celttv.com.ar\/#website\"},\"datePublished\":\"2019-06-15T00:09:57+00:00\",\"dateModified\":\"2019-06-15T00:09:57+00:00\",\"description\":\"Sitio web de noticias de la localidad de Tornquist, provincia de Buenos Aires, Rep\u00fablica Argentina. Contenido propio originado por periodistas de CELTTV, el canal de TV local de la Cooperativa El\u00e9ctrica de Tornquist. Turismo, Pol\u00edtica, Sociedad, Deporte, Cultura y todo el contenido de inter\u00e9s general que la gente del pueblo y la regi\u00f3n debe conocer.\",\"breadcrumb\":{\"@id\":\"https:\/\/www.celttv.com.ar\/index.php\/2019\/06\/15\/volco-en-el-acceso-a-saldungaray-y-apenas-se-lastimo\/#breadcrumb\"},\"inLanguage\":\"es\",\"potentialAction\":[{\"@type\":\"ReadAction\",\"target\":[\"https:\/\/www.celttv.com.ar\/index.php\/2019\/06\/15\/volco-en-el-acceso-a-saldungaray-y-apenas-se-lastimo\/\"]}]},{\"@type\":\"BreadcrumbList\",\"@id\":\"https:\/\/www.celttv.com.ar\/index.php\/2019\/06\/15\/volco-en-el-acceso-a-saldungaray-y-apenas-se-lastimo\/#breadcrumb\",\"itemListElement\":[{\"@type\":\"ListItem\",\"position\":1,\"name\":\"Inicio\",\"item\":\"https:\/\/www.celttv.com.ar\/\"},{\"@type\":\"ListItem\",\"position\":2,\"name\":\"Volc\u00f3 en el acceso a Saldungaray y apenas se lastim\u00f3\"}]},{\"@type\":\"WebSite\",\"@id\":\"https:\/\/www.celttv.com.ar\/#website\",\"url\":\"https:\/\/www.celttv.com.ar\/\",\"name\":\"CELTTV\",\"description\":\"Cooperativa El\u00e9ctrica de Tornquist\",\"publisher\":{\"@id\":\"https:\/\/www.celttv.com.ar\/#organization\"},\"potentialAction\":[{\"@type\":\"SearchAction\",\"target\":{\"@type\":\"EntryPoint\",\"urlTemplate\":\"https:\/\/www.celttv.com.ar\/?s={search_term_string}\"},\"query-input\":\"required name=search_term_string\"}],\"inLanguage\":\"es\"},{\"@type\":\"Organization\",\"@id\":\"https:\/\/www.celttv.com.ar\/#organization\",\"name\":\"CELTTV\",\"url\":\"https:\/\/www.celttv.com.ar\/\",\"sameAs\":[\"https:\/\/www.youtube.com\/channel\/UCz_oIt8Hig64Ub-EmcNPIhg\",\"https:\/\/www.facebook.com\/celtTV\/\"],\"logo\":{\"@type\":\"ImageObject\",\"inLanguage\":\"es\",\"@id\":\"https:\/\/www.celttv.com.ar\/#\/schema\/logo\/image\/\",\"url\":\"http:\/\/www.celttv.com.ar\/wp-content\/uploads\/2022\/08\/logo-1.png\",\"contentUrl\":\"http:\/\/www.celttv.com.ar\/wp-content\/uploads\/2022\/08\/logo-1.png\",\"width\":461,\"height\":159,\"caption\":\"CELTTV\"},\"image\":{\"@id\":\"https:\/\/www.celttv.com.ar\/#\/schema\/logo\/image\/\"}},{\"@type\":\"Person\",\"@id\":\"https:\/\/www.celttv.com.ar\/#\/schema\/person\/6d99c072dba59953809c81446e9d0ace\",\"name\":\"ulises\",\"image\":{\"@type\":\"ImageObject\",\"inLanguage\":\"es\",\"@id\":\"https:\/\/www.celttv.com.ar\/#\/schema\/person\/image\/\",\"url\":\"https:\/\/secure.gravatar.com\/avatar\/7f2c48bdc33b30088f941fb6082e555f2874c98e20cb159d7b92b50eadfce793?s=96&d=mm&r=g\",\"contentUrl\":\"https:\/\/secure.gravatar.com\/avatar\/7f2c48bdc33b30088f941fb6082e555f2874c98e20cb159d7b92b50eadfce793?s=96&d=mm&r=g\",\"caption\":\"ulises\"},\"sameAs\":[\"http:\/\/www.celttv.com.ar\"]}]}<\/script>\n<!-- \/ Yoast SEO plugin. -->","yoast_head_json":{"title":"Volc\u00f3 en el acceso a Saldungaray y apenas se lastim\u00f3 - CELTTV","description":"Sitio web de noticias de la localidad de Tornquist, provincia de Buenos Aires, Rep\u00fablica Argentina. Contenido propio originado por periodistas de CELTTV, el canal de TV local de la Cooperativa El\u00e9ctrica de Tornquist. Turismo, Pol\u00edtica, Sociedad, Deporte, Cultura y todo el contenido de inter\u00e9s general que la gente del pueblo y la regi\u00f3n debe conocer.","robots":{"index":"index","follow":"follow","max-snippet":"max-snippet:-1","max-image-preview":"max-image-preview:large","max-video-preview":"max-video-preview:-1"},"canonical":"https:\/\/www.celttv.com.ar\/index.php\/2019\/06\/15\/volco-en-el-acceso-a-saldungaray-y-apenas-se-lastimo\/","og_locale":"es_ES","og_type":"article","og_title":"Volc\u00f3 en el acceso a Saldungaray y apenas se lastim\u00f3 - CELTTV","og_description":"Sitio web de noticias de la localidad de Tornquist, provincia de Buenos Aires, Rep\u00fablica Argentina. Contenido propio originado por periodistas de CELTTV, el canal de TV local de la Cooperativa El\u00e9ctrica de Tornquist. Turismo, Pol\u00edtica, Sociedad, Deporte, Cultura y todo el contenido de inter\u00e9s general que la gente del pueblo y la regi\u00f3n debe conocer.","og_url":"https:\/\/www.celttv.com.ar\/index.php\/2019\/06\/15\/volco-en-el-acceso-a-saldungaray-y-apenas-se-lastimo\/","og_site_name":"CELTTV","article_publisher":"https:\/\/www.facebook.com\/celtTV\/","article_published_time":"2019-06-15T00:09:57+00:00","og_image":[{"width":1000,"height":600,"url":"https:\/\/www.celttv.com.ar\/wp-content\/uploads\/2019\/06\/volco1.jpg","type":"image\/jpeg"}],"author":"ulises","twitter_card":"summary_large_image","twitter_misc":{"Escrito por":"ulises","Tiempo de lectura":"1 minuto"},"schema":{"@context":"https:\/\/schema.org","@graph":[{"@type":"NewsArticle","@id":"https:\/\/www.celttv.com.ar\/index.php\/2019\/06\/15\/volco-en-el-acceso-a-saldungaray-y-apenas-se-lastimo\/#article","isPartOf":{"@id":"https:\/\/www.celttv.com.ar\/index.php\/2019\/06\/15\/volco-en-el-acceso-a-saldungaray-y-apenas-se-lastimo\/"},"author":{"name":"ulises","@id":"https:\/\/www.celttv.com.ar\/#\/schema\/person\/6d99c072dba59953809c81446e9d0ace"},"headline":"Volc\u00f3 en el acceso a Saldungaray y apenas se lastim\u00f3","datePublished":"2019-06-15T00:09:57+00:00","dateModified":"2019-06-15T00:09:57+00:00","mainEntityOfPage":{"@id":"https:\/\/www.celttv.com.ar\/index.php\/2019\/06\/15\/volco-en-el-acceso-a-saldungaray-y-apenas-se-lastimo\/"},"wordCount":121,"publisher":{"@id":"https:\/\/www.celttv.com.ar\/#organization"},"articleSection":["Destacadas","Policiales"],"inLanguage":"es"},{"@type":"WebPage","@id":"https:\/\/www.celttv.com.ar\/index.php\/2019\/06\/15\/volco-en-el-acceso-a-saldungaray-y-apenas-se-lastimo\/","url":"https:\/\/www.celttv.com.ar\/index.php\/2019\/06\/15\/volco-en-el-acceso-a-saldungaray-y-apenas-se-lastimo\/","name":"Volc\u00f3 en el acceso a Saldungaray y apenas se lastim\u00f3 - CELTTV","isPartOf":{"@id":"https:\/\/www.celttv.com.ar\/#website"},"datePublished":"2019-06-15T00:09:57+00:00","dateModified":"2019-06-15T00:09:57+00:00","description":"Sitio web de noticias de la localidad de Tornquist, provincia de Buenos Aires, Rep\u00fablica Argentina. Contenido propio originado por periodistas de CELTTV, el canal de TV local de la Cooperativa El\u00e9ctrica de Tornquist. Turismo, Pol\u00edtica, Sociedad, Deporte, Cultura y todo el contenido de inter\u00e9s general que la gente del pueblo y la regi\u00f3n debe conocer.","breadcrumb":{"@id":"https:\/\/www.celttv.com.ar\/index.php\/2019\/06\/15\/volco-en-el-acceso-a-saldungaray-y-apenas-se-lastimo\/#breadcrumb"},"inLanguage":"es","potentialAction":[{"@type":"ReadAction","target":["https:\/\/www.celttv.com.ar\/index.php\/2019\/06\/15\/volco-en-el-acceso-a-saldungaray-y-apenas-se-lastimo\/"]}]},{"@type":"BreadcrumbList","@id":"https:\/\/www.celttv.com.ar\/index.php\/2019\/06\/15\/volco-en-el-acceso-a-saldungaray-y-apenas-se-lastimo\/#breadcrumb","itemListElement":[{"@type":"ListItem","position":1,"name":"Inicio","item":"https:\/\/www.celttv.com.ar\/"},{"@type":"ListItem","position":2,"name":"Volc\u00f3 en el acceso a Saldungaray y apenas se lastim\u00f3"}]},{"@type":"WebSite","@id":"https:\/\/www.celttv.com.ar\/#website","url":"https:\/\/www.celttv.com.ar\/","name":"CELTTV","description":"Cooperativa El\u00e9ctrica de Tornquist","publisher":{"@id":"https:\/\/www.celttv.com.ar\/#organization"},"potentialAction":[{"@type":"SearchAction","target":{"@type":"EntryPoint","urlTemplate":"https:\/\/www.celttv.com.ar\/?s={search_term_string}"},"query-input":"required name=search_term_string"}],"inLanguage":"es"},{"@type":"Organization","@id":"https:\/\/www.celttv.com.ar\/#organization","name":"CELTTV","url":"https:\/\/www.celttv.com.ar\/","sameAs":["https:\/\/www.youtube.com\/channel\/UCz_oIt8Hig64Ub-EmcNPIhg","https:\/\/www.facebook.com\/celtTV\/"],"logo":{"@type":"ImageObject","inLanguage":"es","@id":"https:\/\/www.celttv.com.ar\/#\/schema\/logo\/image\/","url":"http:\/\/www.celttv.com.ar\/wp-content\/uploads\/2022\/08\/logo-1.png","contentUrl":"http:\/\/www.celttv.com.ar\/wp-content\/uploads\/2022\/08\/logo-1.png","width":461,"height":159,"caption":"CELTTV"},"image":{"@id":"https:\/\/www.celttv.com.ar\/#\/schema\/logo\/image\/"}},{"@type":"Person","@id":"https:\/\/www.celttv.com.ar\/#\/schema\/person\/6d99c072dba59953809c81446e9d0ace","name":"ulises","image":{"@type":"ImageObject","inLanguage":"es","@id":"https:\/\/www.celttv.com.ar\/#\/schema\/person\/image\/","url":"https:\/\/secure.gravatar.com\/avatar\/7f2c48bdc33b30088f941fb6082e555f2874c98e20cb159d7b92b50eadfce793?s=96&d=mm&r=g","contentUrl":"https:\/\/secure.gravatar.com\/avatar\/7f2c48bdc33b30088f941fb6082e555f2874c98e20cb159d7b92b50eadfce793?s=96&d=mm&r=g","caption":"ulises"},"sameAs":["http:\/\/www.celttv.com.ar"]}]}},"_links":{"self":[{"href":"https:\/\/www.celttv.com.ar\/index.php\/wp-json\/wp\/v2\/posts\/42172","targetHints":{"allow":["GET"]}}],"collection":[{"href":"https:\/\/www.celttv.com.ar\/index.php\/wp-json\/wp\/v2\/posts"}],"about":[{"href":"https:\/\/www.celttv.com.ar\/index.php\/wp-json\/wp\/v2\/types\/post"}],"author":[{"embeddable":true,"href":"https:\/\/www.celttv.com.ar\/index.php\/wp-json\/wp\/v2\/users\/1"}],"replies":[{"embeddable":true,"href":"https:\/\/www.celttv.com.ar\/index.php\/wp-json\/wp\/v2\/comments?post=42172"}],"version-history":[{"count":0,"href":"https:\/\/www.celttv.com.ar\/index.php\/wp-json\/wp\/v2\/posts\/42172\/revisions"}],"wp:featuredmedia":[{"embeddable":true,"href":"https:\/\/www.celttv.com.ar\/index.php\/wp-json\/wp\/v2\/media\/42174"}],"wp:attachment":[{"href":"https:\/\/www.celttv.com.ar\/index.php\/wp-json\/wp\/v2\/media?parent=42172"}],"wp:term":[{"taxonomy":"category","embeddable":true,"href":"https:\/\/www.celttv.com.ar\/index.php\/wp-json\/wp\/v2\/categories?post=42172"},{"taxonomy":"post_tag","embeddable":true,"href":"https:\/\/www.celttv.com.ar\/index.php\/wp-json\/wp\/v2\/tags?post=42172"}],"curies":[{"name":"wp","href":"https:\/\/api.w.org\/{rel}","templated":true}]}}