{"id":42176,"date":"2019-06-15T00:20:12","date_gmt":"2019-06-15T00:20:12","guid":{"rendered":"http:\/\/www.celttv.com.ar\/?p=42176"},"modified":"2019-06-15T00:20:12","modified_gmt":"2019-06-15T00:20:12","slug":"renuncio-el-tribunal-de-penals-de-la-lrf-y-calzetta-jugara-la-final","status":"publish","type":"post","link":"https:\/\/www.celttv.com.ar\/index.php\/2019\/06\/15\/renuncio-el-tribunal-de-penals-de-la-lrf-y-calzetta-jugara-la-final\/","title":{"rendered":"RENUNCI\u00d3 EL TRIBUNAL DE PENAS DE LA LRF Y CALZETTA JUGARA LA FINAL"},"content":{"rendered":"<p>En horas de la noche, en la reuni\u00f3n propuesta por los clubes con autoridades de la Liga Regional de F\u00fatbol y el Tribunal de Penas de la misma, dej\u00f3 como resultado la renuncia del ente \u00faltimo nombrado y sin efecto las sanciones para Calzetta (Jugador de San Mart\u00edn de Carhu\u00e9 y DT de divisiones inferiores), y Grenada (DT divisiones Club Sarmiento) moment\u00e1neamente.<\/p>\n<p>A partir de \u00e9ste momento y hasta la conformaci\u00f3n del nuevo Tribunal de Penas, la Mesa Ejecutiva de la LRF se constituir\u00e1 como Tribunal para resolver el caso en cuesti\u00f3n.<\/p>\n<p>En principio dejar\u00e1 sin efecto la sanci\u00f3n provisoria a los involucrados, analizar\u00e1n el expediente y postergar\u00e1n la sanci\u00f3n efectiva hasta que se resuelva a fondo la cuesti\u00f3n. \u00c9sto fue lo que le pidi\u00f3 el Presidente de la LRF Ernesto Palenzona al Tribunal, y reuni\u00f3n privada de por medio, los miembros del Tribunal anunciaron a la m\u00e1xima autoridad la renuncia (por no querer revocar la sanci\u00f3n).<\/p>\n<p>En definitiva, tanto Calzetta como Grenada podr\u00e1n dirigir a sus equipos en Divisiones Inferiores (hasta que quede efectiva la sanci\u00f3n), y el jugador de San Mart\u00edn de Carhu\u00e9 podr\u00e1 jugar la final de cruces el domingo frente a Atl\u00e9tico Huanguel\u00e9n.<\/p>\n<p><a href=\"http:\/\/www.celttv.com.ar\/?attachment_id=42179\" rel=\"attachment wp-att-42179\"><img loading=\"lazy\" decoding=\"async\" class=\"alignleft size-full wp-image-42179\" src=\"http:\/\/www.celttv.com.ar\/wp-content\/uploads\/2019\/06\/1560371463060.jpg\" alt=\"\" width=\"1280\" height=\"720\" srcset=\"https:\/\/www.celttv.com.ar\/wp-content\/uploads\/2019\/06\/1560371463060.jpg 1280w, https:\/\/www.celttv.com.ar\/wp-content\/uploads\/2019\/06\/1560371463060-300x169.jpg 300w, https:\/\/www.celttv.com.ar\/wp-content\/uploads\/2019\/06\/1560371463060-1024x576.jpg 1024w, https:\/\/www.celttv.com.ar\/wp-content\/uploads\/2019\/06\/1560371463060-768x432.jpg 768w, https:\/\/www.celttv.com.ar\/wp-content\/uploads\/2019\/06\/1560371463060-750x422.jpg 750w, https:\/\/www.celttv.com.ar\/wp-content\/uploads\/2019\/06\/1560371463060-1140x641.jpg 1140w\" sizes=\"auto, (max-width: 1280px) 100vw, 1280px\" \/><\/a> <a href=\"http:\/\/www.celttv.com.ar\/?attachment_id=42178\" rel=\"attachment wp-att-42178\"><img loading=\"lazy\" decoding=\"async\" class=\"alignleft size-medium wp-image-42178\" src=\"http:\/\/www.celttv.com.ar\/wp-content\/uploads\/2019\/06\/maxresdefault.jpg\" alt=\"\" width=\"780\" height=\"439\" srcset=\"https:\/\/www.celttv.com.ar\/wp-content\/uploads\/2019\/06\/maxresdefault.jpg 1280w, https:\/\/www.celttv.com.ar\/wp-content\/uploads\/2019\/06\/maxresdefault-300x169.jpg 300w, https:\/\/www.celttv.com.ar\/wp-content\/uploads\/2019\/06\/maxresdefault-1024x576.jpg 1024w, https:\/\/www.celttv.com.ar\/wp-content\/uploads\/2019\/06\/maxresdefault-768x432.jpg 768w, https:\/\/www.celttv.com.ar\/wp-content\/uploads\/2019\/06\/maxresdefault-750x422.jpg 750w, https:\/\/www.celttv.com.ar\/wp-content\/uploads\/2019\/06\/maxresdefault-1140x641.jpg 1140w\" sizes=\"auto, (max-width: 780px) 100vw, 780px\" \/><\/a><\/p>\n","protected":false},"excerpt":{"rendered":"<p>En horas de la noche, en la reuni\u00f3n propuesta por los clubes con autoridades de la Liga Regional de F\u00fatbol y el Tribunal de Penas de la misma, dej\u00f3 como resultado la renuncia del ente \u00faltimo nombrado y sin efecto las sanciones para Calzetta (Jugador de San Mart\u00edn de Carhu\u00e9 y DT de divisiones inferiores), [&hellip;]<\/p>\n","protected":false},"author":1,"featured_media":42179,"comment_status":"closed","ping_status":"open","sticky":false,"template":"","format":"standard","meta":{"footnotes":""},"categories":[60,52,76],"tags":[],"class_list":["post-42176","post","type-post","status-publish","format-standard","has-post-thumbnail","hentry","category-deporte","category-destacadas","category-solo-futbol"],"yoast_head":"<!-- This site is optimized with the Yoast SEO plugin v19.7.1 - https:\/\/yoast.com\/wordpress\/plugins\/seo\/ -->\n<title>RENUNCI\u00d3 EL TRIBUNAL DE PENAS DE LA LRF Y CALZETTA JUGARA LA FINAL - CELTTV<\/title>\n<meta name=\"description\" content=\"Sitio web de noticias de la localidad de Tornquist, provincia de Buenos Aires, Rep\u00fablica Argentina. Contenido propio originado por periodistas de CELTTV, el canal de TV local de la Cooperativa El\u00e9ctrica de Tornquist. Turismo, Pol\u00edtica, Sociedad, Deporte, Cultura y todo el contenido de inter\u00e9s general que la gente del pueblo y la regi\u00f3n debe conocer.\" \/>\n<meta name=\"robots\" content=\"index, follow, max-snippet:-1, max-image-preview:large, max-video-preview:-1\" \/>\n<link rel=\"canonical\" href=\"https:\/\/www.celttv.com.ar\/index.php\/2019\/06\/15\/renuncio-el-tribunal-de-penals-de-la-lrf-y-calzetta-jugara-la-final\/\" \/>\n<meta property=\"og:locale\" content=\"es_ES\" \/>\n<meta property=\"og:type\" content=\"article\" \/>\n<meta property=\"og:title\" content=\"RENUNCI\u00d3 EL TRIBUNAL DE PENAS DE LA LRF Y CALZETTA JUGARA LA FINAL - CELTTV\" \/>\n<meta property=\"og:description\" content=\"Sitio web de noticias de la localidad de Tornquist, provincia de Buenos Aires, Rep\u00fablica Argentina. Contenido propio originado por periodistas de CELTTV, el canal de TV local de la Cooperativa El\u00e9ctrica de Tornquist. Turismo, Pol\u00edtica, Sociedad, Deporte, Cultura y todo el contenido de inter\u00e9s general que la gente del pueblo y la regi\u00f3n debe conocer.\" \/>\n<meta property=\"og:url\" content=\"https:\/\/www.celttv.com.ar\/index.php\/2019\/06\/15\/renuncio-el-tribunal-de-penals-de-la-lrf-y-calzetta-jugara-la-final\/\" \/>\n<meta property=\"og:site_name\" content=\"CELTTV\" \/>\n<meta property=\"article:publisher\" content=\"https:\/\/www.facebook.com\/celtTV\/\" \/>\n<meta property=\"article:published_time\" content=\"2019-06-15T00:20:12+00:00\" \/>\n<meta property=\"og:image\" content=\"https:\/\/www.celttv.com.ar\/wp-content\/uploads\/2019\/06\/1560371463060.jpg\" \/>\n\t<meta property=\"og:image:width\" content=\"1280\" \/>\n\t<meta property=\"og:image:height\" content=\"720\" \/>\n\t<meta property=\"og:image:type\" content=\"image\/jpeg\" \/>\n<meta name=\"author\" content=\"ulises\" \/>\n<meta name=\"twitter:card\" content=\"summary_large_image\" \/>\n<meta name=\"twitter:label1\" content=\"Escrito por\" \/>\n\t<meta name=\"twitter:data1\" content=\"ulises\" \/>\n\t<meta name=\"twitter:label2\" content=\"Tiempo de lectura\" \/>\n\t<meta name=\"twitter:data2\" content=\"1 minuto\" \/>\n<script type=\"application\/ld+json\" class=\"yoast-schema-graph\">{\"@context\":\"https:\/\/schema.org\",\"@graph\":[{\"@type\":\"NewsArticle\",\"@id\":\"https:\/\/www.celttv.com.ar\/index.php\/2019\/06\/15\/renuncio-el-tribunal-de-penals-de-la-lrf-y-calzetta-jugara-la-final\/#article\",\"isPartOf\":{\"@id\":\"https:\/\/www.celttv.com.ar\/index.php\/2019\/06\/15\/renuncio-el-tribunal-de-penals-de-la-lrf-y-calzetta-jugara-la-final\/\"},\"author\":{\"name\":\"ulises\",\"@id\":\"https:\/\/www.celttv.com.ar\/#\/schema\/person\/6d99c072dba59953809c81446e9d0ace\"},\"headline\":\"RENUNCI\u00d3 EL TRIBUNAL DE PENAS DE LA LRF Y CALZETTA JUGARA LA FINAL\",\"datePublished\":\"2019-06-15T00:20:12+00:00\",\"dateModified\":\"2019-06-15T00:20:12+00:00\",\"mainEntityOfPage\":{\"@id\":\"https:\/\/www.celttv.com.ar\/index.php\/2019\/06\/15\/renuncio-el-tribunal-de-penals-de-la-lrf-y-calzetta-jugara-la-final\/\"},\"wordCount\":229,\"publisher\":{\"@id\":\"https:\/\/www.celttv.com.ar\/#organization\"},\"articleSection\":[\"Deporte\",\"Destacadas\",\"Solo Futbol\"],\"inLanguage\":\"es\"},{\"@type\":\"WebPage\",\"@id\":\"https:\/\/www.celttv.com.ar\/index.php\/2019\/06\/15\/renuncio-el-tribunal-de-penals-de-la-lrf-y-calzetta-jugara-la-final\/\",\"url\":\"https:\/\/www.celttv.com.ar\/index.php\/2019\/06\/15\/renuncio-el-tribunal-de-penals-de-la-lrf-y-calzetta-jugara-la-final\/\",\"name\":\"RENUNCI\u00d3 EL TRIBUNAL DE PENAS DE LA LRF Y CALZETTA JUGARA LA FINAL - CELTTV\",\"isPartOf\":{\"@id\":\"https:\/\/www.celttv.com.ar\/#website\"},\"datePublished\":\"2019-06-15T00:20:12+00:00\",\"dateModified\":\"2019-06-15T00:20:12+00:00\",\"description\":\"Sitio web de noticias de la localidad de Tornquist, provincia de Buenos Aires, Rep\u00fablica Argentina. Contenido propio originado por periodistas de CELTTV, el canal de TV local de la Cooperativa El\u00e9ctrica de Tornquist. Turismo, Pol\u00edtica, Sociedad, Deporte, Cultura y todo el contenido de inter\u00e9s general que la gente del pueblo y la regi\u00f3n debe conocer.\",\"breadcrumb\":{\"@id\":\"https:\/\/www.celttv.com.ar\/index.php\/2019\/06\/15\/renuncio-el-tribunal-de-penals-de-la-lrf-y-calzetta-jugara-la-final\/#breadcrumb\"},\"inLanguage\":\"es\",\"potentialAction\":[{\"@type\":\"ReadAction\",\"target\":[\"https:\/\/www.celttv.com.ar\/index.php\/2019\/06\/15\/renuncio-el-tribunal-de-penals-de-la-lrf-y-calzetta-jugara-la-final\/\"]}]},{\"@type\":\"BreadcrumbList\",\"@id\":\"https:\/\/www.celttv.com.ar\/index.php\/2019\/06\/15\/renuncio-el-tribunal-de-penals-de-la-lrf-y-calzetta-jugara-la-final\/#breadcrumb\",\"itemListElement\":[{\"@type\":\"ListItem\",\"position\":1,\"name\":\"Inicio\",\"item\":\"https:\/\/www.celttv.com.ar\/\"},{\"@type\":\"ListItem\",\"position\":2,\"name\":\"RENUNCI\u00d3 EL TRIBUNAL DE PENAS DE LA LRF Y CALZETTA JUGARA LA FINAL\"}]},{\"@type\":\"WebSite\",\"@id\":\"https:\/\/www.celttv.com.ar\/#website\",\"url\":\"https:\/\/www.celttv.com.ar\/\",\"name\":\"CELTTV\",\"description\":\"Cooperativa El\u00e9ctrica de Tornquist\",\"publisher\":{\"@id\":\"https:\/\/www.celttv.com.ar\/#organization\"},\"potentialAction\":[{\"@type\":\"SearchAction\",\"target\":{\"@type\":\"EntryPoint\",\"urlTemplate\":\"https:\/\/www.celttv.com.ar\/?s={search_term_string}\"},\"query-input\":\"required name=search_term_string\"}],\"inLanguage\":\"es\"},{\"@type\":\"Organization\",\"@id\":\"https:\/\/www.celttv.com.ar\/#organization\",\"name\":\"CELTTV\",\"url\":\"https:\/\/www.celttv.com.ar\/\",\"sameAs\":[\"https:\/\/www.youtube.com\/channel\/UCz_oIt8Hig64Ub-EmcNPIhg\",\"https:\/\/www.facebook.com\/celtTV\/\"],\"logo\":{\"@type\":\"ImageObject\",\"inLanguage\":\"es\",\"@id\":\"https:\/\/www.celttv.com.ar\/#\/schema\/logo\/image\/\",\"url\":\"http:\/\/www.celttv.com.ar\/wp-content\/uploads\/2022\/08\/logo-1.png\",\"contentUrl\":\"http:\/\/www.celttv.com.ar\/wp-content\/uploads\/2022\/08\/logo-1.png\",\"width\":461,\"height\":159,\"caption\":\"CELTTV\"},\"image\":{\"@id\":\"https:\/\/www.celttv.com.ar\/#\/schema\/logo\/image\/\"}},{\"@type\":\"Person\",\"@id\":\"https:\/\/www.celttv.com.ar\/#\/schema\/person\/6d99c072dba59953809c81446e9d0ace\",\"name\":\"ulises\",\"image\":{\"@type\":\"ImageObject\",\"inLanguage\":\"es\",\"@id\":\"https:\/\/www.celttv.com.ar\/#\/schema\/person\/image\/\",\"url\":\"https:\/\/secure.gravatar.com\/avatar\/7f2c48bdc33b30088f941fb6082e555f2874c98e20cb159d7b92b50eadfce793?s=96&d=mm&r=g\",\"contentUrl\":\"https:\/\/secure.gravatar.com\/avatar\/7f2c48bdc33b30088f941fb6082e555f2874c98e20cb159d7b92b50eadfce793?s=96&d=mm&r=g\",\"caption\":\"ulises\"},\"sameAs\":[\"http:\/\/www.celttv.com.ar\"]}]}<\/script>\n<!-- \/ Yoast SEO plugin. -->","yoast_head_json":{"title":"RENUNCI\u00d3 EL TRIBUNAL DE PENAS DE LA LRF Y CALZETTA JUGARA LA FINAL - CELTTV","description":"Sitio web de noticias de la localidad de Tornquist, provincia de Buenos Aires, Rep\u00fablica Argentina. Contenido propio originado por periodistas de CELTTV, el canal de TV local de la Cooperativa El\u00e9ctrica de Tornquist. Turismo, Pol\u00edtica, Sociedad, Deporte, Cultura y todo el contenido de inter\u00e9s general que la gente del pueblo y la regi\u00f3n debe conocer.","robots":{"index":"index","follow":"follow","max-snippet":"max-snippet:-1","max-image-preview":"max-image-preview:large","max-video-preview":"max-video-preview:-1"},"canonical":"https:\/\/www.celttv.com.ar\/index.php\/2019\/06\/15\/renuncio-el-tribunal-de-penals-de-la-lrf-y-calzetta-jugara-la-final\/","og_locale":"es_ES","og_type":"article","og_title":"RENUNCI\u00d3 EL TRIBUNAL DE PENAS DE LA LRF Y CALZETTA JUGARA LA FINAL - CELTTV","og_description":"Sitio web de noticias de la localidad de Tornquist, provincia de Buenos Aires, Rep\u00fablica Argentina. Contenido propio originado por periodistas de CELTTV, el canal de TV local de la Cooperativa El\u00e9ctrica de Tornquist. Turismo, Pol\u00edtica, Sociedad, Deporte, Cultura y todo el contenido de inter\u00e9s general que la gente del pueblo y la regi\u00f3n debe conocer.","og_url":"https:\/\/www.celttv.com.ar\/index.php\/2019\/06\/15\/renuncio-el-tribunal-de-penals-de-la-lrf-y-calzetta-jugara-la-final\/","og_site_name":"CELTTV","article_publisher":"https:\/\/www.facebook.com\/celtTV\/","article_published_time":"2019-06-15T00:20:12+00:00","og_image":[{"width":1280,"height":720,"url":"https:\/\/www.celttv.com.ar\/wp-content\/uploads\/2019\/06\/1560371463060.jpg","type":"image\/jpeg"}],"author":"ulises","twitter_card":"summary_large_image","twitter_misc":{"Escrito por":"ulises","Tiempo de lectura":"1 minuto"},"schema":{"@context":"https:\/\/schema.org","@graph":[{"@type":"NewsArticle","@id":"https:\/\/www.celttv.com.ar\/index.php\/2019\/06\/15\/renuncio-el-tribunal-de-penals-de-la-lrf-y-calzetta-jugara-la-final\/#article","isPartOf":{"@id":"https:\/\/www.celttv.com.ar\/index.php\/2019\/06\/15\/renuncio-el-tribunal-de-penals-de-la-lrf-y-calzetta-jugara-la-final\/"},"author":{"name":"ulises","@id":"https:\/\/www.celttv.com.ar\/#\/schema\/person\/6d99c072dba59953809c81446e9d0ace"},"headline":"RENUNCI\u00d3 EL TRIBUNAL DE PENAS DE LA LRF Y CALZETTA JUGARA LA FINAL","datePublished":"2019-06-15T00:20:12+00:00","dateModified":"2019-06-15T00:20:12+00:00","mainEntityOfPage":{"@id":"https:\/\/www.celttv.com.ar\/index.php\/2019\/06\/15\/renuncio-el-tribunal-de-penals-de-la-lrf-y-calzetta-jugara-la-final\/"},"wordCount":229,"publisher":{"@id":"https:\/\/www.celttv.com.ar\/#organization"},"articleSection":["Deporte","Destacadas","Solo Futbol"],"inLanguage":"es"},{"@type":"WebPage","@id":"https:\/\/www.celttv.com.ar\/index.php\/2019\/06\/15\/renuncio-el-tribunal-de-penals-de-la-lrf-y-calzetta-jugara-la-final\/","url":"https:\/\/www.celttv.com.ar\/index.php\/2019\/06\/15\/renuncio-el-tribunal-de-penals-de-la-lrf-y-calzetta-jugara-la-final\/","name":"RENUNCI\u00d3 EL TRIBUNAL DE PENAS DE LA LRF Y CALZETTA JUGARA LA FINAL - CELTTV","isPartOf":{"@id":"https:\/\/www.celttv.com.ar\/#website"},"datePublished":"2019-06-15T00:20:12+00:00","dateModified":"2019-06-15T00:20:12+00:00","description":"Sitio web de noticias de la localidad de Tornquist, provincia de Buenos Aires, Rep\u00fablica Argentina. Contenido propio originado por periodistas de CELTTV, el canal de TV local de la Cooperativa El\u00e9ctrica de Tornquist. Turismo, Pol\u00edtica, Sociedad, Deporte, Cultura y todo el contenido de inter\u00e9s general que la gente del pueblo y la regi\u00f3n debe conocer.","breadcrumb":{"@id":"https:\/\/www.celttv.com.ar\/index.php\/2019\/06\/15\/renuncio-el-tribunal-de-penals-de-la-lrf-y-calzetta-jugara-la-final\/#breadcrumb"},"inLanguage":"es","potentialAction":[{"@type":"ReadAction","target":["https:\/\/www.celttv.com.ar\/index.php\/2019\/06\/15\/renuncio-el-tribunal-de-penals-de-la-lrf-y-calzetta-jugara-la-final\/"]}]},{"@type":"BreadcrumbList","@id":"https:\/\/www.celttv.com.ar\/index.php\/2019\/06\/15\/renuncio-el-tribunal-de-penals-de-la-lrf-y-calzetta-jugara-la-final\/#breadcrumb","itemListElement":[{"@type":"ListItem","position":1,"name":"Inicio","item":"https:\/\/www.celttv.com.ar\/"},{"@type":"ListItem","position":2,"name":"RENUNCI\u00d3 EL TRIBUNAL DE PENAS DE LA LRF Y CALZETTA JUGARA LA FINAL"}]},{"@type":"WebSite","@id":"https:\/\/www.celttv.com.ar\/#website","url":"https:\/\/www.celttv.com.ar\/","name":"CELTTV","description":"Cooperativa El\u00e9ctrica de Tornquist","publisher":{"@id":"https:\/\/www.celttv.com.ar\/#organization"},"potentialAction":[{"@type":"SearchAction","target":{"@type":"EntryPoint","urlTemplate":"https:\/\/www.celttv.com.ar\/?s={search_term_string}"},"query-input":"required name=search_term_string"}],"inLanguage":"es"},{"@type":"Organization","@id":"https:\/\/www.celttv.com.ar\/#organization","name":"CELTTV","url":"https:\/\/www.celttv.com.ar\/","sameAs":["https:\/\/www.youtube.com\/channel\/UCz_oIt8Hig64Ub-EmcNPIhg","https:\/\/www.facebook.com\/celtTV\/"],"logo":{"@type":"ImageObject","inLanguage":"es","@id":"https:\/\/www.celttv.com.ar\/#\/schema\/logo\/image\/","url":"http:\/\/www.celttv.com.ar\/wp-content\/uploads\/2022\/08\/logo-1.png","contentUrl":"http:\/\/www.celttv.com.ar\/wp-content\/uploads\/2022\/08\/logo-1.png","width":461,"height":159,"caption":"CELTTV"},"image":{"@id":"https:\/\/www.celttv.com.ar\/#\/schema\/logo\/image\/"}},{"@type":"Person","@id":"https:\/\/www.celttv.com.ar\/#\/schema\/person\/6d99c072dba59953809c81446e9d0ace","name":"ulises","image":{"@type":"ImageObject","inLanguage":"es","@id":"https:\/\/www.celttv.com.ar\/#\/schema\/person\/image\/","url":"https:\/\/secure.gravatar.com\/avatar\/7f2c48bdc33b30088f941fb6082e555f2874c98e20cb159d7b92b50eadfce793?s=96&d=mm&r=g","contentUrl":"https:\/\/secure.gravatar.com\/avatar\/7f2c48bdc33b30088f941fb6082e555f2874c98e20cb159d7b92b50eadfce793?s=96&d=mm&r=g","caption":"ulises"},"sameAs":["http:\/\/www.celttv.com.ar"]}]}},"_links":{"self":[{"href":"https:\/\/www.celttv.com.ar\/index.php\/wp-json\/wp\/v2\/posts\/42176","targetHints":{"allow":["GET"]}}],"collection":[{"href":"https:\/\/www.celttv.com.ar\/index.php\/wp-json\/wp\/v2\/posts"}],"about":[{"href":"https:\/\/www.celttv.com.ar\/index.php\/wp-json\/wp\/v2\/types\/post"}],"author":[{"embeddable":true,"href":"https:\/\/www.celttv.com.ar\/index.php\/wp-json\/wp\/v2\/users\/1"}],"replies":[{"embeddable":true,"href":"https:\/\/www.celttv.com.ar\/index.php\/wp-json\/wp\/v2\/comments?post=42176"}],"version-history":[{"count":0,"href":"https:\/\/www.celttv.com.ar\/index.php\/wp-json\/wp\/v2\/posts\/42176\/revisions"}],"wp:featuredmedia":[{"embeddable":true,"href":"https:\/\/www.celttv.com.ar\/index.php\/wp-json\/wp\/v2\/media\/42179"}],"wp:attachment":[{"href":"https:\/\/www.celttv.com.ar\/index.php\/wp-json\/wp\/v2\/media?parent=42176"}],"wp:term":[{"taxonomy":"category","embeddable":true,"href":"https:\/\/www.celttv.com.ar\/index.php\/wp-json\/wp\/v2\/categories?post=42176"},{"taxonomy":"post_tag","embeddable":true,"href":"https:\/\/www.celttv.com.ar\/index.php\/wp-json\/wp\/v2\/tags?post=42176"}],"curies":[{"name":"wp","href":"https:\/\/api.w.org\/{rel}","templated":true}]}}