{"id":42185,"date":"2019-06-15T15:44:03","date_gmt":"2019-06-15T15:44:03","guid":{"rendered":"http:\/\/www.celttv.com.ar\/?p=42185"},"modified":"2019-06-15T15:44:03","modified_gmt":"2019-06-15T15:44:03","slug":"aprehension-por-tentativa-de-robo-atentado-y-resistencia-a-la-autoridad-y-lesiones-en-sierra-de-la-ventana","status":"publish","type":"post","link":"https:\/\/www.celttv.com.ar\/index.php\/2019\/06\/15\/aprehension-por-tentativa-de-robo-atentado-y-resistencia-a-la-autoridad-y-lesiones-en-sierra-de-la-ventana\/","title":{"rendered":"APREHENSION POR TENTATIVA DE ROBO, ATENTADO y RESISTENCIA A LA AUTORIDAD y LESIONES EN SIERRA DE LA VENTANA"},"content":{"rendered":"<div><\/div>\n<div>Personal de la Subestaci\u00f3n de Polic\u00eda Comunal de Sierra de la Ventana, en el d\u00eda de ayer, siendo las 23:00 hs, recepcion\u00f3 un llamado por parte de un vecino de esa localidad dando cuenta que un sujeto se encontraba \u201ctanteando\u201d las puertas de varios locales comerciales ubicados en en Av. San Martin de ese medio, los cuales se hallaban cerrados al p\u00fablico, quien al ser advertido por el vecino el mismo emprende su huida por la Plaza \u201cLa casita de Dios\u201d.- Apersonado personal policial, realiz\u00f3 una pesquisa en el lugar logrando hallar al sujeto identificado como NICOLAS EZEQUIEL SAYAGO CORTEZ de 23 a\u00f1os de edad, quien se encontraba violentando con un destornillador una ventana de una vivienda en construcci\u00f3n, ubicada la misma lindante a dicha plaza sobre calle Dorrego, siendo propiedad de la capilla cristiana de Sierra de la Ventana.-<\/div>\n<div>Debido a esto, se procede a requerir la presencia de un testigo h\u00e1bil a los efectos de legalizar el acto y al momento de llevar a cabo la diligencia SAYAGO agrede mediante un golpe de pu\u00f1o a uno de los efectivos y emprende la huida a pie, logrando ser interceptado a escasos 100 metros nuevamente por personal policial.- Motivo por el cual Sayago es aprehendido por hallarse a prima facie penalmente responsable de los delitos de Tentativa de Robo, Atentado y Resistencia a la Autoridad y Lesiones.-<\/div>\n<div>Desde la seccional policial se agradece la colaboraci\u00f3n y el compromiso de los vecinos de llamar ante cualquier anomal\u00eda o actitud sospechosa a los tel\u00e9fonos 101 y\/o 291-4915009.-<\/div>\n<div><\/div>\n<div>Fdo. Oficial Inspector Fogel Maximiliano- Jefe de la Subestaci\u00f3n de Polic\u00eda Comunal de Sierra de la Ventana.-<\/div>\n","protected":false},"excerpt":{"rendered":"<p>Personal de la Subestaci\u00f3n de Polic\u00eda Comunal de Sierra de la Ventana, en el d\u00eda de ayer, siendo las 23:00 hs, recepcion\u00f3 un llamado por parte de un vecino de esa localidad dando cuenta que un sujeto se encontraba \u201ctanteando\u201d las puertas de varios locales comerciales ubicados en en Av. San Martin de ese medio, [&hellip;]<\/p>\n","protected":false},"author":1,"featured_media":42187,"comment_status":"closed","ping_status":"open","sticky":false,"template":"","format":"standard","meta":{"footnotes":""},"categories":[51,52,61],"tags":[],"class_list":["post-42185","post","type-post","status-publish","format-standard","has-post-thumbnail","hentry","category-comunidad","category-destacadas","category-policiales"],"yoast_head":"<!-- This site is optimized with the Yoast SEO plugin v19.7.1 - https:\/\/yoast.com\/wordpress\/plugins\/seo\/ -->\n<title>APREHENSION POR TENTATIVA DE ROBO, ATENTADO y RESISTENCIA A LA AUTORIDAD y LESIONES EN SIERRA DE LA VENTANA - CELTTV<\/title>\n<meta name=\"description\" content=\"Sitio web de noticias de la localidad de Tornquist, provincia de Buenos Aires, Rep\u00fablica Argentina. Contenido propio originado por periodistas de CELTTV, el canal de TV local de la Cooperativa El\u00e9ctrica de Tornquist. Turismo, Pol\u00edtica, Sociedad, Deporte, Cultura y todo el contenido de inter\u00e9s general que la gente del pueblo y la regi\u00f3n debe conocer.\" \/>\n<meta name=\"robots\" content=\"index, follow, max-snippet:-1, max-image-preview:large, max-video-preview:-1\" \/>\n<link rel=\"canonical\" href=\"https:\/\/www.celttv.com.ar\/index.php\/2019\/06\/15\/aprehension-por-tentativa-de-robo-atentado-y-resistencia-a-la-autoridad-y-lesiones-en-sierra-de-la-ventana\/\" \/>\n<meta property=\"og:locale\" content=\"es_ES\" \/>\n<meta property=\"og:type\" content=\"article\" \/>\n<meta property=\"og:title\" content=\"APREHENSION POR TENTATIVA DE ROBO, ATENTADO y RESISTENCIA A LA AUTORIDAD y LESIONES EN SIERRA DE LA VENTANA - CELTTV\" \/>\n<meta property=\"og:description\" content=\"Sitio web de noticias de la localidad de Tornquist, provincia de Buenos Aires, Rep\u00fablica Argentina. Contenido propio originado por periodistas de CELTTV, el canal de TV local de la Cooperativa El\u00e9ctrica de Tornquist. Turismo, Pol\u00edtica, Sociedad, Deporte, Cultura y todo el contenido de inter\u00e9s general que la gente del pueblo y la regi\u00f3n debe conocer.\" \/>\n<meta property=\"og:url\" content=\"https:\/\/www.celttv.com.ar\/index.php\/2019\/06\/15\/aprehension-por-tentativa-de-robo-atentado-y-resistencia-a-la-autoridad-y-lesiones-en-sierra-de-la-ventana\/\" \/>\n<meta property=\"og:site_name\" content=\"CELTTV\" \/>\n<meta property=\"article:publisher\" content=\"https:\/\/www.facebook.com\/celtTV\/\" \/>\n<meta property=\"article:published_time\" content=\"2019-06-15T15:44:03+00:00\" \/>\n<meta property=\"og:image\" content=\"https:\/\/www.celttv.com.ar\/wp-content\/uploads\/2019\/06\/poli-1.jpg\" \/>\n\t<meta property=\"og:image:width\" content=\"960\" \/>\n\t<meta property=\"og:image:height\" content=\"1280\" \/>\n\t<meta property=\"og:image:type\" content=\"image\/jpeg\" \/>\n<meta name=\"author\" content=\"ulises\" \/>\n<meta name=\"twitter:card\" content=\"summary_large_image\" \/>\n<meta name=\"twitter:label1\" content=\"Escrito por\" \/>\n\t<meta name=\"twitter:data1\" content=\"ulises\" \/>\n\t<meta name=\"twitter:label2\" content=\"Tiempo de lectura\" \/>\n\t<meta name=\"twitter:data2\" content=\"1 minuto\" \/>\n<script type=\"application\/ld+json\" class=\"yoast-schema-graph\">{\"@context\":\"https:\/\/schema.org\",\"@graph\":[{\"@type\":\"NewsArticle\",\"@id\":\"https:\/\/www.celttv.com.ar\/index.php\/2019\/06\/15\/aprehension-por-tentativa-de-robo-atentado-y-resistencia-a-la-autoridad-y-lesiones-en-sierra-de-la-ventana\/#article\",\"isPartOf\":{\"@id\":\"https:\/\/www.celttv.com.ar\/index.php\/2019\/06\/15\/aprehension-por-tentativa-de-robo-atentado-y-resistencia-a-la-autoridad-y-lesiones-en-sierra-de-la-ventana\/\"},\"author\":{\"name\":\"ulises\",\"@id\":\"https:\/\/www.celttv.com.ar\/#\/schema\/person\/6d99c072dba59953809c81446e9d0ace\"},\"headline\":\"APREHENSION POR TENTATIVA DE ROBO, ATENTADO y RESISTENCIA A LA AUTORIDAD y LESIONES EN SIERRA DE LA VENTANA\",\"datePublished\":\"2019-06-15T15:44:03+00:00\",\"dateModified\":\"2019-06-15T15:44:03+00:00\",\"mainEntityOfPage\":{\"@id\":\"https:\/\/www.celttv.com.ar\/index.php\/2019\/06\/15\/aprehension-por-tentativa-de-robo-atentado-y-resistencia-a-la-autoridad-y-lesiones-en-sierra-de-la-ventana\/\"},\"wordCount\":305,\"publisher\":{\"@id\":\"https:\/\/www.celttv.com.ar\/#organization\"},\"articleSection\":[\"Comunidad\",\"Destacadas\",\"Policiales\"],\"inLanguage\":\"es\"},{\"@type\":\"WebPage\",\"@id\":\"https:\/\/www.celttv.com.ar\/index.php\/2019\/06\/15\/aprehension-por-tentativa-de-robo-atentado-y-resistencia-a-la-autoridad-y-lesiones-en-sierra-de-la-ventana\/\",\"url\":\"https:\/\/www.celttv.com.ar\/index.php\/2019\/06\/15\/aprehension-por-tentativa-de-robo-atentado-y-resistencia-a-la-autoridad-y-lesiones-en-sierra-de-la-ventana\/\",\"name\":\"APREHENSION POR TENTATIVA DE ROBO, ATENTADO y RESISTENCIA A LA AUTORIDAD y LESIONES EN SIERRA DE LA VENTANA - CELTTV\",\"isPartOf\":{\"@id\":\"https:\/\/www.celttv.com.ar\/#website\"},\"datePublished\":\"2019-06-15T15:44:03+00:00\",\"dateModified\":\"2019-06-15T15:44:03+00:00\",\"description\":\"Sitio web de noticias de la localidad de Tornquist, provincia de Buenos Aires, Rep\u00fablica Argentina. Contenido propio originado por periodistas de CELTTV, el canal de TV local de la Cooperativa El\u00e9ctrica de Tornquist. Turismo, Pol\u00edtica, Sociedad, Deporte, Cultura y todo el contenido de inter\u00e9s general que la gente del pueblo y la regi\u00f3n debe conocer.\",\"breadcrumb\":{\"@id\":\"https:\/\/www.celttv.com.ar\/index.php\/2019\/06\/15\/aprehension-por-tentativa-de-robo-atentado-y-resistencia-a-la-autoridad-y-lesiones-en-sierra-de-la-ventana\/#breadcrumb\"},\"inLanguage\":\"es\",\"potentialAction\":[{\"@type\":\"ReadAction\",\"target\":[\"https:\/\/www.celttv.com.ar\/index.php\/2019\/06\/15\/aprehension-por-tentativa-de-robo-atentado-y-resistencia-a-la-autoridad-y-lesiones-en-sierra-de-la-ventana\/\"]}]},{\"@type\":\"BreadcrumbList\",\"@id\":\"https:\/\/www.celttv.com.ar\/index.php\/2019\/06\/15\/aprehension-por-tentativa-de-robo-atentado-y-resistencia-a-la-autoridad-y-lesiones-en-sierra-de-la-ventana\/#breadcrumb\",\"itemListElement\":[{\"@type\":\"ListItem\",\"position\":1,\"name\":\"Inicio\",\"item\":\"https:\/\/www.celttv.com.ar\/\"},{\"@type\":\"ListItem\",\"position\":2,\"name\":\"APREHENSION POR TENTATIVA DE ROBO, ATENTADO y RESISTENCIA A LA AUTORIDAD y LESIONES EN SIERRA DE LA VENTANA\"}]},{\"@type\":\"WebSite\",\"@id\":\"https:\/\/www.celttv.com.ar\/#website\",\"url\":\"https:\/\/www.celttv.com.ar\/\",\"name\":\"CELTTV\",\"description\":\"Cooperativa El\u00e9ctrica de Tornquist\",\"publisher\":{\"@id\":\"https:\/\/www.celttv.com.ar\/#organization\"},\"potentialAction\":[{\"@type\":\"SearchAction\",\"target\":{\"@type\":\"EntryPoint\",\"urlTemplate\":\"https:\/\/www.celttv.com.ar\/?s={search_term_string}\"},\"query-input\":\"required name=search_term_string\"}],\"inLanguage\":\"es\"},{\"@type\":\"Organization\",\"@id\":\"https:\/\/www.celttv.com.ar\/#organization\",\"name\":\"CELTTV\",\"url\":\"https:\/\/www.celttv.com.ar\/\",\"sameAs\":[\"https:\/\/www.youtube.com\/channel\/UCz_oIt8Hig64Ub-EmcNPIhg\",\"https:\/\/www.facebook.com\/celtTV\/\"],\"logo\":{\"@type\":\"ImageObject\",\"inLanguage\":\"es\",\"@id\":\"https:\/\/www.celttv.com.ar\/#\/schema\/logo\/image\/\",\"url\":\"http:\/\/www.celttv.com.ar\/wp-content\/uploads\/2022\/08\/logo-1.png\",\"contentUrl\":\"http:\/\/www.celttv.com.ar\/wp-content\/uploads\/2022\/08\/logo-1.png\",\"width\":461,\"height\":159,\"caption\":\"CELTTV\"},\"image\":{\"@id\":\"https:\/\/www.celttv.com.ar\/#\/schema\/logo\/image\/\"}},{\"@type\":\"Person\",\"@id\":\"https:\/\/www.celttv.com.ar\/#\/schema\/person\/6d99c072dba59953809c81446e9d0ace\",\"name\":\"ulises\",\"image\":{\"@type\":\"ImageObject\",\"inLanguage\":\"es\",\"@id\":\"https:\/\/www.celttv.com.ar\/#\/schema\/person\/image\/\",\"url\":\"https:\/\/secure.gravatar.com\/avatar\/7f2c48bdc33b30088f941fb6082e555f2874c98e20cb159d7b92b50eadfce793?s=96&d=mm&r=g\",\"contentUrl\":\"https:\/\/secure.gravatar.com\/avatar\/7f2c48bdc33b30088f941fb6082e555f2874c98e20cb159d7b92b50eadfce793?s=96&d=mm&r=g\",\"caption\":\"ulises\"},\"sameAs\":[\"http:\/\/www.celttv.com.ar\"]}]}<\/script>\n<!-- \/ Yoast SEO plugin. -->","yoast_head_json":{"title":"APREHENSION POR TENTATIVA DE ROBO, ATENTADO y RESISTENCIA A LA AUTORIDAD y LESIONES EN SIERRA DE LA VENTANA - CELTTV","description":"Sitio web de noticias de la localidad de Tornquist, provincia de Buenos Aires, Rep\u00fablica Argentina. Contenido propio originado por periodistas de CELTTV, el canal de TV local de la Cooperativa El\u00e9ctrica de Tornquist. Turismo, Pol\u00edtica, Sociedad, Deporte, Cultura y todo el contenido de inter\u00e9s general que la gente del pueblo y la regi\u00f3n debe conocer.","robots":{"index":"index","follow":"follow","max-snippet":"max-snippet:-1","max-image-preview":"max-image-preview:large","max-video-preview":"max-video-preview:-1"},"canonical":"https:\/\/www.celttv.com.ar\/index.php\/2019\/06\/15\/aprehension-por-tentativa-de-robo-atentado-y-resistencia-a-la-autoridad-y-lesiones-en-sierra-de-la-ventana\/","og_locale":"es_ES","og_type":"article","og_title":"APREHENSION POR TENTATIVA DE ROBO, ATENTADO y RESISTENCIA A LA AUTORIDAD y LESIONES EN SIERRA DE LA VENTANA - CELTTV","og_description":"Sitio web de noticias de la localidad de Tornquist, provincia de Buenos Aires, Rep\u00fablica Argentina. Contenido propio originado por periodistas de CELTTV, el canal de TV local de la Cooperativa El\u00e9ctrica de Tornquist. Turismo, Pol\u00edtica, Sociedad, Deporte, Cultura y todo el contenido de inter\u00e9s general que la gente del pueblo y la regi\u00f3n debe conocer.","og_url":"https:\/\/www.celttv.com.ar\/index.php\/2019\/06\/15\/aprehension-por-tentativa-de-robo-atentado-y-resistencia-a-la-autoridad-y-lesiones-en-sierra-de-la-ventana\/","og_site_name":"CELTTV","article_publisher":"https:\/\/www.facebook.com\/celtTV\/","article_published_time":"2019-06-15T15:44:03+00:00","og_image":[{"width":960,"height":1280,"url":"https:\/\/www.celttv.com.ar\/wp-content\/uploads\/2019\/06\/poli-1.jpg","type":"image\/jpeg"}],"author":"ulises","twitter_card":"summary_large_image","twitter_misc":{"Escrito por":"ulises","Tiempo de lectura":"1 minuto"},"schema":{"@context":"https:\/\/schema.org","@graph":[{"@type":"NewsArticle","@id":"https:\/\/www.celttv.com.ar\/index.php\/2019\/06\/15\/aprehension-por-tentativa-de-robo-atentado-y-resistencia-a-la-autoridad-y-lesiones-en-sierra-de-la-ventana\/#article","isPartOf":{"@id":"https:\/\/www.celttv.com.ar\/index.php\/2019\/06\/15\/aprehension-por-tentativa-de-robo-atentado-y-resistencia-a-la-autoridad-y-lesiones-en-sierra-de-la-ventana\/"},"author":{"name":"ulises","@id":"https:\/\/www.celttv.com.ar\/#\/schema\/person\/6d99c072dba59953809c81446e9d0ace"},"headline":"APREHENSION POR TENTATIVA DE ROBO, ATENTADO y RESISTENCIA A LA AUTORIDAD y LESIONES EN SIERRA DE LA VENTANA","datePublished":"2019-06-15T15:44:03+00:00","dateModified":"2019-06-15T15:44:03+00:00","mainEntityOfPage":{"@id":"https:\/\/www.celttv.com.ar\/index.php\/2019\/06\/15\/aprehension-por-tentativa-de-robo-atentado-y-resistencia-a-la-autoridad-y-lesiones-en-sierra-de-la-ventana\/"},"wordCount":305,"publisher":{"@id":"https:\/\/www.celttv.com.ar\/#organization"},"articleSection":["Comunidad","Destacadas","Policiales"],"inLanguage":"es"},{"@type":"WebPage","@id":"https:\/\/www.celttv.com.ar\/index.php\/2019\/06\/15\/aprehension-por-tentativa-de-robo-atentado-y-resistencia-a-la-autoridad-y-lesiones-en-sierra-de-la-ventana\/","url":"https:\/\/www.celttv.com.ar\/index.php\/2019\/06\/15\/aprehension-por-tentativa-de-robo-atentado-y-resistencia-a-la-autoridad-y-lesiones-en-sierra-de-la-ventana\/","name":"APREHENSION POR TENTATIVA DE ROBO, ATENTADO y RESISTENCIA A LA AUTORIDAD y LESIONES EN SIERRA DE LA VENTANA - CELTTV","isPartOf":{"@id":"https:\/\/www.celttv.com.ar\/#website"},"datePublished":"2019-06-15T15:44:03+00:00","dateModified":"2019-06-15T15:44:03+00:00","description":"Sitio web de noticias de la localidad de Tornquist, provincia de Buenos Aires, Rep\u00fablica Argentina. Contenido propio originado por periodistas de CELTTV, el canal de TV local de la Cooperativa El\u00e9ctrica de Tornquist. Turismo, Pol\u00edtica, Sociedad, Deporte, Cultura y todo el contenido de inter\u00e9s general que la gente del pueblo y la regi\u00f3n debe conocer.","breadcrumb":{"@id":"https:\/\/www.celttv.com.ar\/index.php\/2019\/06\/15\/aprehension-por-tentativa-de-robo-atentado-y-resistencia-a-la-autoridad-y-lesiones-en-sierra-de-la-ventana\/#breadcrumb"},"inLanguage":"es","potentialAction":[{"@type":"ReadAction","target":["https:\/\/www.celttv.com.ar\/index.php\/2019\/06\/15\/aprehension-por-tentativa-de-robo-atentado-y-resistencia-a-la-autoridad-y-lesiones-en-sierra-de-la-ventana\/"]}]},{"@type":"BreadcrumbList","@id":"https:\/\/www.celttv.com.ar\/index.php\/2019\/06\/15\/aprehension-por-tentativa-de-robo-atentado-y-resistencia-a-la-autoridad-y-lesiones-en-sierra-de-la-ventana\/#breadcrumb","itemListElement":[{"@type":"ListItem","position":1,"name":"Inicio","item":"https:\/\/www.celttv.com.ar\/"},{"@type":"ListItem","position":2,"name":"APREHENSION POR TENTATIVA DE ROBO, ATENTADO y RESISTENCIA A LA AUTORIDAD y LESIONES EN SIERRA DE LA VENTANA"}]},{"@type":"WebSite","@id":"https:\/\/www.celttv.com.ar\/#website","url":"https:\/\/www.celttv.com.ar\/","name":"CELTTV","description":"Cooperativa El\u00e9ctrica de Tornquist","publisher":{"@id":"https:\/\/www.celttv.com.ar\/#organization"},"potentialAction":[{"@type":"SearchAction","target":{"@type":"EntryPoint","urlTemplate":"https:\/\/www.celttv.com.ar\/?s={search_term_string}"},"query-input":"required name=search_term_string"}],"inLanguage":"es"},{"@type":"Organization","@id":"https:\/\/www.celttv.com.ar\/#organization","name":"CELTTV","url":"https:\/\/www.celttv.com.ar\/","sameAs":["https:\/\/www.youtube.com\/channel\/UCz_oIt8Hig64Ub-EmcNPIhg","https:\/\/www.facebook.com\/celtTV\/"],"logo":{"@type":"ImageObject","inLanguage":"es","@id":"https:\/\/www.celttv.com.ar\/#\/schema\/logo\/image\/","url":"http:\/\/www.celttv.com.ar\/wp-content\/uploads\/2022\/08\/logo-1.png","contentUrl":"http:\/\/www.celttv.com.ar\/wp-content\/uploads\/2022\/08\/logo-1.png","width":461,"height":159,"caption":"CELTTV"},"image":{"@id":"https:\/\/www.celttv.com.ar\/#\/schema\/logo\/image\/"}},{"@type":"Person","@id":"https:\/\/www.celttv.com.ar\/#\/schema\/person\/6d99c072dba59953809c81446e9d0ace","name":"ulises","image":{"@type":"ImageObject","inLanguage":"es","@id":"https:\/\/www.celttv.com.ar\/#\/schema\/person\/image\/","url":"https:\/\/secure.gravatar.com\/avatar\/7f2c48bdc33b30088f941fb6082e555f2874c98e20cb159d7b92b50eadfce793?s=96&d=mm&r=g","contentUrl":"https:\/\/secure.gravatar.com\/avatar\/7f2c48bdc33b30088f941fb6082e555f2874c98e20cb159d7b92b50eadfce793?s=96&d=mm&r=g","caption":"ulises"},"sameAs":["http:\/\/www.celttv.com.ar"]}]}},"_links":{"self":[{"href":"https:\/\/www.celttv.com.ar\/index.php\/wp-json\/wp\/v2\/posts\/42185","targetHints":{"allow":["GET"]}}],"collection":[{"href":"https:\/\/www.celttv.com.ar\/index.php\/wp-json\/wp\/v2\/posts"}],"about":[{"href":"https:\/\/www.celttv.com.ar\/index.php\/wp-json\/wp\/v2\/types\/post"}],"author":[{"embeddable":true,"href":"https:\/\/www.celttv.com.ar\/index.php\/wp-json\/wp\/v2\/users\/1"}],"replies":[{"embeddable":true,"href":"https:\/\/www.celttv.com.ar\/index.php\/wp-json\/wp\/v2\/comments?post=42185"}],"version-history":[{"count":0,"href":"https:\/\/www.celttv.com.ar\/index.php\/wp-json\/wp\/v2\/posts\/42185\/revisions"}],"wp:featuredmedia":[{"embeddable":true,"href":"https:\/\/www.celttv.com.ar\/index.php\/wp-json\/wp\/v2\/media\/42187"}],"wp:attachment":[{"href":"https:\/\/www.celttv.com.ar\/index.php\/wp-json\/wp\/v2\/media?parent=42185"}],"wp:term":[{"taxonomy":"category","embeddable":true,"href":"https:\/\/www.celttv.com.ar\/index.php\/wp-json\/wp\/v2\/categories?post=42185"},{"taxonomy":"post_tag","embeddable":true,"href":"https:\/\/www.celttv.com.ar\/index.php\/wp-json\/wp\/v2\/tags?post=42185"}],"curies":[{"name":"wp","href":"https:\/\/api.w.org\/{rel}","templated":true}]}}