{"id":42566,"date":"2019-07-06T18:01:26","date_gmt":"2019-07-06T18:01:26","guid":{"rendered":"http:\/\/www.celttv.com.ar\/?p=42566"},"modified":"2019-07-06T18:01:26","modified_gmt":"2019-07-06T18:01:26","slug":"se-presento-a-la-prensa-el-frente-de-todos-videos-y-notas","status":"publish","type":"post","link":"https:\/\/www.celttv.com.ar\/index.php\/2019\/07\/06\/se-presento-a-la-prensa-el-frente-de-todos-videos-y-notas\/","title":{"rendered":"Se present\u00f3 a la prensa el &#8220;Frente de Todos&#8221; (VIDEOS Y NOTAS)"},"content":{"rendered":"<p><a href=\"http:\/\/www.celttv.com.ar\/?attachment_id=42570\" rel=\"attachment wp-att-42570\"><img loading=\"lazy\" decoding=\"async\" class=\"alignleft size-full wp-image-42570\" src=\"http:\/\/www.celttv.com.ar\/wp-content\/uploads\/2019\/07\/frente-de-todos.jpg\" alt=\"\" width=\"1360\" height=\"614\" srcset=\"https:\/\/www.celttv.com.ar\/wp-content\/uploads\/2019\/07\/frente-de-todos.jpg 1360w, https:\/\/www.celttv.com.ar\/wp-content\/uploads\/2019\/07\/frente-de-todos-300x135.jpg 300w, https:\/\/www.celttv.com.ar\/wp-content\/uploads\/2019\/07\/frente-de-todos-1024x462.jpg 1024w, https:\/\/www.celttv.com.ar\/wp-content\/uploads\/2019\/07\/frente-de-todos-768x347.jpg 768w, https:\/\/www.celttv.com.ar\/wp-content\/uploads\/2019\/07\/frente-de-todos-750x339.jpg 750w, https:\/\/www.celttv.com.ar\/wp-content\/uploads\/2019\/07\/frente-de-todos-1140x515.jpg 1140w\" sizes=\"auto, (max-width: 1360px) 100vw, 1360px\" \/><\/a>Durante la noche de este jueves fueron convocados los medios de prensa para la presentaci\u00f3n oficial de los pre candidatos del Frente de Todos liderado por el ex Jefe Comunal<strong>\u00a0Lic. Gustavo Trankels.<\/strong><\/p>\n<p>La n\u00f3mina para concejales est\u00e1 compuesta por Carmen Soverchia (Tornquist), Claudio Iribarren (Sierra de la Ventana), Roc\u00edo V\u00e1zquez (Saldungaray), Santiago Musso (Tornquist), M\u00f3nica Sagredo (Saldungaray) y Leonardo Strazzulla (Villa Ventana) como titulares; y Mar\u00eda Romero (Sierra de la Ventana), Daniel Venanzi (Chasic\u00f3), Marcela G\u00f3mez (Sierra de la Ventana) y N\u00e9stor De Prado (Tres Picos) como suplentes.<\/p>\n<p>En cuanto a los consejeros escolares, la lista es encabezada por Marcela Gim\u00e9nez (Tornquist), quien estar\u00e1 acompa\u00f1ada por Alberto Aldecoa (Tornquist), Laura Pedrero (Tornquist) y Dante Peralta (Saldungaray).<\/p>\n<div class=\"jeg_video_container jeg_video_content\"><iframe loading=\"lazy\" title=\"2019 07 05 PRSENTACION DE LISTA FRENTE PARA TODOS 1   GUSTAVO TRANKELS\" width=\"500\" height=\"375\" src=\"https:\/\/www.youtube.com\/embed\/Iu8TjWoE-mI?feature=oembed\" frameborder=\"0\" allow=\"accelerometer; autoplay; clipboard-write; encrypted-media; gyroscope; picture-in-picture; web-share\" referrerpolicy=\"strict-origin-when-cross-origin\" allowfullscreen><\/iframe><\/div>\n<div class=\"jeg_video_container jeg_video_content\"><iframe loading=\"lazy\" title=\"2019 07 05 PRSENTACION DE LISTA FRENTE PARA TODOS 2   CARMEN SOVERCHIA\" width=\"500\" height=\"375\" src=\"https:\/\/www.youtube.com\/embed\/j9FJ42aB8ao?feature=oembed\" frameborder=\"0\" allow=\"accelerometer; autoplay; clipboard-write; encrypted-media; gyroscope; picture-in-picture; web-share\" referrerpolicy=\"strict-origin-when-cross-origin\" allowfullscreen><\/iframe><\/div>\n<p>&nbsp;<\/p>\n<div class=\"jeg_video_container jeg_video_content\"><iframe loading=\"lazy\" title=\"2019 07 05 PRSENTACION DE LISTA FRENTE PARA TODOS 3   CLAUDIO IRIBARREN\" width=\"500\" height=\"375\" src=\"https:\/\/www.youtube.com\/embed\/RBzQaOtWVSM?feature=oembed\" frameborder=\"0\" allow=\"accelerometer; autoplay; clipboard-write; encrypted-media; gyroscope; picture-in-picture; web-share\" referrerpolicy=\"strict-origin-when-cross-origin\" allowfullscreen><\/iframe><\/div>\n<div class=\"jeg_video_container jeg_video_content\"><iframe loading=\"lazy\" title=\"2019 07 05 PRSENTACION DE LISTA FRENTE PARA TODOS 4   ROCIO VAZQUEZ\" width=\"500\" height=\"375\" src=\"https:\/\/www.youtube.com\/embed\/eAt9ME94wzg?feature=oembed\" frameborder=\"0\" allow=\"accelerometer; autoplay; clipboard-write; encrypted-media; gyroscope; picture-in-picture; web-share\" referrerpolicy=\"strict-origin-when-cross-origin\" allowfullscreen><\/iframe><\/div>\n<div class=\"jeg_video_container jeg_video_content\"><iframe loading=\"lazy\" title=\"2019 07 05 PRSENTACION DE LISTA FRENTE PARA TODOS 5   MARCELA GIMENEZ\" width=\"500\" height=\"375\" src=\"https:\/\/www.youtube.com\/embed\/Ur7LZteX-s8?feature=oembed\" frameborder=\"0\" allow=\"accelerometer; autoplay; clipboard-write; encrypted-media; gyroscope; picture-in-picture; web-share\" referrerpolicy=\"strict-origin-when-cross-origin\" allowfullscreen><\/iframe><\/div>\n<div class=\"jeg_video_container jeg_video_content\"><iframe loading=\"lazy\" title=\"2019 07 05 PRSENTACION DE LISTA FRENTE PARA TODOS 6   ALBERTO ALDECOA\" width=\"500\" height=\"375\" src=\"https:\/\/www.youtube.com\/embed\/q5vrh87bft4?feature=oembed\" frameborder=\"0\" allow=\"accelerometer; autoplay; clipboard-write; encrypted-media; gyroscope; picture-in-picture; web-share\" referrerpolicy=\"strict-origin-when-cross-origin\" allowfullscreen><\/iframe><\/div>\n<div class=\"jeg_video_container jeg_video_content\"><iframe loading=\"lazy\" title=\"2019 07 05 PRSENTACION DE LISTA FRENTE PARA TODOS 7   SANTIAGO MUSSO\" width=\"500\" height=\"375\" src=\"https:\/\/www.youtube.com\/embed\/15ShzwoBLgU?feature=oembed\" frameborder=\"0\" allow=\"accelerometer; autoplay; clipboard-write; encrypted-media; gyroscope; picture-in-picture; web-share\" referrerpolicy=\"strict-origin-when-cross-origin\" allowfullscreen><\/iframe><\/div>\n<div class=\"jeg_video_container jeg_video_content\"><iframe loading=\"lazy\" title=\"2019 07 05 PRSENTACION DE LISTA FRENTE PARA TODOS 8   LAURA PEDRERO\" width=\"500\" height=\"375\" src=\"https:\/\/www.youtube.com\/embed\/va2guhG4wag?feature=oembed\" frameborder=\"0\" allow=\"accelerometer; autoplay; clipboard-write; encrypted-media; gyroscope; picture-in-picture; web-share\" referrerpolicy=\"strict-origin-when-cross-origin\" allowfullscreen><\/iframe><\/div>\n<div class=\"jeg_video_container jeg_video_content\"><iframe loading=\"lazy\" title=\"2019 07 05 PRSENTACION DE LISTA FRENTE PARA TODOS 9   MONICA SAGREDO\" width=\"500\" height=\"375\" src=\"https:\/\/www.youtube.com\/embed\/-ciHvorCnOw?feature=oembed\" frameborder=\"0\" allow=\"accelerometer; autoplay; clipboard-write; encrypted-media; gyroscope; picture-in-picture; web-share\" referrerpolicy=\"strict-origin-when-cross-origin\" allowfullscreen><\/iframe><\/div>\n<div class=\"jeg_video_container jeg_video_content\"><iframe loading=\"lazy\" title=\"2019 07 05 PRSENTACION DE LISTA FRENTE PARA TODOS 10   MARCELA GOMEZ\" width=\"500\" height=\"375\" src=\"https:\/\/www.youtube.com\/embed\/GZ-OaihJN5c?feature=oembed\" frameborder=\"0\" allow=\"accelerometer; autoplay; clipboard-write; encrypted-media; gyroscope; picture-in-picture; web-share\" referrerpolicy=\"strict-origin-when-cross-origin\" allowfullscreen><\/iframe><\/div>\n<div class=\"jeg_video_container jeg_video_content\"><iframe loading=\"lazy\" title=\"2019 07 05 PRSENTACION DE LISTA FRENTE PARA TODOS 11   LEONARDO STRAZZULLA\" width=\"500\" height=\"375\" src=\"https:\/\/www.youtube.com\/embed\/EnlyhRF0tsU?feature=oembed\" frameborder=\"0\" allow=\"accelerometer; autoplay; clipboard-write; encrypted-media; gyroscope; picture-in-picture; web-share\" referrerpolicy=\"strict-origin-when-cross-origin\" allowfullscreen><\/iframe><\/div>\n<div class=\"jeg_video_container jeg_video_content\"><iframe loading=\"lazy\" title=\"2019 07 05 PRSENTACION DE LISTA FRENTE PARA TODOS 12   MARIA ROMERO\" width=\"500\" height=\"375\" src=\"https:\/\/www.youtube.com\/embed\/0QxHIQPOWQk?feature=oembed\" frameborder=\"0\" allow=\"accelerometer; autoplay; clipboard-write; encrypted-media; gyroscope; picture-in-picture; web-share\" referrerpolicy=\"strict-origin-when-cross-origin\" allowfullscreen><\/iframe><\/div>\n<div class=\"jeg_video_container jeg_video_content\"><iframe loading=\"lazy\" title=\"2019 07 05 PRSENTACION DE LISTA FRENTE PARA TODOS 13   DANIEL VENANZI\" width=\"500\" height=\"375\" src=\"https:\/\/www.youtube.com\/embed\/E6JVMB-CNno?feature=oembed\" frameborder=\"0\" allow=\"accelerometer; autoplay; clipboard-write; encrypted-media; gyroscope; picture-in-picture; web-share\" referrerpolicy=\"strict-origin-when-cross-origin\" allowfullscreen><\/iframe><\/div>\n<div class=\"jeg_video_container jeg_video_content\"><iframe loading=\"lazy\" title=\"2019 07 05 PRSENTACION DE LISTA FRENTE PARA TODOS 14   NESTOR DE PRADO\" width=\"500\" height=\"375\" src=\"https:\/\/www.youtube.com\/embed\/avxc2mMoQh0?feature=oembed\" frameborder=\"0\" allow=\"accelerometer; autoplay; clipboard-write; encrypted-media; gyroscope; picture-in-picture; web-share\" referrerpolicy=\"strict-origin-when-cross-origin\" allowfullscreen><\/iframe><\/div>\n<div class=\"jeg_video_container jeg_video_content\"><iframe loading=\"lazy\" title=\"2019 07 05 PRSENTACION DE LISTA FRENTE PARA TODOS 15   DANTE PERALTA\" width=\"500\" height=\"375\" src=\"https:\/\/www.youtube.com\/embed\/2FOINHjOLYc?feature=oembed\" frameborder=\"0\" allow=\"accelerometer; autoplay; clipboard-write; encrypted-media; gyroscope; picture-in-picture; web-share\" referrerpolicy=\"strict-origin-when-cross-origin\" allowfullscreen><\/iframe><\/div>\n<div class=\"jeg_video_container jeg_video_content\"><iframe loading=\"lazy\" title=\"2019 07 05 PRSENTACION DE LISTA FRENTE PARA TODOS 16   NOTA A GUSTAVO TRANKELS\" width=\"500\" height=\"375\" src=\"https:\/\/www.youtube.com\/embed\/nTpHt2pt4N8?feature=oembed\" frameborder=\"0\" allow=\"accelerometer; autoplay; clipboard-write; encrypted-media; gyroscope; picture-in-picture; web-share\" referrerpolicy=\"strict-origin-when-cross-origin\" allowfullscreen><\/iframe><\/div>\n<div class=\"jeg_video_container jeg_video_content\"><iframe loading=\"lazy\" title=\"2019 07 05 PRSENTACION DE LISTA FRENTE PARA TODOS 17   NOTA A MARCELA GIMENEZ\" width=\"500\" height=\"375\" src=\"https:\/\/www.youtube.com\/embed\/s65-tnEmH2Q?feature=oembed\" frameborder=\"0\" allow=\"accelerometer; autoplay; clipboard-write; encrypted-media; gyroscope; picture-in-picture; web-share\" referrerpolicy=\"strict-origin-when-cross-origin\" allowfullscreen><\/iframe><\/div>\n<div class=\"jeg_video_container jeg_video_content\"><iframe loading=\"lazy\" title=\"2019 07 05 PRSENTACION DE LISTA FRENTE PARA TODOS 18   NOTA A CARMEN SOVERCHIA\" width=\"500\" height=\"375\" src=\"https:\/\/www.youtube.com\/embed\/5DCWl75wlrs?feature=oembed\" frameborder=\"0\" allow=\"accelerometer; autoplay; clipboard-write; encrypted-media; gyroscope; picture-in-picture; web-share\" referrerpolicy=\"strict-origin-when-cross-origin\" allowfullscreen><\/iframe><\/div>\n<div class=\"jeg_video_container jeg_video_content\"><iframe loading=\"lazy\" title=\"2019 07 05 PRSENTACION DE LISTA FRENTE PARA TODOS 19   NOTA A SANTIAGO MUSSO\" width=\"500\" height=\"375\" src=\"https:\/\/www.youtube.com\/embed\/9jpIok93yTE?feature=oembed\" frameborder=\"0\" allow=\"accelerometer; autoplay; clipboard-write; encrypted-media; gyroscope; picture-in-picture; web-share\" referrerpolicy=\"strict-origin-when-cross-origin\" allowfullscreen><\/iframe><\/div>\n<div class=\"jeg_video_container jeg_video_content\"><iframe loading=\"lazy\" title=\"2019 07 05 PRSENTACION DE LISTA FRENTE PARA TODOS 20   NOTA A CLAUDIO IRIBARREN\" width=\"500\" height=\"375\" src=\"https:\/\/www.youtube.com\/embed\/8ePPc3_VSqE?feature=oembed\" frameborder=\"0\" allow=\"accelerometer; autoplay; clipboard-write; encrypted-media; gyroscope; picture-in-picture; web-share\" referrerpolicy=\"strict-origin-when-cross-origin\" allowfullscreen><\/iframe><\/div>\n<div class=\"jeg_video_container jeg_video_content\"><iframe loading=\"lazy\" title=\"2019 07 05 PRSENTACION DE LISTA FRENTE PARA TODOS 21   NOTA A ROCIO VAZQUEZ\" width=\"500\" height=\"375\" src=\"https:\/\/www.youtube.com\/embed\/uEdfsRQqxiw?feature=oembed\" frameborder=\"0\" allow=\"accelerometer; autoplay; clipboard-write; encrypted-media; gyroscope; picture-in-picture; web-share\" referrerpolicy=\"strict-origin-when-cross-origin\" allowfullscreen><\/iframe><\/div>\n<div class=\"jeg_video_container jeg_video_content\"><iframe loading=\"lazy\" title=\"2019 07 05 PRSENTACION DE LISTA FRENTE PARA TODOS 22   NOTA A LEONARDO STRAZZULLA\" width=\"500\" height=\"375\" src=\"https:\/\/www.youtube.com\/embed\/p3oB41kMZaU?feature=oembed\" frameborder=\"0\" allow=\"accelerometer; autoplay; clipboard-write; encrypted-media; gyroscope; picture-in-picture; web-share\" referrerpolicy=\"strict-origin-when-cross-origin\" allowfullscreen><\/iframe><\/div>\n","protected":false},"excerpt":{"rendered":"<p>Durante la noche de este jueves fueron convocados los medios de prensa para la presentaci\u00f3n oficial de los pre candidatos del Frente de Todos liderado por el ex Jefe Comunal\u00a0Lic. Gustavo Trankels. La n\u00f3mina para concejales est\u00e1 compuesta por Carmen Soverchia (Tornquist), Claudio Iribarren (Sierra de la Ventana), Roc\u00edo V\u00e1zquez (Saldungaray), Santiago Musso (Tornquist), M\u00f3nica [&hellip;]<\/p>\n","protected":false},"author":1,"featured_media":42570,"comment_status":"closed","ping_status":"open","sticky":false,"template":"","format":"standard","meta":{"footnotes":""},"categories":[51,52,53],"tags":[],"class_list":["post-42566","post","type-post","status-publish","format-standard","has-post-thumbnail","hentry","category-comunidad","category-destacadas","category-politica"],"yoast_head":"<!-- This site is optimized with the Yoast SEO plugin v19.7.1 - https:\/\/yoast.com\/wordpress\/plugins\/seo\/ -->\n<title>Se present\u00f3 a la prensa el &quot;Frente de Todos&quot; (VIDEOS Y NOTAS) - CELTTV<\/title>\n<meta name=\"description\" content=\"Sitio web de noticias de la localidad de Tornquist, provincia de Buenos Aires, Rep\u00fablica Argentina. Contenido propio originado por periodistas de CELTTV, el canal de TV local de la Cooperativa El\u00e9ctrica de Tornquist. Turismo, Pol\u00edtica, Sociedad, Deporte, Cultura y todo el contenido de inter\u00e9s general que la gente del pueblo y la regi\u00f3n debe conocer.\" \/>\n<meta name=\"robots\" content=\"index, follow, max-snippet:-1, max-image-preview:large, max-video-preview:-1\" \/>\n<link rel=\"canonical\" href=\"https:\/\/www.celttv.com.ar\/index.php\/2019\/07\/06\/se-presento-a-la-prensa-el-frente-de-todos-videos-y-notas\/\" \/>\n<meta property=\"og:locale\" content=\"es_ES\" \/>\n<meta property=\"og:type\" content=\"article\" \/>\n<meta property=\"og:title\" content=\"Se present\u00f3 a la prensa el &quot;Frente de Todos&quot; (VIDEOS Y NOTAS) - CELTTV\" \/>\n<meta property=\"og:description\" content=\"Sitio web de noticias de la localidad de Tornquist, provincia de Buenos Aires, Rep\u00fablica Argentina. Contenido propio originado por periodistas de CELTTV, el canal de TV local de la Cooperativa El\u00e9ctrica de Tornquist. Turismo, Pol\u00edtica, Sociedad, Deporte, Cultura y todo el contenido de inter\u00e9s general que la gente del pueblo y la regi\u00f3n debe conocer.\" \/>\n<meta property=\"og:url\" content=\"https:\/\/www.celttv.com.ar\/index.php\/2019\/07\/06\/se-presento-a-la-prensa-el-frente-de-todos-videos-y-notas\/\" \/>\n<meta property=\"og:site_name\" content=\"CELTTV\" \/>\n<meta property=\"article:publisher\" content=\"https:\/\/www.facebook.com\/celtTV\/\" \/>\n<meta property=\"article:published_time\" content=\"2019-07-06T18:01:26+00:00\" \/>\n<meta property=\"og:image\" content=\"https:\/\/www.celttv.com.ar\/wp-content\/uploads\/2019\/07\/frente-de-todos.jpg\" \/>\n\t<meta property=\"og:image:width\" content=\"1360\" \/>\n\t<meta property=\"og:image:height\" content=\"614\" \/>\n\t<meta property=\"og:image:type\" content=\"image\/jpeg\" \/>\n<meta name=\"author\" content=\"ulises\" \/>\n<meta name=\"twitter:card\" content=\"summary_large_image\" \/>\n<meta name=\"twitter:label1\" content=\"Escrito por\" \/>\n\t<meta name=\"twitter:data1\" content=\"ulises\" \/>\n\t<meta name=\"twitter:label2\" content=\"Tiempo de lectura\" \/>\n\t<meta name=\"twitter:data2\" content=\"2 minutos\" \/>\n<script type=\"application\/ld+json\" class=\"yoast-schema-graph\">{\"@context\":\"https:\/\/schema.org\",\"@graph\":[{\"@type\":\"NewsArticle\",\"@id\":\"https:\/\/www.celttv.com.ar\/index.php\/2019\/07\/06\/se-presento-a-la-prensa-el-frente-de-todos-videos-y-notas\/#article\",\"isPartOf\":{\"@id\":\"https:\/\/www.celttv.com.ar\/index.php\/2019\/07\/06\/se-presento-a-la-prensa-el-frente-de-todos-videos-y-notas\/\"},\"author\":{\"name\":\"ulises\",\"@id\":\"https:\/\/www.celttv.com.ar\/#\/schema\/person\/6d99c072dba59953809c81446e9d0ace\"},\"headline\":\"Se present\u00f3 a la prensa el &#8220;Frente de Todos&#8221; (VIDEOS Y NOTAS)\",\"datePublished\":\"2019-07-06T18:01:26+00:00\",\"dateModified\":\"2019-07-06T18:01:26+00:00\",\"mainEntityOfPage\":{\"@id\":\"https:\/\/www.celttv.com.ar\/index.php\/2019\/07\/06\/se-presento-a-la-prensa-el-frente-de-todos-videos-y-notas\/\"},\"wordCount\":318,\"publisher\":{\"@id\":\"https:\/\/www.celttv.com.ar\/#organization\"},\"articleSection\":[\"Comunidad\",\"Destacadas\",\"Pol\u00edtica\"],\"inLanguage\":\"es\"},{\"@type\":\"WebPage\",\"@id\":\"https:\/\/www.celttv.com.ar\/index.php\/2019\/07\/06\/se-presento-a-la-prensa-el-frente-de-todos-videos-y-notas\/\",\"url\":\"https:\/\/www.celttv.com.ar\/index.php\/2019\/07\/06\/se-presento-a-la-prensa-el-frente-de-todos-videos-y-notas\/\",\"name\":\"Se present\u00f3 a la prensa el \\\"Frente de Todos\\\" (VIDEOS Y NOTAS) - CELTTV\",\"isPartOf\":{\"@id\":\"https:\/\/www.celttv.com.ar\/#website\"},\"datePublished\":\"2019-07-06T18:01:26+00:00\",\"dateModified\":\"2019-07-06T18:01:26+00:00\",\"description\":\"Sitio web de noticias de la localidad de Tornquist, provincia de Buenos Aires, Rep\u00fablica Argentina. Contenido propio originado por periodistas de CELTTV, el canal de TV local de la Cooperativa El\u00e9ctrica de Tornquist. Turismo, Pol\u00edtica, Sociedad, Deporte, Cultura y todo el contenido de inter\u00e9s general que la gente del pueblo y la regi\u00f3n debe conocer.\",\"breadcrumb\":{\"@id\":\"https:\/\/www.celttv.com.ar\/index.php\/2019\/07\/06\/se-presento-a-la-prensa-el-frente-de-todos-videos-y-notas\/#breadcrumb\"},\"inLanguage\":\"es\",\"potentialAction\":[{\"@type\":\"ReadAction\",\"target\":[\"https:\/\/www.celttv.com.ar\/index.php\/2019\/07\/06\/se-presento-a-la-prensa-el-frente-de-todos-videos-y-notas\/\"]}]},{\"@type\":\"BreadcrumbList\",\"@id\":\"https:\/\/www.celttv.com.ar\/index.php\/2019\/07\/06\/se-presento-a-la-prensa-el-frente-de-todos-videos-y-notas\/#breadcrumb\",\"itemListElement\":[{\"@type\":\"ListItem\",\"position\":1,\"name\":\"Inicio\",\"item\":\"https:\/\/www.celttv.com.ar\/\"},{\"@type\":\"ListItem\",\"position\":2,\"name\":\"Se present\u00f3 a la prensa el &#8220;Frente de Todos&#8221; (VIDEOS Y NOTAS)\"}]},{\"@type\":\"WebSite\",\"@id\":\"https:\/\/www.celttv.com.ar\/#website\",\"url\":\"https:\/\/www.celttv.com.ar\/\",\"name\":\"CELTTV\",\"description\":\"Cooperativa El\u00e9ctrica de Tornquist\",\"publisher\":{\"@id\":\"https:\/\/www.celttv.com.ar\/#organization\"},\"potentialAction\":[{\"@type\":\"SearchAction\",\"target\":{\"@type\":\"EntryPoint\",\"urlTemplate\":\"https:\/\/www.celttv.com.ar\/?s={search_term_string}\"},\"query-input\":\"required name=search_term_string\"}],\"inLanguage\":\"es\"},{\"@type\":\"Organization\",\"@id\":\"https:\/\/www.celttv.com.ar\/#organization\",\"name\":\"CELTTV\",\"url\":\"https:\/\/www.celttv.com.ar\/\",\"sameAs\":[\"https:\/\/www.youtube.com\/channel\/UCz_oIt8Hig64Ub-EmcNPIhg\",\"https:\/\/www.facebook.com\/celtTV\/\"],\"logo\":{\"@type\":\"ImageObject\",\"inLanguage\":\"es\",\"@id\":\"https:\/\/www.celttv.com.ar\/#\/schema\/logo\/image\/\",\"url\":\"http:\/\/www.celttv.com.ar\/wp-content\/uploads\/2022\/08\/logo-1.png\",\"contentUrl\":\"http:\/\/www.celttv.com.ar\/wp-content\/uploads\/2022\/08\/logo-1.png\",\"width\":461,\"height\":159,\"caption\":\"CELTTV\"},\"image\":{\"@id\":\"https:\/\/www.celttv.com.ar\/#\/schema\/logo\/image\/\"}},{\"@type\":\"Person\",\"@id\":\"https:\/\/www.celttv.com.ar\/#\/schema\/person\/6d99c072dba59953809c81446e9d0ace\",\"name\":\"ulises\",\"image\":{\"@type\":\"ImageObject\",\"inLanguage\":\"es\",\"@id\":\"https:\/\/www.celttv.com.ar\/#\/schema\/person\/image\/\",\"url\":\"https:\/\/secure.gravatar.com\/avatar\/7f2c48bdc33b30088f941fb6082e555f2874c98e20cb159d7b92b50eadfce793?s=96&d=mm&r=g\",\"contentUrl\":\"https:\/\/secure.gravatar.com\/avatar\/7f2c48bdc33b30088f941fb6082e555f2874c98e20cb159d7b92b50eadfce793?s=96&d=mm&r=g\",\"caption\":\"ulises\"},\"sameAs\":[\"http:\/\/www.celttv.com.ar\"]}]}<\/script>\n<!-- \/ Yoast SEO plugin. -->","yoast_head_json":{"title":"Se present\u00f3 a la prensa el \"Frente de Todos\" (VIDEOS Y NOTAS) - CELTTV","description":"Sitio web de noticias de la localidad de Tornquist, provincia de Buenos Aires, Rep\u00fablica Argentina. Contenido propio originado por periodistas de CELTTV, el canal de TV local de la Cooperativa El\u00e9ctrica de Tornquist. Turismo, Pol\u00edtica, Sociedad, Deporte, Cultura y todo el contenido de inter\u00e9s general que la gente del pueblo y la regi\u00f3n debe conocer.","robots":{"index":"index","follow":"follow","max-snippet":"max-snippet:-1","max-image-preview":"max-image-preview:large","max-video-preview":"max-video-preview:-1"},"canonical":"https:\/\/www.celttv.com.ar\/index.php\/2019\/07\/06\/se-presento-a-la-prensa-el-frente-de-todos-videos-y-notas\/","og_locale":"es_ES","og_type":"article","og_title":"Se present\u00f3 a la prensa el \"Frente de Todos\" (VIDEOS Y NOTAS) - CELTTV","og_description":"Sitio web de noticias de la localidad de Tornquist, provincia de Buenos Aires, Rep\u00fablica Argentina. Contenido propio originado por periodistas de CELTTV, el canal de TV local de la Cooperativa El\u00e9ctrica de Tornquist. Turismo, Pol\u00edtica, Sociedad, Deporte, Cultura y todo el contenido de inter\u00e9s general que la gente del pueblo y la regi\u00f3n debe conocer.","og_url":"https:\/\/www.celttv.com.ar\/index.php\/2019\/07\/06\/se-presento-a-la-prensa-el-frente-de-todos-videos-y-notas\/","og_site_name":"CELTTV","article_publisher":"https:\/\/www.facebook.com\/celtTV\/","article_published_time":"2019-07-06T18:01:26+00:00","og_image":[{"width":1360,"height":614,"url":"https:\/\/www.celttv.com.ar\/wp-content\/uploads\/2019\/07\/frente-de-todos.jpg","type":"image\/jpeg"}],"author":"ulises","twitter_card":"summary_large_image","twitter_misc":{"Escrito por":"ulises","Tiempo de lectura":"2 minutos"},"schema":{"@context":"https:\/\/schema.org","@graph":[{"@type":"NewsArticle","@id":"https:\/\/www.celttv.com.ar\/index.php\/2019\/07\/06\/se-presento-a-la-prensa-el-frente-de-todos-videos-y-notas\/#article","isPartOf":{"@id":"https:\/\/www.celttv.com.ar\/index.php\/2019\/07\/06\/se-presento-a-la-prensa-el-frente-de-todos-videos-y-notas\/"},"author":{"name":"ulises","@id":"https:\/\/www.celttv.com.ar\/#\/schema\/person\/6d99c072dba59953809c81446e9d0ace"},"headline":"Se present\u00f3 a la prensa el &#8220;Frente de Todos&#8221; (VIDEOS Y NOTAS)","datePublished":"2019-07-06T18:01:26+00:00","dateModified":"2019-07-06T18:01:26+00:00","mainEntityOfPage":{"@id":"https:\/\/www.celttv.com.ar\/index.php\/2019\/07\/06\/se-presento-a-la-prensa-el-frente-de-todos-videos-y-notas\/"},"wordCount":318,"publisher":{"@id":"https:\/\/www.celttv.com.ar\/#organization"},"articleSection":["Comunidad","Destacadas","Pol\u00edtica"],"inLanguage":"es"},{"@type":"WebPage","@id":"https:\/\/www.celttv.com.ar\/index.php\/2019\/07\/06\/se-presento-a-la-prensa-el-frente-de-todos-videos-y-notas\/","url":"https:\/\/www.celttv.com.ar\/index.php\/2019\/07\/06\/se-presento-a-la-prensa-el-frente-de-todos-videos-y-notas\/","name":"Se present\u00f3 a la prensa el \"Frente de Todos\" (VIDEOS Y NOTAS) - CELTTV","isPartOf":{"@id":"https:\/\/www.celttv.com.ar\/#website"},"datePublished":"2019-07-06T18:01:26+00:00","dateModified":"2019-07-06T18:01:26+00:00","description":"Sitio web de noticias de la localidad de Tornquist, provincia de Buenos Aires, Rep\u00fablica Argentina. Contenido propio originado por periodistas de CELTTV, el canal de TV local de la Cooperativa El\u00e9ctrica de Tornquist. Turismo, Pol\u00edtica, Sociedad, Deporte, Cultura y todo el contenido de inter\u00e9s general que la gente del pueblo y la regi\u00f3n debe conocer.","breadcrumb":{"@id":"https:\/\/www.celttv.com.ar\/index.php\/2019\/07\/06\/se-presento-a-la-prensa-el-frente-de-todos-videos-y-notas\/#breadcrumb"},"inLanguage":"es","potentialAction":[{"@type":"ReadAction","target":["https:\/\/www.celttv.com.ar\/index.php\/2019\/07\/06\/se-presento-a-la-prensa-el-frente-de-todos-videos-y-notas\/"]}]},{"@type":"BreadcrumbList","@id":"https:\/\/www.celttv.com.ar\/index.php\/2019\/07\/06\/se-presento-a-la-prensa-el-frente-de-todos-videos-y-notas\/#breadcrumb","itemListElement":[{"@type":"ListItem","position":1,"name":"Inicio","item":"https:\/\/www.celttv.com.ar\/"},{"@type":"ListItem","position":2,"name":"Se present\u00f3 a la prensa el &#8220;Frente de Todos&#8221; (VIDEOS Y NOTAS)"}]},{"@type":"WebSite","@id":"https:\/\/www.celttv.com.ar\/#website","url":"https:\/\/www.celttv.com.ar\/","name":"CELTTV","description":"Cooperativa El\u00e9ctrica de Tornquist","publisher":{"@id":"https:\/\/www.celttv.com.ar\/#organization"},"potentialAction":[{"@type":"SearchAction","target":{"@type":"EntryPoint","urlTemplate":"https:\/\/www.celttv.com.ar\/?s={search_term_string}"},"query-input":"required name=search_term_string"}],"inLanguage":"es"},{"@type":"Organization","@id":"https:\/\/www.celttv.com.ar\/#organization","name":"CELTTV","url":"https:\/\/www.celttv.com.ar\/","sameAs":["https:\/\/www.youtube.com\/channel\/UCz_oIt8Hig64Ub-EmcNPIhg","https:\/\/www.facebook.com\/celtTV\/"],"logo":{"@type":"ImageObject","inLanguage":"es","@id":"https:\/\/www.celttv.com.ar\/#\/schema\/logo\/image\/","url":"http:\/\/www.celttv.com.ar\/wp-content\/uploads\/2022\/08\/logo-1.png","contentUrl":"http:\/\/www.celttv.com.ar\/wp-content\/uploads\/2022\/08\/logo-1.png","width":461,"height":159,"caption":"CELTTV"},"image":{"@id":"https:\/\/www.celttv.com.ar\/#\/schema\/logo\/image\/"}},{"@type":"Person","@id":"https:\/\/www.celttv.com.ar\/#\/schema\/person\/6d99c072dba59953809c81446e9d0ace","name":"ulises","image":{"@type":"ImageObject","inLanguage":"es","@id":"https:\/\/www.celttv.com.ar\/#\/schema\/person\/image\/","url":"https:\/\/secure.gravatar.com\/avatar\/7f2c48bdc33b30088f941fb6082e555f2874c98e20cb159d7b92b50eadfce793?s=96&d=mm&r=g","contentUrl":"https:\/\/secure.gravatar.com\/avatar\/7f2c48bdc33b30088f941fb6082e555f2874c98e20cb159d7b92b50eadfce793?s=96&d=mm&r=g","caption":"ulises"},"sameAs":["http:\/\/www.celttv.com.ar"]}]}},"_links":{"self":[{"href":"https:\/\/www.celttv.com.ar\/index.php\/wp-json\/wp\/v2\/posts\/42566","targetHints":{"allow":["GET"]}}],"collection":[{"href":"https:\/\/www.celttv.com.ar\/index.php\/wp-json\/wp\/v2\/posts"}],"about":[{"href":"https:\/\/www.celttv.com.ar\/index.php\/wp-json\/wp\/v2\/types\/post"}],"author":[{"embeddable":true,"href":"https:\/\/www.celttv.com.ar\/index.php\/wp-json\/wp\/v2\/users\/1"}],"replies":[{"embeddable":true,"href":"https:\/\/www.celttv.com.ar\/index.php\/wp-json\/wp\/v2\/comments?post=42566"}],"version-history":[{"count":0,"href":"https:\/\/www.celttv.com.ar\/index.php\/wp-json\/wp\/v2\/posts\/42566\/revisions"}],"wp:featuredmedia":[{"embeddable":true,"href":"https:\/\/www.celttv.com.ar\/index.php\/wp-json\/wp\/v2\/media\/42570"}],"wp:attachment":[{"href":"https:\/\/www.celttv.com.ar\/index.php\/wp-json\/wp\/v2\/media?parent=42566"}],"wp:term":[{"taxonomy":"category","embeddable":true,"href":"https:\/\/www.celttv.com.ar\/index.php\/wp-json\/wp\/v2\/categories?post=42566"},{"taxonomy":"post_tag","embeddable":true,"href":"https:\/\/www.celttv.com.ar\/index.php\/wp-json\/wp\/v2\/tags?post=42566"}],"curies":[{"name":"wp","href":"https:\/\/api.w.org\/{rel}","templated":true}]}}