{"id":42826,"date":"2019-07-18T22:15:39","date_gmt":"2019-07-18T22:15:39","guid":{"rendered":"http:\/\/www.celttv.com.ar\/?p=42826"},"modified":"2019-07-18T22:15:39","modified_gmt":"2019-07-18T22:15:39","slug":"informe-de-la-uyltima-sesion-ordinaria-del-hcd","status":"publish","type":"post","link":"https:\/\/www.celttv.com.ar\/index.php\/2019\/07\/18\/informe-de-la-uyltima-sesion-ordinaria-del-hcd\/","title":{"rendered":"Informe de la \u00faltima sesi\u00f3n ordinaria del HCD"},"content":{"rendered":"<p><strong><u>Comunicaciones Oficiales y dict\u00e1menes de las Comisiones:<\/u><\/strong><\/p>\n<p><strong><u>\u00a0<\/u><\/strong><\/p>\n<p><strong><u>Expte. <\/u><\/strong><strong><u>N\u00ba 119\/19:<\/u><\/strong> \u201cD.E.- Solicita autorizaci\u00f3n para entregar m\u00e1quina a cuenta de precio\u201d.<\/p>\n<p>Se solicita tratamiento sobre Tablas.-<\/p>\n<p>Se aprueba por unanimidad la Ordenanza con el N\u00ba 3150\/19 por la que se autoriza al Departamento Ejecutivo Municipal a entregar a cuenta de precio una Chipiadora remolcable marca Deisa, modelo CH 750, para ser reemplazada por una m\u00e1quina de mayor capacidad de trabajo de\u00a0 acuerdo a la valuaci\u00f3n\u00a0 de $ 400.000.<\/p>\n<p>&nbsp;<\/p>\n<p><strong><u>Expte. <\/u><\/strong><strong><u>N\u00ba 123\/19:<\/u><\/strong> \u201cD.E. \u2013 Convalida la firma del Contrato de Comodato celebrado e\/Ferrosur Roca Sociedad An\u00f3nima y el Municipio de Tornquist\u201d.-<\/p>\n<p>Se solicita tratamiento sobre Tablas.-<\/p>\n<p>Se aprueba por unanimidad la Ordenanza con el N\u00ba 3151\/19 por la que se convalida la firma del Contrato de Comodato celebrado entre Ferrosur Roca Sociedad An\u00f3nima representada por el Ing. Federico Held y la Municipalidad de Tornquist, representada por su Intendente Municipal Sr. Sergio Fabi\u00e1n Bordoni. A trav\u00e9s de este Contrato, \u00a0Ferrosur Roca Sociedad An\u00f3nima cede en comodato de uso gratuito a la Municipalidad de Tornquist un espacio de 1200 m\u00b2 aproximadamente a cielo abierto en el sector del ancho de v\u00eda, destinado a la ampliaci\u00f3n del patio del Jard\u00edn de Infantes N\u00ba 903 \u201cMarta Salotti\u201d de Sierra de la Ventana, y tiene una duraci\u00f3n de 5 (cinco) a\u00f1os, a partir del 1 de Enero del 2019.-<\/p>\n<p>&nbsp;<\/p>\n<p><strong><u>Expte. <\/u><\/strong><strong><u>N\u00ba 128\/19:<\/u><\/strong> \u201cD.E. \u2013 Convalida la firma del Contrato de alquiler celebrado entre COMSUR S.R.L. y el Municipio de Tornquist &#8211; UPGRADE Sistema Telef\u00f3nico Hospital Municipal\u201d.<\/p>\n<p>Se solicita tratamiento sobre Tablas.-<\/p>\n<p>Se aprueba por unanimidad la Ordenanza con el N\u00ba 3152\/19 por la que se convalida la firma del \u00a0Contrato de Alquiler celebrado entre COMSUR SRL<strong>,<\/strong> representado por el Sr<strong>. <\/strong>Carlos Muro y el Sr. Intendente Municipal Interino Gustavo Cristi\u00e1n Moroncini en representaci\u00f3n de la Municipalidad de Tornquist.- Por el mismo, se instalar\u00e1 un UPGRADE del Sistema telef\u00f3nico en el Hospital Municipal. El \u00a0plazo de duraci\u00f3n del contrato se estableci\u00f3 en cuarenta y ocho meses a partir de la puesta en funcionamiento del sistema. La tarifa mensual por el alquiler del sistema es de $ 2.837, 50 + IVA (PESOS DOS MIL OCHOCIENTOS TREINTA Y SIETE CON 50\/100).-<\/p>\n<p>&nbsp;<\/p>\n<p><strong><u>Expte. <\/u><\/strong><strong><u>N\u00ba 129\/19:<\/u><\/strong> \u201cD.E. \u2013 Convalida la firma del Contrato de alquiler celebrado entre COMSUR S.R.L. y el Municipio de Tornquist &#8211; UPGRADE Palacio Municipal\u201d.-<\/p>\n<p>Se solicita tratamiento sobre Tablas.-<\/p>\n<p>Se aprueba por unanimidad la Ordenanza con el N\u00ba 3153\/19 por la que se convalida la firma del\u00a0 Contrato de Alquiler celebrado entre COMSUR SRL<strong>,<\/strong> representado por el Sr<strong>. <\/strong>Carlos Muro y el Sr. Intendente Municipal Interino Gustavo Cristi\u00e1n Moroncini en representaci\u00f3n de la Municipalidad de Tornquist. Por el mismo, se instalar\u00e1 un UPGRADE del Sistema telef\u00f3nico en el Palacio Municipal. El plazo de duraci\u00f3n del contrato se estableci\u00f3 en cuarenta y ocho meses a partir de la puesta en funcionamiento del sistema. La \u00a0tarifa mensual por el alquiler del sistema es de $ 2.837, 50 + IVA (PESOS DOS MIL OCHOCIENTOS TREINTA Y SIETE CON 50\/100).<\/p>\n<p>&nbsp;<\/p>\n<p><strong><u>Expte. <\/u><\/strong><strong><u>N\u00ba 131\/19:<\/u><\/strong> \u201cD.E.- Eximici\u00f3n a Instituciones Religiosas del Distrito para el ejercicio\u00a0 2019 en las Tasas Municipales\u201d.<\/p>\n<p>Pasa a la Comisi\u00f3n de Presupuesto y Hacienda y Asuntos Municipales.<\/p>\n<p>&nbsp;<\/p>\n<p><strong><u>Expte. <\/u><\/strong><strong><u>N\u00ba 132\/19:<\/u><\/strong> \u201cD.E. Convalida la firma de la Adenda al Protocolo Adicional de los Convenios de Adhesi\u00f3n de los Municipios al R\u00e9gimen de las Polic\u00edas de Seguridad Comunal celebrada al Mrio. de Seguridad de la Pcia. de Bs. As. y el Municipio de Tornquist\u201d.<\/p>\n<p>Pasa a la Comisi\u00f3n de Asuntos Municipales.<\/p>\n<p>&nbsp;<\/p>\n<p><strong><u>Expte. <\/u><\/strong><strong><u>N\u00ba 7116\/19:<\/u><\/strong> \u201cBloque Cambiemos Bs. As.- Proyecto de Ordenanza: Ref. Adhesi\u00f3n Ley Provincial N\u00ba 15.000 (Sistema de Declaraciones Juradas Patrimoniales)\u201d.<\/p>\n<p>Pasa a las Comisiones de Asuntos Municipales, e Interpretaci\u00f3n y Reglamento.<\/p>\n<p>&nbsp;<\/p>\n<p><strong><u>Expte. <\/u><\/strong><strong><u>N\u00ba 7119\/19:<\/u><\/strong> \u201cN.P.- Ricardo Dorasio, Establecimiento Rural Sierras Grandes: Solicita eximici\u00f3n 70% Tasa Conservaci\u00f3n Reparaci\u00f3n y Mejorado de la Red Vial (Per\u00edodo 2019)\u201d.<\/p>\n<p>Pasa a las Comisiones de Presupuesto y Hacienda, y Asuntos Municipales.<\/p>\n<p>&nbsp;<\/p>\n<p><strong><u>Expte. <\/u><\/strong><strong><u>N\u00ba 7102\/19:<\/u><\/strong> \u201cN.P.- Asoc. Prestadores Tur\u00edsticos y Comerciantes de Villa Ventana: Ref.\u00a0 incremento de Tasas de Seguridad e Higiene y realizaci\u00f3n de evento en Plaza Salerno\u201d.<\/p>\n<p>Se aprueba por unanimidad el dictamen de la Comisi\u00f3n de Turismo y Desarrollo que aconseja enviar el mismo al Archivo.-<\/p>\n<p>&nbsp;<\/p>\n<p><strong><u>Expte. <\/u><\/strong><strong><u>N\u00ba 7123\/19<\/u><\/strong> \u201cBloques F.P.V. y F.J.C.- Proyecto de Ordenanza: Designaci\u00f3n con el nombre \u201cPuente San Eduardo\u201d al puente que une Sierra de la Ventana con Villa La Arcadia\u201d.<\/p>\n<p>Se aprueba por unanimidad el dictamen de las Comisiones de ASUNTOS MUNICIPALES E INTERPRETACI\u00d3N Y REGLAMENTO que aconseja enviar nuevamente a la Secretar\u00eda de Obras P\u00fablicas ya que no dio respuesta anteriormente a lo solicitado, donde se ped\u00eda que analice la viabilidad del Proyecto de Ordenanza obrante a fs. 1.-<\/p>\n<p>&nbsp;<\/p>\n<p><strong><u>Expte. <\/u><\/strong><strong><u>N\u00ba 7130\/19:<\/u><\/strong> \u201cN.P.- Caroline y Juan Pedro Sidler: Presentan documentaci\u00f3n de su emprendimiento \u201cRayo de Sol\u201d (Generaci\u00f3n de energ\u00edas renovables fotovoltaicas)\u201d.<\/p>\n<p>Se aprueba por unanimidad el dictamen de las Comisiones de PRODUCCI\u00d3N, COMERCIO E INDUSTRIA; INTERPRETACI\u00d3N Y REGLAMENTO, Y ECOLOG\u00cdA Y MEDIO AMBIENTE que aconseja enviar el mismo a la Secretar\u00eda de Desarrollo para que d\u00e9 respuesta a lo solicitado en la nota.-<\/p>\n<p>&nbsp;<\/p>\n<p><strong><u>Expte. <\/u><\/strong><strong><u>N\u00ba 7131\/19:<\/u><\/strong> \u201cN.P. \u2013 Jard\u00edn de Infantes N\u00ba 903 de Sierra de la Ventana: Ref. Estacionamiento a 45\u00ba en la Avda. Roca de dicha localidad\u201d.<\/p>\n<p>Se aprueba por unanimidad el dictamen de la Comisi\u00f3n de OBRAS P\u00daBLICAS que aconseja enviar el mismo a la Secretar\u00eda de Obras P\u00fablicas para que por medio del cuerpo de inspectores de tr\u00e1nsito se realice un an\u00e1lisis de campo en relaci\u00f3n a lo planteado en la nota y se expida al respecto.-<\/p>\n<p>&nbsp;<\/p>\n<p><strong><u>Expte. <\/u><\/strong><strong><u>N\u00ba 7132\/19:<\/u><\/strong> \u201cN.P.- Vecinos Autoconvocados: Disconformidad respecto a la instalaci\u00f3n de la torre y antena de telefon\u00eda que se pretende colocar en el Camping Asmara\u201d.<\/p>\n<p>Se aprueba por unanimidad el dictamen de las Comisiones de ECOLOG\u00cdA Y MEDIO AMBIENTE Y SALUD P\u00daBLICA<strong>\u00a0 <\/strong>que aconseja enviar a la Direcci\u00f3n de Medio Ambiente para que se d\u00e9 respuesta a lo solicitado por los vecinos.-<\/p>\n<p>&nbsp;<\/p>\n<p><strong><u>Proyectos Presentados:<\/u><\/strong><\/p>\n<p><strong><u>\u00a0<\/u><\/strong><\/p>\n<p><strong><u>Bloques Frente para la Victoria y Frente Justicialista Cumplir- Proyecto de Resoluci\u00f3n:<\/u><\/strong> Foro de Mujeres y Disidencias p\/la construcci\u00f3n de una agenda pol\u00edtica con equidad de g\u00e9nero.<\/p>\n<p>Se forma el Expediente N\u00ba 7134\/19 y se aprueba por unanimidad la Resoluci\u00f3n N\u00ba\u00a0 18\/19\u00a0 por la que se declara de Inter\u00e9s Municipal \u00a0el\u00a0 Foro de Mujeres y Disidencias para la construcci\u00f3n de una agenda pol\u00edtica con equidad de g\u00e9nero a realizarse el 27 de Julio del corriente a\u00f1o, organizado por\u00a0 el Consejo Municipal de las Mujeres junto\u00a0 con\u00a0 la Defensor\u00eda del Pueblo y la C\u00e1mara de Diputados de la Provincia de Buenos Aires.- Enviar copia de la presente resoluci\u00f3n al Consejo Municipal de las Mujeres, la Defensor\u00eda del Pueblo y la C\u00e1mara de Diputados de la Provincia de Buenos Aires.-<\/p>\n<p>&nbsp;<\/p>\n<p><strong><u>Bloques Frente para la Victoria y Frente Justicialista Cumplir- Pedido de Informe:<\/u><\/strong> Solicita al se\u00f1or Sergio Bordoni informe sobre las gestiones realizadas para que la Estaci\u00f3n de Sierra de la Ventana pueda ser boca de expendio de pasajes de Trenes Argentinos, y las gestiones realizadas para que la Estaci\u00f3n de Ferrocarril de Saldungaray pueda funcionar como terminal de \u00f3mnibus, ofreciendo resguardo, sanitarios y venta de pasajes.<\/p>\n<p>Se forma el Expediente \u00a0N\u00ba 7135\/19, y se aprueba por unanimidad enviar el mismo al Departamento Ejecutivo para que el Intendente Municipal d\u00e9 respuesta a lo solicitado.-<\/p>\n<p>&nbsp;<\/p>\n<p><strong><u>Bloques Frente para la Victoria y Frente Justicialista Cumplir- Proyecto de Resoluci\u00f3n:<\/u><\/strong> Reconocer en el \u00e1mbito Municipal la fecha de 2 de agosto como el \u201cD\u00eda en defensa de la Escuela Digna y Segura\u201d.<\/p>\n<p>Se forma el Expediente N\u00ba 7136\/19, y se aprueba por unanimidad la Resoluci\u00f3n N\u00ba 19\/19 por la que se reconoce \u00a0en el \u00e1mbito municipal la fecha del 2 de agosto como el &#8220;D\u00eda en Defensa de la Escuela digna y segura&#8221;, en reconocimiento a dos trabajadores de la Educaci\u00f3n P\u00fablica, Sandra Calamano y Rub\u00e9n Rodr\u00edguez, quienes perdieron la vida el \u00a02 de agosto del a\u00f1o 2018, a las 8.06 horas aproximadamente, por un escape de gas en las instalaciones de la Escuela Primaria N\u00b0 49 del Distrito de Moreno que provoc\u00f3 la explosi\u00f3n de un sector de la misma.<\/p>\n<p>Se invita a los Honorables Concejos Deliberantes de la Provincia de Buenos Aires a expresarse en igual sentido.-<\/p>\n<p>Se comunica a los bloques legislativos provinciales para elaborar la Declaraci\u00f3n Provincial con el mismo fin.-<\/p>\n<p>&nbsp;<\/p>\n<p><strong><u>Asuntos Particulares<\/u><\/strong><\/p>\n<p><strong><u>N.P. Mar\u00eda Teresa Rodr\u00edguez, Mercedes M\u00fcller y Blanca Barriviera, y otros:<\/u><\/strong> En relaci\u00f3n a los tr\u00e1mites que se deben realizar para renovar la Licencia de Conducir a partir de los 70 a\u00f1os, sugieren analizar la posibilidad de reunir todos los tr\u00e1mites en el mismo espacio f\u00edsico.<\/p>\n<p>&nbsp;<\/p>\n<p>Concejal Mar\u00eda Ofelia Skolak:<\/p>\n<p>\u201cSi est\u00e1 de acuerdo el Cuerpo le solicito formaci\u00f3n de Expediente y pase a Comisi\u00f3n de la nota le\u00edda, y si le parece, y est\u00e1n de acuerdo, por ah\u00ed podr\u00edamos adelantar con una reuni\u00f3n con las \u00e1reas involucradas en el tema, para poder agilizar en la respuesta a los vecinos que la piden, porque es un tema que ya se viene, es decir, ya lo vienen solicitando desde hace tiempo. No s\u00e9 se\u00f1or Presidente qu\u00e9 le parece\u201d.<\/p>\n<p>&nbsp;<\/p>\n<p>Concejal Viviana Montibeller:<\/p>\n<p>\u201cQuisiera agregar que el Departamento Ejecutivo se est\u00e1 encargando de la unificaci\u00f3n, de ordenar, sobre las distintas etapas de las licencias de conducir. Como sabemos es un poco engorroso poder unificar todas las etapas, pero se est\u00e1 trabajando sobre eso. No s\u00e9 si ser\u00e1 necesaria una reuni\u00f3n, pero bueno, lo dejo a criterio del se\u00f1or Presidente\u201d.<\/p>\n<p>&nbsp;<\/p>\n<p>Presidente, Concejal Gustavo Moroncini:<\/p>\n<p>\u201c\u00bfLo analizamos\u00a0 el d\u00eda treinta en la reuni\u00f3n de trabajo? \u00bfLes parece bien? Lo pongo a consideraci\u00f3n del Cuerpo:\u201d<\/p>\n<p>&nbsp;<\/p>\n<p>Se aprueba por unanimidad la formaci\u00f3n de Expediente, el pase a Comisi\u00f3n y la charla el d\u00eda 30 del corriente.<\/p>\n<p>&nbsp;<\/p>\n<p><strong><u>N.P. V\u00edctor Ant\u00f3n:<\/u><\/strong> Solicita uso de la Banca del Concejal N\u00ba 13 para tratar un Proyecto de Ordenanza que tiene como objetivo la prevenci\u00f3n de accidentes de tr\u00e1nsito y la disminuci\u00f3n del consumo de alcohol, fundamentalmente en j\u00f3venes.<\/p>\n<p>Se solicita formaci\u00f3n de Expediente y pase a Comisi\u00f3n.<\/p>\n<p>&nbsp;<\/p>\n<p>HONORABLE CONCEJO DELIBERANTE<\/p>\n<p>&nbsp;<\/p>\n<p>&nbsp;<\/p>\n","protected":false},"excerpt":{"rendered":"<p>Comunicaciones Oficiales y dict\u00e1menes de las Comisiones: \u00a0 Expte. N\u00ba 119\/19: \u201cD.E.- Solicita autorizaci\u00f3n para entregar m\u00e1quina a cuenta de precio\u201d. Se solicita tratamiento sobre Tablas.- Se aprueba por unanimidad la Ordenanza con el N\u00ba 3150\/19 por la que se autoriza al Departamento Ejecutivo Municipal a entregar a cuenta de precio una Chipiadora remolcable marca [&hellip;]<\/p>\n","protected":false},"author":1,"featured_media":42827,"comment_status":"closed","ping_status":"open","sticky":false,"template":"","format":"standard","meta":{"footnotes":""},"categories":[55,52,53],"tags":[],"class_list":["post-42826","post","type-post","status-publish","format-standard","has-post-thumbnail","hentry","category-celt-tv-noticias","category-destacadas","category-politica"],"yoast_head":"<!-- This site is optimized with the Yoast SEO plugin v19.7.1 - https:\/\/yoast.com\/wordpress\/plugins\/seo\/ -->\n<title>Informe de la \u00faltima sesi\u00f3n ordinaria del HCD - CELTTV<\/title>\n<meta name=\"description\" content=\"Sitio web de noticias de la localidad de Tornquist, provincia de Buenos Aires, Rep\u00fablica Argentina. Contenido propio originado por periodistas de CELTTV, el canal de TV local de la Cooperativa El\u00e9ctrica de Tornquist. Turismo, Pol\u00edtica, Sociedad, Deporte, Cultura y todo el contenido de inter\u00e9s general que la gente del pueblo y la regi\u00f3n debe conocer.\" \/>\n<meta name=\"robots\" content=\"index, follow, max-snippet:-1, max-image-preview:large, max-video-preview:-1\" \/>\n<link rel=\"canonical\" href=\"https:\/\/www.celttv.com.ar\/index.php\/2019\/07\/18\/informe-de-la-uyltima-sesion-ordinaria-del-hcd\/\" \/>\n<meta property=\"og:locale\" content=\"es_ES\" \/>\n<meta property=\"og:type\" content=\"article\" \/>\n<meta property=\"og:title\" content=\"Informe de la \u00faltima sesi\u00f3n ordinaria del HCD - CELTTV\" \/>\n<meta property=\"og:description\" content=\"Sitio web de noticias de la localidad de Tornquist, provincia de Buenos Aires, Rep\u00fablica Argentina. Contenido propio originado por periodistas de CELTTV, el canal de TV local de la Cooperativa El\u00e9ctrica de Tornquist. Turismo, Pol\u00edtica, Sociedad, Deporte, Cultura y todo el contenido de inter\u00e9s general que la gente del pueblo y la regi\u00f3n debe conocer.\" \/>\n<meta property=\"og:url\" content=\"https:\/\/www.celttv.com.ar\/index.php\/2019\/07\/18\/informe-de-la-uyltima-sesion-ordinaria-del-hcd\/\" \/>\n<meta property=\"og:site_name\" content=\"CELTTV\" \/>\n<meta property=\"article:publisher\" content=\"https:\/\/www.facebook.com\/celtTV\/\" \/>\n<meta property=\"article:published_time\" content=\"2019-07-18T22:15:39+00:00\" \/>\n<meta property=\"og:image\" content=\"https:\/\/www.celttv.com.ar\/wp-content\/uploads\/2019\/07\/P1100099.jpg\" \/>\n\t<meta property=\"og:image:width\" content=\"1024\" \/>\n\t<meta property=\"og:image:height\" content=\"768\" \/>\n\t<meta property=\"og:image:type\" content=\"image\/jpeg\" \/>\n<meta name=\"author\" content=\"ulises\" \/>\n<meta name=\"twitter:card\" content=\"summary_large_image\" \/>\n<meta name=\"twitter:label1\" content=\"Escrito por\" \/>\n\t<meta name=\"twitter:data1\" content=\"ulises\" \/>\n\t<meta name=\"twitter:label2\" content=\"Tiempo de lectura\" \/>\n\t<meta name=\"twitter:data2\" content=\"9 minutos\" \/>\n<script type=\"application\/ld+json\" class=\"yoast-schema-graph\">{\"@context\":\"https:\/\/schema.org\",\"@graph\":[{\"@type\":\"NewsArticle\",\"@id\":\"https:\/\/www.celttv.com.ar\/index.php\/2019\/07\/18\/informe-de-la-uyltima-sesion-ordinaria-del-hcd\/#article\",\"isPartOf\":{\"@id\":\"https:\/\/www.celttv.com.ar\/index.php\/2019\/07\/18\/informe-de-la-uyltima-sesion-ordinaria-del-hcd\/\"},\"author\":{\"name\":\"ulises\",\"@id\":\"https:\/\/www.celttv.com.ar\/#\/schema\/person\/6d99c072dba59953809c81446e9d0ace\"},\"headline\":\"Informe de la \u00faltima sesi\u00f3n ordinaria del HCD\",\"datePublished\":\"2019-07-18T22:15:39+00:00\",\"dateModified\":\"2019-07-18T22:15:39+00:00\",\"mainEntityOfPage\":{\"@id\":\"https:\/\/www.celttv.com.ar\/index.php\/2019\/07\/18\/informe-de-la-uyltima-sesion-ordinaria-del-hcd\/\"},\"wordCount\":1796,\"publisher\":{\"@id\":\"https:\/\/www.celttv.com.ar\/#organization\"},\"articleSection\":[\"Celt TV Noticias\",\"Destacadas\",\"Pol\u00edtica\"],\"inLanguage\":\"es\"},{\"@type\":\"WebPage\",\"@id\":\"https:\/\/www.celttv.com.ar\/index.php\/2019\/07\/18\/informe-de-la-uyltima-sesion-ordinaria-del-hcd\/\",\"url\":\"https:\/\/www.celttv.com.ar\/index.php\/2019\/07\/18\/informe-de-la-uyltima-sesion-ordinaria-del-hcd\/\",\"name\":\"Informe de la \u00faltima sesi\u00f3n ordinaria del HCD - CELTTV\",\"isPartOf\":{\"@id\":\"https:\/\/www.celttv.com.ar\/#website\"},\"datePublished\":\"2019-07-18T22:15:39+00:00\",\"dateModified\":\"2019-07-18T22:15:39+00:00\",\"description\":\"Sitio web de noticias de la localidad de Tornquist, provincia de Buenos Aires, Rep\u00fablica Argentina. Contenido propio originado por periodistas de CELTTV, el canal de TV local de la Cooperativa El\u00e9ctrica de Tornquist. Turismo, Pol\u00edtica, Sociedad, Deporte, Cultura y todo el contenido de inter\u00e9s general que la gente del pueblo y la regi\u00f3n debe conocer.\",\"breadcrumb\":{\"@id\":\"https:\/\/www.celttv.com.ar\/index.php\/2019\/07\/18\/informe-de-la-uyltima-sesion-ordinaria-del-hcd\/#breadcrumb\"},\"inLanguage\":\"es\",\"potentialAction\":[{\"@type\":\"ReadAction\",\"target\":[\"https:\/\/www.celttv.com.ar\/index.php\/2019\/07\/18\/informe-de-la-uyltima-sesion-ordinaria-del-hcd\/\"]}]},{\"@type\":\"BreadcrumbList\",\"@id\":\"https:\/\/www.celttv.com.ar\/index.php\/2019\/07\/18\/informe-de-la-uyltima-sesion-ordinaria-del-hcd\/#breadcrumb\",\"itemListElement\":[{\"@type\":\"ListItem\",\"position\":1,\"name\":\"Inicio\",\"item\":\"https:\/\/www.celttv.com.ar\/\"},{\"@type\":\"ListItem\",\"position\":2,\"name\":\"Informe de la \u00faltima sesi\u00f3n ordinaria del HCD\"}]},{\"@type\":\"WebSite\",\"@id\":\"https:\/\/www.celttv.com.ar\/#website\",\"url\":\"https:\/\/www.celttv.com.ar\/\",\"name\":\"CELTTV\",\"description\":\"Cooperativa El\u00e9ctrica de Tornquist\",\"publisher\":{\"@id\":\"https:\/\/www.celttv.com.ar\/#organization\"},\"potentialAction\":[{\"@type\":\"SearchAction\",\"target\":{\"@type\":\"EntryPoint\",\"urlTemplate\":\"https:\/\/www.celttv.com.ar\/?s={search_term_string}\"},\"query-input\":\"required name=search_term_string\"}],\"inLanguage\":\"es\"},{\"@type\":\"Organization\",\"@id\":\"https:\/\/www.celttv.com.ar\/#organization\",\"name\":\"CELTTV\",\"url\":\"https:\/\/www.celttv.com.ar\/\",\"sameAs\":[\"https:\/\/www.youtube.com\/channel\/UCz_oIt8Hig64Ub-EmcNPIhg\",\"https:\/\/www.facebook.com\/celtTV\/\"],\"logo\":{\"@type\":\"ImageObject\",\"inLanguage\":\"es\",\"@id\":\"https:\/\/www.celttv.com.ar\/#\/schema\/logo\/image\/\",\"url\":\"http:\/\/www.celttv.com.ar\/wp-content\/uploads\/2022\/08\/logo-1.png\",\"contentUrl\":\"http:\/\/www.celttv.com.ar\/wp-content\/uploads\/2022\/08\/logo-1.png\",\"width\":461,\"height\":159,\"caption\":\"CELTTV\"},\"image\":{\"@id\":\"https:\/\/www.celttv.com.ar\/#\/schema\/logo\/image\/\"}},{\"@type\":\"Person\",\"@id\":\"https:\/\/www.celttv.com.ar\/#\/schema\/person\/6d99c072dba59953809c81446e9d0ace\",\"name\":\"ulises\",\"image\":{\"@type\":\"ImageObject\",\"inLanguage\":\"es\",\"@id\":\"https:\/\/www.celttv.com.ar\/#\/schema\/person\/image\/\",\"url\":\"https:\/\/secure.gravatar.com\/avatar\/7f2c48bdc33b30088f941fb6082e555f2874c98e20cb159d7b92b50eadfce793?s=96&d=mm&r=g\",\"contentUrl\":\"https:\/\/secure.gravatar.com\/avatar\/7f2c48bdc33b30088f941fb6082e555f2874c98e20cb159d7b92b50eadfce793?s=96&d=mm&r=g\",\"caption\":\"ulises\"},\"sameAs\":[\"http:\/\/www.celttv.com.ar\"]}]}<\/script>\n<!-- \/ Yoast SEO plugin. -->","yoast_head_json":{"title":"Informe de la \u00faltima sesi\u00f3n ordinaria del HCD - CELTTV","description":"Sitio web de noticias de la localidad de Tornquist, provincia de Buenos Aires, Rep\u00fablica Argentina. Contenido propio originado por periodistas de CELTTV, el canal de TV local de la Cooperativa El\u00e9ctrica de Tornquist. Turismo, Pol\u00edtica, Sociedad, Deporte, Cultura y todo el contenido de inter\u00e9s general que la gente del pueblo y la regi\u00f3n debe conocer.","robots":{"index":"index","follow":"follow","max-snippet":"max-snippet:-1","max-image-preview":"max-image-preview:large","max-video-preview":"max-video-preview:-1"},"canonical":"https:\/\/www.celttv.com.ar\/index.php\/2019\/07\/18\/informe-de-la-uyltima-sesion-ordinaria-del-hcd\/","og_locale":"es_ES","og_type":"article","og_title":"Informe de la \u00faltima sesi\u00f3n ordinaria del HCD - CELTTV","og_description":"Sitio web de noticias de la localidad de Tornquist, provincia de Buenos Aires, Rep\u00fablica Argentina. Contenido propio originado por periodistas de CELTTV, el canal de TV local de la Cooperativa El\u00e9ctrica de Tornquist. Turismo, Pol\u00edtica, Sociedad, Deporte, Cultura y todo el contenido de inter\u00e9s general que la gente del pueblo y la regi\u00f3n debe conocer.","og_url":"https:\/\/www.celttv.com.ar\/index.php\/2019\/07\/18\/informe-de-la-uyltima-sesion-ordinaria-del-hcd\/","og_site_name":"CELTTV","article_publisher":"https:\/\/www.facebook.com\/celtTV\/","article_published_time":"2019-07-18T22:15:39+00:00","og_image":[{"width":1024,"height":768,"url":"https:\/\/www.celttv.com.ar\/wp-content\/uploads\/2019\/07\/P1100099.jpg","type":"image\/jpeg"}],"author":"ulises","twitter_card":"summary_large_image","twitter_misc":{"Escrito por":"ulises","Tiempo de lectura":"9 minutos"},"schema":{"@context":"https:\/\/schema.org","@graph":[{"@type":"NewsArticle","@id":"https:\/\/www.celttv.com.ar\/index.php\/2019\/07\/18\/informe-de-la-uyltima-sesion-ordinaria-del-hcd\/#article","isPartOf":{"@id":"https:\/\/www.celttv.com.ar\/index.php\/2019\/07\/18\/informe-de-la-uyltima-sesion-ordinaria-del-hcd\/"},"author":{"name":"ulises","@id":"https:\/\/www.celttv.com.ar\/#\/schema\/person\/6d99c072dba59953809c81446e9d0ace"},"headline":"Informe de la \u00faltima sesi\u00f3n ordinaria del HCD","datePublished":"2019-07-18T22:15:39+00:00","dateModified":"2019-07-18T22:15:39+00:00","mainEntityOfPage":{"@id":"https:\/\/www.celttv.com.ar\/index.php\/2019\/07\/18\/informe-de-la-uyltima-sesion-ordinaria-del-hcd\/"},"wordCount":1796,"publisher":{"@id":"https:\/\/www.celttv.com.ar\/#organization"},"articleSection":["Celt TV Noticias","Destacadas","Pol\u00edtica"],"inLanguage":"es"},{"@type":"WebPage","@id":"https:\/\/www.celttv.com.ar\/index.php\/2019\/07\/18\/informe-de-la-uyltima-sesion-ordinaria-del-hcd\/","url":"https:\/\/www.celttv.com.ar\/index.php\/2019\/07\/18\/informe-de-la-uyltima-sesion-ordinaria-del-hcd\/","name":"Informe de la \u00faltima sesi\u00f3n ordinaria del HCD - CELTTV","isPartOf":{"@id":"https:\/\/www.celttv.com.ar\/#website"},"datePublished":"2019-07-18T22:15:39+00:00","dateModified":"2019-07-18T22:15:39+00:00","description":"Sitio web de noticias de la localidad de Tornquist, provincia de Buenos Aires, Rep\u00fablica Argentina. Contenido propio originado por periodistas de CELTTV, el canal de TV local de la Cooperativa El\u00e9ctrica de Tornquist. Turismo, Pol\u00edtica, Sociedad, Deporte, Cultura y todo el contenido de inter\u00e9s general que la gente del pueblo y la regi\u00f3n debe conocer.","breadcrumb":{"@id":"https:\/\/www.celttv.com.ar\/index.php\/2019\/07\/18\/informe-de-la-uyltima-sesion-ordinaria-del-hcd\/#breadcrumb"},"inLanguage":"es","potentialAction":[{"@type":"ReadAction","target":["https:\/\/www.celttv.com.ar\/index.php\/2019\/07\/18\/informe-de-la-uyltima-sesion-ordinaria-del-hcd\/"]}]},{"@type":"BreadcrumbList","@id":"https:\/\/www.celttv.com.ar\/index.php\/2019\/07\/18\/informe-de-la-uyltima-sesion-ordinaria-del-hcd\/#breadcrumb","itemListElement":[{"@type":"ListItem","position":1,"name":"Inicio","item":"https:\/\/www.celttv.com.ar\/"},{"@type":"ListItem","position":2,"name":"Informe de la \u00faltima sesi\u00f3n ordinaria del HCD"}]},{"@type":"WebSite","@id":"https:\/\/www.celttv.com.ar\/#website","url":"https:\/\/www.celttv.com.ar\/","name":"CELTTV","description":"Cooperativa El\u00e9ctrica de Tornquist","publisher":{"@id":"https:\/\/www.celttv.com.ar\/#organization"},"potentialAction":[{"@type":"SearchAction","target":{"@type":"EntryPoint","urlTemplate":"https:\/\/www.celttv.com.ar\/?s={search_term_string}"},"query-input":"required name=search_term_string"}],"inLanguage":"es"},{"@type":"Organization","@id":"https:\/\/www.celttv.com.ar\/#organization","name":"CELTTV","url":"https:\/\/www.celttv.com.ar\/","sameAs":["https:\/\/www.youtube.com\/channel\/UCz_oIt8Hig64Ub-EmcNPIhg","https:\/\/www.facebook.com\/celtTV\/"],"logo":{"@type":"ImageObject","inLanguage":"es","@id":"https:\/\/www.celttv.com.ar\/#\/schema\/logo\/image\/","url":"http:\/\/www.celttv.com.ar\/wp-content\/uploads\/2022\/08\/logo-1.png","contentUrl":"http:\/\/www.celttv.com.ar\/wp-content\/uploads\/2022\/08\/logo-1.png","width":461,"height":159,"caption":"CELTTV"},"image":{"@id":"https:\/\/www.celttv.com.ar\/#\/schema\/logo\/image\/"}},{"@type":"Person","@id":"https:\/\/www.celttv.com.ar\/#\/schema\/person\/6d99c072dba59953809c81446e9d0ace","name":"ulises","image":{"@type":"ImageObject","inLanguage":"es","@id":"https:\/\/www.celttv.com.ar\/#\/schema\/person\/image\/","url":"https:\/\/secure.gravatar.com\/avatar\/7f2c48bdc33b30088f941fb6082e555f2874c98e20cb159d7b92b50eadfce793?s=96&d=mm&r=g","contentUrl":"https:\/\/secure.gravatar.com\/avatar\/7f2c48bdc33b30088f941fb6082e555f2874c98e20cb159d7b92b50eadfce793?s=96&d=mm&r=g","caption":"ulises"},"sameAs":["http:\/\/www.celttv.com.ar"]}]}},"_links":{"self":[{"href":"https:\/\/www.celttv.com.ar\/index.php\/wp-json\/wp\/v2\/posts\/42826","targetHints":{"allow":["GET"]}}],"collection":[{"href":"https:\/\/www.celttv.com.ar\/index.php\/wp-json\/wp\/v2\/posts"}],"about":[{"href":"https:\/\/www.celttv.com.ar\/index.php\/wp-json\/wp\/v2\/types\/post"}],"author":[{"embeddable":true,"href":"https:\/\/www.celttv.com.ar\/index.php\/wp-json\/wp\/v2\/users\/1"}],"replies":[{"embeddable":true,"href":"https:\/\/www.celttv.com.ar\/index.php\/wp-json\/wp\/v2\/comments?post=42826"}],"version-history":[{"count":0,"href":"https:\/\/www.celttv.com.ar\/index.php\/wp-json\/wp\/v2\/posts\/42826\/revisions"}],"wp:featuredmedia":[{"embeddable":true,"href":"https:\/\/www.celttv.com.ar\/index.php\/wp-json\/wp\/v2\/media\/42827"}],"wp:attachment":[{"href":"https:\/\/www.celttv.com.ar\/index.php\/wp-json\/wp\/v2\/media?parent=42826"}],"wp:term":[{"taxonomy":"category","embeddable":true,"href":"https:\/\/www.celttv.com.ar\/index.php\/wp-json\/wp\/v2\/categories?post=42826"},{"taxonomy":"post_tag","embeddable":true,"href":"https:\/\/www.celttv.com.ar\/index.php\/wp-json\/wp\/v2\/tags?post=42826"}],"curies":[{"name":"wp","href":"https:\/\/api.w.org\/{rel}","templated":true}]}}