{"id":42835,"date":"2019-07-18T23:09:28","date_gmt":"2019-07-18T23:09:28","guid":{"rendered":"http:\/\/www.celttv.com.ar\/?p=42835"},"modified":"2019-07-18T23:09:28","modified_gmt":"2019-07-18T23:09:28","slug":"trankels-se-refirio-a-la-medida-que-tomo-la-camara-federal-portena-sobre-el-tema-que-lo-vincula-a-la-causa-girsu-video","status":"publish","type":"post","link":"https:\/\/www.celttv.com.ar\/index.php\/2019\/07\/18\/trankels-se-refirio-a-la-medida-que-tomo-la-camara-federal-portena-sobre-el-tema-que-lo-vincula-a-la-causa-girsu-video\/","title":{"rendered":"Trankels se refiri\u00f3 a la medida que tom\u00f3 la C\u00e1mara Federal porte\u00f1a sobre el tema que lo vincula a la causa GIRSU (Video)"},"content":{"rendered":"<p>La C\u00e1mara Federal porte\u00f1a dict\u00f3 la falta de m\u00e9rito de 4 intendentes y exjefes comunales de la regi\u00f3n en la causa por supuesto fraude en la administraci\u00f3n de fondos p\u00fablicos.<\/p>\n<p>Gustavo Trankels fue uno de los intendentes a los que se le dict\u00f3 la falta de m\u00e9rito sobre la causa GIRSU.<\/p>\n<div class=\"jeg_video_container jeg_video_content\"><iframe loading=\"lazy\" title=\"2019 07 18 NOTA A GUSTAVO TRANKELS\" width=\"500\" height=\"281\" src=\"https:\/\/www.youtube.com\/embed\/tORSBFTEl-8?feature=oembed\" frameborder=\"0\" allow=\"accelerometer; autoplay; clipboard-write; encrypted-media; gyroscope; picture-in-picture; web-share\" referrerpolicy=\"strict-origin-when-cross-origin\" allowfullscreen><\/iframe><\/div>\n","protected":false},"excerpt":{"rendered":"<p>La C\u00e1mara Federal porte\u00f1a dict\u00f3 la falta de m\u00e9rito de 4 intendentes y exjefes comunales de la regi\u00f3n en la causa por supuesto fraude en la administraci\u00f3n de fondos p\u00fablicos. Gustavo Trankels fue uno de los intendentes a los que se le dict\u00f3 la falta de m\u00e9rito sobre la causa GIRSU.<\/p>\n","protected":false},"author":1,"featured_media":42836,"comment_status":"closed","ping_status":"open","sticky":false,"template":"","format":"standard","meta":{"footnotes":""},"categories":[55,52,53],"tags":[],"class_list":["post-42835","post","type-post","status-publish","format-standard","has-post-thumbnail","hentry","category-celt-tv-noticias","category-destacadas","category-politica"],"yoast_head":"<!-- This site is optimized with the Yoast SEO plugin v19.7.1 - https:\/\/yoast.com\/wordpress\/plugins\/seo\/ -->\n<title>Trankels se refiri\u00f3 a la medida que tom\u00f3 la C\u00e1mara Federal porte\u00f1a sobre el tema que lo vincula a la causa GIRSU (Video) - CELTTV<\/title>\n<meta name=\"description\" content=\"Sitio web de noticias de la localidad de Tornquist, provincia de Buenos Aires, Rep\u00fablica Argentina. Contenido propio originado por periodistas de CELTTV, el canal de TV local de la Cooperativa El\u00e9ctrica de Tornquist. Turismo, Pol\u00edtica, Sociedad, Deporte, Cultura y todo el contenido de inter\u00e9s general que la gente del pueblo y la regi\u00f3n debe conocer.\" \/>\n<meta name=\"robots\" content=\"index, follow, max-snippet:-1, max-image-preview:large, max-video-preview:-1\" \/>\n<link rel=\"canonical\" href=\"https:\/\/www.celttv.com.ar\/index.php\/2019\/07\/18\/trankels-se-refirio-a-la-medida-que-tomo-la-camara-federal-portena-sobre-el-tema-que-lo-vincula-a-la-causa-girsu-video\/\" \/>\n<meta property=\"og:locale\" content=\"es_ES\" \/>\n<meta property=\"og:type\" content=\"article\" \/>\n<meta property=\"og:title\" content=\"Trankels se refiri\u00f3 a la medida que tom\u00f3 la C\u00e1mara Federal porte\u00f1a sobre el tema que lo vincula a la causa GIRSU (Video) - CELTTV\" \/>\n<meta property=\"og:description\" content=\"Sitio web de noticias de la localidad de Tornquist, provincia de Buenos Aires, Rep\u00fablica Argentina. Contenido propio originado por periodistas de CELTTV, el canal de TV local de la Cooperativa El\u00e9ctrica de Tornquist. Turismo, Pol\u00edtica, Sociedad, Deporte, Cultura y todo el contenido de inter\u00e9s general que la gente del pueblo y la regi\u00f3n debe conocer.\" \/>\n<meta property=\"og:url\" content=\"https:\/\/www.celttv.com.ar\/index.php\/2019\/07\/18\/trankels-se-refirio-a-la-medida-que-tomo-la-camara-federal-portena-sobre-el-tema-que-lo-vincula-a-la-causa-girsu-video\/\" \/>\n<meta property=\"og:site_name\" content=\"CELTTV\" \/>\n<meta property=\"article:publisher\" content=\"https:\/\/www.facebook.com\/celtTV\/\" \/>\n<meta property=\"article:published_time\" content=\"2019-07-18T23:09:28+00:00\" \/>\n<meta property=\"og:image\" content=\"https:\/\/www.celttv.com.ar\/wp-content\/uploads\/2019\/07\/images-1.jpg\" \/>\n\t<meta property=\"og:image:width\" content=\"264\" \/>\n\t<meta property=\"og:image:height\" content=\"191\" \/>\n\t<meta property=\"og:image:type\" content=\"image\/jpeg\" \/>\n<meta name=\"author\" content=\"ulises\" \/>\n<meta name=\"twitter:card\" content=\"summary_large_image\" \/>\n<meta name=\"twitter:label1\" content=\"Escrito por\" \/>\n\t<meta name=\"twitter:data1\" content=\"ulises\" \/>\n<script type=\"application\/ld+json\" class=\"yoast-schema-graph\">{\"@context\":\"https:\/\/schema.org\",\"@graph\":[{\"@type\":\"NewsArticle\",\"@id\":\"https:\/\/www.celttv.com.ar\/index.php\/2019\/07\/18\/trankels-se-refirio-a-la-medida-que-tomo-la-camara-federal-portena-sobre-el-tema-que-lo-vincula-a-la-causa-girsu-video\/#article\",\"isPartOf\":{\"@id\":\"https:\/\/www.celttv.com.ar\/index.php\/2019\/07\/18\/trankels-se-refirio-a-la-medida-que-tomo-la-camara-federal-portena-sobre-el-tema-que-lo-vincula-a-la-causa-girsu-video\/\"},\"author\":{\"name\":\"ulises\",\"@id\":\"https:\/\/www.celttv.com.ar\/#\/schema\/person\/6d99c072dba59953809c81446e9d0ace\"},\"headline\":\"Trankels se refiri\u00f3 a la medida que tom\u00f3 la C\u00e1mara Federal porte\u00f1a sobre el tema que lo vincula a la causa GIRSU (Video)\",\"datePublished\":\"2019-07-18T23:09:28+00:00\",\"dateModified\":\"2019-07-18T23:09:28+00:00\",\"mainEntityOfPage\":{\"@id\":\"https:\/\/www.celttv.com.ar\/index.php\/2019\/07\/18\/trankels-se-refirio-a-la-medida-que-tomo-la-camara-federal-portena-sobre-el-tema-que-lo-vincula-a-la-causa-girsu-video\/\"},\"wordCount\":89,\"publisher\":{\"@id\":\"https:\/\/www.celttv.com.ar\/#organization\"},\"articleSection\":[\"Celt TV Noticias\",\"Destacadas\",\"Pol\u00edtica\"],\"inLanguage\":\"es\"},{\"@type\":\"WebPage\",\"@id\":\"https:\/\/www.celttv.com.ar\/index.php\/2019\/07\/18\/trankels-se-refirio-a-la-medida-que-tomo-la-camara-federal-portena-sobre-el-tema-que-lo-vincula-a-la-causa-girsu-video\/\",\"url\":\"https:\/\/www.celttv.com.ar\/index.php\/2019\/07\/18\/trankels-se-refirio-a-la-medida-que-tomo-la-camara-federal-portena-sobre-el-tema-que-lo-vincula-a-la-causa-girsu-video\/\",\"name\":\"Trankels se refiri\u00f3 a la medida que tom\u00f3 la C\u00e1mara Federal porte\u00f1a sobre el tema que lo vincula a la causa GIRSU (Video) - CELTTV\",\"isPartOf\":{\"@id\":\"https:\/\/www.celttv.com.ar\/#website\"},\"datePublished\":\"2019-07-18T23:09:28+00:00\",\"dateModified\":\"2019-07-18T23:09:28+00:00\",\"description\":\"Sitio web de noticias de la localidad de Tornquist, provincia de Buenos Aires, Rep\u00fablica Argentina. Contenido propio originado por periodistas de CELTTV, el canal de TV local de la Cooperativa El\u00e9ctrica de Tornquist. Turismo, Pol\u00edtica, Sociedad, Deporte, Cultura y todo el contenido de inter\u00e9s general que la gente del pueblo y la regi\u00f3n debe conocer.\",\"breadcrumb\":{\"@id\":\"https:\/\/www.celttv.com.ar\/index.php\/2019\/07\/18\/trankels-se-refirio-a-la-medida-que-tomo-la-camara-federal-portena-sobre-el-tema-que-lo-vincula-a-la-causa-girsu-video\/#breadcrumb\"},\"inLanguage\":\"es\",\"potentialAction\":[{\"@type\":\"ReadAction\",\"target\":[\"https:\/\/www.celttv.com.ar\/index.php\/2019\/07\/18\/trankels-se-refirio-a-la-medida-que-tomo-la-camara-federal-portena-sobre-el-tema-que-lo-vincula-a-la-causa-girsu-video\/\"]}]},{\"@type\":\"BreadcrumbList\",\"@id\":\"https:\/\/www.celttv.com.ar\/index.php\/2019\/07\/18\/trankels-se-refirio-a-la-medida-que-tomo-la-camara-federal-portena-sobre-el-tema-que-lo-vincula-a-la-causa-girsu-video\/#breadcrumb\",\"itemListElement\":[{\"@type\":\"ListItem\",\"position\":1,\"name\":\"Inicio\",\"item\":\"https:\/\/www.celttv.com.ar\/\"},{\"@type\":\"ListItem\",\"position\":2,\"name\":\"Trankels se refiri\u00f3 a la medida que tom\u00f3 la C\u00e1mara Federal porte\u00f1a sobre el tema que lo vincula a la causa GIRSU (Video)\"}]},{\"@type\":\"WebSite\",\"@id\":\"https:\/\/www.celttv.com.ar\/#website\",\"url\":\"https:\/\/www.celttv.com.ar\/\",\"name\":\"CELTTV\",\"description\":\"Cooperativa El\u00e9ctrica de Tornquist\",\"publisher\":{\"@id\":\"https:\/\/www.celttv.com.ar\/#organization\"},\"potentialAction\":[{\"@type\":\"SearchAction\",\"target\":{\"@type\":\"EntryPoint\",\"urlTemplate\":\"https:\/\/www.celttv.com.ar\/?s={search_term_string}\"},\"query-input\":\"required name=search_term_string\"}],\"inLanguage\":\"es\"},{\"@type\":\"Organization\",\"@id\":\"https:\/\/www.celttv.com.ar\/#organization\",\"name\":\"CELTTV\",\"url\":\"https:\/\/www.celttv.com.ar\/\",\"sameAs\":[\"https:\/\/www.youtube.com\/channel\/UCz_oIt8Hig64Ub-EmcNPIhg\",\"https:\/\/www.facebook.com\/celtTV\/\"],\"logo\":{\"@type\":\"ImageObject\",\"inLanguage\":\"es\",\"@id\":\"https:\/\/www.celttv.com.ar\/#\/schema\/logo\/image\/\",\"url\":\"http:\/\/www.celttv.com.ar\/wp-content\/uploads\/2022\/08\/logo-1.png\",\"contentUrl\":\"http:\/\/www.celttv.com.ar\/wp-content\/uploads\/2022\/08\/logo-1.png\",\"width\":461,\"height\":159,\"caption\":\"CELTTV\"},\"image\":{\"@id\":\"https:\/\/www.celttv.com.ar\/#\/schema\/logo\/image\/\"}},{\"@type\":\"Person\",\"@id\":\"https:\/\/www.celttv.com.ar\/#\/schema\/person\/6d99c072dba59953809c81446e9d0ace\",\"name\":\"ulises\",\"image\":{\"@type\":\"ImageObject\",\"inLanguage\":\"es\",\"@id\":\"https:\/\/www.celttv.com.ar\/#\/schema\/person\/image\/\",\"url\":\"https:\/\/secure.gravatar.com\/avatar\/7f2c48bdc33b30088f941fb6082e555f2874c98e20cb159d7b92b50eadfce793?s=96&d=mm&r=g\",\"contentUrl\":\"https:\/\/secure.gravatar.com\/avatar\/7f2c48bdc33b30088f941fb6082e555f2874c98e20cb159d7b92b50eadfce793?s=96&d=mm&r=g\",\"caption\":\"ulises\"},\"sameAs\":[\"http:\/\/www.celttv.com.ar\"]}]}<\/script>\n<!-- \/ Yoast SEO plugin. -->","yoast_head_json":{"title":"Trankels se refiri\u00f3 a la medida que tom\u00f3 la C\u00e1mara Federal porte\u00f1a sobre el tema que lo vincula a la causa GIRSU (Video) - CELTTV","description":"Sitio web de noticias de la localidad de Tornquist, provincia de Buenos Aires, Rep\u00fablica Argentina. Contenido propio originado por periodistas de CELTTV, el canal de TV local de la Cooperativa El\u00e9ctrica de Tornquist. Turismo, Pol\u00edtica, Sociedad, Deporte, Cultura y todo el contenido de inter\u00e9s general que la gente del pueblo y la regi\u00f3n debe conocer.","robots":{"index":"index","follow":"follow","max-snippet":"max-snippet:-1","max-image-preview":"max-image-preview:large","max-video-preview":"max-video-preview:-1"},"canonical":"https:\/\/www.celttv.com.ar\/index.php\/2019\/07\/18\/trankels-se-refirio-a-la-medida-que-tomo-la-camara-federal-portena-sobre-el-tema-que-lo-vincula-a-la-causa-girsu-video\/","og_locale":"es_ES","og_type":"article","og_title":"Trankels se refiri\u00f3 a la medida que tom\u00f3 la C\u00e1mara Federal porte\u00f1a sobre el tema que lo vincula a la causa GIRSU (Video) - CELTTV","og_description":"Sitio web de noticias de la localidad de Tornquist, provincia de Buenos Aires, Rep\u00fablica Argentina. Contenido propio originado por periodistas de CELTTV, el canal de TV local de la Cooperativa El\u00e9ctrica de Tornquist. Turismo, Pol\u00edtica, Sociedad, Deporte, Cultura y todo el contenido de inter\u00e9s general que la gente del pueblo y la regi\u00f3n debe conocer.","og_url":"https:\/\/www.celttv.com.ar\/index.php\/2019\/07\/18\/trankels-se-refirio-a-la-medida-que-tomo-la-camara-federal-portena-sobre-el-tema-que-lo-vincula-a-la-causa-girsu-video\/","og_site_name":"CELTTV","article_publisher":"https:\/\/www.facebook.com\/celtTV\/","article_published_time":"2019-07-18T23:09:28+00:00","og_image":[{"width":264,"height":191,"url":"https:\/\/www.celttv.com.ar\/wp-content\/uploads\/2019\/07\/images-1.jpg","type":"image\/jpeg"}],"author":"ulises","twitter_card":"summary_large_image","twitter_misc":{"Escrito por":"ulises"},"schema":{"@context":"https:\/\/schema.org","@graph":[{"@type":"NewsArticle","@id":"https:\/\/www.celttv.com.ar\/index.php\/2019\/07\/18\/trankels-se-refirio-a-la-medida-que-tomo-la-camara-federal-portena-sobre-el-tema-que-lo-vincula-a-la-causa-girsu-video\/#article","isPartOf":{"@id":"https:\/\/www.celttv.com.ar\/index.php\/2019\/07\/18\/trankels-se-refirio-a-la-medida-que-tomo-la-camara-federal-portena-sobre-el-tema-que-lo-vincula-a-la-causa-girsu-video\/"},"author":{"name":"ulises","@id":"https:\/\/www.celttv.com.ar\/#\/schema\/person\/6d99c072dba59953809c81446e9d0ace"},"headline":"Trankels se refiri\u00f3 a la medida que tom\u00f3 la C\u00e1mara Federal porte\u00f1a sobre el tema que lo vincula a la causa GIRSU (Video)","datePublished":"2019-07-18T23:09:28+00:00","dateModified":"2019-07-18T23:09:28+00:00","mainEntityOfPage":{"@id":"https:\/\/www.celttv.com.ar\/index.php\/2019\/07\/18\/trankels-se-refirio-a-la-medida-que-tomo-la-camara-federal-portena-sobre-el-tema-que-lo-vincula-a-la-causa-girsu-video\/"},"wordCount":89,"publisher":{"@id":"https:\/\/www.celttv.com.ar\/#organization"},"articleSection":["Celt TV Noticias","Destacadas","Pol\u00edtica"],"inLanguage":"es"},{"@type":"WebPage","@id":"https:\/\/www.celttv.com.ar\/index.php\/2019\/07\/18\/trankels-se-refirio-a-la-medida-que-tomo-la-camara-federal-portena-sobre-el-tema-que-lo-vincula-a-la-causa-girsu-video\/","url":"https:\/\/www.celttv.com.ar\/index.php\/2019\/07\/18\/trankels-se-refirio-a-la-medida-que-tomo-la-camara-federal-portena-sobre-el-tema-que-lo-vincula-a-la-causa-girsu-video\/","name":"Trankels se refiri\u00f3 a la medida que tom\u00f3 la C\u00e1mara Federal porte\u00f1a sobre el tema que lo vincula a la causa GIRSU (Video) - CELTTV","isPartOf":{"@id":"https:\/\/www.celttv.com.ar\/#website"},"datePublished":"2019-07-18T23:09:28+00:00","dateModified":"2019-07-18T23:09:28+00:00","description":"Sitio web de noticias de la localidad de Tornquist, provincia de Buenos Aires, Rep\u00fablica Argentina. Contenido propio originado por periodistas de CELTTV, el canal de TV local de la Cooperativa El\u00e9ctrica de Tornquist. Turismo, Pol\u00edtica, Sociedad, Deporte, Cultura y todo el contenido de inter\u00e9s general que la gente del pueblo y la regi\u00f3n debe conocer.","breadcrumb":{"@id":"https:\/\/www.celttv.com.ar\/index.php\/2019\/07\/18\/trankels-se-refirio-a-la-medida-que-tomo-la-camara-federal-portena-sobre-el-tema-que-lo-vincula-a-la-causa-girsu-video\/#breadcrumb"},"inLanguage":"es","potentialAction":[{"@type":"ReadAction","target":["https:\/\/www.celttv.com.ar\/index.php\/2019\/07\/18\/trankels-se-refirio-a-la-medida-que-tomo-la-camara-federal-portena-sobre-el-tema-que-lo-vincula-a-la-causa-girsu-video\/"]}]},{"@type":"BreadcrumbList","@id":"https:\/\/www.celttv.com.ar\/index.php\/2019\/07\/18\/trankels-se-refirio-a-la-medida-que-tomo-la-camara-federal-portena-sobre-el-tema-que-lo-vincula-a-la-causa-girsu-video\/#breadcrumb","itemListElement":[{"@type":"ListItem","position":1,"name":"Inicio","item":"https:\/\/www.celttv.com.ar\/"},{"@type":"ListItem","position":2,"name":"Trankels se refiri\u00f3 a la medida que tom\u00f3 la C\u00e1mara Federal porte\u00f1a sobre el tema que lo vincula a la causa GIRSU (Video)"}]},{"@type":"WebSite","@id":"https:\/\/www.celttv.com.ar\/#website","url":"https:\/\/www.celttv.com.ar\/","name":"CELTTV","description":"Cooperativa El\u00e9ctrica de Tornquist","publisher":{"@id":"https:\/\/www.celttv.com.ar\/#organization"},"potentialAction":[{"@type":"SearchAction","target":{"@type":"EntryPoint","urlTemplate":"https:\/\/www.celttv.com.ar\/?s={search_term_string}"},"query-input":"required name=search_term_string"}],"inLanguage":"es"},{"@type":"Organization","@id":"https:\/\/www.celttv.com.ar\/#organization","name":"CELTTV","url":"https:\/\/www.celttv.com.ar\/","sameAs":["https:\/\/www.youtube.com\/channel\/UCz_oIt8Hig64Ub-EmcNPIhg","https:\/\/www.facebook.com\/celtTV\/"],"logo":{"@type":"ImageObject","inLanguage":"es","@id":"https:\/\/www.celttv.com.ar\/#\/schema\/logo\/image\/","url":"http:\/\/www.celttv.com.ar\/wp-content\/uploads\/2022\/08\/logo-1.png","contentUrl":"http:\/\/www.celttv.com.ar\/wp-content\/uploads\/2022\/08\/logo-1.png","width":461,"height":159,"caption":"CELTTV"},"image":{"@id":"https:\/\/www.celttv.com.ar\/#\/schema\/logo\/image\/"}},{"@type":"Person","@id":"https:\/\/www.celttv.com.ar\/#\/schema\/person\/6d99c072dba59953809c81446e9d0ace","name":"ulises","image":{"@type":"ImageObject","inLanguage":"es","@id":"https:\/\/www.celttv.com.ar\/#\/schema\/person\/image\/","url":"https:\/\/secure.gravatar.com\/avatar\/7f2c48bdc33b30088f941fb6082e555f2874c98e20cb159d7b92b50eadfce793?s=96&d=mm&r=g","contentUrl":"https:\/\/secure.gravatar.com\/avatar\/7f2c48bdc33b30088f941fb6082e555f2874c98e20cb159d7b92b50eadfce793?s=96&d=mm&r=g","caption":"ulises"},"sameAs":["http:\/\/www.celttv.com.ar"]}]}},"_links":{"self":[{"href":"https:\/\/www.celttv.com.ar\/index.php\/wp-json\/wp\/v2\/posts\/42835","targetHints":{"allow":["GET"]}}],"collection":[{"href":"https:\/\/www.celttv.com.ar\/index.php\/wp-json\/wp\/v2\/posts"}],"about":[{"href":"https:\/\/www.celttv.com.ar\/index.php\/wp-json\/wp\/v2\/types\/post"}],"author":[{"embeddable":true,"href":"https:\/\/www.celttv.com.ar\/index.php\/wp-json\/wp\/v2\/users\/1"}],"replies":[{"embeddable":true,"href":"https:\/\/www.celttv.com.ar\/index.php\/wp-json\/wp\/v2\/comments?post=42835"}],"version-history":[{"count":0,"href":"https:\/\/www.celttv.com.ar\/index.php\/wp-json\/wp\/v2\/posts\/42835\/revisions"}],"wp:featuredmedia":[{"embeddable":true,"href":"https:\/\/www.celttv.com.ar\/index.php\/wp-json\/wp\/v2\/media\/42836"}],"wp:attachment":[{"href":"https:\/\/www.celttv.com.ar\/index.php\/wp-json\/wp\/v2\/media?parent=42835"}],"wp:term":[{"taxonomy":"category","embeddable":true,"href":"https:\/\/www.celttv.com.ar\/index.php\/wp-json\/wp\/v2\/categories?post=42835"},{"taxonomy":"post_tag","embeddable":true,"href":"https:\/\/www.celttv.com.ar\/index.php\/wp-json\/wp\/v2\/tags?post=42835"}],"curies":[{"name":"wp","href":"https:\/\/api.w.org\/{rel}","templated":true}]}}