{"id":42875,"date":"2019-07-20T00:01:53","date_gmt":"2019-07-20T00:01:53","guid":{"rendered":"http:\/\/www.celttv.com.ar\/?p=42875"},"modified":"2019-07-20T00:01:53","modified_gmt":"2019-07-20T00:01:53","slug":"presentaron-la-oferta-para-vacaciones-de-invierno-del-sudoeste-bonaerense-fotos","status":"publish","type":"post","link":"https:\/\/www.celttv.com.ar\/index.php\/2019\/07\/20\/presentaron-la-oferta-para-vacaciones-de-invierno-del-sudoeste-bonaerense-fotos\/","title":{"rendered":"Presentaron la oferta para vacaciones de invierno del Sudoeste bonaerense (fotos)"},"content":{"rendered":"<div>Tornquist dio a conocer sus propuestas en el \u201cLanzamiento de la Oferta de Vacaciones de Invierno del Sudoeste Bonaerense\u201d , que se llev\u00f3 a cabo ayer, jueves 18, en el Centro Hist\u00f3rico Cultural de la Universidad del Sur, en<\/div>\n<div>Bah\u00eda Blanca.<\/div>\n<div>La Secretaria de Turismo, Susana Dos Santos present\u00f3 la gran variedad de propuestas de nuestro destino, programadas para las vacaciones de invierno.<\/div>\n<div>La agenda de la comarca se puede consultar ingresando a:<br \/>\n<a href=\"http:\/\/tornquist.gob.ar\/propuestas-para-estas-vacaciones-de-invierno\/\">http:\/\/tornquist.gob.ar\/propuestas-para-estas-vacaciones-de-invierno\/<\/a><\/div>\n<div>Tambi\u00e9n, en el encuentro, se realizaron degustaciones de productos regionales y promoci\u00f3n de la pr\u00f3xima feria Al Diente. Por otro lado, se mantuvo una reuni\u00f3n con la agencia Techera para generar paquetes de turismo receptivo.<\/div>\n<div>El objetivo de la jornada: conocer y difundir la oferta tur\u00edstica para el periodo invernal 2019 de cada uno de los municipios que integran la regi\u00f3n, conjuntamente a los emprendimientos nucleados en la Red de Turismo Rural del Centro Regional Buenos Aires Sur del INTA, conformada por grupos de emprendedores enmarcados en el Programa Cambio Rural del Ministerio de Agroindustria de la Naci\u00f3n, que ofrecen diferentes alternativas tur\u00edstico-recreativas a los visitantes.Adem\u00e1s, tuvo lugar el \u201cSegundo Encuentro de Informantes Tur\u00edsticos de la Regi\u00f3n Sudoeste\u201d que tiene entre sus prop\u00f3sitos la capacitaci\u00f3n y actualizaci\u00f3n en tem\u00e1ticas que favorecen el desarrollo de su labor cotidiana.<br \/>\nAl entender la importancia de su rol como el principal eslab\u00f3n en la cadena de valor de la experiencia tur\u00edstica de los visitantes en el territorio. En esta oportunidad, se ofreci\u00f3 el taller del Licenciado Mart\u00edn Virdis, \u201cEl Turista como Cliente\u201d.Participaron los municipios de Adolfo Alsina, Bah\u00eda Blanca, Carmen de Patagones, Coronel Dorrego, Coronel Pringles, Coronel Rosales, Coronel Suarez, Guamin\u00ed, Monte Hermoso, Pu\u00e1n, Saavedra, Villarino y Tornquist.<\/div>\n<div>\n<p>\u00a0<img decoding=\"async\" src=\"http:\/\/www.noticiastornquist.com.ar\/imagen.php?imagen=noticias\/110_4589_64913094_10219670360531896_6241614257444618240_n_1563553351.jpg\" \/><\/p>\n<div><\/div>\n<hr \/>\n<p><img decoding=\"async\" src=\"http:\/\/www.noticiastornquist.com.ar\/imagen.php?imagen=noticias\/110_98c8_67066163_10219670360931906_3342092294160384000_n_1563553352.jpg\" \/><\/p>\n<div><\/div>\n<hr \/>\n<p><img decoding=\"async\" src=\"http:\/\/www.noticiastornquist.com.ar\/imagen.php?imagen=noticias\/110_bd0d_67156642_10219670357651824_133290358661447680_n_1563553353.jpg\" \/><\/p>\n<div><\/div>\n<hr \/>\n<p><img decoding=\"async\" src=\"http:\/\/www.noticiastornquist.com.ar\/imagen.php?imagen=noticias\/110_97a3_67187060_10219670356411793_3137842706332516352_n_1563553354.jpg\" \/><\/p>\n<div><\/div>\n<hr \/>\n<p><img decoding=\"async\" src=\"http:\/\/www.noticiastornquist.com.ar\/imagen.php?imagen=noticias\/110_1052_67296223_10219670359091860_4210929728208502784_n_1563553355.jpg\" \/><\/p>\n<div><\/div>\n<hr \/>\n<p><img decoding=\"async\" src=\"http:\/\/www.noticiastornquist.com.ar\/imagen.php?imagen=noticias\/110_c4d2_67309285_10219670359571872_5351581705251586048_n_1563553356.jpg\" \/><\/p>\n<div><\/div>\n<hr \/>\n<p><img decoding=\"async\" src=\"http:\/\/www.noticiastornquist.com.ar\/imagen.php?imagen=noticias\/110_d345_67402832_10219670355171762_8087027503987687424_o_1563553357.jpg\" \/><\/p>\n<\/div>\n<div><\/div>\n","protected":false},"excerpt":{"rendered":"<p>Tornquist dio a conocer sus propuestas en el \u201cLanzamiento de la Oferta de Vacaciones de Invierno del Sudoeste Bonaerense\u201d , que se llev\u00f3 a cabo ayer, jueves 18, en el Centro Hist\u00f3rico Cultural de la Universidad del Sur, en Bah\u00eda Blanca. La Secretaria de Turismo, Susana Dos Santos present\u00f3 la gran variedad de propuestas de [&hellip;]<\/p>\n","protected":false},"author":1,"featured_media":42880,"comment_status":"closed","ping_status":"open","sticky":false,"template":"","format":"standard","meta":{"footnotes":""},"categories":[51,52,58],"tags":[],"class_list":["post-42875","post","type-post","status-publish","format-standard","has-post-thumbnail","hentry","category-comunidad","category-destacadas","category-turismo"],"yoast_head":"<!-- This site is optimized with the Yoast SEO plugin v19.7.1 - https:\/\/yoast.com\/wordpress\/plugins\/seo\/ -->\n<title>Presentaron la oferta para vacaciones de invierno del Sudoeste bonaerense (fotos) - CELTTV<\/title>\n<meta name=\"description\" content=\"Sitio web de noticias de la localidad de Tornquist, provincia de Buenos Aires, Rep\u00fablica Argentina. Contenido propio originado por periodistas de CELTTV, el canal de TV local de la Cooperativa El\u00e9ctrica de Tornquist. Turismo, Pol\u00edtica, Sociedad, Deporte, Cultura y todo el contenido de inter\u00e9s general que la gente del pueblo y la regi\u00f3n debe conocer.\" \/>\n<meta name=\"robots\" content=\"index, follow, max-snippet:-1, max-image-preview:large, max-video-preview:-1\" \/>\n<link rel=\"canonical\" href=\"https:\/\/www.celttv.com.ar\/index.php\/2019\/07\/20\/presentaron-la-oferta-para-vacaciones-de-invierno-del-sudoeste-bonaerense-fotos\/\" \/>\n<meta property=\"og:locale\" content=\"es_ES\" \/>\n<meta property=\"og:type\" content=\"article\" \/>\n<meta property=\"og:title\" content=\"Presentaron la oferta para vacaciones de invierno del Sudoeste bonaerense (fotos) - CELTTV\" \/>\n<meta property=\"og:description\" content=\"Sitio web de noticias de la localidad de Tornquist, provincia de Buenos Aires, Rep\u00fablica Argentina. Contenido propio originado por periodistas de CELTTV, el canal de TV local de la Cooperativa El\u00e9ctrica de Tornquist. Turismo, Pol\u00edtica, Sociedad, Deporte, Cultura y todo el contenido de inter\u00e9s general que la gente del pueblo y la regi\u00f3n debe conocer.\" \/>\n<meta property=\"og:url\" content=\"https:\/\/www.celttv.com.ar\/index.php\/2019\/07\/20\/presentaron-la-oferta-para-vacaciones-de-invierno-del-sudoeste-bonaerense-fotos\/\" \/>\n<meta property=\"og:site_name\" content=\"CELTTV\" \/>\n<meta property=\"article:publisher\" content=\"https:\/\/www.facebook.com\/celtTV\/\" \/>\n<meta property=\"article:published_time\" content=\"2019-07-20T00:01:53+00:00\" \/>\n<meta property=\"og:image\" content=\"https:\/\/www.celttv.com.ar\/wp-content\/uploads\/2019\/07\/vaca1.jpg\" \/>\n\t<meta property=\"og:image:width\" content=\"960\" \/>\n\t<meta property=\"og:image:height\" content=\"720\" \/>\n\t<meta property=\"og:image:type\" content=\"image\/jpeg\" \/>\n<meta name=\"author\" content=\"ulises\" \/>\n<meta name=\"twitter:card\" content=\"summary_large_image\" \/>\n<meta name=\"twitter:label1\" content=\"Escrito por\" \/>\n\t<meta name=\"twitter:data1\" content=\"ulises\" \/>\n\t<meta name=\"twitter:label2\" content=\"Tiempo de lectura\" \/>\n\t<meta name=\"twitter:data2\" content=\"2 minutos\" \/>\n<script type=\"application\/ld+json\" class=\"yoast-schema-graph\">{\"@context\":\"https:\/\/schema.org\",\"@graph\":[{\"@type\":\"NewsArticle\",\"@id\":\"https:\/\/www.celttv.com.ar\/index.php\/2019\/07\/20\/presentaron-la-oferta-para-vacaciones-de-invierno-del-sudoeste-bonaerense-fotos\/#article\",\"isPartOf\":{\"@id\":\"https:\/\/www.celttv.com.ar\/index.php\/2019\/07\/20\/presentaron-la-oferta-para-vacaciones-de-invierno-del-sudoeste-bonaerense-fotos\/\"},\"author\":{\"name\":\"ulises\",\"@id\":\"https:\/\/www.celttv.com.ar\/#\/schema\/person\/6d99c072dba59953809c81446e9d0ace\"},\"headline\":\"Presentaron la oferta para vacaciones de invierno del Sudoeste bonaerense (fotos)\",\"datePublished\":\"2019-07-20T00:01:53+00:00\",\"dateModified\":\"2019-07-20T00:01:53+00:00\",\"mainEntityOfPage\":{\"@id\":\"https:\/\/www.celttv.com.ar\/index.php\/2019\/07\/20\/presentaron-la-oferta-para-vacaciones-de-invierno-del-sudoeste-bonaerense-fotos\/\"},\"wordCount\":314,\"publisher\":{\"@id\":\"https:\/\/www.celttv.com.ar\/#organization\"},\"articleSection\":[\"Comunidad\",\"Destacadas\",\"Turismo\"],\"inLanguage\":\"es\"},{\"@type\":\"WebPage\",\"@id\":\"https:\/\/www.celttv.com.ar\/index.php\/2019\/07\/20\/presentaron-la-oferta-para-vacaciones-de-invierno-del-sudoeste-bonaerense-fotos\/\",\"url\":\"https:\/\/www.celttv.com.ar\/index.php\/2019\/07\/20\/presentaron-la-oferta-para-vacaciones-de-invierno-del-sudoeste-bonaerense-fotos\/\",\"name\":\"Presentaron la oferta para vacaciones de invierno del Sudoeste bonaerense (fotos) - CELTTV\",\"isPartOf\":{\"@id\":\"https:\/\/www.celttv.com.ar\/#website\"},\"datePublished\":\"2019-07-20T00:01:53+00:00\",\"dateModified\":\"2019-07-20T00:01:53+00:00\",\"description\":\"Sitio web de noticias de la localidad de Tornquist, provincia de Buenos Aires, Rep\u00fablica Argentina. Contenido propio originado por periodistas de CELTTV, el canal de TV local de la Cooperativa El\u00e9ctrica de Tornquist. Turismo, Pol\u00edtica, Sociedad, Deporte, Cultura y todo el contenido de inter\u00e9s general que la gente del pueblo y la regi\u00f3n debe conocer.\",\"breadcrumb\":{\"@id\":\"https:\/\/www.celttv.com.ar\/index.php\/2019\/07\/20\/presentaron-la-oferta-para-vacaciones-de-invierno-del-sudoeste-bonaerense-fotos\/#breadcrumb\"},\"inLanguage\":\"es\",\"potentialAction\":[{\"@type\":\"ReadAction\",\"target\":[\"https:\/\/www.celttv.com.ar\/index.php\/2019\/07\/20\/presentaron-la-oferta-para-vacaciones-de-invierno-del-sudoeste-bonaerense-fotos\/\"]}]},{\"@type\":\"BreadcrumbList\",\"@id\":\"https:\/\/www.celttv.com.ar\/index.php\/2019\/07\/20\/presentaron-la-oferta-para-vacaciones-de-invierno-del-sudoeste-bonaerense-fotos\/#breadcrumb\",\"itemListElement\":[{\"@type\":\"ListItem\",\"position\":1,\"name\":\"Inicio\",\"item\":\"https:\/\/www.celttv.com.ar\/\"},{\"@type\":\"ListItem\",\"position\":2,\"name\":\"Presentaron la oferta para vacaciones de invierno del Sudoeste bonaerense (fotos)\"}]},{\"@type\":\"WebSite\",\"@id\":\"https:\/\/www.celttv.com.ar\/#website\",\"url\":\"https:\/\/www.celttv.com.ar\/\",\"name\":\"CELTTV\",\"description\":\"Cooperativa El\u00e9ctrica de Tornquist\",\"publisher\":{\"@id\":\"https:\/\/www.celttv.com.ar\/#organization\"},\"potentialAction\":[{\"@type\":\"SearchAction\",\"target\":{\"@type\":\"EntryPoint\",\"urlTemplate\":\"https:\/\/www.celttv.com.ar\/?s={search_term_string}\"},\"query-input\":\"required name=search_term_string\"}],\"inLanguage\":\"es\"},{\"@type\":\"Organization\",\"@id\":\"https:\/\/www.celttv.com.ar\/#organization\",\"name\":\"CELTTV\",\"url\":\"https:\/\/www.celttv.com.ar\/\",\"sameAs\":[\"https:\/\/www.youtube.com\/channel\/UCz_oIt8Hig64Ub-EmcNPIhg\",\"https:\/\/www.facebook.com\/celtTV\/\"],\"logo\":{\"@type\":\"ImageObject\",\"inLanguage\":\"es\",\"@id\":\"https:\/\/www.celttv.com.ar\/#\/schema\/logo\/image\/\",\"url\":\"http:\/\/www.celttv.com.ar\/wp-content\/uploads\/2022\/08\/logo-1.png\",\"contentUrl\":\"http:\/\/www.celttv.com.ar\/wp-content\/uploads\/2022\/08\/logo-1.png\",\"width\":461,\"height\":159,\"caption\":\"CELTTV\"},\"image\":{\"@id\":\"https:\/\/www.celttv.com.ar\/#\/schema\/logo\/image\/\"}},{\"@type\":\"Person\",\"@id\":\"https:\/\/www.celttv.com.ar\/#\/schema\/person\/6d99c072dba59953809c81446e9d0ace\",\"name\":\"ulises\",\"image\":{\"@type\":\"ImageObject\",\"inLanguage\":\"es\",\"@id\":\"https:\/\/www.celttv.com.ar\/#\/schema\/person\/image\/\",\"url\":\"https:\/\/secure.gravatar.com\/avatar\/7f2c48bdc33b30088f941fb6082e555f2874c98e20cb159d7b92b50eadfce793?s=96&d=mm&r=g\",\"contentUrl\":\"https:\/\/secure.gravatar.com\/avatar\/7f2c48bdc33b30088f941fb6082e555f2874c98e20cb159d7b92b50eadfce793?s=96&d=mm&r=g\",\"caption\":\"ulises\"},\"sameAs\":[\"http:\/\/www.celttv.com.ar\"]}]}<\/script>\n<!-- \/ Yoast SEO plugin. -->","yoast_head_json":{"title":"Presentaron la oferta para vacaciones de invierno del Sudoeste bonaerense (fotos) - CELTTV","description":"Sitio web de noticias de la localidad de Tornquist, provincia de Buenos Aires, Rep\u00fablica Argentina. Contenido propio originado por periodistas de CELTTV, el canal de TV local de la Cooperativa El\u00e9ctrica de Tornquist. Turismo, Pol\u00edtica, Sociedad, Deporte, Cultura y todo el contenido de inter\u00e9s general que la gente del pueblo y la regi\u00f3n debe conocer.","robots":{"index":"index","follow":"follow","max-snippet":"max-snippet:-1","max-image-preview":"max-image-preview:large","max-video-preview":"max-video-preview:-1"},"canonical":"https:\/\/www.celttv.com.ar\/index.php\/2019\/07\/20\/presentaron-la-oferta-para-vacaciones-de-invierno-del-sudoeste-bonaerense-fotos\/","og_locale":"es_ES","og_type":"article","og_title":"Presentaron la oferta para vacaciones de invierno del Sudoeste bonaerense (fotos) - CELTTV","og_description":"Sitio web de noticias de la localidad de Tornquist, provincia de Buenos Aires, Rep\u00fablica Argentina. Contenido propio originado por periodistas de CELTTV, el canal de TV local de la Cooperativa El\u00e9ctrica de Tornquist. Turismo, Pol\u00edtica, Sociedad, Deporte, Cultura y todo el contenido de inter\u00e9s general que la gente del pueblo y la regi\u00f3n debe conocer.","og_url":"https:\/\/www.celttv.com.ar\/index.php\/2019\/07\/20\/presentaron-la-oferta-para-vacaciones-de-invierno-del-sudoeste-bonaerense-fotos\/","og_site_name":"CELTTV","article_publisher":"https:\/\/www.facebook.com\/celtTV\/","article_published_time":"2019-07-20T00:01:53+00:00","og_image":[{"width":960,"height":720,"url":"https:\/\/www.celttv.com.ar\/wp-content\/uploads\/2019\/07\/vaca1.jpg","type":"image\/jpeg"}],"author":"ulises","twitter_card":"summary_large_image","twitter_misc":{"Escrito por":"ulises","Tiempo de lectura":"2 minutos"},"schema":{"@context":"https:\/\/schema.org","@graph":[{"@type":"NewsArticle","@id":"https:\/\/www.celttv.com.ar\/index.php\/2019\/07\/20\/presentaron-la-oferta-para-vacaciones-de-invierno-del-sudoeste-bonaerense-fotos\/#article","isPartOf":{"@id":"https:\/\/www.celttv.com.ar\/index.php\/2019\/07\/20\/presentaron-la-oferta-para-vacaciones-de-invierno-del-sudoeste-bonaerense-fotos\/"},"author":{"name":"ulises","@id":"https:\/\/www.celttv.com.ar\/#\/schema\/person\/6d99c072dba59953809c81446e9d0ace"},"headline":"Presentaron la oferta para vacaciones de invierno del Sudoeste bonaerense (fotos)","datePublished":"2019-07-20T00:01:53+00:00","dateModified":"2019-07-20T00:01:53+00:00","mainEntityOfPage":{"@id":"https:\/\/www.celttv.com.ar\/index.php\/2019\/07\/20\/presentaron-la-oferta-para-vacaciones-de-invierno-del-sudoeste-bonaerense-fotos\/"},"wordCount":314,"publisher":{"@id":"https:\/\/www.celttv.com.ar\/#organization"},"articleSection":["Comunidad","Destacadas","Turismo"],"inLanguage":"es"},{"@type":"WebPage","@id":"https:\/\/www.celttv.com.ar\/index.php\/2019\/07\/20\/presentaron-la-oferta-para-vacaciones-de-invierno-del-sudoeste-bonaerense-fotos\/","url":"https:\/\/www.celttv.com.ar\/index.php\/2019\/07\/20\/presentaron-la-oferta-para-vacaciones-de-invierno-del-sudoeste-bonaerense-fotos\/","name":"Presentaron la oferta para vacaciones de invierno del Sudoeste bonaerense (fotos) - CELTTV","isPartOf":{"@id":"https:\/\/www.celttv.com.ar\/#website"},"datePublished":"2019-07-20T00:01:53+00:00","dateModified":"2019-07-20T00:01:53+00:00","description":"Sitio web de noticias de la localidad de Tornquist, provincia de Buenos Aires, Rep\u00fablica Argentina. Contenido propio originado por periodistas de CELTTV, el canal de TV local de la Cooperativa El\u00e9ctrica de Tornquist. Turismo, Pol\u00edtica, Sociedad, Deporte, Cultura y todo el contenido de inter\u00e9s general que la gente del pueblo y la regi\u00f3n debe conocer.","breadcrumb":{"@id":"https:\/\/www.celttv.com.ar\/index.php\/2019\/07\/20\/presentaron-la-oferta-para-vacaciones-de-invierno-del-sudoeste-bonaerense-fotos\/#breadcrumb"},"inLanguage":"es","potentialAction":[{"@type":"ReadAction","target":["https:\/\/www.celttv.com.ar\/index.php\/2019\/07\/20\/presentaron-la-oferta-para-vacaciones-de-invierno-del-sudoeste-bonaerense-fotos\/"]}]},{"@type":"BreadcrumbList","@id":"https:\/\/www.celttv.com.ar\/index.php\/2019\/07\/20\/presentaron-la-oferta-para-vacaciones-de-invierno-del-sudoeste-bonaerense-fotos\/#breadcrumb","itemListElement":[{"@type":"ListItem","position":1,"name":"Inicio","item":"https:\/\/www.celttv.com.ar\/"},{"@type":"ListItem","position":2,"name":"Presentaron la oferta para vacaciones de invierno del Sudoeste bonaerense (fotos)"}]},{"@type":"WebSite","@id":"https:\/\/www.celttv.com.ar\/#website","url":"https:\/\/www.celttv.com.ar\/","name":"CELTTV","description":"Cooperativa El\u00e9ctrica de Tornquist","publisher":{"@id":"https:\/\/www.celttv.com.ar\/#organization"},"potentialAction":[{"@type":"SearchAction","target":{"@type":"EntryPoint","urlTemplate":"https:\/\/www.celttv.com.ar\/?s={search_term_string}"},"query-input":"required name=search_term_string"}],"inLanguage":"es"},{"@type":"Organization","@id":"https:\/\/www.celttv.com.ar\/#organization","name":"CELTTV","url":"https:\/\/www.celttv.com.ar\/","sameAs":["https:\/\/www.youtube.com\/channel\/UCz_oIt8Hig64Ub-EmcNPIhg","https:\/\/www.facebook.com\/celtTV\/"],"logo":{"@type":"ImageObject","inLanguage":"es","@id":"https:\/\/www.celttv.com.ar\/#\/schema\/logo\/image\/","url":"http:\/\/www.celttv.com.ar\/wp-content\/uploads\/2022\/08\/logo-1.png","contentUrl":"http:\/\/www.celttv.com.ar\/wp-content\/uploads\/2022\/08\/logo-1.png","width":461,"height":159,"caption":"CELTTV"},"image":{"@id":"https:\/\/www.celttv.com.ar\/#\/schema\/logo\/image\/"}},{"@type":"Person","@id":"https:\/\/www.celttv.com.ar\/#\/schema\/person\/6d99c072dba59953809c81446e9d0ace","name":"ulises","image":{"@type":"ImageObject","inLanguage":"es","@id":"https:\/\/www.celttv.com.ar\/#\/schema\/person\/image\/","url":"https:\/\/secure.gravatar.com\/avatar\/7f2c48bdc33b30088f941fb6082e555f2874c98e20cb159d7b92b50eadfce793?s=96&d=mm&r=g","contentUrl":"https:\/\/secure.gravatar.com\/avatar\/7f2c48bdc33b30088f941fb6082e555f2874c98e20cb159d7b92b50eadfce793?s=96&d=mm&r=g","caption":"ulises"},"sameAs":["http:\/\/www.celttv.com.ar"]}]}},"_links":{"self":[{"href":"https:\/\/www.celttv.com.ar\/index.php\/wp-json\/wp\/v2\/posts\/42875","targetHints":{"allow":["GET"]}}],"collection":[{"href":"https:\/\/www.celttv.com.ar\/index.php\/wp-json\/wp\/v2\/posts"}],"about":[{"href":"https:\/\/www.celttv.com.ar\/index.php\/wp-json\/wp\/v2\/types\/post"}],"author":[{"embeddable":true,"href":"https:\/\/www.celttv.com.ar\/index.php\/wp-json\/wp\/v2\/users\/1"}],"replies":[{"embeddable":true,"href":"https:\/\/www.celttv.com.ar\/index.php\/wp-json\/wp\/v2\/comments?post=42875"}],"version-history":[{"count":0,"href":"https:\/\/www.celttv.com.ar\/index.php\/wp-json\/wp\/v2\/posts\/42875\/revisions"}],"wp:featuredmedia":[{"embeddable":true,"href":"https:\/\/www.celttv.com.ar\/index.php\/wp-json\/wp\/v2\/media\/42880"}],"wp:attachment":[{"href":"https:\/\/www.celttv.com.ar\/index.php\/wp-json\/wp\/v2\/media?parent=42875"}],"wp:term":[{"taxonomy":"category","embeddable":true,"href":"https:\/\/www.celttv.com.ar\/index.php\/wp-json\/wp\/v2\/categories?post=42875"},{"taxonomy":"post_tag","embeddable":true,"href":"https:\/\/www.celttv.com.ar\/index.php\/wp-json\/wp\/v2\/tags?post=42875"}],"curies":[{"name":"wp","href":"https:\/\/api.w.org\/{rel}","templated":true}]}}