{"id":43360,"date":"2019-08-18T21:53:04","date_gmt":"2019-08-18T21:53:04","guid":{"rendered":"http:\/\/www.celttv.com.ar\/?p=43360"},"modified":"2019-08-18T21:53:04","modified_gmt":"2019-08-18T21:53:04","slug":"matias-fritz-que-loco-que-estas","status":"publish","type":"post","link":"https:\/\/www.celttv.com.ar\/index.php\/2019\/08\/18\/matias-fritz-que-loco-que-estas\/","title":{"rendered":"MATIAS FRITZ, QUE LOCO QUE ESTAS"},"content":{"rendered":"<p>Con tres goles del centrodelantero, Uni\u00f3n venci\u00f3 a Pu\u00e1n FC por 3 a 0 y llega de la mejor manera al cl\u00e1sico. El verde es l\u00edder en su zona mientras que el fara\u00f3n qued\u00f3 a tres puntos del \u00faltimo puesto de clasificaci\u00f3n.<\/p>\n<p>Pudo haber sido por m\u00e1s. Quiz\u00e1s el 3 a 0 le qued\u00f3 corto al partido. Pero el verde, apoy\u00e1ndose en Banegas (la figura) y en sus goleadores, Fritz y Schmidt, super\u00f3 ampliamente a un Pu\u00e1n FC que poco pudo hacer para rescatar aunque sea alg\u00fan punto.<\/p>\n<p>Desde temprano el elenco de Schumacher se puso en ventaja. A los 11 minutos, Schmidt habilit\u00f3 a<strong> Mat\u00edas Fritz<\/strong> que de primera no puede pero luego en el rebote, de zurda la pone en el rinc\u00f3n, pegada al palo izquierdo de Ibarra.<\/p>\n<p>Un rato despu\u00e9s lo pudo igualar la visita, con Koller llegando al \u00e1rea pero enred\u00e1ndose con el bal\u00f3n el cual le termina quedando a Stefanof.<\/p>\n<p>Antes de los 20\u2019 pudo llegar el segundo, con un blooper entre Romero e Ibarra, que no se entendieron, la pelota no la termina de agarrar ninguno y luego al despejar, pega en un hombre de Pu\u00e1n y casi se termina metiendo en contra.<\/p>\n<p>Romeo a los 21\u2019 lleg\u00f3 con un cabezazo d\u00e9bil, luego de una buena jugada colectiva de izquierda a derecha, y un rato m\u00e1s tarde Rapetti, lo mejor en la visita, lleg\u00f3 al \u00e1rea con pelota dominada pero trastabillando, y Stefanof se termina quedando con el bal\u00f3n.<\/p>\n<p>En los minutos finales, Stefanof sac\u00f3 largo, dejando a Fritz mano a mano con Ibarra, y el \u201c9\u201d defini\u00f3 cerca. Despu\u00e9s fue Schmidt quien dispar\u00f3 y encontr\u00f3 al buen arquero visitante y en la \u00faltima Romeo enganch\u00f3 en el \u00e1rea y remat\u00f3 de zurda cerca.<\/p>\n<p>El segundo tiempo fue muy parecido al primero. A los dos minutos, pelota por la izquierda a manera de centro bajo que cruza el \u00e1rea chica visitante y la terminan despejando.<\/p>\n<p>Los mejores minutos del elenco de Barriada fueron entre los cinco y los quince del complemento, donde insinu\u00f3 llegar al empate. De hecho tuvo algunas chances claras. Primero Rapetti de zurda encontr\u00f3 bien parado a Stefanof, luego Koller se lo pierde, dentro del \u00e1rea solo, con tiempo, rematando de media vuelta y desviado, con una pierna verde que se cruz\u00f3 para amortiguar el disparo. Y en la \u00faltima de esa r\u00e1faga, luego de un tiro libre, nuevamente Koller ahora de cabeza, gana y entre Franco y Stefanof la sacan de la l\u00ednea. Fue lo \u00faltimo hasta el tiro libre en el final de Rapetti que Stefanof sac\u00f3 dando rebote largo y terminaron despejando. El resto fue todo de Uni\u00f3n.<\/p>\n<p>A los 20\u2019 lleg\u00f3 el segundo. Banegas en la puerta del \u00e1rea la baja de pecho y abre para Sotelo por la izquierda, \u00e9ste mete el centro bajo y <strong>Mat\u00edas Fritz<\/strong> la empuja para empezar a liquidar el partido.<\/p>\n<p>Dos situaciones m\u00e1s tuvo el goleador de la tarde. A los 29\u2019 de afuera del \u00e1rea y de primera despu\u00e9s de un pase largo, remato cruzado y la bola se fue cerca. Y un minuto m\u00e1s tarde, mete un cabezazo que saca Ibarra y cuando iba a empujarla, la defensa del fara\u00f3n la saca en la l\u00ednea.<\/p>\n<p>A los 41\u2019 el dato de color de la tarde. Ingres\u00f3 Francisco Callava en reemplazo de Sebasti\u00e1n Callava. El padre le dej\u00f3 su lugar al hijo. Treinta segundos despu\u00e9s del cambio, otro de los ingresados Meriggi, habilit\u00f3 a <strong>Mat\u00edas Fritz<\/strong> que gambete\u00f3 a Ibarra y casi sin \u00e1ngulo, defini\u00f3 para el 3 a 0 definitivo.<\/p>\n<p>Buena victoria del verde. Contundente, con buen juego, y sin dejar dudas. Barriada tendr\u00e1 que ajustar algunas piezas de cara al cl\u00e1sico frente a Tiro Federal.<\/p>\n<p><strong>Uni\u00f3n:<\/strong> Juan Manuel Stefanof; Marcelo Bruzzone Maccari, Laureano Flores, Sebasti\u00e1n Callava, Federico Franco; Joaqu\u00edn Romeo, Lucas Sotelo, Maximiliano Banegas, \u00c1ngelo Grassi; Ezequiel Schmidt, Mat\u00edas Fritz. DT: Horacio Schumacher.<\/p>\n<p><u>Cambios:<\/u> ST: 26\u2019 Maximiliano Meriggi por Romeo, 41\u2019 Francisco Callava por S. Callava, 43\u2019 Benjam\u00edn Dufaur por Fritz.<\/p>\n<p><u>Supl:<\/u> Juan Dorazio, Hern\u00e1n Delgado.<\/p>\n<p><strong>Puan FC:<\/strong> Juan Mart\u00edn Ibarra; Lautaro Moreno, Juan Mierez, Franco Sacomani, Nicol\u00e1s Romero; Alex Saraiva, Marcos Gigena, Conrado Mart\u00ednez, Massimo Monti; Facundo Rapetti, Bruno Koller. DT: Rodrigo Barriada.<\/p>\n<p><u>Cambios:<\/u> ST: 13\u2019 Dante Ramborger por Saraiva y Santiago Trejo por Monti, 27\u2019 Thiago Trejo por Gigena.<\/p>\n<p><u>Supl:<\/u> Juan Coccuci.<\/p>\n<p><u>Goles:<\/u> PT: 11\u2019 Mat\u00edas Fritz (U). ST: 20\u2019 y 41\u2019 Mat\u00edas Fritz (U).<\/p>\n<p><u>\u00c1rbitro:<\/u> Andr\u00e9s Prendel (8)<\/p>\n<p><u>Cancha:<\/u> Estadio Juan Jos\u00e9 Bolletta<\/p>\n<p><u>Reserva:<\/u> Uni\u00f3n 1 &#8211; Puan FC 1<\/p>\n<p><a href=\"https:\/\/www.facebook.com\/pg\/solofutbolcanal2\/photos\/?tab=album&amp;album_id=1129231100619412\" target=\"_blank\" rel=\"noopener\">\u00c1lbum: Solo F\u00fatbol<\/a><\/p>\n<p><a href=\"http:\/\/www.celttv.com.ar\/?attachment_id=43361\" rel=\"attachment wp-att-43361\"><img loading=\"lazy\" decoding=\"async\" class=\"alignleft size-full wp-image-43361\" src=\"http:\/\/www.celttv.com.ar\/wp-content\/uploads\/2019\/08\/DSC_0247.jpg\" alt=\"\" width=\"960\" height=\"640\" srcset=\"https:\/\/www.celttv.com.ar\/wp-content\/uploads\/2019\/08\/DSC_0247.jpg 960w, https:\/\/www.celttv.com.ar\/wp-content\/uploads\/2019\/08\/DSC_0247-300x200.jpg 300w, https:\/\/www.celttv.com.ar\/wp-content\/uploads\/2019\/08\/DSC_0247-768x512.jpg 768w, https:\/\/www.celttv.com.ar\/wp-content\/uploads\/2019\/08\/DSC_0247-750x500.jpg 750w\" sizes=\"auto, (max-width: 960px) 100vw, 960px\" \/><\/a> <a href=\"http:\/\/www.celttv.com.ar\/?attachment_id=43362\" rel=\"attachment wp-att-43362\"><img loading=\"lazy\" decoding=\"async\" class=\"alignleft size-medium wp-image-43362\" src=\"http:\/\/www.celttv.com.ar\/wp-content\/uploads\/2019\/08\/DSC_0252.jpg\" alt=\"\" width=\"780\" height=\"520\" srcset=\"https:\/\/www.celttv.com.ar\/wp-content\/uploads\/2019\/08\/DSC_0252.jpg 960w, https:\/\/www.celttv.com.ar\/wp-content\/uploads\/2019\/08\/DSC_0252-300x200.jpg 300w, https:\/\/www.celttv.com.ar\/wp-content\/uploads\/2019\/08\/DSC_0252-768x512.jpg 768w, https:\/\/www.celttv.com.ar\/wp-content\/uploads\/2019\/08\/DSC_0252-750x500.jpg 750w\" sizes=\"auto, (max-width: 780px) 100vw, 780px\" \/><\/a> <a href=\"http:\/\/www.celttv.com.ar\/?attachment_id=43363\" rel=\"attachment wp-att-43363\"><img loading=\"lazy\" decoding=\"async\" class=\"alignleft size-medium wp-image-43363\" src=\"http:\/\/www.celttv.com.ar\/wp-content\/uploads\/2019\/08\/DSC_0265.jpg\" alt=\"\" width=\"780\" height=\"520\" srcset=\"https:\/\/www.celttv.com.ar\/wp-content\/uploads\/2019\/08\/DSC_0265.jpg 960w, https:\/\/www.celttv.com.ar\/wp-content\/uploads\/2019\/08\/DSC_0265-300x200.jpg 300w, https:\/\/www.celttv.com.ar\/wp-content\/uploads\/2019\/08\/DSC_0265-768x512.jpg 768w, https:\/\/www.celttv.com.ar\/wp-content\/uploads\/2019\/08\/DSC_0265-750x500.jpg 750w\" sizes=\"auto, (max-width: 780px) 100vw, 780px\" \/><\/a><\/p>\n","protected":false},"excerpt":{"rendered":"<p>Con tres goles del centrodelantero, Uni\u00f3n venci\u00f3 a Pu\u00e1n FC por 3 a 0 y llega de la mejor manera al cl\u00e1sico. El verde es l\u00edder en su zona mientras que el fara\u00f3n qued\u00f3 a tres puntos del \u00faltimo puesto de clasificaci\u00f3n. Pudo haber sido por m\u00e1s. Quiz\u00e1s el 3 a 0 le qued\u00f3 corto [&hellip;]<\/p>\n","protected":false},"author":1,"featured_media":43364,"comment_status":"closed","ping_status":"open","sticky":false,"template":"","format":"standard","meta":{"footnotes":""},"categories":[60,52,76],"tags":[],"class_list":["post-43360","post","type-post","status-publish","format-standard","has-post-thumbnail","hentry","category-deporte","category-destacadas","category-solo-futbol"],"yoast_head":"<!-- This site is optimized with the Yoast SEO plugin v19.7.1 - https:\/\/yoast.com\/wordpress\/plugins\/seo\/ -->\n<title>MATIAS FRITZ, QUE LOCO QUE ESTAS - CELTTV<\/title>\n<meta name=\"description\" content=\"Sitio web de noticias de la localidad de Tornquist, provincia de Buenos Aires, Rep\u00fablica Argentina. Contenido propio originado por periodistas de CELTTV, el canal de TV local de la Cooperativa El\u00e9ctrica de Tornquist. Turismo, Pol\u00edtica, Sociedad, Deporte, Cultura y todo el contenido de inter\u00e9s general que la gente del pueblo y la regi\u00f3n debe conocer.\" \/>\n<meta name=\"robots\" content=\"index, follow, max-snippet:-1, max-image-preview:large, max-video-preview:-1\" \/>\n<link rel=\"canonical\" href=\"https:\/\/www.celttv.com.ar\/index.php\/2019\/08\/18\/matias-fritz-que-loco-que-estas\/\" \/>\n<meta property=\"og:locale\" content=\"es_ES\" \/>\n<meta property=\"og:type\" content=\"article\" \/>\n<meta property=\"og:title\" content=\"MATIAS FRITZ, QUE LOCO QUE ESTAS - CELTTV\" \/>\n<meta property=\"og:description\" content=\"Sitio web de noticias de la localidad de Tornquist, provincia de Buenos Aires, Rep\u00fablica Argentina. Contenido propio originado por periodistas de CELTTV, el canal de TV local de la Cooperativa El\u00e9ctrica de Tornquist. Turismo, Pol\u00edtica, Sociedad, Deporte, Cultura y todo el contenido de inter\u00e9s general que la gente del pueblo y la regi\u00f3n debe conocer.\" \/>\n<meta property=\"og:url\" content=\"https:\/\/www.celttv.com.ar\/index.php\/2019\/08\/18\/matias-fritz-que-loco-que-estas\/\" \/>\n<meta property=\"og:site_name\" content=\"CELTTV\" \/>\n<meta property=\"article:publisher\" content=\"https:\/\/www.facebook.com\/celtTV\/\" \/>\n<meta property=\"article:published_time\" content=\"2019-08-18T21:53:04+00:00\" \/>\n<meta property=\"og:image\" content=\"https:\/\/www.celttv.com.ar\/wp-content\/uploads\/2019\/08\/DSC_0272.jpg\" \/>\n\t<meta property=\"og:image:width\" content=\"960\" \/>\n\t<meta property=\"og:image:height\" content=\"640\" \/>\n\t<meta property=\"og:image:type\" content=\"image\/jpeg\" \/>\n<meta name=\"author\" content=\"ulises\" \/>\n<meta name=\"twitter:card\" content=\"summary_large_image\" \/>\n<meta name=\"twitter:label1\" content=\"Escrito por\" \/>\n\t<meta name=\"twitter:data1\" content=\"ulises\" \/>\n\t<meta name=\"twitter:label2\" content=\"Tiempo de lectura\" \/>\n\t<meta name=\"twitter:data2\" content=\"4 minutos\" \/>\n<script type=\"application\/ld+json\" class=\"yoast-schema-graph\">{\"@context\":\"https:\/\/schema.org\",\"@graph\":[{\"@type\":\"NewsArticle\",\"@id\":\"https:\/\/www.celttv.com.ar\/index.php\/2019\/08\/18\/matias-fritz-que-loco-que-estas\/#article\",\"isPartOf\":{\"@id\":\"https:\/\/www.celttv.com.ar\/index.php\/2019\/08\/18\/matias-fritz-que-loco-que-estas\/\"},\"author\":{\"name\":\"ulises\",\"@id\":\"https:\/\/www.celttv.com.ar\/#\/schema\/person\/6d99c072dba59953809c81446e9d0ace\"},\"headline\":\"MATIAS FRITZ, QUE LOCO QUE ESTAS\",\"datePublished\":\"2019-08-18T21:53:04+00:00\",\"dateModified\":\"2019-08-18T21:53:04+00:00\",\"mainEntityOfPage\":{\"@id\":\"https:\/\/www.celttv.com.ar\/index.php\/2019\/08\/18\/matias-fritz-que-loco-que-estas\/\"},\"wordCount\":778,\"publisher\":{\"@id\":\"https:\/\/www.celttv.com.ar\/#organization\"},\"articleSection\":[\"Deporte\",\"Destacadas\",\"Solo Futbol\"],\"inLanguage\":\"es\"},{\"@type\":\"WebPage\",\"@id\":\"https:\/\/www.celttv.com.ar\/index.php\/2019\/08\/18\/matias-fritz-que-loco-que-estas\/\",\"url\":\"https:\/\/www.celttv.com.ar\/index.php\/2019\/08\/18\/matias-fritz-que-loco-que-estas\/\",\"name\":\"MATIAS FRITZ, QUE LOCO QUE ESTAS - CELTTV\",\"isPartOf\":{\"@id\":\"https:\/\/www.celttv.com.ar\/#website\"},\"datePublished\":\"2019-08-18T21:53:04+00:00\",\"dateModified\":\"2019-08-18T21:53:04+00:00\",\"description\":\"Sitio web de noticias de la localidad de Tornquist, provincia de Buenos Aires, Rep\u00fablica Argentina. Contenido propio originado por periodistas de CELTTV, el canal de TV local de la Cooperativa El\u00e9ctrica de Tornquist. Turismo, Pol\u00edtica, Sociedad, Deporte, Cultura y todo el contenido de inter\u00e9s general que la gente del pueblo y la regi\u00f3n debe conocer.\",\"breadcrumb\":{\"@id\":\"https:\/\/www.celttv.com.ar\/index.php\/2019\/08\/18\/matias-fritz-que-loco-que-estas\/#breadcrumb\"},\"inLanguage\":\"es\",\"potentialAction\":[{\"@type\":\"ReadAction\",\"target\":[\"https:\/\/www.celttv.com.ar\/index.php\/2019\/08\/18\/matias-fritz-que-loco-que-estas\/\"]}]},{\"@type\":\"BreadcrumbList\",\"@id\":\"https:\/\/www.celttv.com.ar\/index.php\/2019\/08\/18\/matias-fritz-que-loco-que-estas\/#breadcrumb\",\"itemListElement\":[{\"@type\":\"ListItem\",\"position\":1,\"name\":\"Inicio\",\"item\":\"https:\/\/www.celttv.com.ar\/\"},{\"@type\":\"ListItem\",\"position\":2,\"name\":\"MATIAS FRITZ, QUE LOCO QUE ESTAS\"}]},{\"@type\":\"WebSite\",\"@id\":\"https:\/\/www.celttv.com.ar\/#website\",\"url\":\"https:\/\/www.celttv.com.ar\/\",\"name\":\"CELTTV\",\"description\":\"Cooperativa El\u00e9ctrica de Tornquist\",\"publisher\":{\"@id\":\"https:\/\/www.celttv.com.ar\/#organization\"},\"potentialAction\":[{\"@type\":\"SearchAction\",\"target\":{\"@type\":\"EntryPoint\",\"urlTemplate\":\"https:\/\/www.celttv.com.ar\/?s={search_term_string}\"},\"query-input\":\"required name=search_term_string\"}],\"inLanguage\":\"es\"},{\"@type\":\"Organization\",\"@id\":\"https:\/\/www.celttv.com.ar\/#organization\",\"name\":\"CELTTV\",\"url\":\"https:\/\/www.celttv.com.ar\/\",\"sameAs\":[\"https:\/\/www.youtube.com\/channel\/UCz_oIt8Hig64Ub-EmcNPIhg\",\"https:\/\/www.facebook.com\/celtTV\/\"],\"logo\":{\"@type\":\"ImageObject\",\"inLanguage\":\"es\",\"@id\":\"https:\/\/www.celttv.com.ar\/#\/schema\/logo\/image\/\",\"url\":\"http:\/\/www.celttv.com.ar\/wp-content\/uploads\/2022\/08\/logo-1.png\",\"contentUrl\":\"http:\/\/www.celttv.com.ar\/wp-content\/uploads\/2022\/08\/logo-1.png\",\"width\":461,\"height\":159,\"caption\":\"CELTTV\"},\"image\":{\"@id\":\"https:\/\/www.celttv.com.ar\/#\/schema\/logo\/image\/\"}},{\"@type\":\"Person\",\"@id\":\"https:\/\/www.celttv.com.ar\/#\/schema\/person\/6d99c072dba59953809c81446e9d0ace\",\"name\":\"ulises\",\"image\":{\"@type\":\"ImageObject\",\"inLanguage\":\"es\",\"@id\":\"https:\/\/www.celttv.com.ar\/#\/schema\/person\/image\/\",\"url\":\"https:\/\/secure.gravatar.com\/avatar\/7f2c48bdc33b30088f941fb6082e555f2874c98e20cb159d7b92b50eadfce793?s=96&d=mm&r=g\",\"contentUrl\":\"https:\/\/secure.gravatar.com\/avatar\/7f2c48bdc33b30088f941fb6082e555f2874c98e20cb159d7b92b50eadfce793?s=96&d=mm&r=g\",\"caption\":\"ulises\"},\"sameAs\":[\"http:\/\/www.celttv.com.ar\"]}]}<\/script>\n<!-- \/ Yoast SEO plugin. -->","yoast_head_json":{"title":"MATIAS FRITZ, QUE LOCO QUE ESTAS - CELTTV","description":"Sitio web de noticias de la localidad de Tornquist, provincia de Buenos Aires, Rep\u00fablica Argentina. Contenido propio originado por periodistas de CELTTV, el canal de TV local de la Cooperativa El\u00e9ctrica de Tornquist. Turismo, Pol\u00edtica, Sociedad, Deporte, Cultura y todo el contenido de inter\u00e9s general que la gente del pueblo y la regi\u00f3n debe conocer.","robots":{"index":"index","follow":"follow","max-snippet":"max-snippet:-1","max-image-preview":"max-image-preview:large","max-video-preview":"max-video-preview:-1"},"canonical":"https:\/\/www.celttv.com.ar\/index.php\/2019\/08\/18\/matias-fritz-que-loco-que-estas\/","og_locale":"es_ES","og_type":"article","og_title":"MATIAS FRITZ, QUE LOCO QUE ESTAS - CELTTV","og_description":"Sitio web de noticias de la localidad de Tornquist, provincia de Buenos Aires, Rep\u00fablica Argentina. Contenido propio originado por periodistas de CELTTV, el canal de TV local de la Cooperativa El\u00e9ctrica de Tornquist. Turismo, Pol\u00edtica, Sociedad, Deporte, Cultura y todo el contenido de inter\u00e9s general que la gente del pueblo y la regi\u00f3n debe conocer.","og_url":"https:\/\/www.celttv.com.ar\/index.php\/2019\/08\/18\/matias-fritz-que-loco-que-estas\/","og_site_name":"CELTTV","article_publisher":"https:\/\/www.facebook.com\/celtTV\/","article_published_time":"2019-08-18T21:53:04+00:00","og_image":[{"width":960,"height":640,"url":"https:\/\/www.celttv.com.ar\/wp-content\/uploads\/2019\/08\/DSC_0272.jpg","type":"image\/jpeg"}],"author":"ulises","twitter_card":"summary_large_image","twitter_misc":{"Escrito por":"ulises","Tiempo de lectura":"4 minutos"},"schema":{"@context":"https:\/\/schema.org","@graph":[{"@type":"NewsArticle","@id":"https:\/\/www.celttv.com.ar\/index.php\/2019\/08\/18\/matias-fritz-que-loco-que-estas\/#article","isPartOf":{"@id":"https:\/\/www.celttv.com.ar\/index.php\/2019\/08\/18\/matias-fritz-que-loco-que-estas\/"},"author":{"name":"ulises","@id":"https:\/\/www.celttv.com.ar\/#\/schema\/person\/6d99c072dba59953809c81446e9d0ace"},"headline":"MATIAS FRITZ, QUE LOCO QUE ESTAS","datePublished":"2019-08-18T21:53:04+00:00","dateModified":"2019-08-18T21:53:04+00:00","mainEntityOfPage":{"@id":"https:\/\/www.celttv.com.ar\/index.php\/2019\/08\/18\/matias-fritz-que-loco-que-estas\/"},"wordCount":778,"publisher":{"@id":"https:\/\/www.celttv.com.ar\/#organization"},"articleSection":["Deporte","Destacadas","Solo Futbol"],"inLanguage":"es"},{"@type":"WebPage","@id":"https:\/\/www.celttv.com.ar\/index.php\/2019\/08\/18\/matias-fritz-que-loco-que-estas\/","url":"https:\/\/www.celttv.com.ar\/index.php\/2019\/08\/18\/matias-fritz-que-loco-que-estas\/","name":"MATIAS FRITZ, QUE LOCO QUE ESTAS - CELTTV","isPartOf":{"@id":"https:\/\/www.celttv.com.ar\/#website"},"datePublished":"2019-08-18T21:53:04+00:00","dateModified":"2019-08-18T21:53:04+00:00","description":"Sitio web de noticias de la localidad de Tornquist, provincia de Buenos Aires, Rep\u00fablica Argentina. Contenido propio originado por periodistas de CELTTV, el canal de TV local de la Cooperativa El\u00e9ctrica de Tornquist. Turismo, Pol\u00edtica, Sociedad, Deporte, Cultura y todo el contenido de inter\u00e9s general que la gente del pueblo y la regi\u00f3n debe conocer.","breadcrumb":{"@id":"https:\/\/www.celttv.com.ar\/index.php\/2019\/08\/18\/matias-fritz-que-loco-que-estas\/#breadcrumb"},"inLanguage":"es","potentialAction":[{"@type":"ReadAction","target":["https:\/\/www.celttv.com.ar\/index.php\/2019\/08\/18\/matias-fritz-que-loco-que-estas\/"]}]},{"@type":"BreadcrumbList","@id":"https:\/\/www.celttv.com.ar\/index.php\/2019\/08\/18\/matias-fritz-que-loco-que-estas\/#breadcrumb","itemListElement":[{"@type":"ListItem","position":1,"name":"Inicio","item":"https:\/\/www.celttv.com.ar\/"},{"@type":"ListItem","position":2,"name":"MATIAS FRITZ, QUE LOCO QUE ESTAS"}]},{"@type":"WebSite","@id":"https:\/\/www.celttv.com.ar\/#website","url":"https:\/\/www.celttv.com.ar\/","name":"CELTTV","description":"Cooperativa El\u00e9ctrica de Tornquist","publisher":{"@id":"https:\/\/www.celttv.com.ar\/#organization"},"potentialAction":[{"@type":"SearchAction","target":{"@type":"EntryPoint","urlTemplate":"https:\/\/www.celttv.com.ar\/?s={search_term_string}"},"query-input":"required name=search_term_string"}],"inLanguage":"es"},{"@type":"Organization","@id":"https:\/\/www.celttv.com.ar\/#organization","name":"CELTTV","url":"https:\/\/www.celttv.com.ar\/","sameAs":["https:\/\/www.youtube.com\/channel\/UCz_oIt8Hig64Ub-EmcNPIhg","https:\/\/www.facebook.com\/celtTV\/"],"logo":{"@type":"ImageObject","inLanguage":"es","@id":"https:\/\/www.celttv.com.ar\/#\/schema\/logo\/image\/","url":"http:\/\/www.celttv.com.ar\/wp-content\/uploads\/2022\/08\/logo-1.png","contentUrl":"http:\/\/www.celttv.com.ar\/wp-content\/uploads\/2022\/08\/logo-1.png","width":461,"height":159,"caption":"CELTTV"},"image":{"@id":"https:\/\/www.celttv.com.ar\/#\/schema\/logo\/image\/"}},{"@type":"Person","@id":"https:\/\/www.celttv.com.ar\/#\/schema\/person\/6d99c072dba59953809c81446e9d0ace","name":"ulises","image":{"@type":"ImageObject","inLanguage":"es","@id":"https:\/\/www.celttv.com.ar\/#\/schema\/person\/image\/","url":"https:\/\/secure.gravatar.com\/avatar\/7f2c48bdc33b30088f941fb6082e555f2874c98e20cb159d7b92b50eadfce793?s=96&d=mm&r=g","contentUrl":"https:\/\/secure.gravatar.com\/avatar\/7f2c48bdc33b30088f941fb6082e555f2874c98e20cb159d7b92b50eadfce793?s=96&d=mm&r=g","caption":"ulises"},"sameAs":["http:\/\/www.celttv.com.ar"]}]}},"_links":{"self":[{"href":"https:\/\/www.celttv.com.ar\/index.php\/wp-json\/wp\/v2\/posts\/43360","targetHints":{"allow":["GET"]}}],"collection":[{"href":"https:\/\/www.celttv.com.ar\/index.php\/wp-json\/wp\/v2\/posts"}],"about":[{"href":"https:\/\/www.celttv.com.ar\/index.php\/wp-json\/wp\/v2\/types\/post"}],"author":[{"embeddable":true,"href":"https:\/\/www.celttv.com.ar\/index.php\/wp-json\/wp\/v2\/users\/1"}],"replies":[{"embeddable":true,"href":"https:\/\/www.celttv.com.ar\/index.php\/wp-json\/wp\/v2\/comments?post=43360"}],"version-history":[{"count":0,"href":"https:\/\/www.celttv.com.ar\/index.php\/wp-json\/wp\/v2\/posts\/43360\/revisions"}],"wp:featuredmedia":[{"embeddable":true,"href":"https:\/\/www.celttv.com.ar\/index.php\/wp-json\/wp\/v2\/media\/43364"}],"wp:attachment":[{"href":"https:\/\/www.celttv.com.ar\/index.php\/wp-json\/wp\/v2\/media?parent=43360"}],"wp:term":[{"taxonomy":"category","embeddable":true,"href":"https:\/\/www.celttv.com.ar\/index.php\/wp-json\/wp\/v2\/categories?post=43360"},{"taxonomy":"post_tag","embeddable":true,"href":"https:\/\/www.celttv.com.ar\/index.php\/wp-json\/wp\/v2\/tags?post=43360"}],"curies":[{"name":"wp","href":"https:\/\/api.w.org\/{rel}","templated":true}]}}