{"id":43366,"date":"2019-08-20T21:07:26","date_gmt":"2019-08-20T21:07:26","guid":{"rendered":"http:\/\/www.celttv.com.ar\/?p=43366"},"modified":"2019-08-20T21:07:26","modified_gmt":"2019-08-20T21:07:26","slug":"policiales-varios-aprehendidos-secuestros-e-infracciones-el-fin-de-semana-fotos","status":"publish","type":"post","link":"https:\/\/www.celttv.com.ar\/index.php\/2019\/08\/20\/policiales-varios-aprehendidos-secuestros-e-infracciones-el-fin-de-semana-fotos\/","title":{"rendered":"Policiales: Varios aprehendidos, secuestros e infracciones el fin de semana (fotos)"},"content":{"rendered":"<p>PARTE DE PRENSA<\/p>\n<p>La Secretaria de Seguridad de la Municipalidad de Tornquist lleva a conocimiento de la poblaci\u00f3n de los diferentes procedimientos policiales ocurridos durante el fin de semana largo comprendido entre los d\u00edas Viernes 16 al Martes 20 del mes en curso:<\/p>\n<p>UN APREHENDIDO POR DESOBEDIENCIA<\/p>\n<p>Esta Secretaria informa que con fecha 16 del corriente mes y a\u00f1o, en el marco de una denuncia realizada en la Comisaria de la Mujer y la Familia de Tornquist por un hecho de Protecci\u00f3n contra la Violencia Familiar, personal de la Estaci\u00f3n de Polic\u00eda Comunal local, anoticiada de dicha denuncia, se constituy\u00f3 en el domicilio de Calle Ex Combatientes de Malvinas Numero 670 de este medio, donde se constat\u00f3 la presencia de la ex pareja en el interior de dicha vivienda, incumpliendo una medida cautelar de Prohibici\u00f3n de Acercamiento dictada por el Juzgado de Paz de Tornquist, procedi\u00e9ndose en consecuencia a la APREHENSION de esta persona, trat\u00e1ndose de NESTOR DOROTEO NAVARRO,de 33 a\u00f1os, por el delito de DESOBEDIENCIA, interviniendo la Fiscal\u00eda Especializada de Delitos en Flagrancia Numero 15 de Bah\u00eda Blanca.- <\/p>\n<p>INFRACCION POR TENENCIA DE ESTUPEFACIENTES<\/p>\n<p>Esta cartera tambi\u00e9n informa, que con fecha 17 del corriente, personal policial de la Sub Estaci\u00f3n de Polic\u00eda Comunal de Sierra de la Ventana, en momentos en que se hallaban realizando Operativo de Interceptaci\u00f3n Vehicular e Identificaci\u00f3n de Personas, proceden a interceptar a un autom\u00f3vil de la marca Renault Cl\u00edo, patente DWE-690, al mando de una persona femenina. Que tras efectuar una requisa del rodado, se constat\u00f3 la presencia de dos frascos de vidrio conteniendo uno de ellos en su interior picadura de una sustancia verdosa y en el restante dos cigarrillos caseros com\u00fanmente denominado \u201cporro\u201d y resto de picadura de sustancia verdosa. Realizado el respectivo Test de Orientaci\u00f3n arroj\u00f3 resultados POSITIVO para MARIHUANA, arrojando un peso total de 2 gramos, iniciando Actuaciones Prevencionales bajo la caratula de INFRACCION A LA LEY 23.737, con intervenci\u00f3n de la Fiscal\u00eda Especializada en Estupefacientes Numero 19 de Bah\u00eda Blanca. Dado a que la sustancia en s\u00ed es la que se halla en infracci\u00f3n, es que se omite dar datos filiatorios dela infractora en autos.-     <\/p>\n<p>TRES APREHENDIDOS POR HURTO AGRAVADO<\/p>\n<p>Asimismo se informa que con fecha 19 del mes y a\u00f1o en curso, en circunstancias en que personal policial de la Sub Estaci\u00f3n de Polic\u00eda Comunal de Sierra de la Ventana, se encontraba recorriendo la zona c\u00e9ntrica es puesto en conocimiento por un menor de edad, que tres sujetos le hab\u00edan sustra\u00eddo una campera de nylon inflable y que en la misma se encontraba su billetera con toda su documentaci\u00f3n. A ra\u00edz de ello, y gracias a los registros f\u00edlmicos de las c\u00e1maras de seguridad y al r\u00e1pido accionar del personal policial, se logra interceptar a los tres sujetos que fueran vistos en los registros f\u00edlmicos sustrayendo la campera, por lo que se procede a la APREHENSION de las tres personas identificadas como HERNAN HORACIO SANCHEZ, de 20 a\u00f1os, TAIEL ALEXIS PALLADINO, de 19 a\u00f1os, y GASTON RETAMAR, de 22 a\u00f1os, todos oriundos de Saldungaray, por el delito de HURTO AGRAVADO EN POBLADO Y EN BANDA, interviniendo la Fiscal\u00eda Especializada de Delitos en Flagrancia Numero 15 de Bah\u00eda Blanca.  <\/p>\n<p>SECUESTROS E INFRACCIONES A LA LEY NACIONAL DE TRANSITO 24.449<\/p>\n<p>Tambi\u00e9n se informa que en diferentes Operativos de Interceptaci\u00f3n Vehicular e Identificaci\u00f3n de Personas llevados a cabo en el Partido de Tornquist por personal policial en conjunto con personal de Inspecci\u00f3n Municipal, procedieron a labrar un total de veintitr\u00e9s infracciones por infringir a la Ley 24.449, siendo las infracciones m\u00e1s comunes la Falta de Seguro Obligatorio, la Licencia de Conducir y no llevar el casco colocado, interviniendo en todos los caso el Juzgado de Faltas Municipal de Tornquist.-<\/p>\n<p>SECRETARIA DE SEGURIDAD \u2013 MUNICIPALIDAD DE TORNQUIST<br \/>\nAGOSTO 20 DE 2019.-<\/p>\n<div id='gallery_1' class='gallery galleryid-43366 gallery-columns-3 gallery-size-medium'><figure class='gallery-item'>\n            <div class='gallery-icon portrait'>\n                <a href='https:\/\/www.celttv.com.ar\/wp-content\/uploads\/2019\/08\/110_7fca_Policiales-20-8-2_1566332970.jpg_282.jpg'><img loading=\"lazy\" decoding=\"async\" width=\"224\" height=\"300\" src=\"\" class=\"attachment-medium size-medium lazyload\" alt=\"\" data-src=\"https:\/\/www.celttv.com.ar\/wp-content\/uploads\/2019\/08\/110_7fca_Policiales-20-8-2_1566332970.jpg_282-224x300.jpg\" data-sizes=\"auto\" data-srcset=\"https:\/\/www.celttv.com.ar\/wp-content\/uploads\/2019\/08\/110_7fca_Policiales-20-8-2_1566332970.jpg_282-224x300.jpg 224w, https:\/\/www.celttv.com.ar\/wp-content\/uploads\/2019\/08\/110_7fca_Policiales-20-8-2_1566332970.jpg_282.jpg 282w\" data-expand=\"700\" \/><\/a>\n            <\/div><\/figure><figure class='gallery-item'>\n            <div class='gallery-icon landscape'>\n                <a href='https:\/\/www.celttv.com.ar\/wp-content\/uploads\/2019\/08\/110_646f_Policiales-20-8-3_1566332971.jpg_574.jpg'><img loading=\"lazy\" decoding=\"async\" width=\"300\" height=\"169\" src=\"\" class=\"attachment-medium size-medium lazyload\" alt=\"\" data-src=\"https:\/\/www.celttv.com.ar\/wp-content\/uploads\/2019\/08\/110_646f_Policiales-20-8-3_1566332971.jpg_574-300x169.jpg\" data-sizes=\"auto\" data-srcset=\"https:\/\/www.celttv.com.ar\/wp-content\/uploads\/2019\/08\/110_646f_Policiales-20-8-3_1566332971.jpg_574-300x169.jpg 300w, https:\/\/www.celttv.com.ar\/wp-content\/uploads\/2019\/08\/110_646f_Policiales-20-8-3_1566332971.jpg_574.jpg 574w\" data-expand=\"700\" \/><\/a>\n            <\/div><\/figure><figure class='gallery-item'>\n            <div class='gallery-icon landscape'>\n                <a href='https:\/\/www.celttv.com.ar\/wp-content\/uploads\/2019\/08\/110_7521_Policiales-20-8_1566332971.jpg_519.jpg'><img loading=\"lazy\" decoding=\"async\" width=\"300\" height=\"239\" src=\"\" class=\"attachment-medium size-medium lazyload\" alt=\"\" data-src=\"https:\/\/www.celttv.com.ar\/wp-content\/uploads\/2019\/08\/110_7521_Policiales-20-8_1566332971.jpg_519-300x239.jpg\" data-sizes=\"auto\" data-srcset=\"https:\/\/www.celttv.com.ar\/wp-content\/uploads\/2019\/08\/110_7521_Policiales-20-8_1566332971.jpg_519-300x239.jpg 300w, https:\/\/www.celttv.com.ar\/wp-content\/uploads\/2019\/08\/110_7521_Policiales-20-8_1566332971.jpg_519.jpg 519w\" data-expand=\"700\" \/><\/a>\n            <\/div><\/figure><br style=\"clear: both\" \/><figure class='gallery-item'>\n            <div class='gallery-icon landscape'>\n                <a href='https:\/\/www.celttv.com.ar\/wp-content\/uploads\/2019\/08\/110_af50_Policiales-20-8-1_1566332969.jpg_566.jpg'><img loading=\"lazy\" decoding=\"async\" width=\"300\" height=\"200\" src=\"\" class=\"attachment-medium size-medium lazyload\" alt=\"\" data-src=\"https:\/\/www.celttv.com.ar\/wp-content\/uploads\/2019\/08\/110_af50_Policiales-20-8-1_1566332969.jpg_566-300x200.jpg\" data-sizes=\"auto\" data-srcset=\"https:\/\/www.celttv.com.ar\/wp-content\/uploads\/2019\/08\/110_af50_Policiales-20-8-1_1566332969.jpg_566-300x200.jpg 300w, https:\/\/www.celttv.com.ar\/wp-content\/uploads\/2019\/08\/110_af50_Policiales-20-8-1_1566332969.jpg_566.jpg 566w\" data-expand=\"700\" \/><\/a>\n            <\/div><\/figure>\n            <br style='clear: both' \/>\n        <\/div>\n\n","protected":false},"excerpt":{"rendered":"<p>PARTE DE PRENSA La Secretaria de Seguridad de la Municipalidad de Tornquist lleva a conocimiento de la poblaci\u00f3n de los diferentes procedimientos policiales ocurridos durante el fin de semana largo comprendido entre los d\u00edas Viernes 16 al Martes 20 del mes en curso: UN APREHENDIDO POR DESOBEDIENCIA Esta Secretaria informa que con fecha 16 del [&hellip;]<\/p>\n","protected":false},"author":1,"featured_media":43370,"comment_status":"closed","ping_status":"open","sticky":false,"template":"","format":"standard","meta":{"footnotes":""},"categories":[51,52,61],"tags":[],"class_list":["post-43366","post","type-post","status-publish","format-standard","has-post-thumbnail","hentry","category-comunidad","category-destacadas","category-policiales"],"yoast_head":"<!-- This site is optimized with the Yoast SEO plugin v19.7.1 - https:\/\/yoast.com\/wordpress\/plugins\/seo\/ -->\n<title>Policiales: Varios aprehendidos, secuestros e infracciones el fin de semana (fotos) - CELTTV<\/title>\n<meta name=\"description\" content=\"Sitio web de noticias de la localidad de Tornquist, provincia de Buenos Aires, Rep\u00fablica Argentina. Contenido propio originado por periodistas de CELTTV, el canal de TV local de la Cooperativa El\u00e9ctrica de Tornquist. Turismo, Pol\u00edtica, Sociedad, Deporte, Cultura y todo el contenido de inter\u00e9s general que la gente del pueblo y la regi\u00f3n debe conocer.\" \/>\n<meta name=\"robots\" content=\"index, follow, max-snippet:-1, max-image-preview:large, max-video-preview:-1\" \/>\n<link rel=\"canonical\" href=\"https:\/\/www.celttv.com.ar\/index.php\/2019\/08\/20\/policiales-varios-aprehendidos-secuestros-e-infracciones-el-fin-de-semana-fotos\/\" \/>\n<meta property=\"og:locale\" content=\"es_ES\" \/>\n<meta property=\"og:type\" content=\"article\" \/>\n<meta property=\"og:title\" content=\"Policiales: Varios aprehendidos, secuestros e infracciones el fin de semana (fotos) - CELTTV\" \/>\n<meta property=\"og:description\" content=\"Sitio web de noticias de la localidad de Tornquist, provincia de Buenos Aires, Rep\u00fablica Argentina. Contenido propio originado por periodistas de CELTTV, el canal de TV local de la Cooperativa El\u00e9ctrica de Tornquist. Turismo, Pol\u00edtica, Sociedad, Deporte, Cultura y todo el contenido de inter\u00e9s general que la gente del pueblo y la regi\u00f3n debe conocer.\" \/>\n<meta property=\"og:url\" content=\"https:\/\/www.celttv.com.ar\/index.php\/2019\/08\/20\/policiales-varios-aprehendidos-secuestros-e-infracciones-el-fin-de-semana-fotos\/\" \/>\n<meta property=\"og:site_name\" content=\"CELTTV\" \/>\n<meta property=\"article:publisher\" content=\"https:\/\/www.facebook.com\/celtTV\/\" \/>\n<meta property=\"article:published_time\" content=\"2019-08-20T21:07:26+00:00\" \/>\n<meta property=\"og:image\" content=\"https:\/\/www.celttv.com.ar\/wp-content\/uploads\/2019\/08\/110_af50_Policiales-20-8-1_1566332969.jpg_566.jpg\" \/>\n\t<meta property=\"og:image:width\" content=\"566\" \/>\n\t<meta property=\"og:image:height\" content=\"378\" \/>\n\t<meta property=\"og:image:type\" content=\"image\/jpeg\" \/>\n<meta name=\"author\" content=\"ulises\" \/>\n<meta name=\"twitter:card\" content=\"summary_large_image\" \/>\n<meta name=\"twitter:label1\" content=\"Escrito por\" \/>\n\t<meta name=\"twitter:data1\" content=\"ulises\" \/>\n\t<meta name=\"twitter:label2\" content=\"Tiempo de lectura\" \/>\n\t<meta name=\"twitter:data2\" content=\"3 minutos\" \/>\n<script type=\"application\/ld+json\" class=\"yoast-schema-graph\">{\"@context\":\"https:\/\/schema.org\",\"@graph\":[{\"@type\":\"NewsArticle\",\"@id\":\"https:\/\/www.celttv.com.ar\/index.php\/2019\/08\/20\/policiales-varios-aprehendidos-secuestros-e-infracciones-el-fin-de-semana-fotos\/#article\",\"isPartOf\":{\"@id\":\"https:\/\/www.celttv.com.ar\/index.php\/2019\/08\/20\/policiales-varios-aprehendidos-secuestros-e-infracciones-el-fin-de-semana-fotos\/\"},\"author\":{\"name\":\"ulises\",\"@id\":\"https:\/\/www.celttv.com.ar\/#\/schema\/person\/6d99c072dba59953809c81446e9d0ace\"},\"headline\":\"Policiales: Varios aprehendidos, secuestros e infracciones el fin de semana (fotos)\",\"datePublished\":\"2019-08-20T21:07:26+00:00\",\"dateModified\":\"2019-08-20T21:07:26+00:00\",\"mainEntityOfPage\":{\"@id\":\"https:\/\/www.celttv.com.ar\/index.php\/2019\/08\/20\/policiales-varios-aprehendidos-secuestros-e-infracciones-el-fin-de-semana-fotos\/\"},\"wordCount\":676,\"publisher\":{\"@id\":\"https:\/\/www.celttv.com.ar\/#organization\"},\"articleSection\":[\"Comunidad\",\"Destacadas\",\"Policiales\"],\"inLanguage\":\"es\"},{\"@type\":\"WebPage\",\"@id\":\"https:\/\/www.celttv.com.ar\/index.php\/2019\/08\/20\/policiales-varios-aprehendidos-secuestros-e-infracciones-el-fin-de-semana-fotos\/\",\"url\":\"https:\/\/www.celttv.com.ar\/index.php\/2019\/08\/20\/policiales-varios-aprehendidos-secuestros-e-infracciones-el-fin-de-semana-fotos\/\",\"name\":\"Policiales: Varios aprehendidos, secuestros e infracciones el fin de semana (fotos) - CELTTV\",\"isPartOf\":{\"@id\":\"https:\/\/www.celttv.com.ar\/#website\"},\"datePublished\":\"2019-08-20T21:07:26+00:00\",\"dateModified\":\"2019-08-20T21:07:26+00:00\",\"description\":\"Sitio web de noticias de la localidad de Tornquist, provincia de Buenos Aires, Rep\u00fablica Argentina. Contenido propio originado por periodistas de CELTTV, el canal de TV local de la Cooperativa El\u00e9ctrica de Tornquist. Turismo, Pol\u00edtica, Sociedad, Deporte, Cultura y todo el contenido de inter\u00e9s general que la gente del pueblo y la regi\u00f3n debe conocer.\",\"breadcrumb\":{\"@id\":\"https:\/\/www.celttv.com.ar\/index.php\/2019\/08\/20\/policiales-varios-aprehendidos-secuestros-e-infracciones-el-fin-de-semana-fotos\/#breadcrumb\"},\"inLanguage\":\"es\",\"potentialAction\":[{\"@type\":\"ReadAction\",\"target\":[\"https:\/\/www.celttv.com.ar\/index.php\/2019\/08\/20\/policiales-varios-aprehendidos-secuestros-e-infracciones-el-fin-de-semana-fotos\/\"]}]},{\"@type\":\"BreadcrumbList\",\"@id\":\"https:\/\/www.celttv.com.ar\/index.php\/2019\/08\/20\/policiales-varios-aprehendidos-secuestros-e-infracciones-el-fin-de-semana-fotos\/#breadcrumb\",\"itemListElement\":[{\"@type\":\"ListItem\",\"position\":1,\"name\":\"Inicio\",\"item\":\"https:\/\/www.celttv.com.ar\/\"},{\"@type\":\"ListItem\",\"position\":2,\"name\":\"Policiales: Varios aprehendidos, secuestros e infracciones el fin de semana (fotos)\"}]},{\"@type\":\"WebSite\",\"@id\":\"https:\/\/www.celttv.com.ar\/#website\",\"url\":\"https:\/\/www.celttv.com.ar\/\",\"name\":\"CELTTV\",\"description\":\"Cooperativa El\u00e9ctrica de Tornquist\",\"publisher\":{\"@id\":\"https:\/\/www.celttv.com.ar\/#organization\"},\"potentialAction\":[{\"@type\":\"SearchAction\",\"target\":{\"@type\":\"EntryPoint\",\"urlTemplate\":\"https:\/\/www.celttv.com.ar\/?s={search_term_string}\"},\"query-input\":\"required name=search_term_string\"}],\"inLanguage\":\"es\"},{\"@type\":\"Organization\",\"@id\":\"https:\/\/www.celttv.com.ar\/#organization\",\"name\":\"CELTTV\",\"url\":\"https:\/\/www.celttv.com.ar\/\",\"sameAs\":[\"https:\/\/www.youtube.com\/channel\/UCz_oIt8Hig64Ub-EmcNPIhg\",\"https:\/\/www.facebook.com\/celtTV\/\"],\"logo\":{\"@type\":\"ImageObject\",\"inLanguage\":\"es\",\"@id\":\"https:\/\/www.celttv.com.ar\/#\/schema\/logo\/image\/\",\"url\":\"http:\/\/www.celttv.com.ar\/wp-content\/uploads\/2022\/08\/logo-1.png\",\"contentUrl\":\"http:\/\/www.celttv.com.ar\/wp-content\/uploads\/2022\/08\/logo-1.png\",\"width\":461,\"height\":159,\"caption\":\"CELTTV\"},\"image\":{\"@id\":\"https:\/\/www.celttv.com.ar\/#\/schema\/logo\/image\/\"}},{\"@type\":\"Person\",\"@id\":\"https:\/\/www.celttv.com.ar\/#\/schema\/person\/6d99c072dba59953809c81446e9d0ace\",\"name\":\"ulises\",\"image\":{\"@type\":\"ImageObject\",\"inLanguage\":\"es\",\"@id\":\"https:\/\/www.celttv.com.ar\/#\/schema\/person\/image\/\",\"url\":\"https:\/\/secure.gravatar.com\/avatar\/7f2c48bdc33b30088f941fb6082e555f2874c98e20cb159d7b92b50eadfce793?s=96&d=mm&r=g\",\"contentUrl\":\"https:\/\/secure.gravatar.com\/avatar\/7f2c48bdc33b30088f941fb6082e555f2874c98e20cb159d7b92b50eadfce793?s=96&d=mm&r=g\",\"caption\":\"ulises\"},\"sameAs\":[\"http:\/\/www.celttv.com.ar\"]}]}<\/script>\n<!-- \/ Yoast SEO plugin. -->","yoast_head_json":{"title":"Policiales: Varios aprehendidos, secuestros e infracciones el fin de semana (fotos) - CELTTV","description":"Sitio web de noticias de la localidad de Tornquist, provincia de Buenos Aires, Rep\u00fablica Argentina. Contenido propio originado por periodistas de CELTTV, el canal de TV local de la Cooperativa El\u00e9ctrica de Tornquist. Turismo, Pol\u00edtica, Sociedad, Deporte, Cultura y todo el contenido de inter\u00e9s general que la gente del pueblo y la regi\u00f3n debe conocer.","robots":{"index":"index","follow":"follow","max-snippet":"max-snippet:-1","max-image-preview":"max-image-preview:large","max-video-preview":"max-video-preview:-1"},"canonical":"https:\/\/www.celttv.com.ar\/index.php\/2019\/08\/20\/policiales-varios-aprehendidos-secuestros-e-infracciones-el-fin-de-semana-fotos\/","og_locale":"es_ES","og_type":"article","og_title":"Policiales: Varios aprehendidos, secuestros e infracciones el fin de semana (fotos) - CELTTV","og_description":"Sitio web de noticias de la localidad de Tornquist, provincia de Buenos Aires, Rep\u00fablica Argentina. Contenido propio originado por periodistas de CELTTV, el canal de TV local de la Cooperativa El\u00e9ctrica de Tornquist. Turismo, Pol\u00edtica, Sociedad, Deporte, Cultura y todo el contenido de inter\u00e9s general que la gente del pueblo y la regi\u00f3n debe conocer.","og_url":"https:\/\/www.celttv.com.ar\/index.php\/2019\/08\/20\/policiales-varios-aprehendidos-secuestros-e-infracciones-el-fin-de-semana-fotos\/","og_site_name":"CELTTV","article_publisher":"https:\/\/www.facebook.com\/celtTV\/","article_published_time":"2019-08-20T21:07:26+00:00","og_image":[{"width":566,"height":378,"url":"https:\/\/www.celttv.com.ar\/wp-content\/uploads\/2019\/08\/110_af50_Policiales-20-8-1_1566332969.jpg_566.jpg","type":"image\/jpeg"}],"author":"ulises","twitter_card":"summary_large_image","twitter_misc":{"Escrito por":"ulises","Tiempo de lectura":"3 minutos"},"schema":{"@context":"https:\/\/schema.org","@graph":[{"@type":"NewsArticle","@id":"https:\/\/www.celttv.com.ar\/index.php\/2019\/08\/20\/policiales-varios-aprehendidos-secuestros-e-infracciones-el-fin-de-semana-fotos\/#article","isPartOf":{"@id":"https:\/\/www.celttv.com.ar\/index.php\/2019\/08\/20\/policiales-varios-aprehendidos-secuestros-e-infracciones-el-fin-de-semana-fotos\/"},"author":{"name":"ulises","@id":"https:\/\/www.celttv.com.ar\/#\/schema\/person\/6d99c072dba59953809c81446e9d0ace"},"headline":"Policiales: Varios aprehendidos, secuestros e infracciones el fin de semana (fotos)","datePublished":"2019-08-20T21:07:26+00:00","dateModified":"2019-08-20T21:07:26+00:00","mainEntityOfPage":{"@id":"https:\/\/www.celttv.com.ar\/index.php\/2019\/08\/20\/policiales-varios-aprehendidos-secuestros-e-infracciones-el-fin-de-semana-fotos\/"},"wordCount":676,"publisher":{"@id":"https:\/\/www.celttv.com.ar\/#organization"},"articleSection":["Comunidad","Destacadas","Policiales"],"inLanguage":"es"},{"@type":"WebPage","@id":"https:\/\/www.celttv.com.ar\/index.php\/2019\/08\/20\/policiales-varios-aprehendidos-secuestros-e-infracciones-el-fin-de-semana-fotos\/","url":"https:\/\/www.celttv.com.ar\/index.php\/2019\/08\/20\/policiales-varios-aprehendidos-secuestros-e-infracciones-el-fin-de-semana-fotos\/","name":"Policiales: Varios aprehendidos, secuestros e infracciones el fin de semana (fotos) - CELTTV","isPartOf":{"@id":"https:\/\/www.celttv.com.ar\/#website"},"datePublished":"2019-08-20T21:07:26+00:00","dateModified":"2019-08-20T21:07:26+00:00","description":"Sitio web de noticias de la localidad de Tornquist, provincia de Buenos Aires, Rep\u00fablica Argentina. Contenido propio originado por periodistas de CELTTV, el canal de TV local de la Cooperativa El\u00e9ctrica de Tornquist. Turismo, Pol\u00edtica, Sociedad, Deporte, Cultura y todo el contenido de inter\u00e9s general que la gente del pueblo y la regi\u00f3n debe conocer.","breadcrumb":{"@id":"https:\/\/www.celttv.com.ar\/index.php\/2019\/08\/20\/policiales-varios-aprehendidos-secuestros-e-infracciones-el-fin-de-semana-fotos\/#breadcrumb"},"inLanguage":"es","potentialAction":[{"@type":"ReadAction","target":["https:\/\/www.celttv.com.ar\/index.php\/2019\/08\/20\/policiales-varios-aprehendidos-secuestros-e-infracciones-el-fin-de-semana-fotos\/"]}]},{"@type":"BreadcrumbList","@id":"https:\/\/www.celttv.com.ar\/index.php\/2019\/08\/20\/policiales-varios-aprehendidos-secuestros-e-infracciones-el-fin-de-semana-fotos\/#breadcrumb","itemListElement":[{"@type":"ListItem","position":1,"name":"Inicio","item":"https:\/\/www.celttv.com.ar\/"},{"@type":"ListItem","position":2,"name":"Policiales: Varios aprehendidos, secuestros e infracciones el fin de semana (fotos)"}]},{"@type":"WebSite","@id":"https:\/\/www.celttv.com.ar\/#website","url":"https:\/\/www.celttv.com.ar\/","name":"CELTTV","description":"Cooperativa El\u00e9ctrica de Tornquist","publisher":{"@id":"https:\/\/www.celttv.com.ar\/#organization"},"potentialAction":[{"@type":"SearchAction","target":{"@type":"EntryPoint","urlTemplate":"https:\/\/www.celttv.com.ar\/?s={search_term_string}"},"query-input":"required name=search_term_string"}],"inLanguage":"es"},{"@type":"Organization","@id":"https:\/\/www.celttv.com.ar\/#organization","name":"CELTTV","url":"https:\/\/www.celttv.com.ar\/","sameAs":["https:\/\/www.youtube.com\/channel\/UCz_oIt8Hig64Ub-EmcNPIhg","https:\/\/www.facebook.com\/celtTV\/"],"logo":{"@type":"ImageObject","inLanguage":"es","@id":"https:\/\/www.celttv.com.ar\/#\/schema\/logo\/image\/","url":"http:\/\/www.celttv.com.ar\/wp-content\/uploads\/2022\/08\/logo-1.png","contentUrl":"http:\/\/www.celttv.com.ar\/wp-content\/uploads\/2022\/08\/logo-1.png","width":461,"height":159,"caption":"CELTTV"},"image":{"@id":"https:\/\/www.celttv.com.ar\/#\/schema\/logo\/image\/"}},{"@type":"Person","@id":"https:\/\/www.celttv.com.ar\/#\/schema\/person\/6d99c072dba59953809c81446e9d0ace","name":"ulises","image":{"@type":"ImageObject","inLanguage":"es","@id":"https:\/\/www.celttv.com.ar\/#\/schema\/person\/image\/","url":"https:\/\/secure.gravatar.com\/avatar\/7f2c48bdc33b30088f941fb6082e555f2874c98e20cb159d7b92b50eadfce793?s=96&d=mm&r=g","contentUrl":"https:\/\/secure.gravatar.com\/avatar\/7f2c48bdc33b30088f941fb6082e555f2874c98e20cb159d7b92b50eadfce793?s=96&d=mm&r=g","caption":"ulises"},"sameAs":["http:\/\/www.celttv.com.ar"]}]}},"_links":{"self":[{"href":"https:\/\/www.celttv.com.ar\/index.php\/wp-json\/wp\/v2\/posts\/43366","targetHints":{"allow":["GET"]}}],"collection":[{"href":"https:\/\/www.celttv.com.ar\/index.php\/wp-json\/wp\/v2\/posts"}],"about":[{"href":"https:\/\/www.celttv.com.ar\/index.php\/wp-json\/wp\/v2\/types\/post"}],"author":[{"embeddable":true,"href":"https:\/\/www.celttv.com.ar\/index.php\/wp-json\/wp\/v2\/users\/1"}],"replies":[{"embeddable":true,"href":"https:\/\/www.celttv.com.ar\/index.php\/wp-json\/wp\/v2\/comments?post=43366"}],"version-history":[{"count":0,"href":"https:\/\/www.celttv.com.ar\/index.php\/wp-json\/wp\/v2\/posts\/43366\/revisions"}],"wp:featuredmedia":[{"embeddable":true,"href":"https:\/\/www.celttv.com.ar\/index.php\/wp-json\/wp\/v2\/media\/43370"}],"wp:attachment":[{"href":"https:\/\/www.celttv.com.ar\/index.php\/wp-json\/wp\/v2\/media?parent=43366"}],"wp:term":[{"taxonomy":"category","embeddable":true,"href":"https:\/\/www.celttv.com.ar\/index.php\/wp-json\/wp\/v2\/categories?post=43366"},{"taxonomy":"post_tag","embeddable":true,"href":"https:\/\/www.celttv.com.ar\/index.php\/wp-json\/wp\/v2\/tags?post=43366"}],"curies":[{"name":"wp","href":"https:\/\/api.w.org\/{rel}","templated":true}]}}