{"id":43373,"date":"2019-08-21T15:13:25","date_gmt":"2019-08-21T15:13:25","guid":{"rendered":"http:\/\/www.celttv.com.ar\/?p=43373"},"modified":"2019-08-21T15:13:25","modified_gmt":"2019-08-21T15:13:25","slug":"tribunal-de-penas-de-la-liga-regional-de-futbol-2","status":"publish","type":"post","link":"https:\/\/www.celttv.com.ar\/index.php\/2019\/08\/21\/tribunal-de-penas-de-la-liga-regional-de-futbol-2\/","title":{"rendered":"Tribunal de Penas de la Liga Regional de F\u00fatbol"},"content":{"rendered":"<p>Todos los fallos de este martes.<\/p>\n<p>En su reuni\u00f3n de este martes, el Tribunal de Penas de la Liga Regional de F\u00fatbol de Coronel Su\u00e1rez suspendi\u00f3 por 2 fechas a Sebasti\u00e1n Silva (El Progreso), en lo que fue la resoluci\u00f3n m\u00e1s importante en Primera divisi\u00f3n.<\/p>\n<p>En tanto, el cuerpo disciplinario que preside C\u00e9sar Elorriaga sancion\u00f3 por 1 partido a Juli\u00e1n Rogel (Independiente) por su expulsi\u00f3n del domingo pasado frente a Atl\u00e9tico Huanguel\u00e9n.<br \/>\nTambi\u00e9n 1 cotejo, pero por haber arribado al l\u00edmite de tarjetas amarillas, merecieron Lucas Doleschan y Franco Mart\u00ednez (ambos de Tiro Federal de Villa Belgrano), Joaqu\u00edn Zangara (Racing Club), David Ag\u00fcero (Pe\u00f1arol de Pig\u00fc\u00e9), Mauricio Kent y Lucas Geist (ambos de Tiro Federal de Puan).<\/p>\n<p>En  forma provisoria quedaron inhabilitados Alexis Acosta y Pablo Trecco (ambos de Racing Club), Facundo Quiroz (Pe\u00f1arol de Guamin\u00ed) y Hern\u00e1n Vidal (ayudante de campo de El Progreso), mientras 7 d\u00edas recibi\u00f3 Diego Merkel (DT de Tiro Federal de Villa Belgrano).<\/p>\n<p>En otro orden, el Tribunal de Penas rectific\u00f3 el fallo de Javier Montenegro (DT de Deportivo Argentino), dado que donde dice suspensi\u00f3n de 4 partidos debe leerse 30 d\u00edas.<\/p>\n<p>En tanto, se recibi\u00f3 nota de San Mart\u00edn de Santa Trinidad en la que suspende hasta el 31 de diciembre al jugador Maximiliano Berg, a los efectos de que no quede encuadrado dentro del art\u00edculo 169 que permite la libertad de acci\u00f3n por estar 10 fechas sin firmar planilla.<\/p>\n<p>RESERVA E INFERIORES<\/p>\n<p>En Reserva hubo s\u00f3lo 4 sancionados: Dar\u00edo Urroz (El Progreso) recibi\u00f3 1 encuentro, mientras Maximiliano Echevarr\u00eda (Racing Club), Alan Bentancor (Pe\u00f1arol de Pig\u00fc\u00e9) y Thiago De la Canal (Pe\u00f1arol de Guamin\u00ed) quedaron suspendidos en forma provisoria.<\/p>\n<p>En divisiones inferiores, 2 fechas merecieron I\u00f1aki Labarthe (5\u00aa de Automoto) y Alejo Guevara (5\u00aa de Uni\u00f3n Pig\u00fc\u00e9); 1 partido Mart\u00edn Simon (5\u00aa de Tiro Federal de Puan), Gaspar Cuneo (5\u00aa de Pe\u00f1arol de Pig\u00fc\u00e9), Mat\u00edas Lang (5\u00aa de Deportivo Sarmiento) y Luciano Alchao (6\u00aa de Uni\u00f3n de Tornquist).<\/p>\n<p>Por 7 d\u00edas result\u00f3 suspendido Leonardo Duval (director t\u00e9cnico de la 5\u00aa de Puan F. Club), mientras Jesuan Heritier (PF 5\u00aa de Blanco y Negro) qued\u00f3 habilitado hasta tanto se determine la sanci\u00f3n a aplicarse dado que no se encuentran las actuaciones en condiciones de resolverse definitivamente.<\/p>\n<p>Claudio Meier \u2013 Nuevo D\u00eda<br \/>\n<a href=\"http:\/\/www.celttv.com.ar\/?attachment_id=43374\" rel=\"attachment wp-att-43374\"><img loading=\"lazy\" decoding=\"async\" src=\"http:\/\/www.celttv.com.ar\/wp-content\/uploads\/2019\/08\/imagen.php4_.jpg\" alt=\"\" width=\"639\" height=\"360\" class=\"alignleft size-full wp-image-43374\" srcset=\"https:\/\/www.celttv.com.ar\/wp-content\/uploads\/2019\/08\/imagen.php4_.jpg 639w, https:\/\/www.celttv.com.ar\/wp-content\/uploads\/2019\/08\/imagen.php4_-300x169.jpg 300w\" sizes=\"auto, (max-width: 639px) 100vw, 639px\" \/><\/a><\/p>\n","protected":false},"excerpt":{"rendered":"<p>Todos los fallos de este martes. En su reuni\u00f3n de este martes, el Tribunal de Penas de la Liga Regional de F\u00fatbol de Coronel Su\u00e1rez suspendi\u00f3 por 2 fechas a Sebasti\u00e1n Silva (El Progreso), en lo que fue la resoluci\u00f3n m\u00e1s importante en Primera divisi\u00f3n. En tanto, el cuerpo disciplinario que preside C\u00e9sar Elorriaga sancion\u00f3 [&hellip;]<\/p>\n","protected":false},"author":1,"featured_media":43374,"comment_status":"closed","ping_status":"open","sticky":false,"template":"","format":"standard","meta":{"footnotes":""},"categories":[55,60,52,63],"tags":[],"class_list":["post-43373","post","type-post","status-publish","format-standard","has-post-thumbnail","hentry","category-celt-tv-noticias","category-deporte","category-destacadas","category-magazine-sport"],"yoast_head":"<!-- This site is optimized with the Yoast SEO plugin v19.7.1 - https:\/\/yoast.com\/wordpress\/plugins\/seo\/ -->\n<title>Tribunal de Penas de la Liga Regional de F\u00fatbol - CELTTV<\/title>\n<meta name=\"description\" content=\"Sitio web de noticias de la localidad de Tornquist, provincia de Buenos Aires, Rep\u00fablica Argentina. Contenido propio originado por periodistas de CELTTV, el canal de TV local de la Cooperativa El\u00e9ctrica de Tornquist. Turismo, Pol\u00edtica, Sociedad, Deporte, Cultura y todo el contenido de inter\u00e9s general que la gente del pueblo y la regi\u00f3n debe conocer.\" \/>\n<meta name=\"robots\" content=\"index, follow, max-snippet:-1, max-image-preview:large, max-video-preview:-1\" \/>\n<link rel=\"canonical\" href=\"https:\/\/www.celttv.com.ar\/index.php\/2019\/08\/21\/tribunal-de-penas-de-la-liga-regional-de-futbol-2\/\" \/>\n<meta property=\"og:locale\" content=\"es_ES\" \/>\n<meta property=\"og:type\" content=\"article\" \/>\n<meta property=\"og:title\" content=\"Tribunal de Penas de la Liga Regional de F\u00fatbol - CELTTV\" \/>\n<meta property=\"og:description\" content=\"Sitio web de noticias de la localidad de Tornquist, provincia de Buenos Aires, Rep\u00fablica Argentina. Contenido propio originado por periodistas de CELTTV, el canal de TV local de la Cooperativa El\u00e9ctrica de Tornquist. Turismo, Pol\u00edtica, Sociedad, Deporte, Cultura y todo el contenido de inter\u00e9s general que la gente del pueblo y la regi\u00f3n debe conocer.\" \/>\n<meta property=\"og:url\" content=\"https:\/\/www.celttv.com.ar\/index.php\/2019\/08\/21\/tribunal-de-penas-de-la-liga-regional-de-futbol-2\/\" \/>\n<meta property=\"og:site_name\" content=\"CELTTV\" \/>\n<meta property=\"article:publisher\" content=\"https:\/\/www.facebook.com\/celtTV\/\" \/>\n<meta property=\"article:published_time\" content=\"2019-08-21T15:13:25+00:00\" \/>\n<meta property=\"og:image\" content=\"https:\/\/www.celttv.com.ar\/wp-content\/uploads\/2019\/08\/imagen.php4_.jpg\" \/>\n\t<meta property=\"og:image:width\" content=\"639\" \/>\n\t<meta property=\"og:image:height\" content=\"360\" \/>\n\t<meta property=\"og:image:type\" content=\"image\/jpeg\" \/>\n<meta name=\"author\" content=\"ulises\" \/>\n<meta name=\"twitter:card\" content=\"summary_large_image\" \/>\n<meta name=\"twitter:label1\" content=\"Escrito por\" \/>\n\t<meta name=\"twitter:data1\" content=\"ulises\" \/>\n\t<meta name=\"twitter:label2\" content=\"Tiempo de lectura\" \/>\n\t<meta name=\"twitter:data2\" content=\"2 minutos\" \/>\n<script type=\"application\/ld+json\" class=\"yoast-schema-graph\">{\"@context\":\"https:\/\/schema.org\",\"@graph\":[{\"@type\":\"NewsArticle\",\"@id\":\"https:\/\/www.celttv.com.ar\/index.php\/2019\/08\/21\/tribunal-de-penas-de-la-liga-regional-de-futbol-2\/#article\",\"isPartOf\":{\"@id\":\"https:\/\/www.celttv.com.ar\/index.php\/2019\/08\/21\/tribunal-de-penas-de-la-liga-regional-de-futbol-2\/\"},\"author\":{\"name\":\"ulises\",\"@id\":\"https:\/\/www.celttv.com.ar\/#\/schema\/person\/6d99c072dba59953809c81446e9d0ace\"},\"headline\":\"Tribunal de Penas de la Liga Regional de F\u00fatbol\",\"datePublished\":\"2019-08-21T15:13:25+00:00\",\"dateModified\":\"2019-08-21T15:13:25+00:00\",\"mainEntityOfPage\":{\"@id\":\"https:\/\/www.celttv.com.ar\/index.php\/2019\/08\/21\/tribunal-de-penas-de-la-liga-regional-de-futbol-2\/\"},\"wordCount\":404,\"publisher\":{\"@id\":\"https:\/\/www.celttv.com.ar\/#organization\"},\"articleSection\":[\"Celt TV Noticias\",\"Deporte\",\"Destacadas\",\"Magazine Sport\"],\"inLanguage\":\"es\"},{\"@type\":\"WebPage\",\"@id\":\"https:\/\/www.celttv.com.ar\/index.php\/2019\/08\/21\/tribunal-de-penas-de-la-liga-regional-de-futbol-2\/\",\"url\":\"https:\/\/www.celttv.com.ar\/index.php\/2019\/08\/21\/tribunal-de-penas-de-la-liga-regional-de-futbol-2\/\",\"name\":\"Tribunal de Penas de la Liga Regional de F\u00fatbol - CELTTV\",\"isPartOf\":{\"@id\":\"https:\/\/www.celttv.com.ar\/#website\"},\"datePublished\":\"2019-08-21T15:13:25+00:00\",\"dateModified\":\"2019-08-21T15:13:25+00:00\",\"description\":\"Sitio web de noticias de la localidad de Tornquist, provincia de Buenos Aires, Rep\u00fablica Argentina. Contenido propio originado por periodistas de CELTTV, el canal de TV local de la Cooperativa El\u00e9ctrica de Tornquist. Turismo, Pol\u00edtica, Sociedad, Deporte, Cultura y todo el contenido de inter\u00e9s general que la gente del pueblo y la regi\u00f3n debe conocer.\",\"breadcrumb\":{\"@id\":\"https:\/\/www.celttv.com.ar\/index.php\/2019\/08\/21\/tribunal-de-penas-de-la-liga-regional-de-futbol-2\/#breadcrumb\"},\"inLanguage\":\"es\",\"potentialAction\":[{\"@type\":\"ReadAction\",\"target\":[\"https:\/\/www.celttv.com.ar\/index.php\/2019\/08\/21\/tribunal-de-penas-de-la-liga-regional-de-futbol-2\/\"]}]},{\"@type\":\"BreadcrumbList\",\"@id\":\"https:\/\/www.celttv.com.ar\/index.php\/2019\/08\/21\/tribunal-de-penas-de-la-liga-regional-de-futbol-2\/#breadcrumb\",\"itemListElement\":[{\"@type\":\"ListItem\",\"position\":1,\"name\":\"Inicio\",\"item\":\"https:\/\/www.celttv.com.ar\/\"},{\"@type\":\"ListItem\",\"position\":2,\"name\":\"Tribunal de Penas de la Liga Regional de F\u00fatbol\"}]},{\"@type\":\"WebSite\",\"@id\":\"https:\/\/www.celttv.com.ar\/#website\",\"url\":\"https:\/\/www.celttv.com.ar\/\",\"name\":\"CELTTV\",\"description\":\"Cooperativa El\u00e9ctrica de Tornquist\",\"publisher\":{\"@id\":\"https:\/\/www.celttv.com.ar\/#organization\"},\"potentialAction\":[{\"@type\":\"SearchAction\",\"target\":{\"@type\":\"EntryPoint\",\"urlTemplate\":\"https:\/\/www.celttv.com.ar\/?s={search_term_string}\"},\"query-input\":\"required name=search_term_string\"}],\"inLanguage\":\"es\"},{\"@type\":\"Organization\",\"@id\":\"https:\/\/www.celttv.com.ar\/#organization\",\"name\":\"CELTTV\",\"url\":\"https:\/\/www.celttv.com.ar\/\",\"sameAs\":[\"https:\/\/www.youtube.com\/channel\/UCz_oIt8Hig64Ub-EmcNPIhg\",\"https:\/\/www.facebook.com\/celtTV\/\"],\"logo\":{\"@type\":\"ImageObject\",\"inLanguage\":\"es\",\"@id\":\"https:\/\/www.celttv.com.ar\/#\/schema\/logo\/image\/\",\"url\":\"http:\/\/www.celttv.com.ar\/wp-content\/uploads\/2022\/08\/logo-1.png\",\"contentUrl\":\"http:\/\/www.celttv.com.ar\/wp-content\/uploads\/2022\/08\/logo-1.png\",\"width\":461,\"height\":159,\"caption\":\"CELTTV\"},\"image\":{\"@id\":\"https:\/\/www.celttv.com.ar\/#\/schema\/logo\/image\/\"}},{\"@type\":\"Person\",\"@id\":\"https:\/\/www.celttv.com.ar\/#\/schema\/person\/6d99c072dba59953809c81446e9d0ace\",\"name\":\"ulises\",\"image\":{\"@type\":\"ImageObject\",\"inLanguage\":\"es\",\"@id\":\"https:\/\/www.celttv.com.ar\/#\/schema\/person\/image\/\",\"url\":\"https:\/\/secure.gravatar.com\/avatar\/7f2c48bdc33b30088f941fb6082e555f2874c98e20cb159d7b92b50eadfce793?s=96&d=mm&r=g\",\"contentUrl\":\"https:\/\/secure.gravatar.com\/avatar\/7f2c48bdc33b30088f941fb6082e555f2874c98e20cb159d7b92b50eadfce793?s=96&d=mm&r=g\",\"caption\":\"ulises\"},\"sameAs\":[\"http:\/\/www.celttv.com.ar\"]}]}<\/script>\n<!-- \/ Yoast SEO plugin. -->","yoast_head_json":{"title":"Tribunal de Penas de la Liga Regional de F\u00fatbol - CELTTV","description":"Sitio web de noticias de la localidad de Tornquist, provincia de Buenos Aires, Rep\u00fablica Argentina. Contenido propio originado por periodistas de CELTTV, el canal de TV local de la Cooperativa El\u00e9ctrica de Tornquist. Turismo, Pol\u00edtica, Sociedad, Deporte, Cultura y todo el contenido de inter\u00e9s general que la gente del pueblo y la regi\u00f3n debe conocer.","robots":{"index":"index","follow":"follow","max-snippet":"max-snippet:-1","max-image-preview":"max-image-preview:large","max-video-preview":"max-video-preview:-1"},"canonical":"https:\/\/www.celttv.com.ar\/index.php\/2019\/08\/21\/tribunal-de-penas-de-la-liga-regional-de-futbol-2\/","og_locale":"es_ES","og_type":"article","og_title":"Tribunal de Penas de la Liga Regional de F\u00fatbol - CELTTV","og_description":"Sitio web de noticias de la localidad de Tornquist, provincia de Buenos Aires, Rep\u00fablica Argentina. Contenido propio originado por periodistas de CELTTV, el canal de TV local de la Cooperativa El\u00e9ctrica de Tornquist. Turismo, Pol\u00edtica, Sociedad, Deporte, Cultura y todo el contenido de inter\u00e9s general que la gente del pueblo y la regi\u00f3n debe conocer.","og_url":"https:\/\/www.celttv.com.ar\/index.php\/2019\/08\/21\/tribunal-de-penas-de-la-liga-regional-de-futbol-2\/","og_site_name":"CELTTV","article_publisher":"https:\/\/www.facebook.com\/celtTV\/","article_published_time":"2019-08-21T15:13:25+00:00","og_image":[{"width":639,"height":360,"url":"https:\/\/www.celttv.com.ar\/wp-content\/uploads\/2019\/08\/imagen.php4_.jpg","type":"image\/jpeg"}],"author":"ulises","twitter_card":"summary_large_image","twitter_misc":{"Escrito por":"ulises","Tiempo de lectura":"2 minutos"},"schema":{"@context":"https:\/\/schema.org","@graph":[{"@type":"NewsArticle","@id":"https:\/\/www.celttv.com.ar\/index.php\/2019\/08\/21\/tribunal-de-penas-de-la-liga-regional-de-futbol-2\/#article","isPartOf":{"@id":"https:\/\/www.celttv.com.ar\/index.php\/2019\/08\/21\/tribunal-de-penas-de-la-liga-regional-de-futbol-2\/"},"author":{"name":"ulises","@id":"https:\/\/www.celttv.com.ar\/#\/schema\/person\/6d99c072dba59953809c81446e9d0ace"},"headline":"Tribunal de Penas de la Liga Regional de F\u00fatbol","datePublished":"2019-08-21T15:13:25+00:00","dateModified":"2019-08-21T15:13:25+00:00","mainEntityOfPage":{"@id":"https:\/\/www.celttv.com.ar\/index.php\/2019\/08\/21\/tribunal-de-penas-de-la-liga-regional-de-futbol-2\/"},"wordCount":404,"publisher":{"@id":"https:\/\/www.celttv.com.ar\/#organization"},"articleSection":["Celt TV Noticias","Deporte","Destacadas","Magazine Sport"],"inLanguage":"es"},{"@type":"WebPage","@id":"https:\/\/www.celttv.com.ar\/index.php\/2019\/08\/21\/tribunal-de-penas-de-la-liga-regional-de-futbol-2\/","url":"https:\/\/www.celttv.com.ar\/index.php\/2019\/08\/21\/tribunal-de-penas-de-la-liga-regional-de-futbol-2\/","name":"Tribunal de Penas de la Liga Regional de F\u00fatbol - CELTTV","isPartOf":{"@id":"https:\/\/www.celttv.com.ar\/#website"},"datePublished":"2019-08-21T15:13:25+00:00","dateModified":"2019-08-21T15:13:25+00:00","description":"Sitio web de noticias de la localidad de Tornquist, provincia de Buenos Aires, Rep\u00fablica Argentina. Contenido propio originado por periodistas de CELTTV, el canal de TV local de la Cooperativa El\u00e9ctrica de Tornquist. Turismo, Pol\u00edtica, Sociedad, Deporte, Cultura y todo el contenido de inter\u00e9s general que la gente del pueblo y la regi\u00f3n debe conocer.","breadcrumb":{"@id":"https:\/\/www.celttv.com.ar\/index.php\/2019\/08\/21\/tribunal-de-penas-de-la-liga-regional-de-futbol-2\/#breadcrumb"},"inLanguage":"es","potentialAction":[{"@type":"ReadAction","target":["https:\/\/www.celttv.com.ar\/index.php\/2019\/08\/21\/tribunal-de-penas-de-la-liga-regional-de-futbol-2\/"]}]},{"@type":"BreadcrumbList","@id":"https:\/\/www.celttv.com.ar\/index.php\/2019\/08\/21\/tribunal-de-penas-de-la-liga-regional-de-futbol-2\/#breadcrumb","itemListElement":[{"@type":"ListItem","position":1,"name":"Inicio","item":"https:\/\/www.celttv.com.ar\/"},{"@type":"ListItem","position":2,"name":"Tribunal de Penas de la Liga Regional de F\u00fatbol"}]},{"@type":"WebSite","@id":"https:\/\/www.celttv.com.ar\/#website","url":"https:\/\/www.celttv.com.ar\/","name":"CELTTV","description":"Cooperativa El\u00e9ctrica de Tornquist","publisher":{"@id":"https:\/\/www.celttv.com.ar\/#organization"},"potentialAction":[{"@type":"SearchAction","target":{"@type":"EntryPoint","urlTemplate":"https:\/\/www.celttv.com.ar\/?s={search_term_string}"},"query-input":"required name=search_term_string"}],"inLanguage":"es"},{"@type":"Organization","@id":"https:\/\/www.celttv.com.ar\/#organization","name":"CELTTV","url":"https:\/\/www.celttv.com.ar\/","sameAs":["https:\/\/www.youtube.com\/channel\/UCz_oIt8Hig64Ub-EmcNPIhg","https:\/\/www.facebook.com\/celtTV\/"],"logo":{"@type":"ImageObject","inLanguage":"es","@id":"https:\/\/www.celttv.com.ar\/#\/schema\/logo\/image\/","url":"http:\/\/www.celttv.com.ar\/wp-content\/uploads\/2022\/08\/logo-1.png","contentUrl":"http:\/\/www.celttv.com.ar\/wp-content\/uploads\/2022\/08\/logo-1.png","width":461,"height":159,"caption":"CELTTV"},"image":{"@id":"https:\/\/www.celttv.com.ar\/#\/schema\/logo\/image\/"}},{"@type":"Person","@id":"https:\/\/www.celttv.com.ar\/#\/schema\/person\/6d99c072dba59953809c81446e9d0ace","name":"ulises","image":{"@type":"ImageObject","inLanguage":"es","@id":"https:\/\/www.celttv.com.ar\/#\/schema\/person\/image\/","url":"https:\/\/secure.gravatar.com\/avatar\/7f2c48bdc33b30088f941fb6082e555f2874c98e20cb159d7b92b50eadfce793?s=96&d=mm&r=g","contentUrl":"https:\/\/secure.gravatar.com\/avatar\/7f2c48bdc33b30088f941fb6082e555f2874c98e20cb159d7b92b50eadfce793?s=96&d=mm&r=g","caption":"ulises"},"sameAs":["http:\/\/www.celttv.com.ar"]}]}},"_links":{"self":[{"href":"https:\/\/www.celttv.com.ar\/index.php\/wp-json\/wp\/v2\/posts\/43373","targetHints":{"allow":["GET"]}}],"collection":[{"href":"https:\/\/www.celttv.com.ar\/index.php\/wp-json\/wp\/v2\/posts"}],"about":[{"href":"https:\/\/www.celttv.com.ar\/index.php\/wp-json\/wp\/v2\/types\/post"}],"author":[{"embeddable":true,"href":"https:\/\/www.celttv.com.ar\/index.php\/wp-json\/wp\/v2\/users\/1"}],"replies":[{"embeddable":true,"href":"https:\/\/www.celttv.com.ar\/index.php\/wp-json\/wp\/v2\/comments?post=43373"}],"version-history":[{"count":0,"href":"https:\/\/www.celttv.com.ar\/index.php\/wp-json\/wp\/v2\/posts\/43373\/revisions"}],"wp:featuredmedia":[{"embeddable":true,"href":"https:\/\/www.celttv.com.ar\/index.php\/wp-json\/wp\/v2\/media\/43374"}],"wp:attachment":[{"href":"https:\/\/www.celttv.com.ar\/index.php\/wp-json\/wp\/v2\/media?parent=43373"}],"wp:term":[{"taxonomy":"category","embeddable":true,"href":"https:\/\/www.celttv.com.ar\/index.php\/wp-json\/wp\/v2\/categories?post=43373"},{"taxonomy":"post_tag","embeddable":true,"href":"https:\/\/www.celttv.com.ar\/index.php\/wp-json\/wp\/v2\/tags?post=43373"}],"curies":[{"name":"wp","href":"https:\/\/api.w.org\/{rel}","templated":true}]}}