{"id":43738,"date":"2019-09-07T13:54:27","date_gmt":"2019-09-07T13:54:27","guid":{"rendered":"http:\/\/www.celttv.com.ar\/?p=43738"},"modified":"2019-09-07T13:54:27","modified_gmt":"2019-09-07T13:54:27","slug":"hcd-todo-lo-que-se-dijo-en-la-ultima-sesion-informe-fotos-y-alocuciones-en-video","status":"publish","type":"post","link":"https:\/\/www.celttv.com.ar\/index.php\/2019\/09\/07\/hcd-todo-lo-que-se-dijo-en-la-ultima-sesion-informe-fotos-y-alocuciones-en-video\/","title":{"rendered":"HCD.: Todo lo que se dijo en la \u00faltima sesi\u00f3n (informe, fotos y alocuciones en video)"},"content":{"rendered":"<div class=\"jeg_video_container jeg_video_content\"><iframe loading=\"lazy\" title=\"2019 09 04 HCD 1 LAURA ROSATELLI\" width=\"500\" height=\"281\" src=\"https:\/\/www.youtube.com\/embed\/vSYm-8lqFso?feature=oembed\" frameborder=\"0\" allow=\"accelerometer; autoplay; clipboard-write; encrypted-media; gyroscope; picture-in-picture; web-share\" referrerpolicy=\"strict-origin-when-cross-origin\" allowfullscreen><\/iframe><\/div>\n<div class=\"jeg_video_container jeg_video_content\"><iframe loading=\"lazy\" title=\"2019 09 04 HCD 2 SEBASTIAN BASSI\" width=\"500\" height=\"281\" src=\"https:\/\/www.youtube.com\/embed\/PKozRxFw4Po?feature=oembed\" frameborder=\"0\" allow=\"accelerometer; autoplay; clipboard-write; encrypted-media; gyroscope; picture-in-picture; web-share\" referrerpolicy=\"strict-origin-when-cross-origin\" allowfullscreen><\/iframe><\/div>\n<div class=\"jeg_video_container jeg_video_content\"><iframe loading=\"lazy\" title=\"2019 09 04 HCD 3 MONICA SAGREDO\" width=\"500\" height=\"281\" src=\"https:\/\/www.youtube.com\/embed\/N0PFpKOgNrw?feature=oembed\" frameborder=\"0\" allow=\"accelerometer; autoplay; clipboard-write; encrypted-media; gyroscope; picture-in-picture; web-share\" referrerpolicy=\"strict-origin-when-cross-origin\" allowfullscreen><\/iframe><\/div>\n<div class=\"jeg_video_container jeg_video_content\"><iframe loading=\"lazy\" title=\"2019 09 04 HCD 4 LOFFLER BASSI LOFFLER\" width=\"500\" height=\"281\" src=\"https:\/\/www.youtube.com\/embed\/JScH1jBasmE?feature=oembed\" frameborder=\"0\" allow=\"accelerometer; autoplay; clipboard-write; encrypted-media; gyroscope; picture-in-picture; web-share\" referrerpolicy=\"strict-origin-when-cross-origin\" allowfullscreen><\/iframe><\/div>\n<p>Tornquist, 5 de septiembre de 2019<\/p>\n<p>Informe Sesi\u00f3n Ordinaria d\u00eda 3 de septiembre de 2019<\/p>\n<p>Pasadas las 21:17 horas del martes  3 de septiembre  dio comienzo la Sesi\u00f3n Ordinaria programada. Por ausencia con aviso del  Concejal Juan Manuel Ibarra, toma juramento la<br \/>\nConcejal Rosana Serier. A continuaci\u00f3n se  trataron los siguientes temas:<\/p>\n<p>Dict\u00e1menes de las Comisiones:<\/p>\n<p>Expte. N\u00ba 7064\/18: \u201cN.P. Manuel Gonz\u00e1lez S\u00e1enz. Curso de Capacitaci\u00f3n para candidatos a Concejales del Distrito\u201d.<br \/>\nSe aprueba por unanimidad retirar este Expediente del Orden del D\u00eda.<\/p>\n<p>Expte. N\u00ba 7116\/19: \u201cBloque Cambiemos Bs. As. Proyecto de Ordenanza. Adhesi\u00f3n Ley Provincial N\u00ba 15.000. Sistema de Declaraciones Juradas Patrimoniales\u201d.<br \/>\nSe aprueba por unanimidad el dictamen de las Comisiones de ASUNTOS MUNICIPALES e INTERPRETACI\u00d3N Y REGLAMENTO que aconseja enviar el mismo al Archivo, ya que est\u00e1 aprobada la Ordenanza N\u00ba 3162\/19 en referencia al tema, promulgada por Decreto N\u00ba1 868\/19 del Departamento Ejecutivo.<\/p>\n<p>Expte. N\u00ba 7145\/19: \u201cN.P. Sociedad de Fomento y Turismo. Villa Serrana la Gruta. Nominaci\u00f3n de Plazoletas\u201d.<br \/>\nSe aprueba por unanimidad el dictamen de la Comisi\u00f3n de ASUNTOS MUNICIPALES que aconseja enviar el mismo a la Secretar\u00eda de Obras P\u00fablicas para que analice la viabilidad del Proyecto de Ordenanza que establece:<br \/>\nDesignar con los siguientes nombres a los espacios verdes p\u00fablicos ubicados en Villa Serrana La Gruta:<\/p>\n<p>\u2022\tPLAZOLETA LAS RETAMAS: Al espacio p\u00fablico ubicado en la intersecci\u00f3n de las Calles Las Torcazas, Churrinches y Los Olivos.-<\/p>\n<p>\u2022\tPLAZA LA GRUTA: Al espacio p\u00fablico ubicado entre Calles Los Aromos, Las Magnolias, Los Fresnos y Los Rosales (Nomenclatura catastral: Circ. 7, Secc. e, Mz. 26, Ptda. 11934)<\/p>\n<p>\u2022\tPLAZOLETA LAS PERDICES: Al espacio p\u00fablico ubicado en Calle Las Perdices, entre las Calles Las Martinetas y Diamante.-<\/p>\n<p>\u2022\tPLAZOLETA LOS CEDROS: Al espacio p\u00fablico ubicado en Calle Los Cedros entre Calles Los Aromos y El Sauce (Nomenclatura Catastral: Circ. 7, Secc. e, Mz. 34, Pla. 1, Ptda. 12101).-<\/p>\n<p>Autorizar a la Asociaci\u00f3n de Fomento y Turismo Villa Serrana La Gruta a realizar la colocaci\u00f3n de la carteler\u00eda correspondiente.-<\/p>\n<p>Proyectos Presentados. <\/p>\n<p>Bloque Cambiemos Buenos Aires-  Proyecto de Resoluci\u00f3n: Declarar de Inter\u00e9s Municipal el \u201cX Encuentro Regional de la Red de Turismo Rural Centro Sur de la Provincia de Buenos Aires\u201d.<br \/>\nSe solicita formaci\u00f3n de Expediente y tratamiento sobre Tablas.<br \/>\nSe forma el Expediente N\u00ba 7148\/19 y se aprueba por unanimidad la Resoluci\u00f3n con el N\u00ba 23\/19 por la que se declara de Inter\u00e9s Municipal el \u201cX Encuentro Regional de la red de Turismo Rural, centro sur de la Provincia de Buenos Aires\u201d, que se realizar\u00e1  en la localidad Sierra de la Ventana, (Distrito de Tornquist), los d\u00edas  viernes 13 y s\u00e1bado 14 de septiembre de 2019. Se env\u00eda  copia de la presente a la Instituci\u00f3n Organizadora, Instituto Nacional de Tecnolog\u00eda Agropecuaria; Agencia de Extensi\u00f3n Rural Tornquist, Jefe Federico Sebasti\u00e1n Labarthe, ubicada en la Calle: Ernesto Tornquist N\u00b0 136 Tornquist -Buenos Aires.-<\/p>\n<p>Asuntos Particulares. <\/p>\n<p>N.P. N\u00ba 52\/19 Asociaci\u00f3n de Fomento Barrio Parque Golf Sierra de la Ventana: Solicita informaci\u00f3n sobre la habilitaci\u00f3n de locales comerciales en el barrio, que transgreden  las normativas previstas para los barrios residenciales.<br \/>\nSe solicita formaci\u00f3n de Expediente y pase a Comisi\u00f3n.<\/p>\n<p>N.P.  N\u00ba 53\/19 Asociaci\u00f3n de Fomento Barrio Parque Golf Sierra de la Ventana: Solicita informaci\u00f3n sobre la construcci\u00f3n de una caba\u00f1a prefabricada en el lote 1 de la Manzana Los Benteveos, perteneciente al Barrio Parque Golf.<br \/>\nSe solicita formaci\u00f3n de Expediente y pase a Comisi\u00f3n.<\/p>\n<p>N.P. N\u00ba 54\/19: C\u00e1mara de Comercio, Turismo e Industria Sierra de la Ventana, Villa La Arcadia y Saldungaray: Solicita Declarar de Inter\u00e9s Municipal 5\u00ba Expo Comercial y Art\u00edstica.-<br \/>\nSe solicita formaci\u00f3n de Expediente y tratamiento sobre Tablas.<br \/>\nSe forma el Expediente N\u00ba 7149\/19 y se aprueba por unanimidad la Resoluci\u00f3n N\u00ba 24\/19  por la que se declara de Inter\u00e9s Municipal la 5\u00ba Expo Comercial y Art\u00edstica a realizarse en el Centro Cultural Sierra de la Ventana el d\u00eda 29 de septiembre  del corriente a\u00f1o. Se env\u00eda copia de la presente a CAMCOTISAS, y a la Direcci\u00f3n de Turismo de la Municipalidad de Tornquist.-<\/p>\n<p>N.P. N\u00ba 55\/19: Alejandro Aiello, Propietario Transporte Silver: Solicita autorizar el aumento de tarifas del transporte p\u00fablico de pasajeros de L\u00ednea Urbana Saldungaray- Tornquist.<br \/>\nSe solicita formaci\u00f3n de Expediente y pase a Comisi\u00f3n.<\/p>\n<p>Alocuciones de los Se\u00f1ores Concejales:<\/p>\n<p>Concejal Laura Rosatelli:<br \/>\n\u201cQuiero referirme en esta oportunidad a las declaraciones vertidas por el se\u00f1or Intendente Municipal Sergio Bordoni, en comunicaci\u00f3n telef\u00f3nica el d\u00eda 26 de agosto con un medio de prensa de la ciudad de La Plata. Algunas declaraciones en la que textualmente dijo: \u201c\u2026esta gente se rob\u00f3 todo\u2026si votan esa lista votan a ladrones&#8230;Alberto Fern\u00e1ndez no va a hacer lo que dice, porque no lo va a hacer\u2026 la gente no quiere volver al pasado\u2026\u00bfte referiste a mi pago chico? La diferencia con la gesti\u00f3n anterior es que nosotros no somos chorros\u2026\u201d. La verdad se\u00f1or Presidente que la sociedad no merece escuchar palabras como estas, cargadas de agresividad, calumnias, expresiones inadecuadas, de muy bajo nivel, llenas de odio, palabra que no me gusta, poco conozco, porque gracias a Dios no tengo. Pero s\u00ed palabras que angustian y mucho, conceptos err\u00f3neos, con un discurso desequilibrado, y lo m\u00e1s triste que aqu\u00ed en el Concejo hemos repudiado actos de este tipo. Como ciudadana, como militante del Partido Justicialista no voy a permitir que nos traten de ladrones, que subestime a nuestros candidatos diciendo lo que no van  a hacer. Este mensaje lo escuch\u00f3 mucha gente se\u00f1or Presidente, a trav\u00e9s de una radio de una de las ciudades m\u00e1s grandes de la Provincia, donde no solo se dirige con desprecio a los funcionarios y ex funcionarios, sino a la gente que opt\u00f3 por acompa\u00f1ar la lista del Frente de Todos. \u00bfY dice que es respetuoso de la decisi\u00f3n del pueblo?, cu\u00e1nta incoherencia, \u00bfqu\u00e9 mensaje nos deja? Un Intendente que no respeta la institucionalidad. Hay que ser m\u00e1s respetuoso, nos est\u00e1 acusando de delincuentes y no lo vamos a permitir. Para eso est\u00e1 la justicia. La verdad se\u00f1or Presidente, una campa\u00f1a lamentable, criticando y ensuciando al que no piensa igual, criticando y ensuciando al candidato de la otra fuerza pol\u00edtica, cuando es quien deber\u00eda dar el ejemplo. Y la gente est\u00e1 cansada de escuchar cr\u00edticas, estamos viviendo momentos muy duros y dif\u00edciles, donde el mensaje deber\u00eda ser otro, que es lo que el pueblo necesita, paz, tranquilidad, que le resuelvan los problemas, en definitiva que se hagan cargo. Hoy son los que nos gobiernan. Nada m\u00e1s, y muchas gracias se\u00f1or Presidente\u201d.<\/p>\n<p>Concejal Sebasti\u00e1n Bassi:<br \/>\n\u201cHe tenido la ocasi\u00f3n de escuchar las declaraciones del Intendente, y tanto \u00e9l como yo sumamente respetuosos del electorado, pero ac\u00e1 no voy a coincidir con el electorado, y las bases, y el  militante realmente de coraz\u00f3n. Pero nadie puede negar, y en eso comparto las apreciaciones, que ha habido una, no quiero decir banda, un grupo selecto de corruptos identificados con el kirchnerismo. Algunos ya est\u00e1n en Ezeiza, y otros siguen las causas, pero bueno, eso es lo que ha querido verter, y un claro ejemplo ha sido De Vido, que causas, y corrupciones, y bueno, y hechos lamentables para todo el pueblo, y que se present\u00f3 por una lista junto al otro se\u00f1or Cuneo,  que no lograron llegar a las Paso, pero que si hoy les preguntan son kirchneristas. Entonces una vez m\u00e1s, interpretemos y seamos objetivos porque es cierto que se viven tiempos dif\u00edciles y complicados, y que bueno, tergiversar o hacer apreciaciones confusas, no suman. Nada m\u00e1s se\u00f1or Presidente\u201d.<\/p>\n<p>Concejal M\u00f3nica Sagredo:<br \/>\n\u201cel Concejal Bassi dec\u00eda \u201chay un grupo selecto de corruptos identificados con el kirchnerismo\u201d. Tal vez los haya, de hecho hay causas que la justicia tendr\u00e1 que determinar, no solamente con el kirchnerismo, tambi\u00e9n hay un grupo selecto de corruptos identificados con la fuerza de Cambiemos, tambi\u00e9n con causas, el propio Presidente asumi\u00f3 ya con unas cuantas causas, ni hablar de su grupo familiar, entonces me parece que a lo que apuntaba la Concejal Rosatelli y en lo que coincido y creo que como representantes del pueblo que somos los Concejales debemos pedir disculpas por estos dichos que ha vertido el Intendente tratando de ladrones en general, generalizando, ninguneando de alguna manera al votante que fue un gran n\u00famero el que eligi\u00f3 la lista del Frente de Todos, especialmente a nivel nacional y a nivel provincial. Creo que no debemos generalizar porque en los distintos sectores hay gente corrupta, hay gente que tiene un mal proceder, los hemos tenido en el propio Ejecutivo Municipal de esta gesti\u00f3n hace un tiempito atr\u00e1s, con algunos funcionarios de Saldungaray espec\u00edficamente, y sin embargo no hemos generalizado. Creo que tambi\u00e9n no solo en el Frente de Todos sino en cada espacio pol\u00edtico hay gente honesta, hay gente valiosa, hay gente que realmente quiere lo mejor para su distrito, para su provincia, para su pa\u00eds. Entonces por eso vuelvo a pedir disculpas por aquellos dichos vertidos hacia los votantes, y hacia quienes forman parte de la lista Frente de Todos, y creo que es momento de que realmente pensemos en el otro, en la situaci\u00f3n que estamos viviendo, que cada uno se haga cargo de lo que debe hacerse. No podemos estar echando la culpa a lo que pasa, a la terrible situaci\u00f3n econ\u00f3mica que se est\u00e1 viviendo no podemos culpar a las Paso, no podemos culpar al votante de que no se hayan podido manejar  la econom\u00eda del pa\u00eds. Entonces me parece que estamos en un momento en el que insistimos desde hace tiempo, la gente la est\u00e1 pasando mal, entonces es momento de buscar soluciones, de ofrecer soluciones, y darles una mejor calidad de vida a los habitantes de nuestra patria, no de seguir haciendo acusaciones en muchos casos sin fundamentos. Nada m\u00e1s se\u00f1or Presidente\u201d.<\/p>\n<p>Concejal Guillermo L\u00f6ffler:<br \/>\n\u201cSi bueno, me sumo a las palabras de mis compa\u00f1eras que me antecedieron, y despu\u00e9s bueno, quer\u00eda plantear y ver, a ver qu\u00e9 posibilidad podemos tener, porque en estos d\u00edas hemos estado hablando con muchos proveedores municipales que  est\u00e1n muy preocupados por la situaci\u00f3n econ\u00f3mica y est\u00e1n teniendo o en algunos casos no  les est\u00e1n pagando desde el mes de marzo, entonces por ah\u00ed el planteo que hacen ciertos proveedores es que: \u201csi hoy yo cobro estoy perdiendo plata, porque ni siquiera compro lo que vend\u00ed\u201d. Entonces ver, a ver de  qu\u00e9 forma, por ah\u00ed sin hacer un Pedido de Informes que demora mucho tiempo, por ah\u00ed pedir un listado de todos los proveedores a ver a quien se le est\u00e1 debiendo, y qu\u00e9 cantidad de dinero, porque si uno mira la situaci\u00f3n econ\u00f3mica financiera del Municipio hay una diferencia entre lo comprometido, lo que el Municipio se comprometi\u00f3 a pagar con lo pagado es de alrededor de setenta y ocho millones de pesos, eso tambi\u00e9n es sin contar, porque tambi\u00e9n nos han comentado algunos proveedores que por ese mismo tema que se est\u00e1 tardando tanto en pagar no est\u00e1n facturando, entonces eso, esa deuda no est\u00e1 registrada en el sistema, entonces es m\u00e1s la deuda que estamos teniendo, y la verdad, est\u00e1n preocupados, porque la situaci\u00f3n econ\u00f3mica est\u00e1 complicada m\u00e1s, si el mismo Municipio est\u00e1 tardando tanto en pagar y ver, a ver por ah\u00ed la idea es ver qu\u00e9 se est\u00e1 debiendo, con un detalle por lo menos aunque sea de los proveedores locales, \u00bfno?, c\u00f3mo lo podemos salvar pag\u00e1ndole o qu\u00e9 plan de pago propone el Municipio para hacerle, porque si estamos debiendo desde el mes de marzo, mes de abril, facturas sabemos todos \u00bfno?, con todo lo que ha aumentado que el proveedor no va a poder reponer esa mercader\u00eda. A ver si por ah\u00ed usted se\u00f1or Presidente pod\u00eda solicitarnos un listado y hablar por ah\u00ed con el Intendente a ver de qu\u00e9 forma y c\u00f3mo podemos, para darle una tranquilidad al proveedor, de qu\u00e9 forma le  podemos estar solucionando este tema, en realidad, pagarle lo que le estamos debiendo. Sumando lo que est\u00e1 registrado, y tambi\u00e9n viendo lo que no tenemos registrado para ver a cu\u00e1nto asciende el monto. Porque la situaci\u00f3n y lo que estamos viviendo es preocupante. Nada m\u00e1s se\u00f1or Presidente\u201d.<\/p>\n<p>Presidente, Concejal Gustavo Moroncini:<br \/>\n\u201cMuy bien. L\u00e1stima que tuvimos una reuni\u00f3n con el se\u00f1or Intendente y no le hicimos la pregunta teni\u00e9ndolo ac\u00e1. Lo podr\u00edamos haber hecho. Yo no tengo problema, me hago cargo\u201d.<\/p>\n<p>Concejal Sebasti\u00e1n Bassi:<br \/>\n\u201cEn referencia a la alocuci\u00f3n del Concejal L\u00f6ffler, lo que yo tengo entendido es que ronda el atraso de tres meses. Por eso no est\u00e1 de m\u00e1s ir bien a la fuente. Puede haber un caso puntual, como sabemos, o porque bueno, administrativamente no se cumplieron los pasos adecuados, pero bueno, hubiese sido una buena oportunidad ya que hoy vino Bordoni aprovecharlo ah\u00ed. Nada m\u00e1s se\u00f1or Presidente\u201d.<\/p>\n<p>Concejal Guillermo L\u00f6ffler:<br \/>\n\u201cReafirmo, y si quieren en un ratito vamos a mi oficina y les muestro de algunos proveedores que han facturado, o sea lo que se compra, algunos proveedores lo que hacen es, hacen un remito de lo que se compra durante el mes, y hay facturas del mes de abril, primero d\u00edas de abril, o sea, es compra del mes de marzo, y lo podemos chequear en el RAFAM, o sea, eso lo vi, y lo comprob\u00e9, y no estoy hablando por lo que me dijeron sino que cuando me lo plantearon estuve viendo, pero bueno, vi de algunos proveedores no de todos en general, y s\u00ed, se est\u00e1 debiendo mercader\u00eda que han sacado en el mes de marzo, y no por un tema administrativo, ni que presentaron porque cuando te figura la fecha de la factura, hoy sabemos que la factura no se puede truchar la fecha, sabemos de cu\u00e1ndo es, o sea, eso, lo invito si alguien tiene una duda, vamos hasta la oficina y lo podemos chequear en el RAFAM. Nada m\u00e1s se\u00f1or Presidente\u201d.<\/p>\n<p>HONORABLE CONCEJO DELIBERANTE<\/p>\n<div id='gallery_1' class='gallery galleryid-43738 gallery-columns-3 gallery-size-medium'><figure class='gallery-item'>\n            <div class='gallery-icon portrait'>\n                <a href='https:\/\/www.celttv.com.ar\/wp-content\/uploads\/2019\/09\/P1100175.jpg'><img loading=\"lazy\" decoding=\"async\" width=\"225\" height=\"300\" src=\"\" class=\"attachment-medium size-medium lazyload\" alt=\"\" data-src=\"https:\/\/www.celttv.com.ar\/wp-content\/uploads\/2019\/09\/P1100175-225x300.jpg\" data-sizes=\"auto\" data-srcset=\"https:\/\/www.celttv.com.ar\/wp-content\/uploads\/2019\/09\/P1100175-225x300.jpg 225w, https:\/\/www.celttv.com.ar\/wp-content\/uploads\/2019\/09\/P1100175-750x1000.jpg 750w, https:\/\/www.celttv.com.ar\/wp-content\/uploads\/2019\/09\/P1100175.jpg 768w\" data-expand=\"700\" \/><\/a>\n            <\/div><\/figure><figure class='gallery-item'>\n            <div class='gallery-icon portrait'>\n                <a href='https:\/\/www.celttv.com.ar\/wp-content\/uploads\/2019\/09\/P1100176.jpg'><img loading=\"lazy\" decoding=\"async\" width=\"225\" height=\"300\" src=\"\" class=\"attachment-medium size-medium lazyload\" alt=\"\" data-src=\"https:\/\/www.celttv.com.ar\/wp-content\/uploads\/2019\/09\/P1100176-225x300.jpg\" data-sizes=\"auto\" data-srcset=\"https:\/\/www.celttv.com.ar\/wp-content\/uploads\/2019\/09\/P1100176-225x300.jpg 225w, https:\/\/www.celttv.com.ar\/wp-content\/uploads\/2019\/09\/P1100176-750x1000.jpg 750w, https:\/\/www.celttv.com.ar\/wp-content\/uploads\/2019\/09\/P1100176.jpg 768w\" data-expand=\"700\" \/><\/a>\n            <\/div><\/figure><figure class='gallery-item'>\n            <div class='gallery-icon portrait'>\n                <a href='https:\/\/www.celttv.com.ar\/wp-content\/uploads\/2019\/09\/P1100177.jpg'><img loading=\"lazy\" decoding=\"async\" width=\"225\" height=\"300\" src=\"\" class=\"attachment-medium size-medium lazyload\" alt=\"\" data-src=\"https:\/\/www.celttv.com.ar\/wp-content\/uploads\/2019\/09\/P1100177-225x300.jpg\" data-sizes=\"auto\" data-srcset=\"https:\/\/www.celttv.com.ar\/wp-content\/uploads\/2019\/09\/P1100177-225x300.jpg 225w, https:\/\/www.celttv.com.ar\/wp-content\/uploads\/2019\/09\/P1100177-750x1000.jpg 750w, https:\/\/www.celttv.com.ar\/wp-content\/uploads\/2019\/09\/P1100177.jpg 768w\" data-expand=\"700\" \/><\/a>\n            <\/div><\/figure><br style=\"clear: both\" \/><figure class='gallery-item'>\n            <div class='gallery-icon portrait'>\n                <a href='https:\/\/www.celttv.com.ar\/wp-content\/uploads\/2019\/09\/P1100178.jpg'><img loading=\"lazy\" decoding=\"async\" width=\"225\" height=\"300\" src=\"\" class=\"attachment-medium size-medium lazyload\" alt=\"\" data-src=\"https:\/\/www.celttv.com.ar\/wp-content\/uploads\/2019\/09\/P1100178-225x300.jpg\" data-sizes=\"auto\" data-srcset=\"https:\/\/www.celttv.com.ar\/wp-content\/uploads\/2019\/09\/P1100178-225x300.jpg 225w, https:\/\/www.celttv.com.ar\/wp-content\/uploads\/2019\/09\/P1100178-750x1000.jpg 750w, https:\/\/www.celttv.com.ar\/wp-content\/uploads\/2019\/09\/P1100178.jpg 768w\" data-expand=\"700\" \/><\/a>\n            <\/div><\/figure><figure class='gallery-item'>\n            <div class='gallery-icon landscape'>\n                <a href='https:\/\/www.celttv.com.ar\/wp-content\/uploads\/2019\/09\/P1100180.jpg'><img loading=\"lazy\" decoding=\"async\" width=\"300\" height=\"225\" src=\"\" class=\"attachment-medium size-medium lazyload\" alt=\"\" data-src=\"https:\/\/www.celttv.com.ar\/wp-content\/uploads\/2019\/09\/P1100180-300x225.jpg\" data-sizes=\"auto\" data-srcset=\"https:\/\/www.celttv.com.ar\/wp-content\/uploads\/2019\/09\/P1100180-300x225.jpg 300w, https:\/\/www.celttv.com.ar\/wp-content\/uploads\/2019\/09\/P1100180-768x576.jpg 768w, https:\/\/www.celttv.com.ar\/wp-content\/uploads\/2019\/09\/P1100180-750x563.jpg 750w, https:\/\/www.celttv.com.ar\/wp-content\/uploads\/2019\/09\/P1100180.jpg 1024w\" data-expand=\"700\" \/><\/a>\n            <\/div><\/figure><figure class='gallery-item'>\n            <div class='gallery-icon landscape'>\n                <a href='https:\/\/www.celttv.com.ar\/wp-content\/uploads\/2019\/09\/P1100182.jpg'><img loading=\"lazy\" decoding=\"async\" width=\"300\" height=\"225\" src=\"\" class=\"attachment-medium size-medium lazyload\" alt=\"\" data-src=\"https:\/\/www.celttv.com.ar\/wp-content\/uploads\/2019\/09\/P1100182-300x225.jpg\" data-sizes=\"auto\" data-srcset=\"https:\/\/www.celttv.com.ar\/wp-content\/uploads\/2019\/09\/P1100182-300x225.jpg 300w, https:\/\/www.celttv.com.ar\/wp-content\/uploads\/2019\/09\/P1100182-768x576.jpg 768w, https:\/\/www.celttv.com.ar\/wp-content\/uploads\/2019\/09\/P1100182-750x563.jpg 750w, https:\/\/www.celttv.com.ar\/wp-content\/uploads\/2019\/09\/P1100182.jpg 1024w\" data-expand=\"700\" \/><\/a>\n            <\/div><\/figure><br style=\"clear: both\" \/><figure class='gallery-item'>\n            <div class='gallery-icon landscape'>\n                <a href='https:\/\/www.celttv.com.ar\/wp-content\/uploads\/2019\/09\/P1100184.jpg'><img loading=\"lazy\" decoding=\"async\" width=\"300\" height=\"225\" src=\"\" class=\"attachment-medium size-medium lazyload\" alt=\"\" data-src=\"https:\/\/www.celttv.com.ar\/wp-content\/uploads\/2019\/09\/P1100184-300x225.jpg\" data-sizes=\"auto\" data-srcset=\"https:\/\/www.celttv.com.ar\/wp-content\/uploads\/2019\/09\/P1100184-300x225.jpg 300w, https:\/\/www.celttv.com.ar\/wp-content\/uploads\/2019\/09\/P1100184-768x576.jpg 768w, https:\/\/www.celttv.com.ar\/wp-content\/uploads\/2019\/09\/P1100184-750x563.jpg 750w, https:\/\/www.celttv.com.ar\/wp-content\/uploads\/2019\/09\/P1100184.jpg 1024w\" data-expand=\"700\" \/><\/a>\n            <\/div><\/figure><figure class='gallery-item'>\n            <div class='gallery-icon landscape'>\n                <a href='https:\/\/www.celttv.com.ar\/wp-content\/uploads\/2019\/09\/P1100185.jpg'><img loading=\"lazy\" decoding=\"async\" width=\"300\" height=\"225\" src=\"\" class=\"attachment-medium size-medium lazyload\" alt=\"\" data-src=\"https:\/\/www.celttv.com.ar\/wp-content\/uploads\/2019\/09\/P1100185-300x225.jpg\" data-sizes=\"auto\" data-srcset=\"https:\/\/www.celttv.com.ar\/wp-content\/uploads\/2019\/09\/P1100185-300x225.jpg 300w, https:\/\/www.celttv.com.ar\/wp-content\/uploads\/2019\/09\/P1100185-768x576.jpg 768w, https:\/\/www.celttv.com.ar\/wp-content\/uploads\/2019\/09\/P1100185-750x563.jpg 750w, https:\/\/www.celttv.com.ar\/wp-content\/uploads\/2019\/09\/P1100185.jpg 1024w\" data-expand=\"700\" \/><\/a>\n            <\/div><\/figure><figure class='gallery-item'>\n            <div class='gallery-icon landscape'>\n                <a href='https:\/\/www.celttv.com.ar\/wp-content\/uploads\/2019\/09\/P1100186.jpg'><img loading=\"lazy\" decoding=\"async\" width=\"300\" height=\"225\" src=\"\" class=\"attachment-medium size-medium lazyload\" alt=\"\" data-src=\"https:\/\/www.celttv.com.ar\/wp-content\/uploads\/2019\/09\/P1100186-300x225.jpg\" data-sizes=\"auto\" data-srcset=\"https:\/\/www.celttv.com.ar\/wp-content\/uploads\/2019\/09\/P1100186-300x225.jpg 300w, https:\/\/www.celttv.com.ar\/wp-content\/uploads\/2019\/09\/P1100186-768x576.jpg 768w, https:\/\/www.celttv.com.ar\/wp-content\/uploads\/2019\/09\/P1100186-750x563.jpg 750w, https:\/\/www.celttv.com.ar\/wp-content\/uploads\/2019\/09\/P1100186.jpg 1024w\" data-expand=\"700\" \/><\/a>\n            <\/div><\/figure><br style=\"clear: both\" \/><figure class='gallery-item'>\n            <div class='gallery-icon landscape'>\n                <a href='https:\/\/www.celttv.com.ar\/wp-content\/uploads\/2019\/09\/P1100187.jpg'><img loading=\"lazy\" decoding=\"async\" width=\"300\" height=\"225\" src=\"\" class=\"attachment-medium size-medium lazyload\" alt=\"\" data-src=\"https:\/\/www.celttv.com.ar\/wp-content\/uploads\/2019\/09\/P1100187-300x225.jpg\" data-sizes=\"auto\" data-srcset=\"https:\/\/www.celttv.com.ar\/wp-content\/uploads\/2019\/09\/P1100187-300x225.jpg 300w, https:\/\/www.celttv.com.ar\/wp-content\/uploads\/2019\/09\/P1100187-768x576.jpg 768w, https:\/\/www.celttv.com.ar\/wp-content\/uploads\/2019\/09\/P1100187-750x563.jpg 750w, https:\/\/www.celttv.com.ar\/wp-content\/uploads\/2019\/09\/P1100187.jpg 1024w\" data-expand=\"700\" \/><\/a>\n            <\/div><\/figure><figure class='gallery-item'>\n            <div class='gallery-icon landscape'>\n                <a href='https:\/\/www.celttv.com.ar\/wp-content\/uploads\/2019\/09\/P1100188.jpg'><img loading=\"lazy\" decoding=\"async\" width=\"300\" height=\"225\" src=\"\" class=\"attachment-medium size-medium lazyload\" alt=\"\" data-src=\"https:\/\/www.celttv.com.ar\/wp-content\/uploads\/2019\/09\/P1100188-300x225.jpg\" data-sizes=\"auto\" data-srcset=\"https:\/\/www.celttv.com.ar\/wp-content\/uploads\/2019\/09\/P1100188-300x225.jpg 300w, https:\/\/www.celttv.com.ar\/wp-content\/uploads\/2019\/09\/P1100188-768x576.jpg 768w, https:\/\/www.celttv.com.ar\/wp-content\/uploads\/2019\/09\/P1100188-750x563.jpg 750w, https:\/\/www.celttv.com.ar\/wp-content\/uploads\/2019\/09\/P1100188.jpg 1024w\" data-expand=\"700\" \/><\/a>\n            <\/div><\/figure>\n            <br style='clear: both' \/>\n        <\/div>\n\n","protected":false},"excerpt":{"rendered":"<p>Tornquist, 5 de septiembre de 2019 Informe Sesi\u00f3n Ordinaria d\u00eda 3 de septiembre de 2019 Pasadas las 21:17 horas del martes 3 de septiembre dio comienzo la Sesi\u00f3n Ordinaria programada. Por ausencia con aviso del Concejal Juan Manuel Ibarra, toma juramento la Concejal Rosana Serier. A continuaci\u00f3n se trataron los siguientes temas: Dict\u00e1menes de las [&hellip;]<\/p>\n","protected":false},"author":1,"featured_media":43750,"comment_status":"closed","ping_status":"open","sticky":false,"template":"","format":"standard","meta":{"footnotes":""},"categories":[51,52,53],"tags":[],"class_list":["post-43738","post","type-post","status-publish","format-standard","has-post-thumbnail","hentry","category-comunidad","category-destacadas","category-politica"],"yoast_head":"<!-- This site is optimized with the Yoast SEO plugin v19.7.1 - https:\/\/yoast.com\/wordpress\/plugins\/seo\/ -->\n<title>HCD.: Todo lo que se dijo en la \u00faltima sesi\u00f3n (informe, fotos y alocuciones en video) - CELTTV<\/title>\n<meta name=\"description\" content=\"Sitio web de noticias de la localidad de Tornquist, provincia de Buenos Aires, Rep\u00fablica Argentina. Contenido propio originado por periodistas de CELTTV, el canal de TV local de la Cooperativa El\u00e9ctrica de Tornquist. Turismo, Pol\u00edtica, Sociedad, Deporte, Cultura y todo el contenido de inter\u00e9s general que la gente del pueblo y la regi\u00f3n debe conocer.\" \/>\n<meta name=\"robots\" content=\"index, follow, max-snippet:-1, max-image-preview:large, max-video-preview:-1\" \/>\n<link rel=\"canonical\" href=\"https:\/\/www.celttv.com.ar\/index.php\/2019\/09\/07\/hcd-todo-lo-que-se-dijo-en-la-ultima-sesion-informe-fotos-y-alocuciones-en-video\/\" \/>\n<meta property=\"og:locale\" content=\"es_ES\" \/>\n<meta property=\"og:type\" content=\"article\" \/>\n<meta property=\"og:title\" content=\"HCD.: Todo lo que se dijo en la \u00faltima sesi\u00f3n (informe, fotos y alocuciones en video) - CELTTV\" \/>\n<meta property=\"og:description\" content=\"Sitio web de noticias de la localidad de Tornquist, provincia de Buenos Aires, Rep\u00fablica Argentina. Contenido propio originado por periodistas de CELTTV, el canal de TV local de la Cooperativa El\u00e9ctrica de Tornquist. Turismo, Pol\u00edtica, Sociedad, Deporte, Cultura y todo el contenido de inter\u00e9s general que la gente del pueblo y la regi\u00f3n debe conocer.\" \/>\n<meta property=\"og:url\" content=\"https:\/\/www.celttv.com.ar\/index.php\/2019\/09\/07\/hcd-todo-lo-que-se-dijo-en-la-ultima-sesion-informe-fotos-y-alocuciones-en-video\/\" \/>\n<meta property=\"og:site_name\" content=\"CELTTV\" \/>\n<meta property=\"article:publisher\" content=\"https:\/\/www.facebook.com\/celtTV\/\" \/>\n<meta property=\"article:published_time\" content=\"2019-09-07T13:54:27+00:00\" \/>\n<meta property=\"og:image\" content=\"https:\/\/www.celttv.com.ar\/wp-content\/uploads\/2019\/09\/P1100188.jpg\" \/>\n\t<meta property=\"og:image:width\" content=\"1024\" \/>\n\t<meta property=\"og:image:height\" content=\"768\" \/>\n\t<meta property=\"og:image:type\" content=\"image\/jpeg\" \/>\n<meta name=\"author\" content=\"ulises\" \/>\n<meta name=\"twitter:card\" content=\"summary_large_image\" \/>\n<meta name=\"twitter:label1\" content=\"Escrito por\" \/>\n\t<meta name=\"twitter:data1\" content=\"ulises\" \/>\n\t<meta name=\"twitter:label2\" content=\"Tiempo de lectura\" \/>\n\t<meta name=\"twitter:data2\" content=\"12 minutos\" \/>\n<script type=\"application\/ld+json\" class=\"yoast-schema-graph\">{\"@context\":\"https:\/\/schema.org\",\"@graph\":[{\"@type\":\"NewsArticle\",\"@id\":\"https:\/\/www.celttv.com.ar\/index.php\/2019\/09\/07\/hcd-todo-lo-que-se-dijo-en-la-ultima-sesion-informe-fotos-y-alocuciones-en-video\/#article\",\"isPartOf\":{\"@id\":\"https:\/\/www.celttv.com.ar\/index.php\/2019\/09\/07\/hcd-todo-lo-que-se-dijo-en-la-ultima-sesion-informe-fotos-y-alocuciones-en-video\/\"},\"author\":{\"name\":\"ulises\",\"@id\":\"https:\/\/www.celttv.com.ar\/#\/schema\/person\/6d99c072dba59953809c81446e9d0ace\"},\"headline\":\"HCD.: Todo lo que se dijo en la \u00faltima sesi\u00f3n (informe, fotos y alocuciones en video)\",\"datePublished\":\"2019-09-07T13:54:27+00:00\",\"dateModified\":\"2019-09-07T13:54:27+00:00\",\"mainEntityOfPage\":{\"@id\":\"https:\/\/www.celttv.com.ar\/index.php\/2019\/09\/07\/hcd-todo-lo-que-se-dijo-en-la-ultima-sesion-informe-fotos-y-alocuciones-en-video\/\"},\"wordCount\":2483,\"publisher\":{\"@id\":\"https:\/\/www.celttv.com.ar\/#organization\"},\"articleSection\":[\"Comunidad\",\"Destacadas\",\"Pol\u00edtica\"],\"inLanguage\":\"es\"},{\"@type\":\"WebPage\",\"@id\":\"https:\/\/www.celttv.com.ar\/index.php\/2019\/09\/07\/hcd-todo-lo-que-se-dijo-en-la-ultima-sesion-informe-fotos-y-alocuciones-en-video\/\",\"url\":\"https:\/\/www.celttv.com.ar\/index.php\/2019\/09\/07\/hcd-todo-lo-que-se-dijo-en-la-ultima-sesion-informe-fotos-y-alocuciones-en-video\/\",\"name\":\"HCD.: Todo lo que se dijo en la \u00faltima sesi\u00f3n (informe, fotos y alocuciones en video) - CELTTV\",\"isPartOf\":{\"@id\":\"https:\/\/www.celttv.com.ar\/#website\"},\"datePublished\":\"2019-09-07T13:54:27+00:00\",\"dateModified\":\"2019-09-07T13:54:27+00:00\",\"description\":\"Sitio web de noticias de la localidad de Tornquist, provincia de Buenos Aires, Rep\u00fablica Argentina. Contenido propio originado por periodistas de CELTTV, el canal de TV local de la Cooperativa El\u00e9ctrica de Tornquist. Turismo, Pol\u00edtica, Sociedad, Deporte, Cultura y todo el contenido de inter\u00e9s general que la gente del pueblo y la regi\u00f3n debe conocer.\",\"breadcrumb\":{\"@id\":\"https:\/\/www.celttv.com.ar\/index.php\/2019\/09\/07\/hcd-todo-lo-que-se-dijo-en-la-ultima-sesion-informe-fotos-y-alocuciones-en-video\/#breadcrumb\"},\"inLanguage\":\"es\",\"potentialAction\":[{\"@type\":\"ReadAction\",\"target\":[\"https:\/\/www.celttv.com.ar\/index.php\/2019\/09\/07\/hcd-todo-lo-que-se-dijo-en-la-ultima-sesion-informe-fotos-y-alocuciones-en-video\/\"]}]},{\"@type\":\"BreadcrumbList\",\"@id\":\"https:\/\/www.celttv.com.ar\/index.php\/2019\/09\/07\/hcd-todo-lo-que-se-dijo-en-la-ultima-sesion-informe-fotos-y-alocuciones-en-video\/#breadcrumb\",\"itemListElement\":[{\"@type\":\"ListItem\",\"position\":1,\"name\":\"Inicio\",\"item\":\"https:\/\/www.celttv.com.ar\/\"},{\"@type\":\"ListItem\",\"position\":2,\"name\":\"HCD.: Todo lo que se dijo en la \u00faltima sesi\u00f3n (informe, fotos y alocuciones en video)\"}]},{\"@type\":\"WebSite\",\"@id\":\"https:\/\/www.celttv.com.ar\/#website\",\"url\":\"https:\/\/www.celttv.com.ar\/\",\"name\":\"CELTTV\",\"description\":\"Cooperativa El\u00e9ctrica de Tornquist\",\"publisher\":{\"@id\":\"https:\/\/www.celttv.com.ar\/#organization\"},\"potentialAction\":[{\"@type\":\"SearchAction\",\"target\":{\"@type\":\"EntryPoint\",\"urlTemplate\":\"https:\/\/www.celttv.com.ar\/?s={search_term_string}\"},\"query-input\":\"required name=search_term_string\"}],\"inLanguage\":\"es\"},{\"@type\":\"Organization\",\"@id\":\"https:\/\/www.celttv.com.ar\/#organization\",\"name\":\"CELTTV\",\"url\":\"https:\/\/www.celttv.com.ar\/\",\"sameAs\":[\"https:\/\/www.youtube.com\/channel\/UCz_oIt8Hig64Ub-EmcNPIhg\",\"https:\/\/www.facebook.com\/celtTV\/\"],\"logo\":{\"@type\":\"ImageObject\",\"inLanguage\":\"es\",\"@id\":\"https:\/\/www.celttv.com.ar\/#\/schema\/logo\/image\/\",\"url\":\"http:\/\/www.celttv.com.ar\/wp-content\/uploads\/2022\/08\/logo-1.png\",\"contentUrl\":\"http:\/\/www.celttv.com.ar\/wp-content\/uploads\/2022\/08\/logo-1.png\",\"width\":461,\"height\":159,\"caption\":\"CELTTV\"},\"image\":{\"@id\":\"https:\/\/www.celttv.com.ar\/#\/schema\/logo\/image\/\"}},{\"@type\":\"Person\",\"@id\":\"https:\/\/www.celttv.com.ar\/#\/schema\/person\/6d99c072dba59953809c81446e9d0ace\",\"name\":\"ulises\",\"image\":{\"@type\":\"ImageObject\",\"inLanguage\":\"es\",\"@id\":\"https:\/\/www.celttv.com.ar\/#\/schema\/person\/image\/\",\"url\":\"https:\/\/secure.gravatar.com\/avatar\/7f2c48bdc33b30088f941fb6082e555f2874c98e20cb159d7b92b50eadfce793?s=96&d=mm&r=g\",\"contentUrl\":\"https:\/\/secure.gravatar.com\/avatar\/7f2c48bdc33b30088f941fb6082e555f2874c98e20cb159d7b92b50eadfce793?s=96&d=mm&r=g\",\"caption\":\"ulises\"},\"sameAs\":[\"http:\/\/www.celttv.com.ar\"]}]}<\/script>\n<!-- \/ Yoast SEO plugin. -->","yoast_head_json":{"title":"HCD.: Todo lo que se dijo en la \u00faltima sesi\u00f3n (informe, fotos y alocuciones en video) - CELTTV","description":"Sitio web de noticias de la localidad de Tornquist, provincia de Buenos Aires, Rep\u00fablica Argentina. Contenido propio originado por periodistas de CELTTV, el canal de TV local de la Cooperativa El\u00e9ctrica de Tornquist. Turismo, Pol\u00edtica, Sociedad, Deporte, Cultura y todo el contenido de inter\u00e9s general que la gente del pueblo y la regi\u00f3n debe conocer.","robots":{"index":"index","follow":"follow","max-snippet":"max-snippet:-1","max-image-preview":"max-image-preview:large","max-video-preview":"max-video-preview:-1"},"canonical":"https:\/\/www.celttv.com.ar\/index.php\/2019\/09\/07\/hcd-todo-lo-que-se-dijo-en-la-ultima-sesion-informe-fotos-y-alocuciones-en-video\/","og_locale":"es_ES","og_type":"article","og_title":"HCD.: Todo lo que se dijo en la \u00faltima sesi\u00f3n (informe, fotos y alocuciones en video) - CELTTV","og_description":"Sitio web de noticias de la localidad de Tornquist, provincia de Buenos Aires, Rep\u00fablica Argentina. Contenido propio originado por periodistas de CELTTV, el canal de TV local de la Cooperativa El\u00e9ctrica de Tornquist. Turismo, Pol\u00edtica, Sociedad, Deporte, Cultura y todo el contenido de inter\u00e9s general que la gente del pueblo y la regi\u00f3n debe conocer.","og_url":"https:\/\/www.celttv.com.ar\/index.php\/2019\/09\/07\/hcd-todo-lo-que-se-dijo-en-la-ultima-sesion-informe-fotos-y-alocuciones-en-video\/","og_site_name":"CELTTV","article_publisher":"https:\/\/www.facebook.com\/celtTV\/","article_published_time":"2019-09-07T13:54:27+00:00","og_image":[{"width":1024,"height":768,"url":"https:\/\/www.celttv.com.ar\/wp-content\/uploads\/2019\/09\/P1100188.jpg","type":"image\/jpeg"}],"author":"ulises","twitter_card":"summary_large_image","twitter_misc":{"Escrito por":"ulises","Tiempo de lectura":"12 minutos"},"schema":{"@context":"https:\/\/schema.org","@graph":[{"@type":"NewsArticle","@id":"https:\/\/www.celttv.com.ar\/index.php\/2019\/09\/07\/hcd-todo-lo-que-se-dijo-en-la-ultima-sesion-informe-fotos-y-alocuciones-en-video\/#article","isPartOf":{"@id":"https:\/\/www.celttv.com.ar\/index.php\/2019\/09\/07\/hcd-todo-lo-que-se-dijo-en-la-ultima-sesion-informe-fotos-y-alocuciones-en-video\/"},"author":{"name":"ulises","@id":"https:\/\/www.celttv.com.ar\/#\/schema\/person\/6d99c072dba59953809c81446e9d0ace"},"headline":"HCD.: Todo lo que se dijo en la \u00faltima sesi\u00f3n (informe, fotos y alocuciones en video)","datePublished":"2019-09-07T13:54:27+00:00","dateModified":"2019-09-07T13:54:27+00:00","mainEntityOfPage":{"@id":"https:\/\/www.celttv.com.ar\/index.php\/2019\/09\/07\/hcd-todo-lo-que-se-dijo-en-la-ultima-sesion-informe-fotos-y-alocuciones-en-video\/"},"wordCount":2483,"publisher":{"@id":"https:\/\/www.celttv.com.ar\/#organization"},"articleSection":["Comunidad","Destacadas","Pol\u00edtica"],"inLanguage":"es"},{"@type":"WebPage","@id":"https:\/\/www.celttv.com.ar\/index.php\/2019\/09\/07\/hcd-todo-lo-que-se-dijo-en-la-ultima-sesion-informe-fotos-y-alocuciones-en-video\/","url":"https:\/\/www.celttv.com.ar\/index.php\/2019\/09\/07\/hcd-todo-lo-que-se-dijo-en-la-ultima-sesion-informe-fotos-y-alocuciones-en-video\/","name":"HCD.: Todo lo que se dijo en la \u00faltima sesi\u00f3n (informe, fotos y alocuciones en video) - CELTTV","isPartOf":{"@id":"https:\/\/www.celttv.com.ar\/#website"},"datePublished":"2019-09-07T13:54:27+00:00","dateModified":"2019-09-07T13:54:27+00:00","description":"Sitio web de noticias de la localidad de Tornquist, provincia de Buenos Aires, Rep\u00fablica Argentina. Contenido propio originado por periodistas de CELTTV, el canal de TV local de la Cooperativa El\u00e9ctrica de Tornquist. Turismo, Pol\u00edtica, Sociedad, Deporte, Cultura y todo el contenido de inter\u00e9s general que la gente del pueblo y la regi\u00f3n debe conocer.","breadcrumb":{"@id":"https:\/\/www.celttv.com.ar\/index.php\/2019\/09\/07\/hcd-todo-lo-que-se-dijo-en-la-ultima-sesion-informe-fotos-y-alocuciones-en-video\/#breadcrumb"},"inLanguage":"es","potentialAction":[{"@type":"ReadAction","target":["https:\/\/www.celttv.com.ar\/index.php\/2019\/09\/07\/hcd-todo-lo-que-se-dijo-en-la-ultima-sesion-informe-fotos-y-alocuciones-en-video\/"]}]},{"@type":"BreadcrumbList","@id":"https:\/\/www.celttv.com.ar\/index.php\/2019\/09\/07\/hcd-todo-lo-que-se-dijo-en-la-ultima-sesion-informe-fotos-y-alocuciones-en-video\/#breadcrumb","itemListElement":[{"@type":"ListItem","position":1,"name":"Inicio","item":"https:\/\/www.celttv.com.ar\/"},{"@type":"ListItem","position":2,"name":"HCD.: Todo lo que se dijo en la \u00faltima sesi\u00f3n (informe, fotos y alocuciones en video)"}]},{"@type":"WebSite","@id":"https:\/\/www.celttv.com.ar\/#website","url":"https:\/\/www.celttv.com.ar\/","name":"CELTTV","description":"Cooperativa El\u00e9ctrica de Tornquist","publisher":{"@id":"https:\/\/www.celttv.com.ar\/#organization"},"potentialAction":[{"@type":"SearchAction","target":{"@type":"EntryPoint","urlTemplate":"https:\/\/www.celttv.com.ar\/?s={search_term_string}"},"query-input":"required name=search_term_string"}],"inLanguage":"es"},{"@type":"Organization","@id":"https:\/\/www.celttv.com.ar\/#organization","name":"CELTTV","url":"https:\/\/www.celttv.com.ar\/","sameAs":["https:\/\/www.youtube.com\/channel\/UCz_oIt8Hig64Ub-EmcNPIhg","https:\/\/www.facebook.com\/celtTV\/"],"logo":{"@type":"ImageObject","inLanguage":"es","@id":"https:\/\/www.celttv.com.ar\/#\/schema\/logo\/image\/","url":"http:\/\/www.celttv.com.ar\/wp-content\/uploads\/2022\/08\/logo-1.png","contentUrl":"http:\/\/www.celttv.com.ar\/wp-content\/uploads\/2022\/08\/logo-1.png","width":461,"height":159,"caption":"CELTTV"},"image":{"@id":"https:\/\/www.celttv.com.ar\/#\/schema\/logo\/image\/"}},{"@type":"Person","@id":"https:\/\/www.celttv.com.ar\/#\/schema\/person\/6d99c072dba59953809c81446e9d0ace","name":"ulises","image":{"@type":"ImageObject","inLanguage":"es","@id":"https:\/\/www.celttv.com.ar\/#\/schema\/person\/image\/","url":"https:\/\/secure.gravatar.com\/avatar\/7f2c48bdc33b30088f941fb6082e555f2874c98e20cb159d7b92b50eadfce793?s=96&d=mm&r=g","contentUrl":"https:\/\/secure.gravatar.com\/avatar\/7f2c48bdc33b30088f941fb6082e555f2874c98e20cb159d7b92b50eadfce793?s=96&d=mm&r=g","caption":"ulises"},"sameAs":["http:\/\/www.celttv.com.ar"]}]}},"_links":{"self":[{"href":"https:\/\/www.celttv.com.ar\/index.php\/wp-json\/wp\/v2\/posts\/43738","targetHints":{"allow":["GET"]}}],"collection":[{"href":"https:\/\/www.celttv.com.ar\/index.php\/wp-json\/wp\/v2\/posts"}],"about":[{"href":"https:\/\/www.celttv.com.ar\/index.php\/wp-json\/wp\/v2\/types\/post"}],"author":[{"embeddable":true,"href":"https:\/\/www.celttv.com.ar\/index.php\/wp-json\/wp\/v2\/users\/1"}],"replies":[{"embeddable":true,"href":"https:\/\/www.celttv.com.ar\/index.php\/wp-json\/wp\/v2\/comments?post=43738"}],"version-history":[{"count":0,"href":"https:\/\/www.celttv.com.ar\/index.php\/wp-json\/wp\/v2\/posts\/43738\/revisions"}],"wp:featuredmedia":[{"embeddable":true,"href":"https:\/\/www.celttv.com.ar\/index.php\/wp-json\/wp\/v2\/media\/43750"}],"wp:attachment":[{"href":"https:\/\/www.celttv.com.ar\/index.php\/wp-json\/wp\/v2\/media?parent=43738"}],"wp:term":[{"taxonomy":"category","embeddable":true,"href":"https:\/\/www.celttv.com.ar\/index.php\/wp-json\/wp\/v2\/categories?post=43738"},{"taxonomy":"post_tag","embeddable":true,"href":"https:\/\/www.celttv.com.ar\/index.php\/wp-json\/wp\/v2\/tags?post=43738"}],"curies":[{"name":"wp","href":"https:\/\/api.w.org\/{rel}","templated":true}]}}