{"id":4391,"date":"2012-01-04T14:35:37","date_gmt":"2012-01-04T14:35:37","guid":{"rendered":"http:\/\/www.tvcnoticias.com.ar\/?p=4391"},"modified":"2012-01-04T14:35:37","modified_gmt":"2012-01-04T14:35:37","slug":"festejos-por-la-puesta-en-valor-del-fortin-pavon","status":"publish","type":"post","link":"https:\/\/www.celttv.com.ar\/index.php\/2012\/01\/04\/festejos-por-la-puesta-en-valor-del-fortin-pavon\/","title":{"rendered":"SALDUNGARAY: FESTEJOS POR LA PUESTA EN VALOR DEL FORTIN PAVON"},"content":{"rendered":"<p>La Secretar\u00eda de Turismo Cultura y Deportes del Municipio de Tornquist, informa que el d\u00eda s\u00e1bado 07 de Enero de 2012, desde las 21:00 horas se llevar\u00e1n a cabo los festejos por la puesta en valor del FORTIN PAV\u00d2N, (Sitio Hist\u00f3rico Nacional).<br \/>\nSeg\u00fan consta en la historia un 17 de Noviembre de 1862 por disposici\u00f3n del entonces Presidente Argentino General Bartolom\u00e9 Mitre, se creaba un fort\u00edn en el lugar cuya funci\u00f3n era proteger a los primeros hacendados que se radicaban en las m\u00e1rgenes del R\u00edo Sauce Grande.<br \/>\nYa en el a\u00f1o 1863, un 7 de Enero se le daba\u00a0 la denominaci\u00f3n de Fort\u00edn Pav\u00f3n en homenaje a la batalla hom\u00f3nima.<br \/>\nA 149 a\u00f1os de esa fecha trascendental y en honor a los sucesos acaecidos en esa zona de nuestro Distrito, se llevar\u00e1n a cabo distintos eventos para recordar dicha fecha.<br \/>\nSe presentar\u00e1n en la jornada las distintas Pe\u00f1as Folkl\u00f3ricas de Saldungaray, actuar\u00e0n Adri\u00e1n y Gisele Vento (Tandil), el recitador Enrique Gonz\u00e1lez (Tornquist), inauguraci\u00f3n de la primera etapa de se\u00f1al\u00e9tica, se oficiar\u00e1 el acto protocolar y posteriormente se proceder\u00e1 a realizar la salva de artiller\u00eda a cargo de la Cofrad\u00eda de Artilleros de la Fortaleza Tiro Federal Bah\u00eda Blanca.<br \/>\nHabr\u00e1 un esmerado servicio gastron\u00f2mico, la entrada ser\u00e1 libre y gratuita, en tanto el ingreso al predio del Fort\u00edn (zona adyacente al Camping Municipal) se har\u00e1 por las calles Pav\u00f3n y Corrales.<br \/>\nSe invita a toda la comunidad del Distrito y la zona a compartir y vivenciar una jornada \u00fanica y emotiva que marcar\u00e1 la recuperaci\u00f3n de un Sitio Hist\u00f3rico Nacional por excelencia.<br \/>\n<img loading=\"lazy\" decoding=\"async\" class=\"aligncenter size-full wp-image-4392\" title=\"Fortin_pavon-afiche (Small)\" src=\"http:\/\/www.tvcnoticias.com.ar\/wp-content\/uploads\/2012\/01\/Fortin_pavon-afiche-Small.jpg\" alt=\"\" width=\"640\" height=\"452\" \/><\/p>\n","protected":false},"excerpt":{"rendered":"<p>La Secretar\u00eda de Turismo Cultura y Deportes del Municipio de Tornquist, informa que el d\u00eda s\u00e1bado 07 de Enero de 2012, desde las 21:00 horas se llevar\u00e1n a cabo los festejos por la puesta en valor del FORTIN PAV\u00d2N, (Sitio Hist\u00f3rico Nacional). Seg\u00fan consta en la historia un 17 de Noviembre de 1862 por disposici\u00f3n [&hellip;]<\/p>\n","protected":false},"author":1,"featured_media":0,"comment_status":"closed","ping_status":"open","sticky":false,"template":"","format":"standard","meta":{"footnotes":""},"categories":[51,52,53],"tags":[],"class_list":["post-4391","post","type-post","status-publish","format-standard","hentry","category-comunidad","category-destacadas","category-politica"],"yoast_head":"<!-- This site is optimized with the Yoast SEO plugin v19.7.1 - https:\/\/yoast.com\/wordpress\/plugins\/seo\/ -->\n<title>SALDUNGARAY: FESTEJOS POR LA PUESTA EN VALOR DEL FORTIN PAVON - CELTTV<\/title>\n<meta name=\"description\" content=\"Sitio web de noticias de la localidad de Tornquist, provincia de Buenos Aires, Rep\u00fablica Argentina. Contenido propio originado por periodistas de CELTTV, el canal de TV local de la Cooperativa El\u00e9ctrica de Tornquist. Turismo, Pol\u00edtica, Sociedad, Deporte, Cultura y todo el contenido de inter\u00e9s general que la gente del pueblo y la regi\u00f3n debe conocer.\" \/>\n<meta name=\"robots\" content=\"index, follow, max-snippet:-1, max-image-preview:large, max-video-preview:-1\" \/>\n<link rel=\"canonical\" href=\"https:\/\/www.celttv.com.ar\/index.php\/2012\/01\/04\/festejos-por-la-puesta-en-valor-del-fortin-pavon\/\" \/>\n<meta property=\"og:locale\" content=\"es_ES\" \/>\n<meta property=\"og:type\" content=\"article\" \/>\n<meta property=\"og:title\" content=\"SALDUNGARAY: FESTEJOS POR LA PUESTA EN VALOR DEL FORTIN PAVON - CELTTV\" \/>\n<meta property=\"og:description\" content=\"Sitio web de noticias de la localidad de Tornquist, provincia de Buenos Aires, Rep\u00fablica Argentina. Contenido propio originado por periodistas de CELTTV, el canal de TV local de la Cooperativa El\u00e9ctrica de Tornquist. Turismo, Pol\u00edtica, Sociedad, Deporte, Cultura y todo el contenido de inter\u00e9s general que la gente del pueblo y la regi\u00f3n debe conocer.\" \/>\n<meta property=\"og:url\" content=\"https:\/\/www.celttv.com.ar\/index.php\/2012\/01\/04\/festejos-por-la-puesta-en-valor-del-fortin-pavon\/\" \/>\n<meta property=\"og:site_name\" content=\"CELTTV\" \/>\n<meta property=\"article:publisher\" content=\"https:\/\/www.facebook.com\/celtTV\/\" \/>\n<meta property=\"article:published_time\" content=\"2012-01-04T14:35:37+00:00\" \/>\n<meta property=\"og:image\" content=\"http:\/\/www.tvcnoticias.com.ar\/wp-content\/uploads\/2012\/01\/Fortin_pavon-afiche-Small.jpg\" \/>\n<meta name=\"author\" content=\"ulises\" \/>\n<meta name=\"twitter:card\" content=\"summary_large_image\" \/>\n<meta name=\"twitter:label1\" content=\"Escrito por\" \/>\n\t<meta name=\"twitter:data1\" content=\"ulises\" \/>\n\t<meta name=\"twitter:label2\" content=\"Tiempo de lectura\" \/>\n\t<meta name=\"twitter:data2\" content=\"1 minuto\" \/>\n<script type=\"application\/ld+json\" class=\"yoast-schema-graph\">{\"@context\":\"https:\/\/schema.org\",\"@graph\":[{\"@type\":\"NewsArticle\",\"@id\":\"https:\/\/www.celttv.com.ar\/index.php\/2012\/01\/04\/festejos-por-la-puesta-en-valor-del-fortin-pavon\/#article\",\"isPartOf\":{\"@id\":\"https:\/\/www.celttv.com.ar\/index.php\/2012\/01\/04\/festejos-por-la-puesta-en-valor-del-fortin-pavon\/\"},\"author\":{\"name\":\"ulises\",\"@id\":\"https:\/\/www.celttv.com.ar\/#\/schema\/person\/6d99c072dba59953809c81446e9d0ace\"},\"headline\":\"SALDUNGARAY: FESTEJOS POR LA PUESTA EN VALOR DEL FORTIN PAVON\",\"datePublished\":\"2012-01-04T14:35:37+00:00\",\"dateModified\":\"2012-01-04T14:35:37+00:00\",\"mainEntityOfPage\":{\"@id\":\"https:\/\/www.celttv.com.ar\/index.php\/2012\/01\/04\/festejos-por-la-puesta-en-valor-del-fortin-pavon\/\"},\"wordCount\":299,\"publisher\":{\"@id\":\"https:\/\/www.celttv.com.ar\/#organization\"},\"articleSection\":[\"Comunidad\",\"Destacadas\",\"Pol\u00edtica\"],\"inLanguage\":\"es\"},{\"@type\":\"WebPage\",\"@id\":\"https:\/\/www.celttv.com.ar\/index.php\/2012\/01\/04\/festejos-por-la-puesta-en-valor-del-fortin-pavon\/\",\"url\":\"https:\/\/www.celttv.com.ar\/index.php\/2012\/01\/04\/festejos-por-la-puesta-en-valor-del-fortin-pavon\/\",\"name\":\"SALDUNGARAY: FESTEJOS POR LA PUESTA EN VALOR DEL FORTIN PAVON - CELTTV\",\"isPartOf\":{\"@id\":\"https:\/\/www.celttv.com.ar\/#website\"},\"datePublished\":\"2012-01-04T14:35:37+00:00\",\"dateModified\":\"2012-01-04T14:35:37+00:00\",\"description\":\"Sitio web de noticias de la localidad de Tornquist, provincia de Buenos Aires, Rep\u00fablica Argentina. Contenido propio originado por periodistas de CELTTV, el canal de TV local de la Cooperativa El\u00e9ctrica de Tornquist. Turismo, Pol\u00edtica, Sociedad, Deporte, Cultura y todo el contenido de inter\u00e9s general que la gente del pueblo y la regi\u00f3n debe conocer.\",\"breadcrumb\":{\"@id\":\"https:\/\/www.celttv.com.ar\/index.php\/2012\/01\/04\/festejos-por-la-puesta-en-valor-del-fortin-pavon\/#breadcrumb\"},\"inLanguage\":\"es\",\"potentialAction\":[{\"@type\":\"ReadAction\",\"target\":[\"https:\/\/www.celttv.com.ar\/index.php\/2012\/01\/04\/festejos-por-la-puesta-en-valor-del-fortin-pavon\/\"]}]},{\"@type\":\"BreadcrumbList\",\"@id\":\"https:\/\/www.celttv.com.ar\/index.php\/2012\/01\/04\/festejos-por-la-puesta-en-valor-del-fortin-pavon\/#breadcrumb\",\"itemListElement\":[{\"@type\":\"ListItem\",\"position\":1,\"name\":\"Inicio\",\"item\":\"https:\/\/www.celttv.com.ar\/\"},{\"@type\":\"ListItem\",\"position\":2,\"name\":\"SALDUNGARAY: FESTEJOS POR LA PUESTA EN VALOR DEL FORTIN PAVON\"}]},{\"@type\":\"WebSite\",\"@id\":\"https:\/\/www.celttv.com.ar\/#website\",\"url\":\"https:\/\/www.celttv.com.ar\/\",\"name\":\"CELTTV\",\"description\":\"Cooperativa El\u00e9ctrica de Tornquist\",\"publisher\":{\"@id\":\"https:\/\/www.celttv.com.ar\/#organization\"},\"potentialAction\":[{\"@type\":\"SearchAction\",\"target\":{\"@type\":\"EntryPoint\",\"urlTemplate\":\"https:\/\/www.celttv.com.ar\/?s={search_term_string}\"},\"query-input\":\"required name=search_term_string\"}],\"inLanguage\":\"es\"},{\"@type\":\"Organization\",\"@id\":\"https:\/\/www.celttv.com.ar\/#organization\",\"name\":\"CELTTV\",\"url\":\"https:\/\/www.celttv.com.ar\/\",\"sameAs\":[\"https:\/\/www.youtube.com\/channel\/UCz_oIt8Hig64Ub-EmcNPIhg\",\"https:\/\/www.facebook.com\/celtTV\/\"],\"logo\":{\"@type\":\"ImageObject\",\"inLanguage\":\"es\",\"@id\":\"https:\/\/www.celttv.com.ar\/#\/schema\/logo\/image\/\",\"url\":\"http:\/\/www.celttv.com.ar\/wp-content\/uploads\/2022\/08\/logo-1.png\",\"contentUrl\":\"http:\/\/www.celttv.com.ar\/wp-content\/uploads\/2022\/08\/logo-1.png\",\"width\":461,\"height\":159,\"caption\":\"CELTTV\"},\"image\":{\"@id\":\"https:\/\/www.celttv.com.ar\/#\/schema\/logo\/image\/\"}},{\"@type\":\"Person\",\"@id\":\"https:\/\/www.celttv.com.ar\/#\/schema\/person\/6d99c072dba59953809c81446e9d0ace\",\"name\":\"ulises\",\"image\":{\"@type\":\"ImageObject\",\"inLanguage\":\"es\",\"@id\":\"https:\/\/www.celttv.com.ar\/#\/schema\/person\/image\/\",\"url\":\"https:\/\/secure.gravatar.com\/avatar\/7f2c48bdc33b30088f941fb6082e555f2874c98e20cb159d7b92b50eadfce793?s=96&d=mm&r=g\",\"contentUrl\":\"https:\/\/secure.gravatar.com\/avatar\/7f2c48bdc33b30088f941fb6082e555f2874c98e20cb159d7b92b50eadfce793?s=96&d=mm&r=g\",\"caption\":\"ulises\"},\"sameAs\":[\"http:\/\/www.celttv.com.ar\"]}]}<\/script>\n<!-- \/ Yoast SEO plugin. -->","yoast_head_json":{"title":"SALDUNGARAY: FESTEJOS POR LA PUESTA EN VALOR DEL FORTIN PAVON - CELTTV","description":"Sitio web de noticias de la localidad de Tornquist, provincia de Buenos Aires, Rep\u00fablica Argentina. Contenido propio originado por periodistas de CELTTV, el canal de TV local de la Cooperativa El\u00e9ctrica de Tornquist. Turismo, Pol\u00edtica, Sociedad, Deporte, Cultura y todo el contenido de inter\u00e9s general que la gente del pueblo y la regi\u00f3n debe conocer.","robots":{"index":"index","follow":"follow","max-snippet":"max-snippet:-1","max-image-preview":"max-image-preview:large","max-video-preview":"max-video-preview:-1"},"canonical":"https:\/\/www.celttv.com.ar\/index.php\/2012\/01\/04\/festejos-por-la-puesta-en-valor-del-fortin-pavon\/","og_locale":"es_ES","og_type":"article","og_title":"SALDUNGARAY: FESTEJOS POR LA PUESTA EN VALOR DEL FORTIN PAVON - CELTTV","og_description":"Sitio web de noticias de la localidad de Tornquist, provincia de Buenos Aires, Rep\u00fablica Argentina. Contenido propio originado por periodistas de CELTTV, el canal de TV local de la Cooperativa El\u00e9ctrica de Tornquist. Turismo, Pol\u00edtica, Sociedad, Deporte, Cultura y todo el contenido de inter\u00e9s general que la gente del pueblo y la regi\u00f3n debe conocer.","og_url":"https:\/\/www.celttv.com.ar\/index.php\/2012\/01\/04\/festejos-por-la-puesta-en-valor-del-fortin-pavon\/","og_site_name":"CELTTV","article_publisher":"https:\/\/www.facebook.com\/celtTV\/","article_published_time":"2012-01-04T14:35:37+00:00","og_image":[{"url":"http:\/\/www.tvcnoticias.com.ar\/wp-content\/uploads\/2012\/01\/Fortin_pavon-afiche-Small.jpg"}],"author":"ulises","twitter_card":"summary_large_image","twitter_misc":{"Escrito por":"ulises","Tiempo de lectura":"1 minuto"},"schema":{"@context":"https:\/\/schema.org","@graph":[{"@type":"NewsArticle","@id":"https:\/\/www.celttv.com.ar\/index.php\/2012\/01\/04\/festejos-por-la-puesta-en-valor-del-fortin-pavon\/#article","isPartOf":{"@id":"https:\/\/www.celttv.com.ar\/index.php\/2012\/01\/04\/festejos-por-la-puesta-en-valor-del-fortin-pavon\/"},"author":{"name":"ulises","@id":"https:\/\/www.celttv.com.ar\/#\/schema\/person\/6d99c072dba59953809c81446e9d0ace"},"headline":"SALDUNGARAY: FESTEJOS POR LA PUESTA EN VALOR DEL FORTIN PAVON","datePublished":"2012-01-04T14:35:37+00:00","dateModified":"2012-01-04T14:35:37+00:00","mainEntityOfPage":{"@id":"https:\/\/www.celttv.com.ar\/index.php\/2012\/01\/04\/festejos-por-la-puesta-en-valor-del-fortin-pavon\/"},"wordCount":299,"publisher":{"@id":"https:\/\/www.celttv.com.ar\/#organization"},"articleSection":["Comunidad","Destacadas","Pol\u00edtica"],"inLanguage":"es"},{"@type":"WebPage","@id":"https:\/\/www.celttv.com.ar\/index.php\/2012\/01\/04\/festejos-por-la-puesta-en-valor-del-fortin-pavon\/","url":"https:\/\/www.celttv.com.ar\/index.php\/2012\/01\/04\/festejos-por-la-puesta-en-valor-del-fortin-pavon\/","name":"SALDUNGARAY: FESTEJOS POR LA PUESTA EN VALOR DEL FORTIN PAVON - CELTTV","isPartOf":{"@id":"https:\/\/www.celttv.com.ar\/#website"},"datePublished":"2012-01-04T14:35:37+00:00","dateModified":"2012-01-04T14:35:37+00:00","description":"Sitio web de noticias de la localidad de Tornquist, provincia de Buenos Aires, Rep\u00fablica Argentina. Contenido propio originado por periodistas de CELTTV, el canal de TV local de la Cooperativa El\u00e9ctrica de Tornquist. Turismo, Pol\u00edtica, Sociedad, Deporte, Cultura y todo el contenido de inter\u00e9s general que la gente del pueblo y la regi\u00f3n debe conocer.","breadcrumb":{"@id":"https:\/\/www.celttv.com.ar\/index.php\/2012\/01\/04\/festejos-por-la-puesta-en-valor-del-fortin-pavon\/#breadcrumb"},"inLanguage":"es","potentialAction":[{"@type":"ReadAction","target":["https:\/\/www.celttv.com.ar\/index.php\/2012\/01\/04\/festejos-por-la-puesta-en-valor-del-fortin-pavon\/"]}]},{"@type":"BreadcrumbList","@id":"https:\/\/www.celttv.com.ar\/index.php\/2012\/01\/04\/festejos-por-la-puesta-en-valor-del-fortin-pavon\/#breadcrumb","itemListElement":[{"@type":"ListItem","position":1,"name":"Inicio","item":"https:\/\/www.celttv.com.ar\/"},{"@type":"ListItem","position":2,"name":"SALDUNGARAY: FESTEJOS POR LA PUESTA EN VALOR DEL FORTIN PAVON"}]},{"@type":"WebSite","@id":"https:\/\/www.celttv.com.ar\/#website","url":"https:\/\/www.celttv.com.ar\/","name":"CELTTV","description":"Cooperativa El\u00e9ctrica de Tornquist","publisher":{"@id":"https:\/\/www.celttv.com.ar\/#organization"},"potentialAction":[{"@type":"SearchAction","target":{"@type":"EntryPoint","urlTemplate":"https:\/\/www.celttv.com.ar\/?s={search_term_string}"},"query-input":"required name=search_term_string"}],"inLanguage":"es"},{"@type":"Organization","@id":"https:\/\/www.celttv.com.ar\/#organization","name":"CELTTV","url":"https:\/\/www.celttv.com.ar\/","sameAs":["https:\/\/www.youtube.com\/channel\/UCz_oIt8Hig64Ub-EmcNPIhg","https:\/\/www.facebook.com\/celtTV\/"],"logo":{"@type":"ImageObject","inLanguage":"es","@id":"https:\/\/www.celttv.com.ar\/#\/schema\/logo\/image\/","url":"http:\/\/www.celttv.com.ar\/wp-content\/uploads\/2022\/08\/logo-1.png","contentUrl":"http:\/\/www.celttv.com.ar\/wp-content\/uploads\/2022\/08\/logo-1.png","width":461,"height":159,"caption":"CELTTV"},"image":{"@id":"https:\/\/www.celttv.com.ar\/#\/schema\/logo\/image\/"}},{"@type":"Person","@id":"https:\/\/www.celttv.com.ar\/#\/schema\/person\/6d99c072dba59953809c81446e9d0ace","name":"ulises","image":{"@type":"ImageObject","inLanguage":"es","@id":"https:\/\/www.celttv.com.ar\/#\/schema\/person\/image\/","url":"https:\/\/secure.gravatar.com\/avatar\/7f2c48bdc33b30088f941fb6082e555f2874c98e20cb159d7b92b50eadfce793?s=96&d=mm&r=g","contentUrl":"https:\/\/secure.gravatar.com\/avatar\/7f2c48bdc33b30088f941fb6082e555f2874c98e20cb159d7b92b50eadfce793?s=96&d=mm&r=g","caption":"ulises"},"sameAs":["http:\/\/www.celttv.com.ar"]}]}},"_links":{"self":[{"href":"https:\/\/www.celttv.com.ar\/index.php\/wp-json\/wp\/v2\/posts\/4391","targetHints":{"allow":["GET"]}}],"collection":[{"href":"https:\/\/www.celttv.com.ar\/index.php\/wp-json\/wp\/v2\/posts"}],"about":[{"href":"https:\/\/www.celttv.com.ar\/index.php\/wp-json\/wp\/v2\/types\/post"}],"author":[{"embeddable":true,"href":"https:\/\/www.celttv.com.ar\/index.php\/wp-json\/wp\/v2\/users\/1"}],"replies":[{"embeddable":true,"href":"https:\/\/www.celttv.com.ar\/index.php\/wp-json\/wp\/v2\/comments?post=4391"}],"version-history":[{"count":0,"href":"https:\/\/www.celttv.com.ar\/index.php\/wp-json\/wp\/v2\/posts\/4391\/revisions"}],"wp:attachment":[{"href":"https:\/\/www.celttv.com.ar\/index.php\/wp-json\/wp\/v2\/media?parent=4391"}],"wp:term":[{"taxonomy":"category","embeddable":true,"href":"https:\/\/www.celttv.com.ar\/index.php\/wp-json\/wp\/v2\/categories?post=4391"},{"taxonomy":"post_tag","embeddable":true,"href":"https:\/\/www.celttv.com.ar\/index.php\/wp-json\/wp\/v2\/tags?post=4391"}],"curies":[{"name":"wp","href":"https:\/\/api.w.org\/{rel}","templated":true}]}}