{"id":43953,"date":"2019-09-14T21:13:14","date_gmt":"2019-09-14T21:13:14","guid":{"rendered":"http:\/\/www.celttv.com.ar\/?p=43953"},"modified":"2019-09-14T21:13:14","modified_gmt":"2019-09-14T21:13:14","slug":"arnaldo-botto-recibio-el-premio-caduceo-por-su-trayectoria-en-el-periodismo-bonaerense","status":"publish","type":"post","link":"https:\/\/www.celttv.com.ar\/index.php\/2019\/09\/14\/arnaldo-botto-recibio-el-premio-caduceo-por-su-trayectoria-en-el-periodismo-bonaerense\/","title":{"rendered":"Arnaldo Botto recibi\u00f3 el premio Caduceo por su trayectoria en el periodismo bonaerense"},"content":{"rendered":"<p><iframe loading=\"lazy\" src=\"https:\/\/www.youtube.com\/embed\/lZxsYptAFfA\" width=\"560\" height=\"315\" frameborder=\"0\" allowfullscreen=\"allowfullscreen\" data-mce-fragment=\"1\"><\/iframe><\/p>\n<p>&nbsp;<\/p>\n<p>El periodista de Sierra de la Ventana fue distinguido este jueves en La Plata por el Consejo de Ciencias Econ\u00f3micas de la provincia.<\/p>\n<p>&nbsp;<\/p>\n<p>El Consejo Profesional de Ciencias Econ\u00f3micas llev\u00f3 a cabo este jueves 12 de septiembre la edici\u00f3n XXVIII del Premio Caduceo donde se distingui\u00f3 a destacados comunicadores y medios bonaerenses a sala llena en la Sede Provincial, en La Plata.<\/p>\n<p>&nbsp;<\/p>\n<p>Las palabras de bienvenida estuvieron a cargo del Presidente de la instituci\u00f3n, Dr. Hugo Gim\u00e9nez, quien destac\u00f3 que \u201cresulta importante resaltar la tarea de todos los comunicadores que muchas veces sin contar con los recursos, rest\u00e1ndole tiempo a su familia y al descanso, destinan todos los esfuerzos a cumplir con este mandato vocacional de acercarse a la comunidad para mantenerla informada\u201d.<\/p>\n<p>&nbsp;<\/p>\n<p>Tambi\u00e9n agreg\u00f3 que \u201cen cada rinc\u00f3n de la provincia seguramente hay un comunicador que cumple una importante tarea. Son muchos los esfuerzos para lograr los objetivos que se han trazado en comunicar a la sociedad\u201d.<\/p>\n<p>&nbsp;<\/p>\n<p>Al momento de la entrega de premios, recibi\u00f3 la distinci\u00f3n por su trayectoria en el periodismo bonaerense el periodista de Sierra de la Ventana Arnaldo Jorge Botto, quien este viernes dialog\u00f3 con nuestro medio y expres\u00f3 sus sensaciones:<\/p>\n<p>&nbsp;<\/p>\n<p>\u201cFue una ceremonia muy linda, hay que destacar el esfuerzo que hace el Consejo para este evento en una \u00e9poca donde esta todo tan restringido. La sorpresa fue de Hugo Albano, quien nos entreg\u00f3 la estatuilla\u201d.<\/p>\n<p>&nbsp;<\/p>\n<p>\u201cTambi\u00e9n colegas fueron destacados por las important\u00edsimas funciones que cumplieron en la prensa general\u201d, como el caso de \u2018Quique\u2019 Wolf, quien recibi\u00f3 el premio al Comunicador Bonaerense 2019. \u201cEs un tipo muy simple, habl\u00f3 con mucha honestidad y dijo que el reconocimiento fue inesperado para \u00e9l\u201d, cont\u00f3 Botto, quien tuvo oportunidad de mantener un di\u00e1logo con el reconocido periodista deportivo y ex futbolista.<\/p>\n<p>&nbsp;<\/p>\n<p>ENRIQUE QUIQUE WOLF, PREMIO AL COMUNICADOR BONAERENSE 2019<\/p>\n<p>&nbsp;<\/p>\n<p>Desde 1997, en el marco de la ceremonia de los Premios Caduceo, se entrega una distinci\u00f3n especial: el premio al comunicador bonaerense. La reciben aquellos que, habiendo nacido en suelo de la provincia, se destacan por su desempe\u00f1o en medios nacionales.<\/p>\n<p>&nbsp;<\/p>\n<p>\u201cQuique\u201d Wolff naci\u00f3 en Victoria, partido de San Fernando, y antes de alcanzar la popularidad como comunicador se consagr\u00f3 como futbolista. En 1982, comenz\u00f3 a dedicarse al periodismo deportivo. Integr\u00f3 el equipo de \u201cBad\u00eda &amp; compa\u00f1\u00eda\u201d; \u201cImagen de radio\u201d y condujo los programas \u201cRecord sport\u201d; \u201cDeportes al toque\u201d y \u201cLa banda dominguera\u201d. Cre\u00f3 el programa \u201cSimplemente f\u00fatbol\u201d que se emiti\u00f3 por \u201cAm\u00e9rica TV\u201d, \u201cTelef\u00e9\u201d, la cadena \u201cFox\u201d y finalmente desde el a\u00f1o 2000 en \u201cESPN\u201d.<\/p>\n<p>&nbsp;<\/p>\n<p>Actualmente se desempe\u00f1a en la se\u00f1al televisiva \u201cESPN\u201d, donde luego de conducir el noticiero \u201cSportsCenter\u201d y otros programas como \u201ccoraz\u00f3n andino\u201d, sigue al frente del m\u00edtico \u201cSimplemente f\u00fatbol\u201d junto a su hijo Pedro, y se luce como comentarista de los principales encuentros de las ligas europeas y la Champions League.<\/p>\n<p>&nbsp;<\/p>\n<p>Tras recibir obsequios por parte del Consejo Profesional y la Caja de Seguridad Social, Wolff se dirigi\u00f3 a los presentes recordando que \u201cmucha gente me dec\u00eda que hiciera periodismo deportivo cuando me retirara. Estudi\u00e9 y empec\u00e9 a trabajar\u201d. Luego asegur\u00f3: \u201cTrabajo con mucha alegr\u00eda, trabaj\u00e9 con grandes profesionales y eso me ayud\u00f3 mucho en mi carrera. Conduzco Simplemente f\u00fatbol desde 1982 y estamos cerca de cumplir mil programas en ESPN\u201d.<\/p>\n<p>&nbsp;<\/p>\n<p>Sobre el cierre de sus palabras agradeci\u00f3 el premio otorgado, felicit\u00f3 a los colegas periodistas de toda la provincia que fueron galardonados y dej\u00f3 un mensaje: \u201cSiempre digo que hay que so\u00f1ar. El sue\u00f1o es gratis y uno lo puede perseguir. Cuando termina uno empieza otro. Cuando sue\u00f1en ap\u00fantenle a la luna, porque si falla, se van a quedar en una estrella, seguro\u201d.<\/p>\n<p>&nbsp;<\/p>\n<p>LA COMUNICACI\u00d3N BONAERENSE ESTUVO DE FIESTA<\/p>\n<p>&nbsp;<\/p>\n<p>Destacados comunicadores y medios de toda la provincia recibieron su estatuilla en distintos rubros en las categor\u00edas Radio, Gr\u00e1fica, Televisi\u00f3n y Web. Durante la ceremonia se vivieron emotivos momentos como cuando se reconoci\u00f3 la tarea de Dami\u00e1n C\u00e9liz, un joven de Ezeiza que con su bicicleta y c\u00e1mara en mano recorre su distrito buscando noticias; tambi\u00e9n con Alberto Florella, de Mercedes, premiado por su trayectoria en la radiodifusi\u00f3n bonaerense y con Julieta Jensen quien lleva adelante un portal digital en la peque\u00f1a localidad de La Dulce, partido de Necochea.<\/p>\n<p>&nbsp;<\/p>\n<p>En el transcurso de la velada se reconocieron a tres comunicadores que ya no est\u00e1n, pero que su legado sigue presente entre sus compa\u00f1eros y familiares. As\u00ed qued\u00f3 claro cuando se premi\u00f3 a Armando \u00c1lvarez Fern\u00e1ndez, de Norberto de la Riestra, por su contribuci\u00f3n a la comunicaci\u00f3n local; cuando se hizo lo propio con Luis Mar\u00eda Stanzione, de Mar del Plata, por su trayectoria en Radio y Televisi\u00f3n y con Virginia Ilariucci, de La Plata, por su labor en m\u00f3vil.<\/p>\n<p>&nbsp;<\/p>\n<p>El esp\u00edritu federal de la ceremonia fue reconocido por la Honorable C\u00e1mara de Diputados de la Provincia de Buenos Aires que la declar\u00f3 de Inter\u00e9s Legislativo, con la aprobaci\u00f3n de todos los bloques. As\u00ed como la intendencia de La Plata que por decreto reconoci\u00f3 al premio como de Inter\u00e9s Municipal.<\/p>\n<p>&nbsp;<\/p>\n<p>La transmisi\u00f3n de la ceremonia se pudo seguir en vivo como cada a\u00f1o por Radio Universidad Nacional de La Plata AM 1390 y todas sus repetidoras en la provincia. Adem\u00e1s, se pudo ver la premiaci\u00f3n en la p\u00e1gina de nuestro Consejo, en simult\u00e1neo con el sitio del premio y la p\u00e1gina de Facebook. Nuevamente, para nuestros seguidores en Twitter, se compartieron flashes en vivo de la previa y durante el evento.<\/p>\n<p>&nbsp;<\/p>\n<p>Adem\u00e1s de los comunicadores premiados y sus familiares, se encontraban presentes autoridades del Consejo Profesional, de la Caja de Seguridad Social y de las Delegaciones y espacios institucionales; tambi\u00e9n se encontraban auspiciantes, funcionarios provinciales, Diputados, Intendentes, Decanos y autoridades de Facultades de Ciencias Econ\u00f3micas de Universidades Nacionales con asiento en suelo bonaerense.<\/p>\n<p>&nbsp;<\/p>\n<p>Minutos antes de comenzar la ceremonia y durante el ingreso de los presentes a la sala, se cont\u00f3 con la actuaci\u00f3n del tenor l\u00edrico Claudio Acevedo. Adem\u00e1s, durante distintos momentos de la entrega de premios, hicieron su espect\u00e1culo el Alejandro Cuervo, primer mago profesional con S\u00edndrome de Down del pa\u00eds, y Omar Sauchuk del show \u201cMagia inclusiva\u201d que une a la magia, el teatro y el clown como puente a la inclusi\u00f3n de personas con discapacidad a trav\u00e9s del arte.<\/p>\n<div id='gallery_1' class='gallery galleryid-43953 gallery-columns-3 gallery-size-medium'><figure class='gallery-item'>\n            <div class='gallery-icon landscape'>\n                <a href='https:\/\/www.celttv.com.ar\/wp-content\/uploads\/2019\/09\/ARNALD-PREMIO.jpg'><img loading=\"lazy\" decoding=\"async\" width=\"300\" height=\"197\" src=\"\" class=\"attachment-medium size-medium lazyload\" alt=\"\" data-src=\"https:\/\/www.celttv.com.ar\/wp-content\/uploads\/2019\/09\/ARNALD-PREMIO-300x197.jpg\" data-sizes=\"auto\" data-srcset=\"https:\/\/www.celttv.com.ar\/wp-content\/uploads\/2019\/09\/ARNALD-PREMIO-300x197.jpg 300w, https:\/\/www.celttv.com.ar\/wp-content\/uploads\/2019\/09\/ARNALD-PREMIO.jpg 665w\" data-expand=\"700\" \/><\/a>\n            <\/div><\/figure><figure class='gallery-item'>\n            <div class='gallery-icon landscape'>\n                <a href='https:\/\/www.celttv.com.ar\/wp-content\/uploads\/2019\/09\/premio-arnal2.jpg'><img loading=\"lazy\" decoding=\"async\" width=\"300\" height=\"225\" src=\"\" class=\"attachment-medium size-medium lazyload\" alt=\"\" data-src=\"https:\/\/www.celttv.com.ar\/wp-content\/uploads\/2019\/09\/premio-arnal2-300x225.jpg\" data-sizes=\"auto\" data-srcset=\"https:\/\/www.celttv.com.ar\/wp-content\/uploads\/2019\/09\/premio-arnal2-300x225.jpg 300w, https:\/\/www.celttv.com.ar\/wp-content\/uploads\/2019\/09\/premio-arnal2-768x576.jpg 768w, https:\/\/www.celttv.com.ar\/wp-content\/uploads\/2019\/09\/premio-arnal2-750x563.jpg 750w, https:\/\/www.celttv.com.ar\/wp-content\/uploads\/2019\/09\/premio-arnal2.jpg 960w\" data-expand=\"700\" \/><\/a>\n            <\/div><\/figure><figure class='gallery-item'>\n            <div class='gallery-icon portrait'>\n                <a href='https:\/\/www.celttv.com.ar\/wp-content\/uploads\/2019\/09\/premio-arnal3.jpg'><img loading=\"lazy\" decoding=\"async\" width=\"225\" height=\"300\" src=\"\" class=\"attachment-medium size-medium lazyload\" alt=\"\" data-src=\"https:\/\/www.celttv.com.ar\/wp-content\/uploads\/2019\/09\/premio-arnal3-225x300.jpg\" data-sizes=\"auto\" data-srcset=\"https:\/\/www.celttv.com.ar\/wp-content\/uploads\/2019\/09\/premio-arnal3-225x300.jpg 225w, https:\/\/www.celttv.com.ar\/wp-content\/uploads\/2019\/09\/premio-arnal3.jpg 720w\" data-expand=\"700\" \/><\/a>\n            <\/div><\/figure><br style=\"clear: both\" \/><figure class='gallery-item'>\n            <div class='gallery-icon landscape'>\n                <a href='https:\/\/www.celttv.com.ar\/wp-content\/uploads\/2019\/09\/premio-arnal4.jpeg'><img loading=\"lazy\" decoding=\"async\" width=\"300\" height=\"199\" src=\"\" class=\"attachment-medium size-medium lazyload\" alt=\"\" data-src=\"https:\/\/www.celttv.com.ar\/wp-content\/uploads\/2019\/09\/premio-arnal4-300x199.jpeg\" data-sizes=\"auto\" data-srcset=\"https:\/\/www.celttv.com.ar\/wp-content\/uploads\/2019\/09\/premio-arnal4-300x199.jpeg 300w, https:\/\/www.celttv.com.ar\/wp-content\/uploads\/2019\/09\/premio-arnal4-768x510.jpeg 768w, https:\/\/www.celttv.com.ar\/wp-content\/uploads\/2019\/09\/premio-arnal4-750x498.jpeg 750w, https:\/\/www.celttv.com.ar\/wp-content\/uploads\/2019\/09\/premio-arnal4.jpeg 903w\" data-expand=\"700\" \/><\/a>\n            <\/div><\/figure><figure class='gallery-item'>\n            <div class='gallery-icon landscape'>\n                <a href='https:\/\/www.celttv.com.ar\/wp-content\/uploads\/2019\/09\/premio-arnal5.jpeg'><img loading=\"lazy\" decoding=\"async\" width=\"300\" height=\"199\" src=\"\" class=\"attachment-medium size-medium lazyload\" alt=\"\" data-src=\"https:\/\/www.celttv.com.ar\/wp-content\/uploads\/2019\/09\/premio-arnal5-300x199.jpeg\" data-sizes=\"auto\" data-srcset=\"https:\/\/www.celttv.com.ar\/wp-content\/uploads\/2019\/09\/premio-arnal5-300x199.jpeg 300w, https:\/\/www.celttv.com.ar\/wp-content\/uploads\/2019\/09\/premio-arnal5-768x510.jpeg 768w, https:\/\/www.celttv.com.ar\/wp-content\/uploads\/2019\/09\/premio-arnal5-750x498.jpeg 750w, https:\/\/www.celttv.com.ar\/wp-content\/uploads\/2019\/09\/premio-arnal5.jpeg 903w\" data-expand=\"700\" \/><\/a>\n            <\/div><\/figure>\n            <br style='clear: both' \/>\n        <\/div>\n\n","protected":false},"excerpt":{"rendered":"<p>&nbsp; El periodista de Sierra de la Ventana fue distinguido este jueves en La Plata por el Consejo de Ciencias Econ\u00f3micas de la provincia. &nbsp; El Consejo Profesional de Ciencias Econ\u00f3micas llev\u00f3 a cabo este jueves 12 de septiembre la edici\u00f3n XXVIII del Premio Caduceo donde se distingui\u00f3 a destacados comunicadores y medios bonaerenses a [&hellip;]<\/p>\n","protected":false},"author":1,"featured_media":43954,"comment_status":"closed","ping_status":"open","sticky":false,"template":"","format":"standard","meta":{"footnotes":""},"categories":[51,52],"tags":[],"class_list":["post-43953","post","type-post","status-publish","format-standard","has-post-thumbnail","hentry","category-comunidad","category-destacadas"],"yoast_head":"<!-- This site is optimized with the Yoast SEO plugin v19.7.1 - https:\/\/yoast.com\/wordpress\/plugins\/seo\/ -->\n<title>Arnaldo Botto recibi\u00f3 el premio Caduceo por su trayectoria en el periodismo bonaerense - CELTTV<\/title>\n<meta name=\"description\" content=\"Sitio web de noticias de la localidad de Tornquist, provincia de Buenos Aires, Rep\u00fablica Argentina. Contenido propio originado por periodistas de CELTTV, el canal de TV local de la Cooperativa El\u00e9ctrica de Tornquist. Turismo, Pol\u00edtica, Sociedad, Deporte, Cultura y todo el contenido de inter\u00e9s general que la gente del pueblo y la regi\u00f3n debe conocer.\" \/>\n<meta name=\"robots\" content=\"index, follow, max-snippet:-1, max-image-preview:large, max-video-preview:-1\" \/>\n<link rel=\"canonical\" href=\"https:\/\/www.celttv.com.ar\/index.php\/2019\/09\/14\/arnaldo-botto-recibio-el-premio-caduceo-por-su-trayectoria-en-el-periodismo-bonaerense\/\" \/>\n<meta property=\"og:locale\" content=\"es_ES\" \/>\n<meta property=\"og:type\" content=\"article\" \/>\n<meta property=\"og:title\" content=\"Arnaldo Botto recibi\u00f3 el premio Caduceo por su trayectoria en el periodismo bonaerense - CELTTV\" \/>\n<meta property=\"og:description\" content=\"Sitio web de noticias de la localidad de Tornquist, provincia de Buenos Aires, Rep\u00fablica Argentina. Contenido propio originado por periodistas de CELTTV, el canal de TV local de la Cooperativa El\u00e9ctrica de Tornquist. Turismo, Pol\u00edtica, Sociedad, Deporte, Cultura y todo el contenido de inter\u00e9s general que la gente del pueblo y la regi\u00f3n debe conocer.\" \/>\n<meta property=\"og:url\" content=\"https:\/\/www.celttv.com.ar\/index.php\/2019\/09\/14\/arnaldo-botto-recibio-el-premio-caduceo-por-su-trayectoria-en-el-periodismo-bonaerense\/\" \/>\n<meta property=\"og:site_name\" content=\"CELTTV\" \/>\n<meta property=\"article:publisher\" content=\"https:\/\/www.facebook.com\/celtTV\/\" \/>\n<meta property=\"article:published_time\" content=\"2019-09-14T21:13:14+00:00\" \/>\n<meta property=\"og:image\" content=\"https:\/\/www.celttv.com.ar\/wp-content\/uploads\/2019\/09\/ARNALD-PREMIO.jpg\" \/>\n\t<meta property=\"og:image:width\" content=\"665\" \/>\n\t<meta property=\"og:image:height\" content=\"437\" \/>\n\t<meta property=\"og:image:type\" content=\"image\/jpeg\" \/>\n<meta name=\"author\" content=\"ulises\" \/>\n<meta name=\"twitter:card\" content=\"summary_large_image\" \/>\n<meta name=\"twitter:label1\" content=\"Escrito por\" \/>\n\t<meta name=\"twitter:data1\" content=\"ulises\" \/>\n\t<meta name=\"twitter:label2\" content=\"Tiempo de lectura\" \/>\n\t<meta name=\"twitter:data2\" content=\"6 minutos\" \/>\n<script type=\"application\/ld+json\" class=\"yoast-schema-graph\">{\"@context\":\"https:\/\/schema.org\",\"@graph\":[{\"@type\":\"NewsArticle\",\"@id\":\"https:\/\/www.celttv.com.ar\/index.php\/2019\/09\/14\/arnaldo-botto-recibio-el-premio-caduceo-por-su-trayectoria-en-el-periodismo-bonaerense\/#article\",\"isPartOf\":{\"@id\":\"https:\/\/www.celttv.com.ar\/index.php\/2019\/09\/14\/arnaldo-botto-recibio-el-premio-caduceo-por-su-trayectoria-en-el-periodismo-bonaerense\/\"},\"author\":{\"name\":\"ulises\",\"@id\":\"https:\/\/www.celttv.com.ar\/#\/schema\/person\/6d99c072dba59953809c81446e9d0ace\"},\"headline\":\"Arnaldo Botto recibi\u00f3 el premio Caduceo por su trayectoria en el periodismo bonaerense\",\"datePublished\":\"2019-09-14T21:13:14+00:00\",\"dateModified\":\"2019-09-14T21:13:14+00:00\",\"mainEntityOfPage\":{\"@id\":\"https:\/\/www.celttv.com.ar\/index.php\/2019\/09\/14\/arnaldo-botto-recibio-el-premio-caduceo-por-su-trayectoria-en-el-periodismo-bonaerense\/\"},\"wordCount\":1131,\"publisher\":{\"@id\":\"https:\/\/www.celttv.com.ar\/#organization\"},\"articleSection\":[\"Comunidad\",\"Destacadas\"],\"inLanguage\":\"es\"},{\"@type\":\"WebPage\",\"@id\":\"https:\/\/www.celttv.com.ar\/index.php\/2019\/09\/14\/arnaldo-botto-recibio-el-premio-caduceo-por-su-trayectoria-en-el-periodismo-bonaerense\/\",\"url\":\"https:\/\/www.celttv.com.ar\/index.php\/2019\/09\/14\/arnaldo-botto-recibio-el-premio-caduceo-por-su-trayectoria-en-el-periodismo-bonaerense\/\",\"name\":\"Arnaldo Botto recibi\u00f3 el premio Caduceo por su trayectoria en el periodismo bonaerense - CELTTV\",\"isPartOf\":{\"@id\":\"https:\/\/www.celttv.com.ar\/#website\"},\"datePublished\":\"2019-09-14T21:13:14+00:00\",\"dateModified\":\"2019-09-14T21:13:14+00:00\",\"description\":\"Sitio web de noticias de la localidad de Tornquist, provincia de Buenos Aires, Rep\u00fablica Argentina. Contenido propio originado por periodistas de CELTTV, el canal de TV local de la Cooperativa El\u00e9ctrica de Tornquist. Turismo, Pol\u00edtica, Sociedad, Deporte, Cultura y todo el contenido de inter\u00e9s general que la gente del pueblo y la regi\u00f3n debe conocer.\",\"breadcrumb\":{\"@id\":\"https:\/\/www.celttv.com.ar\/index.php\/2019\/09\/14\/arnaldo-botto-recibio-el-premio-caduceo-por-su-trayectoria-en-el-periodismo-bonaerense\/#breadcrumb\"},\"inLanguage\":\"es\",\"potentialAction\":[{\"@type\":\"ReadAction\",\"target\":[\"https:\/\/www.celttv.com.ar\/index.php\/2019\/09\/14\/arnaldo-botto-recibio-el-premio-caduceo-por-su-trayectoria-en-el-periodismo-bonaerense\/\"]}]},{\"@type\":\"BreadcrumbList\",\"@id\":\"https:\/\/www.celttv.com.ar\/index.php\/2019\/09\/14\/arnaldo-botto-recibio-el-premio-caduceo-por-su-trayectoria-en-el-periodismo-bonaerense\/#breadcrumb\",\"itemListElement\":[{\"@type\":\"ListItem\",\"position\":1,\"name\":\"Inicio\",\"item\":\"https:\/\/www.celttv.com.ar\/\"},{\"@type\":\"ListItem\",\"position\":2,\"name\":\"Arnaldo Botto recibi\u00f3 el premio Caduceo por su trayectoria en el periodismo bonaerense\"}]},{\"@type\":\"WebSite\",\"@id\":\"https:\/\/www.celttv.com.ar\/#website\",\"url\":\"https:\/\/www.celttv.com.ar\/\",\"name\":\"CELTTV\",\"description\":\"Cooperativa El\u00e9ctrica de Tornquist\",\"publisher\":{\"@id\":\"https:\/\/www.celttv.com.ar\/#organization\"},\"potentialAction\":[{\"@type\":\"SearchAction\",\"target\":{\"@type\":\"EntryPoint\",\"urlTemplate\":\"https:\/\/www.celttv.com.ar\/?s={search_term_string}\"},\"query-input\":\"required name=search_term_string\"}],\"inLanguage\":\"es\"},{\"@type\":\"Organization\",\"@id\":\"https:\/\/www.celttv.com.ar\/#organization\",\"name\":\"CELTTV\",\"url\":\"https:\/\/www.celttv.com.ar\/\",\"sameAs\":[\"https:\/\/www.youtube.com\/channel\/UCz_oIt8Hig64Ub-EmcNPIhg\",\"https:\/\/www.facebook.com\/celtTV\/\"],\"logo\":{\"@type\":\"ImageObject\",\"inLanguage\":\"es\",\"@id\":\"https:\/\/www.celttv.com.ar\/#\/schema\/logo\/image\/\",\"url\":\"http:\/\/www.celttv.com.ar\/wp-content\/uploads\/2022\/08\/logo-1.png\",\"contentUrl\":\"http:\/\/www.celttv.com.ar\/wp-content\/uploads\/2022\/08\/logo-1.png\",\"width\":461,\"height\":159,\"caption\":\"CELTTV\"},\"image\":{\"@id\":\"https:\/\/www.celttv.com.ar\/#\/schema\/logo\/image\/\"}},{\"@type\":\"Person\",\"@id\":\"https:\/\/www.celttv.com.ar\/#\/schema\/person\/6d99c072dba59953809c81446e9d0ace\",\"name\":\"ulises\",\"image\":{\"@type\":\"ImageObject\",\"inLanguage\":\"es\",\"@id\":\"https:\/\/www.celttv.com.ar\/#\/schema\/person\/image\/\",\"url\":\"https:\/\/secure.gravatar.com\/avatar\/7f2c48bdc33b30088f941fb6082e555f2874c98e20cb159d7b92b50eadfce793?s=96&d=mm&r=g\",\"contentUrl\":\"https:\/\/secure.gravatar.com\/avatar\/7f2c48bdc33b30088f941fb6082e555f2874c98e20cb159d7b92b50eadfce793?s=96&d=mm&r=g\",\"caption\":\"ulises\"},\"sameAs\":[\"http:\/\/www.celttv.com.ar\"]}]}<\/script>\n<!-- \/ Yoast SEO plugin. -->","yoast_head_json":{"title":"Arnaldo Botto recibi\u00f3 el premio Caduceo por su trayectoria en el periodismo bonaerense - CELTTV","description":"Sitio web de noticias de la localidad de Tornquist, provincia de Buenos Aires, Rep\u00fablica Argentina. Contenido propio originado por periodistas de CELTTV, el canal de TV local de la Cooperativa El\u00e9ctrica de Tornquist. Turismo, Pol\u00edtica, Sociedad, Deporte, Cultura y todo el contenido de inter\u00e9s general que la gente del pueblo y la regi\u00f3n debe conocer.","robots":{"index":"index","follow":"follow","max-snippet":"max-snippet:-1","max-image-preview":"max-image-preview:large","max-video-preview":"max-video-preview:-1"},"canonical":"https:\/\/www.celttv.com.ar\/index.php\/2019\/09\/14\/arnaldo-botto-recibio-el-premio-caduceo-por-su-trayectoria-en-el-periodismo-bonaerense\/","og_locale":"es_ES","og_type":"article","og_title":"Arnaldo Botto recibi\u00f3 el premio Caduceo por su trayectoria en el periodismo bonaerense - CELTTV","og_description":"Sitio web de noticias de la localidad de Tornquist, provincia de Buenos Aires, Rep\u00fablica Argentina. Contenido propio originado por periodistas de CELTTV, el canal de TV local de la Cooperativa El\u00e9ctrica de Tornquist. Turismo, Pol\u00edtica, Sociedad, Deporte, Cultura y todo el contenido de inter\u00e9s general que la gente del pueblo y la regi\u00f3n debe conocer.","og_url":"https:\/\/www.celttv.com.ar\/index.php\/2019\/09\/14\/arnaldo-botto-recibio-el-premio-caduceo-por-su-trayectoria-en-el-periodismo-bonaerense\/","og_site_name":"CELTTV","article_publisher":"https:\/\/www.facebook.com\/celtTV\/","article_published_time":"2019-09-14T21:13:14+00:00","og_image":[{"width":665,"height":437,"url":"https:\/\/www.celttv.com.ar\/wp-content\/uploads\/2019\/09\/ARNALD-PREMIO.jpg","type":"image\/jpeg"}],"author":"ulises","twitter_card":"summary_large_image","twitter_misc":{"Escrito por":"ulises","Tiempo de lectura":"6 minutos"},"schema":{"@context":"https:\/\/schema.org","@graph":[{"@type":"NewsArticle","@id":"https:\/\/www.celttv.com.ar\/index.php\/2019\/09\/14\/arnaldo-botto-recibio-el-premio-caduceo-por-su-trayectoria-en-el-periodismo-bonaerense\/#article","isPartOf":{"@id":"https:\/\/www.celttv.com.ar\/index.php\/2019\/09\/14\/arnaldo-botto-recibio-el-premio-caduceo-por-su-trayectoria-en-el-periodismo-bonaerense\/"},"author":{"name":"ulises","@id":"https:\/\/www.celttv.com.ar\/#\/schema\/person\/6d99c072dba59953809c81446e9d0ace"},"headline":"Arnaldo Botto recibi\u00f3 el premio Caduceo por su trayectoria en el periodismo bonaerense","datePublished":"2019-09-14T21:13:14+00:00","dateModified":"2019-09-14T21:13:14+00:00","mainEntityOfPage":{"@id":"https:\/\/www.celttv.com.ar\/index.php\/2019\/09\/14\/arnaldo-botto-recibio-el-premio-caduceo-por-su-trayectoria-en-el-periodismo-bonaerense\/"},"wordCount":1131,"publisher":{"@id":"https:\/\/www.celttv.com.ar\/#organization"},"articleSection":["Comunidad","Destacadas"],"inLanguage":"es"},{"@type":"WebPage","@id":"https:\/\/www.celttv.com.ar\/index.php\/2019\/09\/14\/arnaldo-botto-recibio-el-premio-caduceo-por-su-trayectoria-en-el-periodismo-bonaerense\/","url":"https:\/\/www.celttv.com.ar\/index.php\/2019\/09\/14\/arnaldo-botto-recibio-el-premio-caduceo-por-su-trayectoria-en-el-periodismo-bonaerense\/","name":"Arnaldo Botto recibi\u00f3 el premio Caduceo por su trayectoria en el periodismo bonaerense - CELTTV","isPartOf":{"@id":"https:\/\/www.celttv.com.ar\/#website"},"datePublished":"2019-09-14T21:13:14+00:00","dateModified":"2019-09-14T21:13:14+00:00","description":"Sitio web de noticias de la localidad de Tornquist, provincia de Buenos Aires, Rep\u00fablica Argentina. Contenido propio originado por periodistas de CELTTV, el canal de TV local de la Cooperativa El\u00e9ctrica de Tornquist. Turismo, Pol\u00edtica, Sociedad, Deporte, Cultura y todo el contenido de inter\u00e9s general que la gente del pueblo y la regi\u00f3n debe conocer.","breadcrumb":{"@id":"https:\/\/www.celttv.com.ar\/index.php\/2019\/09\/14\/arnaldo-botto-recibio-el-premio-caduceo-por-su-trayectoria-en-el-periodismo-bonaerense\/#breadcrumb"},"inLanguage":"es","potentialAction":[{"@type":"ReadAction","target":["https:\/\/www.celttv.com.ar\/index.php\/2019\/09\/14\/arnaldo-botto-recibio-el-premio-caduceo-por-su-trayectoria-en-el-periodismo-bonaerense\/"]}]},{"@type":"BreadcrumbList","@id":"https:\/\/www.celttv.com.ar\/index.php\/2019\/09\/14\/arnaldo-botto-recibio-el-premio-caduceo-por-su-trayectoria-en-el-periodismo-bonaerense\/#breadcrumb","itemListElement":[{"@type":"ListItem","position":1,"name":"Inicio","item":"https:\/\/www.celttv.com.ar\/"},{"@type":"ListItem","position":2,"name":"Arnaldo Botto recibi\u00f3 el premio Caduceo por su trayectoria en el periodismo bonaerense"}]},{"@type":"WebSite","@id":"https:\/\/www.celttv.com.ar\/#website","url":"https:\/\/www.celttv.com.ar\/","name":"CELTTV","description":"Cooperativa El\u00e9ctrica de Tornquist","publisher":{"@id":"https:\/\/www.celttv.com.ar\/#organization"},"potentialAction":[{"@type":"SearchAction","target":{"@type":"EntryPoint","urlTemplate":"https:\/\/www.celttv.com.ar\/?s={search_term_string}"},"query-input":"required name=search_term_string"}],"inLanguage":"es"},{"@type":"Organization","@id":"https:\/\/www.celttv.com.ar\/#organization","name":"CELTTV","url":"https:\/\/www.celttv.com.ar\/","sameAs":["https:\/\/www.youtube.com\/channel\/UCz_oIt8Hig64Ub-EmcNPIhg","https:\/\/www.facebook.com\/celtTV\/"],"logo":{"@type":"ImageObject","inLanguage":"es","@id":"https:\/\/www.celttv.com.ar\/#\/schema\/logo\/image\/","url":"http:\/\/www.celttv.com.ar\/wp-content\/uploads\/2022\/08\/logo-1.png","contentUrl":"http:\/\/www.celttv.com.ar\/wp-content\/uploads\/2022\/08\/logo-1.png","width":461,"height":159,"caption":"CELTTV"},"image":{"@id":"https:\/\/www.celttv.com.ar\/#\/schema\/logo\/image\/"}},{"@type":"Person","@id":"https:\/\/www.celttv.com.ar\/#\/schema\/person\/6d99c072dba59953809c81446e9d0ace","name":"ulises","image":{"@type":"ImageObject","inLanguage":"es","@id":"https:\/\/www.celttv.com.ar\/#\/schema\/person\/image\/","url":"https:\/\/secure.gravatar.com\/avatar\/7f2c48bdc33b30088f941fb6082e555f2874c98e20cb159d7b92b50eadfce793?s=96&d=mm&r=g","contentUrl":"https:\/\/secure.gravatar.com\/avatar\/7f2c48bdc33b30088f941fb6082e555f2874c98e20cb159d7b92b50eadfce793?s=96&d=mm&r=g","caption":"ulises"},"sameAs":["http:\/\/www.celttv.com.ar"]}]}},"_links":{"self":[{"href":"https:\/\/www.celttv.com.ar\/index.php\/wp-json\/wp\/v2\/posts\/43953","targetHints":{"allow":["GET"]}}],"collection":[{"href":"https:\/\/www.celttv.com.ar\/index.php\/wp-json\/wp\/v2\/posts"}],"about":[{"href":"https:\/\/www.celttv.com.ar\/index.php\/wp-json\/wp\/v2\/types\/post"}],"author":[{"embeddable":true,"href":"https:\/\/www.celttv.com.ar\/index.php\/wp-json\/wp\/v2\/users\/1"}],"replies":[{"embeddable":true,"href":"https:\/\/www.celttv.com.ar\/index.php\/wp-json\/wp\/v2\/comments?post=43953"}],"version-history":[{"count":0,"href":"https:\/\/www.celttv.com.ar\/index.php\/wp-json\/wp\/v2\/posts\/43953\/revisions"}],"wp:featuredmedia":[{"embeddable":true,"href":"https:\/\/www.celttv.com.ar\/index.php\/wp-json\/wp\/v2\/media\/43954"}],"wp:attachment":[{"href":"https:\/\/www.celttv.com.ar\/index.php\/wp-json\/wp\/v2\/media?parent=43953"}],"wp:term":[{"taxonomy":"category","embeddable":true,"href":"https:\/\/www.celttv.com.ar\/index.php\/wp-json\/wp\/v2\/categories?post=43953"},{"taxonomy":"post_tag","embeddable":true,"href":"https:\/\/www.celttv.com.ar\/index.php\/wp-json\/wp\/v2\/tags?post=43953"}],"curies":[{"name":"wp","href":"https:\/\/api.w.org\/{rel}","templated":true}]}}