{"id":43996,"date":"2019-09-15T22:49:08","date_gmt":"2019-09-15T22:49:08","guid":{"rendered":"http:\/\/www.celttv.com.ar\/?p=43996"},"modified":"2019-09-15T22:49:08","modified_gmt":"2019-09-15T22:49:08","slug":"el-progreso-y-los-juveniles-aprovecharon-su-chance","status":"publish","type":"post","link":"https:\/\/www.celttv.com.ar\/index.php\/2019\/09\/15\/el-progreso-y-los-juveniles-aprovecharon-su-chance\/","title":{"rendered":"EL PROGRESO Y LOS JUVENILES APROVECHARON SU CHANCE"},"content":{"rendered":"<p>Uni\u00f3n cay\u00f3 ante El Progreso por 2 a 0 y el equipo de Pueblo Santa Mar\u00eda clasific\u00f3 a la pr\u00f3xima instancia. El verde, con un mix entre titulares y juveniles ya ten\u00eda la cabeza puesta en la semifinal de zonas.<\/p>\n<p>Algunos para cuidar, otros para darle descanso, un par con acumulaci\u00f3n de tarjetas y otros por lesi\u00f3n. Uni\u00f3n present\u00f3 en cancha un mix de juveniles (algunos con su debut en primera) y algunos de los habituales titulares para enfrentar a El Progreso que se jugaba la clasificaci\u00f3n. Franco, Banegas y Biondo en el once titular, m\u00e1s Grassi y Schmidt en el banco, junto a chicos de inferiores y reserva para un \u00faltimo partido que al verde desde los resultados le importaba poco, ya que se hab\u00eda asegurado el 1 en su zona una fecha antes.<\/p>\n<p>El Progreso, obligado a ganar, jug\u00f3 todo el partido con una oreja en la radio escuchando los partidos de Pu\u00e1n FC y Pe\u00f1arol de Guamin\u00ed.<\/p>\n<p>Antes del minuto el verde tuvo una clar\u00edsima para ponerse en ventaja. Meriggi pic\u00f3 para quedar mano a mano con Arce, la pic\u00f3 y el travesa\u00f1o le ahog\u00f3 el grito cuando casi estaba festejando.<\/p>\n<p>A los siete El Progreso rompi\u00f3 el cero. El \u201cVasco\u201d <strong>Lucas Elorriaga<\/strong> gan\u00f3 en lo alto despu\u00e9s de un tiro libre y el defensor puso el 1 a 0.<\/p>\n<p>Ah\u00ed el partido se planch\u00f3, la pelota anduvo mucho por el aire y en el mediocampo, y los arqueros ten\u00edan poco trabajo.<\/p>\n<p>Reci\u00e9n en el minuto 31\u2019 podemos rescatar un tiro libre de Biondo que se fue alto y un rato m\u00e1s tarde el verde reclam\u00f3 una supuesta mano en el \u00e1rea que Villalba, de buen arbitraje, no consider\u00f3 como falta.<\/p>\n<p>En el segundo tiempo la primera jugada de peligro fue el dos a cero para la visita. De una falta que a lo lejos parec\u00eda para Uni\u00f3n pero Villalba vio para El Progreso (le damos la derecha por la distancia en la que est\u00e1bamos), lleg\u00f3 el tiro libre donde <strong>Sebasti\u00e1n Graff<\/strong> aprovecho para ganar de cabeza y estamp\u00f3 el segundo. Un rato m\u00e1s tarde tuvo otra Graff con un disparo que se fue lejos.<\/p>\n<p>El ingreso de Grassi y Schmidt le dio aire al verde y pudo haber descontado.<\/p>\n<p>Primero a los 20\u2019 es Biondo el que se lo pierde y un rato m\u00e1s tarde, a la salida de un tiro libre, Kloster la peina y la pelota pasa cerca.<\/p>\n<p>Schmidt sobre los 34\u2019 remat\u00f3 desde afuera totalmente desviado y en la \u00faltima de peligro, Grassi tir\u00f3 un centro baj\u00f3 que nadie lleg\u00f3 a desviar y la pelota se fue por el otro lado.<\/p>\n<p>As\u00ed se fue el partido. El verde pensando en las semi de cruces y analizando a los chicos para aumentar el n\u00famero del plantel de cara a la etapa final.<\/p>\n<p>El Progreso, se qued\u00f3 unos minutos escuchando el final del resto de los partidos para terminar de confirmar la clasificaci\u00f3n y en un grito, desahogar el irregular a\u00f1o del equipo de Santa Mar\u00eda.<\/p>\n<p>Uni\u00f3n jugar\u00e1 ante San Mart\u00edn de Carhu\u00e9 por una de las semis de cruces (ambos ya est\u00e1n clasificados a la semifinal de a\u00f1o) y El Progreso se medir\u00e1 ante Automoto en Tornquist por los cruces complementarios.<\/p>\n<p><strong>Uni\u00f3n:<\/strong> Juan Dorazio; Diego Piedrabuena, Francisco Callava, Dylan Kloster, Federico Franco; Marcelo Bruzzone Maccari, Maximiliano Banegas, Valent\u00edn Lencina, Lucas Biondo; Fernando Salazar, Maximiliano Meriggi. DT: Horacio Schumacher.<\/p>\n<p><u>Cambios:<\/u> ST: 18\u2019 Ezequiel Schmidt por Salazar y \u00c1ngelo Grassi por Bruzzone Maccari, 30\u2019 Benjam\u00edn Dufaur por Biondo.<\/p>\n<p><u>Supl:<\/u> Sebasti\u00e1n Morales, Rodrigo Soto.<\/p>\n<p><strong>El Progreso:<\/strong> Gonzalo Arce; Mat\u00edas Coronel, Lucas Elorriaga, Dar\u00edo Urroz, Gast\u00f3n Silva; Braian Schneider, William Taryano, Francisco Schroh, Joaqu\u00edn Gotfridt; Gast\u00f3n Scheffer, Sebasti\u00e1n Graff. DT: Alexis Cort\u00e9s.<\/p>\n<p><u>Cambios:<\/u> ST: 33\u2019 Nicol\u00e1s Palacio por Gotfridt, 39\u2019 Alexis Ben\u00edtez por Scheffer, 45\u2019 Juan Cruz Peratz por Graff.<\/p>\n<p><u>Supl:<\/u> Diego Montibeller, Tom\u00e1s Prediger.<\/p>\n<p><u>Goles:<\/u> PT: 7\u2019 Lucas Elorriaga (EP). ST: 10\u2019 Sebasti\u00e1n Graff (EP).<\/p>\n<p><u>\u00c1rbitro:<\/u> Ernesto Villalba (7)<\/p>\n<p><u>Cancha:<\/u> Estadio Juan Jos\u00e9 Bolletta.<\/p>\n<p><u>Reserva:<\/u> Uni\u00f3n 1 &#8211; El Progreso 4<\/p>\n<p><a href=\"https:\/\/www.facebook.com\/pg\/solofutbolcanal2\/photos\/?tab=album&amp;album_id=1149461031929752\" target=\"_blank\" rel=\"noopener\">\u00c1lbum de Fotos: Solo F\u00fatbol<\/a><\/p>\n<p><a href=\"http:\/\/www.celttv.com.ar\/?attachment_id=43999\" rel=\"attachment wp-att-43999\"><img loading=\"lazy\" decoding=\"async\" class=\"alignleft size-medium wp-image-43999\" src=\"http:\/\/www.celttv.com.ar\/wp-content\/uploads\/2019\/09\/DSC_0217.jpg\" alt=\"\" width=\"780\" height=\"520\" srcset=\"https:\/\/www.celttv.com.ar\/wp-content\/uploads\/2019\/09\/DSC_0217.jpg 960w, https:\/\/www.celttv.com.ar\/wp-content\/uploads\/2019\/09\/DSC_0217-300x200.jpg 300w, https:\/\/www.celttv.com.ar\/wp-content\/uploads\/2019\/09\/DSC_0217-768x512.jpg 768w, https:\/\/www.celttv.com.ar\/wp-content\/uploads\/2019\/09\/DSC_0217-750x500.jpg 750w\" sizes=\"auto, (max-width: 780px) 100vw, 780px\" \/><\/a> <a href=\"http:\/\/www.celttv.com.ar\/?attachment_id=44000\" rel=\"attachment wp-att-44000\"><img loading=\"lazy\" decoding=\"async\" class=\"alignleft size-full wp-image-44000\" src=\"http:\/\/www.celttv.com.ar\/wp-content\/uploads\/2019\/09\/DSC_0224.jpg\" alt=\"\" width=\"960\" height=\"640\" srcset=\"https:\/\/www.celttv.com.ar\/wp-content\/uploads\/2019\/09\/DSC_0224.jpg 960w, https:\/\/www.celttv.com.ar\/wp-content\/uploads\/2019\/09\/DSC_0224-300x200.jpg 300w, https:\/\/www.celttv.com.ar\/wp-content\/uploads\/2019\/09\/DSC_0224-768x512.jpg 768w, https:\/\/www.celttv.com.ar\/wp-content\/uploads\/2019\/09\/DSC_0224-750x500.jpg 750w\" sizes=\"auto, (max-width: 960px) 100vw, 960px\" \/><\/a><\/p>\n","protected":false},"excerpt":{"rendered":"<p>Uni\u00f3n cay\u00f3 ante El Progreso por 2 a 0 y el equipo de Pueblo Santa Mar\u00eda clasific\u00f3 a la pr\u00f3xima instancia. El verde, con un mix entre titulares y juveniles ya ten\u00eda la cabeza puesta en la semifinal de zonas. Algunos para cuidar, otros para darle descanso, un par con acumulaci\u00f3n de tarjetas y otros [&hellip;]<\/p>\n","protected":false},"author":1,"featured_media":43997,"comment_status":"closed","ping_status":"open","sticky":false,"template":"","format":"standard","meta":{"footnotes":""},"categories":[52],"tags":[],"class_list":["post-43996","post","type-post","status-publish","format-standard","has-post-thumbnail","hentry","category-destacadas"],"yoast_head":"<!-- This site is optimized with the Yoast SEO plugin v19.7.1 - https:\/\/yoast.com\/wordpress\/plugins\/seo\/ -->\n<title>EL PROGRESO Y LOS JUVENILES APROVECHARON SU CHANCE - CELTTV<\/title>\n<meta name=\"description\" content=\"Sitio web de noticias de la localidad de Tornquist, provincia de Buenos Aires, Rep\u00fablica Argentina. Contenido propio originado por periodistas de CELTTV, el canal de TV local de la Cooperativa El\u00e9ctrica de Tornquist. Turismo, Pol\u00edtica, Sociedad, Deporte, Cultura y todo el contenido de inter\u00e9s general que la gente del pueblo y la regi\u00f3n debe conocer.\" \/>\n<meta name=\"robots\" content=\"index, follow, max-snippet:-1, max-image-preview:large, max-video-preview:-1\" \/>\n<link rel=\"canonical\" href=\"https:\/\/www.celttv.com.ar\/index.php\/2019\/09\/15\/el-progreso-y-los-juveniles-aprovecharon-su-chance\/\" \/>\n<meta property=\"og:locale\" content=\"es_ES\" \/>\n<meta property=\"og:type\" content=\"article\" \/>\n<meta property=\"og:title\" content=\"EL PROGRESO Y LOS JUVENILES APROVECHARON SU CHANCE - CELTTV\" \/>\n<meta property=\"og:description\" content=\"Sitio web de noticias de la localidad de Tornquist, provincia de Buenos Aires, Rep\u00fablica Argentina. Contenido propio originado por periodistas de CELTTV, el canal de TV local de la Cooperativa El\u00e9ctrica de Tornquist. Turismo, Pol\u00edtica, Sociedad, Deporte, Cultura y todo el contenido de inter\u00e9s general que la gente del pueblo y la regi\u00f3n debe conocer.\" \/>\n<meta property=\"og:url\" content=\"https:\/\/www.celttv.com.ar\/index.php\/2019\/09\/15\/el-progreso-y-los-juveniles-aprovecharon-su-chance\/\" \/>\n<meta property=\"og:site_name\" content=\"CELTTV\" \/>\n<meta property=\"article:publisher\" content=\"https:\/\/www.facebook.com\/celtTV\/\" \/>\n<meta property=\"article:published_time\" content=\"2019-09-15T22:49:08+00:00\" \/>\n<meta property=\"og:image\" content=\"https:\/\/www.celttv.com.ar\/wp-content\/uploads\/2019\/09\/DSC_0210.jpg\" \/>\n\t<meta property=\"og:image:width\" content=\"960\" \/>\n\t<meta property=\"og:image:height\" content=\"640\" \/>\n\t<meta property=\"og:image:type\" content=\"image\/jpeg\" \/>\n<meta name=\"author\" content=\"ulises\" \/>\n<meta name=\"twitter:card\" content=\"summary_large_image\" \/>\n<meta name=\"twitter:label1\" content=\"Escrito por\" \/>\n\t<meta name=\"twitter:data1\" content=\"ulises\" \/>\n\t<meta name=\"twitter:label2\" content=\"Tiempo de lectura\" \/>\n\t<meta name=\"twitter:data2\" content=\"4 minutos\" \/>\n<script type=\"application\/ld+json\" class=\"yoast-schema-graph\">{\"@context\":\"https:\/\/schema.org\",\"@graph\":[{\"@type\":\"NewsArticle\",\"@id\":\"https:\/\/www.celttv.com.ar\/index.php\/2019\/09\/15\/el-progreso-y-los-juveniles-aprovecharon-su-chance\/#article\",\"isPartOf\":{\"@id\":\"https:\/\/www.celttv.com.ar\/index.php\/2019\/09\/15\/el-progreso-y-los-juveniles-aprovecharon-su-chance\/\"},\"author\":{\"name\":\"ulises\",\"@id\":\"https:\/\/www.celttv.com.ar\/#\/schema\/person\/6d99c072dba59953809c81446e9d0ace\"},\"headline\":\"EL PROGRESO Y LOS JUVENILES APROVECHARON SU CHANCE\",\"datePublished\":\"2019-09-15T22:49:08+00:00\",\"dateModified\":\"2019-09-15T22:49:08+00:00\",\"mainEntityOfPage\":{\"@id\":\"https:\/\/www.celttv.com.ar\/index.php\/2019\/09\/15\/el-progreso-y-los-juveniles-aprovecharon-su-chance\/\"},\"wordCount\":708,\"publisher\":{\"@id\":\"https:\/\/www.celttv.com.ar\/#organization\"},\"articleSection\":[\"Destacadas\"],\"inLanguage\":\"es\"},{\"@type\":\"WebPage\",\"@id\":\"https:\/\/www.celttv.com.ar\/index.php\/2019\/09\/15\/el-progreso-y-los-juveniles-aprovecharon-su-chance\/\",\"url\":\"https:\/\/www.celttv.com.ar\/index.php\/2019\/09\/15\/el-progreso-y-los-juveniles-aprovecharon-su-chance\/\",\"name\":\"EL PROGRESO Y LOS JUVENILES APROVECHARON SU CHANCE - CELTTV\",\"isPartOf\":{\"@id\":\"https:\/\/www.celttv.com.ar\/#website\"},\"datePublished\":\"2019-09-15T22:49:08+00:00\",\"dateModified\":\"2019-09-15T22:49:08+00:00\",\"description\":\"Sitio web de noticias de la localidad de Tornquist, provincia de Buenos Aires, Rep\u00fablica Argentina. Contenido propio originado por periodistas de CELTTV, el canal de TV local de la Cooperativa El\u00e9ctrica de Tornquist. Turismo, Pol\u00edtica, Sociedad, Deporte, Cultura y todo el contenido de inter\u00e9s general que la gente del pueblo y la regi\u00f3n debe conocer.\",\"breadcrumb\":{\"@id\":\"https:\/\/www.celttv.com.ar\/index.php\/2019\/09\/15\/el-progreso-y-los-juveniles-aprovecharon-su-chance\/#breadcrumb\"},\"inLanguage\":\"es\",\"potentialAction\":[{\"@type\":\"ReadAction\",\"target\":[\"https:\/\/www.celttv.com.ar\/index.php\/2019\/09\/15\/el-progreso-y-los-juveniles-aprovecharon-su-chance\/\"]}]},{\"@type\":\"BreadcrumbList\",\"@id\":\"https:\/\/www.celttv.com.ar\/index.php\/2019\/09\/15\/el-progreso-y-los-juveniles-aprovecharon-su-chance\/#breadcrumb\",\"itemListElement\":[{\"@type\":\"ListItem\",\"position\":1,\"name\":\"Inicio\",\"item\":\"https:\/\/www.celttv.com.ar\/\"},{\"@type\":\"ListItem\",\"position\":2,\"name\":\"EL PROGRESO Y LOS JUVENILES APROVECHARON SU CHANCE\"}]},{\"@type\":\"WebSite\",\"@id\":\"https:\/\/www.celttv.com.ar\/#website\",\"url\":\"https:\/\/www.celttv.com.ar\/\",\"name\":\"CELTTV\",\"description\":\"Cooperativa El\u00e9ctrica de Tornquist\",\"publisher\":{\"@id\":\"https:\/\/www.celttv.com.ar\/#organization\"},\"potentialAction\":[{\"@type\":\"SearchAction\",\"target\":{\"@type\":\"EntryPoint\",\"urlTemplate\":\"https:\/\/www.celttv.com.ar\/?s={search_term_string}\"},\"query-input\":\"required name=search_term_string\"}],\"inLanguage\":\"es\"},{\"@type\":\"Organization\",\"@id\":\"https:\/\/www.celttv.com.ar\/#organization\",\"name\":\"CELTTV\",\"url\":\"https:\/\/www.celttv.com.ar\/\",\"sameAs\":[\"https:\/\/www.youtube.com\/channel\/UCz_oIt8Hig64Ub-EmcNPIhg\",\"https:\/\/www.facebook.com\/celtTV\/\"],\"logo\":{\"@type\":\"ImageObject\",\"inLanguage\":\"es\",\"@id\":\"https:\/\/www.celttv.com.ar\/#\/schema\/logo\/image\/\",\"url\":\"http:\/\/www.celttv.com.ar\/wp-content\/uploads\/2022\/08\/logo-1.png\",\"contentUrl\":\"http:\/\/www.celttv.com.ar\/wp-content\/uploads\/2022\/08\/logo-1.png\",\"width\":461,\"height\":159,\"caption\":\"CELTTV\"},\"image\":{\"@id\":\"https:\/\/www.celttv.com.ar\/#\/schema\/logo\/image\/\"}},{\"@type\":\"Person\",\"@id\":\"https:\/\/www.celttv.com.ar\/#\/schema\/person\/6d99c072dba59953809c81446e9d0ace\",\"name\":\"ulises\",\"image\":{\"@type\":\"ImageObject\",\"inLanguage\":\"es\",\"@id\":\"https:\/\/www.celttv.com.ar\/#\/schema\/person\/image\/\",\"url\":\"https:\/\/secure.gravatar.com\/avatar\/7f2c48bdc33b30088f941fb6082e555f2874c98e20cb159d7b92b50eadfce793?s=96&d=mm&r=g\",\"contentUrl\":\"https:\/\/secure.gravatar.com\/avatar\/7f2c48bdc33b30088f941fb6082e555f2874c98e20cb159d7b92b50eadfce793?s=96&d=mm&r=g\",\"caption\":\"ulises\"},\"sameAs\":[\"http:\/\/www.celttv.com.ar\"]}]}<\/script>\n<!-- \/ Yoast SEO plugin. -->","yoast_head_json":{"title":"EL PROGRESO Y LOS JUVENILES APROVECHARON SU CHANCE - CELTTV","description":"Sitio web de noticias de la localidad de Tornquist, provincia de Buenos Aires, Rep\u00fablica Argentina. Contenido propio originado por periodistas de CELTTV, el canal de TV local de la Cooperativa El\u00e9ctrica de Tornquist. Turismo, Pol\u00edtica, Sociedad, Deporte, Cultura y todo el contenido de inter\u00e9s general que la gente del pueblo y la regi\u00f3n debe conocer.","robots":{"index":"index","follow":"follow","max-snippet":"max-snippet:-1","max-image-preview":"max-image-preview:large","max-video-preview":"max-video-preview:-1"},"canonical":"https:\/\/www.celttv.com.ar\/index.php\/2019\/09\/15\/el-progreso-y-los-juveniles-aprovecharon-su-chance\/","og_locale":"es_ES","og_type":"article","og_title":"EL PROGRESO Y LOS JUVENILES APROVECHARON SU CHANCE - CELTTV","og_description":"Sitio web de noticias de la localidad de Tornquist, provincia de Buenos Aires, Rep\u00fablica Argentina. Contenido propio originado por periodistas de CELTTV, el canal de TV local de la Cooperativa El\u00e9ctrica de Tornquist. Turismo, Pol\u00edtica, Sociedad, Deporte, Cultura y todo el contenido de inter\u00e9s general que la gente del pueblo y la regi\u00f3n debe conocer.","og_url":"https:\/\/www.celttv.com.ar\/index.php\/2019\/09\/15\/el-progreso-y-los-juveniles-aprovecharon-su-chance\/","og_site_name":"CELTTV","article_publisher":"https:\/\/www.facebook.com\/celtTV\/","article_published_time":"2019-09-15T22:49:08+00:00","og_image":[{"width":960,"height":640,"url":"https:\/\/www.celttv.com.ar\/wp-content\/uploads\/2019\/09\/DSC_0210.jpg","type":"image\/jpeg"}],"author":"ulises","twitter_card":"summary_large_image","twitter_misc":{"Escrito por":"ulises","Tiempo de lectura":"4 minutos"},"schema":{"@context":"https:\/\/schema.org","@graph":[{"@type":"NewsArticle","@id":"https:\/\/www.celttv.com.ar\/index.php\/2019\/09\/15\/el-progreso-y-los-juveniles-aprovecharon-su-chance\/#article","isPartOf":{"@id":"https:\/\/www.celttv.com.ar\/index.php\/2019\/09\/15\/el-progreso-y-los-juveniles-aprovecharon-su-chance\/"},"author":{"name":"ulises","@id":"https:\/\/www.celttv.com.ar\/#\/schema\/person\/6d99c072dba59953809c81446e9d0ace"},"headline":"EL PROGRESO Y LOS JUVENILES APROVECHARON SU CHANCE","datePublished":"2019-09-15T22:49:08+00:00","dateModified":"2019-09-15T22:49:08+00:00","mainEntityOfPage":{"@id":"https:\/\/www.celttv.com.ar\/index.php\/2019\/09\/15\/el-progreso-y-los-juveniles-aprovecharon-su-chance\/"},"wordCount":708,"publisher":{"@id":"https:\/\/www.celttv.com.ar\/#organization"},"articleSection":["Destacadas"],"inLanguage":"es"},{"@type":"WebPage","@id":"https:\/\/www.celttv.com.ar\/index.php\/2019\/09\/15\/el-progreso-y-los-juveniles-aprovecharon-su-chance\/","url":"https:\/\/www.celttv.com.ar\/index.php\/2019\/09\/15\/el-progreso-y-los-juveniles-aprovecharon-su-chance\/","name":"EL PROGRESO Y LOS JUVENILES APROVECHARON SU CHANCE - CELTTV","isPartOf":{"@id":"https:\/\/www.celttv.com.ar\/#website"},"datePublished":"2019-09-15T22:49:08+00:00","dateModified":"2019-09-15T22:49:08+00:00","description":"Sitio web de noticias de la localidad de Tornquist, provincia de Buenos Aires, Rep\u00fablica Argentina. Contenido propio originado por periodistas de CELTTV, el canal de TV local de la Cooperativa El\u00e9ctrica de Tornquist. Turismo, Pol\u00edtica, Sociedad, Deporte, Cultura y todo el contenido de inter\u00e9s general que la gente del pueblo y la regi\u00f3n debe conocer.","breadcrumb":{"@id":"https:\/\/www.celttv.com.ar\/index.php\/2019\/09\/15\/el-progreso-y-los-juveniles-aprovecharon-su-chance\/#breadcrumb"},"inLanguage":"es","potentialAction":[{"@type":"ReadAction","target":["https:\/\/www.celttv.com.ar\/index.php\/2019\/09\/15\/el-progreso-y-los-juveniles-aprovecharon-su-chance\/"]}]},{"@type":"BreadcrumbList","@id":"https:\/\/www.celttv.com.ar\/index.php\/2019\/09\/15\/el-progreso-y-los-juveniles-aprovecharon-su-chance\/#breadcrumb","itemListElement":[{"@type":"ListItem","position":1,"name":"Inicio","item":"https:\/\/www.celttv.com.ar\/"},{"@type":"ListItem","position":2,"name":"EL PROGRESO Y LOS JUVENILES APROVECHARON SU CHANCE"}]},{"@type":"WebSite","@id":"https:\/\/www.celttv.com.ar\/#website","url":"https:\/\/www.celttv.com.ar\/","name":"CELTTV","description":"Cooperativa El\u00e9ctrica de Tornquist","publisher":{"@id":"https:\/\/www.celttv.com.ar\/#organization"},"potentialAction":[{"@type":"SearchAction","target":{"@type":"EntryPoint","urlTemplate":"https:\/\/www.celttv.com.ar\/?s={search_term_string}"},"query-input":"required name=search_term_string"}],"inLanguage":"es"},{"@type":"Organization","@id":"https:\/\/www.celttv.com.ar\/#organization","name":"CELTTV","url":"https:\/\/www.celttv.com.ar\/","sameAs":["https:\/\/www.youtube.com\/channel\/UCz_oIt8Hig64Ub-EmcNPIhg","https:\/\/www.facebook.com\/celtTV\/"],"logo":{"@type":"ImageObject","inLanguage":"es","@id":"https:\/\/www.celttv.com.ar\/#\/schema\/logo\/image\/","url":"http:\/\/www.celttv.com.ar\/wp-content\/uploads\/2022\/08\/logo-1.png","contentUrl":"http:\/\/www.celttv.com.ar\/wp-content\/uploads\/2022\/08\/logo-1.png","width":461,"height":159,"caption":"CELTTV"},"image":{"@id":"https:\/\/www.celttv.com.ar\/#\/schema\/logo\/image\/"}},{"@type":"Person","@id":"https:\/\/www.celttv.com.ar\/#\/schema\/person\/6d99c072dba59953809c81446e9d0ace","name":"ulises","image":{"@type":"ImageObject","inLanguage":"es","@id":"https:\/\/www.celttv.com.ar\/#\/schema\/person\/image\/","url":"https:\/\/secure.gravatar.com\/avatar\/7f2c48bdc33b30088f941fb6082e555f2874c98e20cb159d7b92b50eadfce793?s=96&d=mm&r=g","contentUrl":"https:\/\/secure.gravatar.com\/avatar\/7f2c48bdc33b30088f941fb6082e555f2874c98e20cb159d7b92b50eadfce793?s=96&d=mm&r=g","caption":"ulises"},"sameAs":["http:\/\/www.celttv.com.ar"]}]}},"_links":{"self":[{"href":"https:\/\/www.celttv.com.ar\/index.php\/wp-json\/wp\/v2\/posts\/43996","targetHints":{"allow":["GET"]}}],"collection":[{"href":"https:\/\/www.celttv.com.ar\/index.php\/wp-json\/wp\/v2\/posts"}],"about":[{"href":"https:\/\/www.celttv.com.ar\/index.php\/wp-json\/wp\/v2\/types\/post"}],"author":[{"embeddable":true,"href":"https:\/\/www.celttv.com.ar\/index.php\/wp-json\/wp\/v2\/users\/1"}],"replies":[{"embeddable":true,"href":"https:\/\/www.celttv.com.ar\/index.php\/wp-json\/wp\/v2\/comments?post=43996"}],"version-history":[{"count":0,"href":"https:\/\/www.celttv.com.ar\/index.php\/wp-json\/wp\/v2\/posts\/43996\/revisions"}],"wp:featuredmedia":[{"embeddable":true,"href":"https:\/\/www.celttv.com.ar\/index.php\/wp-json\/wp\/v2\/media\/43997"}],"wp:attachment":[{"href":"https:\/\/www.celttv.com.ar\/index.php\/wp-json\/wp\/v2\/media?parent=43996"}],"wp:term":[{"taxonomy":"category","embeddable":true,"href":"https:\/\/www.celttv.com.ar\/index.php\/wp-json\/wp\/v2\/categories?post=43996"},{"taxonomy":"post_tag","embeddable":true,"href":"https:\/\/www.celttv.com.ar\/index.php\/wp-json\/wp\/v2\/tags?post=43996"}],"curies":[{"name":"wp","href":"https:\/\/api.w.org\/{rel}","templated":true}]}}