{"id":44002,"date":"2019-09-16T18:04:14","date_gmt":"2019-09-16T18:04:14","guid":{"rendered":"http:\/\/www.celttv.com.ar\/?p=44002"},"modified":"2019-09-16T18:04:14","modified_gmt":"2019-09-16T18:04:14","slug":"resultados-del-torneo-amistoso-de-gimnasia-artistica-realizado-en-tornquist","status":"publish","type":"post","link":"https:\/\/www.celttv.com.ar\/index.php\/2019\/09\/16\/resultados-del-torneo-amistoso-de-gimnasia-artistica-realizado-en-tornquist\/","title":{"rendered":"Resultados del torneo amistoso de gimnasia art\u00edstica realizado en Tornquist"},"content":{"rendered":"<p>El d\u00eda 14 de septiembre se llev\u00f3 a cabo un encuentro de gimnasia art\u00edstica nivel escuela organizado por el Centro Gimn\u00e1stico Tornquist.<\/p>\n<p>Se desarroll\u00f3 en las instalaciones del Gimnasio Municipal \u201cAltos\u201d y las instituciones que intervinieron fueron: Gimnasio Ed\u00e9n, CEF N\u00ba 9 Tornquist y Gimnasia Municipal.<\/p>\n<p>Participaron un total de 42 Gimnastas.<\/p>\n<p>El objetivo era que las alumnas adquieran experiencia en el desarrollo de un torneo, que la familia pueda ver los elementos que sus hijos van logrando, conocer donde entrena el Centro Gimn\u00e1stico y de competir en los cuatro aparatos. Adem\u00e1s lograr confianza para los pr\u00f3ximos encuentros.<\/p>\n<p>El torneo estuvo juzgado por alumnas de los niveles m\u00e1s avanzados del Centro Gimn\u00e1stico (Clara Dri , Ariana Di Nunzio, Ana Sgammini, Sof\u00eda Hoer, Guadalupe Vergara Haspert, Giovanna Marcolini y Briana Torsani).<\/p>\n<p>Resultados:<\/p>\n<p>El Profesor Gustavo Graff agradece a todos los padres por acompa\u00f1ar a sus hijos en cada desaf\u00edo generando confianza y motiv\u00e1ndolos a seguir. Al Jard\u00edn 905 por prestarnos las sillas. Agradece especialmente a las Alumnas y a la Familia del Centro Gimn\u00e1stico Tornquist que sin su ayuda esta linda jornada no se hubiera realizado.<\/p>\n<p><b>Nivel Escuela<\/b><\/p>\n<p>Categor\u00eda Premini:<\/p>\n<p>1\u00ba Picado Elena (Gimnasio Ed\u00e9n)<\/p>\n<p>2\u00ba Graff Benita (Gimnasio Ed\u00e9n)<\/p>\n<p>2\u00ba Fari\u00f1a Romanela (Gimnasio Ed\u00e9n)<\/p>\n<p>3\u00ba Bernardt Bianca (Gimnasio Ed\u00e9n)<\/p>\n<p>3\u00ba Moraga Julieta (Gimnasio Ed\u00e9n)<\/p>\n<p>Adem\u00e1s participaron Holzmann, Luna &#8211; Meriggi, Malena- Minuj\u00edn, Clara- Gonzalez Lencinas,\u00a0\u00a0Isabella- Barrio, Constanza- Stefen, Emilia- Suppes, Emma -Holzmann, Trinidad- Spialtini, Agustina- Franco, Emma (todas alumnas del Gimnasio Ed\u00e9n)<\/p>\n<p><b>VARONES:<\/b><\/p>\n<p>Categor\u00eda Infantil<\/p>\n<p>1\u00ba Garc\u00eda Uriel (CEF N\u00ba 9)<\/p>\n<p>Categor\u00eda Preinfantil<\/p>\n<p>1\u00ba Schwab Uriel (CEF N\u00ba 9)<\/p>\n<p>Categor\u00eda Premini<\/p>\n<p>1\u00ba Poblet Julian (CEF N\u00ba 9)<\/p>\n<p>Categor\u00eda Mini<\/p>\n<p>1\u00ba Haspert Timoteo\u00a0\u00a0(CEF N\u00ba 9)<\/p>\n<p>2\u00ba Sonda Thiago (CEF N\u00ba 9)<\/p>\n<p>3\u00ba Garc\u00eda Mateo (CEF N\u00ba 9)<\/p>\n<p>3\u00ba Ant\u00f3n Benicio (CEF N\u00ba 9)<\/p>\n<p><b>Nivel E3 (dos aparatos)<\/b><\/p>\n<p>1\u00ba Vittori Ana (CEF N\u00ba 9)<\/p>\n<p>2\u00ba Sotoca Lourdes (CEF N\u00ba 9)<\/p>\n<p>3\u00ba Minetti M\u00e1xima (CEF N\u00ba 9)<\/p>\n<p><b>Nivel E2<\/b><\/p>\n<p>Categor\u00eda Preinfantil<\/p>\n<p>1\u00ba Buitrago Justina (Gimnasio Ed\u00e9n)<\/p>\n<p>2\u00ba Moraga Catalina (Gimnasio Ed\u00e9n)<\/p>\n<p>3\u00ba Hagg Amparo (Gimnasio Ed\u00e9n)<\/p>\n<p>Adem\u00e1s participaron Grassi, Juana (Gimnasio Ed\u00e9n)- Martinez Moroncini, Simona (Gimnasio Ed\u00e9n)- Clara Tonelli (CEF N\u00ba9)<\/p>\n<p>Categor\u00eda Mini<\/p>\n<p>1\u00ba Leiva Zoe (Gimnasio Ed\u00e9n)<\/p>\n<p>2\u00ba Abalos Maitena (Gimnasio Ed\u00e9n)<\/p>\n<p>3\u00ba Taylor Julia (Gimnasio Ed\u00e9n)<\/p>\n<p>4\u00ba Morena Quiroga (CEF N\u00ba9)<\/p>\n<p>Categor\u00eda Infantil<\/p>\n<p>1\u00ba Schwab Candela (Gimnasia Municipal)<\/p>\n<p>2\u00ba Graff Emma (Gimnasio Ed\u00e9n)<\/p>\n<p>3\u00ba Corso Dalila (CEF N\u00ba 9)<\/p>\n<p><span lang=\"EN-US\">Categor\u00eda Juvenil<\/span><\/p>\n<p><span lang=\"EN-US\">1\u00ba Viveros Katherine (CEF N\u00ba 9)<\/span><\/p>\n","protected":false},"excerpt":{"rendered":"<p>El d\u00eda 14 de septiembre se llev\u00f3 a cabo un encuentro de gimnasia art\u00edstica nivel escuela organizado por el Centro Gimn\u00e1stico Tornquist. Se desarroll\u00f3 en las instalaciones del Gimnasio Municipal \u201cAltos\u201d y las instituciones que intervinieron fueron: Gimnasio Ed\u00e9n, CEF N\u00ba 9 Tornquist y Gimnasia Municipal. Participaron un total de 42 Gimnastas. El objetivo era [&hellip;]<\/p>\n","protected":false},"author":1,"featured_media":44003,"comment_status":"closed","ping_status":"open","sticky":false,"template":"","format":"standard","meta":{"footnotes":""},"categories":[55,60,52,63],"tags":[],"class_list":["post-44002","post","type-post","status-publish","format-standard","has-post-thumbnail","hentry","category-celt-tv-noticias","category-deporte","category-destacadas","category-magazine-sport"],"yoast_head":"<!-- This site is optimized with the Yoast SEO plugin v19.7.1 - https:\/\/yoast.com\/wordpress\/plugins\/seo\/ -->\n<title>Resultados del torneo amistoso de gimnasia art\u00edstica realizado en Tornquist - CELTTV<\/title>\n<meta name=\"description\" content=\"Sitio web de noticias de la localidad de Tornquist, provincia de Buenos Aires, Rep\u00fablica Argentina. Contenido propio originado por periodistas de CELTTV, el canal de TV local de la Cooperativa El\u00e9ctrica de Tornquist. Turismo, Pol\u00edtica, Sociedad, Deporte, Cultura y todo el contenido de inter\u00e9s general que la gente del pueblo y la regi\u00f3n debe conocer.\" \/>\n<meta name=\"robots\" content=\"index, follow, max-snippet:-1, max-image-preview:large, max-video-preview:-1\" \/>\n<link rel=\"canonical\" href=\"https:\/\/www.celttv.com.ar\/index.php\/2019\/09\/16\/resultados-del-torneo-amistoso-de-gimnasia-artistica-realizado-en-tornquist\/\" \/>\n<meta property=\"og:locale\" content=\"es_ES\" \/>\n<meta property=\"og:type\" content=\"article\" \/>\n<meta property=\"og:title\" content=\"Resultados del torneo amistoso de gimnasia art\u00edstica realizado en Tornquist - CELTTV\" \/>\n<meta property=\"og:description\" content=\"Sitio web de noticias de la localidad de Tornquist, provincia de Buenos Aires, Rep\u00fablica Argentina. Contenido propio originado por periodistas de CELTTV, el canal de TV local de la Cooperativa El\u00e9ctrica de Tornquist. Turismo, Pol\u00edtica, Sociedad, Deporte, Cultura y todo el contenido de inter\u00e9s general que la gente del pueblo y la regi\u00f3n debe conocer.\" \/>\n<meta property=\"og:url\" content=\"https:\/\/www.celttv.com.ar\/index.php\/2019\/09\/16\/resultados-del-torneo-amistoso-de-gimnasia-artistica-realizado-en-tornquist\/\" \/>\n<meta property=\"og:site_name\" content=\"CELTTV\" \/>\n<meta property=\"article:publisher\" content=\"https:\/\/www.facebook.com\/celtTV\/\" \/>\n<meta property=\"article:published_time\" content=\"2019-09-16T18:04:14+00:00\" \/>\n<meta property=\"og:image\" content=\"https:\/\/www.celttv.com.ar\/wp-content\/uploads\/2019\/09\/69938683_1103962956463671_7908629337199345664_n.jpg\" \/>\n\t<meta property=\"og:image:width\" content=\"540\" \/>\n\t<meta property=\"og:image:height\" content=\"540\" \/>\n\t<meta property=\"og:image:type\" content=\"image\/jpeg\" \/>\n<meta name=\"author\" content=\"ulises\" \/>\n<meta name=\"twitter:card\" content=\"summary_large_image\" \/>\n<meta name=\"twitter:label1\" content=\"Escrito por\" \/>\n\t<meta name=\"twitter:data1\" content=\"ulises\" \/>\n\t<meta name=\"twitter:label2\" content=\"Tiempo de lectura\" \/>\n\t<meta name=\"twitter:data2\" content=\"2 minutos\" \/>\n<script type=\"application\/ld+json\" class=\"yoast-schema-graph\">{\"@context\":\"https:\/\/schema.org\",\"@graph\":[{\"@type\":\"NewsArticle\",\"@id\":\"https:\/\/www.celttv.com.ar\/index.php\/2019\/09\/16\/resultados-del-torneo-amistoso-de-gimnasia-artistica-realizado-en-tornquist\/#article\",\"isPartOf\":{\"@id\":\"https:\/\/www.celttv.com.ar\/index.php\/2019\/09\/16\/resultados-del-torneo-amistoso-de-gimnasia-artistica-realizado-en-tornquist\/\"},\"author\":{\"name\":\"ulises\",\"@id\":\"https:\/\/www.celttv.com.ar\/#\/schema\/person\/6d99c072dba59953809c81446e9d0ace\"},\"headline\":\"Resultados del torneo amistoso de gimnasia art\u00edstica realizado en Tornquist\",\"datePublished\":\"2019-09-16T18:04:14+00:00\",\"dateModified\":\"2019-09-16T18:04:14+00:00\",\"mainEntityOfPage\":{\"@id\":\"https:\/\/www.celttv.com.ar\/index.php\/2019\/09\/16\/resultados-del-torneo-amistoso-de-gimnasia-artistica-realizado-en-tornquist\/\"},\"wordCount\":415,\"publisher\":{\"@id\":\"https:\/\/www.celttv.com.ar\/#organization\"},\"articleSection\":[\"Celt TV Noticias\",\"Deporte\",\"Destacadas\",\"Magazine Sport\"],\"inLanguage\":\"es\"},{\"@type\":\"WebPage\",\"@id\":\"https:\/\/www.celttv.com.ar\/index.php\/2019\/09\/16\/resultados-del-torneo-amistoso-de-gimnasia-artistica-realizado-en-tornquist\/\",\"url\":\"https:\/\/www.celttv.com.ar\/index.php\/2019\/09\/16\/resultados-del-torneo-amistoso-de-gimnasia-artistica-realizado-en-tornquist\/\",\"name\":\"Resultados del torneo amistoso de gimnasia art\u00edstica realizado en Tornquist - CELTTV\",\"isPartOf\":{\"@id\":\"https:\/\/www.celttv.com.ar\/#website\"},\"datePublished\":\"2019-09-16T18:04:14+00:00\",\"dateModified\":\"2019-09-16T18:04:14+00:00\",\"description\":\"Sitio web de noticias de la localidad de Tornquist, provincia de Buenos Aires, Rep\u00fablica Argentina. Contenido propio originado por periodistas de CELTTV, el canal de TV local de la Cooperativa El\u00e9ctrica de Tornquist. Turismo, Pol\u00edtica, Sociedad, Deporte, Cultura y todo el contenido de inter\u00e9s general que la gente del pueblo y la regi\u00f3n debe conocer.\",\"breadcrumb\":{\"@id\":\"https:\/\/www.celttv.com.ar\/index.php\/2019\/09\/16\/resultados-del-torneo-amistoso-de-gimnasia-artistica-realizado-en-tornquist\/#breadcrumb\"},\"inLanguage\":\"es\",\"potentialAction\":[{\"@type\":\"ReadAction\",\"target\":[\"https:\/\/www.celttv.com.ar\/index.php\/2019\/09\/16\/resultados-del-torneo-amistoso-de-gimnasia-artistica-realizado-en-tornquist\/\"]}]},{\"@type\":\"BreadcrumbList\",\"@id\":\"https:\/\/www.celttv.com.ar\/index.php\/2019\/09\/16\/resultados-del-torneo-amistoso-de-gimnasia-artistica-realizado-en-tornquist\/#breadcrumb\",\"itemListElement\":[{\"@type\":\"ListItem\",\"position\":1,\"name\":\"Inicio\",\"item\":\"https:\/\/www.celttv.com.ar\/\"},{\"@type\":\"ListItem\",\"position\":2,\"name\":\"Resultados del torneo amistoso de gimnasia art\u00edstica realizado en Tornquist\"}]},{\"@type\":\"WebSite\",\"@id\":\"https:\/\/www.celttv.com.ar\/#website\",\"url\":\"https:\/\/www.celttv.com.ar\/\",\"name\":\"CELTTV\",\"description\":\"Cooperativa El\u00e9ctrica de Tornquist\",\"publisher\":{\"@id\":\"https:\/\/www.celttv.com.ar\/#organization\"},\"potentialAction\":[{\"@type\":\"SearchAction\",\"target\":{\"@type\":\"EntryPoint\",\"urlTemplate\":\"https:\/\/www.celttv.com.ar\/?s={search_term_string}\"},\"query-input\":\"required name=search_term_string\"}],\"inLanguage\":\"es\"},{\"@type\":\"Organization\",\"@id\":\"https:\/\/www.celttv.com.ar\/#organization\",\"name\":\"CELTTV\",\"url\":\"https:\/\/www.celttv.com.ar\/\",\"sameAs\":[\"https:\/\/www.youtube.com\/channel\/UCz_oIt8Hig64Ub-EmcNPIhg\",\"https:\/\/www.facebook.com\/celtTV\/\"],\"logo\":{\"@type\":\"ImageObject\",\"inLanguage\":\"es\",\"@id\":\"https:\/\/www.celttv.com.ar\/#\/schema\/logo\/image\/\",\"url\":\"http:\/\/www.celttv.com.ar\/wp-content\/uploads\/2022\/08\/logo-1.png\",\"contentUrl\":\"http:\/\/www.celttv.com.ar\/wp-content\/uploads\/2022\/08\/logo-1.png\",\"width\":461,\"height\":159,\"caption\":\"CELTTV\"},\"image\":{\"@id\":\"https:\/\/www.celttv.com.ar\/#\/schema\/logo\/image\/\"}},{\"@type\":\"Person\",\"@id\":\"https:\/\/www.celttv.com.ar\/#\/schema\/person\/6d99c072dba59953809c81446e9d0ace\",\"name\":\"ulises\",\"image\":{\"@type\":\"ImageObject\",\"inLanguage\":\"es\",\"@id\":\"https:\/\/www.celttv.com.ar\/#\/schema\/person\/image\/\",\"url\":\"https:\/\/secure.gravatar.com\/avatar\/7f2c48bdc33b30088f941fb6082e555f2874c98e20cb159d7b92b50eadfce793?s=96&d=mm&r=g\",\"contentUrl\":\"https:\/\/secure.gravatar.com\/avatar\/7f2c48bdc33b30088f941fb6082e555f2874c98e20cb159d7b92b50eadfce793?s=96&d=mm&r=g\",\"caption\":\"ulises\"},\"sameAs\":[\"http:\/\/www.celttv.com.ar\"]}]}<\/script>\n<!-- \/ Yoast SEO plugin. -->","yoast_head_json":{"title":"Resultados del torneo amistoso de gimnasia art\u00edstica realizado en Tornquist - CELTTV","description":"Sitio web de noticias de la localidad de Tornquist, provincia de Buenos Aires, Rep\u00fablica Argentina. Contenido propio originado por periodistas de CELTTV, el canal de TV local de la Cooperativa El\u00e9ctrica de Tornquist. Turismo, Pol\u00edtica, Sociedad, Deporte, Cultura y todo el contenido de inter\u00e9s general que la gente del pueblo y la regi\u00f3n debe conocer.","robots":{"index":"index","follow":"follow","max-snippet":"max-snippet:-1","max-image-preview":"max-image-preview:large","max-video-preview":"max-video-preview:-1"},"canonical":"https:\/\/www.celttv.com.ar\/index.php\/2019\/09\/16\/resultados-del-torneo-amistoso-de-gimnasia-artistica-realizado-en-tornquist\/","og_locale":"es_ES","og_type":"article","og_title":"Resultados del torneo amistoso de gimnasia art\u00edstica realizado en Tornquist - CELTTV","og_description":"Sitio web de noticias de la localidad de Tornquist, provincia de Buenos Aires, Rep\u00fablica Argentina. Contenido propio originado por periodistas de CELTTV, el canal de TV local de la Cooperativa El\u00e9ctrica de Tornquist. Turismo, Pol\u00edtica, Sociedad, Deporte, Cultura y todo el contenido de inter\u00e9s general que la gente del pueblo y la regi\u00f3n debe conocer.","og_url":"https:\/\/www.celttv.com.ar\/index.php\/2019\/09\/16\/resultados-del-torneo-amistoso-de-gimnasia-artistica-realizado-en-tornquist\/","og_site_name":"CELTTV","article_publisher":"https:\/\/www.facebook.com\/celtTV\/","article_published_time":"2019-09-16T18:04:14+00:00","og_image":[{"width":540,"height":540,"url":"https:\/\/www.celttv.com.ar\/wp-content\/uploads\/2019\/09\/69938683_1103962956463671_7908629337199345664_n.jpg","type":"image\/jpeg"}],"author":"ulises","twitter_card":"summary_large_image","twitter_misc":{"Escrito por":"ulises","Tiempo de lectura":"2 minutos"},"schema":{"@context":"https:\/\/schema.org","@graph":[{"@type":"NewsArticle","@id":"https:\/\/www.celttv.com.ar\/index.php\/2019\/09\/16\/resultados-del-torneo-amistoso-de-gimnasia-artistica-realizado-en-tornquist\/#article","isPartOf":{"@id":"https:\/\/www.celttv.com.ar\/index.php\/2019\/09\/16\/resultados-del-torneo-amistoso-de-gimnasia-artistica-realizado-en-tornquist\/"},"author":{"name":"ulises","@id":"https:\/\/www.celttv.com.ar\/#\/schema\/person\/6d99c072dba59953809c81446e9d0ace"},"headline":"Resultados del torneo amistoso de gimnasia art\u00edstica realizado en Tornquist","datePublished":"2019-09-16T18:04:14+00:00","dateModified":"2019-09-16T18:04:14+00:00","mainEntityOfPage":{"@id":"https:\/\/www.celttv.com.ar\/index.php\/2019\/09\/16\/resultados-del-torneo-amistoso-de-gimnasia-artistica-realizado-en-tornquist\/"},"wordCount":415,"publisher":{"@id":"https:\/\/www.celttv.com.ar\/#organization"},"articleSection":["Celt TV Noticias","Deporte","Destacadas","Magazine Sport"],"inLanguage":"es"},{"@type":"WebPage","@id":"https:\/\/www.celttv.com.ar\/index.php\/2019\/09\/16\/resultados-del-torneo-amistoso-de-gimnasia-artistica-realizado-en-tornquist\/","url":"https:\/\/www.celttv.com.ar\/index.php\/2019\/09\/16\/resultados-del-torneo-amistoso-de-gimnasia-artistica-realizado-en-tornquist\/","name":"Resultados del torneo amistoso de gimnasia art\u00edstica realizado en Tornquist - CELTTV","isPartOf":{"@id":"https:\/\/www.celttv.com.ar\/#website"},"datePublished":"2019-09-16T18:04:14+00:00","dateModified":"2019-09-16T18:04:14+00:00","description":"Sitio web de noticias de la localidad de Tornquist, provincia de Buenos Aires, Rep\u00fablica Argentina. Contenido propio originado por periodistas de CELTTV, el canal de TV local de la Cooperativa El\u00e9ctrica de Tornquist. Turismo, Pol\u00edtica, Sociedad, Deporte, Cultura y todo el contenido de inter\u00e9s general que la gente del pueblo y la regi\u00f3n debe conocer.","breadcrumb":{"@id":"https:\/\/www.celttv.com.ar\/index.php\/2019\/09\/16\/resultados-del-torneo-amistoso-de-gimnasia-artistica-realizado-en-tornquist\/#breadcrumb"},"inLanguage":"es","potentialAction":[{"@type":"ReadAction","target":["https:\/\/www.celttv.com.ar\/index.php\/2019\/09\/16\/resultados-del-torneo-amistoso-de-gimnasia-artistica-realizado-en-tornquist\/"]}]},{"@type":"BreadcrumbList","@id":"https:\/\/www.celttv.com.ar\/index.php\/2019\/09\/16\/resultados-del-torneo-amistoso-de-gimnasia-artistica-realizado-en-tornquist\/#breadcrumb","itemListElement":[{"@type":"ListItem","position":1,"name":"Inicio","item":"https:\/\/www.celttv.com.ar\/"},{"@type":"ListItem","position":2,"name":"Resultados del torneo amistoso de gimnasia art\u00edstica realizado en Tornquist"}]},{"@type":"WebSite","@id":"https:\/\/www.celttv.com.ar\/#website","url":"https:\/\/www.celttv.com.ar\/","name":"CELTTV","description":"Cooperativa El\u00e9ctrica de Tornquist","publisher":{"@id":"https:\/\/www.celttv.com.ar\/#organization"},"potentialAction":[{"@type":"SearchAction","target":{"@type":"EntryPoint","urlTemplate":"https:\/\/www.celttv.com.ar\/?s={search_term_string}"},"query-input":"required name=search_term_string"}],"inLanguage":"es"},{"@type":"Organization","@id":"https:\/\/www.celttv.com.ar\/#organization","name":"CELTTV","url":"https:\/\/www.celttv.com.ar\/","sameAs":["https:\/\/www.youtube.com\/channel\/UCz_oIt8Hig64Ub-EmcNPIhg","https:\/\/www.facebook.com\/celtTV\/"],"logo":{"@type":"ImageObject","inLanguage":"es","@id":"https:\/\/www.celttv.com.ar\/#\/schema\/logo\/image\/","url":"http:\/\/www.celttv.com.ar\/wp-content\/uploads\/2022\/08\/logo-1.png","contentUrl":"http:\/\/www.celttv.com.ar\/wp-content\/uploads\/2022\/08\/logo-1.png","width":461,"height":159,"caption":"CELTTV"},"image":{"@id":"https:\/\/www.celttv.com.ar\/#\/schema\/logo\/image\/"}},{"@type":"Person","@id":"https:\/\/www.celttv.com.ar\/#\/schema\/person\/6d99c072dba59953809c81446e9d0ace","name":"ulises","image":{"@type":"ImageObject","inLanguage":"es","@id":"https:\/\/www.celttv.com.ar\/#\/schema\/person\/image\/","url":"https:\/\/secure.gravatar.com\/avatar\/7f2c48bdc33b30088f941fb6082e555f2874c98e20cb159d7b92b50eadfce793?s=96&d=mm&r=g","contentUrl":"https:\/\/secure.gravatar.com\/avatar\/7f2c48bdc33b30088f941fb6082e555f2874c98e20cb159d7b92b50eadfce793?s=96&d=mm&r=g","caption":"ulises"},"sameAs":["http:\/\/www.celttv.com.ar"]}]}},"_links":{"self":[{"href":"https:\/\/www.celttv.com.ar\/index.php\/wp-json\/wp\/v2\/posts\/44002","targetHints":{"allow":["GET"]}}],"collection":[{"href":"https:\/\/www.celttv.com.ar\/index.php\/wp-json\/wp\/v2\/posts"}],"about":[{"href":"https:\/\/www.celttv.com.ar\/index.php\/wp-json\/wp\/v2\/types\/post"}],"author":[{"embeddable":true,"href":"https:\/\/www.celttv.com.ar\/index.php\/wp-json\/wp\/v2\/users\/1"}],"replies":[{"embeddable":true,"href":"https:\/\/www.celttv.com.ar\/index.php\/wp-json\/wp\/v2\/comments?post=44002"}],"version-history":[{"count":0,"href":"https:\/\/www.celttv.com.ar\/index.php\/wp-json\/wp\/v2\/posts\/44002\/revisions"}],"wp:featuredmedia":[{"embeddable":true,"href":"https:\/\/www.celttv.com.ar\/index.php\/wp-json\/wp\/v2\/media\/44003"}],"wp:attachment":[{"href":"https:\/\/www.celttv.com.ar\/index.php\/wp-json\/wp\/v2\/media?parent=44002"}],"wp:term":[{"taxonomy":"category","embeddable":true,"href":"https:\/\/www.celttv.com.ar\/index.php\/wp-json\/wp\/v2\/categories?post=44002"},{"taxonomy":"post_tag","embeddable":true,"href":"https:\/\/www.celttv.com.ar\/index.php\/wp-json\/wp\/v2\/tags?post=44002"}],"curies":[{"name":"wp","href":"https:\/\/api.w.org\/{rel}","templated":true}]}}