{"id":44016,"date":"2019-09-18T14:54:01","date_gmt":"2019-09-18T14:54:01","guid":{"rendered":"http:\/\/www.celttv.com.ar\/?p=44016"},"modified":"2019-09-18T14:54:01","modified_gmt":"2019-09-18T14:54:01","slug":"nuevamente-se-registraron-hechos-desconsiderados-en-los-puntos-limpios-fotos","status":"publish","type":"post","link":"https:\/\/www.celttv.com.ar\/index.php\/2019\/09\/18\/nuevamente-se-registraron-hechos-desconsiderados-en-los-puntos-limpios-fotos\/","title":{"rendered":"Nuevamente se registraron hechos desconsiderados en los Puntos Limpios (Fotos)"},"content":{"rendered":"<p>Una vez m\u00e1s actitudes ego\u00edstas y desconsideras se observaron en distintos Puntos Limpios de Tornquist, en donde se depositaron residuos que no corresponden a dichos espacios, generando basura en la v\u00eda p\u00fablica y entorpeciendo el trabajo de quienes asisten al Taller Protegido.<\/p>\n<p>En tal sentido el Municipio inform\u00f3 que, seg\u00fan establece la Ordenanza, comenzar\u00e1 a multarse a aquellos que arrojen residuos en la v\u00eda p\u00fablica.<\/p>\n<p>Desde Producci\u00f3n recordamos que son much\u00edsimos los beneficios de reciclar y el impacto de hacerlo, lo que afecta directamente sobre nosotros, el planeta y la sociedad.<\/p>\n<p>Reciclar es una acci\u00f3n solidaria y \u00fatil que podemos hacer como ciudadanos y vecinos para cuidar el medioambiente. Tornquist cuenta con Puntos Limpios, sectores que permiten de una forma bastante accesible y c\u00f3moda reciclar vidrio, papel, cart\u00f3n y pl\u00e1stico.<\/p>\n<p><a href=\"http:\/\/www.celttv.com.ar\/?attachment_id=44017\" rel=\"attachment wp-att-44017\"><img loading=\"lazy\" decoding=\"async\" class=\"alignleft size-full wp-image-44017\" src=\"http:\/\/www.celttv.com.ar\/wp-content\/uploads\/2019\/09\/IMG-20190918-WA0004.jpg\" alt=\"\" width=\"774\" height=\"1032\" srcset=\"https:\/\/www.celttv.com.ar\/wp-content\/uploads\/2019\/09\/IMG-20190918-WA0004.jpg 774w, https:\/\/www.celttv.com.ar\/wp-content\/uploads\/2019\/09\/IMG-20190918-WA0004-225x300.jpg 225w, https:\/\/www.celttv.com.ar\/wp-content\/uploads\/2019\/09\/IMG-20190918-WA0004-768x1024.jpg 768w, https:\/\/www.celttv.com.ar\/wp-content\/uploads\/2019\/09\/IMG-20190918-WA0004-750x1000.jpg 750w\" sizes=\"auto, (max-width: 774px) 100vw, 774px\" \/><\/a> <a href=\"http:\/\/www.celttv.com.ar\/?attachment_id=44018\" rel=\"attachment wp-att-44018\"><img loading=\"lazy\" decoding=\"async\" class=\"alignleft size-medium wp-image-44018\" src=\"http:\/\/www.celttv.com.ar\/wp-content\/uploads\/2019\/09\/IMG-20190918-WA0005.jpg\" alt=\"\" width=\"585\" height=\"780\" srcset=\"https:\/\/www.celttv.com.ar\/wp-content\/uploads\/2019\/09\/IMG-20190918-WA0005.jpg 774w, https:\/\/www.celttv.com.ar\/wp-content\/uploads\/2019\/09\/IMG-20190918-WA0005-225x300.jpg 225w, https:\/\/www.celttv.com.ar\/wp-content\/uploads\/2019\/09\/IMG-20190918-WA0005-768x1024.jpg 768w, https:\/\/www.celttv.com.ar\/wp-content\/uploads\/2019\/09\/IMG-20190918-WA0005-750x1000.jpg 750w\" sizes=\"auto, (max-width: 585px) 100vw, 585px\" \/><\/a> <a href=\"http:\/\/www.celttv.com.ar\/?attachment_id=44019\" rel=\"attachment wp-att-44019\"><img loading=\"lazy\" decoding=\"async\" class=\"alignleft size-medium wp-image-44019\" src=\"http:\/\/www.celttv.com.ar\/wp-content\/uploads\/2019\/09\/IMG-20190918-WA0006.jpg\" alt=\"\" width=\"585\" height=\"780\" srcset=\"https:\/\/www.celttv.com.ar\/wp-content\/uploads\/2019\/09\/IMG-20190918-WA0006.jpg 960w, https:\/\/www.celttv.com.ar\/wp-content\/uploads\/2019\/09\/IMG-20190918-WA0006-225x300.jpg 225w, https:\/\/www.celttv.com.ar\/wp-content\/uploads\/2019\/09\/IMG-20190918-WA0006-768x1024.jpg 768w, https:\/\/www.celttv.com.ar\/wp-content\/uploads\/2019\/09\/IMG-20190918-WA0006-750x1000.jpg 750w\" sizes=\"auto, (max-width: 585px) 100vw, 585px\" \/><\/a> <a href=\"http:\/\/www.celttv.com.ar\/?attachment_id=44020\" rel=\"attachment wp-att-44020\"><img loading=\"lazy\" decoding=\"async\" class=\"alignleft size-medium wp-image-44020\" src=\"http:\/\/www.celttv.com.ar\/wp-content\/uploads\/2019\/09\/IMG-20190918-WA0007.jpg\" alt=\"\" width=\"585\" height=\"780\" srcset=\"https:\/\/www.celttv.com.ar\/wp-content\/uploads\/2019\/09\/IMG-20190918-WA0007.jpg 774w, https:\/\/www.celttv.com.ar\/wp-content\/uploads\/2019\/09\/IMG-20190918-WA0007-225x300.jpg 225w, https:\/\/www.celttv.com.ar\/wp-content\/uploads\/2019\/09\/IMG-20190918-WA0007-768x1024.jpg 768w, https:\/\/www.celttv.com.ar\/wp-content\/uploads\/2019\/09\/IMG-20190918-WA0007-750x1000.jpg 750w\" sizes=\"auto, (max-width: 585px) 100vw, 585px\" \/><\/a><\/p>\n","protected":false},"excerpt":{"rendered":"<p>Una vez m\u00e1s actitudes ego\u00edstas y desconsideras se observaron en distintos Puntos Limpios de Tornquist, en donde se depositaron residuos que no corresponden a dichos espacios, generando basura en la v\u00eda p\u00fablica y entorpeciendo el trabajo de quienes asisten al Taller Protegido. En tal sentido el Municipio inform\u00f3 que, seg\u00fan establece la Ordenanza, comenzar\u00e1 a [&hellip;]<\/p>\n","protected":false},"author":1,"featured_media":44017,"comment_status":"closed","ping_status":"open","sticky":false,"template":"","format":"standard","meta":{"footnotes":""},"categories":[55,51,52,65],"tags":[],"class_list":["post-44016","post","type-post","status-publish","format-standard","has-post-thumbnail","hentry","category-celt-tv-noticias","category-comunidad","category-destacadas","category-produccion"],"yoast_head":"<!-- This site is optimized with the Yoast SEO plugin v19.7.1 - https:\/\/yoast.com\/wordpress\/plugins\/seo\/ -->\n<title>Nuevamente se registraron hechos desconsiderados en los Puntos Limpios (Fotos) - CELTTV<\/title>\n<meta name=\"description\" content=\"Sitio web de noticias de la localidad de Tornquist, provincia de Buenos Aires, Rep\u00fablica Argentina. Contenido propio originado por periodistas de CELTTV, el canal de TV local de la Cooperativa El\u00e9ctrica de Tornquist. Turismo, Pol\u00edtica, Sociedad, Deporte, Cultura y todo el contenido de inter\u00e9s general que la gente del pueblo y la regi\u00f3n debe conocer.\" \/>\n<meta name=\"robots\" content=\"index, follow, max-snippet:-1, max-image-preview:large, max-video-preview:-1\" \/>\n<link rel=\"canonical\" href=\"https:\/\/www.celttv.com.ar\/index.php\/2019\/09\/18\/nuevamente-se-registraron-hechos-desconsiderados-en-los-puntos-limpios-fotos\/\" \/>\n<meta property=\"og:locale\" content=\"es_ES\" \/>\n<meta property=\"og:type\" content=\"article\" \/>\n<meta property=\"og:title\" content=\"Nuevamente se registraron hechos desconsiderados en los Puntos Limpios (Fotos) - CELTTV\" \/>\n<meta property=\"og:description\" content=\"Sitio web de noticias de la localidad de Tornquist, provincia de Buenos Aires, Rep\u00fablica Argentina. Contenido propio originado por periodistas de CELTTV, el canal de TV local de la Cooperativa El\u00e9ctrica de Tornquist. Turismo, Pol\u00edtica, Sociedad, Deporte, Cultura y todo el contenido de inter\u00e9s general que la gente del pueblo y la regi\u00f3n debe conocer.\" \/>\n<meta property=\"og:url\" content=\"https:\/\/www.celttv.com.ar\/index.php\/2019\/09\/18\/nuevamente-se-registraron-hechos-desconsiderados-en-los-puntos-limpios-fotos\/\" \/>\n<meta property=\"og:site_name\" content=\"CELTTV\" \/>\n<meta property=\"article:publisher\" content=\"https:\/\/www.facebook.com\/celtTV\/\" \/>\n<meta property=\"article:published_time\" content=\"2019-09-18T14:54:01+00:00\" \/>\n<meta property=\"og:image\" content=\"https:\/\/www.celttv.com.ar\/wp-content\/uploads\/2019\/09\/IMG-20190918-WA0004.jpg\" \/>\n\t<meta property=\"og:image:width\" content=\"774\" \/>\n\t<meta property=\"og:image:height\" content=\"1032\" \/>\n\t<meta property=\"og:image:type\" content=\"image\/jpeg\" \/>\n<meta name=\"author\" content=\"ulises\" \/>\n<meta name=\"twitter:card\" content=\"summary_large_image\" \/>\n<meta name=\"twitter:label1\" content=\"Escrito por\" \/>\n\t<meta name=\"twitter:data1\" content=\"ulises\" \/>\n\t<meta name=\"twitter:label2\" content=\"Tiempo de lectura\" \/>\n\t<meta name=\"twitter:data2\" content=\"1 minuto\" \/>\n<script type=\"application\/ld+json\" class=\"yoast-schema-graph\">{\"@context\":\"https:\/\/schema.org\",\"@graph\":[{\"@type\":\"NewsArticle\",\"@id\":\"https:\/\/www.celttv.com.ar\/index.php\/2019\/09\/18\/nuevamente-se-registraron-hechos-desconsiderados-en-los-puntos-limpios-fotos\/#article\",\"isPartOf\":{\"@id\":\"https:\/\/www.celttv.com.ar\/index.php\/2019\/09\/18\/nuevamente-se-registraron-hechos-desconsiderados-en-los-puntos-limpios-fotos\/\"},\"author\":{\"name\":\"ulises\",\"@id\":\"https:\/\/www.celttv.com.ar\/#\/schema\/person\/6d99c072dba59953809c81446e9d0ace\"},\"headline\":\"Nuevamente se registraron hechos desconsiderados en los Puntos Limpios (Fotos)\",\"datePublished\":\"2019-09-18T14:54:01+00:00\",\"dateModified\":\"2019-09-18T14:54:01+00:00\",\"mainEntityOfPage\":{\"@id\":\"https:\/\/www.celttv.com.ar\/index.php\/2019\/09\/18\/nuevamente-se-registraron-hechos-desconsiderados-en-los-puntos-limpios-fotos\/\"},\"wordCount\":153,\"publisher\":{\"@id\":\"https:\/\/www.celttv.com.ar\/#organization\"},\"articleSection\":[\"Celt TV Noticias\",\"Comunidad\",\"Destacadas\",\"Producci\u00f3n y Medio Ambiente\"],\"inLanguage\":\"es\"},{\"@type\":\"WebPage\",\"@id\":\"https:\/\/www.celttv.com.ar\/index.php\/2019\/09\/18\/nuevamente-se-registraron-hechos-desconsiderados-en-los-puntos-limpios-fotos\/\",\"url\":\"https:\/\/www.celttv.com.ar\/index.php\/2019\/09\/18\/nuevamente-se-registraron-hechos-desconsiderados-en-los-puntos-limpios-fotos\/\",\"name\":\"Nuevamente se registraron hechos desconsiderados en los Puntos Limpios (Fotos) - CELTTV\",\"isPartOf\":{\"@id\":\"https:\/\/www.celttv.com.ar\/#website\"},\"datePublished\":\"2019-09-18T14:54:01+00:00\",\"dateModified\":\"2019-09-18T14:54:01+00:00\",\"description\":\"Sitio web de noticias de la localidad de Tornquist, provincia de Buenos Aires, Rep\u00fablica Argentina. Contenido propio originado por periodistas de CELTTV, el canal de TV local de la Cooperativa El\u00e9ctrica de Tornquist. Turismo, Pol\u00edtica, Sociedad, Deporte, Cultura y todo el contenido de inter\u00e9s general que la gente del pueblo y la regi\u00f3n debe conocer.\",\"breadcrumb\":{\"@id\":\"https:\/\/www.celttv.com.ar\/index.php\/2019\/09\/18\/nuevamente-se-registraron-hechos-desconsiderados-en-los-puntos-limpios-fotos\/#breadcrumb\"},\"inLanguage\":\"es\",\"potentialAction\":[{\"@type\":\"ReadAction\",\"target\":[\"https:\/\/www.celttv.com.ar\/index.php\/2019\/09\/18\/nuevamente-se-registraron-hechos-desconsiderados-en-los-puntos-limpios-fotos\/\"]}]},{\"@type\":\"BreadcrumbList\",\"@id\":\"https:\/\/www.celttv.com.ar\/index.php\/2019\/09\/18\/nuevamente-se-registraron-hechos-desconsiderados-en-los-puntos-limpios-fotos\/#breadcrumb\",\"itemListElement\":[{\"@type\":\"ListItem\",\"position\":1,\"name\":\"Inicio\",\"item\":\"https:\/\/www.celttv.com.ar\/\"},{\"@type\":\"ListItem\",\"position\":2,\"name\":\"Nuevamente se registraron hechos desconsiderados en los Puntos Limpios (Fotos)\"}]},{\"@type\":\"WebSite\",\"@id\":\"https:\/\/www.celttv.com.ar\/#website\",\"url\":\"https:\/\/www.celttv.com.ar\/\",\"name\":\"CELTTV\",\"description\":\"Cooperativa El\u00e9ctrica de Tornquist\",\"publisher\":{\"@id\":\"https:\/\/www.celttv.com.ar\/#organization\"},\"potentialAction\":[{\"@type\":\"SearchAction\",\"target\":{\"@type\":\"EntryPoint\",\"urlTemplate\":\"https:\/\/www.celttv.com.ar\/?s={search_term_string}\"},\"query-input\":\"required name=search_term_string\"}],\"inLanguage\":\"es\"},{\"@type\":\"Organization\",\"@id\":\"https:\/\/www.celttv.com.ar\/#organization\",\"name\":\"CELTTV\",\"url\":\"https:\/\/www.celttv.com.ar\/\",\"sameAs\":[\"https:\/\/www.youtube.com\/channel\/UCz_oIt8Hig64Ub-EmcNPIhg\",\"https:\/\/www.facebook.com\/celtTV\/\"],\"logo\":{\"@type\":\"ImageObject\",\"inLanguage\":\"es\",\"@id\":\"https:\/\/www.celttv.com.ar\/#\/schema\/logo\/image\/\",\"url\":\"http:\/\/www.celttv.com.ar\/wp-content\/uploads\/2022\/08\/logo-1.png\",\"contentUrl\":\"http:\/\/www.celttv.com.ar\/wp-content\/uploads\/2022\/08\/logo-1.png\",\"width\":461,\"height\":159,\"caption\":\"CELTTV\"},\"image\":{\"@id\":\"https:\/\/www.celttv.com.ar\/#\/schema\/logo\/image\/\"}},{\"@type\":\"Person\",\"@id\":\"https:\/\/www.celttv.com.ar\/#\/schema\/person\/6d99c072dba59953809c81446e9d0ace\",\"name\":\"ulises\",\"image\":{\"@type\":\"ImageObject\",\"inLanguage\":\"es\",\"@id\":\"https:\/\/www.celttv.com.ar\/#\/schema\/person\/image\/\",\"url\":\"https:\/\/secure.gravatar.com\/avatar\/7f2c48bdc33b30088f941fb6082e555f2874c98e20cb159d7b92b50eadfce793?s=96&d=mm&r=g\",\"contentUrl\":\"https:\/\/secure.gravatar.com\/avatar\/7f2c48bdc33b30088f941fb6082e555f2874c98e20cb159d7b92b50eadfce793?s=96&d=mm&r=g\",\"caption\":\"ulises\"},\"sameAs\":[\"http:\/\/www.celttv.com.ar\"]}]}<\/script>\n<!-- \/ Yoast SEO plugin. -->","yoast_head_json":{"title":"Nuevamente se registraron hechos desconsiderados en los Puntos Limpios (Fotos) - CELTTV","description":"Sitio web de noticias de la localidad de Tornquist, provincia de Buenos Aires, Rep\u00fablica Argentina. Contenido propio originado por periodistas de CELTTV, el canal de TV local de la Cooperativa El\u00e9ctrica de Tornquist. Turismo, Pol\u00edtica, Sociedad, Deporte, Cultura y todo el contenido de inter\u00e9s general que la gente del pueblo y la regi\u00f3n debe conocer.","robots":{"index":"index","follow":"follow","max-snippet":"max-snippet:-1","max-image-preview":"max-image-preview:large","max-video-preview":"max-video-preview:-1"},"canonical":"https:\/\/www.celttv.com.ar\/index.php\/2019\/09\/18\/nuevamente-se-registraron-hechos-desconsiderados-en-los-puntos-limpios-fotos\/","og_locale":"es_ES","og_type":"article","og_title":"Nuevamente se registraron hechos desconsiderados en los Puntos Limpios (Fotos) - CELTTV","og_description":"Sitio web de noticias de la localidad de Tornquist, provincia de Buenos Aires, Rep\u00fablica Argentina. Contenido propio originado por periodistas de CELTTV, el canal de TV local de la Cooperativa El\u00e9ctrica de Tornquist. Turismo, Pol\u00edtica, Sociedad, Deporte, Cultura y todo el contenido de inter\u00e9s general que la gente del pueblo y la regi\u00f3n debe conocer.","og_url":"https:\/\/www.celttv.com.ar\/index.php\/2019\/09\/18\/nuevamente-se-registraron-hechos-desconsiderados-en-los-puntos-limpios-fotos\/","og_site_name":"CELTTV","article_publisher":"https:\/\/www.facebook.com\/celtTV\/","article_published_time":"2019-09-18T14:54:01+00:00","og_image":[{"width":774,"height":1032,"url":"https:\/\/www.celttv.com.ar\/wp-content\/uploads\/2019\/09\/IMG-20190918-WA0004.jpg","type":"image\/jpeg"}],"author":"ulises","twitter_card":"summary_large_image","twitter_misc":{"Escrito por":"ulises","Tiempo de lectura":"1 minuto"},"schema":{"@context":"https:\/\/schema.org","@graph":[{"@type":"NewsArticle","@id":"https:\/\/www.celttv.com.ar\/index.php\/2019\/09\/18\/nuevamente-se-registraron-hechos-desconsiderados-en-los-puntos-limpios-fotos\/#article","isPartOf":{"@id":"https:\/\/www.celttv.com.ar\/index.php\/2019\/09\/18\/nuevamente-se-registraron-hechos-desconsiderados-en-los-puntos-limpios-fotos\/"},"author":{"name":"ulises","@id":"https:\/\/www.celttv.com.ar\/#\/schema\/person\/6d99c072dba59953809c81446e9d0ace"},"headline":"Nuevamente se registraron hechos desconsiderados en los Puntos Limpios (Fotos)","datePublished":"2019-09-18T14:54:01+00:00","dateModified":"2019-09-18T14:54:01+00:00","mainEntityOfPage":{"@id":"https:\/\/www.celttv.com.ar\/index.php\/2019\/09\/18\/nuevamente-se-registraron-hechos-desconsiderados-en-los-puntos-limpios-fotos\/"},"wordCount":153,"publisher":{"@id":"https:\/\/www.celttv.com.ar\/#organization"},"articleSection":["Celt TV Noticias","Comunidad","Destacadas","Producci\u00f3n y Medio Ambiente"],"inLanguage":"es"},{"@type":"WebPage","@id":"https:\/\/www.celttv.com.ar\/index.php\/2019\/09\/18\/nuevamente-se-registraron-hechos-desconsiderados-en-los-puntos-limpios-fotos\/","url":"https:\/\/www.celttv.com.ar\/index.php\/2019\/09\/18\/nuevamente-se-registraron-hechos-desconsiderados-en-los-puntos-limpios-fotos\/","name":"Nuevamente se registraron hechos desconsiderados en los Puntos Limpios (Fotos) - CELTTV","isPartOf":{"@id":"https:\/\/www.celttv.com.ar\/#website"},"datePublished":"2019-09-18T14:54:01+00:00","dateModified":"2019-09-18T14:54:01+00:00","description":"Sitio web de noticias de la localidad de Tornquist, provincia de Buenos Aires, Rep\u00fablica Argentina. Contenido propio originado por periodistas de CELTTV, el canal de TV local de la Cooperativa El\u00e9ctrica de Tornquist. Turismo, Pol\u00edtica, Sociedad, Deporte, Cultura y todo el contenido de inter\u00e9s general que la gente del pueblo y la regi\u00f3n debe conocer.","breadcrumb":{"@id":"https:\/\/www.celttv.com.ar\/index.php\/2019\/09\/18\/nuevamente-se-registraron-hechos-desconsiderados-en-los-puntos-limpios-fotos\/#breadcrumb"},"inLanguage":"es","potentialAction":[{"@type":"ReadAction","target":["https:\/\/www.celttv.com.ar\/index.php\/2019\/09\/18\/nuevamente-se-registraron-hechos-desconsiderados-en-los-puntos-limpios-fotos\/"]}]},{"@type":"BreadcrumbList","@id":"https:\/\/www.celttv.com.ar\/index.php\/2019\/09\/18\/nuevamente-se-registraron-hechos-desconsiderados-en-los-puntos-limpios-fotos\/#breadcrumb","itemListElement":[{"@type":"ListItem","position":1,"name":"Inicio","item":"https:\/\/www.celttv.com.ar\/"},{"@type":"ListItem","position":2,"name":"Nuevamente se registraron hechos desconsiderados en los Puntos Limpios (Fotos)"}]},{"@type":"WebSite","@id":"https:\/\/www.celttv.com.ar\/#website","url":"https:\/\/www.celttv.com.ar\/","name":"CELTTV","description":"Cooperativa El\u00e9ctrica de Tornquist","publisher":{"@id":"https:\/\/www.celttv.com.ar\/#organization"},"potentialAction":[{"@type":"SearchAction","target":{"@type":"EntryPoint","urlTemplate":"https:\/\/www.celttv.com.ar\/?s={search_term_string}"},"query-input":"required name=search_term_string"}],"inLanguage":"es"},{"@type":"Organization","@id":"https:\/\/www.celttv.com.ar\/#organization","name":"CELTTV","url":"https:\/\/www.celttv.com.ar\/","sameAs":["https:\/\/www.youtube.com\/channel\/UCz_oIt8Hig64Ub-EmcNPIhg","https:\/\/www.facebook.com\/celtTV\/"],"logo":{"@type":"ImageObject","inLanguage":"es","@id":"https:\/\/www.celttv.com.ar\/#\/schema\/logo\/image\/","url":"http:\/\/www.celttv.com.ar\/wp-content\/uploads\/2022\/08\/logo-1.png","contentUrl":"http:\/\/www.celttv.com.ar\/wp-content\/uploads\/2022\/08\/logo-1.png","width":461,"height":159,"caption":"CELTTV"},"image":{"@id":"https:\/\/www.celttv.com.ar\/#\/schema\/logo\/image\/"}},{"@type":"Person","@id":"https:\/\/www.celttv.com.ar\/#\/schema\/person\/6d99c072dba59953809c81446e9d0ace","name":"ulises","image":{"@type":"ImageObject","inLanguage":"es","@id":"https:\/\/www.celttv.com.ar\/#\/schema\/person\/image\/","url":"https:\/\/secure.gravatar.com\/avatar\/7f2c48bdc33b30088f941fb6082e555f2874c98e20cb159d7b92b50eadfce793?s=96&d=mm&r=g","contentUrl":"https:\/\/secure.gravatar.com\/avatar\/7f2c48bdc33b30088f941fb6082e555f2874c98e20cb159d7b92b50eadfce793?s=96&d=mm&r=g","caption":"ulises"},"sameAs":["http:\/\/www.celttv.com.ar"]}]}},"_links":{"self":[{"href":"https:\/\/www.celttv.com.ar\/index.php\/wp-json\/wp\/v2\/posts\/44016","targetHints":{"allow":["GET"]}}],"collection":[{"href":"https:\/\/www.celttv.com.ar\/index.php\/wp-json\/wp\/v2\/posts"}],"about":[{"href":"https:\/\/www.celttv.com.ar\/index.php\/wp-json\/wp\/v2\/types\/post"}],"author":[{"embeddable":true,"href":"https:\/\/www.celttv.com.ar\/index.php\/wp-json\/wp\/v2\/users\/1"}],"replies":[{"embeddable":true,"href":"https:\/\/www.celttv.com.ar\/index.php\/wp-json\/wp\/v2\/comments?post=44016"}],"version-history":[{"count":0,"href":"https:\/\/www.celttv.com.ar\/index.php\/wp-json\/wp\/v2\/posts\/44016\/revisions"}],"wp:featuredmedia":[{"embeddable":true,"href":"https:\/\/www.celttv.com.ar\/index.php\/wp-json\/wp\/v2\/media\/44017"}],"wp:attachment":[{"href":"https:\/\/www.celttv.com.ar\/index.php\/wp-json\/wp\/v2\/media?parent=44016"}],"wp:term":[{"taxonomy":"category","embeddable":true,"href":"https:\/\/www.celttv.com.ar\/index.php\/wp-json\/wp\/v2\/categories?post=44016"},{"taxonomy":"post_tag","embeddable":true,"href":"https:\/\/www.celttv.com.ar\/index.php\/wp-json\/wp\/v2\/tags?post=44016"}],"curies":[{"name":"wp","href":"https:\/\/api.w.org\/{rel}","templated":true}]}}