{"id":44041,"date":"2019-09-19T19:43:28","date_gmt":"2019-09-19T19:43:28","guid":{"rendered":"http:\/\/www.celttv.com.ar\/?p=44041"},"modified":"2019-09-19T19:43:28","modified_gmt":"2019-09-19T19:43:28","slug":"victor-anton-utilizo-la-banca-13-del-hcd-y-se-refirio-a-la-figura-de-conductor-designado-video","status":"publish","type":"post","link":"https:\/\/www.celttv.com.ar\/index.php\/2019\/09\/19\/victor-anton-utilizo-la-banca-13-del-hcd-y-se-refirio-a-la-figura-de-conductor-designado-video\/","title":{"rendered":"V\u00edctor Ant\u00f3n utiliz\u00f3 la Banca 13 del HCD y se refiri\u00f3 a la figura de &#8220;Conductor designado&#8221; (Video)"},"content":{"rendered":"<p><strong><u>Uso Banca de Concejal N\u00ba 13:<\/u><\/strong><\/p>\n<p>\u201c<strong><u>Expte. 7138\/19:<\/u><\/strong> \u201cN.P. V\u00edctor Ant\u00f3n. Solicitud Uso Banca Concejal N\u00ba 13\u201d.<\/p>\n<p>V\u00edctor Ant\u00f3n:<\/p>\n<p>\u201cBuenas noches se\u00f1or Presidente, se\u00f1ores Concejales, en principio agradecerles por haberme concedido esta posibilidad. Voy a ser conciso, este es un tema que a uno lo viene preocupando porque tiene relaci\u00f3n con chicos adolescentes que salen todos los fines de semana y uno puede ver que cada vez los j\u00f3venes comienzan a consumir alcohol m\u00e1s temprano, a edad m\u00e1s temprana. Gracias a Dios no hemos tenido accidentes graves en nuestras localidades, en nuestro Distrito, que tengan que ver con el alcohol, pero bueno, es un tema que podemos prevenir. Entonces leyendo y buscando informaci\u00f3n sobre este tema, he visto que en algunos otros lugares de nuestro pa\u00eds existe una figura que se llama \u201cConductor Designado\u201d, y que nos puede venir muy bien en nuestra localidad justamente para prevenir el tema de los accidentes,\u00a0 y particularmente los accidentes despu\u00e9s del uso de bebidad alcoh\u00f3licas, o despu\u00e9s del consumo de bebidas alcoh\u00f3licas. Antes de empezar a armar la normativa que puede llegar a convenirnos o que se puede adaptar a la realidad de nuestro Distrito, estuve leyendo algunas otras de otros lugares y la Ley de nocturnidad de la Provincia, que la verdad, y esto hay que decirlo, la Ley de nocturnidad de la Provincia para m\u00ed, particularmente, no es una buena Ley, porque es una Ley que habla de toda la Provincia en general, y no podemos comparar por ejemplo, lo que es la noche bahiense con su cantidad de habitantes, con la noche de Tornquist. Lo mismo localidades tur\u00edsticas donde en el verano explotan como es Mar del Plata, con nuestras localidades, con nuestro Distrito, entonces, pensando en eso, evidentemente vamos a tener que pedirle a nuestros legisladores provinciales que modifiquen esa ley, porque se puede hacer perfectamente una ley marco y despu\u00e9s que cada municipio pueda tener la facultad de reglamentarla a trav\u00e9s de una ordenanza respecto de su realidad. Y este tema del \u201cConductor Designado\u201d particularmente nos toca tambi\u00e9n para quienes tienen familiares, o amigos en Saldungaray, o en Sierra de la Ventana que habitualmente vienen a divertirse, y vienen a bailar ac\u00e1, al boliche de Tornquist, y despu\u00e9s tienen que hacer 60 o 70 kil\u00f3metros de vuelta para all\u00e1, y alguno alguna cervecita se toma habitualmente, entonces bueno, este proyecto de ordenanza viene a eso, \u00bfno es cierto?, la idea es que una de las personas que viene manejando el auto y viene con un grupo de amigos pueda cuando llegue al local bailable, o al pub, o al resto bar indique que va a ser \u201cConductor Designado\u201d. Esto implica que no va a tomar bebidas alcoh\u00f3licas. Entonces, tiene que estar identificado de una manera, puede ser con una pulsera, puede ser con alguna otra cosa, y debe dejar en la entrada del lugar firmando con sus datos su licencia de conducir, luego de terminada la jornada, bueno, durante esa noche la idea es acordar un trabajo conjunto entre el municipio, y el privado por su responsabilidad social empresaria, entonces que el privado le d\u00e9\u00a0 durante esa noche algunas consumiciones, pueden ser dos, tres, de bebidas no alcoh\u00f3licas, obviamente, a esa persona que es el \u201cConductor Designado\u201d y a la salida, esa persona tiene que acreditar que no tom\u00f3, \u00bfc\u00f3mo lo tiene que hacer? Y a trav\u00e9s de una alcoholemia. Si le da consumo cero de alcohol la prueba, obviamente que va a quedar asentado en la declaraci\u00f3n jurada que hizo cuando entr\u00f3 y una de las cuestiones es que puede tener la entrada gratis la pr\u00f3xima semana. Para la persona que firm\u00f3 como \u201cConductor Designado\u201d, o que dijo que iba a ser, y cuando sale tiene alg\u00fan grado de alcohol en sangre lo que va a tener que hacer es llamar a alguien que se lleve el auto o que el auto lo maneje una persona que no ha tomado alcohol. De otra forma s\u00ed, llamar a los agentes viales para que tomen la intervenci\u00f3n que tengan que tomar. M\u00e1s o menos esa ser\u00eda la tem\u00e1tica, hay muchas cuestiones a trabajar. La ordenanza no tiene un fin sancionatorio, tiene un fin educativo y de concientizaci\u00f3n por eso tambi\u00e9n se habla de hacer un trabajo con por ejemplo instituciones como los Bomberos Voluntarios, en Tornquist particularmente tenemos la escuela de cadetes de Bomberos, que son j\u00f3venes que son comprometidos con la localidad y que tranquilamente son coet\u00e1neos de aquellos chicos que salen los fines de semana a bailar, entonces tranquilamente ellos pueden darnos una mano importante. Obviamente que la parte de Jefatura Distrtital de Educaci\u00f3n tiene que estar presente en el tema porque es desde las escuelas donde se pueden abordar estos temas y despu\u00e9s obviamente que a trav\u00e9s del municipio y en contacto con los privados se pueden hacer acciones de por ejemplo una aplicaci\u00f3n en los tel\u00e9fonos celulares que es con lo que m\u00e1s anda la juventud hoy por hoy, la juventud y los no tan j\u00f3venes tambi\u00e9n andamos todo el tiempo en las redes y con los tel\u00e9fonos, entonces una aplicaci\u00f3n que sirva para difundir estas acciones que se van a estar haciendo, y que adem\u00e1s le impliquen beneficios, por ejemplo a la promoci\u00f3n de secundario que m\u00e1s \u201cConductores Designados\u201d tenga durante el a\u00f1o, puedan tener alg\u00fan tipo de reconocimiento, o premio a fin de a\u00f1o. Pero bueno, esas son todas cuestiones que se deber\u00e1n hablar con el Poder Ejecutivo, o con los privados, ser\u00eda muy interesante que ustedes puedan tener una reuni\u00f3n, ustedes, Poder Ejecutivo, con los chicos de los Centros de Estudiantes de las escuelas para que ellos participen y que este proyecto no sea solo un proyecto m\u00e1s que quede guardado en una carpeta y que despu\u00e9s no se pueda aplicar. Lo interesante ser\u00eda que con la participaci\u00f3n de la comunidad y particularmente de los chicos que son los que van a hacerse carne despu\u00e9s del proyecto lo puedan llevar a cabo. Creo que no tengo mucho m\u00e1s para decirles, agradecerles nuevamente la oportunidad de presentarlo. Y s\u00ed quer\u00eda hacerles una propuesta respecto del Decreto de Banca 13 se\u00f1or Presidente. Que en el art\u00edculo 7\u00ba dice que los grupos y\/o instituciones intermedias que han accedido a la Banca 13 no podr\u00e1n repetir el uso del derecho en el t\u00e9rmino de un a\u00f1o. Yo lo que les quiero proponer es que adem\u00e1s de esto, agreguemos otra frase que diga \u201cque sea para tratar la misma tem\u00e1tica\u201d. No s\u00e9 si me explico, o sea el uso de la Banca 13 en este caso yo no podr\u00eda volver a utilizarla para este tema pero s\u00ed para otro tema que no tenga que ver por ejemplo con el tema del \u201cConductor Designado\u201d. Me parece interesante porque por ah\u00ed puede llegar a haber alguna instituci\u00f3n o alg\u00fan vecino que tenga alg\u00fan, uno o m\u00e1s inquietudes durante el a\u00f1o y que la pueda utilizar ser\u00eda interesante. Nada m\u00e1s que eso, much\u00edsimas gracias para todos por el respeto\u201d.<\/p>\n<p>&nbsp;<\/p>\n<p>Presidente, Concejal Moroncini Gustavo:<\/p>\n<p>\u201cMuy bien, agradecemos la sugerencia. Y si alg\u00fan Concejal quiere hacer uso de la palabra\u201d.<\/p>\n<p>&nbsp;<\/p>\n<p>Concejal Montibeller Viviana:<\/p>\n<p>\u201cAgradezco al se\u00f1or Ant\u00f3n de proponer este proyecto. La verdad es que me parece muy interesante. Nuestros chicos, es verdad lo que dec\u00eda de las salidas nocturnas y dem\u00e1s. Muy claro, y bueno, esperamos que podamos\u00a0 llevarlo a cabo. Nada m\u00e1s se\u00f1or Presidente\u201d.<\/p>\n<div class=\"jeg_video_container jeg_video_content\"><iframe loading=\"lazy\" title=\"2019 09 18 VICTOR ANTON   BANCA 13\" width=\"500\" height=\"281\" src=\"https:\/\/www.youtube.com\/embed\/NvFcCgt1KU8?feature=oembed\" frameborder=\"0\" allow=\"accelerometer; autoplay; clipboard-write; encrypted-media; gyroscope; picture-in-picture; web-share\" referrerpolicy=\"strict-origin-when-cross-origin\" allowfullscreen><\/iframe><\/div>\n","protected":false},"excerpt":{"rendered":"<p>Uso Banca de Concejal N\u00ba 13: \u201cExpte. 7138\/19: \u201cN.P. V\u00edctor Ant\u00f3n. Solicitud Uso Banca Concejal N\u00ba 13\u201d. V\u00edctor Ant\u00f3n: \u201cBuenas noches se\u00f1or Presidente, se\u00f1ores Concejales, en principio agradecerles por haberme concedido esta posibilidad. Voy a ser conciso, este es un tema que a uno lo viene preocupando porque tiene relaci\u00f3n con chicos adolescentes que salen [&hellip;]<\/p>\n","protected":false},"author":1,"featured_media":44043,"comment_status":"closed","ping_status":"open","sticky":false,"template":"","format":"standard","meta":{"footnotes":""},"categories":[55,52,53],"tags":[],"class_list":["post-44041","post","type-post","status-publish","format-standard","has-post-thumbnail","hentry","category-celt-tv-noticias","category-destacadas","category-politica"],"yoast_head":"<!-- This site is optimized with the Yoast SEO plugin v19.7.1 - https:\/\/yoast.com\/wordpress\/plugins\/seo\/ -->\n<title>V\u00edctor Ant\u00f3n utiliz\u00f3 la Banca 13 del HCD y se refiri\u00f3 a la figura de &quot;Conductor designado&quot; (Video) - CELTTV<\/title>\n<meta name=\"description\" content=\"Sitio web de noticias de la localidad de Tornquist, provincia de Buenos Aires, Rep\u00fablica Argentina. Contenido propio originado por periodistas de CELTTV, el canal de TV local de la Cooperativa El\u00e9ctrica de Tornquist. Turismo, Pol\u00edtica, Sociedad, Deporte, Cultura y todo el contenido de inter\u00e9s general que la gente del pueblo y la regi\u00f3n debe conocer.\" \/>\n<meta name=\"robots\" content=\"index, follow, max-snippet:-1, max-image-preview:large, max-video-preview:-1\" \/>\n<link rel=\"canonical\" href=\"https:\/\/www.celttv.com.ar\/index.php\/2019\/09\/19\/victor-anton-utilizo-la-banca-13-del-hcd-y-se-refirio-a-la-figura-de-conductor-designado-video\/\" \/>\n<meta property=\"og:locale\" content=\"es_ES\" \/>\n<meta property=\"og:type\" content=\"article\" \/>\n<meta property=\"og:title\" content=\"V\u00edctor Ant\u00f3n utiliz\u00f3 la Banca 13 del HCD y se refiri\u00f3 a la figura de &quot;Conductor designado&quot; (Video) - CELTTV\" \/>\n<meta property=\"og:description\" content=\"Sitio web de noticias de la localidad de Tornquist, provincia de Buenos Aires, Rep\u00fablica Argentina. Contenido propio originado por periodistas de CELTTV, el canal de TV local de la Cooperativa El\u00e9ctrica de Tornquist. Turismo, Pol\u00edtica, Sociedad, Deporte, Cultura y todo el contenido de inter\u00e9s general que la gente del pueblo y la regi\u00f3n debe conocer.\" \/>\n<meta property=\"og:url\" content=\"https:\/\/www.celttv.com.ar\/index.php\/2019\/09\/19\/victor-anton-utilizo-la-banca-13-del-hcd-y-se-refirio-a-la-figura-de-conductor-designado-video\/\" \/>\n<meta property=\"og:site_name\" content=\"CELTTV\" \/>\n<meta property=\"article:publisher\" content=\"https:\/\/www.facebook.com\/celtTV\/\" \/>\n<meta property=\"article:published_time\" content=\"2019-09-19T19:43:28+00:00\" \/>\n<meta property=\"og:image\" content=\"https:\/\/www.celttv.com.ar\/wp-content\/uploads\/2019\/09\/P1100202.jpg\" \/>\n\t<meta property=\"og:image:width\" content=\"1024\" \/>\n\t<meta property=\"og:image:height\" content=\"768\" \/>\n\t<meta property=\"og:image:type\" content=\"image\/jpeg\" \/>\n<meta name=\"author\" content=\"ulises\" \/>\n<meta name=\"twitter:card\" content=\"summary_large_image\" \/>\n<meta name=\"twitter:label1\" content=\"Escrito por\" \/>\n\t<meta name=\"twitter:data1\" content=\"ulises\" \/>\n\t<meta name=\"twitter:label2\" content=\"Tiempo de lectura\" \/>\n\t<meta name=\"twitter:data2\" content=\"7 minutos\" \/>\n<script type=\"application\/ld+json\" class=\"yoast-schema-graph\">{\"@context\":\"https:\/\/schema.org\",\"@graph\":[{\"@type\":\"NewsArticle\",\"@id\":\"https:\/\/www.celttv.com.ar\/index.php\/2019\/09\/19\/victor-anton-utilizo-la-banca-13-del-hcd-y-se-refirio-a-la-figura-de-conductor-designado-video\/#article\",\"isPartOf\":{\"@id\":\"https:\/\/www.celttv.com.ar\/index.php\/2019\/09\/19\/victor-anton-utilizo-la-banca-13-del-hcd-y-se-refirio-a-la-figura-de-conductor-designado-video\/\"},\"author\":{\"name\":\"ulises\",\"@id\":\"https:\/\/www.celttv.com.ar\/#\/schema\/person\/6d99c072dba59953809c81446e9d0ace\"},\"headline\":\"V\u00edctor Ant\u00f3n utiliz\u00f3 la Banca 13 del HCD y se refiri\u00f3 a la figura de &#8220;Conductor designado&#8221; (Video)\",\"datePublished\":\"2019-09-19T19:43:28+00:00\",\"dateModified\":\"2019-09-19T19:43:28+00:00\",\"mainEntityOfPage\":{\"@id\":\"https:\/\/www.celttv.com.ar\/index.php\/2019\/09\/19\/victor-anton-utilizo-la-banca-13-del-hcd-y-se-refirio-a-la-figura-de-conductor-designado-video\/\"},\"wordCount\":1332,\"publisher\":{\"@id\":\"https:\/\/www.celttv.com.ar\/#organization\"},\"articleSection\":[\"Celt TV Noticias\",\"Destacadas\",\"Pol\u00edtica\"],\"inLanguage\":\"es\"},{\"@type\":\"WebPage\",\"@id\":\"https:\/\/www.celttv.com.ar\/index.php\/2019\/09\/19\/victor-anton-utilizo-la-banca-13-del-hcd-y-se-refirio-a-la-figura-de-conductor-designado-video\/\",\"url\":\"https:\/\/www.celttv.com.ar\/index.php\/2019\/09\/19\/victor-anton-utilizo-la-banca-13-del-hcd-y-se-refirio-a-la-figura-de-conductor-designado-video\/\",\"name\":\"V\u00edctor Ant\u00f3n utiliz\u00f3 la Banca 13 del HCD y se refiri\u00f3 a la figura de \\\"Conductor designado\\\" (Video) - CELTTV\",\"isPartOf\":{\"@id\":\"https:\/\/www.celttv.com.ar\/#website\"},\"datePublished\":\"2019-09-19T19:43:28+00:00\",\"dateModified\":\"2019-09-19T19:43:28+00:00\",\"description\":\"Sitio web de noticias de la localidad de Tornquist, provincia de Buenos Aires, Rep\u00fablica Argentina. Contenido propio originado por periodistas de CELTTV, el canal de TV local de la Cooperativa El\u00e9ctrica de Tornquist. Turismo, Pol\u00edtica, Sociedad, Deporte, Cultura y todo el contenido de inter\u00e9s general que la gente del pueblo y la regi\u00f3n debe conocer.\",\"breadcrumb\":{\"@id\":\"https:\/\/www.celttv.com.ar\/index.php\/2019\/09\/19\/victor-anton-utilizo-la-banca-13-del-hcd-y-se-refirio-a-la-figura-de-conductor-designado-video\/#breadcrumb\"},\"inLanguage\":\"es\",\"potentialAction\":[{\"@type\":\"ReadAction\",\"target\":[\"https:\/\/www.celttv.com.ar\/index.php\/2019\/09\/19\/victor-anton-utilizo-la-banca-13-del-hcd-y-se-refirio-a-la-figura-de-conductor-designado-video\/\"]}]},{\"@type\":\"BreadcrumbList\",\"@id\":\"https:\/\/www.celttv.com.ar\/index.php\/2019\/09\/19\/victor-anton-utilizo-la-banca-13-del-hcd-y-se-refirio-a-la-figura-de-conductor-designado-video\/#breadcrumb\",\"itemListElement\":[{\"@type\":\"ListItem\",\"position\":1,\"name\":\"Inicio\",\"item\":\"https:\/\/www.celttv.com.ar\/\"},{\"@type\":\"ListItem\",\"position\":2,\"name\":\"V\u00edctor Ant\u00f3n utiliz\u00f3 la Banca 13 del HCD y se refiri\u00f3 a la figura de &#8220;Conductor designado&#8221; (Video)\"}]},{\"@type\":\"WebSite\",\"@id\":\"https:\/\/www.celttv.com.ar\/#website\",\"url\":\"https:\/\/www.celttv.com.ar\/\",\"name\":\"CELTTV\",\"description\":\"Cooperativa El\u00e9ctrica de Tornquist\",\"publisher\":{\"@id\":\"https:\/\/www.celttv.com.ar\/#organization\"},\"potentialAction\":[{\"@type\":\"SearchAction\",\"target\":{\"@type\":\"EntryPoint\",\"urlTemplate\":\"https:\/\/www.celttv.com.ar\/?s={search_term_string}\"},\"query-input\":\"required name=search_term_string\"}],\"inLanguage\":\"es\"},{\"@type\":\"Organization\",\"@id\":\"https:\/\/www.celttv.com.ar\/#organization\",\"name\":\"CELTTV\",\"url\":\"https:\/\/www.celttv.com.ar\/\",\"sameAs\":[\"https:\/\/www.youtube.com\/channel\/UCz_oIt8Hig64Ub-EmcNPIhg\",\"https:\/\/www.facebook.com\/celtTV\/\"],\"logo\":{\"@type\":\"ImageObject\",\"inLanguage\":\"es\",\"@id\":\"https:\/\/www.celttv.com.ar\/#\/schema\/logo\/image\/\",\"url\":\"http:\/\/www.celttv.com.ar\/wp-content\/uploads\/2022\/08\/logo-1.png\",\"contentUrl\":\"http:\/\/www.celttv.com.ar\/wp-content\/uploads\/2022\/08\/logo-1.png\",\"width\":461,\"height\":159,\"caption\":\"CELTTV\"},\"image\":{\"@id\":\"https:\/\/www.celttv.com.ar\/#\/schema\/logo\/image\/\"}},{\"@type\":\"Person\",\"@id\":\"https:\/\/www.celttv.com.ar\/#\/schema\/person\/6d99c072dba59953809c81446e9d0ace\",\"name\":\"ulises\",\"image\":{\"@type\":\"ImageObject\",\"inLanguage\":\"es\",\"@id\":\"https:\/\/www.celttv.com.ar\/#\/schema\/person\/image\/\",\"url\":\"https:\/\/secure.gravatar.com\/avatar\/7f2c48bdc33b30088f941fb6082e555f2874c98e20cb159d7b92b50eadfce793?s=96&d=mm&r=g\",\"contentUrl\":\"https:\/\/secure.gravatar.com\/avatar\/7f2c48bdc33b30088f941fb6082e555f2874c98e20cb159d7b92b50eadfce793?s=96&d=mm&r=g\",\"caption\":\"ulises\"},\"sameAs\":[\"http:\/\/www.celttv.com.ar\"]}]}<\/script>\n<!-- \/ Yoast SEO plugin. -->","yoast_head_json":{"title":"V\u00edctor Ant\u00f3n utiliz\u00f3 la Banca 13 del HCD y se refiri\u00f3 a la figura de \"Conductor designado\" (Video) - CELTTV","description":"Sitio web de noticias de la localidad de Tornquist, provincia de Buenos Aires, Rep\u00fablica Argentina. Contenido propio originado por periodistas de CELTTV, el canal de TV local de la Cooperativa El\u00e9ctrica de Tornquist. Turismo, Pol\u00edtica, Sociedad, Deporte, Cultura y todo el contenido de inter\u00e9s general que la gente del pueblo y la regi\u00f3n debe conocer.","robots":{"index":"index","follow":"follow","max-snippet":"max-snippet:-1","max-image-preview":"max-image-preview:large","max-video-preview":"max-video-preview:-1"},"canonical":"https:\/\/www.celttv.com.ar\/index.php\/2019\/09\/19\/victor-anton-utilizo-la-banca-13-del-hcd-y-se-refirio-a-la-figura-de-conductor-designado-video\/","og_locale":"es_ES","og_type":"article","og_title":"V\u00edctor Ant\u00f3n utiliz\u00f3 la Banca 13 del HCD y se refiri\u00f3 a la figura de \"Conductor designado\" (Video) - CELTTV","og_description":"Sitio web de noticias de la localidad de Tornquist, provincia de Buenos Aires, Rep\u00fablica Argentina. Contenido propio originado por periodistas de CELTTV, el canal de TV local de la Cooperativa El\u00e9ctrica de Tornquist. Turismo, Pol\u00edtica, Sociedad, Deporte, Cultura y todo el contenido de inter\u00e9s general que la gente del pueblo y la regi\u00f3n debe conocer.","og_url":"https:\/\/www.celttv.com.ar\/index.php\/2019\/09\/19\/victor-anton-utilizo-la-banca-13-del-hcd-y-se-refirio-a-la-figura-de-conductor-designado-video\/","og_site_name":"CELTTV","article_publisher":"https:\/\/www.facebook.com\/celtTV\/","article_published_time":"2019-09-19T19:43:28+00:00","og_image":[{"width":1024,"height":768,"url":"https:\/\/www.celttv.com.ar\/wp-content\/uploads\/2019\/09\/P1100202.jpg","type":"image\/jpeg"}],"author":"ulises","twitter_card":"summary_large_image","twitter_misc":{"Escrito por":"ulises","Tiempo de lectura":"7 minutos"},"schema":{"@context":"https:\/\/schema.org","@graph":[{"@type":"NewsArticle","@id":"https:\/\/www.celttv.com.ar\/index.php\/2019\/09\/19\/victor-anton-utilizo-la-banca-13-del-hcd-y-se-refirio-a-la-figura-de-conductor-designado-video\/#article","isPartOf":{"@id":"https:\/\/www.celttv.com.ar\/index.php\/2019\/09\/19\/victor-anton-utilizo-la-banca-13-del-hcd-y-se-refirio-a-la-figura-de-conductor-designado-video\/"},"author":{"name":"ulises","@id":"https:\/\/www.celttv.com.ar\/#\/schema\/person\/6d99c072dba59953809c81446e9d0ace"},"headline":"V\u00edctor Ant\u00f3n utiliz\u00f3 la Banca 13 del HCD y se refiri\u00f3 a la figura de &#8220;Conductor designado&#8221; (Video)","datePublished":"2019-09-19T19:43:28+00:00","dateModified":"2019-09-19T19:43:28+00:00","mainEntityOfPage":{"@id":"https:\/\/www.celttv.com.ar\/index.php\/2019\/09\/19\/victor-anton-utilizo-la-banca-13-del-hcd-y-se-refirio-a-la-figura-de-conductor-designado-video\/"},"wordCount":1332,"publisher":{"@id":"https:\/\/www.celttv.com.ar\/#organization"},"articleSection":["Celt TV Noticias","Destacadas","Pol\u00edtica"],"inLanguage":"es"},{"@type":"WebPage","@id":"https:\/\/www.celttv.com.ar\/index.php\/2019\/09\/19\/victor-anton-utilizo-la-banca-13-del-hcd-y-se-refirio-a-la-figura-de-conductor-designado-video\/","url":"https:\/\/www.celttv.com.ar\/index.php\/2019\/09\/19\/victor-anton-utilizo-la-banca-13-del-hcd-y-se-refirio-a-la-figura-de-conductor-designado-video\/","name":"V\u00edctor Ant\u00f3n utiliz\u00f3 la Banca 13 del HCD y se refiri\u00f3 a la figura de \"Conductor designado\" (Video) - CELTTV","isPartOf":{"@id":"https:\/\/www.celttv.com.ar\/#website"},"datePublished":"2019-09-19T19:43:28+00:00","dateModified":"2019-09-19T19:43:28+00:00","description":"Sitio web de noticias de la localidad de Tornquist, provincia de Buenos Aires, Rep\u00fablica Argentina. Contenido propio originado por periodistas de CELTTV, el canal de TV local de la Cooperativa El\u00e9ctrica de Tornquist. Turismo, Pol\u00edtica, Sociedad, Deporte, Cultura y todo el contenido de inter\u00e9s general que la gente del pueblo y la regi\u00f3n debe conocer.","breadcrumb":{"@id":"https:\/\/www.celttv.com.ar\/index.php\/2019\/09\/19\/victor-anton-utilizo-la-banca-13-del-hcd-y-se-refirio-a-la-figura-de-conductor-designado-video\/#breadcrumb"},"inLanguage":"es","potentialAction":[{"@type":"ReadAction","target":["https:\/\/www.celttv.com.ar\/index.php\/2019\/09\/19\/victor-anton-utilizo-la-banca-13-del-hcd-y-se-refirio-a-la-figura-de-conductor-designado-video\/"]}]},{"@type":"BreadcrumbList","@id":"https:\/\/www.celttv.com.ar\/index.php\/2019\/09\/19\/victor-anton-utilizo-la-banca-13-del-hcd-y-se-refirio-a-la-figura-de-conductor-designado-video\/#breadcrumb","itemListElement":[{"@type":"ListItem","position":1,"name":"Inicio","item":"https:\/\/www.celttv.com.ar\/"},{"@type":"ListItem","position":2,"name":"V\u00edctor Ant\u00f3n utiliz\u00f3 la Banca 13 del HCD y se refiri\u00f3 a la figura de &#8220;Conductor designado&#8221; (Video)"}]},{"@type":"WebSite","@id":"https:\/\/www.celttv.com.ar\/#website","url":"https:\/\/www.celttv.com.ar\/","name":"CELTTV","description":"Cooperativa El\u00e9ctrica de Tornquist","publisher":{"@id":"https:\/\/www.celttv.com.ar\/#organization"},"potentialAction":[{"@type":"SearchAction","target":{"@type":"EntryPoint","urlTemplate":"https:\/\/www.celttv.com.ar\/?s={search_term_string}"},"query-input":"required name=search_term_string"}],"inLanguage":"es"},{"@type":"Organization","@id":"https:\/\/www.celttv.com.ar\/#organization","name":"CELTTV","url":"https:\/\/www.celttv.com.ar\/","sameAs":["https:\/\/www.youtube.com\/channel\/UCz_oIt8Hig64Ub-EmcNPIhg","https:\/\/www.facebook.com\/celtTV\/"],"logo":{"@type":"ImageObject","inLanguage":"es","@id":"https:\/\/www.celttv.com.ar\/#\/schema\/logo\/image\/","url":"http:\/\/www.celttv.com.ar\/wp-content\/uploads\/2022\/08\/logo-1.png","contentUrl":"http:\/\/www.celttv.com.ar\/wp-content\/uploads\/2022\/08\/logo-1.png","width":461,"height":159,"caption":"CELTTV"},"image":{"@id":"https:\/\/www.celttv.com.ar\/#\/schema\/logo\/image\/"}},{"@type":"Person","@id":"https:\/\/www.celttv.com.ar\/#\/schema\/person\/6d99c072dba59953809c81446e9d0ace","name":"ulises","image":{"@type":"ImageObject","inLanguage":"es","@id":"https:\/\/www.celttv.com.ar\/#\/schema\/person\/image\/","url":"https:\/\/secure.gravatar.com\/avatar\/7f2c48bdc33b30088f941fb6082e555f2874c98e20cb159d7b92b50eadfce793?s=96&d=mm&r=g","contentUrl":"https:\/\/secure.gravatar.com\/avatar\/7f2c48bdc33b30088f941fb6082e555f2874c98e20cb159d7b92b50eadfce793?s=96&d=mm&r=g","caption":"ulises"},"sameAs":["http:\/\/www.celttv.com.ar"]}]}},"_links":{"self":[{"href":"https:\/\/www.celttv.com.ar\/index.php\/wp-json\/wp\/v2\/posts\/44041","targetHints":{"allow":["GET"]}}],"collection":[{"href":"https:\/\/www.celttv.com.ar\/index.php\/wp-json\/wp\/v2\/posts"}],"about":[{"href":"https:\/\/www.celttv.com.ar\/index.php\/wp-json\/wp\/v2\/types\/post"}],"author":[{"embeddable":true,"href":"https:\/\/www.celttv.com.ar\/index.php\/wp-json\/wp\/v2\/users\/1"}],"replies":[{"embeddable":true,"href":"https:\/\/www.celttv.com.ar\/index.php\/wp-json\/wp\/v2\/comments?post=44041"}],"version-history":[{"count":0,"href":"https:\/\/www.celttv.com.ar\/index.php\/wp-json\/wp\/v2\/posts\/44041\/revisions"}],"wp:featuredmedia":[{"embeddable":true,"href":"https:\/\/www.celttv.com.ar\/index.php\/wp-json\/wp\/v2\/media\/44043"}],"wp:attachment":[{"href":"https:\/\/www.celttv.com.ar\/index.php\/wp-json\/wp\/v2\/media?parent=44041"}],"wp:term":[{"taxonomy":"category","embeddable":true,"href":"https:\/\/www.celttv.com.ar\/index.php\/wp-json\/wp\/v2\/categories?post=44041"},{"taxonomy":"post_tag","embeddable":true,"href":"https:\/\/www.celttv.com.ar\/index.php\/wp-json\/wp\/v2\/tags?post=44041"}],"curies":[{"name":"wp","href":"https:\/\/api.w.org\/{rel}","templated":true}]}}