{"id":44048,"date":"2019-09-19T20:06:15","date_gmt":"2019-09-19T20:06:15","guid":{"rendered":"http:\/\/www.celttv.com.ar\/?p=44048"},"modified":"2019-09-19T20:06:15","modified_gmt":"2019-09-19T20:06:15","slug":"informe-de-la-ultima-sesion-ordinaria-del-honorable-concejo-deliberante-video","status":"publish","type":"post","link":"https:\/\/www.celttv.com.ar\/index.php\/2019\/09\/19\/informe-de-la-ultima-sesion-ordinaria-del-honorable-concejo-deliberante-video\/","title":{"rendered":"Informe de la \u00faltima sesi\u00f3n ordinaria del Honorable Concejo Deliberante (Video)"},"content":{"rendered":"<p><strong><u>Uso Banca de Concejal N\u00ba 13:<\/u><\/strong><\/p>\n<p>\u201c<strong><u>Expte. 7138\/19:<\/u><\/strong> \u201cN.P. V\u00edctor Ant\u00f3n. Solicitud Uso Banca Concejal N\u00ba 13\u201d.<\/p>\n<p>V\u00edctor Ant\u00f3n:<\/p>\n<p>\u201cBuenas noches se\u00f1or Presidente, se\u00f1ores Concejales, en principio agradecerles por haberme concedido esta posibilidad. Voy a ser conciso, este es un tema que a uno lo viene preocupando porque tiene relaci\u00f3n con chicos adolescentes que salen todos los fines de semana y uno puede ver que cada vez los j\u00f3venes comienzan a consumir alcohol m\u00e1s temprano, a edad m\u00e1s temprana. Gracias a Dios no hemos tenido accidentes graves en nuestras localidades, en nuestro Distrito, que tengan que ver con el alcohol, pero bueno, es un tema que podemos prevenir. Entonces leyendo y buscando informaci\u00f3n sobre este tema, he visto que en algunos otros lugares de nuestro pa\u00eds existe una figura que se llama \u201cConductor Designado\u201d, y que nos puede venir muy bien en nuestra localidad justamente para prevenir el tema de los accidentes,\u00a0 y particularmente los accidentes despu\u00e9s del uso de bebidad alcoh\u00f3licas, o despu\u00e9s del consumo de bebidas alcoh\u00f3licas. Antes de empezar a armar la normativa que puede llegar a convenirnos o que se puede adaptar a la realidad de nuestro Distrito, estuve leyendo algunas otras de otros lugares y la Ley de nocturnidad de la Provincia, que la verdad, y esto hay que decirlo, la Ley de nocturnidad de la Provincia para m\u00ed, particularmente, no es una buena Ley, porque es una Ley que habla de toda la Provincia en general, y no podemos comparar por ejemplo, lo que es la noche bahiense con su cantidad de habitantes, con la noche de Tornquist. Lo mismo localidades tur\u00edsticas donde en el verano explotan como es Mar del Plata, con nuestras localidades, con nuestro Distrito, entonces, pensando en eso, evidentemente vamos a tener que pedirle a nuestros legisladores provinciales que modifiquen esa ley, porque se puede hacer perfectamente una ley marco y despu\u00e9s que cada municipio pueda tener la facultad de reglamentarla a trav\u00e9s de una ordenanza respecto de su realidad. Y este tema del \u201cConductor Designado\u201d particularmente nos toca tambi\u00e9n para quienes tienen familiares, o amigos en Saldungaray, o en Sierra de la Ventana que habitualmente vienen a divertirse, y vienen a bailar ac\u00e1, al boliche de Tornquist, y despu\u00e9s tienen que hacer 60 o 70 kil\u00f3metros de vuelta para all\u00e1, y alguno alguna cervecita se toma habitualmente, entonces bueno, este proyecto de ordenanza viene a eso, \u00bfno es cierto?, la idea es que una de las personas que viene manejando el auto y viene con un grupo de amigos pueda cuando llegue al local bailable, o al pub, o al resto bar indique que va a ser \u201cConductor Designado\u201d. Esto implica que no va a tomar bebidas alcoh\u00f3licas. Entonces, tiene que estar identificado de una manera, puede ser con una pulsera, puede ser con alguna otra cosa, y debe dejar en la entrada del lugar firmando con sus datos su licencia de conducir, luego de terminada la jornada, bueno, durante esa noche la idea es acordar un trabajo conjunto entre el municipio, y el privado por su responsabilidad social empresaria, entonces que el privado le d\u00e9\u00a0 durante esa noche algunas consumiciones, pueden ser dos, tres, de bebidas no alcoh\u00f3licas, obviamente, a esa persona que es el \u201cConductor Designado\u201d y a la salida, esa persona tiene que acreditar que no tom\u00f3, \u00bfc\u00f3mo lo tiene que hacer? Y a trav\u00e9s de una alcoholemia. Si le da consumo cero de alcohol la prueba, obviamente que va a quedar asentado en la declaraci\u00f3n jurada que hizo cuando entr\u00f3 y una de las cuestiones es que puede tener la entrada gratis la pr\u00f3xima semana. Para la persona que firm\u00f3 como \u201cConductor Designado\u201d, o que dijo que iba a ser, y cuando sale tiene alg\u00fan grado de alcohol en sangre lo que va a tener que hacer es llamar a alguien que se lleve el auto o que el auto lo maneje una persona que no ha tomado alcohol. De otra forma s\u00ed, llamar a los agentes viales para que tomen la intervenci\u00f3n que tengan que tomar. M\u00e1s o menos esa ser\u00eda la tem\u00e1tica, hay muchas cuestiones a trabajar. La ordenanza no tiene un fin sancionatorio, tiene un fin educativo y de concientizaci\u00f3n por eso tambi\u00e9n se habla de hacer un trabajo con por ejemplo instituciones como los Bomberos Voluntarios, en Tornquist particularmente tenemos la escuela de cadetes de Bomberos, que son j\u00f3venes que son comprometidos con la localidad y que tranquilamente son coet\u00e1neos de aquellos chicos que salen los fines de semana a bailar, entonces tranquilamente ellos pueden darnos una mano importante. Obviamente que la parte de Jefatura Distrtital de Educaci\u00f3n tiene que estar presente en el tema porque es desde las escuelas donde se pueden abordar estos temas y despu\u00e9s obviamente que a trav\u00e9s del municipio y en contacto con los privados se pueden hacer acciones de por ejemplo una aplicaci\u00f3n en los tel\u00e9fonos celulares que es con lo que m\u00e1s anda la juventud hoy por hoy, la juventud y los no tan j\u00f3venes tambi\u00e9n andamos todo el tiempo en las redes y con los tel\u00e9fonos, entonces una aplicaci\u00f3n que sirva para difundir estas acciones que se van a estar haciendo, y que adem\u00e1s le impliquen beneficios, por ejemplo a la promoci\u00f3n de secundario que m\u00e1s \u201cConductores Designados\u201d tenga durante el a\u00f1o, puedan tener alg\u00fan tipo de reconocimiento, o premio a fin de a\u00f1o. Pero bueno, esas son todas cuestiones que se deber\u00e1n hablar con el Poder Ejecutivo, o con los privados, ser\u00eda muy interesante que ustedes puedan tener una reuni\u00f3n, ustedes, Poder Ejecutivo, con los chicos de los Centros de Estudiantes de las escuelas para que ellos participen y que este proyecto no sea solo un proyecto m\u00e1s que quede guardado en una carpeta y que despu\u00e9s no se pueda aplicar. Lo interesante ser\u00eda que con la participaci\u00f3n de la comunidad y particularmente de los chicos que son los que van a hacerse carne despu\u00e9s del proyecto lo puedan llevar a cabo. Creo que no tengo mucho m\u00e1s para decirles, agradecerles nuevamente la oportunidad de presentarlo. Y s\u00ed quer\u00eda hacerles una propuesta respecto del Decreto de Banca 13 se\u00f1or Presidente. Que en el art\u00edculo 7\u00ba dice que los grupos y\/o instituciones intermedias que han accedido a la Banca 13 no podr\u00e1n repetir el uso del derecho en el t\u00e9rmino de un a\u00f1o. Yo lo que les quiero proponer es que adem\u00e1s de esto, agreguemos otra frase que diga \u201cque sea para tratar la misma tem\u00e1tica\u201d. No s\u00e9 si me explico, o sea el uso de la Banca 13 en este caso yo no podr\u00eda volver a utilizarla para este tema pero s\u00ed para otro tema que no tenga que ver por ejemplo con el tema del \u201cConductor Designado\u201d. Me parece interesante porque por ah\u00ed puede llegar a haber alguna instituci\u00f3n o alg\u00fan vecino que tenga alg\u00fan, uno o m\u00e1s inquietudes durante el a\u00f1o y que la pueda utilizar ser\u00eda interesante. Nada m\u00e1s que eso, much\u00edsimas gracias para todos por el respeto\u201d.<\/p>\n<p>&nbsp;<\/p>\n<p>Presidente, Concejal Moroncini Gustavo:<\/p>\n<p>\u201cMuy bien, agradecemos la sugerencia. Y si alg\u00fan Concejal quiere hacer uso de la palabra\u201d.<\/p>\n<p>&nbsp;<\/p>\n<p>Concejal Montibeller Viviana:<\/p>\n<p>\u201cAgradezco al se\u00f1or Ant\u00f3n de proponer este proyecto. La verdad es que me parece muy interesante. Nuestros chicos, es verdad lo que dec\u00eda de las salidas nocturnas y dem\u00e1s. Muy claro, y bueno, esperamos que podamos\u00a0 llevarlo a cabo. Nada m\u00e1s se\u00f1or Presidente\u201d.<\/p>\n<p>&nbsp;<\/p>\n<p><strong><u>Comunicaciones Oficiales y Dict\u00e1menes de las Comisiones:<\/u><\/strong><\/p>\n<p><strong><u>\u00a0<\/u><\/strong><\/p>\n<p><strong><u>Expte. N\u00ba 055\/19:<\/u><\/strong> \u201cN.P. Sindicato Papelero Tornquist. Solicitud en Comodato del Predio ubicado en zona del Parque Lineal. Proyecto Centro Recreativo\u201d.<\/p>\n<p>Se solicita tratamiento sobre Tablas.<\/p>\n<p>Se aprueba por unanimidad el dictamen del Honorable Concejo Deliberante que considera que es oportuna la celebraci\u00f3n de un Contrato definitivo entre la Municipalidad y el Sindicato Papelero Tornquist.-<\/p>\n<p><strong>\u00a0<\/strong><\/p>\n<p><strong><u>Expte. N\u00ba 143\/19:<\/u><\/strong> \u201cN.P. Propuesta de Servicio de Transporte P\u00fablico de Pasajeros Ruta 51-Viajes S.A\u201d.<\/p>\n<p>Se solicita tratamiento sobre Tablas.<\/p>\n<p>Se aprueba por unanimidad el dictamen del Honorable Concejo Deliberante que considera de buen agrado la propuesta ofrecida por la Empresa\u00a0 en cuesti\u00f3n, o cualquier otra interesada en brindar el servicio, dado que la misma aumentar\u00eda la frecuencia de transporte p\u00fablico entre Bah\u00eda Blanca-Tornquist, Tornquist-Bah\u00eda Blanca.<\/p>\n<p>Asimismo es inter\u00e9s del Cuerpo Deliberativo poder mantener una reuni\u00f3n con los representantes de la Empresa interesada.<\/p>\n<p>&nbsp;<\/p>\n<p><strong><u>Expte. N\u00ba 172\/19:<\/u><\/strong> \u201cD.E. Convalida la firma del Convenio celebrado entre el Ministerio de Salud y Desarrollo Social de la Naci\u00f3n y el Municipio de Tornquist. Taller Textil Tornquist\u201d.<\/p>\n<p>Se solicita tratamiento sobre Tablas.<\/p>\n<p>Se aprueba por unanimidad la Ordenanza con el N\u00ba 3166\/19 por la que se Convalida la firma del Convenio celebrado entre el Ministerio de Salud y Desarrollo Social de la Naci\u00f3n representado por el Secretario de Econom\u00eda Social Sr. Mat\u00edas Kelly y la Municipalidad de Tornquist, representada por el Sr. Intendente Municipal, Sergio Bordoni.\u00a0 Por este\u00a0 Convenio el Ministerio se compromete a otorgar al Municipio de Tornquist, la suma de pesos Cuatro Millones Quinientos Noventa y Siete Mil Setecientos Tres con Veinticinco Centavos ($ 4.597.703,25) en car\u00e1cter de subsidio Institucional para la implementaci\u00f3n del Proyecto de Mercados Solidarios \u201cTALLER TEXTIL TORNQUIST\u201d. El mismo tiene como objetivo fortalecer los canales y mecanismos de comercializaci\u00f3n de los proyectos productivos a fin de empoderar a los actores de la Econom\u00eda Social a trav\u00e9s del desarrollo de espacios de comercializaci\u00f3n, brindando servicios de promoci\u00f3n y venta para productos de la Econom\u00eda Social.-<\/p>\n<p>&nbsp;<\/p>\n<p><strong><u>Expte. N\u00ba 6991\/17:<\/u><\/strong> \u201cBloques PJ y FPV. Proyecto de Resoluci\u00f3n. Declarar Patrimonio Hist\u00f3rico Cultural el Edificio ubicado en la Calle 25 de Mayo N\u00ba 626\u201d.<\/p>\n<p>Pasa a las Comisiones de Obras P\u00fablicas, Asuntos Municipales e Interpretaci\u00f3n y Reglamento.<\/p>\n<p>&nbsp;<\/p>\n<p><strong><u>Expte. N\u00ba 7150\/19:<\/u><\/strong> \u201cN.P. Asociaci\u00f3n de Fomento Barrio Parque Golf. Actividades comerciales e industriales en dicho barrio\u201d.<\/p>\n<p>Se aprueba por unanimidad el dictamen de las Comisiones de INTERPRETACI\u00d3N Y REGLAMENTO Y ASUNTOS MUNICIPALES<strong>\u00a0 <\/strong>que \u00a0aconseja enviar el mismo al \u00e1rea de Obras P\u00fablicas para que analicen la nota de la Asociaci\u00f3n.-<\/p>\n<p><u>\u00a0<\/u><\/p>\n<p><strong><u>Expte. N\u00ba 7151\/19:<\/u><\/strong> \u201cN.P. Asociaci\u00f3n de Fomento Barrio Parque Golf. Lote 1 de la Manzana los Benteveos. Construcci\u00f3n de Caba\u00f1as\u201d.<\/p>\n<p>Se aprueba por unanimidad el dictamen de las Comisiones de OBRAS P\u00daBLICAS E INTERPRETACI\u00d3N Y REGLAMENTO que aconseja enviar el mismo a Obras P\u00fablicas para que analicen la nota de la instituci\u00f3n.-<\/p>\n<p>&nbsp;<\/p>\n<p><strong><u>Asuntos Particulares<\/u><\/strong><\/p>\n<p>&nbsp;<\/p>\n<ol start=\"15\">\n<li><strong><u> P. N\u00ba 56\/19- Museo Casa de la Historia<\/u><\/strong>: La Municipalidad de Tornquist, a trav\u00e9s de la Direcci\u00f3n de Cultura, invita al \u201c1\u00ba Ciclo de Conferencias de Turismo Sustentable y Patrimonio\u201d, que se realizar\u00e1 en el Museo Casa de la Historia, el pr\u00f3ximo 27 de septiembre de 2019 a las 15.00 horas. Ser\u00e1n ponentes en dicho ciclo de conferencias la Licenciada Cora Blondina, Directora de Turismo de Puan; Gabriel Terni, Gu\u00eda de Turismo y T\u00e9cnico en Manejo, Gesti\u00f3n y Conservaci\u00f3n de la Biodiversidad; Rub\u00e9n Gonz\u00e1lez, Guarda parque del Parque Provincial Ernesto Tornquist; Jerem\u00edas Le\u00f3n, autoridad del Colegio de Profesionales en Turismo de la Provincia de Buenos Aires; Susana Dos Santos, Secretar\u00eda de Turismo Municipalidad de Tornquist.<\/li>\n<\/ol>\n<p>Los Concejales se notifican de la misma.<\/p>\n<p>&nbsp;<\/p>\n<p><strong><u>N.P. N\u00ba 57\/19- Juan Carlos Araya y Teresa Contreras, Sierra de la Ventana:<\/u><\/strong> Exponen ante el Cuerpo Deliberativo la problem\u00e1tica de transporte de pasajeros \u00a0de la comarca, y plantean una queja ante un hecho sucedido con el\u00a0 servicio de pasajeros de la Combi Silver Golf.-<\/p>\n<p>Se solicita formaci\u00f3n de Expediente y pase a Comisi\u00f3n.<\/p>\n<p>&nbsp;<\/p>\n<p><strong><u>N.P. N\u00ba 58\/19\u00a0 Vecinos autoconvocados integrantes de la Mesa de Trabajo de los prestadores de servicio de alojamiento y gastronom\u00eda de Sierra de la Ventana:<\/u><\/strong> Solicitan uso de la Banca de Concejal N\u00ba 13 a fin de comunicar su preocupaci\u00f3n en relaci\u00f3n a la pr\u00f3xima revisi\u00f3n del C\u00f3digo Impositivo Municipal.<\/p>\n<p>Se solicita formaci\u00f3n de Expediente y pase a Comisi\u00f3n.<\/p>\n<p>&nbsp;<\/p>\n<p>Alocuciones de los Se\u00f1ores Concejales:<\/p>\n<p>&nbsp;<\/p>\n<p>Concejal Sebasti\u00e1n Bassi:<\/p>\n<p>\u201cSimplemente manifestar desde esta Banca, desde este espacio, hacer referencia a la reuni\u00f3n que tuvimos el martes pasado, con los doce Concejales, donde fue pedida en su ocasi\u00f3n por los compa\u00f1eros del Bloque del Frente para la Victoria, donde se quer\u00eda abordar diferentes situaciones principalmente del campo, del \u00e1rea de desarrollo social. En esa ocasi\u00f3n se hicieron presentes el Intendente, el Secretario de Desarrollo Social, y la Secretaria Privada. Y la verdad que a priori uno a veces ten\u00eda sus dudas c\u00f3mo se iba a desarrollar y gratamente fue una reuni\u00f3n muy positiva, donde hubo di\u00e1logo, propuestas, intercambio, escuchas y principalmente destacar eso, que uno,\u00a0 es ese tipo de pol\u00edtica la que quiere practicar, la que quiere seguir avanzando y bregar por ese camino. Agradecerles a todos los que hicieron su aporte, y a pesar de estar en la etapa final de una elecci\u00f3n que para todos creo que es muy importante, bueno, destacar ese acontecimiento y bregar,\u00a0 como dije, para seguir trabajando as\u00ed. Nada m\u00e1s se\u00f1or Presidente\u201d.<\/p>\n<p>&nbsp;<\/p>\n<p>Concejal M\u00f3nica Sagredo:<\/p>\n<p>\u201cEn principio coincido con el Concejal Bassi en que la reuni\u00f3n que mantuvimos el martes pasado fue una reuni\u00f3n positiva, en cuanto a que tuvimos la posibilidad de poder dialogar, de poder expresar las distintas necesidades que hay en nuestra comunidad. Celebro que haya sido as\u00ed, y bueno, Dios quiera que esto sirva como antecedente para futuras reuniones o para futuras formas de tratar de resolver las cosas, porque, como lo dijimos en ese momento, llegamos a la necesidad de pedir esta reuni\u00f3n porque durante estos tres a\u00f1os y medio en much\u00edsimas oportunidades nos ha sucedido de que hemos querido comunicarnos con el Secretario de Acci\u00f3n Social para presentar las problem\u00e1ticas de vecinos y no hemos obtenido respuesta, o posibilidad de comunicaci\u00f3n, las hemos canalizado generalmente a\u00a0 trav\u00e9s suyo se\u00f1or Presidente, y lo ideal es que cada vez que va surgiendo una necesidad, en ese momento de manera mancomunada podamos tratar de darle la soluci\u00f3n a la gente, porque la gente la soluci\u00f3n la necesita hoy. Repito, celebro que hayamos podido tener esa reuni\u00f3n, que a partir de ese momento s\u00ed estemos recibiendo la respuesta al llamado cada vez que lo hemos hecho a lo largo de esta semana al Secretario de Acci\u00f3n Social, y bueno, lo que deseamos es que a la gente que acude con una problem\u00e1tica se le d\u00e9 una soluci\u00f3n acorde a sus necesidades porque sabemos que no es, no ayuda digamos a la dignidad de una persona el tener que estar pidiendo constantemente \u00bfno? Aqu\u00e9l que recurre a Acci\u00f3n Social para pedir ya sea mercader\u00eda, o ayuda por alg\u00fan tema de salud, o porque no puede pagar las tarifas que le est\u00e1 pasando a much\u00edsima clase de, gente trabajadora, gente que tiene su trabajo dignamente, pero lamentablemente las pol\u00edticas del gobierno de Macri no hacen que los trabajadores puedan llegar a fin de mes. As\u00ed que bueno, ese deseo que se siga, que se atiendan realmente las necesidades de cada uno de nuestros vecinos y se le pueda dar una soluci\u00f3n porque\u00a0 es justamente el estado el responsable de que ninguna persona pase hambre, pase fr\u00edo, tenga problemas de salud que no pueda resolver. Y por otro lado tambi\u00e9n quer\u00eda hacer una aclaraci\u00f3n con respecto al expediente sobre la posibilidad de transporte entre Bah\u00eda Blanca y Tornquist, que si bien nosotros manifestamos porque el se\u00f1or Intendente nos ha pedido que manifestemos el agrado o no\u00a0 de que exista esa propuesta, as\u00ed lo hemos hecho, al igual que otras que puedan surgir. Esto simplemente es manifestar el agrado, no es ninguna definici\u00f3n de nada, para eso decimos que queremos tener reuniones con el responsable de la empresa, o de cualquier otra empresa que quiera ofrecer alg\u00fan servicio, y siempre lo que creo que vamos a tener como prioridad ante cualquier propuesta que implique mejorar o acrecentar la frecuencia de trasporte, mejorar el transporte p\u00fablico, siempre la prioridad va a ser al menos de nuestra parte, que esas ofertas no impliquen, no vayan en detrimento de los prestadores locales que realizan este o cualquier otro servicio. Asique creo que eso es algo que tiene que quedar claro, siempre la prioridad va a ser que no se vean afectados los prestadores de nuestro distrito. Nada m\u00e1s se\u00f1or Presidente\u201d.<\/p>\n<p>&nbsp;<\/p>\n<p>Concejal Raising Cristian:<\/p>\n<p>\u201cBueno, quer\u00eda aprovechar la presencia en este Cuerpo de la gente del Sindicato Papelero para bueno, felicitarlos, e instarlos a que contin\u00faen, y bueno ponernos, creo yo como el Concejo Deliberante a disposici\u00f3n para llevar a cabo el proyecto que quieren llevar adelante. Nada m\u00e1s se\u00f1or Presidente\u201d.<\/p>\n<p>HONORABLE CONCEJO DELIBERANTE<\/p>\n<div class=\"jeg_video_container jeg_video_content\"><iframe loading=\"lazy\" title=\"2019 09 18 HCD BASSI   SAGREDO\" width=\"500\" height=\"281\" src=\"https:\/\/www.youtube.com\/embed\/yGSJ9Nms7qA?feature=oembed\" frameborder=\"0\" allow=\"accelerometer; autoplay; clipboard-write; encrypted-media; gyroscope; picture-in-picture; web-share\" referrerpolicy=\"strict-origin-when-cross-origin\" allowfullscreen><\/iframe><\/div>\n","protected":false},"excerpt":{"rendered":"<p>Uso Banca de Concejal N\u00ba 13: \u201cExpte. 7138\/19: \u201cN.P. V\u00edctor Ant\u00f3n. Solicitud Uso Banca Concejal N\u00ba 13\u201d. V\u00edctor Ant\u00f3n: \u201cBuenas noches se\u00f1or Presidente, se\u00f1ores Concejales, en principio agradecerles por haberme concedido esta posibilidad. Voy a ser conciso, este es un tema que a uno lo viene preocupando porque tiene relaci\u00f3n con chicos adolescentes que salen [&hellip;]<\/p>\n","protected":false},"author":1,"featured_media":44049,"comment_status":"closed","ping_status":"open","sticky":false,"template":"","format":"standard","meta":{"footnotes":""},"categories":[55,52,53],"tags":[],"class_list":["post-44048","post","type-post","status-publish","format-standard","has-post-thumbnail","hentry","category-celt-tv-noticias","category-destacadas","category-politica"],"yoast_head":"<!-- This site is optimized with the Yoast SEO plugin v19.7.1 - https:\/\/yoast.com\/wordpress\/plugins\/seo\/ -->\n<title>Informe de la \u00faltima sesi\u00f3n ordinaria del Honorable Concejo Deliberante (Video) - CELTTV<\/title>\n<meta name=\"description\" content=\"Sitio web de noticias de la localidad de Tornquist, provincia de Buenos Aires, Rep\u00fablica Argentina. Contenido propio originado por periodistas de CELTTV, el canal de TV local de la Cooperativa El\u00e9ctrica de Tornquist. Turismo, Pol\u00edtica, Sociedad, Deporte, Cultura y todo el contenido de inter\u00e9s general que la gente del pueblo y la regi\u00f3n debe conocer.\" \/>\n<meta name=\"robots\" content=\"index, follow, max-snippet:-1, max-image-preview:large, max-video-preview:-1\" \/>\n<link rel=\"canonical\" href=\"https:\/\/www.celttv.com.ar\/index.php\/2019\/09\/19\/informe-de-la-ultima-sesion-ordinaria-del-honorable-concejo-deliberante-video\/\" \/>\n<meta property=\"og:locale\" content=\"es_ES\" \/>\n<meta property=\"og:type\" content=\"article\" \/>\n<meta property=\"og:title\" content=\"Informe de la \u00faltima sesi\u00f3n ordinaria del Honorable Concejo Deliberante (Video) - CELTTV\" \/>\n<meta property=\"og:description\" content=\"Sitio web de noticias de la localidad de Tornquist, provincia de Buenos Aires, Rep\u00fablica Argentina. Contenido propio originado por periodistas de CELTTV, el canal de TV local de la Cooperativa El\u00e9ctrica de Tornquist. Turismo, Pol\u00edtica, Sociedad, Deporte, Cultura y todo el contenido de inter\u00e9s general que la gente del pueblo y la regi\u00f3n debe conocer.\" \/>\n<meta property=\"og:url\" content=\"https:\/\/www.celttv.com.ar\/index.php\/2019\/09\/19\/informe-de-la-ultima-sesion-ordinaria-del-honorable-concejo-deliberante-video\/\" \/>\n<meta property=\"og:site_name\" content=\"CELTTV\" \/>\n<meta property=\"article:publisher\" content=\"https:\/\/www.facebook.com\/celtTV\/\" \/>\n<meta property=\"article:published_time\" content=\"2019-09-19T20:06:15+00:00\" \/>\n<meta property=\"og:image\" content=\"https:\/\/www.celttv.com.ar\/wp-content\/uploads\/2019\/09\/P1100210.jpg\" \/>\n\t<meta property=\"og:image:width\" content=\"1024\" \/>\n\t<meta property=\"og:image:height\" content=\"768\" \/>\n\t<meta property=\"og:image:type\" content=\"image\/jpeg\" \/>\n<meta name=\"author\" content=\"ulises\" \/>\n<meta name=\"twitter:card\" content=\"summary_large_image\" \/>\n<meta name=\"twitter:label1\" content=\"Escrito por\" \/>\n\t<meta name=\"twitter:data1\" content=\"ulises\" \/>\n\t<meta name=\"twitter:label2\" content=\"Tiempo de lectura\" \/>\n\t<meta name=\"twitter:data2\" content=\"15 minutos\" \/>\n<script type=\"application\/ld+json\" class=\"yoast-schema-graph\">{\"@context\":\"https:\/\/schema.org\",\"@graph\":[{\"@type\":\"NewsArticle\",\"@id\":\"https:\/\/www.celttv.com.ar\/index.php\/2019\/09\/19\/informe-de-la-ultima-sesion-ordinaria-del-honorable-concejo-deliberante-video\/#article\",\"isPartOf\":{\"@id\":\"https:\/\/www.celttv.com.ar\/index.php\/2019\/09\/19\/informe-de-la-ultima-sesion-ordinaria-del-honorable-concejo-deliberante-video\/\"},\"author\":{\"name\":\"ulises\",\"@id\":\"https:\/\/www.celttv.com.ar\/#\/schema\/person\/6d99c072dba59953809c81446e9d0ace\"},\"headline\":\"Informe de la \u00faltima sesi\u00f3n ordinaria del Honorable Concejo Deliberante (Video)\",\"datePublished\":\"2019-09-19T20:06:15+00:00\",\"dateModified\":\"2019-09-19T20:06:15+00:00\",\"mainEntityOfPage\":{\"@id\":\"https:\/\/www.celttv.com.ar\/index.php\/2019\/09\/19\/informe-de-la-ultima-sesion-ordinaria-del-honorable-concejo-deliberante-video\/\"},\"wordCount\":2926,\"publisher\":{\"@id\":\"https:\/\/www.celttv.com.ar\/#organization\"},\"articleSection\":[\"Celt TV Noticias\",\"Destacadas\",\"Pol\u00edtica\"],\"inLanguage\":\"es\"},{\"@type\":\"WebPage\",\"@id\":\"https:\/\/www.celttv.com.ar\/index.php\/2019\/09\/19\/informe-de-la-ultima-sesion-ordinaria-del-honorable-concejo-deliberante-video\/\",\"url\":\"https:\/\/www.celttv.com.ar\/index.php\/2019\/09\/19\/informe-de-la-ultima-sesion-ordinaria-del-honorable-concejo-deliberante-video\/\",\"name\":\"Informe de la \u00faltima sesi\u00f3n ordinaria del Honorable Concejo Deliberante (Video) - CELTTV\",\"isPartOf\":{\"@id\":\"https:\/\/www.celttv.com.ar\/#website\"},\"datePublished\":\"2019-09-19T20:06:15+00:00\",\"dateModified\":\"2019-09-19T20:06:15+00:00\",\"description\":\"Sitio web de noticias de la localidad de Tornquist, provincia de Buenos Aires, Rep\u00fablica Argentina. Contenido propio originado por periodistas de CELTTV, el canal de TV local de la Cooperativa El\u00e9ctrica de Tornquist. Turismo, Pol\u00edtica, Sociedad, Deporte, Cultura y todo el contenido de inter\u00e9s general que la gente del pueblo y la regi\u00f3n debe conocer.\",\"breadcrumb\":{\"@id\":\"https:\/\/www.celttv.com.ar\/index.php\/2019\/09\/19\/informe-de-la-ultima-sesion-ordinaria-del-honorable-concejo-deliberante-video\/#breadcrumb\"},\"inLanguage\":\"es\",\"potentialAction\":[{\"@type\":\"ReadAction\",\"target\":[\"https:\/\/www.celttv.com.ar\/index.php\/2019\/09\/19\/informe-de-la-ultima-sesion-ordinaria-del-honorable-concejo-deliberante-video\/\"]}]},{\"@type\":\"BreadcrumbList\",\"@id\":\"https:\/\/www.celttv.com.ar\/index.php\/2019\/09\/19\/informe-de-la-ultima-sesion-ordinaria-del-honorable-concejo-deliberante-video\/#breadcrumb\",\"itemListElement\":[{\"@type\":\"ListItem\",\"position\":1,\"name\":\"Inicio\",\"item\":\"https:\/\/www.celttv.com.ar\/\"},{\"@type\":\"ListItem\",\"position\":2,\"name\":\"Informe de la \u00faltima sesi\u00f3n ordinaria del Honorable Concejo Deliberante (Video)\"}]},{\"@type\":\"WebSite\",\"@id\":\"https:\/\/www.celttv.com.ar\/#website\",\"url\":\"https:\/\/www.celttv.com.ar\/\",\"name\":\"CELTTV\",\"description\":\"Cooperativa El\u00e9ctrica de Tornquist\",\"publisher\":{\"@id\":\"https:\/\/www.celttv.com.ar\/#organization\"},\"potentialAction\":[{\"@type\":\"SearchAction\",\"target\":{\"@type\":\"EntryPoint\",\"urlTemplate\":\"https:\/\/www.celttv.com.ar\/?s={search_term_string}\"},\"query-input\":\"required name=search_term_string\"}],\"inLanguage\":\"es\"},{\"@type\":\"Organization\",\"@id\":\"https:\/\/www.celttv.com.ar\/#organization\",\"name\":\"CELTTV\",\"url\":\"https:\/\/www.celttv.com.ar\/\",\"sameAs\":[\"https:\/\/www.youtube.com\/channel\/UCz_oIt8Hig64Ub-EmcNPIhg\",\"https:\/\/www.facebook.com\/celtTV\/\"],\"logo\":{\"@type\":\"ImageObject\",\"inLanguage\":\"es\",\"@id\":\"https:\/\/www.celttv.com.ar\/#\/schema\/logo\/image\/\",\"url\":\"http:\/\/www.celttv.com.ar\/wp-content\/uploads\/2022\/08\/logo-1.png\",\"contentUrl\":\"http:\/\/www.celttv.com.ar\/wp-content\/uploads\/2022\/08\/logo-1.png\",\"width\":461,\"height\":159,\"caption\":\"CELTTV\"},\"image\":{\"@id\":\"https:\/\/www.celttv.com.ar\/#\/schema\/logo\/image\/\"}},{\"@type\":\"Person\",\"@id\":\"https:\/\/www.celttv.com.ar\/#\/schema\/person\/6d99c072dba59953809c81446e9d0ace\",\"name\":\"ulises\",\"image\":{\"@type\":\"ImageObject\",\"inLanguage\":\"es\",\"@id\":\"https:\/\/www.celttv.com.ar\/#\/schema\/person\/image\/\",\"url\":\"https:\/\/secure.gravatar.com\/avatar\/7f2c48bdc33b30088f941fb6082e555f2874c98e20cb159d7b92b50eadfce793?s=96&d=mm&r=g\",\"contentUrl\":\"https:\/\/secure.gravatar.com\/avatar\/7f2c48bdc33b30088f941fb6082e555f2874c98e20cb159d7b92b50eadfce793?s=96&d=mm&r=g\",\"caption\":\"ulises\"},\"sameAs\":[\"http:\/\/www.celttv.com.ar\"]}]}<\/script>\n<!-- \/ Yoast SEO plugin. -->","yoast_head_json":{"title":"Informe de la \u00faltima sesi\u00f3n ordinaria del Honorable Concejo Deliberante (Video) - CELTTV","description":"Sitio web de noticias de la localidad de Tornquist, provincia de Buenos Aires, Rep\u00fablica Argentina. Contenido propio originado por periodistas de CELTTV, el canal de TV local de la Cooperativa El\u00e9ctrica de Tornquist. Turismo, Pol\u00edtica, Sociedad, Deporte, Cultura y todo el contenido de inter\u00e9s general que la gente del pueblo y la regi\u00f3n debe conocer.","robots":{"index":"index","follow":"follow","max-snippet":"max-snippet:-1","max-image-preview":"max-image-preview:large","max-video-preview":"max-video-preview:-1"},"canonical":"https:\/\/www.celttv.com.ar\/index.php\/2019\/09\/19\/informe-de-la-ultima-sesion-ordinaria-del-honorable-concejo-deliberante-video\/","og_locale":"es_ES","og_type":"article","og_title":"Informe de la \u00faltima sesi\u00f3n ordinaria del Honorable Concejo Deliberante (Video) - CELTTV","og_description":"Sitio web de noticias de la localidad de Tornquist, provincia de Buenos Aires, Rep\u00fablica Argentina. Contenido propio originado por periodistas de CELTTV, el canal de TV local de la Cooperativa El\u00e9ctrica de Tornquist. Turismo, Pol\u00edtica, Sociedad, Deporte, Cultura y todo el contenido de inter\u00e9s general que la gente del pueblo y la regi\u00f3n debe conocer.","og_url":"https:\/\/www.celttv.com.ar\/index.php\/2019\/09\/19\/informe-de-la-ultima-sesion-ordinaria-del-honorable-concejo-deliberante-video\/","og_site_name":"CELTTV","article_publisher":"https:\/\/www.facebook.com\/celtTV\/","article_published_time":"2019-09-19T20:06:15+00:00","og_image":[{"width":1024,"height":768,"url":"https:\/\/www.celttv.com.ar\/wp-content\/uploads\/2019\/09\/P1100210.jpg","type":"image\/jpeg"}],"author":"ulises","twitter_card":"summary_large_image","twitter_misc":{"Escrito por":"ulises","Tiempo de lectura":"15 minutos"},"schema":{"@context":"https:\/\/schema.org","@graph":[{"@type":"NewsArticle","@id":"https:\/\/www.celttv.com.ar\/index.php\/2019\/09\/19\/informe-de-la-ultima-sesion-ordinaria-del-honorable-concejo-deliberante-video\/#article","isPartOf":{"@id":"https:\/\/www.celttv.com.ar\/index.php\/2019\/09\/19\/informe-de-la-ultima-sesion-ordinaria-del-honorable-concejo-deliberante-video\/"},"author":{"name":"ulises","@id":"https:\/\/www.celttv.com.ar\/#\/schema\/person\/6d99c072dba59953809c81446e9d0ace"},"headline":"Informe de la \u00faltima sesi\u00f3n ordinaria del Honorable Concejo Deliberante (Video)","datePublished":"2019-09-19T20:06:15+00:00","dateModified":"2019-09-19T20:06:15+00:00","mainEntityOfPage":{"@id":"https:\/\/www.celttv.com.ar\/index.php\/2019\/09\/19\/informe-de-la-ultima-sesion-ordinaria-del-honorable-concejo-deliberante-video\/"},"wordCount":2926,"publisher":{"@id":"https:\/\/www.celttv.com.ar\/#organization"},"articleSection":["Celt TV Noticias","Destacadas","Pol\u00edtica"],"inLanguage":"es"},{"@type":"WebPage","@id":"https:\/\/www.celttv.com.ar\/index.php\/2019\/09\/19\/informe-de-la-ultima-sesion-ordinaria-del-honorable-concejo-deliberante-video\/","url":"https:\/\/www.celttv.com.ar\/index.php\/2019\/09\/19\/informe-de-la-ultima-sesion-ordinaria-del-honorable-concejo-deliberante-video\/","name":"Informe de la \u00faltima sesi\u00f3n ordinaria del Honorable Concejo Deliberante (Video) - CELTTV","isPartOf":{"@id":"https:\/\/www.celttv.com.ar\/#website"},"datePublished":"2019-09-19T20:06:15+00:00","dateModified":"2019-09-19T20:06:15+00:00","description":"Sitio web de noticias de la localidad de Tornquist, provincia de Buenos Aires, Rep\u00fablica Argentina. Contenido propio originado por periodistas de CELTTV, el canal de TV local de la Cooperativa El\u00e9ctrica de Tornquist. Turismo, Pol\u00edtica, Sociedad, Deporte, Cultura y todo el contenido de inter\u00e9s general que la gente del pueblo y la regi\u00f3n debe conocer.","breadcrumb":{"@id":"https:\/\/www.celttv.com.ar\/index.php\/2019\/09\/19\/informe-de-la-ultima-sesion-ordinaria-del-honorable-concejo-deliberante-video\/#breadcrumb"},"inLanguage":"es","potentialAction":[{"@type":"ReadAction","target":["https:\/\/www.celttv.com.ar\/index.php\/2019\/09\/19\/informe-de-la-ultima-sesion-ordinaria-del-honorable-concejo-deliberante-video\/"]}]},{"@type":"BreadcrumbList","@id":"https:\/\/www.celttv.com.ar\/index.php\/2019\/09\/19\/informe-de-la-ultima-sesion-ordinaria-del-honorable-concejo-deliberante-video\/#breadcrumb","itemListElement":[{"@type":"ListItem","position":1,"name":"Inicio","item":"https:\/\/www.celttv.com.ar\/"},{"@type":"ListItem","position":2,"name":"Informe de la \u00faltima sesi\u00f3n ordinaria del Honorable Concejo Deliberante (Video)"}]},{"@type":"WebSite","@id":"https:\/\/www.celttv.com.ar\/#website","url":"https:\/\/www.celttv.com.ar\/","name":"CELTTV","description":"Cooperativa El\u00e9ctrica de Tornquist","publisher":{"@id":"https:\/\/www.celttv.com.ar\/#organization"},"potentialAction":[{"@type":"SearchAction","target":{"@type":"EntryPoint","urlTemplate":"https:\/\/www.celttv.com.ar\/?s={search_term_string}"},"query-input":"required name=search_term_string"}],"inLanguage":"es"},{"@type":"Organization","@id":"https:\/\/www.celttv.com.ar\/#organization","name":"CELTTV","url":"https:\/\/www.celttv.com.ar\/","sameAs":["https:\/\/www.youtube.com\/channel\/UCz_oIt8Hig64Ub-EmcNPIhg","https:\/\/www.facebook.com\/celtTV\/"],"logo":{"@type":"ImageObject","inLanguage":"es","@id":"https:\/\/www.celttv.com.ar\/#\/schema\/logo\/image\/","url":"http:\/\/www.celttv.com.ar\/wp-content\/uploads\/2022\/08\/logo-1.png","contentUrl":"http:\/\/www.celttv.com.ar\/wp-content\/uploads\/2022\/08\/logo-1.png","width":461,"height":159,"caption":"CELTTV"},"image":{"@id":"https:\/\/www.celttv.com.ar\/#\/schema\/logo\/image\/"}},{"@type":"Person","@id":"https:\/\/www.celttv.com.ar\/#\/schema\/person\/6d99c072dba59953809c81446e9d0ace","name":"ulises","image":{"@type":"ImageObject","inLanguage":"es","@id":"https:\/\/www.celttv.com.ar\/#\/schema\/person\/image\/","url":"https:\/\/secure.gravatar.com\/avatar\/7f2c48bdc33b30088f941fb6082e555f2874c98e20cb159d7b92b50eadfce793?s=96&d=mm&r=g","contentUrl":"https:\/\/secure.gravatar.com\/avatar\/7f2c48bdc33b30088f941fb6082e555f2874c98e20cb159d7b92b50eadfce793?s=96&d=mm&r=g","caption":"ulises"},"sameAs":["http:\/\/www.celttv.com.ar"]}]}},"_links":{"self":[{"href":"https:\/\/www.celttv.com.ar\/index.php\/wp-json\/wp\/v2\/posts\/44048","targetHints":{"allow":["GET"]}}],"collection":[{"href":"https:\/\/www.celttv.com.ar\/index.php\/wp-json\/wp\/v2\/posts"}],"about":[{"href":"https:\/\/www.celttv.com.ar\/index.php\/wp-json\/wp\/v2\/types\/post"}],"author":[{"embeddable":true,"href":"https:\/\/www.celttv.com.ar\/index.php\/wp-json\/wp\/v2\/users\/1"}],"replies":[{"embeddable":true,"href":"https:\/\/www.celttv.com.ar\/index.php\/wp-json\/wp\/v2\/comments?post=44048"}],"version-history":[{"count":0,"href":"https:\/\/www.celttv.com.ar\/index.php\/wp-json\/wp\/v2\/posts\/44048\/revisions"}],"wp:featuredmedia":[{"embeddable":true,"href":"https:\/\/www.celttv.com.ar\/index.php\/wp-json\/wp\/v2\/media\/44049"}],"wp:attachment":[{"href":"https:\/\/www.celttv.com.ar\/index.php\/wp-json\/wp\/v2\/media?parent=44048"}],"wp:term":[{"taxonomy":"category","embeddable":true,"href":"https:\/\/www.celttv.com.ar\/index.php\/wp-json\/wp\/v2\/categories?post=44048"},{"taxonomy":"post_tag","embeddable":true,"href":"https:\/\/www.celttv.com.ar\/index.php\/wp-json\/wp\/v2\/tags?post=44048"}],"curies":[{"name":"wp","href":"https:\/\/api.w.org\/{rel}","templated":true}]}}