{"id":44067,"date":"2019-09-21T17:28:32","date_gmt":"2019-09-21T17:28:32","guid":{"rendered":"http:\/\/www.celttv.com.ar\/?p=44067"},"modified":"2019-09-21T17:28:32","modified_gmt":"2019-09-21T17:28:32","slug":"actualidad-de-los-cuarteles-de-bomberos-voluntarios-de-sierra-de-la-ventana-villa-y-tornquist-opiniones-video","status":"publish","type":"post","link":"https:\/\/www.celttv.com.ar\/index.php\/2019\/09\/21\/actualidad-de-los-cuarteles-de-bomberos-voluntarios-de-sierra-de-la-ventana-villa-y-tornquist-opiniones-video\/","title":{"rendered":"Actualidad de los Cuarteles de Bomberos Voluntarios de Sierra de la Ventana, Villa y Tornquist (Opiniones-Video)"},"content":{"rendered":"<p>En la \u00faltima edici\u00f3n de Opiniones, integrantes de las comisiones directivas y cuerpos activos de los cuarteles de Bomberos Voluntarios de Sierra de la Ventana, Tornquist y Villa Ventana, se refirieron a la actualidad institucional y clim\u00e1tica de la regi\u00f3n, entre otros temas.<\/p>\n<div class=\"jeg_video_container jeg_video_content\"><iframe loading=\"lazy\" title=\"2019 09 19 OPINIONES\" width=\"500\" height=\"281\" src=\"https:\/\/www.youtube.com\/embed\/Wgb1aECf1Xw?feature=oembed\" frameborder=\"0\" allow=\"accelerometer; autoplay; clipboard-write; encrypted-media; gyroscope; picture-in-picture; web-share\" referrerpolicy=\"strict-origin-when-cross-origin\" allowfullscreen><\/iframe><\/div>\n<p><a href=\"http:\/\/www.celttv.com.ar\/?attachment_id=44069\" rel=\"attachment wp-att-44069\"><img loading=\"lazy\" decoding=\"async\" class=\"alignleft size-full wp-image-44069\" src=\"http:\/\/www.celttv.com.ar\/wp-content\/uploads\/2019\/09\/WhatsApp-Image-2019-09-19-at-22.18.08.jpeg\" alt=\"\" width=\"1032\" height=\"774\" srcset=\"https:\/\/www.celttv.com.ar\/wp-content\/uploads\/2019\/09\/WhatsApp-Image-2019-09-19-at-22.18.08.jpeg 1032w, https:\/\/www.celttv.com.ar\/wp-content\/uploads\/2019\/09\/WhatsApp-Image-2019-09-19-at-22.18.08-300x225.jpeg 300w, https:\/\/www.celttv.com.ar\/wp-content\/uploads\/2019\/09\/WhatsApp-Image-2019-09-19-at-22.18.08-1024x768.jpeg 1024w, https:\/\/www.celttv.com.ar\/wp-content\/uploads\/2019\/09\/WhatsApp-Image-2019-09-19-at-22.18.08-768x576.jpeg 768w, https:\/\/www.celttv.com.ar\/wp-content\/uploads\/2019\/09\/WhatsApp-Image-2019-09-19-at-22.18.08-750x563.jpeg 750w\" sizes=\"auto, (max-width: 1032px) 100vw, 1032px\" \/><\/a> <a href=\"http:\/\/www.celttv.com.ar\/?attachment_id=44070\" rel=\"attachment wp-att-44070\"><img loading=\"lazy\" decoding=\"async\" class=\"alignleft size-medium wp-image-44070\" src=\"http:\/\/www.celttv.com.ar\/wp-content\/uploads\/2019\/09\/WhatsApp-Image-2019-09-19-at-22.18.09.jpeg\" alt=\"\" width=\"780\" height=\"585\" srcset=\"https:\/\/www.celttv.com.ar\/wp-content\/uploads\/2019\/09\/WhatsApp-Image-2019-09-19-at-22.18.09.jpeg 1032w, https:\/\/www.celttv.com.ar\/wp-content\/uploads\/2019\/09\/WhatsApp-Image-2019-09-19-at-22.18.09-300x225.jpeg 300w, https:\/\/www.celttv.com.ar\/wp-content\/uploads\/2019\/09\/WhatsApp-Image-2019-09-19-at-22.18.09-1024x768.jpeg 1024w, https:\/\/www.celttv.com.ar\/wp-content\/uploads\/2019\/09\/WhatsApp-Image-2019-09-19-at-22.18.09-768x576.jpeg 768w, https:\/\/www.celttv.com.ar\/wp-content\/uploads\/2019\/09\/WhatsApp-Image-2019-09-19-at-22.18.09-750x563.jpeg 750w\" sizes=\"auto, (max-width: 780px) 100vw, 780px\" \/><\/a> <a href=\"http:\/\/www.celttv.com.ar\/?attachment_id=44071\" rel=\"attachment wp-att-44071\"><img loading=\"lazy\" decoding=\"async\" class=\"alignleft size-medium wp-image-44071\" src=\"http:\/\/www.celttv.com.ar\/wp-content\/uploads\/2019\/09\/WhatsApp-Image-2019-09-19-at-22.18.11.jpeg\" alt=\"\" width=\"780\" height=\"585\" srcset=\"https:\/\/www.celttv.com.ar\/wp-content\/uploads\/2019\/09\/WhatsApp-Image-2019-09-19-at-22.18.11.jpeg 1032w, https:\/\/www.celttv.com.ar\/wp-content\/uploads\/2019\/09\/WhatsApp-Image-2019-09-19-at-22.18.11-300x225.jpeg 300w, https:\/\/www.celttv.com.ar\/wp-content\/uploads\/2019\/09\/WhatsApp-Image-2019-09-19-at-22.18.11-1024x768.jpeg 1024w, https:\/\/www.celttv.com.ar\/wp-content\/uploads\/2019\/09\/WhatsApp-Image-2019-09-19-at-22.18.11-768x576.jpeg 768w, https:\/\/www.celttv.com.ar\/wp-content\/uploads\/2019\/09\/WhatsApp-Image-2019-09-19-at-22.18.11-750x563.jpeg 750w\" sizes=\"auto, (max-width: 780px) 100vw, 780px\" \/><\/a><\/p>\n","protected":false},"excerpt":{"rendered":"<p>En la \u00faltima edici\u00f3n de Opiniones, integrantes de las comisiones directivas y cuerpos activos de los cuarteles de Bomberos Voluntarios de Sierra de la Ventana, Tornquist y Villa Ventana, se refirieron a la actualidad institucional y clim\u00e1tica de la regi\u00f3n, entre otros temas.<\/p>\n","protected":false},"author":1,"featured_media":44070,"comment_status":"closed","ping_status":"open","sticky":false,"template":"","format":"standard","meta":{"footnotes":""},"categories":[55,51,52],"tags":[],"class_list":["post-44067","post","type-post","status-publish","format-standard","has-post-thumbnail","hentry","category-celt-tv-noticias","category-comunidad","category-destacadas"],"yoast_head":"<!-- This site is optimized with the Yoast SEO plugin v19.7.1 - https:\/\/yoast.com\/wordpress\/plugins\/seo\/ -->\n<title>Actualidad de los Cuarteles de Bomberos Voluntarios de Sierra de la Ventana, Villa y Tornquist (Opiniones-Video) - CELTTV<\/title>\n<meta name=\"description\" content=\"Sitio web de noticias de la localidad de Tornquist, provincia de Buenos Aires, Rep\u00fablica Argentina. Contenido propio originado por periodistas de CELTTV, el canal de TV local de la Cooperativa El\u00e9ctrica de Tornquist. Turismo, Pol\u00edtica, Sociedad, Deporte, Cultura y todo el contenido de inter\u00e9s general que la gente del pueblo y la regi\u00f3n debe conocer.\" \/>\n<meta name=\"robots\" content=\"index, follow, max-snippet:-1, max-image-preview:large, max-video-preview:-1\" \/>\n<link rel=\"canonical\" href=\"https:\/\/www.celttv.com.ar\/index.php\/2019\/09\/21\/actualidad-de-los-cuarteles-de-bomberos-voluntarios-de-sierra-de-la-ventana-villa-y-tornquist-opiniones-video\/\" \/>\n<meta property=\"og:locale\" content=\"es_ES\" \/>\n<meta property=\"og:type\" content=\"article\" \/>\n<meta property=\"og:title\" content=\"Actualidad de los Cuarteles de Bomberos Voluntarios de Sierra de la Ventana, Villa y Tornquist (Opiniones-Video) - CELTTV\" \/>\n<meta property=\"og:description\" content=\"Sitio web de noticias de la localidad de Tornquist, provincia de Buenos Aires, Rep\u00fablica Argentina. Contenido propio originado por periodistas de CELTTV, el canal de TV local de la Cooperativa El\u00e9ctrica de Tornquist. Turismo, Pol\u00edtica, Sociedad, Deporte, Cultura y todo el contenido de inter\u00e9s general que la gente del pueblo y la regi\u00f3n debe conocer.\" \/>\n<meta property=\"og:url\" content=\"https:\/\/www.celttv.com.ar\/index.php\/2019\/09\/21\/actualidad-de-los-cuarteles-de-bomberos-voluntarios-de-sierra-de-la-ventana-villa-y-tornquist-opiniones-video\/\" \/>\n<meta property=\"og:site_name\" content=\"CELTTV\" \/>\n<meta property=\"article:publisher\" content=\"https:\/\/www.facebook.com\/celtTV\/\" \/>\n<meta property=\"article:published_time\" content=\"2019-09-21T17:28:32+00:00\" \/>\n<meta property=\"og:image\" content=\"https:\/\/www.celttv.com.ar\/wp-content\/uploads\/2019\/09\/WhatsApp-Image-2019-09-19-at-22.18.09.jpeg\" \/>\n\t<meta property=\"og:image:width\" content=\"1032\" \/>\n\t<meta property=\"og:image:height\" content=\"774\" \/>\n\t<meta property=\"og:image:type\" content=\"image\/jpeg\" \/>\n<meta name=\"author\" content=\"ulises\" \/>\n<meta name=\"twitter:card\" content=\"summary_large_image\" \/>\n<meta name=\"twitter:label1\" content=\"Escrito por\" \/>\n\t<meta name=\"twitter:data1\" content=\"ulises\" \/>\n<script type=\"application\/ld+json\" class=\"yoast-schema-graph\">{\"@context\":\"https:\/\/schema.org\",\"@graph\":[{\"@type\":\"NewsArticle\",\"@id\":\"https:\/\/www.celttv.com.ar\/index.php\/2019\/09\/21\/actualidad-de-los-cuarteles-de-bomberos-voluntarios-de-sierra-de-la-ventana-villa-y-tornquist-opiniones-video\/#article\",\"isPartOf\":{\"@id\":\"https:\/\/www.celttv.com.ar\/index.php\/2019\/09\/21\/actualidad-de-los-cuarteles-de-bomberos-voluntarios-de-sierra-de-la-ventana-villa-y-tornquist-opiniones-video\/\"},\"author\":{\"name\":\"ulises\",\"@id\":\"https:\/\/www.celttv.com.ar\/#\/schema\/person\/6d99c072dba59953809c81446e9d0ace\"},\"headline\":\"Actualidad de los Cuarteles de Bomberos Voluntarios de Sierra de la Ventana, Villa y Tornquist (Opiniones-Video)\",\"datePublished\":\"2019-09-21T17:28:32+00:00\",\"dateModified\":\"2019-09-21T17:28:32+00:00\",\"mainEntityOfPage\":{\"@id\":\"https:\/\/www.celttv.com.ar\/index.php\/2019\/09\/21\/actualidad-de-los-cuarteles-de-bomberos-voluntarios-de-sierra-de-la-ventana-villa-y-tornquist-opiniones-video\/\"},\"wordCount\":71,\"publisher\":{\"@id\":\"https:\/\/www.celttv.com.ar\/#organization\"},\"articleSection\":[\"Celt TV Noticias\",\"Comunidad\",\"Destacadas\"],\"inLanguage\":\"es\"},{\"@type\":\"WebPage\",\"@id\":\"https:\/\/www.celttv.com.ar\/index.php\/2019\/09\/21\/actualidad-de-los-cuarteles-de-bomberos-voluntarios-de-sierra-de-la-ventana-villa-y-tornquist-opiniones-video\/\",\"url\":\"https:\/\/www.celttv.com.ar\/index.php\/2019\/09\/21\/actualidad-de-los-cuarteles-de-bomberos-voluntarios-de-sierra-de-la-ventana-villa-y-tornquist-opiniones-video\/\",\"name\":\"Actualidad de los Cuarteles de Bomberos Voluntarios de Sierra de la Ventana, Villa y Tornquist (Opiniones-Video) - CELTTV\",\"isPartOf\":{\"@id\":\"https:\/\/www.celttv.com.ar\/#website\"},\"datePublished\":\"2019-09-21T17:28:32+00:00\",\"dateModified\":\"2019-09-21T17:28:32+00:00\",\"description\":\"Sitio web de noticias de la localidad de Tornquist, provincia de Buenos Aires, Rep\u00fablica Argentina. Contenido propio originado por periodistas de CELTTV, el canal de TV local de la Cooperativa El\u00e9ctrica de Tornquist. Turismo, Pol\u00edtica, Sociedad, Deporte, Cultura y todo el contenido de inter\u00e9s general que la gente del pueblo y la regi\u00f3n debe conocer.\",\"breadcrumb\":{\"@id\":\"https:\/\/www.celttv.com.ar\/index.php\/2019\/09\/21\/actualidad-de-los-cuarteles-de-bomberos-voluntarios-de-sierra-de-la-ventana-villa-y-tornquist-opiniones-video\/#breadcrumb\"},\"inLanguage\":\"es\",\"potentialAction\":[{\"@type\":\"ReadAction\",\"target\":[\"https:\/\/www.celttv.com.ar\/index.php\/2019\/09\/21\/actualidad-de-los-cuarteles-de-bomberos-voluntarios-de-sierra-de-la-ventana-villa-y-tornquist-opiniones-video\/\"]}]},{\"@type\":\"BreadcrumbList\",\"@id\":\"https:\/\/www.celttv.com.ar\/index.php\/2019\/09\/21\/actualidad-de-los-cuarteles-de-bomberos-voluntarios-de-sierra-de-la-ventana-villa-y-tornquist-opiniones-video\/#breadcrumb\",\"itemListElement\":[{\"@type\":\"ListItem\",\"position\":1,\"name\":\"Inicio\",\"item\":\"https:\/\/www.celttv.com.ar\/\"},{\"@type\":\"ListItem\",\"position\":2,\"name\":\"Actualidad de los Cuarteles de Bomberos Voluntarios de Sierra de la Ventana, Villa y Tornquist (Opiniones-Video)\"}]},{\"@type\":\"WebSite\",\"@id\":\"https:\/\/www.celttv.com.ar\/#website\",\"url\":\"https:\/\/www.celttv.com.ar\/\",\"name\":\"CELTTV\",\"description\":\"Cooperativa El\u00e9ctrica de Tornquist\",\"publisher\":{\"@id\":\"https:\/\/www.celttv.com.ar\/#organization\"},\"potentialAction\":[{\"@type\":\"SearchAction\",\"target\":{\"@type\":\"EntryPoint\",\"urlTemplate\":\"https:\/\/www.celttv.com.ar\/?s={search_term_string}\"},\"query-input\":\"required name=search_term_string\"}],\"inLanguage\":\"es\"},{\"@type\":\"Organization\",\"@id\":\"https:\/\/www.celttv.com.ar\/#organization\",\"name\":\"CELTTV\",\"url\":\"https:\/\/www.celttv.com.ar\/\",\"sameAs\":[\"https:\/\/www.youtube.com\/channel\/UCz_oIt8Hig64Ub-EmcNPIhg\",\"https:\/\/www.facebook.com\/celtTV\/\"],\"logo\":{\"@type\":\"ImageObject\",\"inLanguage\":\"es\",\"@id\":\"https:\/\/www.celttv.com.ar\/#\/schema\/logo\/image\/\",\"url\":\"http:\/\/www.celttv.com.ar\/wp-content\/uploads\/2022\/08\/logo-1.png\",\"contentUrl\":\"http:\/\/www.celttv.com.ar\/wp-content\/uploads\/2022\/08\/logo-1.png\",\"width\":461,\"height\":159,\"caption\":\"CELTTV\"},\"image\":{\"@id\":\"https:\/\/www.celttv.com.ar\/#\/schema\/logo\/image\/\"}},{\"@type\":\"Person\",\"@id\":\"https:\/\/www.celttv.com.ar\/#\/schema\/person\/6d99c072dba59953809c81446e9d0ace\",\"name\":\"ulises\",\"image\":{\"@type\":\"ImageObject\",\"inLanguage\":\"es\",\"@id\":\"https:\/\/www.celttv.com.ar\/#\/schema\/person\/image\/\",\"url\":\"https:\/\/secure.gravatar.com\/avatar\/7f2c48bdc33b30088f941fb6082e555f2874c98e20cb159d7b92b50eadfce793?s=96&d=mm&r=g\",\"contentUrl\":\"https:\/\/secure.gravatar.com\/avatar\/7f2c48bdc33b30088f941fb6082e555f2874c98e20cb159d7b92b50eadfce793?s=96&d=mm&r=g\",\"caption\":\"ulises\"},\"sameAs\":[\"http:\/\/www.celttv.com.ar\"]}]}<\/script>\n<!-- \/ Yoast SEO plugin. -->","yoast_head_json":{"title":"Actualidad de los Cuarteles de Bomberos Voluntarios de Sierra de la Ventana, Villa y Tornquist (Opiniones-Video) - CELTTV","description":"Sitio web de noticias de la localidad de Tornquist, provincia de Buenos Aires, Rep\u00fablica Argentina. Contenido propio originado por periodistas de CELTTV, el canal de TV local de la Cooperativa El\u00e9ctrica de Tornquist. Turismo, Pol\u00edtica, Sociedad, Deporte, Cultura y todo el contenido de inter\u00e9s general que la gente del pueblo y la regi\u00f3n debe conocer.","robots":{"index":"index","follow":"follow","max-snippet":"max-snippet:-1","max-image-preview":"max-image-preview:large","max-video-preview":"max-video-preview:-1"},"canonical":"https:\/\/www.celttv.com.ar\/index.php\/2019\/09\/21\/actualidad-de-los-cuarteles-de-bomberos-voluntarios-de-sierra-de-la-ventana-villa-y-tornquist-opiniones-video\/","og_locale":"es_ES","og_type":"article","og_title":"Actualidad de los Cuarteles de Bomberos Voluntarios de Sierra de la Ventana, Villa y Tornquist (Opiniones-Video) - CELTTV","og_description":"Sitio web de noticias de la localidad de Tornquist, provincia de Buenos Aires, Rep\u00fablica Argentina. Contenido propio originado por periodistas de CELTTV, el canal de TV local de la Cooperativa El\u00e9ctrica de Tornquist. Turismo, Pol\u00edtica, Sociedad, Deporte, Cultura y todo el contenido de inter\u00e9s general que la gente del pueblo y la regi\u00f3n debe conocer.","og_url":"https:\/\/www.celttv.com.ar\/index.php\/2019\/09\/21\/actualidad-de-los-cuarteles-de-bomberos-voluntarios-de-sierra-de-la-ventana-villa-y-tornquist-opiniones-video\/","og_site_name":"CELTTV","article_publisher":"https:\/\/www.facebook.com\/celtTV\/","article_published_time":"2019-09-21T17:28:32+00:00","og_image":[{"width":1032,"height":774,"url":"https:\/\/www.celttv.com.ar\/wp-content\/uploads\/2019\/09\/WhatsApp-Image-2019-09-19-at-22.18.09.jpeg","type":"image\/jpeg"}],"author":"ulises","twitter_card":"summary_large_image","twitter_misc":{"Escrito por":"ulises"},"schema":{"@context":"https:\/\/schema.org","@graph":[{"@type":"NewsArticle","@id":"https:\/\/www.celttv.com.ar\/index.php\/2019\/09\/21\/actualidad-de-los-cuarteles-de-bomberos-voluntarios-de-sierra-de-la-ventana-villa-y-tornquist-opiniones-video\/#article","isPartOf":{"@id":"https:\/\/www.celttv.com.ar\/index.php\/2019\/09\/21\/actualidad-de-los-cuarteles-de-bomberos-voluntarios-de-sierra-de-la-ventana-villa-y-tornquist-opiniones-video\/"},"author":{"name":"ulises","@id":"https:\/\/www.celttv.com.ar\/#\/schema\/person\/6d99c072dba59953809c81446e9d0ace"},"headline":"Actualidad de los Cuarteles de Bomberos Voluntarios de Sierra de la Ventana, Villa y Tornquist (Opiniones-Video)","datePublished":"2019-09-21T17:28:32+00:00","dateModified":"2019-09-21T17:28:32+00:00","mainEntityOfPage":{"@id":"https:\/\/www.celttv.com.ar\/index.php\/2019\/09\/21\/actualidad-de-los-cuarteles-de-bomberos-voluntarios-de-sierra-de-la-ventana-villa-y-tornquist-opiniones-video\/"},"wordCount":71,"publisher":{"@id":"https:\/\/www.celttv.com.ar\/#organization"},"articleSection":["Celt TV Noticias","Comunidad","Destacadas"],"inLanguage":"es"},{"@type":"WebPage","@id":"https:\/\/www.celttv.com.ar\/index.php\/2019\/09\/21\/actualidad-de-los-cuarteles-de-bomberos-voluntarios-de-sierra-de-la-ventana-villa-y-tornquist-opiniones-video\/","url":"https:\/\/www.celttv.com.ar\/index.php\/2019\/09\/21\/actualidad-de-los-cuarteles-de-bomberos-voluntarios-de-sierra-de-la-ventana-villa-y-tornquist-opiniones-video\/","name":"Actualidad de los Cuarteles de Bomberos Voluntarios de Sierra de la Ventana, Villa y Tornquist (Opiniones-Video) - CELTTV","isPartOf":{"@id":"https:\/\/www.celttv.com.ar\/#website"},"datePublished":"2019-09-21T17:28:32+00:00","dateModified":"2019-09-21T17:28:32+00:00","description":"Sitio web de noticias de la localidad de Tornquist, provincia de Buenos Aires, Rep\u00fablica Argentina. Contenido propio originado por periodistas de CELTTV, el canal de TV local de la Cooperativa El\u00e9ctrica de Tornquist. Turismo, Pol\u00edtica, Sociedad, Deporte, Cultura y todo el contenido de inter\u00e9s general que la gente del pueblo y la regi\u00f3n debe conocer.","breadcrumb":{"@id":"https:\/\/www.celttv.com.ar\/index.php\/2019\/09\/21\/actualidad-de-los-cuarteles-de-bomberos-voluntarios-de-sierra-de-la-ventana-villa-y-tornquist-opiniones-video\/#breadcrumb"},"inLanguage":"es","potentialAction":[{"@type":"ReadAction","target":["https:\/\/www.celttv.com.ar\/index.php\/2019\/09\/21\/actualidad-de-los-cuarteles-de-bomberos-voluntarios-de-sierra-de-la-ventana-villa-y-tornquist-opiniones-video\/"]}]},{"@type":"BreadcrumbList","@id":"https:\/\/www.celttv.com.ar\/index.php\/2019\/09\/21\/actualidad-de-los-cuarteles-de-bomberos-voluntarios-de-sierra-de-la-ventana-villa-y-tornquist-opiniones-video\/#breadcrumb","itemListElement":[{"@type":"ListItem","position":1,"name":"Inicio","item":"https:\/\/www.celttv.com.ar\/"},{"@type":"ListItem","position":2,"name":"Actualidad de los Cuarteles de Bomberos Voluntarios de Sierra de la Ventana, Villa y Tornquist (Opiniones-Video)"}]},{"@type":"WebSite","@id":"https:\/\/www.celttv.com.ar\/#website","url":"https:\/\/www.celttv.com.ar\/","name":"CELTTV","description":"Cooperativa El\u00e9ctrica de Tornquist","publisher":{"@id":"https:\/\/www.celttv.com.ar\/#organization"},"potentialAction":[{"@type":"SearchAction","target":{"@type":"EntryPoint","urlTemplate":"https:\/\/www.celttv.com.ar\/?s={search_term_string}"},"query-input":"required name=search_term_string"}],"inLanguage":"es"},{"@type":"Organization","@id":"https:\/\/www.celttv.com.ar\/#organization","name":"CELTTV","url":"https:\/\/www.celttv.com.ar\/","sameAs":["https:\/\/www.youtube.com\/channel\/UCz_oIt8Hig64Ub-EmcNPIhg","https:\/\/www.facebook.com\/celtTV\/"],"logo":{"@type":"ImageObject","inLanguage":"es","@id":"https:\/\/www.celttv.com.ar\/#\/schema\/logo\/image\/","url":"http:\/\/www.celttv.com.ar\/wp-content\/uploads\/2022\/08\/logo-1.png","contentUrl":"http:\/\/www.celttv.com.ar\/wp-content\/uploads\/2022\/08\/logo-1.png","width":461,"height":159,"caption":"CELTTV"},"image":{"@id":"https:\/\/www.celttv.com.ar\/#\/schema\/logo\/image\/"}},{"@type":"Person","@id":"https:\/\/www.celttv.com.ar\/#\/schema\/person\/6d99c072dba59953809c81446e9d0ace","name":"ulises","image":{"@type":"ImageObject","inLanguage":"es","@id":"https:\/\/www.celttv.com.ar\/#\/schema\/person\/image\/","url":"https:\/\/secure.gravatar.com\/avatar\/7f2c48bdc33b30088f941fb6082e555f2874c98e20cb159d7b92b50eadfce793?s=96&d=mm&r=g","contentUrl":"https:\/\/secure.gravatar.com\/avatar\/7f2c48bdc33b30088f941fb6082e555f2874c98e20cb159d7b92b50eadfce793?s=96&d=mm&r=g","caption":"ulises"},"sameAs":["http:\/\/www.celttv.com.ar"]}]}},"_links":{"self":[{"href":"https:\/\/www.celttv.com.ar\/index.php\/wp-json\/wp\/v2\/posts\/44067","targetHints":{"allow":["GET"]}}],"collection":[{"href":"https:\/\/www.celttv.com.ar\/index.php\/wp-json\/wp\/v2\/posts"}],"about":[{"href":"https:\/\/www.celttv.com.ar\/index.php\/wp-json\/wp\/v2\/types\/post"}],"author":[{"embeddable":true,"href":"https:\/\/www.celttv.com.ar\/index.php\/wp-json\/wp\/v2\/users\/1"}],"replies":[{"embeddable":true,"href":"https:\/\/www.celttv.com.ar\/index.php\/wp-json\/wp\/v2\/comments?post=44067"}],"version-history":[{"count":0,"href":"https:\/\/www.celttv.com.ar\/index.php\/wp-json\/wp\/v2\/posts\/44067\/revisions"}],"wp:featuredmedia":[{"embeddable":true,"href":"https:\/\/www.celttv.com.ar\/index.php\/wp-json\/wp\/v2\/media\/44070"}],"wp:attachment":[{"href":"https:\/\/www.celttv.com.ar\/index.php\/wp-json\/wp\/v2\/media?parent=44067"}],"wp:term":[{"taxonomy":"category","embeddable":true,"href":"https:\/\/www.celttv.com.ar\/index.php\/wp-json\/wp\/v2\/categories?post=44067"},{"taxonomy":"post_tag","embeddable":true,"href":"https:\/\/www.celttv.com.ar\/index.php\/wp-json\/wp\/v2\/tags?post=44067"}],"curies":[{"name":"wp","href":"https:\/\/api.w.org\/{rel}","templated":true}]}}