{"id":44078,"date":"2019-09-21T17:53:55","date_gmt":"2019-09-21T17:53:55","guid":{"rendered":"http:\/\/www.celttv.com.ar\/?p=44078"},"modified":"2019-09-21T17:53:55","modified_gmt":"2019-09-21T17:53:55","slug":"el-director-del-opds-visito-los-avances-del-nuevo-mirador-del-cerro-ventana-y-mejoras-en-el-parque-tornquist","status":"publish","type":"post","link":"https:\/\/www.celttv.com.ar\/index.php\/2019\/09\/21\/el-director-del-opds-visito-los-avances-del-nuevo-mirador-del-cerro-ventana-y-mejoras-en-el-parque-tornquist\/","title":{"rendered":"EL Director del OPDS visit\u00f3 los avances del nuevo Mirador del Cerro Ventana y mejoras en el Parque Tornquist"},"content":{"rendered":"<p>El Secretario de Desarrollo Gonzalo Iparraguirre, el Secretario de Producci\u00f3n Ricardo Echeverr\u00eda y el\u00a0\u00a0Director de Turismo Martin Olhaberry recibieron al Director del OPDS Rodrigo Aybar y su equipo en las instalaciones del Parque Provincial E. Tornquist.<\/p>\n<p>Durante la jornada recorrieron el nuevo espacio de recreaci\u00f3n tur\u00edstica denominado &#8220;Mirador del Cashuat\u00ed&#8221; que se est\u00e1 construyendo frente al actual deck de madera que oficia de zona de descanso y punto panor\u00e1mico. El mismo contar\u00e1 con un amplio sector de estacionamiento vehicular, zona de servicios gastron\u00f3micos, ba\u00f1os p\u00fablicos e informaci\u00f3n tur\u00edstica de la Comarca.<\/p>\n<p>Asimismo, desde el nuevo mirador se formalizar\u00e1 un \u00fanico acceso al Cerro Cashuat\u00ed, el cual ya se ha convertido en uno de los atractivos centrales del destino, con una vista so\u00f1ada del hueco de la Ventana. Esto permitir\u00e1 aumentar la seguridad de los peatones que ya no cruzar\u00e1n la ruta para disfrutar del paisaje y ascender al cerro. Aybar, destac\u00f3 el trabajo conjunto de los guardaparques y el equipo municipal tanto por las mejoras en los caminos de ingreso, las nuevas \u00e1reas de estacionamiento en la base del cerro ventana y el funcionamiento en general del parque.<\/p>\n<p><a href=\"http:\/\/www.celttv.com.ar\/?attachment_id=44079\" rel=\"attachment wp-att-44079\"><img loading=\"lazy\" decoding=\"async\" class=\"alignleft size-full wp-image-44079\" src=\"http:\/\/www.celttv.com.ar\/wp-content\/uploads\/2019\/09\/WhatsApp-Image-2019-09-20-at-09.58.46-1.jpeg\" alt=\"\" width=\"1280\" height=\"853\" srcset=\"https:\/\/www.celttv.com.ar\/wp-content\/uploads\/2019\/09\/WhatsApp-Image-2019-09-20-at-09.58.46-1.jpeg 1280w, https:\/\/www.celttv.com.ar\/wp-content\/uploads\/2019\/09\/WhatsApp-Image-2019-09-20-at-09.58.46-1-300x200.jpeg 300w, https:\/\/www.celttv.com.ar\/wp-content\/uploads\/2019\/09\/WhatsApp-Image-2019-09-20-at-09.58.46-1-1024x682.jpeg 1024w, https:\/\/www.celttv.com.ar\/wp-content\/uploads\/2019\/09\/WhatsApp-Image-2019-09-20-at-09.58.46-1-768x512.jpeg 768w, https:\/\/www.celttv.com.ar\/wp-content\/uploads\/2019\/09\/WhatsApp-Image-2019-09-20-at-09.58.46-1-750x500.jpeg 750w, https:\/\/www.celttv.com.ar\/wp-content\/uploads\/2019\/09\/WhatsApp-Image-2019-09-20-at-09.58.46-1-1140x760.jpeg 1140w\" sizes=\"auto, (max-width: 1280px) 100vw, 1280px\" \/><\/a> <a href=\"http:\/\/www.celttv.com.ar\/?attachment_id=44080\" rel=\"attachment wp-att-44080\"><img loading=\"lazy\" decoding=\"async\" class=\"alignleft size-medium wp-image-44080\" src=\"http:\/\/www.celttv.com.ar\/wp-content\/uploads\/2019\/09\/WhatsApp-Image-2019-09-20-at-09.58.46-2.jpeg\" alt=\"\" width=\"780\" height=\"520\" srcset=\"https:\/\/www.celttv.com.ar\/wp-content\/uploads\/2019\/09\/WhatsApp-Image-2019-09-20-at-09.58.46-2.jpeg 1280w, https:\/\/www.celttv.com.ar\/wp-content\/uploads\/2019\/09\/WhatsApp-Image-2019-09-20-at-09.58.46-2-300x200.jpeg 300w, https:\/\/www.celttv.com.ar\/wp-content\/uploads\/2019\/09\/WhatsApp-Image-2019-09-20-at-09.58.46-2-1024x682.jpeg 1024w, https:\/\/www.celttv.com.ar\/wp-content\/uploads\/2019\/09\/WhatsApp-Image-2019-09-20-at-09.58.46-2-768x512.jpeg 768w, https:\/\/www.celttv.com.ar\/wp-content\/uploads\/2019\/09\/WhatsApp-Image-2019-09-20-at-09.58.46-2-750x500.jpeg 750w, https:\/\/www.celttv.com.ar\/wp-content\/uploads\/2019\/09\/WhatsApp-Image-2019-09-20-at-09.58.46-2-1140x760.jpeg 1140w\" sizes=\"auto, (max-width: 780px) 100vw, 780px\" \/><\/a> <a href=\"http:\/\/www.celttv.com.ar\/?attachment_id=44081\" rel=\"attachment wp-att-44081\"><img loading=\"lazy\" decoding=\"async\" class=\"alignleft size-medium wp-image-44081\" src=\"http:\/\/www.celttv.com.ar\/wp-content\/uploads\/2019\/09\/WhatsApp-Image-2019-09-20-at-09.58.46.jpeg\" alt=\"\" width=\"780\" height=\"520\" srcset=\"https:\/\/www.celttv.com.ar\/wp-content\/uploads\/2019\/09\/WhatsApp-Image-2019-09-20-at-09.58.46.jpeg 1280w, https:\/\/www.celttv.com.ar\/wp-content\/uploads\/2019\/09\/WhatsApp-Image-2019-09-20-at-09.58.46-300x200.jpeg 300w, https:\/\/www.celttv.com.ar\/wp-content\/uploads\/2019\/09\/WhatsApp-Image-2019-09-20-at-09.58.46-1024x682.jpeg 1024w, https:\/\/www.celttv.com.ar\/wp-content\/uploads\/2019\/09\/WhatsApp-Image-2019-09-20-at-09.58.46-768x512.jpeg 768w, https:\/\/www.celttv.com.ar\/wp-content\/uploads\/2019\/09\/WhatsApp-Image-2019-09-20-at-09.58.46-750x500.jpeg 750w, https:\/\/www.celttv.com.ar\/wp-content\/uploads\/2019\/09\/WhatsApp-Image-2019-09-20-at-09.58.46-1140x760.jpeg 1140w\" sizes=\"auto, (max-width: 780px) 100vw, 780px\" \/><\/a><\/p>\n<table>\n<tbody>\n<tr>\n<td width=\"44\"><\/td>\n<td width=\"864\"><\/td>\n<\/tr>\n<\/tbody>\n<\/table>\n<p>&nbsp;<\/p>\n","protected":false},"excerpt":{"rendered":"<p>El Secretario de Desarrollo Gonzalo Iparraguirre, el Secretario de Producci\u00f3n Ricardo Echeverr\u00eda y el\u00a0\u00a0Director de Turismo Martin Olhaberry recibieron al Director del OPDS Rodrigo Aybar y su equipo en las instalaciones del Parque Provincial E. Tornquist. Durante la jornada recorrieron el nuevo espacio de recreaci\u00f3n tur\u00edstica denominado &#8220;Mirador del Cashuat\u00ed&#8221; que se est\u00e1 construyendo frente [&hellip;]<\/p>\n","protected":false},"author":1,"featured_media":44081,"comment_status":"closed","ping_status":"open","sticky":false,"template":"","format":"standard","meta":{"footnotes":""},"categories":[55,51,52,65,58],"tags":[],"class_list":["post-44078","post","type-post","status-publish","format-standard","has-post-thumbnail","hentry","category-celt-tv-noticias","category-comunidad","category-destacadas","category-produccion","category-turismo"],"yoast_head":"<!-- This site is optimized with the Yoast SEO plugin v19.7.1 - https:\/\/yoast.com\/wordpress\/plugins\/seo\/ -->\n<title>EL Director del OPDS visit\u00f3 los avances del nuevo Mirador del Cerro Ventana y mejoras en el Parque Tornquist - CELTTV<\/title>\n<meta name=\"description\" content=\"Sitio web de noticias de la localidad de Tornquist, provincia de Buenos Aires, Rep\u00fablica Argentina. Contenido propio originado por periodistas de CELTTV, el canal de TV local de la Cooperativa El\u00e9ctrica de Tornquist. Turismo, Pol\u00edtica, Sociedad, Deporte, Cultura y todo el contenido de inter\u00e9s general que la gente del pueblo y la regi\u00f3n debe conocer.\" \/>\n<meta name=\"robots\" content=\"index, follow, max-snippet:-1, max-image-preview:large, max-video-preview:-1\" \/>\n<link rel=\"canonical\" href=\"https:\/\/www.celttv.com.ar\/index.php\/2019\/09\/21\/el-director-del-opds-visito-los-avances-del-nuevo-mirador-del-cerro-ventana-y-mejoras-en-el-parque-tornquist\/\" \/>\n<meta property=\"og:locale\" content=\"es_ES\" \/>\n<meta property=\"og:type\" content=\"article\" \/>\n<meta property=\"og:title\" content=\"EL Director del OPDS visit\u00f3 los avances del nuevo Mirador del Cerro Ventana y mejoras en el Parque Tornquist - CELTTV\" \/>\n<meta property=\"og:description\" content=\"Sitio web de noticias de la localidad de Tornquist, provincia de Buenos Aires, Rep\u00fablica Argentina. Contenido propio originado por periodistas de CELTTV, el canal de TV local de la Cooperativa El\u00e9ctrica de Tornquist. Turismo, Pol\u00edtica, Sociedad, Deporte, Cultura y todo el contenido de inter\u00e9s general que la gente del pueblo y la regi\u00f3n debe conocer.\" \/>\n<meta property=\"og:url\" content=\"https:\/\/www.celttv.com.ar\/index.php\/2019\/09\/21\/el-director-del-opds-visito-los-avances-del-nuevo-mirador-del-cerro-ventana-y-mejoras-en-el-parque-tornquist\/\" \/>\n<meta property=\"og:site_name\" content=\"CELTTV\" \/>\n<meta property=\"article:publisher\" content=\"https:\/\/www.facebook.com\/celtTV\/\" \/>\n<meta property=\"article:published_time\" content=\"2019-09-21T17:53:55+00:00\" \/>\n<meta property=\"og:image\" content=\"https:\/\/www.celttv.com.ar\/wp-content\/uploads\/2019\/09\/WhatsApp-Image-2019-09-20-at-09.58.46.jpeg\" \/>\n\t<meta property=\"og:image:width\" content=\"1280\" \/>\n\t<meta property=\"og:image:height\" content=\"853\" \/>\n\t<meta property=\"og:image:type\" content=\"image\/jpeg\" \/>\n<meta name=\"author\" content=\"ulises\" \/>\n<meta name=\"twitter:card\" content=\"summary_large_image\" \/>\n<meta name=\"twitter:label1\" content=\"Escrito por\" \/>\n\t<meta name=\"twitter:data1\" content=\"ulises\" \/>\n\t<meta name=\"twitter:label2\" content=\"Tiempo de lectura\" \/>\n\t<meta name=\"twitter:data2\" content=\"1 minuto\" \/>\n<script type=\"application\/ld+json\" class=\"yoast-schema-graph\">{\"@context\":\"https:\/\/schema.org\",\"@graph\":[{\"@type\":\"NewsArticle\",\"@id\":\"https:\/\/www.celttv.com.ar\/index.php\/2019\/09\/21\/el-director-del-opds-visito-los-avances-del-nuevo-mirador-del-cerro-ventana-y-mejoras-en-el-parque-tornquist\/#article\",\"isPartOf\":{\"@id\":\"https:\/\/www.celttv.com.ar\/index.php\/2019\/09\/21\/el-director-del-opds-visito-los-avances-del-nuevo-mirador-del-cerro-ventana-y-mejoras-en-el-parque-tornquist\/\"},\"author\":{\"name\":\"ulises\",\"@id\":\"https:\/\/www.celttv.com.ar\/#\/schema\/person\/6d99c072dba59953809c81446e9d0ace\"},\"headline\":\"EL Director del OPDS visit\u00f3 los avances del nuevo Mirador del Cerro Ventana y mejoras en el Parque Tornquist\",\"datePublished\":\"2019-09-21T17:53:55+00:00\",\"dateModified\":\"2019-09-21T17:53:55+00:00\",\"mainEntityOfPage\":{\"@id\":\"https:\/\/www.celttv.com.ar\/index.php\/2019\/09\/21\/el-director-del-opds-visito-los-avances-del-nuevo-mirador-del-cerro-ventana-y-mejoras-en-el-parque-tornquist\/\"},\"wordCount\":221,\"publisher\":{\"@id\":\"https:\/\/www.celttv.com.ar\/#organization\"},\"articleSection\":[\"Celt TV Noticias\",\"Comunidad\",\"Destacadas\",\"Producci\u00f3n y Medio Ambiente\",\"Turismo\"],\"inLanguage\":\"es\"},{\"@type\":\"WebPage\",\"@id\":\"https:\/\/www.celttv.com.ar\/index.php\/2019\/09\/21\/el-director-del-opds-visito-los-avances-del-nuevo-mirador-del-cerro-ventana-y-mejoras-en-el-parque-tornquist\/\",\"url\":\"https:\/\/www.celttv.com.ar\/index.php\/2019\/09\/21\/el-director-del-opds-visito-los-avances-del-nuevo-mirador-del-cerro-ventana-y-mejoras-en-el-parque-tornquist\/\",\"name\":\"EL Director del OPDS visit\u00f3 los avances del nuevo Mirador del Cerro Ventana y mejoras en el Parque Tornquist - CELTTV\",\"isPartOf\":{\"@id\":\"https:\/\/www.celttv.com.ar\/#website\"},\"datePublished\":\"2019-09-21T17:53:55+00:00\",\"dateModified\":\"2019-09-21T17:53:55+00:00\",\"description\":\"Sitio web de noticias de la localidad de Tornquist, provincia de Buenos Aires, Rep\u00fablica Argentina. Contenido propio originado por periodistas de CELTTV, el canal de TV local de la Cooperativa El\u00e9ctrica de Tornquist. Turismo, Pol\u00edtica, Sociedad, Deporte, Cultura y todo el contenido de inter\u00e9s general que la gente del pueblo y la regi\u00f3n debe conocer.\",\"breadcrumb\":{\"@id\":\"https:\/\/www.celttv.com.ar\/index.php\/2019\/09\/21\/el-director-del-opds-visito-los-avances-del-nuevo-mirador-del-cerro-ventana-y-mejoras-en-el-parque-tornquist\/#breadcrumb\"},\"inLanguage\":\"es\",\"potentialAction\":[{\"@type\":\"ReadAction\",\"target\":[\"https:\/\/www.celttv.com.ar\/index.php\/2019\/09\/21\/el-director-del-opds-visito-los-avances-del-nuevo-mirador-del-cerro-ventana-y-mejoras-en-el-parque-tornquist\/\"]}]},{\"@type\":\"BreadcrumbList\",\"@id\":\"https:\/\/www.celttv.com.ar\/index.php\/2019\/09\/21\/el-director-del-opds-visito-los-avances-del-nuevo-mirador-del-cerro-ventana-y-mejoras-en-el-parque-tornquist\/#breadcrumb\",\"itemListElement\":[{\"@type\":\"ListItem\",\"position\":1,\"name\":\"Inicio\",\"item\":\"https:\/\/www.celttv.com.ar\/\"},{\"@type\":\"ListItem\",\"position\":2,\"name\":\"EL Director del OPDS visit\u00f3 los avances del nuevo Mirador del Cerro Ventana y mejoras en el Parque Tornquist\"}]},{\"@type\":\"WebSite\",\"@id\":\"https:\/\/www.celttv.com.ar\/#website\",\"url\":\"https:\/\/www.celttv.com.ar\/\",\"name\":\"CELTTV\",\"description\":\"Cooperativa El\u00e9ctrica de Tornquist\",\"publisher\":{\"@id\":\"https:\/\/www.celttv.com.ar\/#organization\"},\"potentialAction\":[{\"@type\":\"SearchAction\",\"target\":{\"@type\":\"EntryPoint\",\"urlTemplate\":\"https:\/\/www.celttv.com.ar\/?s={search_term_string}\"},\"query-input\":\"required name=search_term_string\"}],\"inLanguage\":\"es\"},{\"@type\":\"Organization\",\"@id\":\"https:\/\/www.celttv.com.ar\/#organization\",\"name\":\"CELTTV\",\"url\":\"https:\/\/www.celttv.com.ar\/\",\"sameAs\":[\"https:\/\/www.youtube.com\/channel\/UCz_oIt8Hig64Ub-EmcNPIhg\",\"https:\/\/www.facebook.com\/celtTV\/\"],\"logo\":{\"@type\":\"ImageObject\",\"inLanguage\":\"es\",\"@id\":\"https:\/\/www.celttv.com.ar\/#\/schema\/logo\/image\/\",\"url\":\"http:\/\/www.celttv.com.ar\/wp-content\/uploads\/2022\/08\/logo-1.png\",\"contentUrl\":\"http:\/\/www.celttv.com.ar\/wp-content\/uploads\/2022\/08\/logo-1.png\",\"width\":461,\"height\":159,\"caption\":\"CELTTV\"},\"image\":{\"@id\":\"https:\/\/www.celttv.com.ar\/#\/schema\/logo\/image\/\"}},{\"@type\":\"Person\",\"@id\":\"https:\/\/www.celttv.com.ar\/#\/schema\/person\/6d99c072dba59953809c81446e9d0ace\",\"name\":\"ulises\",\"image\":{\"@type\":\"ImageObject\",\"inLanguage\":\"es\",\"@id\":\"https:\/\/www.celttv.com.ar\/#\/schema\/person\/image\/\",\"url\":\"https:\/\/secure.gravatar.com\/avatar\/7f2c48bdc33b30088f941fb6082e555f2874c98e20cb159d7b92b50eadfce793?s=96&d=mm&r=g\",\"contentUrl\":\"https:\/\/secure.gravatar.com\/avatar\/7f2c48bdc33b30088f941fb6082e555f2874c98e20cb159d7b92b50eadfce793?s=96&d=mm&r=g\",\"caption\":\"ulises\"},\"sameAs\":[\"http:\/\/www.celttv.com.ar\"]}]}<\/script>\n<!-- \/ Yoast SEO plugin. -->","yoast_head_json":{"title":"EL Director del OPDS visit\u00f3 los avances del nuevo Mirador del Cerro Ventana y mejoras en el Parque Tornquist - CELTTV","description":"Sitio web de noticias de la localidad de Tornquist, provincia de Buenos Aires, Rep\u00fablica Argentina. Contenido propio originado por periodistas de CELTTV, el canal de TV local de la Cooperativa El\u00e9ctrica de Tornquist. Turismo, Pol\u00edtica, Sociedad, Deporte, Cultura y todo el contenido de inter\u00e9s general que la gente del pueblo y la regi\u00f3n debe conocer.","robots":{"index":"index","follow":"follow","max-snippet":"max-snippet:-1","max-image-preview":"max-image-preview:large","max-video-preview":"max-video-preview:-1"},"canonical":"https:\/\/www.celttv.com.ar\/index.php\/2019\/09\/21\/el-director-del-opds-visito-los-avances-del-nuevo-mirador-del-cerro-ventana-y-mejoras-en-el-parque-tornquist\/","og_locale":"es_ES","og_type":"article","og_title":"EL Director del OPDS visit\u00f3 los avances del nuevo Mirador del Cerro Ventana y mejoras en el Parque Tornquist - CELTTV","og_description":"Sitio web de noticias de la localidad de Tornquist, provincia de Buenos Aires, Rep\u00fablica Argentina. Contenido propio originado por periodistas de CELTTV, el canal de TV local de la Cooperativa El\u00e9ctrica de Tornquist. Turismo, Pol\u00edtica, Sociedad, Deporte, Cultura y todo el contenido de inter\u00e9s general que la gente del pueblo y la regi\u00f3n debe conocer.","og_url":"https:\/\/www.celttv.com.ar\/index.php\/2019\/09\/21\/el-director-del-opds-visito-los-avances-del-nuevo-mirador-del-cerro-ventana-y-mejoras-en-el-parque-tornquist\/","og_site_name":"CELTTV","article_publisher":"https:\/\/www.facebook.com\/celtTV\/","article_published_time":"2019-09-21T17:53:55+00:00","og_image":[{"width":1280,"height":853,"url":"https:\/\/www.celttv.com.ar\/wp-content\/uploads\/2019\/09\/WhatsApp-Image-2019-09-20-at-09.58.46.jpeg","type":"image\/jpeg"}],"author":"ulises","twitter_card":"summary_large_image","twitter_misc":{"Escrito por":"ulises","Tiempo de lectura":"1 minuto"},"schema":{"@context":"https:\/\/schema.org","@graph":[{"@type":"NewsArticle","@id":"https:\/\/www.celttv.com.ar\/index.php\/2019\/09\/21\/el-director-del-opds-visito-los-avances-del-nuevo-mirador-del-cerro-ventana-y-mejoras-en-el-parque-tornquist\/#article","isPartOf":{"@id":"https:\/\/www.celttv.com.ar\/index.php\/2019\/09\/21\/el-director-del-opds-visito-los-avances-del-nuevo-mirador-del-cerro-ventana-y-mejoras-en-el-parque-tornquist\/"},"author":{"name":"ulises","@id":"https:\/\/www.celttv.com.ar\/#\/schema\/person\/6d99c072dba59953809c81446e9d0ace"},"headline":"EL Director del OPDS visit\u00f3 los avances del nuevo Mirador del Cerro Ventana y mejoras en el Parque Tornquist","datePublished":"2019-09-21T17:53:55+00:00","dateModified":"2019-09-21T17:53:55+00:00","mainEntityOfPage":{"@id":"https:\/\/www.celttv.com.ar\/index.php\/2019\/09\/21\/el-director-del-opds-visito-los-avances-del-nuevo-mirador-del-cerro-ventana-y-mejoras-en-el-parque-tornquist\/"},"wordCount":221,"publisher":{"@id":"https:\/\/www.celttv.com.ar\/#organization"},"articleSection":["Celt TV Noticias","Comunidad","Destacadas","Producci\u00f3n y Medio Ambiente","Turismo"],"inLanguage":"es"},{"@type":"WebPage","@id":"https:\/\/www.celttv.com.ar\/index.php\/2019\/09\/21\/el-director-del-opds-visito-los-avances-del-nuevo-mirador-del-cerro-ventana-y-mejoras-en-el-parque-tornquist\/","url":"https:\/\/www.celttv.com.ar\/index.php\/2019\/09\/21\/el-director-del-opds-visito-los-avances-del-nuevo-mirador-del-cerro-ventana-y-mejoras-en-el-parque-tornquist\/","name":"EL Director del OPDS visit\u00f3 los avances del nuevo Mirador del Cerro Ventana y mejoras en el Parque Tornquist - CELTTV","isPartOf":{"@id":"https:\/\/www.celttv.com.ar\/#website"},"datePublished":"2019-09-21T17:53:55+00:00","dateModified":"2019-09-21T17:53:55+00:00","description":"Sitio web de noticias de la localidad de Tornquist, provincia de Buenos Aires, Rep\u00fablica Argentina. Contenido propio originado por periodistas de CELTTV, el canal de TV local de la Cooperativa El\u00e9ctrica de Tornquist. Turismo, Pol\u00edtica, Sociedad, Deporte, Cultura y todo el contenido de inter\u00e9s general que la gente del pueblo y la regi\u00f3n debe conocer.","breadcrumb":{"@id":"https:\/\/www.celttv.com.ar\/index.php\/2019\/09\/21\/el-director-del-opds-visito-los-avances-del-nuevo-mirador-del-cerro-ventana-y-mejoras-en-el-parque-tornquist\/#breadcrumb"},"inLanguage":"es","potentialAction":[{"@type":"ReadAction","target":["https:\/\/www.celttv.com.ar\/index.php\/2019\/09\/21\/el-director-del-opds-visito-los-avances-del-nuevo-mirador-del-cerro-ventana-y-mejoras-en-el-parque-tornquist\/"]}]},{"@type":"BreadcrumbList","@id":"https:\/\/www.celttv.com.ar\/index.php\/2019\/09\/21\/el-director-del-opds-visito-los-avances-del-nuevo-mirador-del-cerro-ventana-y-mejoras-en-el-parque-tornquist\/#breadcrumb","itemListElement":[{"@type":"ListItem","position":1,"name":"Inicio","item":"https:\/\/www.celttv.com.ar\/"},{"@type":"ListItem","position":2,"name":"EL Director del OPDS visit\u00f3 los avances del nuevo Mirador del Cerro Ventana y mejoras en el Parque Tornquist"}]},{"@type":"WebSite","@id":"https:\/\/www.celttv.com.ar\/#website","url":"https:\/\/www.celttv.com.ar\/","name":"CELTTV","description":"Cooperativa El\u00e9ctrica de Tornquist","publisher":{"@id":"https:\/\/www.celttv.com.ar\/#organization"},"potentialAction":[{"@type":"SearchAction","target":{"@type":"EntryPoint","urlTemplate":"https:\/\/www.celttv.com.ar\/?s={search_term_string}"},"query-input":"required name=search_term_string"}],"inLanguage":"es"},{"@type":"Organization","@id":"https:\/\/www.celttv.com.ar\/#organization","name":"CELTTV","url":"https:\/\/www.celttv.com.ar\/","sameAs":["https:\/\/www.youtube.com\/channel\/UCz_oIt8Hig64Ub-EmcNPIhg","https:\/\/www.facebook.com\/celtTV\/"],"logo":{"@type":"ImageObject","inLanguage":"es","@id":"https:\/\/www.celttv.com.ar\/#\/schema\/logo\/image\/","url":"http:\/\/www.celttv.com.ar\/wp-content\/uploads\/2022\/08\/logo-1.png","contentUrl":"http:\/\/www.celttv.com.ar\/wp-content\/uploads\/2022\/08\/logo-1.png","width":461,"height":159,"caption":"CELTTV"},"image":{"@id":"https:\/\/www.celttv.com.ar\/#\/schema\/logo\/image\/"}},{"@type":"Person","@id":"https:\/\/www.celttv.com.ar\/#\/schema\/person\/6d99c072dba59953809c81446e9d0ace","name":"ulises","image":{"@type":"ImageObject","inLanguage":"es","@id":"https:\/\/www.celttv.com.ar\/#\/schema\/person\/image\/","url":"https:\/\/secure.gravatar.com\/avatar\/7f2c48bdc33b30088f941fb6082e555f2874c98e20cb159d7b92b50eadfce793?s=96&d=mm&r=g","contentUrl":"https:\/\/secure.gravatar.com\/avatar\/7f2c48bdc33b30088f941fb6082e555f2874c98e20cb159d7b92b50eadfce793?s=96&d=mm&r=g","caption":"ulises"},"sameAs":["http:\/\/www.celttv.com.ar"]}]}},"_links":{"self":[{"href":"https:\/\/www.celttv.com.ar\/index.php\/wp-json\/wp\/v2\/posts\/44078","targetHints":{"allow":["GET"]}}],"collection":[{"href":"https:\/\/www.celttv.com.ar\/index.php\/wp-json\/wp\/v2\/posts"}],"about":[{"href":"https:\/\/www.celttv.com.ar\/index.php\/wp-json\/wp\/v2\/types\/post"}],"author":[{"embeddable":true,"href":"https:\/\/www.celttv.com.ar\/index.php\/wp-json\/wp\/v2\/users\/1"}],"replies":[{"embeddable":true,"href":"https:\/\/www.celttv.com.ar\/index.php\/wp-json\/wp\/v2\/comments?post=44078"}],"version-history":[{"count":0,"href":"https:\/\/www.celttv.com.ar\/index.php\/wp-json\/wp\/v2\/posts\/44078\/revisions"}],"wp:featuredmedia":[{"embeddable":true,"href":"https:\/\/www.celttv.com.ar\/index.php\/wp-json\/wp\/v2\/media\/44081"}],"wp:attachment":[{"href":"https:\/\/www.celttv.com.ar\/index.php\/wp-json\/wp\/v2\/media?parent=44078"}],"wp:term":[{"taxonomy":"category","embeddable":true,"href":"https:\/\/www.celttv.com.ar\/index.php\/wp-json\/wp\/v2\/categories?post=44078"},{"taxonomy":"post_tag","embeddable":true,"href":"https:\/\/www.celttv.com.ar\/index.php\/wp-json\/wp\/v2\/tags?post=44078"}],"curies":[{"name":"wp","href":"https:\/\/api.w.org\/{rel}","templated":true}]}}