{"id":44083,"date":"2019-09-21T17:56:47","date_gmt":"2019-09-21T17:56:47","guid":{"rendered":"http:\/\/www.celttv.com.ar\/?p=44083"},"modified":"2019-09-21T17:56:47","modified_gmt":"2019-09-21T17:56:47","slug":"capacitacion-del-personal-municipal-para-modernizar-el-municipio","status":"publish","type":"post","link":"https:\/\/www.celttv.com.ar\/index.php\/2019\/09\/21\/capacitacion-del-personal-municipal-para-modernizar-el-municipio\/","title":{"rendered":"Capacitaci\u00f3n del personal municipal para modernizar el Municipio"},"content":{"rendered":"<p>Con el fin de fortalecer las capacidades institucionales, personal municipal de las \u00e1reas de Desarrollo, C\u00f3mputos y Recaudaci\u00f3n asistieron al curso \u201cGesti\u00f3n del Cr\u00e9dito P\u00fablico de la Reforma Administrativa Financiera en el \u00c1mbito Municipal\u201d.<\/p>\n<p>La capacitaci\u00f3n, que tuvo lugar en el Ministerio de Econom\u00eda de la Provincia de Buenos Aires, tuvo como objetivos: reforzar conceptos te\u00f3ricos y funcionalidades del actual software RAFAM, incrementar la idoneidad para conocer con antelaci\u00f3n el perfil de vencimientos de los servicios que originan los pasivos as\u00ed como los procedimientos que garantizan una eficiente programaci\u00f3n, utilizaci\u00f3n y control de los medios de financiamiento que obtiene el municipio mediante operaciones de cr\u00e9dito p\u00fablico debidamente integrado a la contabilidad.<\/p>\n<p>Es importante destacar que los capacitadores, agentes de la mencionada cartera provincial, destacaron a nuestro municipio como uno de los m\u00e1s avanzados en la implantaci\u00f3n de dicho sistema.<\/p>\n<p>Estas actividades se enmarcan en el Plan de Modernizaci\u00f3n que viene ejecutando la actual gesti\u00f3n desde la Secretar\u00eda de Desarrollo junto a las \u00e1reas de Recaudaci\u00f3n, C\u00f3mputos, Tesorer\u00eda y Contadur\u00eda.<\/p>\n<p><a href=\"http:\/\/www.celttv.com.ar\/?attachment_id=44084\" rel=\"attachment wp-att-44084\"><img loading=\"lazy\" decoding=\"async\" class=\"alignleft size-full wp-image-44084\" src=\"http:\/\/www.celttv.com.ar\/wp-content\/uploads\/2019\/09\/WhatsApp-Image-2019-09-20-at-11.26.35.jpeg\" alt=\"\" width=\"1032\" height=\"774\" srcset=\"https:\/\/www.celttv.com.ar\/wp-content\/uploads\/2019\/09\/WhatsApp-Image-2019-09-20-at-11.26.35.jpeg 1032w, https:\/\/www.celttv.com.ar\/wp-content\/uploads\/2019\/09\/WhatsApp-Image-2019-09-20-at-11.26.35-300x225.jpeg 300w, https:\/\/www.celttv.com.ar\/wp-content\/uploads\/2019\/09\/WhatsApp-Image-2019-09-20-at-11.26.35-1024x768.jpeg 1024w, https:\/\/www.celttv.com.ar\/wp-content\/uploads\/2019\/09\/WhatsApp-Image-2019-09-20-at-11.26.35-768x576.jpeg 768w, https:\/\/www.celttv.com.ar\/wp-content\/uploads\/2019\/09\/WhatsApp-Image-2019-09-20-at-11.26.35-750x563.jpeg 750w\" sizes=\"auto, (max-width: 1032px) 100vw, 1032px\" \/><\/a> <a href=\"http:\/\/www.celttv.com.ar\/?attachment_id=44085\" rel=\"attachment wp-att-44085\"><img loading=\"lazy\" decoding=\"async\" class=\"alignleft size-medium wp-image-44085\" src=\"http:\/\/www.celttv.com.ar\/wp-content\/uploads\/2019\/09\/WhatsApp-Image-2019-09-20-at-11.26.36.jpeg\" alt=\"\" width=\"780\" height=\"604\" srcset=\"https:\/\/www.celttv.com.ar\/wp-content\/uploads\/2019\/09\/WhatsApp-Image-2019-09-20-at-11.26.36.jpeg 1280w, https:\/\/www.celttv.com.ar\/wp-content\/uploads\/2019\/09\/WhatsApp-Image-2019-09-20-at-11.26.36-300x232.jpeg 300w, https:\/\/www.celttv.com.ar\/wp-content\/uploads\/2019\/09\/WhatsApp-Image-2019-09-20-at-11.26.36-1024x793.jpeg 1024w, https:\/\/www.celttv.com.ar\/wp-content\/uploads\/2019\/09\/WhatsApp-Image-2019-09-20-at-11.26.36-768x595.jpeg 768w, https:\/\/www.celttv.com.ar\/wp-content\/uploads\/2019\/09\/WhatsApp-Image-2019-09-20-at-11.26.36-750x581.jpeg 750w, https:\/\/www.celttv.com.ar\/wp-content\/uploads\/2019\/09\/WhatsApp-Image-2019-09-20-at-11.26.36-1140x883.jpeg 1140w\" sizes=\"auto, (max-width: 780px) 100vw, 780px\" \/><\/a><\/p>\n","protected":false},"excerpt":{"rendered":"<p>Con el fin de fortalecer las capacidades institucionales, personal municipal de las \u00e1reas de Desarrollo, C\u00f3mputos y Recaudaci\u00f3n asistieron al curso \u201cGesti\u00f3n del Cr\u00e9dito P\u00fablico de la Reforma Administrativa Financiera en el \u00c1mbito Municipal\u201d. La capacitaci\u00f3n, que tuvo lugar en el Ministerio de Econom\u00eda de la Provincia de Buenos Aires, tuvo como objetivos: reforzar conceptos [&hellip;]<\/p>\n","protected":false},"author":1,"featured_media":44085,"comment_status":"closed","ping_status":"open","sticky":false,"template":"","format":"standard","meta":{"footnotes":""},"categories":[55,51,52],"tags":[],"class_list":["post-44083","post","type-post","status-publish","format-standard","has-post-thumbnail","hentry","category-celt-tv-noticias","category-comunidad","category-destacadas"],"yoast_head":"<!-- This site is optimized with the Yoast SEO plugin v19.7.1 - https:\/\/yoast.com\/wordpress\/plugins\/seo\/ -->\n<title>Capacitaci\u00f3n del personal municipal para modernizar el Municipio - CELTTV<\/title>\n<meta name=\"description\" content=\"Sitio web de noticias de la localidad de Tornquist, provincia de Buenos Aires, Rep\u00fablica Argentina. Contenido propio originado por periodistas de CELTTV, el canal de TV local de la Cooperativa El\u00e9ctrica de Tornquist. Turismo, Pol\u00edtica, Sociedad, Deporte, Cultura y todo el contenido de inter\u00e9s general que la gente del pueblo y la regi\u00f3n debe conocer.\" \/>\n<meta name=\"robots\" content=\"index, follow, max-snippet:-1, max-image-preview:large, max-video-preview:-1\" \/>\n<link rel=\"canonical\" href=\"https:\/\/www.celttv.com.ar\/index.php\/2019\/09\/21\/capacitacion-del-personal-municipal-para-modernizar-el-municipio\/\" \/>\n<meta property=\"og:locale\" content=\"es_ES\" \/>\n<meta property=\"og:type\" content=\"article\" \/>\n<meta property=\"og:title\" content=\"Capacitaci\u00f3n del personal municipal para modernizar el Municipio - CELTTV\" \/>\n<meta property=\"og:description\" content=\"Sitio web de noticias de la localidad de Tornquist, provincia de Buenos Aires, Rep\u00fablica Argentina. Contenido propio originado por periodistas de CELTTV, el canal de TV local de la Cooperativa El\u00e9ctrica de Tornquist. Turismo, Pol\u00edtica, Sociedad, Deporte, Cultura y todo el contenido de inter\u00e9s general que la gente del pueblo y la regi\u00f3n debe conocer.\" \/>\n<meta property=\"og:url\" content=\"https:\/\/www.celttv.com.ar\/index.php\/2019\/09\/21\/capacitacion-del-personal-municipal-para-modernizar-el-municipio\/\" \/>\n<meta property=\"og:site_name\" content=\"CELTTV\" \/>\n<meta property=\"article:publisher\" content=\"https:\/\/www.facebook.com\/celtTV\/\" \/>\n<meta property=\"article:published_time\" content=\"2019-09-21T17:56:47+00:00\" \/>\n<meta property=\"og:image\" content=\"https:\/\/www.celttv.com.ar\/wp-content\/uploads\/2019\/09\/WhatsApp-Image-2019-09-20-at-11.26.36.jpeg\" \/>\n\t<meta property=\"og:image:width\" content=\"1280\" \/>\n\t<meta property=\"og:image:height\" content=\"991\" \/>\n\t<meta property=\"og:image:type\" content=\"image\/jpeg\" \/>\n<meta name=\"author\" content=\"ulises\" \/>\n<meta name=\"twitter:card\" content=\"summary_large_image\" \/>\n<meta name=\"twitter:label1\" content=\"Escrito por\" \/>\n\t<meta name=\"twitter:data1\" content=\"ulises\" \/>\n\t<meta name=\"twitter:label2\" content=\"Tiempo de lectura\" \/>\n\t<meta name=\"twitter:data2\" content=\"1 minuto\" \/>\n<script type=\"application\/ld+json\" class=\"yoast-schema-graph\">{\"@context\":\"https:\/\/schema.org\",\"@graph\":[{\"@type\":\"NewsArticle\",\"@id\":\"https:\/\/www.celttv.com.ar\/index.php\/2019\/09\/21\/capacitacion-del-personal-municipal-para-modernizar-el-municipio\/#article\",\"isPartOf\":{\"@id\":\"https:\/\/www.celttv.com.ar\/index.php\/2019\/09\/21\/capacitacion-del-personal-municipal-para-modernizar-el-municipio\/\"},\"author\":{\"name\":\"ulises\",\"@id\":\"https:\/\/www.celttv.com.ar\/#\/schema\/person\/6d99c072dba59953809c81446e9d0ace\"},\"headline\":\"Capacitaci\u00f3n del personal municipal para modernizar el Municipio\",\"datePublished\":\"2019-09-21T17:56:47+00:00\",\"dateModified\":\"2019-09-21T17:56:47+00:00\",\"mainEntityOfPage\":{\"@id\":\"https:\/\/www.celttv.com.ar\/index.php\/2019\/09\/21\/capacitacion-del-personal-municipal-para-modernizar-el-municipio\/\"},\"wordCount\":200,\"publisher\":{\"@id\":\"https:\/\/www.celttv.com.ar\/#organization\"},\"articleSection\":[\"Celt TV Noticias\",\"Comunidad\",\"Destacadas\"],\"inLanguage\":\"es\"},{\"@type\":\"WebPage\",\"@id\":\"https:\/\/www.celttv.com.ar\/index.php\/2019\/09\/21\/capacitacion-del-personal-municipal-para-modernizar-el-municipio\/\",\"url\":\"https:\/\/www.celttv.com.ar\/index.php\/2019\/09\/21\/capacitacion-del-personal-municipal-para-modernizar-el-municipio\/\",\"name\":\"Capacitaci\u00f3n del personal municipal para modernizar el Municipio - CELTTV\",\"isPartOf\":{\"@id\":\"https:\/\/www.celttv.com.ar\/#website\"},\"datePublished\":\"2019-09-21T17:56:47+00:00\",\"dateModified\":\"2019-09-21T17:56:47+00:00\",\"description\":\"Sitio web de noticias de la localidad de Tornquist, provincia de Buenos Aires, Rep\u00fablica Argentina. Contenido propio originado por periodistas de CELTTV, el canal de TV local de la Cooperativa El\u00e9ctrica de Tornquist. Turismo, Pol\u00edtica, Sociedad, Deporte, Cultura y todo el contenido de inter\u00e9s general que la gente del pueblo y la regi\u00f3n debe conocer.\",\"breadcrumb\":{\"@id\":\"https:\/\/www.celttv.com.ar\/index.php\/2019\/09\/21\/capacitacion-del-personal-municipal-para-modernizar-el-municipio\/#breadcrumb\"},\"inLanguage\":\"es\",\"potentialAction\":[{\"@type\":\"ReadAction\",\"target\":[\"https:\/\/www.celttv.com.ar\/index.php\/2019\/09\/21\/capacitacion-del-personal-municipal-para-modernizar-el-municipio\/\"]}]},{\"@type\":\"BreadcrumbList\",\"@id\":\"https:\/\/www.celttv.com.ar\/index.php\/2019\/09\/21\/capacitacion-del-personal-municipal-para-modernizar-el-municipio\/#breadcrumb\",\"itemListElement\":[{\"@type\":\"ListItem\",\"position\":1,\"name\":\"Inicio\",\"item\":\"https:\/\/www.celttv.com.ar\/\"},{\"@type\":\"ListItem\",\"position\":2,\"name\":\"Capacitaci\u00f3n del personal municipal para modernizar el Municipio\"}]},{\"@type\":\"WebSite\",\"@id\":\"https:\/\/www.celttv.com.ar\/#website\",\"url\":\"https:\/\/www.celttv.com.ar\/\",\"name\":\"CELTTV\",\"description\":\"Cooperativa El\u00e9ctrica de Tornquist\",\"publisher\":{\"@id\":\"https:\/\/www.celttv.com.ar\/#organization\"},\"potentialAction\":[{\"@type\":\"SearchAction\",\"target\":{\"@type\":\"EntryPoint\",\"urlTemplate\":\"https:\/\/www.celttv.com.ar\/?s={search_term_string}\"},\"query-input\":\"required name=search_term_string\"}],\"inLanguage\":\"es\"},{\"@type\":\"Organization\",\"@id\":\"https:\/\/www.celttv.com.ar\/#organization\",\"name\":\"CELTTV\",\"url\":\"https:\/\/www.celttv.com.ar\/\",\"sameAs\":[\"https:\/\/www.youtube.com\/channel\/UCz_oIt8Hig64Ub-EmcNPIhg\",\"https:\/\/www.facebook.com\/celtTV\/\"],\"logo\":{\"@type\":\"ImageObject\",\"inLanguage\":\"es\",\"@id\":\"https:\/\/www.celttv.com.ar\/#\/schema\/logo\/image\/\",\"url\":\"http:\/\/www.celttv.com.ar\/wp-content\/uploads\/2022\/08\/logo-1.png\",\"contentUrl\":\"http:\/\/www.celttv.com.ar\/wp-content\/uploads\/2022\/08\/logo-1.png\",\"width\":461,\"height\":159,\"caption\":\"CELTTV\"},\"image\":{\"@id\":\"https:\/\/www.celttv.com.ar\/#\/schema\/logo\/image\/\"}},{\"@type\":\"Person\",\"@id\":\"https:\/\/www.celttv.com.ar\/#\/schema\/person\/6d99c072dba59953809c81446e9d0ace\",\"name\":\"ulises\",\"image\":{\"@type\":\"ImageObject\",\"inLanguage\":\"es\",\"@id\":\"https:\/\/www.celttv.com.ar\/#\/schema\/person\/image\/\",\"url\":\"https:\/\/secure.gravatar.com\/avatar\/7f2c48bdc33b30088f941fb6082e555f2874c98e20cb159d7b92b50eadfce793?s=96&d=mm&r=g\",\"contentUrl\":\"https:\/\/secure.gravatar.com\/avatar\/7f2c48bdc33b30088f941fb6082e555f2874c98e20cb159d7b92b50eadfce793?s=96&d=mm&r=g\",\"caption\":\"ulises\"},\"sameAs\":[\"http:\/\/www.celttv.com.ar\"]}]}<\/script>\n<!-- \/ Yoast SEO plugin. -->","yoast_head_json":{"title":"Capacitaci\u00f3n del personal municipal para modernizar el Municipio - CELTTV","description":"Sitio web de noticias de la localidad de Tornquist, provincia de Buenos Aires, Rep\u00fablica Argentina. Contenido propio originado por periodistas de CELTTV, el canal de TV local de la Cooperativa El\u00e9ctrica de Tornquist. Turismo, Pol\u00edtica, Sociedad, Deporte, Cultura y todo el contenido de inter\u00e9s general que la gente del pueblo y la regi\u00f3n debe conocer.","robots":{"index":"index","follow":"follow","max-snippet":"max-snippet:-1","max-image-preview":"max-image-preview:large","max-video-preview":"max-video-preview:-1"},"canonical":"https:\/\/www.celttv.com.ar\/index.php\/2019\/09\/21\/capacitacion-del-personal-municipal-para-modernizar-el-municipio\/","og_locale":"es_ES","og_type":"article","og_title":"Capacitaci\u00f3n del personal municipal para modernizar el Municipio - CELTTV","og_description":"Sitio web de noticias de la localidad de Tornquist, provincia de Buenos Aires, Rep\u00fablica Argentina. Contenido propio originado por periodistas de CELTTV, el canal de TV local de la Cooperativa El\u00e9ctrica de Tornquist. Turismo, Pol\u00edtica, Sociedad, Deporte, Cultura y todo el contenido de inter\u00e9s general que la gente del pueblo y la regi\u00f3n debe conocer.","og_url":"https:\/\/www.celttv.com.ar\/index.php\/2019\/09\/21\/capacitacion-del-personal-municipal-para-modernizar-el-municipio\/","og_site_name":"CELTTV","article_publisher":"https:\/\/www.facebook.com\/celtTV\/","article_published_time":"2019-09-21T17:56:47+00:00","og_image":[{"width":1280,"height":991,"url":"https:\/\/www.celttv.com.ar\/wp-content\/uploads\/2019\/09\/WhatsApp-Image-2019-09-20-at-11.26.36.jpeg","type":"image\/jpeg"}],"author":"ulises","twitter_card":"summary_large_image","twitter_misc":{"Escrito por":"ulises","Tiempo de lectura":"1 minuto"},"schema":{"@context":"https:\/\/schema.org","@graph":[{"@type":"NewsArticle","@id":"https:\/\/www.celttv.com.ar\/index.php\/2019\/09\/21\/capacitacion-del-personal-municipal-para-modernizar-el-municipio\/#article","isPartOf":{"@id":"https:\/\/www.celttv.com.ar\/index.php\/2019\/09\/21\/capacitacion-del-personal-municipal-para-modernizar-el-municipio\/"},"author":{"name":"ulises","@id":"https:\/\/www.celttv.com.ar\/#\/schema\/person\/6d99c072dba59953809c81446e9d0ace"},"headline":"Capacitaci\u00f3n del personal municipal para modernizar el Municipio","datePublished":"2019-09-21T17:56:47+00:00","dateModified":"2019-09-21T17:56:47+00:00","mainEntityOfPage":{"@id":"https:\/\/www.celttv.com.ar\/index.php\/2019\/09\/21\/capacitacion-del-personal-municipal-para-modernizar-el-municipio\/"},"wordCount":200,"publisher":{"@id":"https:\/\/www.celttv.com.ar\/#organization"},"articleSection":["Celt TV Noticias","Comunidad","Destacadas"],"inLanguage":"es"},{"@type":"WebPage","@id":"https:\/\/www.celttv.com.ar\/index.php\/2019\/09\/21\/capacitacion-del-personal-municipal-para-modernizar-el-municipio\/","url":"https:\/\/www.celttv.com.ar\/index.php\/2019\/09\/21\/capacitacion-del-personal-municipal-para-modernizar-el-municipio\/","name":"Capacitaci\u00f3n del personal municipal para modernizar el Municipio - CELTTV","isPartOf":{"@id":"https:\/\/www.celttv.com.ar\/#website"},"datePublished":"2019-09-21T17:56:47+00:00","dateModified":"2019-09-21T17:56:47+00:00","description":"Sitio web de noticias de la localidad de Tornquist, provincia de Buenos Aires, Rep\u00fablica Argentina. Contenido propio originado por periodistas de CELTTV, el canal de TV local de la Cooperativa El\u00e9ctrica de Tornquist. Turismo, Pol\u00edtica, Sociedad, Deporte, Cultura y todo el contenido de inter\u00e9s general que la gente del pueblo y la regi\u00f3n debe conocer.","breadcrumb":{"@id":"https:\/\/www.celttv.com.ar\/index.php\/2019\/09\/21\/capacitacion-del-personal-municipal-para-modernizar-el-municipio\/#breadcrumb"},"inLanguage":"es","potentialAction":[{"@type":"ReadAction","target":["https:\/\/www.celttv.com.ar\/index.php\/2019\/09\/21\/capacitacion-del-personal-municipal-para-modernizar-el-municipio\/"]}]},{"@type":"BreadcrumbList","@id":"https:\/\/www.celttv.com.ar\/index.php\/2019\/09\/21\/capacitacion-del-personal-municipal-para-modernizar-el-municipio\/#breadcrumb","itemListElement":[{"@type":"ListItem","position":1,"name":"Inicio","item":"https:\/\/www.celttv.com.ar\/"},{"@type":"ListItem","position":2,"name":"Capacitaci\u00f3n del personal municipal para modernizar el Municipio"}]},{"@type":"WebSite","@id":"https:\/\/www.celttv.com.ar\/#website","url":"https:\/\/www.celttv.com.ar\/","name":"CELTTV","description":"Cooperativa El\u00e9ctrica de Tornquist","publisher":{"@id":"https:\/\/www.celttv.com.ar\/#organization"},"potentialAction":[{"@type":"SearchAction","target":{"@type":"EntryPoint","urlTemplate":"https:\/\/www.celttv.com.ar\/?s={search_term_string}"},"query-input":"required name=search_term_string"}],"inLanguage":"es"},{"@type":"Organization","@id":"https:\/\/www.celttv.com.ar\/#organization","name":"CELTTV","url":"https:\/\/www.celttv.com.ar\/","sameAs":["https:\/\/www.youtube.com\/channel\/UCz_oIt8Hig64Ub-EmcNPIhg","https:\/\/www.facebook.com\/celtTV\/"],"logo":{"@type":"ImageObject","inLanguage":"es","@id":"https:\/\/www.celttv.com.ar\/#\/schema\/logo\/image\/","url":"http:\/\/www.celttv.com.ar\/wp-content\/uploads\/2022\/08\/logo-1.png","contentUrl":"http:\/\/www.celttv.com.ar\/wp-content\/uploads\/2022\/08\/logo-1.png","width":461,"height":159,"caption":"CELTTV"},"image":{"@id":"https:\/\/www.celttv.com.ar\/#\/schema\/logo\/image\/"}},{"@type":"Person","@id":"https:\/\/www.celttv.com.ar\/#\/schema\/person\/6d99c072dba59953809c81446e9d0ace","name":"ulises","image":{"@type":"ImageObject","inLanguage":"es","@id":"https:\/\/www.celttv.com.ar\/#\/schema\/person\/image\/","url":"https:\/\/secure.gravatar.com\/avatar\/7f2c48bdc33b30088f941fb6082e555f2874c98e20cb159d7b92b50eadfce793?s=96&d=mm&r=g","contentUrl":"https:\/\/secure.gravatar.com\/avatar\/7f2c48bdc33b30088f941fb6082e555f2874c98e20cb159d7b92b50eadfce793?s=96&d=mm&r=g","caption":"ulises"},"sameAs":["http:\/\/www.celttv.com.ar"]}]}},"_links":{"self":[{"href":"https:\/\/www.celttv.com.ar\/index.php\/wp-json\/wp\/v2\/posts\/44083","targetHints":{"allow":["GET"]}}],"collection":[{"href":"https:\/\/www.celttv.com.ar\/index.php\/wp-json\/wp\/v2\/posts"}],"about":[{"href":"https:\/\/www.celttv.com.ar\/index.php\/wp-json\/wp\/v2\/types\/post"}],"author":[{"embeddable":true,"href":"https:\/\/www.celttv.com.ar\/index.php\/wp-json\/wp\/v2\/users\/1"}],"replies":[{"embeddable":true,"href":"https:\/\/www.celttv.com.ar\/index.php\/wp-json\/wp\/v2\/comments?post=44083"}],"version-history":[{"count":0,"href":"https:\/\/www.celttv.com.ar\/index.php\/wp-json\/wp\/v2\/posts\/44083\/revisions"}],"wp:featuredmedia":[{"embeddable":true,"href":"https:\/\/www.celttv.com.ar\/index.php\/wp-json\/wp\/v2\/media\/44085"}],"wp:attachment":[{"href":"https:\/\/www.celttv.com.ar\/index.php\/wp-json\/wp\/v2\/media?parent=44083"}],"wp:term":[{"taxonomy":"category","embeddable":true,"href":"https:\/\/www.celttv.com.ar\/index.php\/wp-json\/wp\/v2\/categories?post=44083"},{"taxonomy":"post_tag","embeddable":true,"href":"https:\/\/www.celttv.com.ar\/index.php\/wp-json\/wp\/v2\/tags?post=44083"}],"curies":[{"name":"wp","href":"https:\/\/api.w.org\/{rel}","templated":true}]}}