{"id":44119,"date":"2019-09-22T21:06:23","date_gmt":"2019-09-22T21:06:23","guid":{"rendered":"http:\/\/www.celttv.com.ar\/?p=44119"},"modified":"2019-09-22T21:06:23","modified_gmt":"2019-09-22T21:06:23","slug":"automoto-gano-y-ahora-enfrentara-a-san-martin-st-informe-y-fotos","status":"publish","type":"post","link":"https:\/\/www.celttv.com.ar\/index.php\/2019\/09\/22\/automoto-gano-y-ahora-enfrentara-a-san-martin-st-informe-y-fotos\/","title":{"rendered":"Automoto gan\u00f3 y ahora enfrentar\u00e1 a San Mart\u00edn (ST) (Informe y Fotos)"},"content":{"rendered":"<p>Un importante triunfo obtuvo Automoto de local por 1 a 0 ante El Progreso, en el marco de los cruces complementarios de la Liga Regional de F\u00fatbol de Coronel Su\u00e1rez.<\/p>\n<p>Con un gol en contra a los 25 del complemento (remate de Emiliano Sandoval que se desvi\u00f3 en un defensor), Automoto venci\u00f3 al elenco suarense y ahora enfrentar\u00e1 -en cancha neutral- a San Mart\u00edn de Santa Trinidad.<\/p>\n<p>A lo largo del partido, el local fue siempre m\u00e1s que la visita, predominando momentos de buen traslado y combinaciones colectivas que le permiti\u00f3 generar varias situaciones claras en el arco defendido por Gonzalo Arce.<\/p>\n<p>El primer tiempo fue todo de Automoto, quien siempre tom\u00f3 la iniciativa y gener\u00f3 varias chances para poder abrir el marcador. A los 8, Arce empez\u00f3 a revolcarse tras un disparo de Nicol\u00e1s Milll\u00e1n.<\/p>\n<p>Minutos despu\u00e9s, un env\u00edo (con efecto) de Marcos Piedrabuena peg\u00f3 en el techo del arco y, a los 28, nuevamente el delantero azulgrana exigi\u00f3 al golero Arce que la cacheteo al corner.<\/p>\n<p>Por su parte, El Progreso tuvo dos situaciones claras. A los 13, Nicol\u00e1s Palacio tom\u00f3 un rebote dentro del \u00e1rea y remat\u00f3 apenas por encima del travesa\u00f1o, mientras que a los 36, el arquero azulgrana Facundo Jim\u00e9nez, cacheteo al corner un fuerte disparo de Francisco Schroh.<\/p>\n<p>A los 18, el \u00e1rbitro Juan Ferreyra le anul\u00f3 un gol en off-side a El Progreso y a los 28, Arce rechaz\u00f3 sobre la l\u00ednea un cabezazo de Nicol\u00e1s Roque, donde los jugadores locales reclamaron que la pelota hab\u00eda ingresado al arco.<\/p>\n<p>Al igual que en el primer tiempo, en el complemento hubo baches de f\u00fatbol con algunas desprolijidades, jugadas al l\u00edmite, conversado, sanciones pol\u00e9micas y un arbitraje err\u00e1tico que le rest\u00f3 al espect\u00e1culo.<\/p>\n<p>En el complemento, la \u00fanica jugada de la visita fue a los 10, con un tiro libre de Francisco Schroh, el cual se estrell\u00f3 en el horizontal.<\/p>\n<p>A partir de all\u00ed, Automoto fue el que cre\u00f3 las situaciones. A los 11, Roque prob\u00f3 dentro del \u00e1rea y la pelota se fue apenas desviada por arriba del travesa\u00f1o y, a los 16, Piedrabuena impact\u00f3 su disparo en el horizontal.<\/p>\n<p>Mientras el local buscaba sorprender por las bandas, una contra de la visita oblig\u00f3 al golero Jim\u00e9nez salir a cortar la jugada fuera del \u00e1rea, lo toc\u00f3 abajo a Scheffer y Ferreyra, a los 19, no dud\u00f3 en expulsarlo.<\/p>\n<p>Cuando parec\u00eda que se complicaba el partido para el equipo de Octavio Araneta, seis minutos despu\u00e9s, un remate de afuera del \u00e1rea de Sandoval se desvi\u00f3 en el camino y se le meti\u00f3 a Arce, lo que signific\u00f3 el gol del triunfo para Automoto.<\/p>\n<p>La visita no aprovecho la ventaja num\u00e9rica y a los 34, Arce le gan\u00f3 un mano a mano a Piedrabuena que hubiese definido el partido.<\/p>\n<p>Antes del final, a los 45, el \u00e1rbitro le sac\u00f3 la segunda amarilla a Arturo Peralta por protestar y, de esta manera, el azulgrana sufri\u00f3 la segunda expulsi\u00f3n del encuentro.<\/p>\n<p>El pr\u00f3ximo domingo, el azulgrana jugar\u00e1 otro partido decisivo, esta vez frente\u00a0<span class=\"text_exposed_show\">a San Mart\u00edn de Santa Trinidad, que elimin\u00f3 a Independiente de Pueblo San Jos\u00e9.<\/span><\/p>\n<p><strong>AUTOMOTO<\/strong><\/p>\n<p>Facundo Jim\u00e9nez<\/p>\n<p>&nbsp;<\/p>\n<p>Emiliano Sandoval<\/p>\n<p>Mat\u00edas Sonzini<\/p>\n<p>Lucas Gim\u00e9nez<\/p>\n<p>Mat\u00edas Cornelio<\/p>\n<p>&nbsp;<\/p>\n<p>Arturo Peralta<\/p>\n<p>Mat\u00edas Salas<\/p>\n<p>Agust\u00edn Reynoso<\/p>\n<p>&nbsp;<\/p>\n<p>Marcos Piedrabuena<\/p>\n<p>Nicol\u00e1s Roque<\/p>\n<p>Nicol\u00e1s Mill\u00e1n<\/p>\n<p>&nbsp;<\/p>\n<p><strong>DT<\/strong>: Octavio Araneta<\/p>\n<p>&nbsp;<\/p>\n<p><strong>EL PROGRESO<\/strong><\/p>\n<p>Gonzalo Arce<\/p>\n<p>&nbsp;<\/p>\n<p>Joaqu\u00edn Goofried<\/p>\n<p>Lucas Elorriaga<\/p>\n<p>Mat\u00edas Schroh<\/p>\n<p>Dar\u00edo Urroz<\/p>\n<p>&nbsp;<\/p>\n<p>Braian Schneider<\/p>\n<p>William Taryano<\/p>\n<p>Francisco Schroh<\/p>\n<p>Gast\u00f3n Scheffer<\/p>\n<p>&nbsp;<\/p>\n<p>Nicol\u00e1s Palacio<\/p>\n<p>Sebasti\u00e1n Graff<\/p>\n<p>&nbsp;<\/p>\n<p><strong>DT:<\/strong> Alexis Cort\u00e9s<\/p>\n<p>&nbsp;<\/p>\n<p><strong>\u00c1rbitro<\/strong>: Juan Ferreyra (3)<\/p>\n<p><strong>Cancha:<\/strong> &#8220;Agust\u00edn Ruppel&#8221; de Automoto<\/p>\n<p><strong>2\u00ba Tiempo: <\/strong><\/p>\n<p><strong>Gol:<\/strong> 25\u00b4En contra (Remate de Sandoval)<\/p>\n<p><strong>Expulsado<\/strong>: 19\u00b4Jim\u00e9nez (A) y 45\u00b4Peralta (A)<\/p>\n<p><strong>Cambios: ST<\/strong><\/p>\n<p>21\u00b4Joaqu\u00edn Castelli por Mill\u00e1n, 36\u00b4Franco por Roque y 42\u00b4Quiroga por Reynoso, en Automoto.<\/p>\n<p>A los 13 Mat\u00edas Coronel por Nicol\u00e1s Palacio y 30\u00b4Juan Peratz por Dar\u00edo Urroz, en El Progreso.<\/p>\n<p>&nbsp;<\/p>\n<p><strong>Rodrigo Sgammini \/\/ MAGAZINE SPORT &#8211; CELTTV HD<\/strong><\/p>\n<p><a href=\"http:\/\/www.celttv.com.ar\/?attachment_id=44120\" rel=\"attachment wp-att-44120\"><img loading=\"lazy\" decoding=\"async\" class=\"alignleft size-full wp-image-44120\" src=\"http:\/\/www.celttv.com.ar\/wp-content\/uploads\/2019\/09\/106_7643.jpg\" alt=\"\" width=\"1920\" height=\"1080\" srcset=\"https:\/\/www.celttv.com.ar\/wp-content\/uploads\/2019\/09\/106_7643.jpg 1920w, https:\/\/www.celttv.com.ar\/wp-content\/uploads\/2019\/09\/106_7643-300x169.jpg 300w, https:\/\/www.celttv.com.ar\/wp-content\/uploads\/2019\/09\/106_7643-1024x576.jpg 1024w, https:\/\/www.celttv.com.ar\/wp-content\/uploads\/2019\/09\/106_7643-768x432.jpg 768w, https:\/\/www.celttv.com.ar\/wp-content\/uploads\/2019\/09\/106_7643-1536x864.jpg 1536w, https:\/\/www.celttv.com.ar\/wp-content\/uploads\/2019\/09\/106_7643-750x422.jpg 750w, https:\/\/www.celttv.com.ar\/wp-content\/uploads\/2019\/09\/106_7643-1140x641.jpg 1140w\" sizes=\"auto, (max-width: 1920px) 100vw, 1920px\" \/><\/a><\/p>\n<p><a href=\"http:\/\/www.celttv.com.ar\/?attachment_id=44121\" rel=\"attachment wp-att-44121\"><img loading=\"lazy\" decoding=\"async\" class=\"size-medium wp-image-44121\" src=\"http:\/\/www.celttv.com.ar\/wp-content\/uploads\/2019\/09\/106_7644.jpg\" alt=\"\" width=\"780\" height=\"439\" srcset=\"https:\/\/www.celttv.com.ar\/wp-content\/uploads\/2019\/09\/106_7644.jpg 1920w, https:\/\/www.celttv.com.ar\/wp-content\/uploads\/2019\/09\/106_7644-300x169.jpg 300w, https:\/\/www.celttv.com.ar\/wp-content\/uploads\/2019\/09\/106_7644-1024x576.jpg 1024w, https:\/\/www.celttv.com.ar\/wp-content\/uploads\/2019\/09\/106_7644-768x432.jpg 768w, https:\/\/www.celttv.com.ar\/wp-content\/uploads\/2019\/09\/106_7644-1536x864.jpg 1536w, https:\/\/www.celttv.com.ar\/wp-content\/uploads\/2019\/09\/106_7644-750x422.jpg 750w, https:\/\/www.celttv.com.ar\/wp-content\/uploads\/2019\/09\/106_7644-1140x641.jpg 1140w\" sizes=\"auto, (max-width: 780px) 100vw, 780px\" \/><\/a><\/p>\n<p><a href=\"http:\/\/www.celttv.com.ar\/?attachment_id=44122\" rel=\"attachment wp-att-44122\"><img loading=\"lazy\" decoding=\"async\" class=\"size-medium wp-image-44122\" src=\"http:\/\/www.celttv.com.ar\/wp-content\/uploads\/2019\/09\/106_7646.jpg\" alt=\"\" width=\"780\" height=\"439\" srcset=\"https:\/\/www.celttv.com.ar\/wp-content\/uploads\/2019\/09\/106_7646.jpg 1920w, https:\/\/www.celttv.com.ar\/wp-content\/uploads\/2019\/09\/106_7646-300x169.jpg 300w, https:\/\/www.celttv.com.ar\/wp-content\/uploads\/2019\/09\/106_7646-1024x576.jpg 1024w, https:\/\/www.celttv.com.ar\/wp-content\/uploads\/2019\/09\/106_7646-768x432.jpg 768w, https:\/\/www.celttv.com.ar\/wp-content\/uploads\/2019\/09\/106_7646-1536x864.jpg 1536w, https:\/\/www.celttv.com.ar\/wp-content\/uploads\/2019\/09\/106_7646-750x422.jpg 750w, https:\/\/www.celttv.com.ar\/wp-content\/uploads\/2019\/09\/106_7646-1140x641.jpg 1140w\" sizes=\"auto, (max-width: 780px) 100vw, 780px\" \/><\/a><\/p>\n<p><a href=\"http:\/\/www.celttv.com.ar\/?attachment_id=44123\" rel=\"attachment wp-att-44123\"><img loading=\"lazy\" decoding=\"async\" class=\"size-medium wp-image-44123\" src=\"http:\/\/www.celttv.com.ar\/wp-content\/uploads\/2019\/09\/106_7648.jpg\" alt=\"\" width=\"780\" height=\"439\" srcset=\"https:\/\/www.celttv.com.ar\/wp-content\/uploads\/2019\/09\/106_7648.jpg 1920w, https:\/\/www.celttv.com.ar\/wp-content\/uploads\/2019\/09\/106_7648-300x169.jpg 300w, https:\/\/www.celttv.com.ar\/wp-content\/uploads\/2019\/09\/106_7648-1024x576.jpg 1024w, https:\/\/www.celttv.com.ar\/wp-content\/uploads\/2019\/09\/106_7648-768x432.jpg 768w, https:\/\/www.celttv.com.ar\/wp-content\/uploads\/2019\/09\/106_7648-1536x864.jpg 1536w, https:\/\/www.celttv.com.ar\/wp-content\/uploads\/2019\/09\/106_7648-750x422.jpg 750w, https:\/\/www.celttv.com.ar\/wp-content\/uploads\/2019\/09\/106_7648-1140x641.jpg 1140w\" sizes=\"auto, (max-width: 780px) 100vw, 780px\" \/><\/a><\/p>\n<p><a href=\"http:\/\/www.celttv.com.ar\/?attachment_id=44124\" rel=\"attachment wp-att-44124\"><img loading=\"lazy\" decoding=\"async\" class=\"size-medium wp-image-44124\" src=\"http:\/\/www.celttv.com.ar\/wp-content\/uploads\/2019\/09\/106_7649.jpg\" alt=\"\" width=\"780\" height=\"439\" srcset=\"https:\/\/www.celttv.com.ar\/wp-content\/uploads\/2019\/09\/106_7649.jpg 1920w, https:\/\/www.celttv.com.ar\/wp-content\/uploads\/2019\/09\/106_7649-300x169.jpg 300w, https:\/\/www.celttv.com.ar\/wp-content\/uploads\/2019\/09\/106_7649-1024x576.jpg 1024w, https:\/\/www.celttv.com.ar\/wp-content\/uploads\/2019\/09\/106_7649-768x432.jpg 768w, https:\/\/www.celttv.com.ar\/wp-content\/uploads\/2019\/09\/106_7649-1536x864.jpg 1536w, https:\/\/www.celttv.com.ar\/wp-content\/uploads\/2019\/09\/106_7649-750x422.jpg 750w, https:\/\/www.celttv.com.ar\/wp-content\/uploads\/2019\/09\/106_7649-1140x641.jpg 1140w\" sizes=\"auto, (max-width: 780px) 100vw, 780px\" \/><\/a><\/p>\n<p><a href=\"http:\/\/www.celttv.com.ar\/?attachment_id=44125\" rel=\"attachment wp-att-44125\"><img loading=\"lazy\" decoding=\"async\" class=\"size-medium wp-image-44125\" src=\"http:\/\/www.celttv.com.ar\/wp-content\/uploads\/2019\/09\/106_7651.jpg\" alt=\"\" width=\"780\" height=\"439\" srcset=\"https:\/\/www.celttv.com.ar\/wp-content\/uploads\/2019\/09\/106_7651.jpg 1920w, https:\/\/www.celttv.com.ar\/wp-content\/uploads\/2019\/09\/106_7651-300x169.jpg 300w, https:\/\/www.celttv.com.ar\/wp-content\/uploads\/2019\/09\/106_7651-1024x576.jpg 1024w, https:\/\/www.celttv.com.ar\/wp-content\/uploads\/2019\/09\/106_7651-768x432.jpg 768w, https:\/\/www.celttv.com.ar\/wp-content\/uploads\/2019\/09\/106_7651-1536x864.jpg 1536w, https:\/\/www.celttv.com.ar\/wp-content\/uploads\/2019\/09\/106_7651-750x422.jpg 750w, https:\/\/www.celttv.com.ar\/wp-content\/uploads\/2019\/09\/106_7651-1140x641.jpg 1140w\" sizes=\"auto, (max-width: 780px) 100vw, 780px\" \/><\/a><\/p>\n<p><a href=\"http:\/\/www.celttv.com.ar\/?attachment_id=44126\" rel=\"attachment wp-att-44126\"><img loading=\"lazy\" decoding=\"async\" class=\"size-medium wp-image-44126\" src=\"http:\/\/www.celttv.com.ar\/wp-content\/uploads\/2019\/09\/106_7652.jpg\" alt=\"\" width=\"780\" height=\"439\" srcset=\"https:\/\/www.celttv.com.ar\/wp-content\/uploads\/2019\/09\/106_7652.jpg 1920w, https:\/\/www.celttv.com.ar\/wp-content\/uploads\/2019\/09\/106_7652-300x169.jpg 300w, https:\/\/www.celttv.com.ar\/wp-content\/uploads\/2019\/09\/106_7652-1024x576.jpg 1024w, https:\/\/www.celttv.com.ar\/wp-content\/uploads\/2019\/09\/106_7652-768x432.jpg 768w, https:\/\/www.celttv.com.ar\/wp-content\/uploads\/2019\/09\/106_7652-1536x864.jpg 1536w, https:\/\/www.celttv.com.ar\/wp-content\/uploads\/2019\/09\/106_7652-750x422.jpg 750w, https:\/\/www.celttv.com.ar\/wp-content\/uploads\/2019\/09\/106_7652-1140x641.jpg 1140w\" sizes=\"auto, (max-width: 780px) 100vw, 780px\" \/><\/a><\/p>\n<p><a href=\"http:\/\/www.celttv.com.ar\/?attachment_id=44127\" rel=\"attachment wp-att-44127\"><img loading=\"lazy\" decoding=\"async\" class=\"size-medium wp-image-44127\" src=\"http:\/\/www.celttv.com.ar\/wp-content\/uploads\/2019\/09\/106_7653.jpg\" alt=\"\" width=\"780\" height=\"439\" srcset=\"https:\/\/www.celttv.com.ar\/wp-content\/uploads\/2019\/09\/106_7653.jpg 1920w, https:\/\/www.celttv.com.ar\/wp-content\/uploads\/2019\/09\/106_7653-300x169.jpg 300w, https:\/\/www.celttv.com.ar\/wp-content\/uploads\/2019\/09\/106_7653-1024x576.jpg 1024w, https:\/\/www.celttv.com.ar\/wp-content\/uploads\/2019\/09\/106_7653-768x432.jpg 768w, https:\/\/www.celttv.com.ar\/wp-content\/uploads\/2019\/09\/106_7653-1536x864.jpg 1536w, https:\/\/www.celttv.com.ar\/wp-content\/uploads\/2019\/09\/106_7653-750x422.jpg 750w, https:\/\/www.celttv.com.ar\/wp-content\/uploads\/2019\/09\/106_7653-1140x641.jpg 1140w\" sizes=\"auto, (max-width: 780px) 100vw, 780px\" \/><\/a><\/p>\n<p><a href=\"http:\/\/www.celttv.com.ar\/?attachment_id=44128\" rel=\"attachment wp-att-44128\"><img loading=\"lazy\" decoding=\"async\" class=\"size-medium wp-image-44128\" src=\"http:\/\/www.celttv.com.ar\/wp-content\/uploads\/2019\/09\/106_7654.jpg\" alt=\"\" width=\"780\" height=\"439\" srcset=\"https:\/\/www.celttv.com.ar\/wp-content\/uploads\/2019\/09\/106_7654.jpg 1920w, https:\/\/www.celttv.com.ar\/wp-content\/uploads\/2019\/09\/106_7654-300x169.jpg 300w, https:\/\/www.celttv.com.ar\/wp-content\/uploads\/2019\/09\/106_7654-1024x576.jpg 1024w, https:\/\/www.celttv.com.ar\/wp-content\/uploads\/2019\/09\/106_7654-768x432.jpg 768w, https:\/\/www.celttv.com.ar\/wp-content\/uploads\/2019\/09\/106_7654-1536x864.jpg 1536w, https:\/\/www.celttv.com.ar\/wp-content\/uploads\/2019\/09\/106_7654-750x422.jpg 750w, https:\/\/www.celttv.com.ar\/wp-content\/uploads\/2019\/09\/106_7654-1140x641.jpg 1140w\" sizes=\"auto, (max-width: 780px) 100vw, 780px\" \/><\/a><\/p>\n<p><a href=\"http:\/\/www.celttv.com.ar\/?attachment_id=44129\" rel=\"attachment wp-att-44129\"><img loading=\"lazy\" decoding=\"async\" class=\"size-medium wp-image-44129\" src=\"http:\/\/www.celttv.com.ar\/wp-content\/uploads\/2019\/09\/106_7655.jpg\" alt=\"\" width=\"780\" height=\"439\" srcset=\"https:\/\/www.celttv.com.ar\/wp-content\/uploads\/2019\/09\/106_7655.jpg 1920w, https:\/\/www.celttv.com.ar\/wp-content\/uploads\/2019\/09\/106_7655-300x169.jpg 300w, https:\/\/www.celttv.com.ar\/wp-content\/uploads\/2019\/09\/106_7655-1024x576.jpg 1024w, https:\/\/www.celttv.com.ar\/wp-content\/uploads\/2019\/09\/106_7655-768x432.jpg 768w, https:\/\/www.celttv.com.ar\/wp-content\/uploads\/2019\/09\/106_7655-1536x864.jpg 1536w, https:\/\/www.celttv.com.ar\/wp-content\/uploads\/2019\/09\/106_7655-750x422.jpg 750w, https:\/\/www.celttv.com.ar\/wp-content\/uploads\/2019\/09\/106_7655-1140x641.jpg 1140w\" sizes=\"auto, (max-width: 780px) 100vw, 780px\" \/><\/a><\/p>\n<p><a href=\"http:\/\/www.celttv.com.ar\/?attachment_id=44130\" rel=\"attachment wp-att-44130\"><img loading=\"lazy\" decoding=\"async\" class=\"size-medium wp-image-44130\" src=\"http:\/\/www.celttv.com.ar\/wp-content\/uploads\/2019\/09\/106_7658.jpg\" alt=\"\" width=\"780\" height=\"439\" srcset=\"https:\/\/www.celttv.com.ar\/wp-content\/uploads\/2019\/09\/106_7658.jpg 1920w, https:\/\/www.celttv.com.ar\/wp-content\/uploads\/2019\/09\/106_7658-300x169.jpg 300w, https:\/\/www.celttv.com.ar\/wp-content\/uploads\/2019\/09\/106_7658-1024x576.jpg 1024w, https:\/\/www.celttv.com.ar\/wp-content\/uploads\/2019\/09\/106_7658-768x432.jpg 768w, https:\/\/www.celttv.com.ar\/wp-content\/uploads\/2019\/09\/106_7658-1536x864.jpg 1536w, https:\/\/www.celttv.com.ar\/wp-content\/uploads\/2019\/09\/106_7658-750x422.jpg 750w, https:\/\/www.celttv.com.ar\/wp-content\/uploads\/2019\/09\/106_7658-1140x641.jpg 1140w\" sizes=\"auto, (max-width: 780px) 100vw, 780px\" \/><\/a><\/p>\n<p><a href=\"http:\/\/www.celttv.com.ar\/?attachment_id=44131\" rel=\"attachment wp-att-44131\"><img loading=\"lazy\" decoding=\"async\" class=\"size-medium wp-image-44131\" src=\"http:\/\/www.celttv.com.ar\/wp-content\/uploads\/2019\/09\/106_7659.jpg\" alt=\"\" width=\"780\" height=\"439\" srcset=\"https:\/\/www.celttv.com.ar\/wp-content\/uploads\/2019\/09\/106_7659.jpg 1920w, https:\/\/www.celttv.com.ar\/wp-content\/uploads\/2019\/09\/106_7659-300x169.jpg 300w, https:\/\/www.celttv.com.ar\/wp-content\/uploads\/2019\/09\/106_7659-1024x576.jpg 1024w, https:\/\/www.celttv.com.ar\/wp-content\/uploads\/2019\/09\/106_7659-768x432.jpg 768w, https:\/\/www.celttv.com.ar\/wp-content\/uploads\/2019\/09\/106_7659-1536x864.jpg 1536w, https:\/\/www.celttv.com.ar\/wp-content\/uploads\/2019\/09\/106_7659-750x422.jpg 750w, https:\/\/www.celttv.com.ar\/wp-content\/uploads\/2019\/09\/106_7659-1140x641.jpg 1140w\" sizes=\"auto, (max-width: 780px) 100vw, 780px\" \/><\/a><\/p>\n<p><a href=\"http:\/\/www.celttv.com.ar\/?attachment_id=44132\" rel=\"attachment wp-att-44132\"><img loading=\"lazy\" decoding=\"async\" class=\"size-medium wp-image-44132\" src=\"http:\/\/www.celttv.com.ar\/wp-content\/uploads\/2019\/09\/106_7660.jpg\" alt=\"\" width=\"780\" height=\"439\" srcset=\"https:\/\/www.celttv.com.ar\/wp-content\/uploads\/2019\/09\/106_7660.jpg 1920w, https:\/\/www.celttv.com.ar\/wp-content\/uploads\/2019\/09\/106_7660-300x169.jpg 300w, https:\/\/www.celttv.com.ar\/wp-content\/uploads\/2019\/09\/106_7660-1024x576.jpg 1024w, https:\/\/www.celttv.com.ar\/wp-content\/uploads\/2019\/09\/106_7660-768x432.jpg 768w, https:\/\/www.celttv.com.ar\/wp-content\/uploads\/2019\/09\/106_7660-1536x864.jpg 1536w, https:\/\/www.celttv.com.ar\/wp-content\/uploads\/2019\/09\/106_7660-750x422.jpg 750w, https:\/\/www.celttv.com.ar\/wp-content\/uploads\/2019\/09\/106_7660-1140x641.jpg 1140w\" sizes=\"auto, (max-width: 780px) 100vw, 780px\" \/><\/a><\/p>\n","protected":false},"excerpt":{"rendered":"<p>Un importante triunfo obtuvo Automoto de local por 1 a 0 ante El Progreso, en el marco de los cruces complementarios de la Liga Regional de F\u00fatbol de Coronel Su\u00e1rez. Con un gol en contra a los 25 del complemento (remate de Emiliano Sandoval que se desvi\u00f3 en un defensor), Automoto venci\u00f3 al elenco suarense [&hellip;]<\/p>\n","protected":false},"author":1,"featured_media":44126,"comment_status":"closed","ping_status":"open","sticky":false,"template":"","format":"standard","meta":{"footnotes":""},"categories":[55,60,52,63],"tags":[],"class_list":["post-44119","post","type-post","status-publish","format-standard","has-post-thumbnail","hentry","category-celt-tv-noticias","category-deporte","category-destacadas","category-magazine-sport"],"yoast_head":"<!-- This site is optimized with the Yoast SEO plugin v19.7.1 - https:\/\/yoast.com\/wordpress\/plugins\/seo\/ -->\n<title>Automoto gan\u00f3 y ahora enfrentar\u00e1 a San Mart\u00edn (ST) (Informe y Fotos) - CELTTV<\/title>\n<meta name=\"description\" content=\"Sitio web de noticias de la localidad de Tornquist, provincia de Buenos Aires, Rep\u00fablica Argentina. Contenido propio originado por periodistas de CELTTV, el canal de TV local de la Cooperativa El\u00e9ctrica de Tornquist. Turismo, Pol\u00edtica, Sociedad, Deporte, Cultura y todo el contenido de inter\u00e9s general que la gente del pueblo y la regi\u00f3n debe conocer.\" \/>\n<meta name=\"robots\" content=\"index, follow, max-snippet:-1, max-image-preview:large, max-video-preview:-1\" \/>\n<link rel=\"canonical\" href=\"https:\/\/www.celttv.com.ar\/index.php\/2019\/09\/22\/automoto-gano-y-ahora-enfrentara-a-san-martin-st-informe-y-fotos\/\" \/>\n<meta property=\"og:locale\" content=\"es_ES\" \/>\n<meta property=\"og:type\" content=\"article\" \/>\n<meta property=\"og:title\" content=\"Automoto gan\u00f3 y ahora enfrentar\u00e1 a San Mart\u00edn (ST) (Informe y Fotos) - CELTTV\" \/>\n<meta property=\"og:description\" content=\"Sitio web de noticias de la localidad de Tornquist, provincia de Buenos Aires, Rep\u00fablica Argentina. Contenido propio originado por periodistas de CELTTV, el canal de TV local de la Cooperativa El\u00e9ctrica de Tornquist. Turismo, Pol\u00edtica, Sociedad, Deporte, Cultura y todo el contenido de inter\u00e9s general que la gente del pueblo y la regi\u00f3n debe conocer.\" \/>\n<meta property=\"og:url\" content=\"https:\/\/www.celttv.com.ar\/index.php\/2019\/09\/22\/automoto-gano-y-ahora-enfrentara-a-san-martin-st-informe-y-fotos\/\" \/>\n<meta property=\"og:site_name\" content=\"CELTTV\" \/>\n<meta property=\"article:publisher\" content=\"https:\/\/www.facebook.com\/celtTV\/\" \/>\n<meta property=\"article:published_time\" content=\"2019-09-22T21:06:23+00:00\" \/>\n<meta property=\"og:image\" content=\"https:\/\/www.celttv.com.ar\/wp-content\/uploads\/2019\/09\/106_7652.jpg\" \/>\n\t<meta property=\"og:image:width\" content=\"1920\" \/>\n\t<meta property=\"og:image:height\" content=\"1080\" \/>\n\t<meta property=\"og:image:type\" content=\"image\/jpeg\" \/>\n<meta name=\"author\" content=\"ulises\" \/>\n<meta name=\"twitter:card\" content=\"summary_large_image\" \/>\n<meta name=\"twitter:label1\" content=\"Escrito por\" \/>\n\t<meta name=\"twitter:data1\" content=\"ulises\" \/>\n\t<meta name=\"twitter:label2\" content=\"Tiempo de lectura\" \/>\n\t<meta name=\"twitter:data2\" content=\"3 minutos\" \/>\n<script type=\"application\/ld+json\" class=\"yoast-schema-graph\">{\"@context\":\"https:\/\/schema.org\",\"@graph\":[{\"@type\":\"NewsArticle\",\"@id\":\"https:\/\/www.celttv.com.ar\/index.php\/2019\/09\/22\/automoto-gano-y-ahora-enfrentara-a-san-martin-st-informe-y-fotos\/#article\",\"isPartOf\":{\"@id\":\"https:\/\/www.celttv.com.ar\/index.php\/2019\/09\/22\/automoto-gano-y-ahora-enfrentara-a-san-martin-st-informe-y-fotos\/\"},\"author\":{\"name\":\"ulises\",\"@id\":\"https:\/\/www.celttv.com.ar\/#\/schema\/person\/6d99c072dba59953809c81446e9d0ace\"},\"headline\":\"Automoto gan\u00f3 y ahora enfrentar\u00e1 a San Mart\u00edn (ST) (Informe y Fotos)\",\"datePublished\":\"2019-09-22T21:06:23+00:00\",\"dateModified\":\"2019-09-22T21:06:23+00:00\",\"mainEntityOfPage\":{\"@id\":\"https:\/\/www.celttv.com.ar\/index.php\/2019\/09\/22\/automoto-gano-y-ahora-enfrentara-a-san-martin-st-informe-y-fotos\/\"},\"wordCount\":691,\"publisher\":{\"@id\":\"https:\/\/www.celttv.com.ar\/#organization\"},\"articleSection\":[\"Celt TV Noticias\",\"Deporte\",\"Destacadas\",\"Magazine Sport\"],\"inLanguage\":\"es\"},{\"@type\":\"WebPage\",\"@id\":\"https:\/\/www.celttv.com.ar\/index.php\/2019\/09\/22\/automoto-gano-y-ahora-enfrentara-a-san-martin-st-informe-y-fotos\/\",\"url\":\"https:\/\/www.celttv.com.ar\/index.php\/2019\/09\/22\/automoto-gano-y-ahora-enfrentara-a-san-martin-st-informe-y-fotos\/\",\"name\":\"Automoto gan\u00f3 y ahora enfrentar\u00e1 a San Mart\u00edn (ST) (Informe y Fotos) - CELTTV\",\"isPartOf\":{\"@id\":\"https:\/\/www.celttv.com.ar\/#website\"},\"datePublished\":\"2019-09-22T21:06:23+00:00\",\"dateModified\":\"2019-09-22T21:06:23+00:00\",\"description\":\"Sitio web de noticias de la localidad de Tornquist, provincia de Buenos Aires, Rep\u00fablica Argentina. Contenido propio originado por periodistas de CELTTV, el canal de TV local de la Cooperativa El\u00e9ctrica de Tornquist. Turismo, Pol\u00edtica, Sociedad, Deporte, Cultura y todo el contenido de inter\u00e9s general que la gente del pueblo y la regi\u00f3n debe conocer.\",\"breadcrumb\":{\"@id\":\"https:\/\/www.celttv.com.ar\/index.php\/2019\/09\/22\/automoto-gano-y-ahora-enfrentara-a-san-martin-st-informe-y-fotos\/#breadcrumb\"},\"inLanguage\":\"es\",\"potentialAction\":[{\"@type\":\"ReadAction\",\"target\":[\"https:\/\/www.celttv.com.ar\/index.php\/2019\/09\/22\/automoto-gano-y-ahora-enfrentara-a-san-martin-st-informe-y-fotos\/\"]}]},{\"@type\":\"BreadcrumbList\",\"@id\":\"https:\/\/www.celttv.com.ar\/index.php\/2019\/09\/22\/automoto-gano-y-ahora-enfrentara-a-san-martin-st-informe-y-fotos\/#breadcrumb\",\"itemListElement\":[{\"@type\":\"ListItem\",\"position\":1,\"name\":\"Inicio\",\"item\":\"https:\/\/www.celttv.com.ar\/\"},{\"@type\":\"ListItem\",\"position\":2,\"name\":\"Automoto gan\u00f3 y ahora enfrentar\u00e1 a San Mart\u00edn (ST) (Informe y Fotos)\"}]},{\"@type\":\"WebSite\",\"@id\":\"https:\/\/www.celttv.com.ar\/#website\",\"url\":\"https:\/\/www.celttv.com.ar\/\",\"name\":\"CELTTV\",\"description\":\"Cooperativa El\u00e9ctrica de Tornquist\",\"publisher\":{\"@id\":\"https:\/\/www.celttv.com.ar\/#organization\"},\"potentialAction\":[{\"@type\":\"SearchAction\",\"target\":{\"@type\":\"EntryPoint\",\"urlTemplate\":\"https:\/\/www.celttv.com.ar\/?s={search_term_string}\"},\"query-input\":\"required name=search_term_string\"}],\"inLanguage\":\"es\"},{\"@type\":\"Organization\",\"@id\":\"https:\/\/www.celttv.com.ar\/#organization\",\"name\":\"CELTTV\",\"url\":\"https:\/\/www.celttv.com.ar\/\",\"sameAs\":[\"https:\/\/www.youtube.com\/channel\/UCz_oIt8Hig64Ub-EmcNPIhg\",\"https:\/\/www.facebook.com\/celtTV\/\"],\"logo\":{\"@type\":\"ImageObject\",\"inLanguage\":\"es\",\"@id\":\"https:\/\/www.celttv.com.ar\/#\/schema\/logo\/image\/\",\"url\":\"http:\/\/www.celttv.com.ar\/wp-content\/uploads\/2022\/08\/logo-1.png\",\"contentUrl\":\"http:\/\/www.celttv.com.ar\/wp-content\/uploads\/2022\/08\/logo-1.png\",\"width\":461,\"height\":159,\"caption\":\"CELTTV\"},\"image\":{\"@id\":\"https:\/\/www.celttv.com.ar\/#\/schema\/logo\/image\/\"}},{\"@type\":\"Person\",\"@id\":\"https:\/\/www.celttv.com.ar\/#\/schema\/person\/6d99c072dba59953809c81446e9d0ace\",\"name\":\"ulises\",\"image\":{\"@type\":\"ImageObject\",\"inLanguage\":\"es\",\"@id\":\"https:\/\/www.celttv.com.ar\/#\/schema\/person\/image\/\",\"url\":\"https:\/\/secure.gravatar.com\/avatar\/7f2c48bdc33b30088f941fb6082e555f2874c98e20cb159d7b92b50eadfce793?s=96&d=mm&r=g\",\"contentUrl\":\"https:\/\/secure.gravatar.com\/avatar\/7f2c48bdc33b30088f941fb6082e555f2874c98e20cb159d7b92b50eadfce793?s=96&d=mm&r=g\",\"caption\":\"ulises\"},\"sameAs\":[\"http:\/\/www.celttv.com.ar\"]}]}<\/script>\n<!-- \/ Yoast SEO plugin. -->","yoast_head_json":{"title":"Automoto gan\u00f3 y ahora enfrentar\u00e1 a San Mart\u00edn (ST) (Informe y Fotos) - CELTTV","description":"Sitio web de noticias de la localidad de Tornquist, provincia de Buenos Aires, Rep\u00fablica Argentina. Contenido propio originado por periodistas de CELTTV, el canal de TV local de la Cooperativa El\u00e9ctrica de Tornquist. Turismo, Pol\u00edtica, Sociedad, Deporte, Cultura y todo el contenido de inter\u00e9s general que la gente del pueblo y la regi\u00f3n debe conocer.","robots":{"index":"index","follow":"follow","max-snippet":"max-snippet:-1","max-image-preview":"max-image-preview:large","max-video-preview":"max-video-preview:-1"},"canonical":"https:\/\/www.celttv.com.ar\/index.php\/2019\/09\/22\/automoto-gano-y-ahora-enfrentara-a-san-martin-st-informe-y-fotos\/","og_locale":"es_ES","og_type":"article","og_title":"Automoto gan\u00f3 y ahora enfrentar\u00e1 a San Mart\u00edn (ST) (Informe y Fotos) - CELTTV","og_description":"Sitio web de noticias de la localidad de Tornquist, provincia de Buenos Aires, Rep\u00fablica Argentina. Contenido propio originado por periodistas de CELTTV, el canal de TV local de la Cooperativa El\u00e9ctrica de Tornquist. Turismo, Pol\u00edtica, Sociedad, Deporte, Cultura y todo el contenido de inter\u00e9s general que la gente del pueblo y la regi\u00f3n debe conocer.","og_url":"https:\/\/www.celttv.com.ar\/index.php\/2019\/09\/22\/automoto-gano-y-ahora-enfrentara-a-san-martin-st-informe-y-fotos\/","og_site_name":"CELTTV","article_publisher":"https:\/\/www.facebook.com\/celtTV\/","article_published_time":"2019-09-22T21:06:23+00:00","og_image":[{"width":1920,"height":1080,"url":"https:\/\/www.celttv.com.ar\/wp-content\/uploads\/2019\/09\/106_7652.jpg","type":"image\/jpeg"}],"author":"ulises","twitter_card":"summary_large_image","twitter_misc":{"Escrito por":"ulises","Tiempo de lectura":"3 minutos"},"schema":{"@context":"https:\/\/schema.org","@graph":[{"@type":"NewsArticle","@id":"https:\/\/www.celttv.com.ar\/index.php\/2019\/09\/22\/automoto-gano-y-ahora-enfrentara-a-san-martin-st-informe-y-fotos\/#article","isPartOf":{"@id":"https:\/\/www.celttv.com.ar\/index.php\/2019\/09\/22\/automoto-gano-y-ahora-enfrentara-a-san-martin-st-informe-y-fotos\/"},"author":{"name":"ulises","@id":"https:\/\/www.celttv.com.ar\/#\/schema\/person\/6d99c072dba59953809c81446e9d0ace"},"headline":"Automoto gan\u00f3 y ahora enfrentar\u00e1 a San Mart\u00edn (ST) (Informe y Fotos)","datePublished":"2019-09-22T21:06:23+00:00","dateModified":"2019-09-22T21:06:23+00:00","mainEntityOfPage":{"@id":"https:\/\/www.celttv.com.ar\/index.php\/2019\/09\/22\/automoto-gano-y-ahora-enfrentara-a-san-martin-st-informe-y-fotos\/"},"wordCount":691,"publisher":{"@id":"https:\/\/www.celttv.com.ar\/#organization"},"articleSection":["Celt TV Noticias","Deporte","Destacadas","Magazine Sport"],"inLanguage":"es"},{"@type":"WebPage","@id":"https:\/\/www.celttv.com.ar\/index.php\/2019\/09\/22\/automoto-gano-y-ahora-enfrentara-a-san-martin-st-informe-y-fotos\/","url":"https:\/\/www.celttv.com.ar\/index.php\/2019\/09\/22\/automoto-gano-y-ahora-enfrentara-a-san-martin-st-informe-y-fotos\/","name":"Automoto gan\u00f3 y ahora enfrentar\u00e1 a San Mart\u00edn (ST) (Informe y Fotos) - CELTTV","isPartOf":{"@id":"https:\/\/www.celttv.com.ar\/#website"},"datePublished":"2019-09-22T21:06:23+00:00","dateModified":"2019-09-22T21:06:23+00:00","description":"Sitio web de noticias de la localidad de Tornquist, provincia de Buenos Aires, Rep\u00fablica Argentina. Contenido propio originado por periodistas de CELTTV, el canal de TV local de la Cooperativa El\u00e9ctrica de Tornquist. Turismo, Pol\u00edtica, Sociedad, Deporte, Cultura y todo el contenido de inter\u00e9s general que la gente del pueblo y la regi\u00f3n debe conocer.","breadcrumb":{"@id":"https:\/\/www.celttv.com.ar\/index.php\/2019\/09\/22\/automoto-gano-y-ahora-enfrentara-a-san-martin-st-informe-y-fotos\/#breadcrumb"},"inLanguage":"es","potentialAction":[{"@type":"ReadAction","target":["https:\/\/www.celttv.com.ar\/index.php\/2019\/09\/22\/automoto-gano-y-ahora-enfrentara-a-san-martin-st-informe-y-fotos\/"]}]},{"@type":"BreadcrumbList","@id":"https:\/\/www.celttv.com.ar\/index.php\/2019\/09\/22\/automoto-gano-y-ahora-enfrentara-a-san-martin-st-informe-y-fotos\/#breadcrumb","itemListElement":[{"@type":"ListItem","position":1,"name":"Inicio","item":"https:\/\/www.celttv.com.ar\/"},{"@type":"ListItem","position":2,"name":"Automoto gan\u00f3 y ahora enfrentar\u00e1 a San Mart\u00edn (ST) (Informe y Fotos)"}]},{"@type":"WebSite","@id":"https:\/\/www.celttv.com.ar\/#website","url":"https:\/\/www.celttv.com.ar\/","name":"CELTTV","description":"Cooperativa El\u00e9ctrica de Tornquist","publisher":{"@id":"https:\/\/www.celttv.com.ar\/#organization"},"potentialAction":[{"@type":"SearchAction","target":{"@type":"EntryPoint","urlTemplate":"https:\/\/www.celttv.com.ar\/?s={search_term_string}"},"query-input":"required name=search_term_string"}],"inLanguage":"es"},{"@type":"Organization","@id":"https:\/\/www.celttv.com.ar\/#organization","name":"CELTTV","url":"https:\/\/www.celttv.com.ar\/","sameAs":["https:\/\/www.youtube.com\/channel\/UCz_oIt8Hig64Ub-EmcNPIhg","https:\/\/www.facebook.com\/celtTV\/"],"logo":{"@type":"ImageObject","inLanguage":"es","@id":"https:\/\/www.celttv.com.ar\/#\/schema\/logo\/image\/","url":"http:\/\/www.celttv.com.ar\/wp-content\/uploads\/2022\/08\/logo-1.png","contentUrl":"http:\/\/www.celttv.com.ar\/wp-content\/uploads\/2022\/08\/logo-1.png","width":461,"height":159,"caption":"CELTTV"},"image":{"@id":"https:\/\/www.celttv.com.ar\/#\/schema\/logo\/image\/"}},{"@type":"Person","@id":"https:\/\/www.celttv.com.ar\/#\/schema\/person\/6d99c072dba59953809c81446e9d0ace","name":"ulises","image":{"@type":"ImageObject","inLanguage":"es","@id":"https:\/\/www.celttv.com.ar\/#\/schema\/person\/image\/","url":"https:\/\/secure.gravatar.com\/avatar\/7f2c48bdc33b30088f941fb6082e555f2874c98e20cb159d7b92b50eadfce793?s=96&d=mm&r=g","contentUrl":"https:\/\/secure.gravatar.com\/avatar\/7f2c48bdc33b30088f941fb6082e555f2874c98e20cb159d7b92b50eadfce793?s=96&d=mm&r=g","caption":"ulises"},"sameAs":["http:\/\/www.celttv.com.ar"]}]}},"_links":{"self":[{"href":"https:\/\/www.celttv.com.ar\/index.php\/wp-json\/wp\/v2\/posts\/44119","targetHints":{"allow":["GET"]}}],"collection":[{"href":"https:\/\/www.celttv.com.ar\/index.php\/wp-json\/wp\/v2\/posts"}],"about":[{"href":"https:\/\/www.celttv.com.ar\/index.php\/wp-json\/wp\/v2\/types\/post"}],"author":[{"embeddable":true,"href":"https:\/\/www.celttv.com.ar\/index.php\/wp-json\/wp\/v2\/users\/1"}],"replies":[{"embeddable":true,"href":"https:\/\/www.celttv.com.ar\/index.php\/wp-json\/wp\/v2\/comments?post=44119"}],"version-history":[{"count":0,"href":"https:\/\/www.celttv.com.ar\/index.php\/wp-json\/wp\/v2\/posts\/44119\/revisions"}],"wp:featuredmedia":[{"embeddable":true,"href":"https:\/\/www.celttv.com.ar\/index.php\/wp-json\/wp\/v2\/media\/44126"}],"wp:attachment":[{"href":"https:\/\/www.celttv.com.ar\/index.php\/wp-json\/wp\/v2\/media?parent=44119"}],"wp:term":[{"taxonomy":"category","embeddable":true,"href":"https:\/\/www.celttv.com.ar\/index.php\/wp-json\/wp\/v2\/categories?post=44119"},{"taxonomy":"post_tag","embeddable":true,"href":"https:\/\/www.celttv.com.ar\/index.php\/wp-json\/wp\/v2\/tags?post=44119"}],"curies":[{"name":"wp","href":"https:\/\/api.w.org\/{rel}","templated":true}]}}