{"id":44136,"date":"2019-09-22T21:36:07","date_gmt":"2019-09-22T21:36:07","guid":{"rendered":"http:\/\/www.celttv.com.ar\/?p=44136"},"modified":"2019-09-22T21:36:07","modified_gmt":"2019-09-22T21:36:07","slug":"merecido-homenaje-a-nino-bolletta-en-el-tradicional-almuerzo-de-la-sociedad-italiana-fotos","status":"publish","type":"post","link":"https:\/\/www.celttv.com.ar\/index.php\/2019\/09\/22\/merecido-homenaje-a-nino-bolletta-en-el-tradicional-almuerzo-de-la-sociedad-italiana-fotos\/","title":{"rendered":"Merecido homenaje  a &#8220;Nino&#8221; Bolletta en el tradicional almuerzo de la Sociedad Italiana (Fotos)"},"content":{"rendered":"<p>Un momento de gran emoci\u00f3n se vivi\u00f3 en el almuerzo anual de la Sociedad Italiana, donde se impuso el nombre de <strong>&#8220;Nino Bolletta&#8221;<\/strong> al reinaugurado ex-buffet de la entidad it\u00e1lica.<\/p>\n<p>El presidente de la comisi\u00f3n directiva de la Sociedad Italiana, <strong>Antonio Mancinelli<\/strong>, junto a <strong>Nora Mazzarini<\/strong> (esposa de Nino) y el intendente <strong>Sergio Bordoni<\/strong>, fueron los responsables de descubrir la placa que identifica a la reacondicionada dependencia de la instituci\u00f3n.<\/p>\n<p>El evento, cont\u00f3 con la presencia de hijos, nietos, familiares y amigos de <strong>Nino Bolletta<\/strong>, vecinos de la comunidad e integrantes de la comisi\u00f3n directiva de la Sociedad Italiana.<\/p>\n<p>Tras la inauguraci\u00f3n, los presentes disfrutaron del tradicional almuerzo, el cual cont\u00f3 con un gran servicio.<\/p>\n<p><strong>Pr\u00f3ximamente notas e im\u00e1genes en CELTTV NOTICIAS por Canal 2 CELTTV HD.\u00a0<\/strong><\/p>\n<p><a href=\"http:\/\/www.celttv.com.ar\/?attachment_id=44137\" rel=\"attachment wp-att-44137\"><img loading=\"lazy\" decoding=\"async\" class=\"alignleft size-full wp-image-44137\" src=\"http:\/\/www.celttv.com.ar\/wp-content\/uploads\/2019\/09\/106_7613.jpg\" alt=\"\" width=\"1920\" height=\"1080\" srcset=\"https:\/\/www.celttv.com.ar\/wp-content\/uploads\/2019\/09\/106_7613.jpg 1920w, https:\/\/www.celttv.com.ar\/wp-content\/uploads\/2019\/09\/106_7613-300x169.jpg 300w, https:\/\/www.celttv.com.ar\/wp-content\/uploads\/2019\/09\/106_7613-1024x576.jpg 1024w, https:\/\/www.celttv.com.ar\/wp-content\/uploads\/2019\/09\/106_7613-768x432.jpg 768w, https:\/\/www.celttv.com.ar\/wp-content\/uploads\/2019\/09\/106_7613-1536x864.jpg 1536w, https:\/\/www.celttv.com.ar\/wp-content\/uploads\/2019\/09\/106_7613-750x422.jpg 750w, https:\/\/www.celttv.com.ar\/wp-content\/uploads\/2019\/09\/106_7613-1140x641.jpg 1140w\" sizes=\"auto, (max-width: 1920px) 100vw, 1920px\" \/><\/a><\/p>\n<p><a href=\"http:\/\/www.celttv.com.ar\/?attachment_id=44138\" rel=\"attachment wp-att-44138\"><img loading=\"lazy\" decoding=\"async\" class=\"size-medium wp-image-44138\" src=\"http:\/\/www.celttv.com.ar\/wp-content\/uploads\/2019\/09\/106_7614.jpg\" alt=\"\" width=\"780\" height=\"439\" srcset=\"https:\/\/www.celttv.com.ar\/wp-content\/uploads\/2019\/09\/106_7614.jpg 1920w, https:\/\/www.celttv.com.ar\/wp-content\/uploads\/2019\/09\/106_7614-300x169.jpg 300w, https:\/\/www.celttv.com.ar\/wp-content\/uploads\/2019\/09\/106_7614-1024x576.jpg 1024w, https:\/\/www.celttv.com.ar\/wp-content\/uploads\/2019\/09\/106_7614-768x432.jpg 768w, https:\/\/www.celttv.com.ar\/wp-content\/uploads\/2019\/09\/106_7614-1536x864.jpg 1536w, https:\/\/www.celttv.com.ar\/wp-content\/uploads\/2019\/09\/106_7614-750x422.jpg 750w, https:\/\/www.celttv.com.ar\/wp-content\/uploads\/2019\/09\/106_7614-1140x641.jpg 1140w\" sizes=\"auto, (max-width: 780px) 100vw, 780px\" \/><\/a><\/p>\n<p><a href=\"http:\/\/www.celttv.com.ar\/?attachment_id=44139\" rel=\"attachment wp-att-44139\"><img loading=\"lazy\" decoding=\"async\" class=\"size-medium wp-image-44139\" src=\"http:\/\/www.celttv.com.ar\/wp-content\/uploads\/2019\/09\/106_7615.jpg\" alt=\"\" width=\"780\" height=\"439\" srcset=\"https:\/\/www.celttv.com.ar\/wp-content\/uploads\/2019\/09\/106_7615.jpg 1920w, https:\/\/www.celttv.com.ar\/wp-content\/uploads\/2019\/09\/106_7615-300x169.jpg 300w, https:\/\/www.celttv.com.ar\/wp-content\/uploads\/2019\/09\/106_7615-1024x576.jpg 1024w, https:\/\/www.celttv.com.ar\/wp-content\/uploads\/2019\/09\/106_7615-768x432.jpg 768w, https:\/\/www.celttv.com.ar\/wp-content\/uploads\/2019\/09\/106_7615-1536x864.jpg 1536w, https:\/\/www.celttv.com.ar\/wp-content\/uploads\/2019\/09\/106_7615-750x422.jpg 750w, https:\/\/www.celttv.com.ar\/wp-content\/uploads\/2019\/09\/106_7615-1140x641.jpg 1140w\" sizes=\"auto, (max-width: 780px) 100vw, 780px\" \/><\/a><\/p>\n<p><a href=\"http:\/\/www.celttv.com.ar\/?attachment_id=44140\" rel=\"attachment wp-att-44140\"><img loading=\"lazy\" decoding=\"async\" class=\"size-medium wp-image-44140\" src=\"http:\/\/www.celttv.com.ar\/wp-content\/uploads\/2019\/09\/106_7616.jpg\" alt=\"\" width=\"780\" height=\"439\" srcset=\"https:\/\/www.celttv.com.ar\/wp-content\/uploads\/2019\/09\/106_7616.jpg 1920w, https:\/\/www.celttv.com.ar\/wp-content\/uploads\/2019\/09\/106_7616-300x169.jpg 300w, https:\/\/www.celttv.com.ar\/wp-content\/uploads\/2019\/09\/106_7616-1024x576.jpg 1024w, https:\/\/www.celttv.com.ar\/wp-content\/uploads\/2019\/09\/106_7616-768x432.jpg 768w, https:\/\/www.celttv.com.ar\/wp-content\/uploads\/2019\/09\/106_7616-1536x864.jpg 1536w, https:\/\/www.celttv.com.ar\/wp-content\/uploads\/2019\/09\/106_7616-750x422.jpg 750w, https:\/\/www.celttv.com.ar\/wp-content\/uploads\/2019\/09\/106_7616-1140x641.jpg 1140w\" sizes=\"auto, (max-width: 780px) 100vw, 780px\" \/><\/a><\/p>\n<p><a href=\"http:\/\/www.celttv.com.ar\/?attachment_id=44141\" rel=\"attachment wp-att-44141\"><img loading=\"lazy\" decoding=\"async\" class=\"size-medium wp-image-44141\" src=\"http:\/\/www.celttv.com.ar\/wp-content\/uploads\/2019\/09\/106_7617.jpg\" alt=\"\" width=\"780\" height=\"439\" srcset=\"https:\/\/www.celttv.com.ar\/wp-content\/uploads\/2019\/09\/106_7617.jpg 1920w, https:\/\/www.celttv.com.ar\/wp-content\/uploads\/2019\/09\/106_7617-300x169.jpg 300w, https:\/\/www.celttv.com.ar\/wp-content\/uploads\/2019\/09\/106_7617-1024x576.jpg 1024w, https:\/\/www.celttv.com.ar\/wp-content\/uploads\/2019\/09\/106_7617-768x432.jpg 768w, https:\/\/www.celttv.com.ar\/wp-content\/uploads\/2019\/09\/106_7617-1536x864.jpg 1536w, https:\/\/www.celttv.com.ar\/wp-content\/uploads\/2019\/09\/106_7617-750x422.jpg 750w, https:\/\/www.celttv.com.ar\/wp-content\/uploads\/2019\/09\/106_7617-1140x641.jpg 1140w\" sizes=\"auto, (max-width: 780px) 100vw, 780px\" \/><\/a><\/p>\n<p><a href=\"http:\/\/www.celttv.com.ar\/?attachment_id=44142\" rel=\"attachment wp-att-44142\"><img loading=\"lazy\" decoding=\"async\" class=\"size-medium wp-image-44142\" src=\"http:\/\/www.celttv.com.ar\/wp-content\/uploads\/2019\/09\/106_7618.jpg\" alt=\"\" width=\"780\" height=\"439\" srcset=\"https:\/\/www.celttv.com.ar\/wp-content\/uploads\/2019\/09\/106_7618.jpg 1920w, https:\/\/www.celttv.com.ar\/wp-content\/uploads\/2019\/09\/106_7618-300x169.jpg 300w, https:\/\/www.celttv.com.ar\/wp-content\/uploads\/2019\/09\/106_7618-1024x576.jpg 1024w, https:\/\/www.celttv.com.ar\/wp-content\/uploads\/2019\/09\/106_7618-768x432.jpg 768w, https:\/\/www.celttv.com.ar\/wp-content\/uploads\/2019\/09\/106_7618-1536x864.jpg 1536w, https:\/\/www.celttv.com.ar\/wp-content\/uploads\/2019\/09\/106_7618-750x422.jpg 750w, https:\/\/www.celttv.com.ar\/wp-content\/uploads\/2019\/09\/106_7618-1140x641.jpg 1140w\" sizes=\"auto, (max-width: 780px) 100vw, 780px\" \/><\/a><\/p>\n<p><a href=\"http:\/\/www.celttv.com.ar\/?attachment_id=44143\" rel=\"attachment wp-att-44143\"><img loading=\"lazy\" decoding=\"async\" class=\"size-medium wp-image-44143\" src=\"http:\/\/www.celttv.com.ar\/wp-content\/uploads\/2019\/09\/106_7619.jpg\" alt=\"\" width=\"780\" height=\"439\" srcset=\"https:\/\/www.celttv.com.ar\/wp-content\/uploads\/2019\/09\/106_7619.jpg 1920w, https:\/\/www.celttv.com.ar\/wp-content\/uploads\/2019\/09\/106_7619-300x169.jpg 300w, https:\/\/www.celttv.com.ar\/wp-content\/uploads\/2019\/09\/106_7619-1024x576.jpg 1024w, https:\/\/www.celttv.com.ar\/wp-content\/uploads\/2019\/09\/106_7619-768x432.jpg 768w, https:\/\/www.celttv.com.ar\/wp-content\/uploads\/2019\/09\/106_7619-1536x864.jpg 1536w, https:\/\/www.celttv.com.ar\/wp-content\/uploads\/2019\/09\/106_7619-750x422.jpg 750w, https:\/\/www.celttv.com.ar\/wp-content\/uploads\/2019\/09\/106_7619-1140x641.jpg 1140w\" sizes=\"auto, (max-width: 780px) 100vw, 780px\" \/><\/a><\/p>\n<p><a href=\"http:\/\/www.celttv.com.ar\/?attachment_id=44144\" rel=\"attachment wp-att-44144\"><img loading=\"lazy\" decoding=\"async\" class=\"size-medium wp-image-44144\" src=\"http:\/\/www.celttv.com.ar\/wp-content\/uploads\/2019\/09\/106_7621.jpg\" alt=\"\" width=\"439\" height=\"780\" srcset=\"https:\/\/www.celttv.com.ar\/wp-content\/uploads\/2019\/09\/106_7621.jpg 1080w, https:\/\/www.celttv.com.ar\/wp-content\/uploads\/2019\/09\/106_7621-169x300.jpg 169w, https:\/\/www.celttv.com.ar\/wp-content\/uploads\/2019\/09\/106_7621-576x1024.jpg 576w, https:\/\/www.celttv.com.ar\/wp-content\/uploads\/2019\/09\/106_7621-768x1365.jpg 768w, https:\/\/www.celttv.com.ar\/wp-content\/uploads\/2019\/09\/106_7621-864x1536.jpg 864w, https:\/\/www.celttv.com.ar\/wp-content\/uploads\/2019\/09\/106_7621-750x1333.jpg 750w\" sizes=\"auto, (max-width: 439px) 100vw, 439px\" \/><\/a><\/p>\n<p><a href=\"http:\/\/www.celttv.com.ar\/?attachment_id=44145\" rel=\"attachment wp-att-44145\"><img loading=\"lazy\" decoding=\"async\" class=\"size-medium wp-image-44145\" src=\"http:\/\/www.celttv.com.ar\/wp-content\/uploads\/2019\/09\/106_7622.jpg\" alt=\"\" width=\"780\" height=\"439\" srcset=\"https:\/\/www.celttv.com.ar\/wp-content\/uploads\/2019\/09\/106_7622.jpg 1920w, https:\/\/www.celttv.com.ar\/wp-content\/uploads\/2019\/09\/106_7622-300x169.jpg 300w, https:\/\/www.celttv.com.ar\/wp-content\/uploads\/2019\/09\/106_7622-1024x576.jpg 1024w, https:\/\/www.celttv.com.ar\/wp-content\/uploads\/2019\/09\/106_7622-768x432.jpg 768w, https:\/\/www.celttv.com.ar\/wp-content\/uploads\/2019\/09\/106_7622-1536x864.jpg 1536w, https:\/\/www.celttv.com.ar\/wp-content\/uploads\/2019\/09\/106_7622-750x422.jpg 750w, https:\/\/www.celttv.com.ar\/wp-content\/uploads\/2019\/09\/106_7622-1140x641.jpg 1140w\" sizes=\"auto, (max-width: 780px) 100vw, 780px\" \/><\/a><\/p>\n<p><a href=\"http:\/\/www.celttv.com.ar\/?attachment_id=44146\" rel=\"attachment wp-att-44146\"><img loading=\"lazy\" decoding=\"async\" class=\"size-medium wp-image-44146\" src=\"http:\/\/www.celttv.com.ar\/wp-content\/uploads\/2019\/09\/106_7625.jpg\" alt=\"\" width=\"780\" height=\"439\" srcset=\"https:\/\/www.celttv.com.ar\/wp-content\/uploads\/2019\/09\/106_7625.jpg 1920w, https:\/\/www.celttv.com.ar\/wp-content\/uploads\/2019\/09\/106_7625-300x169.jpg 300w, https:\/\/www.celttv.com.ar\/wp-content\/uploads\/2019\/09\/106_7625-1024x576.jpg 1024w, https:\/\/www.celttv.com.ar\/wp-content\/uploads\/2019\/09\/106_7625-768x432.jpg 768w, https:\/\/www.celttv.com.ar\/wp-content\/uploads\/2019\/09\/106_7625-1536x864.jpg 1536w, https:\/\/www.celttv.com.ar\/wp-content\/uploads\/2019\/09\/106_7625-750x422.jpg 750w, https:\/\/www.celttv.com.ar\/wp-content\/uploads\/2019\/09\/106_7625-1140x641.jpg 1140w\" sizes=\"auto, (max-width: 780px) 100vw, 780px\" \/><\/a><\/p>\n<p><a href=\"http:\/\/www.celttv.com.ar\/?attachment_id=44147\" rel=\"attachment wp-att-44147\"><img loading=\"lazy\" decoding=\"async\" class=\"size-medium wp-image-44147\" src=\"http:\/\/www.celttv.com.ar\/wp-content\/uploads\/2019\/09\/106_7628.jpg\" alt=\"\" width=\"780\" height=\"439\" srcset=\"https:\/\/www.celttv.com.ar\/wp-content\/uploads\/2019\/09\/106_7628.jpg 1920w, https:\/\/www.celttv.com.ar\/wp-content\/uploads\/2019\/09\/106_7628-300x169.jpg 300w, https:\/\/www.celttv.com.ar\/wp-content\/uploads\/2019\/09\/106_7628-1024x576.jpg 1024w, https:\/\/www.celttv.com.ar\/wp-content\/uploads\/2019\/09\/106_7628-768x432.jpg 768w, https:\/\/www.celttv.com.ar\/wp-content\/uploads\/2019\/09\/106_7628-1536x864.jpg 1536w, https:\/\/www.celttv.com.ar\/wp-content\/uploads\/2019\/09\/106_7628-750x422.jpg 750w, https:\/\/www.celttv.com.ar\/wp-content\/uploads\/2019\/09\/106_7628-1140x641.jpg 1140w\" sizes=\"auto, (max-width: 780px) 100vw, 780px\" \/><\/a><\/p>\n<p><a href=\"http:\/\/www.celttv.com.ar\/?attachment_id=44148\" rel=\"attachment wp-att-44148\"><img loading=\"lazy\" decoding=\"async\" class=\"size-medium wp-image-44148\" src=\"http:\/\/www.celttv.com.ar\/wp-content\/uploads\/2019\/09\/106_7629.jpg\" alt=\"\" width=\"780\" height=\"439\" srcset=\"https:\/\/www.celttv.com.ar\/wp-content\/uploads\/2019\/09\/106_7629.jpg 1920w, https:\/\/www.celttv.com.ar\/wp-content\/uploads\/2019\/09\/106_7629-300x169.jpg 300w, https:\/\/www.celttv.com.ar\/wp-content\/uploads\/2019\/09\/106_7629-1024x576.jpg 1024w, https:\/\/www.celttv.com.ar\/wp-content\/uploads\/2019\/09\/106_7629-768x432.jpg 768w, https:\/\/www.celttv.com.ar\/wp-content\/uploads\/2019\/09\/106_7629-1536x864.jpg 1536w, https:\/\/www.celttv.com.ar\/wp-content\/uploads\/2019\/09\/106_7629-750x422.jpg 750w, https:\/\/www.celttv.com.ar\/wp-content\/uploads\/2019\/09\/106_7629-1140x641.jpg 1140w\" sizes=\"auto, (max-width: 780px) 100vw, 780px\" \/><\/a><\/p>\n<p><a href=\"http:\/\/www.celttv.com.ar\/?attachment_id=44149\" rel=\"attachment wp-att-44149\"><img loading=\"lazy\" decoding=\"async\" class=\"size-medium wp-image-44149\" src=\"http:\/\/www.celttv.com.ar\/wp-content\/uploads\/2019\/09\/106_7630.jpg\" alt=\"\" width=\"780\" height=\"439\" srcset=\"https:\/\/www.celttv.com.ar\/wp-content\/uploads\/2019\/09\/106_7630.jpg 1920w, https:\/\/www.celttv.com.ar\/wp-content\/uploads\/2019\/09\/106_7630-300x169.jpg 300w, https:\/\/www.celttv.com.ar\/wp-content\/uploads\/2019\/09\/106_7630-1024x576.jpg 1024w, https:\/\/www.celttv.com.ar\/wp-content\/uploads\/2019\/09\/106_7630-768x432.jpg 768w, https:\/\/www.celttv.com.ar\/wp-content\/uploads\/2019\/09\/106_7630-1536x864.jpg 1536w, https:\/\/www.celttv.com.ar\/wp-content\/uploads\/2019\/09\/106_7630-750x422.jpg 750w, https:\/\/www.celttv.com.ar\/wp-content\/uploads\/2019\/09\/106_7630-1140x641.jpg 1140w\" sizes=\"auto, (max-width: 780px) 100vw, 780px\" \/><\/a><\/p>\n<p><a href=\"http:\/\/www.celttv.com.ar\/?attachment_id=44150\" rel=\"attachment wp-att-44150\"><img loading=\"lazy\" decoding=\"async\" class=\"size-medium wp-image-44150\" src=\"http:\/\/www.celttv.com.ar\/wp-content\/uploads\/2019\/09\/106_7631.jpg\" alt=\"\" width=\"780\" height=\"439\" srcset=\"https:\/\/www.celttv.com.ar\/wp-content\/uploads\/2019\/09\/106_7631.jpg 1920w, https:\/\/www.celttv.com.ar\/wp-content\/uploads\/2019\/09\/106_7631-300x169.jpg 300w, https:\/\/www.celttv.com.ar\/wp-content\/uploads\/2019\/09\/106_7631-1024x576.jpg 1024w, https:\/\/www.celttv.com.ar\/wp-content\/uploads\/2019\/09\/106_7631-768x432.jpg 768w, https:\/\/www.celttv.com.ar\/wp-content\/uploads\/2019\/09\/106_7631-1536x864.jpg 1536w, https:\/\/www.celttv.com.ar\/wp-content\/uploads\/2019\/09\/106_7631-750x422.jpg 750w, https:\/\/www.celttv.com.ar\/wp-content\/uploads\/2019\/09\/106_7631-1140x641.jpg 1140w\" sizes=\"auto, (max-width: 780px) 100vw, 780px\" \/><\/a><\/p>\n<p><a href=\"http:\/\/www.celttv.com.ar\/?attachment_id=44151\" rel=\"attachment wp-att-44151\"><img loading=\"lazy\" decoding=\"async\" class=\"size-medium wp-image-44151\" src=\"http:\/\/www.celttv.com.ar\/wp-content\/uploads\/2019\/09\/106_7632.jpg\" alt=\"\" width=\"780\" height=\"439\" srcset=\"https:\/\/www.celttv.com.ar\/wp-content\/uploads\/2019\/09\/106_7632.jpg 1920w, https:\/\/www.celttv.com.ar\/wp-content\/uploads\/2019\/09\/106_7632-300x169.jpg 300w, https:\/\/www.celttv.com.ar\/wp-content\/uploads\/2019\/09\/106_7632-1024x576.jpg 1024w, https:\/\/www.celttv.com.ar\/wp-content\/uploads\/2019\/09\/106_7632-768x432.jpg 768w, https:\/\/www.celttv.com.ar\/wp-content\/uploads\/2019\/09\/106_7632-1536x864.jpg 1536w, https:\/\/www.celttv.com.ar\/wp-content\/uploads\/2019\/09\/106_7632-750x422.jpg 750w, https:\/\/www.celttv.com.ar\/wp-content\/uploads\/2019\/09\/106_7632-1140x641.jpg 1140w\" sizes=\"auto, (max-width: 780px) 100vw, 780px\" \/><\/a><\/p>\n<p><a href=\"http:\/\/www.celttv.com.ar\/?attachment_id=44152\" rel=\"attachment wp-att-44152\"><img loading=\"lazy\" decoding=\"async\" class=\"size-medium wp-image-44152\" src=\"http:\/\/www.celttv.com.ar\/wp-content\/uploads\/2019\/09\/106_7634.jpg\" alt=\"\" width=\"780\" height=\"439\" srcset=\"https:\/\/www.celttv.com.ar\/wp-content\/uploads\/2019\/09\/106_7634.jpg 1920w, https:\/\/www.celttv.com.ar\/wp-content\/uploads\/2019\/09\/106_7634-300x169.jpg 300w, https:\/\/www.celttv.com.ar\/wp-content\/uploads\/2019\/09\/106_7634-1024x576.jpg 1024w, https:\/\/www.celttv.com.ar\/wp-content\/uploads\/2019\/09\/106_7634-768x432.jpg 768w, https:\/\/www.celttv.com.ar\/wp-content\/uploads\/2019\/09\/106_7634-1536x864.jpg 1536w, https:\/\/www.celttv.com.ar\/wp-content\/uploads\/2019\/09\/106_7634-750x422.jpg 750w, https:\/\/www.celttv.com.ar\/wp-content\/uploads\/2019\/09\/106_7634-1140x641.jpg 1140w\" sizes=\"auto, (max-width: 780px) 100vw, 780px\" \/><\/a><\/p>\n<p><a href=\"http:\/\/www.celttv.com.ar\/?attachment_id=44153\" rel=\"attachment wp-att-44153\"><img loading=\"lazy\" decoding=\"async\" class=\"size-medium wp-image-44153\" src=\"http:\/\/www.celttv.com.ar\/wp-content\/uploads\/2019\/09\/106_7635.jpg\" alt=\"\" width=\"780\" height=\"439\" srcset=\"https:\/\/www.celttv.com.ar\/wp-content\/uploads\/2019\/09\/106_7635.jpg 1920w, https:\/\/www.celttv.com.ar\/wp-content\/uploads\/2019\/09\/106_7635-300x169.jpg 300w, https:\/\/www.celttv.com.ar\/wp-content\/uploads\/2019\/09\/106_7635-1024x576.jpg 1024w, https:\/\/www.celttv.com.ar\/wp-content\/uploads\/2019\/09\/106_7635-768x432.jpg 768w, https:\/\/www.celttv.com.ar\/wp-content\/uploads\/2019\/09\/106_7635-1536x864.jpg 1536w, https:\/\/www.celttv.com.ar\/wp-content\/uploads\/2019\/09\/106_7635-750x422.jpg 750w, https:\/\/www.celttv.com.ar\/wp-content\/uploads\/2019\/09\/106_7635-1140x641.jpg 1140w\" sizes=\"auto, (max-width: 780px) 100vw, 780px\" \/><\/a><\/p>\n<p><a href=\"http:\/\/www.celttv.com.ar\/?attachment_id=44154\" rel=\"attachment wp-att-44154\"><img loading=\"lazy\" decoding=\"async\" class=\"size-medium wp-image-44154\" src=\"http:\/\/www.celttv.com.ar\/wp-content\/uploads\/2019\/09\/106_7636.jpg\" alt=\"\" width=\"780\" height=\"439\" srcset=\"https:\/\/www.celttv.com.ar\/wp-content\/uploads\/2019\/09\/106_7636.jpg 1920w, https:\/\/www.celttv.com.ar\/wp-content\/uploads\/2019\/09\/106_7636-300x169.jpg 300w, https:\/\/www.celttv.com.ar\/wp-content\/uploads\/2019\/09\/106_7636-1024x576.jpg 1024w, https:\/\/www.celttv.com.ar\/wp-content\/uploads\/2019\/09\/106_7636-768x432.jpg 768w, https:\/\/www.celttv.com.ar\/wp-content\/uploads\/2019\/09\/106_7636-1536x864.jpg 1536w, https:\/\/www.celttv.com.ar\/wp-content\/uploads\/2019\/09\/106_7636-750x422.jpg 750w, https:\/\/www.celttv.com.ar\/wp-content\/uploads\/2019\/09\/106_7636-1140x641.jpg 1140w\" sizes=\"auto, (max-width: 780px) 100vw, 780px\" \/><\/a><\/p>\n<p><a href=\"http:\/\/www.celttv.com.ar\/?attachment_id=44155\" rel=\"attachment wp-att-44155\"><img loading=\"lazy\" decoding=\"async\" class=\"size-medium wp-image-44155\" src=\"http:\/\/www.celttv.com.ar\/wp-content\/uploads\/2019\/09\/106_7637.jpg\" alt=\"\" width=\"780\" height=\"439\" srcset=\"https:\/\/www.celttv.com.ar\/wp-content\/uploads\/2019\/09\/106_7637.jpg 1920w, https:\/\/www.celttv.com.ar\/wp-content\/uploads\/2019\/09\/106_7637-300x169.jpg 300w, https:\/\/www.celttv.com.ar\/wp-content\/uploads\/2019\/09\/106_7637-1024x576.jpg 1024w, https:\/\/www.celttv.com.ar\/wp-content\/uploads\/2019\/09\/106_7637-768x432.jpg 768w, https:\/\/www.celttv.com.ar\/wp-content\/uploads\/2019\/09\/106_7637-1536x864.jpg 1536w, https:\/\/www.celttv.com.ar\/wp-content\/uploads\/2019\/09\/106_7637-750x422.jpg 750w, https:\/\/www.celttv.com.ar\/wp-content\/uploads\/2019\/09\/106_7637-1140x641.jpg 1140w\" sizes=\"auto, (max-width: 780px) 100vw, 780px\" \/><\/a><\/p>\n<p><a href=\"http:\/\/www.celttv.com.ar\/?attachment_id=44156\" rel=\"attachment wp-att-44156\"><img loading=\"lazy\" decoding=\"async\" class=\"size-medium wp-image-44156\" src=\"http:\/\/www.celttv.com.ar\/wp-content\/uploads\/2019\/09\/106_7638.jpg\" alt=\"\" width=\"780\" height=\"439\" srcset=\"https:\/\/www.celttv.com.ar\/wp-content\/uploads\/2019\/09\/106_7638.jpg 1920w, https:\/\/www.celttv.com.ar\/wp-content\/uploads\/2019\/09\/106_7638-300x169.jpg 300w, https:\/\/www.celttv.com.ar\/wp-content\/uploads\/2019\/09\/106_7638-1024x576.jpg 1024w, https:\/\/www.celttv.com.ar\/wp-content\/uploads\/2019\/09\/106_7638-768x432.jpg 768w, https:\/\/www.celttv.com.ar\/wp-content\/uploads\/2019\/09\/106_7638-1536x864.jpg 1536w, https:\/\/www.celttv.com.ar\/wp-content\/uploads\/2019\/09\/106_7638-750x422.jpg 750w, https:\/\/www.celttv.com.ar\/wp-content\/uploads\/2019\/09\/106_7638-1140x641.jpg 1140w\" sizes=\"auto, (max-width: 780px) 100vw, 780px\" \/><\/a><\/p>\n<p><a href=\"http:\/\/www.celttv.com.ar\/?attachment_id=44157\" rel=\"attachment wp-att-44157\"><img loading=\"lazy\" decoding=\"async\" class=\"size-medium wp-image-44157\" src=\"http:\/\/www.celttv.com.ar\/wp-content\/uploads\/2019\/09\/106_7640.jpg\" alt=\"\" width=\"780\" height=\"439\" srcset=\"https:\/\/www.celttv.com.ar\/wp-content\/uploads\/2019\/09\/106_7640.jpg 1920w, https:\/\/www.celttv.com.ar\/wp-content\/uploads\/2019\/09\/106_7640-300x169.jpg 300w, https:\/\/www.celttv.com.ar\/wp-content\/uploads\/2019\/09\/106_7640-1024x576.jpg 1024w, https:\/\/www.celttv.com.ar\/wp-content\/uploads\/2019\/09\/106_7640-768x432.jpg 768w, https:\/\/www.celttv.com.ar\/wp-content\/uploads\/2019\/09\/106_7640-1536x864.jpg 1536w, https:\/\/www.celttv.com.ar\/wp-content\/uploads\/2019\/09\/106_7640-750x422.jpg 750w, https:\/\/www.celttv.com.ar\/wp-content\/uploads\/2019\/09\/106_7640-1140x641.jpg 1140w\" sizes=\"auto, (max-width: 780px) 100vw, 780px\" \/><\/a><\/p>\n","protected":false},"excerpt":{"rendered":"<p>Un momento de gran emoci\u00f3n se vivi\u00f3 en el almuerzo anual de la Sociedad Italiana, donde se impuso el nombre de &#8220;Nino Bolletta&#8221; al reinaugurado ex-buffet de la entidad it\u00e1lica. El presidente de la comisi\u00f3n directiva de la Sociedad Italiana, Antonio Mancinelli, junto a Nora Mazzarini (esposa de Nino) y el intendente Sergio Bordoni, fueron [&hellip;]<\/p>\n","protected":false},"author":1,"featured_media":44145,"comment_status":"closed","ping_status":"open","sticky":false,"template":"","format":"standard","meta":{"footnotes":""},"categories":[55,51,52,56],"tags":[],"class_list":["post-44136","post","type-post","status-publish","format-standard","has-post-thumbnail","hentry","category-celt-tv-noticias","category-comunidad","category-destacadas","category-espectaculos"],"yoast_head":"<!-- This site is optimized with the Yoast SEO plugin v19.7.1 - https:\/\/yoast.com\/wordpress\/plugins\/seo\/ -->\n<title>Merecido homenaje a &quot;Nino&quot; Bolletta en el tradicional almuerzo de la Sociedad Italiana (Fotos) - CELTTV<\/title>\n<meta name=\"description\" content=\"Sitio web de noticias de la localidad de Tornquist, provincia de Buenos Aires, Rep\u00fablica Argentina. Contenido propio originado por periodistas de CELTTV, el canal de TV local de la Cooperativa El\u00e9ctrica de Tornquist. Turismo, Pol\u00edtica, Sociedad, Deporte, Cultura y todo el contenido de inter\u00e9s general que la gente del pueblo y la regi\u00f3n debe conocer.\" \/>\n<meta name=\"robots\" content=\"index, follow, max-snippet:-1, max-image-preview:large, max-video-preview:-1\" \/>\n<link rel=\"canonical\" href=\"https:\/\/www.celttv.com.ar\/index.php\/2019\/09\/22\/merecido-homenaje-a-nino-bolletta-en-el-tradicional-almuerzo-de-la-sociedad-italiana-fotos\/\" \/>\n<meta property=\"og:locale\" content=\"es_ES\" \/>\n<meta property=\"og:type\" content=\"article\" \/>\n<meta property=\"og:title\" content=\"Merecido homenaje a &quot;Nino&quot; Bolletta en el tradicional almuerzo de la Sociedad Italiana (Fotos) - CELTTV\" \/>\n<meta property=\"og:description\" content=\"Sitio web de noticias de la localidad de Tornquist, provincia de Buenos Aires, Rep\u00fablica Argentina. Contenido propio originado por periodistas de CELTTV, el canal de TV local de la Cooperativa El\u00e9ctrica de Tornquist. Turismo, Pol\u00edtica, Sociedad, Deporte, Cultura y todo el contenido de inter\u00e9s general que la gente del pueblo y la regi\u00f3n debe conocer.\" \/>\n<meta property=\"og:url\" content=\"https:\/\/www.celttv.com.ar\/index.php\/2019\/09\/22\/merecido-homenaje-a-nino-bolletta-en-el-tradicional-almuerzo-de-la-sociedad-italiana-fotos\/\" \/>\n<meta property=\"og:site_name\" content=\"CELTTV\" \/>\n<meta property=\"article:publisher\" content=\"https:\/\/www.facebook.com\/celtTV\/\" \/>\n<meta property=\"article:published_time\" content=\"2019-09-22T21:36:07+00:00\" \/>\n<meta property=\"og:image\" content=\"https:\/\/www.celttv.com.ar\/wp-content\/uploads\/2019\/09\/106_7622.jpg\" \/>\n\t<meta property=\"og:image:width\" content=\"1920\" \/>\n\t<meta property=\"og:image:height\" content=\"1080\" \/>\n\t<meta property=\"og:image:type\" content=\"image\/jpeg\" \/>\n<meta name=\"author\" content=\"ulises\" \/>\n<meta name=\"twitter:card\" content=\"summary_large_image\" \/>\n<meta name=\"twitter:label1\" content=\"Escrito por\" \/>\n\t<meta name=\"twitter:data1\" content=\"ulises\" \/>\n\t<meta name=\"twitter:label2\" content=\"Tiempo de lectura\" \/>\n\t<meta name=\"twitter:data2\" content=\"1 minuto\" \/>\n<script type=\"application\/ld+json\" class=\"yoast-schema-graph\">{\"@context\":\"https:\/\/schema.org\",\"@graph\":[{\"@type\":\"NewsArticle\",\"@id\":\"https:\/\/www.celttv.com.ar\/index.php\/2019\/09\/22\/merecido-homenaje-a-nino-bolletta-en-el-tradicional-almuerzo-de-la-sociedad-italiana-fotos\/#article\",\"isPartOf\":{\"@id\":\"https:\/\/www.celttv.com.ar\/index.php\/2019\/09\/22\/merecido-homenaje-a-nino-bolletta-en-el-tradicional-almuerzo-de-la-sociedad-italiana-fotos\/\"},\"author\":{\"name\":\"ulises\",\"@id\":\"https:\/\/www.celttv.com.ar\/#\/schema\/person\/6d99c072dba59953809c81446e9d0ace\"},\"headline\":\"Merecido homenaje a &#8220;Nino&#8221; Bolletta en el tradicional almuerzo de la Sociedad Italiana (Fotos)\",\"datePublished\":\"2019-09-22T21:36:07+00:00\",\"dateModified\":\"2019-09-22T21:36:07+00:00\",\"mainEntityOfPage\":{\"@id\":\"https:\/\/www.celttv.com.ar\/index.php\/2019\/09\/22\/merecido-homenaje-a-nino-bolletta-en-el-tradicional-almuerzo-de-la-sociedad-italiana-fotos\/\"},\"wordCount\":148,\"publisher\":{\"@id\":\"https:\/\/www.celttv.com.ar\/#organization\"},\"articleSection\":[\"Celt TV Noticias\",\"Comunidad\",\"Destacadas\",\"Espect\u00e1culos\"],\"inLanguage\":\"es\"},{\"@type\":\"WebPage\",\"@id\":\"https:\/\/www.celttv.com.ar\/index.php\/2019\/09\/22\/merecido-homenaje-a-nino-bolletta-en-el-tradicional-almuerzo-de-la-sociedad-italiana-fotos\/\",\"url\":\"https:\/\/www.celttv.com.ar\/index.php\/2019\/09\/22\/merecido-homenaje-a-nino-bolletta-en-el-tradicional-almuerzo-de-la-sociedad-italiana-fotos\/\",\"name\":\"Merecido homenaje a \\\"Nino\\\" Bolletta en el tradicional almuerzo de la Sociedad Italiana (Fotos) - CELTTV\",\"isPartOf\":{\"@id\":\"https:\/\/www.celttv.com.ar\/#website\"},\"datePublished\":\"2019-09-22T21:36:07+00:00\",\"dateModified\":\"2019-09-22T21:36:07+00:00\",\"description\":\"Sitio web de noticias de la localidad de Tornquist, provincia de Buenos Aires, Rep\u00fablica Argentina. Contenido propio originado por periodistas de CELTTV, el canal de TV local de la Cooperativa El\u00e9ctrica de Tornquist. Turismo, Pol\u00edtica, Sociedad, Deporte, Cultura y todo el contenido de inter\u00e9s general que la gente del pueblo y la regi\u00f3n debe conocer.\",\"breadcrumb\":{\"@id\":\"https:\/\/www.celttv.com.ar\/index.php\/2019\/09\/22\/merecido-homenaje-a-nino-bolletta-en-el-tradicional-almuerzo-de-la-sociedad-italiana-fotos\/#breadcrumb\"},\"inLanguage\":\"es\",\"potentialAction\":[{\"@type\":\"ReadAction\",\"target\":[\"https:\/\/www.celttv.com.ar\/index.php\/2019\/09\/22\/merecido-homenaje-a-nino-bolletta-en-el-tradicional-almuerzo-de-la-sociedad-italiana-fotos\/\"]}]},{\"@type\":\"BreadcrumbList\",\"@id\":\"https:\/\/www.celttv.com.ar\/index.php\/2019\/09\/22\/merecido-homenaje-a-nino-bolletta-en-el-tradicional-almuerzo-de-la-sociedad-italiana-fotos\/#breadcrumb\",\"itemListElement\":[{\"@type\":\"ListItem\",\"position\":1,\"name\":\"Inicio\",\"item\":\"https:\/\/www.celttv.com.ar\/\"},{\"@type\":\"ListItem\",\"position\":2,\"name\":\"Merecido homenaje a &#8220;Nino&#8221; Bolletta en el tradicional almuerzo de la Sociedad Italiana (Fotos)\"}]},{\"@type\":\"WebSite\",\"@id\":\"https:\/\/www.celttv.com.ar\/#website\",\"url\":\"https:\/\/www.celttv.com.ar\/\",\"name\":\"CELTTV\",\"description\":\"Cooperativa El\u00e9ctrica de Tornquist\",\"publisher\":{\"@id\":\"https:\/\/www.celttv.com.ar\/#organization\"},\"potentialAction\":[{\"@type\":\"SearchAction\",\"target\":{\"@type\":\"EntryPoint\",\"urlTemplate\":\"https:\/\/www.celttv.com.ar\/?s={search_term_string}\"},\"query-input\":\"required name=search_term_string\"}],\"inLanguage\":\"es\"},{\"@type\":\"Organization\",\"@id\":\"https:\/\/www.celttv.com.ar\/#organization\",\"name\":\"CELTTV\",\"url\":\"https:\/\/www.celttv.com.ar\/\",\"sameAs\":[\"https:\/\/www.youtube.com\/channel\/UCz_oIt8Hig64Ub-EmcNPIhg\",\"https:\/\/www.facebook.com\/celtTV\/\"],\"logo\":{\"@type\":\"ImageObject\",\"inLanguage\":\"es\",\"@id\":\"https:\/\/www.celttv.com.ar\/#\/schema\/logo\/image\/\",\"url\":\"http:\/\/www.celttv.com.ar\/wp-content\/uploads\/2022\/08\/logo-1.png\",\"contentUrl\":\"http:\/\/www.celttv.com.ar\/wp-content\/uploads\/2022\/08\/logo-1.png\",\"width\":461,\"height\":159,\"caption\":\"CELTTV\"},\"image\":{\"@id\":\"https:\/\/www.celttv.com.ar\/#\/schema\/logo\/image\/\"}},{\"@type\":\"Person\",\"@id\":\"https:\/\/www.celttv.com.ar\/#\/schema\/person\/6d99c072dba59953809c81446e9d0ace\",\"name\":\"ulises\",\"image\":{\"@type\":\"ImageObject\",\"inLanguage\":\"es\",\"@id\":\"https:\/\/www.celttv.com.ar\/#\/schema\/person\/image\/\",\"url\":\"https:\/\/secure.gravatar.com\/avatar\/7f2c48bdc33b30088f941fb6082e555f2874c98e20cb159d7b92b50eadfce793?s=96&d=mm&r=g\",\"contentUrl\":\"https:\/\/secure.gravatar.com\/avatar\/7f2c48bdc33b30088f941fb6082e555f2874c98e20cb159d7b92b50eadfce793?s=96&d=mm&r=g\",\"caption\":\"ulises\"},\"sameAs\":[\"http:\/\/www.celttv.com.ar\"]}]}<\/script>\n<!-- \/ Yoast SEO plugin. -->","yoast_head_json":{"title":"Merecido homenaje a \"Nino\" Bolletta en el tradicional almuerzo de la Sociedad Italiana (Fotos) - CELTTV","description":"Sitio web de noticias de la localidad de Tornquist, provincia de Buenos Aires, Rep\u00fablica Argentina. Contenido propio originado por periodistas de CELTTV, el canal de TV local de la Cooperativa El\u00e9ctrica de Tornquist. Turismo, Pol\u00edtica, Sociedad, Deporte, Cultura y todo el contenido de inter\u00e9s general que la gente del pueblo y la regi\u00f3n debe conocer.","robots":{"index":"index","follow":"follow","max-snippet":"max-snippet:-1","max-image-preview":"max-image-preview:large","max-video-preview":"max-video-preview:-1"},"canonical":"https:\/\/www.celttv.com.ar\/index.php\/2019\/09\/22\/merecido-homenaje-a-nino-bolletta-en-el-tradicional-almuerzo-de-la-sociedad-italiana-fotos\/","og_locale":"es_ES","og_type":"article","og_title":"Merecido homenaje a \"Nino\" Bolletta en el tradicional almuerzo de la Sociedad Italiana (Fotos) - CELTTV","og_description":"Sitio web de noticias de la localidad de Tornquist, provincia de Buenos Aires, Rep\u00fablica Argentina. Contenido propio originado por periodistas de CELTTV, el canal de TV local de la Cooperativa El\u00e9ctrica de Tornquist. Turismo, Pol\u00edtica, Sociedad, Deporte, Cultura y todo el contenido de inter\u00e9s general que la gente del pueblo y la regi\u00f3n debe conocer.","og_url":"https:\/\/www.celttv.com.ar\/index.php\/2019\/09\/22\/merecido-homenaje-a-nino-bolletta-en-el-tradicional-almuerzo-de-la-sociedad-italiana-fotos\/","og_site_name":"CELTTV","article_publisher":"https:\/\/www.facebook.com\/celtTV\/","article_published_time":"2019-09-22T21:36:07+00:00","og_image":[{"width":1920,"height":1080,"url":"https:\/\/www.celttv.com.ar\/wp-content\/uploads\/2019\/09\/106_7622.jpg","type":"image\/jpeg"}],"author":"ulises","twitter_card":"summary_large_image","twitter_misc":{"Escrito por":"ulises","Tiempo de lectura":"1 minuto"},"schema":{"@context":"https:\/\/schema.org","@graph":[{"@type":"NewsArticle","@id":"https:\/\/www.celttv.com.ar\/index.php\/2019\/09\/22\/merecido-homenaje-a-nino-bolletta-en-el-tradicional-almuerzo-de-la-sociedad-italiana-fotos\/#article","isPartOf":{"@id":"https:\/\/www.celttv.com.ar\/index.php\/2019\/09\/22\/merecido-homenaje-a-nino-bolletta-en-el-tradicional-almuerzo-de-la-sociedad-italiana-fotos\/"},"author":{"name":"ulises","@id":"https:\/\/www.celttv.com.ar\/#\/schema\/person\/6d99c072dba59953809c81446e9d0ace"},"headline":"Merecido homenaje a &#8220;Nino&#8221; Bolletta en el tradicional almuerzo de la Sociedad Italiana (Fotos)","datePublished":"2019-09-22T21:36:07+00:00","dateModified":"2019-09-22T21:36:07+00:00","mainEntityOfPage":{"@id":"https:\/\/www.celttv.com.ar\/index.php\/2019\/09\/22\/merecido-homenaje-a-nino-bolletta-en-el-tradicional-almuerzo-de-la-sociedad-italiana-fotos\/"},"wordCount":148,"publisher":{"@id":"https:\/\/www.celttv.com.ar\/#organization"},"articleSection":["Celt TV Noticias","Comunidad","Destacadas","Espect\u00e1culos"],"inLanguage":"es"},{"@type":"WebPage","@id":"https:\/\/www.celttv.com.ar\/index.php\/2019\/09\/22\/merecido-homenaje-a-nino-bolletta-en-el-tradicional-almuerzo-de-la-sociedad-italiana-fotos\/","url":"https:\/\/www.celttv.com.ar\/index.php\/2019\/09\/22\/merecido-homenaje-a-nino-bolletta-en-el-tradicional-almuerzo-de-la-sociedad-italiana-fotos\/","name":"Merecido homenaje a \"Nino\" Bolletta en el tradicional almuerzo de la Sociedad Italiana (Fotos) - CELTTV","isPartOf":{"@id":"https:\/\/www.celttv.com.ar\/#website"},"datePublished":"2019-09-22T21:36:07+00:00","dateModified":"2019-09-22T21:36:07+00:00","description":"Sitio web de noticias de la localidad de Tornquist, provincia de Buenos Aires, Rep\u00fablica Argentina. Contenido propio originado por periodistas de CELTTV, el canal de TV local de la Cooperativa El\u00e9ctrica de Tornquist. Turismo, Pol\u00edtica, Sociedad, Deporte, Cultura y todo el contenido de inter\u00e9s general que la gente del pueblo y la regi\u00f3n debe conocer.","breadcrumb":{"@id":"https:\/\/www.celttv.com.ar\/index.php\/2019\/09\/22\/merecido-homenaje-a-nino-bolletta-en-el-tradicional-almuerzo-de-la-sociedad-italiana-fotos\/#breadcrumb"},"inLanguage":"es","potentialAction":[{"@type":"ReadAction","target":["https:\/\/www.celttv.com.ar\/index.php\/2019\/09\/22\/merecido-homenaje-a-nino-bolletta-en-el-tradicional-almuerzo-de-la-sociedad-italiana-fotos\/"]}]},{"@type":"BreadcrumbList","@id":"https:\/\/www.celttv.com.ar\/index.php\/2019\/09\/22\/merecido-homenaje-a-nino-bolletta-en-el-tradicional-almuerzo-de-la-sociedad-italiana-fotos\/#breadcrumb","itemListElement":[{"@type":"ListItem","position":1,"name":"Inicio","item":"https:\/\/www.celttv.com.ar\/"},{"@type":"ListItem","position":2,"name":"Merecido homenaje a &#8220;Nino&#8221; Bolletta en el tradicional almuerzo de la Sociedad Italiana (Fotos)"}]},{"@type":"WebSite","@id":"https:\/\/www.celttv.com.ar\/#website","url":"https:\/\/www.celttv.com.ar\/","name":"CELTTV","description":"Cooperativa El\u00e9ctrica de Tornquist","publisher":{"@id":"https:\/\/www.celttv.com.ar\/#organization"},"potentialAction":[{"@type":"SearchAction","target":{"@type":"EntryPoint","urlTemplate":"https:\/\/www.celttv.com.ar\/?s={search_term_string}"},"query-input":"required name=search_term_string"}],"inLanguage":"es"},{"@type":"Organization","@id":"https:\/\/www.celttv.com.ar\/#organization","name":"CELTTV","url":"https:\/\/www.celttv.com.ar\/","sameAs":["https:\/\/www.youtube.com\/channel\/UCz_oIt8Hig64Ub-EmcNPIhg","https:\/\/www.facebook.com\/celtTV\/"],"logo":{"@type":"ImageObject","inLanguage":"es","@id":"https:\/\/www.celttv.com.ar\/#\/schema\/logo\/image\/","url":"http:\/\/www.celttv.com.ar\/wp-content\/uploads\/2022\/08\/logo-1.png","contentUrl":"http:\/\/www.celttv.com.ar\/wp-content\/uploads\/2022\/08\/logo-1.png","width":461,"height":159,"caption":"CELTTV"},"image":{"@id":"https:\/\/www.celttv.com.ar\/#\/schema\/logo\/image\/"}},{"@type":"Person","@id":"https:\/\/www.celttv.com.ar\/#\/schema\/person\/6d99c072dba59953809c81446e9d0ace","name":"ulises","image":{"@type":"ImageObject","inLanguage":"es","@id":"https:\/\/www.celttv.com.ar\/#\/schema\/person\/image\/","url":"https:\/\/secure.gravatar.com\/avatar\/7f2c48bdc33b30088f941fb6082e555f2874c98e20cb159d7b92b50eadfce793?s=96&d=mm&r=g","contentUrl":"https:\/\/secure.gravatar.com\/avatar\/7f2c48bdc33b30088f941fb6082e555f2874c98e20cb159d7b92b50eadfce793?s=96&d=mm&r=g","caption":"ulises"},"sameAs":["http:\/\/www.celttv.com.ar"]}]}},"_links":{"self":[{"href":"https:\/\/www.celttv.com.ar\/index.php\/wp-json\/wp\/v2\/posts\/44136","targetHints":{"allow":["GET"]}}],"collection":[{"href":"https:\/\/www.celttv.com.ar\/index.php\/wp-json\/wp\/v2\/posts"}],"about":[{"href":"https:\/\/www.celttv.com.ar\/index.php\/wp-json\/wp\/v2\/types\/post"}],"author":[{"embeddable":true,"href":"https:\/\/www.celttv.com.ar\/index.php\/wp-json\/wp\/v2\/users\/1"}],"replies":[{"embeddable":true,"href":"https:\/\/www.celttv.com.ar\/index.php\/wp-json\/wp\/v2\/comments?post=44136"}],"version-history":[{"count":0,"href":"https:\/\/www.celttv.com.ar\/index.php\/wp-json\/wp\/v2\/posts\/44136\/revisions"}],"wp:featuredmedia":[{"embeddable":true,"href":"https:\/\/www.celttv.com.ar\/index.php\/wp-json\/wp\/v2\/media\/44145"}],"wp:attachment":[{"href":"https:\/\/www.celttv.com.ar\/index.php\/wp-json\/wp\/v2\/media?parent=44136"}],"wp:term":[{"taxonomy":"category","embeddable":true,"href":"https:\/\/www.celttv.com.ar\/index.php\/wp-json\/wp\/v2\/categories?post=44136"},{"taxonomy":"post_tag","embeddable":true,"href":"https:\/\/www.celttv.com.ar\/index.php\/wp-json\/wp\/v2\/tags?post=44136"}],"curies":[{"name":"wp","href":"https:\/\/api.w.org\/{rel}","templated":true}]}}