{"id":44168,"date":"2019-09-23T00:23:32","date_gmt":"2019-09-23T00:23:32","guid":{"rendered":"http:\/\/www.celttv.com.ar\/?p=44168"},"modified":"2019-09-23T00:23:32","modified_gmt":"2019-09-23T00:23:32","slug":"union-t-gano-y-quedo-a-un-paso-de-la-final-de-la-temporada","status":"publish","type":"post","link":"https:\/\/www.celttv.com.ar\/index.php\/2019\/09\/23\/union-t-gano-y-quedo-a-un-paso-de-la-final-de-la-temporada\/","title":{"rendered":"Uni\u00f3n (T) gan\u00f3 y qued\u00f3 a un paso de la final de Temporada"},"content":{"rendered":"<p>Uni\u00f3n meti\u00f3 un triunfo clave este domingo y qued\u00f3 a una victoria de clasificar a la final de la temporada 2019 de la Liga Regional de F\u00fatbol de Coronel Su\u00e1rez.<\/p>\n<p>Con un golazo de Mat\u00edas Fritz a los 92 minutos de juego, el verde venci\u00f3 2 a 1 de local a San Mart\u00edn de Carhu\u00e9, por una de las semifinales de zonas del Torneo Clausura de Primera divisi\u00f3n.<\/p>\n<p>En un partido parejo, Ezequiel Schmidt hab\u00eda abierto el marcador con un tanto de tiro libre a los 2 minutos de partido, mientras que Leonel Alonso, a los 4 del complemento, anot\u00f3 el empate transitorio, que se rompi\u00f3 cuando el partido mor\u00eda.<\/p>\n<p>De esta manera, el equipo que dirige Horacio Schumacher enfrentar\u00e1 a Boca Juniors en la final de los ganadores de zonas y, si gana, evitar\u00e1 la semifinal anual (donde ya tiene un lugar asegurado obtenido en el Apertura), clasificando directamente a la definici\u00f3n por el t\u00edtulo.<\/p>\n<p>En la otra semifinal de zonas, el elenco boquense super\u00f3 2 a 1 en su cancha a Tiro Federal de Coronel Su\u00e1rez.<\/p>\n<p><strong>Resultados del repechaje:<\/strong><\/p>\n<p>Automoto 1 \u2013 El Progreso 0<\/p>\n<p>Blanco y Negro 2 \u2013 Dep. Sarmiento 1<\/p>\n<p>Atl. Huanguel\u00e9n 1 (2) \u2013 Puan FBC 1 (3)<\/p>\n<p>San Mart\u00edn (ST) 2 \u2013 Independiente 1<\/p>\n<p><strong>CRUCES:<\/strong><\/p>\n<p>Tiro Federal (CS) y San Mart\u00edn (Carhu\u00e9), perdedores en semifinales, juegan de locales. Los otros partidos se juegan en cancha neutral<\/p>\n<p><a href=\"http:\/\/www.celttv.com.ar\/?attachment_id=44169\" rel=\"attachment wp-att-44169\"><img loading=\"lazy\" decoding=\"async\" class=\"alignleft size-full wp-image-44169\" src=\"http:\/\/www.celttv.com.ar\/wp-content\/uploads\/2019\/09\/70834133_2420645734651526_3894967401061548032_n.jpg\" alt=\"\" width=\"960\" height=\"720\" srcset=\"https:\/\/www.celttv.com.ar\/wp-content\/uploads\/2019\/09\/70834133_2420645734651526_3894967401061548032_n.jpg 960w, https:\/\/www.celttv.com.ar\/wp-content\/uploads\/2019\/09\/70834133_2420645734651526_3894967401061548032_n-300x225.jpg 300w, https:\/\/www.celttv.com.ar\/wp-content\/uploads\/2019\/09\/70834133_2420645734651526_3894967401061548032_n-768x576.jpg 768w, https:\/\/www.celttv.com.ar\/wp-content\/uploads\/2019\/09\/70834133_2420645734651526_3894967401061548032_n-750x563.jpg 750w\" sizes=\"auto, (max-width: 960px) 100vw, 960px\" \/><\/a><\/p>\n<p>&nbsp;<\/p>\n<p>&nbsp;<\/p>\n<p>&nbsp;<\/p>\n<p>&nbsp;<\/p>\n<p>&nbsp;<\/p>\n<p>&nbsp;<\/p>\n<p>&nbsp;<\/p>\n<p>&nbsp;<\/p>\n<p>&nbsp;<\/p>\n<p><strong>\u00a0EL DOMINGO PR\u00d3XIMO, EN PIG\u00dc\u00c9 NO SE PUEDE JUGAR.<\/strong><\/p>\n<p>Dado que la Polic\u00eda de Pig\u00fc\u00e9 tendr\u00e1 abocado a todo su personal a la Fiesta de la Primavera que el pr\u00f3ximo domingo se desarrollar\u00e1 en aquella ciudad, el jefe de la Comisar\u00eda le inform\u00f3 a Ernesto Manuel Palenzona, presidente de la Liga, que ese d\u00eda no puede brindar el servicio adicional para ning\u00fan partido.<\/p>\n<p>Por este motivo, si bien el reglamento del campeonato establece que los partidos en cancha neutral se deben jugar en ciudad neutral y equidistante, Uni\u00f3n de Tornquist vs. Boca Juniors (final de cruces del torneo Clausura) y Automoto vs. San Mart\u00edn de Santa Trinidad (cruce reclasificatorio) tendr\u00e1n que elegir otra opci\u00f3n.<br \/>\nEste lunes, en la reuni\u00f3n semanal del consejo directivo liguista, se resolver\u00e1 al respecto.<\/p>\n<p><strong>FUENTE: CLAUDIO MEIER &#8211; NT<\/strong><\/p>\n","protected":false},"excerpt":{"rendered":"<p>Uni\u00f3n meti\u00f3 un triunfo clave este domingo y qued\u00f3 a una victoria de clasificar a la final de la temporada 2019 de la Liga Regional de F\u00fatbol de Coronel Su\u00e1rez. Con un golazo de Mat\u00edas Fritz a los 92 minutos de juego, el verde venci\u00f3 2 a 1 de local a San Mart\u00edn de Carhu\u00e9, [&hellip;]<\/p>\n","protected":false},"author":1,"featured_media":44170,"comment_status":"closed","ping_status":"open","sticky":false,"template":"","format":"standard","meta":{"footnotes":""},"categories":[55,60,52,63],"tags":[],"class_list":["post-44168","post","type-post","status-publish","format-standard","has-post-thumbnail","hentry","category-celt-tv-noticias","category-deporte","category-destacadas","category-magazine-sport"],"yoast_head":"<!-- This site is optimized with the Yoast SEO plugin v19.7.1 - https:\/\/yoast.com\/wordpress\/plugins\/seo\/ -->\n<title>Uni\u00f3n (T) gan\u00f3 y qued\u00f3 a un paso de la final de Temporada - CELTTV<\/title>\n<meta name=\"description\" content=\"Sitio web de noticias de la localidad de Tornquist, provincia de Buenos Aires, Rep\u00fablica Argentina. Contenido propio originado por periodistas de CELTTV, el canal de TV local de la Cooperativa El\u00e9ctrica de Tornquist. Turismo, Pol\u00edtica, Sociedad, Deporte, Cultura y todo el contenido de inter\u00e9s general que la gente del pueblo y la regi\u00f3n debe conocer.\" \/>\n<meta name=\"robots\" content=\"index, follow, max-snippet:-1, max-image-preview:large, max-video-preview:-1\" \/>\n<link rel=\"canonical\" href=\"https:\/\/www.celttv.com.ar\/index.php\/2019\/09\/23\/union-t-gano-y-quedo-a-un-paso-de-la-final-de-la-temporada\/\" \/>\n<meta property=\"og:locale\" content=\"es_ES\" \/>\n<meta property=\"og:type\" content=\"article\" \/>\n<meta property=\"og:title\" content=\"Uni\u00f3n (T) gan\u00f3 y qued\u00f3 a un paso de la final de Temporada - CELTTV\" \/>\n<meta property=\"og:description\" content=\"Sitio web de noticias de la localidad de Tornquist, provincia de Buenos Aires, Rep\u00fablica Argentina. Contenido propio originado por periodistas de CELTTV, el canal de TV local de la Cooperativa El\u00e9ctrica de Tornquist. Turismo, Pol\u00edtica, Sociedad, Deporte, Cultura y todo el contenido de inter\u00e9s general que la gente del pueblo y la regi\u00f3n debe conocer.\" \/>\n<meta property=\"og:url\" content=\"https:\/\/www.celttv.com.ar\/index.php\/2019\/09\/23\/union-t-gano-y-quedo-a-un-paso-de-la-final-de-la-temporada\/\" \/>\n<meta property=\"og:site_name\" content=\"CELTTV\" \/>\n<meta property=\"article:publisher\" content=\"https:\/\/www.facebook.com\/celtTV\/\" \/>\n<meta property=\"article:published_time\" content=\"2019-09-23T00:23:32+00:00\" \/>\n<meta property=\"og:image\" content=\"https:\/\/www.celttv.com.ar\/wp-content\/uploads\/2019\/09\/110_21a8_DSC_8963_1569190740.jpg_1900.jpg\" \/>\n\t<meta property=\"og:image:width\" content=\"1900\" \/>\n\t<meta property=\"og:image:height\" content=\"1303\" \/>\n\t<meta property=\"og:image:type\" content=\"image\/jpeg\" \/>\n<meta name=\"author\" content=\"ulises\" \/>\n<meta name=\"twitter:card\" content=\"summary_large_image\" \/>\n<meta name=\"twitter:label1\" content=\"Escrito por\" \/>\n\t<meta name=\"twitter:data1\" content=\"ulises\" \/>\n\t<meta name=\"twitter:label2\" content=\"Tiempo de lectura\" \/>\n\t<meta name=\"twitter:data2\" content=\"2 minutos\" \/>\n<script type=\"application\/ld+json\" class=\"yoast-schema-graph\">{\"@context\":\"https:\/\/schema.org\",\"@graph\":[{\"@type\":\"NewsArticle\",\"@id\":\"https:\/\/www.celttv.com.ar\/index.php\/2019\/09\/23\/union-t-gano-y-quedo-a-un-paso-de-la-final-de-la-temporada\/#article\",\"isPartOf\":{\"@id\":\"https:\/\/www.celttv.com.ar\/index.php\/2019\/09\/23\/union-t-gano-y-quedo-a-un-paso-de-la-final-de-la-temporada\/\"},\"author\":{\"name\":\"ulises\",\"@id\":\"https:\/\/www.celttv.com.ar\/#\/schema\/person\/6d99c072dba59953809c81446e9d0ace\"},\"headline\":\"Uni\u00f3n (T) gan\u00f3 y qued\u00f3 a un paso de la final de Temporada\",\"datePublished\":\"2019-09-23T00:23:32+00:00\",\"dateModified\":\"2019-09-23T00:23:32+00:00\",\"mainEntityOfPage\":{\"@id\":\"https:\/\/www.celttv.com.ar\/index.php\/2019\/09\/23\/union-t-gano-y-quedo-a-un-paso-de-la-final-de-la-temporada\/\"},\"wordCount\":392,\"publisher\":{\"@id\":\"https:\/\/www.celttv.com.ar\/#organization\"},\"articleSection\":[\"Celt TV Noticias\",\"Deporte\",\"Destacadas\",\"Magazine Sport\"],\"inLanguage\":\"es\"},{\"@type\":\"WebPage\",\"@id\":\"https:\/\/www.celttv.com.ar\/index.php\/2019\/09\/23\/union-t-gano-y-quedo-a-un-paso-de-la-final-de-la-temporada\/\",\"url\":\"https:\/\/www.celttv.com.ar\/index.php\/2019\/09\/23\/union-t-gano-y-quedo-a-un-paso-de-la-final-de-la-temporada\/\",\"name\":\"Uni\u00f3n (T) gan\u00f3 y qued\u00f3 a un paso de la final de Temporada - CELTTV\",\"isPartOf\":{\"@id\":\"https:\/\/www.celttv.com.ar\/#website\"},\"datePublished\":\"2019-09-23T00:23:32+00:00\",\"dateModified\":\"2019-09-23T00:23:32+00:00\",\"description\":\"Sitio web de noticias de la localidad de Tornquist, provincia de Buenos Aires, Rep\u00fablica Argentina. Contenido propio originado por periodistas de CELTTV, el canal de TV local de la Cooperativa El\u00e9ctrica de Tornquist. Turismo, Pol\u00edtica, Sociedad, Deporte, Cultura y todo el contenido de inter\u00e9s general que la gente del pueblo y la regi\u00f3n debe conocer.\",\"breadcrumb\":{\"@id\":\"https:\/\/www.celttv.com.ar\/index.php\/2019\/09\/23\/union-t-gano-y-quedo-a-un-paso-de-la-final-de-la-temporada\/#breadcrumb\"},\"inLanguage\":\"es\",\"potentialAction\":[{\"@type\":\"ReadAction\",\"target\":[\"https:\/\/www.celttv.com.ar\/index.php\/2019\/09\/23\/union-t-gano-y-quedo-a-un-paso-de-la-final-de-la-temporada\/\"]}]},{\"@type\":\"BreadcrumbList\",\"@id\":\"https:\/\/www.celttv.com.ar\/index.php\/2019\/09\/23\/union-t-gano-y-quedo-a-un-paso-de-la-final-de-la-temporada\/#breadcrumb\",\"itemListElement\":[{\"@type\":\"ListItem\",\"position\":1,\"name\":\"Inicio\",\"item\":\"https:\/\/www.celttv.com.ar\/\"},{\"@type\":\"ListItem\",\"position\":2,\"name\":\"Uni\u00f3n (T) gan\u00f3 y qued\u00f3 a un paso de la final de Temporada\"}]},{\"@type\":\"WebSite\",\"@id\":\"https:\/\/www.celttv.com.ar\/#website\",\"url\":\"https:\/\/www.celttv.com.ar\/\",\"name\":\"CELTTV\",\"description\":\"Cooperativa El\u00e9ctrica de Tornquist\",\"publisher\":{\"@id\":\"https:\/\/www.celttv.com.ar\/#organization\"},\"potentialAction\":[{\"@type\":\"SearchAction\",\"target\":{\"@type\":\"EntryPoint\",\"urlTemplate\":\"https:\/\/www.celttv.com.ar\/?s={search_term_string}\"},\"query-input\":\"required name=search_term_string\"}],\"inLanguage\":\"es\"},{\"@type\":\"Organization\",\"@id\":\"https:\/\/www.celttv.com.ar\/#organization\",\"name\":\"CELTTV\",\"url\":\"https:\/\/www.celttv.com.ar\/\",\"sameAs\":[\"https:\/\/www.youtube.com\/channel\/UCz_oIt8Hig64Ub-EmcNPIhg\",\"https:\/\/www.facebook.com\/celtTV\/\"],\"logo\":{\"@type\":\"ImageObject\",\"inLanguage\":\"es\",\"@id\":\"https:\/\/www.celttv.com.ar\/#\/schema\/logo\/image\/\",\"url\":\"http:\/\/www.celttv.com.ar\/wp-content\/uploads\/2022\/08\/logo-1.png\",\"contentUrl\":\"http:\/\/www.celttv.com.ar\/wp-content\/uploads\/2022\/08\/logo-1.png\",\"width\":461,\"height\":159,\"caption\":\"CELTTV\"},\"image\":{\"@id\":\"https:\/\/www.celttv.com.ar\/#\/schema\/logo\/image\/\"}},{\"@type\":\"Person\",\"@id\":\"https:\/\/www.celttv.com.ar\/#\/schema\/person\/6d99c072dba59953809c81446e9d0ace\",\"name\":\"ulises\",\"image\":{\"@type\":\"ImageObject\",\"inLanguage\":\"es\",\"@id\":\"https:\/\/www.celttv.com.ar\/#\/schema\/person\/image\/\",\"url\":\"https:\/\/secure.gravatar.com\/avatar\/7f2c48bdc33b30088f941fb6082e555f2874c98e20cb159d7b92b50eadfce793?s=96&d=mm&r=g\",\"contentUrl\":\"https:\/\/secure.gravatar.com\/avatar\/7f2c48bdc33b30088f941fb6082e555f2874c98e20cb159d7b92b50eadfce793?s=96&d=mm&r=g\",\"caption\":\"ulises\"},\"sameAs\":[\"http:\/\/www.celttv.com.ar\"]}]}<\/script>\n<!-- \/ Yoast SEO plugin. -->","yoast_head_json":{"title":"Uni\u00f3n (T) gan\u00f3 y qued\u00f3 a un paso de la final de Temporada - CELTTV","description":"Sitio web de noticias de la localidad de Tornquist, provincia de Buenos Aires, Rep\u00fablica Argentina. Contenido propio originado por periodistas de CELTTV, el canal de TV local de la Cooperativa El\u00e9ctrica de Tornquist. Turismo, Pol\u00edtica, Sociedad, Deporte, Cultura y todo el contenido de inter\u00e9s general que la gente del pueblo y la regi\u00f3n debe conocer.","robots":{"index":"index","follow":"follow","max-snippet":"max-snippet:-1","max-image-preview":"max-image-preview:large","max-video-preview":"max-video-preview:-1"},"canonical":"https:\/\/www.celttv.com.ar\/index.php\/2019\/09\/23\/union-t-gano-y-quedo-a-un-paso-de-la-final-de-la-temporada\/","og_locale":"es_ES","og_type":"article","og_title":"Uni\u00f3n (T) gan\u00f3 y qued\u00f3 a un paso de la final de Temporada - CELTTV","og_description":"Sitio web de noticias de la localidad de Tornquist, provincia de Buenos Aires, Rep\u00fablica Argentina. Contenido propio originado por periodistas de CELTTV, el canal de TV local de la Cooperativa El\u00e9ctrica de Tornquist. Turismo, Pol\u00edtica, Sociedad, Deporte, Cultura y todo el contenido de inter\u00e9s general que la gente del pueblo y la regi\u00f3n debe conocer.","og_url":"https:\/\/www.celttv.com.ar\/index.php\/2019\/09\/23\/union-t-gano-y-quedo-a-un-paso-de-la-final-de-la-temporada\/","og_site_name":"CELTTV","article_publisher":"https:\/\/www.facebook.com\/celtTV\/","article_published_time":"2019-09-23T00:23:32+00:00","og_image":[{"width":1900,"height":1303,"url":"https:\/\/www.celttv.com.ar\/wp-content\/uploads\/2019\/09\/110_21a8_DSC_8963_1569190740.jpg_1900.jpg","type":"image\/jpeg"}],"author":"ulises","twitter_card":"summary_large_image","twitter_misc":{"Escrito por":"ulises","Tiempo de lectura":"2 minutos"},"schema":{"@context":"https:\/\/schema.org","@graph":[{"@type":"NewsArticle","@id":"https:\/\/www.celttv.com.ar\/index.php\/2019\/09\/23\/union-t-gano-y-quedo-a-un-paso-de-la-final-de-la-temporada\/#article","isPartOf":{"@id":"https:\/\/www.celttv.com.ar\/index.php\/2019\/09\/23\/union-t-gano-y-quedo-a-un-paso-de-la-final-de-la-temporada\/"},"author":{"name":"ulises","@id":"https:\/\/www.celttv.com.ar\/#\/schema\/person\/6d99c072dba59953809c81446e9d0ace"},"headline":"Uni\u00f3n (T) gan\u00f3 y qued\u00f3 a un paso de la final de Temporada","datePublished":"2019-09-23T00:23:32+00:00","dateModified":"2019-09-23T00:23:32+00:00","mainEntityOfPage":{"@id":"https:\/\/www.celttv.com.ar\/index.php\/2019\/09\/23\/union-t-gano-y-quedo-a-un-paso-de-la-final-de-la-temporada\/"},"wordCount":392,"publisher":{"@id":"https:\/\/www.celttv.com.ar\/#organization"},"articleSection":["Celt TV Noticias","Deporte","Destacadas","Magazine Sport"],"inLanguage":"es"},{"@type":"WebPage","@id":"https:\/\/www.celttv.com.ar\/index.php\/2019\/09\/23\/union-t-gano-y-quedo-a-un-paso-de-la-final-de-la-temporada\/","url":"https:\/\/www.celttv.com.ar\/index.php\/2019\/09\/23\/union-t-gano-y-quedo-a-un-paso-de-la-final-de-la-temporada\/","name":"Uni\u00f3n (T) gan\u00f3 y qued\u00f3 a un paso de la final de Temporada - CELTTV","isPartOf":{"@id":"https:\/\/www.celttv.com.ar\/#website"},"datePublished":"2019-09-23T00:23:32+00:00","dateModified":"2019-09-23T00:23:32+00:00","description":"Sitio web de noticias de la localidad de Tornquist, provincia de Buenos Aires, Rep\u00fablica Argentina. Contenido propio originado por periodistas de CELTTV, el canal de TV local de la Cooperativa El\u00e9ctrica de Tornquist. Turismo, Pol\u00edtica, Sociedad, Deporte, Cultura y todo el contenido de inter\u00e9s general que la gente del pueblo y la regi\u00f3n debe conocer.","breadcrumb":{"@id":"https:\/\/www.celttv.com.ar\/index.php\/2019\/09\/23\/union-t-gano-y-quedo-a-un-paso-de-la-final-de-la-temporada\/#breadcrumb"},"inLanguage":"es","potentialAction":[{"@type":"ReadAction","target":["https:\/\/www.celttv.com.ar\/index.php\/2019\/09\/23\/union-t-gano-y-quedo-a-un-paso-de-la-final-de-la-temporada\/"]}]},{"@type":"BreadcrumbList","@id":"https:\/\/www.celttv.com.ar\/index.php\/2019\/09\/23\/union-t-gano-y-quedo-a-un-paso-de-la-final-de-la-temporada\/#breadcrumb","itemListElement":[{"@type":"ListItem","position":1,"name":"Inicio","item":"https:\/\/www.celttv.com.ar\/"},{"@type":"ListItem","position":2,"name":"Uni\u00f3n (T) gan\u00f3 y qued\u00f3 a un paso de la final de Temporada"}]},{"@type":"WebSite","@id":"https:\/\/www.celttv.com.ar\/#website","url":"https:\/\/www.celttv.com.ar\/","name":"CELTTV","description":"Cooperativa El\u00e9ctrica de Tornquist","publisher":{"@id":"https:\/\/www.celttv.com.ar\/#organization"},"potentialAction":[{"@type":"SearchAction","target":{"@type":"EntryPoint","urlTemplate":"https:\/\/www.celttv.com.ar\/?s={search_term_string}"},"query-input":"required name=search_term_string"}],"inLanguage":"es"},{"@type":"Organization","@id":"https:\/\/www.celttv.com.ar\/#organization","name":"CELTTV","url":"https:\/\/www.celttv.com.ar\/","sameAs":["https:\/\/www.youtube.com\/channel\/UCz_oIt8Hig64Ub-EmcNPIhg","https:\/\/www.facebook.com\/celtTV\/"],"logo":{"@type":"ImageObject","inLanguage":"es","@id":"https:\/\/www.celttv.com.ar\/#\/schema\/logo\/image\/","url":"http:\/\/www.celttv.com.ar\/wp-content\/uploads\/2022\/08\/logo-1.png","contentUrl":"http:\/\/www.celttv.com.ar\/wp-content\/uploads\/2022\/08\/logo-1.png","width":461,"height":159,"caption":"CELTTV"},"image":{"@id":"https:\/\/www.celttv.com.ar\/#\/schema\/logo\/image\/"}},{"@type":"Person","@id":"https:\/\/www.celttv.com.ar\/#\/schema\/person\/6d99c072dba59953809c81446e9d0ace","name":"ulises","image":{"@type":"ImageObject","inLanguage":"es","@id":"https:\/\/www.celttv.com.ar\/#\/schema\/person\/image\/","url":"https:\/\/secure.gravatar.com\/avatar\/7f2c48bdc33b30088f941fb6082e555f2874c98e20cb159d7b92b50eadfce793?s=96&d=mm&r=g","contentUrl":"https:\/\/secure.gravatar.com\/avatar\/7f2c48bdc33b30088f941fb6082e555f2874c98e20cb159d7b92b50eadfce793?s=96&d=mm&r=g","caption":"ulises"},"sameAs":["http:\/\/www.celttv.com.ar"]}]}},"_links":{"self":[{"href":"https:\/\/www.celttv.com.ar\/index.php\/wp-json\/wp\/v2\/posts\/44168","targetHints":{"allow":["GET"]}}],"collection":[{"href":"https:\/\/www.celttv.com.ar\/index.php\/wp-json\/wp\/v2\/posts"}],"about":[{"href":"https:\/\/www.celttv.com.ar\/index.php\/wp-json\/wp\/v2\/types\/post"}],"author":[{"embeddable":true,"href":"https:\/\/www.celttv.com.ar\/index.php\/wp-json\/wp\/v2\/users\/1"}],"replies":[{"embeddable":true,"href":"https:\/\/www.celttv.com.ar\/index.php\/wp-json\/wp\/v2\/comments?post=44168"}],"version-history":[{"count":0,"href":"https:\/\/www.celttv.com.ar\/index.php\/wp-json\/wp\/v2\/posts\/44168\/revisions"}],"wp:featuredmedia":[{"embeddable":true,"href":"https:\/\/www.celttv.com.ar\/index.php\/wp-json\/wp\/v2\/media\/44170"}],"wp:attachment":[{"href":"https:\/\/www.celttv.com.ar\/index.php\/wp-json\/wp\/v2\/media?parent=44168"}],"wp:term":[{"taxonomy":"category","embeddable":true,"href":"https:\/\/www.celttv.com.ar\/index.php\/wp-json\/wp\/v2\/categories?post=44168"},{"taxonomy":"post_tag","embeddable":true,"href":"https:\/\/www.celttv.com.ar\/index.php\/wp-json\/wp\/v2\/tags?post=44168"}],"curies":[{"name":"wp","href":"https:\/\/api.w.org\/{rel}","templated":true}]}}