{"id":44179,"date":"2019-09-24T02:23:25","date_gmt":"2019-09-24T02:23:25","guid":{"rendered":"http:\/\/www.celttv.com.ar\/?p=44179"},"modified":"2019-09-24T02:23:25","modified_gmt":"2019-09-24T02:23:25","slug":"los-bomberos-acudieron-esta-tarde-a-dos-incendios-de-pastos-informe-y-fotos","status":"publish","type":"post","link":"https:\/\/www.celttv.com.ar\/index.php\/2019\/09\/24\/los-bomberos-acudieron-esta-tarde-a-dos-incendios-de-pastos-informe-y-fotos\/","title":{"rendered":"Los bomberos acudieron esta tarde a dos incendios de pastos (informe y fotos)"},"content":{"rendered":"<p>En la tarde de este lunes a las 16:30 hs.\u00a0 los bomberos de Tornquist acudieron a dos incendios de pastos.\u00a0El primero fue en la\u00a0 costa de vias en sector conocido como ca\u00f1averal en la zona de Garc\u00eda del Rio.<\/p>\n<p>Acudio una dotaci\u00f3n al mando del sub oficial mayor Mauricio Hernan y seis hombres en el m\u00f3vil N\u00ba14.<\/p>\n<p>Mas tarde, alrededor de las 17:00 hs.\u00a0 otra dotaci\u00f3n concurri\u00f3 al incendio de pastos, tambi\u00e9n en el sector de vias, en la zona noroeste de Tornquist conocido como quintas. En esta oportunidad la dotaci\u00f3n compuesta por siete efectivos concurri\u00f3 al mando del Sub Oficial Cristian Salazar desplazandose en el m\u00f3vil N\u00ba 4001 (forestal)<\/p>\n<p><a href=\"http:\/\/www.celttv.com.ar\/?attachment_id=44181\" rel=\"attachment wp-att-44181\"><img loading=\"lazy\" decoding=\"async\" class=\"alignleft size-full wp-image-44181\" src=\"http:\/\/www.celttv.com.ar\/wp-content\/uploads\/2019\/09\/1.jpg\" alt=\"\" width=\"960\" height=\"539\" srcset=\"https:\/\/www.celttv.com.ar\/wp-content\/uploads\/2019\/09\/1.jpg 960w, https:\/\/www.celttv.com.ar\/wp-content\/uploads\/2019\/09\/1-300x168.jpg 300w, https:\/\/www.celttv.com.ar\/wp-content\/uploads\/2019\/09\/1-768x431.jpg 768w, https:\/\/www.celttv.com.ar\/wp-content\/uploads\/2019\/09\/1-750x421.jpg 750w\" sizes=\"auto, (max-width: 960px) 100vw, 960px\" \/><\/a> <a href=\"http:\/\/www.celttv.com.ar\/?attachment_id=44182\" rel=\"attachment wp-att-44182\"><img loading=\"lazy\" decoding=\"async\" class=\"alignleft size-medium wp-image-44182\" src=\"http:\/\/www.celttv.com.ar\/wp-content\/uploads\/2019\/09\/2.jpg\" alt=\"\" width=\"780\" height=\"585\" srcset=\"https:\/\/www.celttv.com.ar\/wp-content\/uploads\/2019\/09\/2.jpg 960w, https:\/\/www.celttv.com.ar\/wp-content\/uploads\/2019\/09\/2-300x225.jpg 300w, https:\/\/www.celttv.com.ar\/wp-content\/uploads\/2019\/09\/2-768x576.jpg 768w, https:\/\/www.celttv.com.ar\/wp-content\/uploads\/2019\/09\/2-750x563.jpg 750w\" sizes=\"auto, (max-width: 780px) 100vw, 780px\" \/><\/a> <a href=\"http:\/\/www.celttv.com.ar\/?attachment_id=44183\" rel=\"attachment wp-att-44183\"><img loading=\"lazy\" decoding=\"async\" class=\"alignleft size-medium wp-image-44183\" src=\"http:\/\/www.celttv.com.ar\/wp-content\/uploads\/2019\/09\/3.jpg\" alt=\"\" width=\"780\" height=\"438\" srcset=\"https:\/\/www.celttv.com.ar\/wp-content\/uploads\/2019\/09\/3.jpg 960w, https:\/\/www.celttv.com.ar\/wp-content\/uploads\/2019\/09\/3-300x168.jpg 300w, https:\/\/www.celttv.com.ar\/wp-content\/uploads\/2019\/09\/3-768x431.jpg 768w, https:\/\/www.celttv.com.ar\/wp-content\/uploads\/2019\/09\/3-750x421.jpg 750w\" sizes=\"auto, (max-width: 780px) 100vw, 780px\" \/><\/a> <a href=\"http:\/\/www.celttv.com.ar\/?attachment_id=44184\" rel=\"attachment wp-att-44184\"><img loading=\"lazy\" decoding=\"async\" class=\"alignleft size-medium wp-image-44184\" src=\"http:\/\/www.celttv.com.ar\/wp-content\/uploads\/2019\/09\/4.jpg\" alt=\"\" width=\"780\" height=\"438\" srcset=\"https:\/\/www.celttv.com.ar\/wp-content\/uploads\/2019\/09\/4.jpg 960w, https:\/\/www.celttv.com.ar\/wp-content\/uploads\/2019\/09\/4-300x168.jpg 300w, https:\/\/www.celttv.com.ar\/wp-content\/uploads\/2019\/09\/4-768x431.jpg 768w, https:\/\/www.celttv.com.ar\/wp-content\/uploads\/2019\/09\/4-750x421.jpg 750w\" sizes=\"auto, (max-width: 780px) 100vw, 780px\" \/><\/a> <a href=\"http:\/\/www.celttv.com.ar\/?attachment_id=44185\" rel=\"attachment wp-att-44185\"><img loading=\"lazy\" decoding=\"async\" class=\"alignleft size-medium wp-image-44185\" src=\"http:\/\/www.celttv.com.ar\/wp-content\/uploads\/2019\/09\/5.jpg\" alt=\"\" width=\"780\" height=\"438\" srcset=\"https:\/\/www.celttv.com.ar\/wp-content\/uploads\/2019\/09\/5.jpg 960w, https:\/\/www.celttv.com.ar\/wp-content\/uploads\/2019\/09\/5-300x168.jpg 300w, https:\/\/www.celttv.com.ar\/wp-content\/uploads\/2019\/09\/5-768x431.jpg 768w, https:\/\/www.celttv.com.ar\/wp-content\/uploads\/2019\/09\/5-750x421.jpg 750w\" sizes=\"auto, (max-width: 780px) 100vw, 780px\" \/><\/a> <a href=\"http:\/\/www.celttv.com.ar\/?attachment_id=44186\" rel=\"attachment wp-att-44186\"><img loading=\"lazy\" decoding=\"async\" class=\"alignleft size-medium wp-image-44186\" src=\"http:\/\/www.celttv.com.ar\/wp-content\/uploads\/2019\/09\/6.jpg\" alt=\"\" width=\"780\" height=\"585\" srcset=\"https:\/\/www.celttv.com.ar\/wp-content\/uploads\/2019\/09\/6.jpg 960w, https:\/\/www.celttv.com.ar\/wp-content\/uploads\/2019\/09\/6-300x225.jpg 300w, https:\/\/www.celttv.com.ar\/wp-content\/uploads\/2019\/09\/6-768x576.jpg 768w, https:\/\/www.celttv.com.ar\/wp-content\/uploads\/2019\/09\/6-750x563.jpg 750w\" sizes=\"auto, (max-width: 780px) 100vw, 780px\" \/><\/a> <a href=\"http:\/\/www.celttv.com.ar\/?attachment_id=44187\" rel=\"attachment wp-att-44187\"><img loading=\"lazy\" decoding=\"async\" class=\"alignleft size-medium wp-image-44187\" src=\"http:\/\/www.celttv.com.ar\/wp-content\/uploads\/2019\/09\/7.jpg\" alt=\"\" width=\"780\" height=\"438\" srcset=\"https:\/\/www.celttv.com.ar\/wp-content\/uploads\/2019\/09\/7.jpg 960w, https:\/\/www.celttv.com.ar\/wp-content\/uploads\/2019\/09\/7-300x168.jpg 300w, https:\/\/www.celttv.com.ar\/wp-content\/uploads\/2019\/09\/7-768x431.jpg 768w, https:\/\/www.celttv.com.ar\/wp-content\/uploads\/2019\/09\/7-750x421.jpg 750w\" sizes=\"auto, (max-width: 780px) 100vw, 780px\" \/><\/a> <a href=\"http:\/\/www.celttv.com.ar\/?attachment_id=44188\" rel=\"attachment wp-att-44188\"><img loading=\"lazy\" decoding=\"async\" class=\"alignleft size-medium wp-image-44188\" src=\"http:\/\/www.celttv.com.ar\/wp-content\/uploads\/2019\/09\/8.jpg\" alt=\"\" width=\"780\" height=\"585\" srcset=\"https:\/\/www.celttv.com.ar\/wp-content\/uploads\/2019\/09\/8.jpg 960w, https:\/\/www.celttv.com.ar\/wp-content\/uploads\/2019\/09\/8-300x225.jpg 300w, https:\/\/www.celttv.com.ar\/wp-content\/uploads\/2019\/09\/8-768x576.jpg 768w, https:\/\/www.celttv.com.ar\/wp-content\/uploads\/2019\/09\/8-750x563.jpg 750w\" sizes=\"auto, (max-width: 780px) 100vw, 780px\" \/><\/a> <a href=\"http:\/\/www.celttv.com.ar\/?attachment_id=44189\" rel=\"attachment wp-att-44189\"><img loading=\"lazy\" decoding=\"async\" class=\"alignleft size-medium wp-image-44189\" src=\"http:\/\/www.celttv.com.ar\/wp-content\/uploads\/2019\/09\/9.jpg\" alt=\"\" width=\"780\" height=\"585\" srcset=\"https:\/\/www.celttv.com.ar\/wp-content\/uploads\/2019\/09\/9.jpg 960w, https:\/\/www.celttv.com.ar\/wp-content\/uploads\/2019\/09\/9-300x225.jpg 300w, https:\/\/www.celttv.com.ar\/wp-content\/uploads\/2019\/09\/9-768x576.jpg 768w, https:\/\/www.celttv.com.ar\/wp-content\/uploads\/2019\/09\/9-750x563.jpg 750w\" sizes=\"auto, (max-width: 780px) 100vw, 780px\" \/><\/a> <a href=\"http:\/\/www.celttv.com.ar\/?attachment_id=44190\" rel=\"attachment wp-att-44190\"><img loading=\"lazy\" decoding=\"async\" class=\"alignleft size-medium wp-image-44190\" src=\"http:\/\/www.celttv.com.ar\/wp-content\/uploads\/2019\/09\/pastos-naturales.jpg\" alt=\"\" width=\"780\" height=\"585\" srcset=\"https:\/\/www.celttv.com.ar\/wp-content\/uploads\/2019\/09\/pastos-naturales.jpg 960w, https:\/\/www.celttv.com.ar\/wp-content\/uploads\/2019\/09\/pastos-naturales-300x225.jpg 300w, https:\/\/www.celttv.com.ar\/wp-content\/uploads\/2019\/09\/pastos-naturales-768x576.jpg 768w, https:\/\/www.celttv.com.ar\/wp-content\/uploads\/2019\/09\/pastos-naturales-750x563.jpg 750w\" sizes=\"auto, (max-width: 780px) 100vw, 780px\" \/><\/a><\/p>\n<p>&nbsp;<\/p>\n","protected":false},"excerpt":{"rendered":"<p>En la tarde de este lunes a las 16:30 hs.\u00a0 los bomberos de Tornquist acudieron a dos incendios de pastos.\u00a0El primero fue en la\u00a0 costa de vias en sector conocido como ca\u00f1averal en la zona de Garc\u00eda del Rio. Acudio una dotaci\u00f3n al mando del sub oficial mayor Mauricio Hernan y seis hombres en el [&hellip;]<\/p>\n","protected":false},"author":1,"featured_media":44190,"comment_status":"closed","ping_status":"open","sticky":false,"template":"","format":"standard","meta":{"footnotes":""},"categories":[51,52],"tags":[],"class_list":["post-44179","post","type-post","status-publish","format-standard","has-post-thumbnail","hentry","category-comunidad","category-destacadas"],"yoast_head":"<!-- This site is optimized with the Yoast SEO plugin v19.7.1 - https:\/\/yoast.com\/wordpress\/plugins\/seo\/ -->\n<title>Los bomberos acudieron esta tarde a dos incendios de pastos (informe y fotos) - CELTTV<\/title>\n<meta name=\"description\" content=\"Sitio web de noticias de la localidad de Tornquist, provincia de Buenos Aires, Rep\u00fablica Argentina. Contenido propio originado por periodistas de CELTTV, el canal de TV local de la Cooperativa El\u00e9ctrica de Tornquist. Turismo, Pol\u00edtica, Sociedad, Deporte, Cultura y todo el contenido de inter\u00e9s general que la gente del pueblo y la regi\u00f3n debe conocer.\" \/>\n<meta name=\"robots\" content=\"index, follow, max-snippet:-1, max-image-preview:large, max-video-preview:-1\" \/>\n<link rel=\"canonical\" href=\"https:\/\/www.celttv.com.ar\/index.php\/2019\/09\/24\/los-bomberos-acudieron-esta-tarde-a-dos-incendios-de-pastos-informe-y-fotos\/\" \/>\n<meta property=\"og:locale\" content=\"es_ES\" \/>\n<meta property=\"og:type\" content=\"article\" \/>\n<meta property=\"og:title\" content=\"Los bomberos acudieron esta tarde a dos incendios de pastos (informe y fotos) - CELTTV\" \/>\n<meta property=\"og:description\" content=\"Sitio web de noticias de la localidad de Tornquist, provincia de Buenos Aires, Rep\u00fablica Argentina. Contenido propio originado por periodistas de CELTTV, el canal de TV local de la Cooperativa El\u00e9ctrica de Tornquist. Turismo, Pol\u00edtica, Sociedad, Deporte, Cultura y todo el contenido de inter\u00e9s general que la gente del pueblo y la regi\u00f3n debe conocer.\" \/>\n<meta property=\"og:url\" content=\"https:\/\/www.celttv.com.ar\/index.php\/2019\/09\/24\/los-bomberos-acudieron-esta-tarde-a-dos-incendios-de-pastos-informe-y-fotos\/\" \/>\n<meta property=\"og:site_name\" content=\"CELTTV\" \/>\n<meta property=\"article:publisher\" content=\"https:\/\/www.facebook.com\/celtTV\/\" \/>\n<meta property=\"article:published_time\" content=\"2019-09-24T02:23:25+00:00\" \/>\n<meta property=\"og:image\" content=\"https:\/\/www.celttv.com.ar\/wp-content\/uploads\/2019\/09\/pastos-naturales.jpg\" \/>\n\t<meta property=\"og:image:width\" content=\"960\" \/>\n\t<meta property=\"og:image:height\" content=\"720\" \/>\n\t<meta property=\"og:image:type\" content=\"image\/jpeg\" \/>\n<meta name=\"author\" content=\"ulises\" \/>\n<meta name=\"twitter:card\" content=\"summary_large_image\" \/>\n<meta name=\"twitter:label1\" content=\"Escrito por\" \/>\n\t<meta name=\"twitter:data1\" content=\"ulises\" \/>\n\t<meta name=\"twitter:label2\" content=\"Tiempo de lectura\" \/>\n\t<meta name=\"twitter:data2\" content=\"1 minuto\" \/>\n<script type=\"application\/ld+json\" class=\"yoast-schema-graph\">{\"@context\":\"https:\/\/schema.org\",\"@graph\":[{\"@type\":\"NewsArticle\",\"@id\":\"https:\/\/www.celttv.com.ar\/index.php\/2019\/09\/24\/los-bomberos-acudieron-esta-tarde-a-dos-incendios-de-pastos-informe-y-fotos\/#article\",\"isPartOf\":{\"@id\":\"https:\/\/www.celttv.com.ar\/index.php\/2019\/09\/24\/los-bomberos-acudieron-esta-tarde-a-dos-incendios-de-pastos-informe-y-fotos\/\"},\"author\":{\"name\":\"ulises\",\"@id\":\"https:\/\/www.celttv.com.ar\/#\/schema\/person\/6d99c072dba59953809c81446e9d0ace\"},\"headline\":\"Los bomberos acudieron esta tarde a dos incendios de pastos (informe y fotos)\",\"datePublished\":\"2019-09-24T02:23:25+00:00\",\"dateModified\":\"2019-09-24T02:23:25+00:00\",\"mainEntityOfPage\":{\"@id\":\"https:\/\/www.celttv.com.ar\/index.php\/2019\/09\/24\/los-bomberos-acudieron-esta-tarde-a-dos-incendios-de-pastos-informe-y-fotos\/\"},\"wordCount\":130,\"publisher\":{\"@id\":\"https:\/\/www.celttv.com.ar\/#organization\"},\"articleSection\":[\"Comunidad\",\"Destacadas\"],\"inLanguage\":\"es\"},{\"@type\":\"WebPage\",\"@id\":\"https:\/\/www.celttv.com.ar\/index.php\/2019\/09\/24\/los-bomberos-acudieron-esta-tarde-a-dos-incendios-de-pastos-informe-y-fotos\/\",\"url\":\"https:\/\/www.celttv.com.ar\/index.php\/2019\/09\/24\/los-bomberos-acudieron-esta-tarde-a-dos-incendios-de-pastos-informe-y-fotos\/\",\"name\":\"Los bomberos acudieron esta tarde a dos incendios de pastos (informe y fotos) - CELTTV\",\"isPartOf\":{\"@id\":\"https:\/\/www.celttv.com.ar\/#website\"},\"datePublished\":\"2019-09-24T02:23:25+00:00\",\"dateModified\":\"2019-09-24T02:23:25+00:00\",\"description\":\"Sitio web de noticias de la localidad de Tornquist, provincia de Buenos Aires, Rep\u00fablica Argentina. Contenido propio originado por periodistas de CELTTV, el canal de TV local de la Cooperativa El\u00e9ctrica de Tornquist. Turismo, Pol\u00edtica, Sociedad, Deporte, Cultura y todo el contenido de inter\u00e9s general que la gente del pueblo y la regi\u00f3n debe conocer.\",\"breadcrumb\":{\"@id\":\"https:\/\/www.celttv.com.ar\/index.php\/2019\/09\/24\/los-bomberos-acudieron-esta-tarde-a-dos-incendios-de-pastos-informe-y-fotos\/#breadcrumb\"},\"inLanguage\":\"es\",\"potentialAction\":[{\"@type\":\"ReadAction\",\"target\":[\"https:\/\/www.celttv.com.ar\/index.php\/2019\/09\/24\/los-bomberos-acudieron-esta-tarde-a-dos-incendios-de-pastos-informe-y-fotos\/\"]}]},{\"@type\":\"BreadcrumbList\",\"@id\":\"https:\/\/www.celttv.com.ar\/index.php\/2019\/09\/24\/los-bomberos-acudieron-esta-tarde-a-dos-incendios-de-pastos-informe-y-fotos\/#breadcrumb\",\"itemListElement\":[{\"@type\":\"ListItem\",\"position\":1,\"name\":\"Inicio\",\"item\":\"https:\/\/www.celttv.com.ar\/\"},{\"@type\":\"ListItem\",\"position\":2,\"name\":\"Los bomberos acudieron esta tarde a dos incendios de pastos (informe y fotos)\"}]},{\"@type\":\"WebSite\",\"@id\":\"https:\/\/www.celttv.com.ar\/#website\",\"url\":\"https:\/\/www.celttv.com.ar\/\",\"name\":\"CELTTV\",\"description\":\"Cooperativa El\u00e9ctrica de Tornquist\",\"publisher\":{\"@id\":\"https:\/\/www.celttv.com.ar\/#organization\"},\"potentialAction\":[{\"@type\":\"SearchAction\",\"target\":{\"@type\":\"EntryPoint\",\"urlTemplate\":\"https:\/\/www.celttv.com.ar\/?s={search_term_string}\"},\"query-input\":\"required name=search_term_string\"}],\"inLanguage\":\"es\"},{\"@type\":\"Organization\",\"@id\":\"https:\/\/www.celttv.com.ar\/#organization\",\"name\":\"CELTTV\",\"url\":\"https:\/\/www.celttv.com.ar\/\",\"sameAs\":[\"https:\/\/www.youtube.com\/channel\/UCz_oIt8Hig64Ub-EmcNPIhg\",\"https:\/\/www.facebook.com\/celtTV\/\"],\"logo\":{\"@type\":\"ImageObject\",\"inLanguage\":\"es\",\"@id\":\"https:\/\/www.celttv.com.ar\/#\/schema\/logo\/image\/\",\"url\":\"http:\/\/www.celttv.com.ar\/wp-content\/uploads\/2022\/08\/logo-1.png\",\"contentUrl\":\"http:\/\/www.celttv.com.ar\/wp-content\/uploads\/2022\/08\/logo-1.png\",\"width\":461,\"height\":159,\"caption\":\"CELTTV\"},\"image\":{\"@id\":\"https:\/\/www.celttv.com.ar\/#\/schema\/logo\/image\/\"}},{\"@type\":\"Person\",\"@id\":\"https:\/\/www.celttv.com.ar\/#\/schema\/person\/6d99c072dba59953809c81446e9d0ace\",\"name\":\"ulises\",\"image\":{\"@type\":\"ImageObject\",\"inLanguage\":\"es\",\"@id\":\"https:\/\/www.celttv.com.ar\/#\/schema\/person\/image\/\",\"url\":\"https:\/\/secure.gravatar.com\/avatar\/7f2c48bdc33b30088f941fb6082e555f2874c98e20cb159d7b92b50eadfce793?s=96&d=mm&r=g\",\"contentUrl\":\"https:\/\/secure.gravatar.com\/avatar\/7f2c48bdc33b30088f941fb6082e555f2874c98e20cb159d7b92b50eadfce793?s=96&d=mm&r=g\",\"caption\":\"ulises\"},\"sameAs\":[\"http:\/\/www.celttv.com.ar\"]}]}<\/script>\n<!-- \/ Yoast SEO plugin. -->","yoast_head_json":{"title":"Los bomberos acudieron esta tarde a dos incendios de pastos (informe y fotos) - CELTTV","description":"Sitio web de noticias de la localidad de Tornquist, provincia de Buenos Aires, Rep\u00fablica Argentina. Contenido propio originado por periodistas de CELTTV, el canal de TV local de la Cooperativa El\u00e9ctrica de Tornquist. Turismo, Pol\u00edtica, Sociedad, Deporte, Cultura y todo el contenido de inter\u00e9s general que la gente del pueblo y la regi\u00f3n debe conocer.","robots":{"index":"index","follow":"follow","max-snippet":"max-snippet:-1","max-image-preview":"max-image-preview:large","max-video-preview":"max-video-preview:-1"},"canonical":"https:\/\/www.celttv.com.ar\/index.php\/2019\/09\/24\/los-bomberos-acudieron-esta-tarde-a-dos-incendios-de-pastos-informe-y-fotos\/","og_locale":"es_ES","og_type":"article","og_title":"Los bomberos acudieron esta tarde a dos incendios de pastos (informe y fotos) - CELTTV","og_description":"Sitio web de noticias de la localidad de Tornquist, provincia de Buenos Aires, Rep\u00fablica Argentina. Contenido propio originado por periodistas de CELTTV, el canal de TV local de la Cooperativa El\u00e9ctrica de Tornquist. Turismo, Pol\u00edtica, Sociedad, Deporte, Cultura y todo el contenido de inter\u00e9s general que la gente del pueblo y la regi\u00f3n debe conocer.","og_url":"https:\/\/www.celttv.com.ar\/index.php\/2019\/09\/24\/los-bomberos-acudieron-esta-tarde-a-dos-incendios-de-pastos-informe-y-fotos\/","og_site_name":"CELTTV","article_publisher":"https:\/\/www.facebook.com\/celtTV\/","article_published_time":"2019-09-24T02:23:25+00:00","og_image":[{"width":960,"height":720,"url":"https:\/\/www.celttv.com.ar\/wp-content\/uploads\/2019\/09\/pastos-naturales.jpg","type":"image\/jpeg"}],"author":"ulises","twitter_card":"summary_large_image","twitter_misc":{"Escrito por":"ulises","Tiempo de lectura":"1 minuto"},"schema":{"@context":"https:\/\/schema.org","@graph":[{"@type":"NewsArticle","@id":"https:\/\/www.celttv.com.ar\/index.php\/2019\/09\/24\/los-bomberos-acudieron-esta-tarde-a-dos-incendios-de-pastos-informe-y-fotos\/#article","isPartOf":{"@id":"https:\/\/www.celttv.com.ar\/index.php\/2019\/09\/24\/los-bomberos-acudieron-esta-tarde-a-dos-incendios-de-pastos-informe-y-fotos\/"},"author":{"name":"ulises","@id":"https:\/\/www.celttv.com.ar\/#\/schema\/person\/6d99c072dba59953809c81446e9d0ace"},"headline":"Los bomberos acudieron esta tarde a dos incendios de pastos (informe y fotos)","datePublished":"2019-09-24T02:23:25+00:00","dateModified":"2019-09-24T02:23:25+00:00","mainEntityOfPage":{"@id":"https:\/\/www.celttv.com.ar\/index.php\/2019\/09\/24\/los-bomberos-acudieron-esta-tarde-a-dos-incendios-de-pastos-informe-y-fotos\/"},"wordCount":130,"publisher":{"@id":"https:\/\/www.celttv.com.ar\/#organization"},"articleSection":["Comunidad","Destacadas"],"inLanguage":"es"},{"@type":"WebPage","@id":"https:\/\/www.celttv.com.ar\/index.php\/2019\/09\/24\/los-bomberos-acudieron-esta-tarde-a-dos-incendios-de-pastos-informe-y-fotos\/","url":"https:\/\/www.celttv.com.ar\/index.php\/2019\/09\/24\/los-bomberos-acudieron-esta-tarde-a-dos-incendios-de-pastos-informe-y-fotos\/","name":"Los bomberos acudieron esta tarde a dos incendios de pastos (informe y fotos) - CELTTV","isPartOf":{"@id":"https:\/\/www.celttv.com.ar\/#website"},"datePublished":"2019-09-24T02:23:25+00:00","dateModified":"2019-09-24T02:23:25+00:00","description":"Sitio web de noticias de la localidad de Tornquist, provincia de Buenos Aires, Rep\u00fablica Argentina. Contenido propio originado por periodistas de CELTTV, el canal de TV local de la Cooperativa El\u00e9ctrica de Tornquist. Turismo, Pol\u00edtica, Sociedad, Deporte, Cultura y todo el contenido de inter\u00e9s general que la gente del pueblo y la regi\u00f3n debe conocer.","breadcrumb":{"@id":"https:\/\/www.celttv.com.ar\/index.php\/2019\/09\/24\/los-bomberos-acudieron-esta-tarde-a-dos-incendios-de-pastos-informe-y-fotos\/#breadcrumb"},"inLanguage":"es","potentialAction":[{"@type":"ReadAction","target":["https:\/\/www.celttv.com.ar\/index.php\/2019\/09\/24\/los-bomberos-acudieron-esta-tarde-a-dos-incendios-de-pastos-informe-y-fotos\/"]}]},{"@type":"BreadcrumbList","@id":"https:\/\/www.celttv.com.ar\/index.php\/2019\/09\/24\/los-bomberos-acudieron-esta-tarde-a-dos-incendios-de-pastos-informe-y-fotos\/#breadcrumb","itemListElement":[{"@type":"ListItem","position":1,"name":"Inicio","item":"https:\/\/www.celttv.com.ar\/"},{"@type":"ListItem","position":2,"name":"Los bomberos acudieron esta tarde a dos incendios de pastos (informe y fotos)"}]},{"@type":"WebSite","@id":"https:\/\/www.celttv.com.ar\/#website","url":"https:\/\/www.celttv.com.ar\/","name":"CELTTV","description":"Cooperativa El\u00e9ctrica de Tornquist","publisher":{"@id":"https:\/\/www.celttv.com.ar\/#organization"},"potentialAction":[{"@type":"SearchAction","target":{"@type":"EntryPoint","urlTemplate":"https:\/\/www.celttv.com.ar\/?s={search_term_string}"},"query-input":"required name=search_term_string"}],"inLanguage":"es"},{"@type":"Organization","@id":"https:\/\/www.celttv.com.ar\/#organization","name":"CELTTV","url":"https:\/\/www.celttv.com.ar\/","sameAs":["https:\/\/www.youtube.com\/channel\/UCz_oIt8Hig64Ub-EmcNPIhg","https:\/\/www.facebook.com\/celtTV\/"],"logo":{"@type":"ImageObject","inLanguage":"es","@id":"https:\/\/www.celttv.com.ar\/#\/schema\/logo\/image\/","url":"http:\/\/www.celttv.com.ar\/wp-content\/uploads\/2022\/08\/logo-1.png","contentUrl":"http:\/\/www.celttv.com.ar\/wp-content\/uploads\/2022\/08\/logo-1.png","width":461,"height":159,"caption":"CELTTV"},"image":{"@id":"https:\/\/www.celttv.com.ar\/#\/schema\/logo\/image\/"}},{"@type":"Person","@id":"https:\/\/www.celttv.com.ar\/#\/schema\/person\/6d99c072dba59953809c81446e9d0ace","name":"ulises","image":{"@type":"ImageObject","inLanguage":"es","@id":"https:\/\/www.celttv.com.ar\/#\/schema\/person\/image\/","url":"https:\/\/secure.gravatar.com\/avatar\/7f2c48bdc33b30088f941fb6082e555f2874c98e20cb159d7b92b50eadfce793?s=96&d=mm&r=g","contentUrl":"https:\/\/secure.gravatar.com\/avatar\/7f2c48bdc33b30088f941fb6082e555f2874c98e20cb159d7b92b50eadfce793?s=96&d=mm&r=g","caption":"ulises"},"sameAs":["http:\/\/www.celttv.com.ar"]}]}},"_links":{"self":[{"href":"https:\/\/www.celttv.com.ar\/index.php\/wp-json\/wp\/v2\/posts\/44179","targetHints":{"allow":["GET"]}}],"collection":[{"href":"https:\/\/www.celttv.com.ar\/index.php\/wp-json\/wp\/v2\/posts"}],"about":[{"href":"https:\/\/www.celttv.com.ar\/index.php\/wp-json\/wp\/v2\/types\/post"}],"author":[{"embeddable":true,"href":"https:\/\/www.celttv.com.ar\/index.php\/wp-json\/wp\/v2\/users\/1"}],"replies":[{"embeddable":true,"href":"https:\/\/www.celttv.com.ar\/index.php\/wp-json\/wp\/v2\/comments?post=44179"}],"version-history":[{"count":0,"href":"https:\/\/www.celttv.com.ar\/index.php\/wp-json\/wp\/v2\/posts\/44179\/revisions"}],"wp:featuredmedia":[{"embeddable":true,"href":"https:\/\/www.celttv.com.ar\/index.php\/wp-json\/wp\/v2\/media\/44190"}],"wp:attachment":[{"href":"https:\/\/www.celttv.com.ar\/index.php\/wp-json\/wp\/v2\/media?parent=44179"}],"wp:term":[{"taxonomy":"category","embeddable":true,"href":"https:\/\/www.celttv.com.ar\/index.php\/wp-json\/wp\/v2\/categories?post=44179"},{"taxonomy":"post_tag","embeddable":true,"href":"https:\/\/www.celttv.com.ar\/index.php\/wp-json\/wp\/v2\/tags?post=44179"}],"curies":[{"name":"wp","href":"https:\/\/api.w.org\/{rel}","templated":true}]}}