{"id":44192,"date":"2019-09-24T02:39:59","date_gmt":"2019-09-24T02:39:59","guid":{"rendered":"http:\/\/www.celttv.com.ar\/?p=44192"},"modified":"2019-09-24T02:39:59","modified_gmt":"2019-09-24T02:39:59","slug":"la-final-del-clausura-ira-en-blanco-y-negro","status":"publish","type":"post","link":"https:\/\/www.celttv.com.ar\/index.php\/2019\/09\/24\/la-final-del-clausura-ira-en-blanco-y-negro\/","title":{"rendered":"La final del Clausura ir\u00e1 en Blanco y Negro"},"content":{"rendered":"<div class=\"adelanto\">\n<p><a href=\"http:\/\/www.celttv.com.ar\/?attachment_id=44194\" rel=\"attachment wp-att-44194\"><img loading=\"lazy\" decoding=\"async\" class=\"alignleft size-full wp-image-44194\" src=\"http:\/\/www.celttv.com.ar\/wp-content\/uploads\/2019\/09\/blanco-y-negro.jpg\" alt=\"\" width=\"640\" height=\"480\" srcset=\"https:\/\/www.celttv.com.ar\/wp-content\/uploads\/2019\/09\/blanco-y-negro.jpg 640w, https:\/\/www.celttv.com.ar\/wp-content\/uploads\/2019\/09\/blanco-y-negro-300x225.jpg 300w\" sizes=\"auto, (max-width: 640px) 100vw, 640px\" \/><\/a>El sorteo determin\u00f3 que Uni\u00f3n de Tornquist y Boca Juniors definan en el Parque Alberdi. San Mart\u00edn (ST) y Automoto confrontar\u00e1n en la cancha de Deportivo Sarmiento.<\/p>\n<\/div>\n<div class=\"text\">\n<p>El Parque Felisa I. de Alberdi del Centro Blanco y Negro ser\u00e1 escenario el pr\u00f3ximo domingo, a las 15:30, del partido definitorio del torneo Clausura de Primera divisi\u00f3n entre Uni\u00f3n de Tornquist y Boca Juniors, de acuerdo a lo resuelto este lunes en la habitual reuni\u00f3n semanal del consejo directivo de la Liga Regional de F\u00fatbol de Coronel Su\u00e1rez.<\/p>\n<p>La decisi\u00f3n fue por sorteo. En primer lugar el club serrano propuso que sea entre las propias canchas de los involucrados, aunque Boca prefiri\u00f3 que sea entre la de Automoto y la de Blanco y Negro, habiendo sido favorecida por el azar esta \u00faltima alternativa. A los efectos organizativos, seg\u00fan lo estipula el reglamento, el Verde de Tornquist ser\u00e1 local.<\/p>\n<p>Por otro lado, San Mart\u00edn de Santa Trinidad y Automoto llegaron a un acuerdo para protagonizar el enfrentamiento reclasificatorio en la cancha de Deportivo Sarmiento. Al igual que el resto de los cotejos de Primera las acciones empezar\u00e1n a las 15:30. Seg\u00fan lo indica el reglamento, el club de la primera colonia alemana ser\u00e1 local.<\/p>\n<p>Las determinaciones se tomaron despu\u00e9s que la Liga fue notificada por la Polic\u00eda de Pig\u00fc\u00e9 y de Puan respectivamente de la imposibilidad, por diferentes motivos, de brindar la cobertura pertinente para que dichas ciudades sean sede de los partidos que deb\u00edan disputarse en cancha neutral y equidistante.<\/p>\n<p>Los otros dos partidos del pr\u00f3ximo domingo ten\u00edan definida la local\u00eda por derecho deportivo adquirido. Tiro Federal de Villa Belgrano recibir\u00e1 a Blanco y Negro y San Mart\u00edn de Carhu\u00e9 a Puan F. Club.<\/p>\n<p>Las confrontaciones ser\u00e1n controlados por dos \u00e1rbitros de la Asociaci\u00f3n de Olavarr\u00eda, uno de la Asociaci\u00f3n Suarense y el restante de la Agrupaci\u00f3n Regional.<\/p>\n<p>Por otro lado, las semifinales de Reserva del torneo Clausura ir\u00e1n a manera de preliminar en dos escenarios a partir de las 13:30. En el estadio \u201cGustavo Moccero\u201d de Tiro Federal confrontar\u00e1n Club Sarmiento (local) y Blanco y Negro y Club Sarmiento, mientras en el Parque Alberdi har\u00e1n lo propio Pe\u00f1arol de Pig\u00fc\u00e9 (local) y Boca Juniors.<\/p>\n<p><strong>DEPORTIVO RIVERA PIDIO LA AFILIACI\u00d3N<\/strong><\/p>\n<p>El Club Deportivo Rivera envi\u00f3 una nota a la Liga Regional en la que solicita se contemple la posibilidad de otorgarle la afiliaci\u00f3n correspondiente para la temporada 2020 para jugar en Primera, Reserva y divisiones menores.<\/p>\n<p>El primer paso ser\u00e1 realizar la consulta pertinente a los clubes afiliados y ser\u00e1 tema de tratamiento en la pr\u00f3xima asamblea general ordinaria de la instituci\u00f3n.<\/p>\n<p><strong>DIVISIONES INFERIORES<\/strong><\/p>\n<p>El pr\u00f3ximo s\u00e1bado se reanudar\u00e1 el campeonato de divisiones inferiores, aunque los clubes San Mart\u00edn de Saavedra y Tiro Federal de Puan pidieron el cambio de d\u00eda para su enfrentamiento de 7\u00aa y 8\u00aa, dado que tienen chicos afectados a la Final Provincial de los Juegos Bonaerenses. El consejo directivo accedi\u00f3 aunque les solicit\u00f3 que lo recuperen a la brevedad.<\/p>\n<p>Claudio Meier &#8211; Nuevo D\u00eda<\/p>\n<\/div>\n","protected":false},"excerpt":{"rendered":"<p>El sorteo determin\u00f3 que Uni\u00f3n de Tornquist y Boca Juniors definan en el Parque Alberdi. San Mart\u00edn (ST) y Automoto confrontar\u00e1n en la cancha de Deportivo Sarmiento. El Parque Felisa I. de Alberdi del Centro Blanco y Negro ser\u00e1 escenario el pr\u00f3ximo domingo, a las 15:30, del partido definitorio del torneo Clausura de Primera divisi\u00f3n [&hellip;]<\/p>\n","protected":false},"author":1,"featured_media":44194,"comment_status":"closed","ping_status":"open","sticky":false,"template":"","format":"standard","meta":{"footnotes":""},"categories":[60,52],"tags":[],"class_list":["post-44192","post","type-post","status-publish","format-standard","has-post-thumbnail","hentry","category-deporte","category-destacadas"],"yoast_head":"<!-- This site is optimized with the Yoast SEO plugin v19.7.1 - https:\/\/yoast.com\/wordpress\/plugins\/seo\/ -->\n<title>La final del Clausura ir\u00e1 en Blanco y Negro - CELTTV<\/title>\n<meta name=\"description\" content=\"Sitio web de noticias de la localidad de Tornquist, provincia de Buenos Aires, Rep\u00fablica Argentina. Contenido propio originado por periodistas de CELTTV, el canal de TV local de la Cooperativa El\u00e9ctrica de Tornquist. Turismo, Pol\u00edtica, Sociedad, Deporte, Cultura y todo el contenido de inter\u00e9s general que la gente del pueblo y la regi\u00f3n debe conocer.\" \/>\n<meta name=\"robots\" content=\"index, follow, max-snippet:-1, max-image-preview:large, max-video-preview:-1\" \/>\n<link rel=\"canonical\" href=\"https:\/\/www.celttv.com.ar\/index.php\/2019\/09\/24\/la-final-del-clausura-ira-en-blanco-y-negro\/\" \/>\n<meta property=\"og:locale\" content=\"es_ES\" \/>\n<meta property=\"og:type\" content=\"article\" \/>\n<meta property=\"og:title\" content=\"La final del Clausura ir\u00e1 en Blanco y Negro - CELTTV\" \/>\n<meta property=\"og:description\" content=\"Sitio web de noticias de la localidad de Tornquist, provincia de Buenos Aires, Rep\u00fablica Argentina. Contenido propio originado por periodistas de CELTTV, el canal de TV local de la Cooperativa El\u00e9ctrica de Tornquist. Turismo, Pol\u00edtica, Sociedad, Deporte, Cultura y todo el contenido de inter\u00e9s general que la gente del pueblo y la regi\u00f3n debe conocer.\" \/>\n<meta property=\"og:url\" content=\"https:\/\/www.celttv.com.ar\/index.php\/2019\/09\/24\/la-final-del-clausura-ira-en-blanco-y-negro\/\" \/>\n<meta property=\"og:site_name\" content=\"CELTTV\" \/>\n<meta property=\"article:publisher\" content=\"https:\/\/www.facebook.com\/celtTV\/\" \/>\n<meta property=\"article:published_time\" content=\"2019-09-24T02:39:59+00:00\" \/>\n<meta property=\"og:image\" content=\"https:\/\/www.celttv.com.ar\/wp-content\/uploads\/2019\/09\/blanco-y-negro.jpg\" \/>\n\t<meta property=\"og:image:width\" content=\"640\" \/>\n\t<meta property=\"og:image:height\" content=\"480\" \/>\n\t<meta property=\"og:image:type\" content=\"image\/jpeg\" \/>\n<meta name=\"author\" content=\"ulises\" \/>\n<meta name=\"twitter:card\" content=\"summary_large_image\" \/>\n<meta name=\"twitter:label1\" content=\"Escrito por\" \/>\n\t<meta name=\"twitter:data1\" content=\"ulises\" \/>\n\t<meta name=\"twitter:label2\" content=\"Tiempo de lectura\" \/>\n\t<meta name=\"twitter:data2\" content=\"3 minutos\" \/>\n<script type=\"application\/ld+json\" class=\"yoast-schema-graph\">{\"@context\":\"https:\/\/schema.org\",\"@graph\":[{\"@type\":\"NewsArticle\",\"@id\":\"https:\/\/www.celttv.com.ar\/index.php\/2019\/09\/24\/la-final-del-clausura-ira-en-blanco-y-negro\/#article\",\"isPartOf\":{\"@id\":\"https:\/\/www.celttv.com.ar\/index.php\/2019\/09\/24\/la-final-del-clausura-ira-en-blanco-y-negro\/\"},\"author\":{\"name\":\"ulises\",\"@id\":\"https:\/\/www.celttv.com.ar\/#\/schema\/person\/6d99c072dba59953809c81446e9d0ace\"},\"headline\":\"La final del Clausura ir\u00e1 en Blanco y Negro\",\"datePublished\":\"2019-09-24T02:39:59+00:00\",\"dateModified\":\"2019-09-24T02:39:59+00:00\",\"mainEntityOfPage\":{\"@id\":\"https:\/\/www.celttv.com.ar\/index.php\/2019\/09\/24\/la-final-del-clausura-ira-en-blanco-y-negro\/\"},\"wordCount\":539,\"publisher\":{\"@id\":\"https:\/\/www.celttv.com.ar\/#organization\"},\"articleSection\":[\"Deporte\",\"Destacadas\"],\"inLanguage\":\"es\"},{\"@type\":\"WebPage\",\"@id\":\"https:\/\/www.celttv.com.ar\/index.php\/2019\/09\/24\/la-final-del-clausura-ira-en-blanco-y-negro\/\",\"url\":\"https:\/\/www.celttv.com.ar\/index.php\/2019\/09\/24\/la-final-del-clausura-ira-en-blanco-y-negro\/\",\"name\":\"La final del Clausura ir\u00e1 en Blanco y Negro - CELTTV\",\"isPartOf\":{\"@id\":\"https:\/\/www.celttv.com.ar\/#website\"},\"datePublished\":\"2019-09-24T02:39:59+00:00\",\"dateModified\":\"2019-09-24T02:39:59+00:00\",\"description\":\"Sitio web de noticias de la localidad de Tornquist, provincia de Buenos Aires, Rep\u00fablica Argentina. Contenido propio originado por periodistas de CELTTV, el canal de TV local de la Cooperativa El\u00e9ctrica de Tornquist. Turismo, Pol\u00edtica, Sociedad, Deporte, Cultura y todo el contenido de inter\u00e9s general que la gente del pueblo y la regi\u00f3n debe conocer.\",\"breadcrumb\":{\"@id\":\"https:\/\/www.celttv.com.ar\/index.php\/2019\/09\/24\/la-final-del-clausura-ira-en-blanco-y-negro\/#breadcrumb\"},\"inLanguage\":\"es\",\"potentialAction\":[{\"@type\":\"ReadAction\",\"target\":[\"https:\/\/www.celttv.com.ar\/index.php\/2019\/09\/24\/la-final-del-clausura-ira-en-blanco-y-negro\/\"]}]},{\"@type\":\"BreadcrumbList\",\"@id\":\"https:\/\/www.celttv.com.ar\/index.php\/2019\/09\/24\/la-final-del-clausura-ira-en-blanco-y-negro\/#breadcrumb\",\"itemListElement\":[{\"@type\":\"ListItem\",\"position\":1,\"name\":\"Inicio\",\"item\":\"https:\/\/www.celttv.com.ar\/\"},{\"@type\":\"ListItem\",\"position\":2,\"name\":\"La final del Clausura ir\u00e1 en Blanco y Negro\"}]},{\"@type\":\"WebSite\",\"@id\":\"https:\/\/www.celttv.com.ar\/#website\",\"url\":\"https:\/\/www.celttv.com.ar\/\",\"name\":\"CELTTV\",\"description\":\"Cooperativa El\u00e9ctrica de Tornquist\",\"publisher\":{\"@id\":\"https:\/\/www.celttv.com.ar\/#organization\"},\"potentialAction\":[{\"@type\":\"SearchAction\",\"target\":{\"@type\":\"EntryPoint\",\"urlTemplate\":\"https:\/\/www.celttv.com.ar\/?s={search_term_string}\"},\"query-input\":\"required name=search_term_string\"}],\"inLanguage\":\"es\"},{\"@type\":\"Organization\",\"@id\":\"https:\/\/www.celttv.com.ar\/#organization\",\"name\":\"CELTTV\",\"url\":\"https:\/\/www.celttv.com.ar\/\",\"sameAs\":[\"https:\/\/www.youtube.com\/channel\/UCz_oIt8Hig64Ub-EmcNPIhg\",\"https:\/\/www.facebook.com\/celtTV\/\"],\"logo\":{\"@type\":\"ImageObject\",\"inLanguage\":\"es\",\"@id\":\"https:\/\/www.celttv.com.ar\/#\/schema\/logo\/image\/\",\"url\":\"http:\/\/www.celttv.com.ar\/wp-content\/uploads\/2022\/08\/logo-1.png\",\"contentUrl\":\"http:\/\/www.celttv.com.ar\/wp-content\/uploads\/2022\/08\/logo-1.png\",\"width\":461,\"height\":159,\"caption\":\"CELTTV\"},\"image\":{\"@id\":\"https:\/\/www.celttv.com.ar\/#\/schema\/logo\/image\/\"}},{\"@type\":\"Person\",\"@id\":\"https:\/\/www.celttv.com.ar\/#\/schema\/person\/6d99c072dba59953809c81446e9d0ace\",\"name\":\"ulises\",\"image\":{\"@type\":\"ImageObject\",\"inLanguage\":\"es\",\"@id\":\"https:\/\/www.celttv.com.ar\/#\/schema\/person\/image\/\",\"url\":\"https:\/\/secure.gravatar.com\/avatar\/7f2c48bdc33b30088f941fb6082e555f2874c98e20cb159d7b92b50eadfce793?s=96&d=mm&r=g\",\"contentUrl\":\"https:\/\/secure.gravatar.com\/avatar\/7f2c48bdc33b30088f941fb6082e555f2874c98e20cb159d7b92b50eadfce793?s=96&d=mm&r=g\",\"caption\":\"ulises\"},\"sameAs\":[\"http:\/\/www.celttv.com.ar\"]}]}<\/script>\n<!-- \/ Yoast SEO plugin. -->","yoast_head_json":{"title":"La final del Clausura ir\u00e1 en Blanco y Negro - CELTTV","description":"Sitio web de noticias de la localidad de Tornquist, provincia de Buenos Aires, Rep\u00fablica Argentina. Contenido propio originado por periodistas de CELTTV, el canal de TV local de la Cooperativa El\u00e9ctrica de Tornquist. Turismo, Pol\u00edtica, Sociedad, Deporte, Cultura y todo el contenido de inter\u00e9s general que la gente del pueblo y la regi\u00f3n debe conocer.","robots":{"index":"index","follow":"follow","max-snippet":"max-snippet:-1","max-image-preview":"max-image-preview:large","max-video-preview":"max-video-preview:-1"},"canonical":"https:\/\/www.celttv.com.ar\/index.php\/2019\/09\/24\/la-final-del-clausura-ira-en-blanco-y-negro\/","og_locale":"es_ES","og_type":"article","og_title":"La final del Clausura ir\u00e1 en Blanco y Negro - CELTTV","og_description":"Sitio web de noticias de la localidad de Tornquist, provincia de Buenos Aires, Rep\u00fablica Argentina. Contenido propio originado por periodistas de CELTTV, el canal de TV local de la Cooperativa El\u00e9ctrica de Tornquist. Turismo, Pol\u00edtica, Sociedad, Deporte, Cultura y todo el contenido de inter\u00e9s general que la gente del pueblo y la regi\u00f3n debe conocer.","og_url":"https:\/\/www.celttv.com.ar\/index.php\/2019\/09\/24\/la-final-del-clausura-ira-en-blanco-y-negro\/","og_site_name":"CELTTV","article_publisher":"https:\/\/www.facebook.com\/celtTV\/","article_published_time":"2019-09-24T02:39:59+00:00","og_image":[{"width":640,"height":480,"url":"https:\/\/www.celttv.com.ar\/wp-content\/uploads\/2019\/09\/blanco-y-negro.jpg","type":"image\/jpeg"}],"author":"ulises","twitter_card":"summary_large_image","twitter_misc":{"Escrito por":"ulises","Tiempo de lectura":"3 minutos"},"schema":{"@context":"https:\/\/schema.org","@graph":[{"@type":"NewsArticle","@id":"https:\/\/www.celttv.com.ar\/index.php\/2019\/09\/24\/la-final-del-clausura-ira-en-blanco-y-negro\/#article","isPartOf":{"@id":"https:\/\/www.celttv.com.ar\/index.php\/2019\/09\/24\/la-final-del-clausura-ira-en-blanco-y-negro\/"},"author":{"name":"ulises","@id":"https:\/\/www.celttv.com.ar\/#\/schema\/person\/6d99c072dba59953809c81446e9d0ace"},"headline":"La final del Clausura ir\u00e1 en Blanco y Negro","datePublished":"2019-09-24T02:39:59+00:00","dateModified":"2019-09-24T02:39:59+00:00","mainEntityOfPage":{"@id":"https:\/\/www.celttv.com.ar\/index.php\/2019\/09\/24\/la-final-del-clausura-ira-en-blanco-y-negro\/"},"wordCount":539,"publisher":{"@id":"https:\/\/www.celttv.com.ar\/#organization"},"articleSection":["Deporte","Destacadas"],"inLanguage":"es"},{"@type":"WebPage","@id":"https:\/\/www.celttv.com.ar\/index.php\/2019\/09\/24\/la-final-del-clausura-ira-en-blanco-y-negro\/","url":"https:\/\/www.celttv.com.ar\/index.php\/2019\/09\/24\/la-final-del-clausura-ira-en-blanco-y-negro\/","name":"La final del Clausura ir\u00e1 en Blanco y Negro - CELTTV","isPartOf":{"@id":"https:\/\/www.celttv.com.ar\/#website"},"datePublished":"2019-09-24T02:39:59+00:00","dateModified":"2019-09-24T02:39:59+00:00","description":"Sitio web de noticias de la localidad de Tornquist, provincia de Buenos Aires, Rep\u00fablica Argentina. Contenido propio originado por periodistas de CELTTV, el canal de TV local de la Cooperativa El\u00e9ctrica de Tornquist. Turismo, Pol\u00edtica, Sociedad, Deporte, Cultura y todo el contenido de inter\u00e9s general que la gente del pueblo y la regi\u00f3n debe conocer.","breadcrumb":{"@id":"https:\/\/www.celttv.com.ar\/index.php\/2019\/09\/24\/la-final-del-clausura-ira-en-blanco-y-negro\/#breadcrumb"},"inLanguage":"es","potentialAction":[{"@type":"ReadAction","target":["https:\/\/www.celttv.com.ar\/index.php\/2019\/09\/24\/la-final-del-clausura-ira-en-blanco-y-negro\/"]}]},{"@type":"BreadcrumbList","@id":"https:\/\/www.celttv.com.ar\/index.php\/2019\/09\/24\/la-final-del-clausura-ira-en-blanco-y-negro\/#breadcrumb","itemListElement":[{"@type":"ListItem","position":1,"name":"Inicio","item":"https:\/\/www.celttv.com.ar\/"},{"@type":"ListItem","position":2,"name":"La final del Clausura ir\u00e1 en Blanco y Negro"}]},{"@type":"WebSite","@id":"https:\/\/www.celttv.com.ar\/#website","url":"https:\/\/www.celttv.com.ar\/","name":"CELTTV","description":"Cooperativa El\u00e9ctrica de Tornquist","publisher":{"@id":"https:\/\/www.celttv.com.ar\/#organization"},"potentialAction":[{"@type":"SearchAction","target":{"@type":"EntryPoint","urlTemplate":"https:\/\/www.celttv.com.ar\/?s={search_term_string}"},"query-input":"required name=search_term_string"}],"inLanguage":"es"},{"@type":"Organization","@id":"https:\/\/www.celttv.com.ar\/#organization","name":"CELTTV","url":"https:\/\/www.celttv.com.ar\/","sameAs":["https:\/\/www.youtube.com\/channel\/UCz_oIt8Hig64Ub-EmcNPIhg","https:\/\/www.facebook.com\/celtTV\/"],"logo":{"@type":"ImageObject","inLanguage":"es","@id":"https:\/\/www.celttv.com.ar\/#\/schema\/logo\/image\/","url":"http:\/\/www.celttv.com.ar\/wp-content\/uploads\/2022\/08\/logo-1.png","contentUrl":"http:\/\/www.celttv.com.ar\/wp-content\/uploads\/2022\/08\/logo-1.png","width":461,"height":159,"caption":"CELTTV"},"image":{"@id":"https:\/\/www.celttv.com.ar\/#\/schema\/logo\/image\/"}},{"@type":"Person","@id":"https:\/\/www.celttv.com.ar\/#\/schema\/person\/6d99c072dba59953809c81446e9d0ace","name":"ulises","image":{"@type":"ImageObject","inLanguage":"es","@id":"https:\/\/www.celttv.com.ar\/#\/schema\/person\/image\/","url":"https:\/\/secure.gravatar.com\/avatar\/7f2c48bdc33b30088f941fb6082e555f2874c98e20cb159d7b92b50eadfce793?s=96&d=mm&r=g","contentUrl":"https:\/\/secure.gravatar.com\/avatar\/7f2c48bdc33b30088f941fb6082e555f2874c98e20cb159d7b92b50eadfce793?s=96&d=mm&r=g","caption":"ulises"},"sameAs":["http:\/\/www.celttv.com.ar"]}]}},"_links":{"self":[{"href":"https:\/\/www.celttv.com.ar\/index.php\/wp-json\/wp\/v2\/posts\/44192","targetHints":{"allow":["GET"]}}],"collection":[{"href":"https:\/\/www.celttv.com.ar\/index.php\/wp-json\/wp\/v2\/posts"}],"about":[{"href":"https:\/\/www.celttv.com.ar\/index.php\/wp-json\/wp\/v2\/types\/post"}],"author":[{"embeddable":true,"href":"https:\/\/www.celttv.com.ar\/index.php\/wp-json\/wp\/v2\/users\/1"}],"replies":[{"embeddable":true,"href":"https:\/\/www.celttv.com.ar\/index.php\/wp-json\/wp\/v2\/comments?post=44192"}],"version-history":[{"count":0,"href":"https:\/\/www.celttv.com.ar\/index.php\/wp-json\/wp\/v2\/posts\/44192\/revisions"}],"wp:featuredmedia":[{"embeddable":true,"href":"https:\/\/www.celttv.com.ar\/index.php\/wp-json\/wp\/v2\/media\/44194"}],"wp:attachment":[{"href":"https:\/\/www.celttv.com.ar\/index.php\/wp-json\/wp\/v2\/media?parent=44192"}],"wp:term":[{"taxonomy":"category","embeddable":true,"href":"https:\/\/www.celttv.com.ar\/index.php\/wp-json\/wp\/v2\/categories?post=44192"},{"taxonomy":"post_tag","embeddable":true,"href":"https:\/\/www.celttv.com.ar\/index.php\/wp-json\/wp\/v2\/tags?post=44192"}],"curies":[{"name":"wp","href":"https:\/\/api.w.org\/{rel}","templated":true}]}}