{"id":44207,"date":"2019-09-24T21:54:28","date_gmt":"2019-09-24T21:54:28","guid":{"rendered":"http:\/\/www.celttv.com.ar\/?p=44207"},"modified":"2019-09-24T21:54:28","modified_gmt":"2019-09-24T21:54:28","slug":"torneos-bonaerenses-la-delegacion-de-tornquist-viajara-el-viernes-a-mar-del-plata","status":"publish","type":"post","link":"https:\/\/www.celttv.com.ar\/index.php\/2019\/09\/24\/torneos-bonaerenses-la-delegacion-de-tornquist-viajara-el-viernes-a-mar-del-plata\/","title":{"rendered":"TORNEOS BONAERENSES: La Delegaci\u00f3n de Tornquist viajar\u00e1 el viernes a Mar del Plata"},"content":{"rendered":"<p>El pr\u00f3ximo viernes 27 del corriente, la delegaci\u00f3n de Tornquist viajar\u00e1 a ciudad de\u00a0 Mar del Plata para disputar la etapa final de los juegos bonaerenses juveniles.<\/p>\n<p>Recordamos los ganadores de la etapa regional que obtuvieron su pase a la final provincia:<\/p>\n<p><strong>NATACION:\u00a0 <\/strong><\/p>\n<table>\n<tbody>\n<tr>\n<td width=\"187\"><strong>APELLIDO Y NOMBRE<\/strong><\/td>\n<td width=\"151\"><strong>DISCIPLINA<\/strong><\/td>\n<td width=\"106\"><strong>CATEGORIA<\/strong><\/td>\n<td width=\"159\"><strong>LOCALIDAD<\/strong><\/td>\n<\/tr>\n<tr>\n<td width=\"187\">VELAZQUEZ Evelyn<\/td>\n<td width=\"151\">25 mts Crol<\/td>\n<td width=\"106\">Sub\u00a0 16<\/td>\n<td width=\"159\">Saldungaray<\/td>\n<\/tr>\n<tr>\n<td width=\"187\">GOMEZ TUNESSI Delfina<\/td>\n<td width=\"151\">100 mts Espalda<\/td>\n<td width=\"106\">Sub\u00a0 16<\/td>\n<td width=\"159\">Sierra de la Ventana<\/td>\n<\/tr>\n<\/tbody>\n<\/table>\n<p>&nbsp;<\/p>\n<p><strong>BOCCIA: <\/strong><\/p>\n<table width=\"604\">\n<tbody>\n<tr>\n<td width=\"154\"><strong>APELLIDO Y NOMBRE<\/strong><\/td>\n<td width=\"158\"><strong>DISCIPLINA<\/strong><\/td>\n<td width=\"133\"><strong>CATEGORIA<\/strong><\/td>\n<td width=\"159\"><strong>LOCALIDAD<\/strong><\/td>\n<\/tr>\n<tr>\n<td width=\"154\">PEREYRA Marcos<\/td>\n<td width=\"158\">Boccia<\/td>\n<td width=\"133\">Sub\u00a0 16<\/td>\n<td width=\"159\">Saldungaray<\/td>\n<\/tr>\n<\/tbody>\n<\/table>\n<p>&nbsp;<\/p>\n<p><strong>ATLETISMO PCD: <\/strong><\/p>\n<table>\n<tbody>\n<tr>\n<td width=\"153\"><strong>APELLIDO Y NOMBRE<\/strong><\/td>\n<td width=\"153\"><strong>DISCIPLINA<\/strong><\/td>\n<td width=\"129\"><strong>CATEGORIA<\/strong><\/td>\n<td width=\"154\"><strong>LOCALIDAD<\/strong><\/td>\n<\/tr>\n<tr>\n<td width=\"153\">CALABRESE Candela<\/td>\n<td width=\"153\">Velocidad<\/td>\n<td width=\"129\">Sub + 18<\/td>\n<td width=\"154\">Tornquist<\/td>\n<\/tr>\n<tr>\n<td width=\"153\">SEAL Eber<\/td>\n<td width=\"153\">Lanzamiento Bala<\/td>\n<td width=\"129\">Sub 16<\/td>\n<td width=\"154\">Tornquist<\/td>\n<\/tr>\n<\/tbody>\n<\/table>\n<p>&nbsp;<\/p>\n<p><strong>ATLETISMO CONVENCIONAL: <\/strong><\/p>\n<table>\n<tbody>\n<tr>\n<td width=\"177\"><strong>APELLIDO Y NOMBRE<\/strong><\/td>\n<td width=\"161\"><strong>DISCIPLINA<\/strong><\/td>\n<td width=\"107\"><strong>CATEGORIA<\/strong><\/td>\n<td width=\"158\"><strong>LOCALIDAD<\/strong><\/td>\n<\/tr>\n<tr>\n<td width=\"177\">REBOLERO Guadalupe<\/td>\n<td width=\"161\">Lanzamiento Disco<\/td>\n<td width=\"107\">Sub 18<\/td>\n<td width=\"158\">Villa Ventana<\/td>\n<\/tr>\n<tr>\n<td width=\"177\">CABRAL Anabela<\/td>\n<td width=\"161\">Salto Triple<\/td>\n<td width=\"107\">Sub 16<\/td>\n<td width=\"158\">Villa Ventana<\/td>\n<\/tr>\n<tr>\n<td width=\"177\">ESPINOLA Belen<\/td>\n<td width=\"161\">Salto en Alto<\/td>\n<td width=\"107\">Sub 16<\/td>\n<td width=\"158\">Villa Ventana<\/td>\n<\/tr>\n<tr>\n<td width=\"177\">LAMAS Mora<\/td>\n<td width=\"161\">Salto en Alto<\/td>\n<td width=\"107\">Sub 14<\/td>\n<td width=\"158\">Villa Ventana<\/td>\n<\/tr>\n<tr>\n<td width=\"177\">FRATTINI Lara<\/td>\n<td width=\"161\">110 c\/vallas<\/td>\n<td width=\"107\">Sub 16<\/td>\n<td width=\"158\">Villa Ventana<\/td>\n<\/tr>\n<tr>\n<td width=\"177\">ROSAS Matias<\/td>\n<td width=\"161\">Salto en Alto<\/td>\n<td width=\"107\">Sub 18<\/td>\n<td width=\"158\">Villa Ventana<\/td>\n<\/tr>\n<tr>\n<td width=\"177\">FREDES Alejo<\/td>\n<td width=\"161\">Lanzamiento Jabalina<\/td>\n<td width=\"107\">Sub 14<\/td>\n<td width=\"158\">Villa Ventana<\/td>\n<\/tr>\n<tr>\n<td width=\"177\">RODRIGUEZ Maximiliano<\/td>\n<td width=\"161\">Lanzamiento Jabalina<\/td>\n<td width=\"107\">Sub 16<\/td>\n<td width=\"158\">Tornquist<\/td>\n<\/tr>\n<\/tbody>\n<\/table>\n<p><strong>\u00a0<\/strong><\/p>\n<p><strong>GIMNASIA ARTISTICA:<\/strong><\/p>\n<table>\n<tbody>\n<tr>\n<td width=\"177\"><strong>APELLIDO Y NOMBRE<\/strong><\/td>\n<td width=\"161\"><strong>DISCIPLINA<\/strong><\/td>\n<td width=\"107\"><strong>CATEGORIA<\/strong><\/td>\n<td width=\"158\"><strong>LOCALIDAD<\/strong><\/td>\n<\/tr>\n<tr>\n<td width=\"177\">BORCHES Ian<\/td>\n<td rowspan=\"3\" width=\"161\">Gimnasia<\/p>\n<p>&nbsp;<\/td>\n<td rowspan=\"3\" width=\"107\">Sub 12<\/p>\n<p>&nbsp;<\/td>\n<td rowspan=\"3\" width=\"158\">Tornquist<\/p>\n<p>&nbsp;<\/td>\n<\/tr>\n<tr>\n<td width=\"177\">GARCIA QUIROGA Uriel<\/td>\n<\/tr>\n<tr>\n<td width=\"177\">SCHWAB Uriel<\/td>\n<\/tr>\n<\/tbody>\n<\/table>\n<p><strong>\u00a0<\/strong><\/p>\n<table>\n<tbody>\n<tr>\n<td width=\"177\"><strong>APELLIDO Y NOMBRE<\/strong><\/td>\n<td width=\"161\"><strong>DISCIPLINA<\/strong><\/td>\n<td width=\"107\"><strong>CATEGORIA<\/strong><\/td>\n<td width=\"158\"><strong>LOCALIDAD<\/strong><\/td>\n<\/tr>\n<tr>\n<td width=\"177\">SGAMINI Ana<\/td>\n<td rowspan=\"3\" width=\"161\">Gimnasia<\/p>\n<p>&nbsp;<\/td>\n<td rowspan=\"3\" width=\"107\">Sub 15<\/p>\n<p>&nbsp;<\/td>\n<td rowspan=\"3\" width=\"158\">Tornquist<\/p>\n<p>&nbsp;<\/td>\n<\/tr>\n<tr>\n<td width=\"177\">HOER Sofia<\/td>\n<\/tr>\n<tr>\n<td width=\"177\">GARCIA Antonela<\/td>\n<\/tr>\n<\/tbody>\n<\/table>\n<p><strong>\u00a0<\/strong><\/p>\n<p><strong>VOLEIBOL <\/strong><\/p>\n<table>\n<tbody>\n<tr>\n<td width=\"172\"><strong>APELLIDO Y NOMBRE<\/strong><\/td>\n<td width=\"156\"><strong>DISCIPLINA<\/strong><\/td>\n<td width=\"106\"><strong>CATEGORIA<\/strong><\/td>\n<td width=\"155\"><strong>LOCALIDAD<\/strong><\/td>\n<\/tr>\n<tr>\n<td width=\"172\">RUSCONI Victoria<\/td>\n<td rowspan=\"6\" width=\"156\">Voleibol Femenino<\/td>\n<td rowspan=\"6\" width=\"106\">Sub 15<\/p>\n<p>&nbsp;<\/td>\n<td rowspan=\"6\" width=\"155\">Tornquist \u2013 Saldungaray<\/p>\n<p>&nbsp;<\/td>\n<\/tr>\n<tr>\n<td width=\"172\">RINCON Clara<\/td>\n<\/tr>\n<tr>\n<td width=\"172\">URIBE Milena<\/td>\n<\/tr>\n<tr>\n<td width=\"172\">TRANKELS Sabrina<\/td>\n<\/tr>\n<tr>\n<td width=\"172\">DORADO Valentina<\/td>\n<\/tr>\n<tr>\n<td width=\"172\">CANDAL Josefina<\/td>\n<\/tr>\n<\/tbody>\n<\/table>\n<p><strong>\u00a0<\/strong><\/p>\n<p><strong>TENIS:<\/strong><\/p>\n<table>\n<tbody>\n<tr>\n<td width=\"177\"><strong>APELLIDO Y NOMBRE<\/strong><\/td>\n<td width=\"161\"><strong>DISCIPLINA<\/strong><\/td>\n<td width=\"107\"><strong>CATEGORIA<\/strong><\/td>\n<td width=\"158\"><strong>LOCALIDAD<\/strong><\/td>\n<\/tr>\n<tr>\n<td width=\"177\">BUFFATELLI Candela<\/td>\n<td width=\"161\">Tenis<\/td>\n<td width=\"107\">Sub 14<\/td>\n<td width=\"158\">Sierra de la Ventana<\/td>\n<\/tr>\n<\/tbody>\n<\/table>\n<p><strong>\u00a0<\/strong><\/p>\n<p><strong>TENIS DE MESA:<\/strong><\/p>\n<table>\n<tbody>\n<tr>\n<td width=\"177\"><strong>APELLIDO Y NOMBRE<\/strong><\/td>\n<td width=\"161\"><strong>DISCIPLINA<\/strong><\/td>\n<td width=\"107\"><strong>CATEGORIA<\/strong><\/td>\n<td width=\"158\"><strong>LOCALIDAD<\/strong><\/td>\n<\/tr>\n<tr>\n<td width=\"177\">BUFFATELLI Candela<\/td>\n<td width=\"161\">Tenis de Mesa<\/td>\n<td width=\"107\">Sub 14<\/td>\n<td width=\"158\">Sierra de la Ventana<\/td>\n<\/tr>\n<\/tbody>\n<\/table>\n<p><strong>\u00a0<\/strong><\/p>\n<p><strong>SURF:<\/strong><\/p>\n<table>\n<tbody>\n<tr>\n<td width=\"177\"><strong>APELLIDO Y NOMBRE<\/strong><\/td>\n<td width=\"161\"><strong>DISCIPLINA<\/strong><\/td>\n<td width=\"107\"><strong>CATEGORIA<\/strong><\/td>\n<td width=\"158\"><strong>LOCALIDAD<\/strong><\/td>\n<\/tr>\n<tr>\n<td width=\"177\">BELATTE Morena<\/td>\n<td width=\"161\">Surf<\/td>\n<td width=\"107\">Sub 14 Fem<\/td>\n<td width=\"158\">Saldungaray<\/td>\n<\/tr>\n<tr>\n<td width=\"177\">BELATTE Manuel<\/td>\n<td width=\"161\">Surf<\/td>\n<td width=\"107\">Sub 14 Masc<\/td>\n<td width=\"158\">Saldungaray<\/td>\n<\/tr>\n<\/tbody>\n<\/table>\n<p><strong>\u00a0<\/strong><\/p>\n<p>El horario de salida est\u00e1 estipulado para las 00.30hs, desde el Teatro Rodolfo Funke<\/p>\n<p>&nbsp;<\/p>\n<p>&nbsp;<\/p>\n<p>&nbsp;<\/p>\n","protected":false},"excerpt":{"rendered":"<p>El pr\u00f3ximo viernes 27 del corriente, la delegaci\u00f3n de Tornquist viajar\u00e1 a ciudad de\u00a0 Mar del Plata para disputar la etapa final de los juegos bonaerenses juveniles. Recordamos los ganadores de la etapa regional que obtuvieron su pase a la final provincia: NATACION:\u00a0 APELLIDO Y NOMBRE DISCIPLINA CATEGORIA LOCALIDAD VELAZQUEZ Evelyn 25 mts Crol Sub\u00a0 [&hellip;]<\/p>\n","protected":false},"author":1,"featured_media":44208,"comment_status":"closed","ping_status":"open","sticky":false,"template":"","format":"standard","meta":{"footnotes":""},"categories":[55,60,52,63],"tags":[],"class_list":["post-44207","post","type-post","status-publish","format-standard","has-post-thumbnail","hentry","category-celt-tv-noticias","category-deporte","category-destacadas","category-magazine-sport"],"yoast_head":"<!-- This site is optimized with the Yoast SEO plugin v19.7.1 - https:\/\/yoast.com\/wordpress\/plugins\/seo\/ -->\n<title>TORNEOS BONAERENSES: La Delegaci\u00f3n de Tornquist viajar\u00e1 el viernes a Mar del Plata - CELTTV<\/title>\n<meta name=\"description\" content=\"Sitio web de noticias de la localidad de Tornquist, provincia de Buenos Aires, Rep\u00fablica Argentina. Contenido propio originado por periodistas de CELTTV, el canal de TV local de la Cooperativa El\u00e9ctrica de Tornquist. Turismo, Pol\u00edtica, Sociedad, Deporte, Cultura y todo el contenido de inter\u00e9s general que la gente del pueblo y la regi\u00f3n debe conocer.\" \/>\n<meta name=\"robots\" content=\"index, follow, max-snippet:-1, max-image-preview:large, max-video-preview:-1\" \/>\n<link rel=\"canonical\" href=\"https:\/\/www.celttv.com.ar\/index.php\/2019\/09\/24\/torneos-bonaerenses-la-delegacion-de-tornquist-viajara-el-viernes-a-mar-del-plata\/\" \/>\n<meta property=\"og:locale\" content=\"es_ES\" \/>\n<meta property=\"og:type\" content=\"article\" \/>\n<meta property=\"og:title\" content=\"TORNEOS BONAERENSES: La Delegaci\u00f3n de Tornquist viajar\u00e1 el viernes a Mar del Plata - CELTTV\" \/>\n<meta property=\"og:description\" content=\"Sitio web de noticias de la localidad de Tornquist, provincia de Buenos Aires, Rep\u00fablica Argentina. Contenido propio originado por periodistas de CELTTV, el canal de TV local de la Cooperativa El\u00e9ctrica de Tornquist. Turismo, Pol\u00edtica, Sociedad, Deporte, Cultura y todo el contenido de inter\u00e9s general que la gente del pueblo y la regi\u00f3n debe conocer.\" \/>\n<meta property=\"og:url\" content=\"https:\/\/www.celttv.com.ar\/index.php\/2019\/09\/24\/torneos-bonaerenses-la-delegacion-de-tornquist-viajara-el-viernes-a-mar-del-plata\/\" \/>\n<meta property=\"og:site_name\" content=\"CELTTV\" \/>\n<meta property=\"article:publisher\" content=\"https:\/\/www.facebook.com\/celtTV\/\" \/>\n<meta property=\"article:published_time\" content=\"2019-09-24T21:54:28+00:00\" \/>\n<meta property=\"og:image\" content=\"https:\/\/www.celttv.com.ar\/wp-content\/uploads\/2019\/09\/67701756_2368585546561283_8973512112546512896_n.jpg\" \/>\n\t<meta property=\"og:image:width\" content=\"929\" \/>\n\t<meta property=\"og:image:height\" content=\"768\" \/>\n\t<meta property=\"og:image:type\" content=\"image\/jpeg\" \/>\n<meta name=\"author\" content=\"ulises\" \/>\n<meta name=\"twitter:card\" content=\"summary_large_image\" \/>\n<meta name=\"twitter:label1\" content=\"Escrito por\" \/>\n\t<meta name=\"twitter:data1\" content=\"ulises\" \/>\n\t<meta name=\"twitter:label2\" content=\"Tiempo de lectura\" \/>\n\t<meta name=\"twitter:data2\" content=\"2 minutos\" \/>\n<script type=\"application\/ld+json\" class=\"yoast-schema-graph\">{\"@context\":\"https:\/\/schema.org\",\"@graph\":[{\"@type\":\"NewsArticle\",\"@id\":\"https:\/\/www.celttv.com.ar\/index.php\/2019\/09\/24\/torneos-bonaerenses-la-delegacion-de-tornquist-viajara-el-viernes-a-mar-del-plata\/#article\",\"isPartOf\":{\"@id\":\"https:\/\/www.celttv.com.ar\/index.php\/2019\/09\/24\/torneos-bonaerenses-la-delegacion-de-tornquist-viajara-el-viernes-a-mar-del-plata\/\"},\"author\":{\"name\":\"ulises\",\"@id\":\"https:\/\/www.celttv.com.ar\/#\/schema\/person\/6d99c072dba59953809c81446e9d0ace\"},\"headline\":\"TORNEOS BONAERENSES: La Delegaci\u00f3n de Tornquist viajar\u00e1 el viernes a Mar del Plata\",\"datePublished\":\"2019-09-24T21:54:28+00:00\",\"dateModified\":\"2019-09-24T21:54:28+00:00\",\"mainEntityOfPage\":{\"@id\":\"https:\/\/www.celttv.com.ar\/index.php\/2019\/09\/24\/torneos-bonaerenses-la-delegacion-de-tornquist-viajara-el-viernes-a-mar-del-plata\/\"},\"wordCount\":315,\"publisher\":{\"@id\":\"https:\/\/www.celttv.com.ar\/#organization\"},\"articleSection\":[\"Celt TV Noticias\",\"Deporte\",\"Destacadas\",\"Magazine Sport\"],\"inLanguage\":\"es\"},{\"@type\":\"WebPage\",\"@id\":\"https:\/\/www.celttv.com.ar\/index.php\/2019\/09\/24\/torneos-bonaerenses-la-delegacion-de-tornquist-viajara-el-viernes-a-mar-del-plata\/\",\"url\":\"https:\/\/www.celttv.com.ar\/index.php\/2019\/09\/24\/torneos-bonaerenses-la-delegacion-de-tornquist-viajara-el-viernes-a-mar-del-plata\/\",\"name\":\"TORNEOS BONAERENSES: La Delegaci\u00f3n de Tornquist viajar\u00e1 el viernes a Mar del Plata - CELTTV\",\"isPartOf\":{\"@id\":\"https:\/\/www.celttv.com.ar\/#website\"},\"datePublished\":\"2019-09-24T21:54:28+00:00\",\"dateModified\":\"2019-09-24T21:54:28+00:00\",\"description\":\"Sitio web de noticias de la localidad de Tornquist, provincia de Buenos Aires, Rep\u00fablica Argentina. Contenido propio originado por periodistas de CELTTV, el canal de TV local de la Cooperativa El\u00e9ctrica de Tornquist. Turismo, Pol\u00edtica, Sociedad, Deporte, Cultura y todo el contenido de inter\u00e9s general que la gente del pueblo y la regi\u00f3n debe conocer.\",\"breadcrumb\":{\"@id\":\"https:\/\/www.celttv.com.ar\/index.php\/2019\/09\/24\/torneos-bonaerenses-la-delegacion-de-tornquist-viajara-el-viernes-a-mar-del-plata\/#breadcrumb\"},\"inLanguage\":\"es\",\"potentialAction\":[{\"@type\":\"ReadAction\",\"target\":[\"https:\/\/www.celttv.com.ar\/index.php\/2019\/09\/24\/torneos-bonaerenses-la-delegacion-de-tornquist-viajara-el-viernes-a-mar-del-plata\/\"]}]},{\"@type\":\"BreadcrumbList\",\"@id\":\"https:\/\/www.celttv.com.ar\/index.php\/2019\/09\/24\/torneos-bonaerenses-la-delegacion-de-tornquist-viajara-el-viernes-a-mar-del-plata\/#breadcrumb\",\"itemListElement\":[{\"@type\":\"ListItem\",\"position\":1,\"name\":\"Inicio\",\"item\":\"https:\/\/www.celttv.com.ar\/\"},{\"@type\":\"ListItem\",\"position\":2,\"name\":\"TORNEOS BONAERENSES: La Delegaci\u00f3n de Tornquist viajar\u00e1 el viernes a Mar del Plata\"}]},{\"@type\":\"WebSite\",\"@id\":\"https:\/\/www.celttv.com.ar\/#website\",\"url\":\"https:\/\/www.celttv.com.ar\/\",\"name\":\"CELTTV\",\"description\":\"Cooperativa El\u00e9ctrica de Tornquist\",\"publisher\":{\"@id\":\"https:\/\/www.celttv.com.ar\/#organization\"},\"potentialAction\":[{\"@type\":\"SearchAction\",\"target\":{\"@type\":\"EntryPoint\",\"urlTemplate\":\"https:\/\/www.celttv.com.ar\/?s={search_term_string}\"},\"query-input\":\"required name=search_term_string\"}],\"inLanguage\":\"es\"},{\"@type\":\"Organization\",\"@id\":\"https:\/\/www.celttv.com.ar\/#organization\",\"name\":\"CELTTV\",\"url\":\"https:\/\/www.celttv.com.ar\/\",\"sameAs\":[\"https:\/\/www.youtube.com\/channel\/UCz_oIt8Hig64Ub-EmcNPIhg\",\"https:\/\/www.facebook.com\/celtTV\/\"],\"logo\":{\"@type\":\"ImageObject\",\"inLanguage\":\"es\",\"@id\":\"https:\/\/www.celttv.com.ar\/#\/schema\/logo\/image\/\",\"url\":\"http:\/\/www.celttv.com.ar\/wp-content\/uploads\/2022\/08\/logo-1.png\",\"contentUrl\":\"http:\/\/www.celttv.com.ar\/wp-content\/uploads\/2022\/08\/logo-1.png\",\"width\":461,\"height\":159,\"caption\":\"CELTTV\"},\"image\":{\"@id\":\"https:\/\/www.celttv.com.ar\/#\/schema\/logo\/image\/\"}},{\"@type\":\"Person\",\"@id\":\"https:\/\/www.celttv.com.ar\/#\/schema\/person\/6d99c072dba59953809c81446e9d0ace\",\"name\":\"ulises\",\"image\":{\"@type\":\"ImageObject\",\"inLanguage\":\"es\",\"@id\":\"https:\/\/www.celttv.com.ar\/#\/schema\/person\/image\/\",\"url\":\"https:\/\/secure.gravatar.com\/avatar\/7f2c48bdc33b30088f941fb6082e555f2874c98e20cb159d7b92b50eadfce793?s=96&d=mm&r=g\",\"contentUrl\":\"https:\/\/secure.gravatar.com\/avatar\/7f2c48bdc33b30088f941fb6082e555f2874c98e20cb159d7b92b50eadfce793?s=96&d=mm&r=g\",\"caption\":\"ulises\"},\"sameAs\":[\"http:\/\/www.celttv.com.ar\"]}]}<\/script>\n<!-- \/ Yoast SEO plugin. -->","yoast_head_json":{"title":"TORNEOS BONAERENSES: La Delegaci\u00f3n de Tornquist viajar\u00e1 el viernes a Mar del Plata - CELTTV","description":"Sitio web de noticias de la localidad de Tornquist, provincia de Buenos Aires, Rep\u00fablica Argentina. Contenido propio originado por periodistas de CELTTV, el canal de TV local de la Cooperativa El\u00e9ctrica de Tornquist. Turismo, Pol\u00edtica, Sociedad, Deporte, Cultura y todo el contenido de inter\u00e9s general que la gente del pueblo y la regi\u00f3n debe conocer.","robots":{"index":"index","follow":"follow","max-snippet":"max-snippet:-1","max-image-preview":"max-image-preview:large","max-video-preview":"max-video-preview:-1"},"canonical":"https:\/\/www.celttv.com.ar\/index.php\/2019\/09\/24\/torneos-bonaerenses-la-delegacion-de-tornquist-viajara-el-viernes-a-mar-del-plata\/","og_locale":"es_ES","og_type":"article","og_title":"TORNEOS BONAERENSES: La Delegaci\u00f3n de Tornquist viajar\u00e1 el viernes a Mar del Plata - CELTTV","og_description":"Sitio web de noticias de la localidad de Tornquist, provincia de Buenos Aires, Rep\u00fablica Argentina. Contenido propio originado por periodistas de CELTTV, el canal de TV local de la Cooperativa El\u00e9ctrica de Tornquist. Turismo, Pol\u00edtica, Sociedad, Deporte, Cultura y todo el contenido de inter\u00e9s general que la gente del pueblo y la regi\u00f3n debe conocer.","og_url":"https:\/\/www.celttv.com.ar\/index.php\/2019\/09\/24\/torneos-bonaerenses-la-delegacion-de-tornquist-viajara-el-viernes-a-mar-del-plata\/","og_site_name":"CELTTV","article_publisher":"https:\/\/www.facebook.com\/celtTV\/","article_published_time":"2019-09-24T21:54:28+00:00","og_image":[{"width":929,"height":768,"url":"https:\/\/www.celttv.com.ar\/wp-content\/uploads\/2019\/09\/67701756_2368585546561283_8973512112546512896_n.jpg","type":"image\/jpeg"}],"author":"ulises","twitter_card":"summary_large_image","twitter_misc":{"Escrito por":"ulises","Tiempo de lectura":"2 minutos"},"schema":{"@context":"https:\/\/schema.org","@graph":[{"@type":"NewsArticle","@id":"https:\/\/www.celttv.com.ar\/index.php\/2019\/09\/24\/torneos-bonaerenses-la-delegacion-de-tornquist-viajara-el-viernes-a-mar-del-plata\/#article","isPartOf":{"@id":"https:\/\/www.celttv.com.ar\/index.php\/2019\/09\/24\/torneos-bonaerenses-la-delegacion-de-tornquist-viajara-el-viernes-a-mar-del-plata\/"},"author":{"name":"ulises","@id":"https:\/\/www.celttv.com.ar\/#\/schema\/person\/6d99c072dba59953809c81446e9d0ace"},"headline":"TORNEOS BONAERENSES: La Delegaci\u00f3n de Tornquist viajar\u00e1 el viernes a Mar del Plata","datePublished":"2019-09-24T21:54:28+00:00","dateModified":"2019-09-24T21:54:28+00:00","mainEntityOfPage":{"@id":"https:\/\/www.celttv.com.ar\/index.php\/2019\/09\/24\/torneos-bonaerenses-la-delegacion-de-tornquist-viajara-el-viernes-a-mar-del-plata\/"},"wordCount":315,"publisher":{"@id":"https:\/\/www.celttv.com.ar\/#organization"},"articleSection":["Celt TV Noticias","Deporte","Destacadas","Magazine Sport"],"inLanguage":"es"},{"@type":"WebPage","@id":"https:\/\/www.celttv.com.ar\/index.php\/2019\/09\/24\/torneos-bonaerenses-la-delegacion-de-tornquist-viajara-el-viernes-a-mar-del-plata\/","url":"https:\/\/www.celttv.com.ar\/index.php\/2019\/09\/24\/torneos-bonaerenses-la-delegacion-de-tornquist-viajara-el-viernes-a-mar-del-plata\/","name":"TORNEOS BONAERENSES: La Delegaci\u00f3n de Tornquist viajar\u00e1 el viernes a Mar del Plata - CELTTV","isPartOf":{"@id":"https:\/\/www.celttv.com.ar\/#website"},"datePublished":"2019-09-24T21:54:28+00:00","dateModified":"2019-09-24T21:54:28+00:00","description":"Sitio web de noticias de la localidad de Tornquist, provincia de Buenos Aires, Rep\u00fablica Argentina. Contenido propio originado por periodistas de CELTTV, el canal de TV local de la Cooperativa El\u00e9ctrica de Tornquist. Turismo, Pol\u00edtica, Sociedad, Deporte, Cultura y todo el contenido de inter\u00e9s general que la gente del pueblo y la regi\u00f3n debe conocer.","breadcrumb":{"@id":"https:\/\/www.celttv.com.ar\/index.php\/2019\/09\/24\/torneos-bonaerenses-la-delegacion-de-tornquist-viajara-el-viernes-a-mar-del-plata\/#breadcrumb"},"inLanguage":"es","potentialAction":[{"@type":"ReadAction","target":["https:\/\/www.celttv.com.ar\/index.php\/2019\/09\/24\/torneos-bonaerenses-la-delegacion-de-tornquist-viajara-el-viernes-a-mar-del-plata\/"]}]},{"@type":"BreadcrumbList","@id":"https:\/\/www.celttv.com.ar\/index.php\/2019\/09\/24\/torneos-bonaerenses-la-delegacion-de-tornquist-viajara-el-viernes-a-mar-del-plata\/#breadcrumb","itemListElement":[{"@type":"ListItem","position":1,"name":"Inicio","item":"https:\/\/www.celttv.com.ar\/"},{"@type":"ListItem","position":2,"name":"TORNEOS BONAERENSES: La Delegaci\u00f3n de Tornquist viajar\u00e1 el viernes a Mar del Plata"}]},{"@type":"WebSite","@id":"https:\/\/www.celttv.com.ar\/#website","url":"https:\/\/www.celttv.com.ar\/","name":"CELTTV","description":"Cooperativa El\u00e9ctrica de Tornquist","publisher":{"@id":"https:\/\/www.celttv.com.ar\/#organization"},"potentialAction":[{"@type":"SearchAction","target":{"@type":"EntryPoint","urlTemplate":"https:\/\/www.celttv.com.ar\/?s={search_term_string}"},"query-input":"required name=search_term_string"}],"inLanguage":"es"},{"@type":"Organization","@id":"https:\/\/www.celttv.com.ar\/#organization","name":"CELTTV","url":"https:\/\/www.celttv.com.ar\/","sameAs":["https:\/\/www.youtube.com\/channel\/UCz_oIt8Hig64Ub-EmcNPIhg","https:\/\/www.facebook.com\/celtTV\/"],"logo":{"@type":"ImageObject","inLanguage":"es","@id":"https:\/\/www.celttv.com.ar\/#\/schema\/logo\/image\/","url":"http:\/\/www.celttv.com.ar\/wp-content\/uploads\/2022\/08\/logo-1.png","contentUrl":"http:\/\/www.celttv.com.ar\/wp-content\/uploads\/2022\/08\/logo-1.png","width":461,"height":159,"caption":"CELTTV"},"image":{"@id":"https:\/\/www.celttv.com.ar\/#\/schema\/logo\/image\/"}},{"@type":"Person","@id":"https:\/\/www.celttv.com.ar\/#\/schema\/person\/6d99c072dba59953809c81446e9d0ace","name":"ulises","image":{"@type":"ImageObject","inLanguage":"es","@id":"https:\/\/www.celttv.com.ar\/#\/schema\/person\/image\/","url":"https:\/\/secure.gravatar.com\/avatar\/7f2c48bdc33b30088f941fb6082e555f2874c98e20cb159d7b92b50eadfce793?s=96&d=mm&r=g","contentUrl":"https:\/\/secure.gravatar.com\/avatar\/7f2c48bdc33b30088f941fb6082e555f2874c98e20cb159d7b92b50eadfce793?s=96&d=mm&r=g","caption":"ulises"},"sameAs":["http:\/\/www.celttv.com.ar"]}]}},"_links":{"self":[{"href":"https:\/\/www.celttv.com.ar\/index.php\/wp-json\/wp\/v2\/posts\/44207","targetHints":{"allow":["GET"]}}],"collection":[{"href":"https:\/\/www.celttv.com.ar\/index.php\/wp-json\/wp\/v2\/posts"}],"about":[{"href":"https:\/\/www.celttv.com.ar\/index.php\/wp-json\/wp\/v2\/types\/post"}],"author":[{"embeddable":true,"href":"https:\/\/www.celttv.com.ar\/index.php\/wp-json\/wp\/v2\/users\/1"}],"replies":[{"embeddable":true,"href":"https:\/\/www.celttv.com.ar\/index.php\/wp-json\/wp\/v2\/comments?post=44207"}],"version-history":[{"count":0,"href":"https:\/\/www.celttv.com.ar\/index.php\/wp-json\/wp\/v2\/posts\/44207\/revisions"}],"wp:featuredmedia":[{"embeddable":true,"href":"https:\/\/www.celttv.com.ar\/index.php\/wp-json\/wp\/v2\/media\/44208"}],"wp:attachment":[{"href":"https:\/\/www.celttv.com.ar\/index.php\/wp-json\/wp\/v2\/media?parent=44207"}],"wp:term":[{"taxonomy":"category","embeddable":true,"href":"https:\/\/www.celttv.com.ar\/index.php\/wp-json\/wp\/v2\/categories?post=44207"},{"taxonomy":"post_tag","embeddable":true,"href":"https:\/\/www.celttv.com.ar\/index.php\/wp-json\/wp\/v2\/tags?post=44207"}],"curies":[{"name":"wp","href":"https:\/\/api.w.org\/{rel}","templated":true}]}}