{"id":44213,"date":"2019-09-24T22:11:51","date_gmt":"2019-09-24T22:11:51","guid":{"rendered":"http:\/\/www.celttv.com.ar\/?p=44213"},"modified":"2019-09-24T22:11:51","modified_gmt":"2019-09-24T22:11:51","slug":"se-llevo-a-cabo-la-primera-visita-educativa-al-parque-eolico","status":"publish","type":"post","link":"https:\/\/www.celttv.com.ar\/index.php\/2019\/09\/24\/se-llevo-a-cabo-la-primera-visita-educativa-al-parque-eolico\/","title":{"rendered":"Se llev\u00f3 a cabo la primera visita educativa al parque e\u00f3lico"},"content":{"rendered":"<p>\u201cVientos Bonaerenses\u201d, el parque e\u00f3lico ubicado en la localidad de Tres Picos abri\u00f3 sus puertas a la comunidad educativa del distrito, en el marco de dar a conocer el proyecto, exponiendo el equilibrio entre el desarrollo productivo y el crecimiento sustentable.<\/p>\n<p>En esta primera visita educativa e informativa, ex alumnos de la carrera de Higiene y Seguridad, alumnos de Gesti\u00f3n Ambiental y Salud del ISFDyT N\u00b0 162, y vecinos de Tres Picos tuvieron, el pasado s\u00e1bado 21 del corriente mes, la oportunidad de recorrer las impactantes instalaciones del parque e\u00f3lico.<\/p>\n<p>Es importante destacar que la empresa tiene previsto ofrecer a la comunidad la posibilidad de realizar visitas a la planta, en donde se propondr\u00e1 un recorrido por sus instalaciones, describiendo, brindando informaci\u00f3n y explicando las diferentes actividades que se llevan adelante.<\/p>\n<p>Dichas vistas, que se informar\u00e1n oportunamente, ser\u00e1n coordinadas desde la Agencia de Desarrollo municipal.<\/p>\n<p><a href=\"http:\/\/www.celttv.com.ar\/?attachment_id=44215\" rel=\"attachment wp-att-44215\"><img loading=\"lazy\" decoding=\"async\" class=\"alignleft size-full wp-image-44215\" src=\"http:\/\/www.celttv.com.ar\/wp-content\/uploads\/2019\/09\/image.png\" alt=\"\" width=\"1111\" height=\"625\" srcset=\"https:\/\/www.celttv.com.ar\/wp-content\/uploads\/2019\/09\/image.png 1111w, https:\/\/www.celttv.com.ar\/wp-content\/uploads\/2019\/09\/image-300x169.png 300w, https:\/\/www.celttv.com.ar\/wp-content\/uploads\/2019\/09\/image-1024x576.png 1024w, https:\/\/www.celttv.com.ar\/wp-content\/uploads\/2019\/09\/image-768x432.png 768w, https:\/\/www.celttv.com.ar\/wp-content\/uploads\/2019\/09\/image-750x422.png 750w\" sizes=\"auto, (max-width: 1111px) 100vw, 1111px\" \/><\/a><a href=\"http:\/\/www.celttv.com.ar\/?attachment_id=44214\" rel=\"attachment wp-att-44214\"><img loading=\"lazy\" decoding=\"async\" class=\"alignleft size-full wp-image-44214\" src=\"http:\/\/www.celttv.com.ar\/wp-content\/uploads\/2019\/09\/image-1.png\" alt=\"\" width=\"1111\" height=\"625\" srcset=\"https:\/\/www.celttv.com.ar\/wp-content\/uploads\/2019\/09\/image-1.png 1111w, https:\/\/www.celttv.com.ar\/wp-content\/uploads\/2019\/09\/image-1-300x169.png 300w, https:\/\/www.celttv.com.ar\/wp-content\/uploads\/2019\/09\/image-1-1024x576.png 1024w, https:\/\/www.celttv.com.ar\/wp-content\/uploads\/2019\/09\/image-1-768x432.png 768w, https:\/\/www.celttv.com.ar\/wp-content\/uploads\/2019\/09\/image-1-750x422.png 750w\" sizes=\"auto, (max-width: 1111px) 100vw, 1111px\" \/><\/a><\/p>\n<p>&nbsp;<\/p>\n<p>&nbsp;<\/p>\n<p>&nbsp;<\/p>\n","protected":false},"excerpt":{"rendered":"<p>\u201cVientos Bonaerenses\u201d, el parque e\u00f3lico ubicado en la localidad de Tres Picos abri\u00f3 sus puertas a la comunidad educativa del distrito, en el marco de dar a conocer el proyecto, exponiendo el equilibrio entre el desarrollo productivo y el crecimiento sustentable. En esta primera visita educativa e informativa, ex alumnos de la carrera de Higiene [&hellip;]<\/p>\n","protected":false},"author":1,"featured_media":44214,"comment_status":"closed","ping_status":"open","sticky":false,"template":"","format":"standard","meta":{"footnotes":""},"categories":[55,51,52],"tags":[],"class_list":["post-44213","post","type-post","status-publish","format-standard","has-post-thumbnail","hentry","category-celt-tv-noticias","category-comunidad","category-destacadas"],"yoast_head":"<!-- This site is optimized with the Yoast SEO plugin v19.7.1 - https:\/\/yoast.com\/wordpress\/plugins\/seo\/ -->\n<title>Se llev\u00f3 a cabo la primera visita educativa al parque e\u00f3lico - CELTTV<\/title>\n<meta name=\"description\" content=\"Sitio web de noticias de la localidad de Tornquist, provincia de Buenos Aires, Rep\u00fablica Argentina. Contenido propio originado por periodistas de CELTTV, el canal de TV local de la Cooperativa El\u00e9ctrica de Tornquist. Turismo, Pol\u00edtica, Sociedad, Deporte, Cultura y todo el contenido de inter\u00e9s general que la gente del pueblo y la regi\u00f3n debe conocer.\" \/>\n<meta name=\"robots\" content=\"index, follow, max-snippet:-1, max-image-preview:large, max-video-preview:-1\" \/>\n<link rel=\"canonical\" href=\"https:\/\/www.celttv.com.ar\/index.php\/2019\/09\/24\/se-llevo-a-cabo-la-primera-visita-educativa-al-parque-eolico\/\" \/>\n<meta property=\"og:locale\" content=\"es_ES\" \/>\n<meta property=\"og:type\" content=\"article\" \/>\n<meta property=\"og:title\" content=\"Se llev\u00f3 a cabo la primera visita educativa al parque e\u00f3lico - CELTTV\" \/>\n<meta property=\"og:description\" content=\"Sitio web de noticias de la localidad de Tornquist, provincia de Buenos Aires, Rep\u00fablica Argentina. Contenido propio originado por periodistas de CELTTV, el canal de TV local de la Cooperativa El\u00e9ctrica de Tornquist. Turismo, Pol\u00edtica, Sociedad, Deporte, Cultura y todo el contenido de inter\u00e9s general que la gente del pueblo y la regi\u00f3n debe conocer.\" \/>\n<meta property=\"og:url\" content=\"https:\/\/www.celttv.com.ar\/index.php\/2019\/09\/24\/se-llevo-a-cabo-la-primera-visita-educativa-al-parque-eolico\/\" \/>\n<meta property=\"og:site_name\" content=\"CELTTV\" \/>\n<meta property=\"article:publisher\" content=\"https:\/\/www.facebook.com\/celtTV\/\" \/>\n<meta property=\"article:published_time\" content=\"2019-09-24T22:11:51+00:00\" \/>\n<meta property=\"og:image\" content=\"https:\/\/www.celttv.com.ar\/wp-content\/uploads\/2019\/09\/image-1.png\" \/>\n\t<meta property=\"og:image:width\" content=\"1111\" \/>\n\t<meta property=\"og:image:height\" content=\"625\" \/>\n\t<meta property=\"og:image:type\" content=\"image\/png\" \/>\n<meta name=\"author\" content=\"ulises\" \/>\n<meta name=\"twitter:card\" content=\"summary_large_image\" \/>\n<meta name=\"twitter:label1\" content=\"Escrito por\" \/>\n\t<meta name=\"twitter:data1\" content=\"ulises\" \/>\n\t<meta name=\"twitter:label2\" content=\"Tiempo de lectura\" \/>\n\t<meta name=\"twitter:data2\" content=\"1 minuto\" \/>\n<script type=\"application\/ld+json\" class=\"yoast-schema-graph\">{\"@context\":\"https:\/\/schema.org\",\"@graph\":[{\"@type\":\"NewsArticle\",\"@id\":\"https:\/\/www.celttv.com.ar\/index.php\/2019\/09\/24\/se-llevo-a-cabo-la-primera-visita-educativa-al-parque-eolico\/#article\",\"isPartOf\":{\"@id\":\"https:\/\/www.celttv.com.ar\/index.php\/2019\/09\/24\/se-llevo-a-cabo-la-primera-visita-educativa-al-parque-eolico\/\"},\"author\":{\"name\":\"ulises\",\"@id\":\"https:\/\/www.celttv.com.ar\/#\/schema\/person\/6d99c072dba59953809c81446e9d0ace\"},\"headline\":\"Se llev\u00f3 a cabo la primera visita educativa al parque e\u00f3lico\",\"datePublished\":\"2019-09-24T22:11:51+00:00\",\"dateModified\":\"2019-09-24T22:11:51+00:00\",\"mainEntityOfPage\":{\"@id\":\"https:\/\/www.celttv.com.ar\/index.php\/2019\/09\/24\/se-llevo-a-cabo-la-primera-visita-educativa-al-parque-eolico\/\"},\"wordCount\":165,\"publisher\":{\"@id\":\"https:\/\/www.celttv.com.ar\/#organization\"},\"articleSection\":[\"Celt TV Noticias\",\"Comunidad\",\"Destacadas\"],\"inLanguage\":\"es\"},{\"@type\":\"WebPage\",\"@id\":\"https:\/\/www.celttv.com.ar\/index.php\/2019\/09\/24\/se-llevo-a-cabo-la-primera-visita-educativa-al-parque-eolico\/\",\"url\":\"https:\/\/www.celttv.com.ar\/index.php\/2019\/09\/24\/se-llevo-a-cabo-la-primera-visita-educativa-al-parque-eolico\/\",\"name\":\"Se llev\u00f3 a cabo la primera visita educativa al parque e\u00f3lico - CELTTV\",\"isPartOf\":{\"@id\":\"https:\/\/www.celttv.com.ar\/#website\"},\"datePublished\":\"2019-09-24T22:11:51+00:00\",\"dateModified\":\"2019-09-24T22:11:51+00:00\",\"description\":\"Sitio web de noticias de la localidad de Tornquist, provincia de Buenos Aires, Rep\u00fablica Argentina. Contenido propio originado por periodistas de CELTTV, el canal de TV local de la Cooperativa El\u00e9ctrica de Tornquist. Turismo, Pol\u00edtica, Sociedad, Deporte, Cultura y todo el contenido de inter\u00e9s general que la gente del pueblo y la regi\u00f3n debe conocer.\",\"breadcrumb\":{\"@id\":\"https:\/\/www.celttv.com.ar\/index.php\/2019\/09\/24\/se-llevo-a-cabo-la-primera-visita-educativa-al-parque-eolico\/#breadcrumb\"},\"inLanguage\":\"es\",\"potentialAction\":[{\"@type\":\"ReadAction\",\"target\":[\"https:\/\/www.celttv.com.ar\/index.php\/2019\/09\/24\/se-llevo-a-cabo-la-primera-visita-educativa-al-parque-eolico\/\"]}]},{\"@type\":\"BreadcrumbList\",\"@id\":\"https:\/\/www.celttv.com.ar\/index.php\/2019\/09\/24\/se-llevo-a-cabo-la-primera-visita-educativa-al-parque-eolico\/#breadcrumb\",\"itemListElement\":[{\"@type\":\"ListItem\",\"position\":1,\"name\":\"Inicio\",\"item\":\"https:\/\/www.celttv.com.ar\/\"},{\"@type\":\"ListItem\",\"position\":2,\"name\":\"Se llev\u00f3 a cabo la primera visita educativa al parque e\u00f3lico\"}]},{\"@type\":\"WebSite\",\"@id\":\"https:\/\/www.celttv.com.ar\/#website\",\"url\":\"https:\/\/www.celttv.com.ar\/\",\"name\":\"CELTTV\",\"description\":\"Cooperativa El\u00e9ctrica de Tornquist\",\"publisher\":{\"@id\":\"https:\/\/www.celttv.com.ar\/#organization\"},\"potentialAction\":[{\"@type\":\"SearchAction\",\"target\":{\"@type\":\"EntryPoint\",\"urlTemplate\":\"https:\/\/www.celttv.com.ar\/?s={search_term_string}\"},\"query-input\":\"required name=search_term_string\"}],\"inLanguage\":\"es\"},{\"@type\":\"Organization\",\"@id\":\"https:\/\/www.celttv.com.ar\/#organization\",\"name\":\"CELTTV\",\"url\":\"https:\/\/www.celttv.com.ar\/\",\"sameAs\":[\"https:\/\/www.youtube.com\/channel\/UCz_oIt8Hig64Ub-EmcNPIhg\",\"https:\/\/www.facebook.com\/celtTV\/\"],\"logo\":{\"@type\":\"ImageObject\",\"inLanguage\":\"es\",\"@id\":\"https:\/\/www.celttv.com.ar\/#\/schema\/logo\/image\/\",\"url\":\"http:\/\/www.celttv.com.ar\/wp-content\/uploads\/2022\/08\/logo-1.png\",\"contentUrl\":\"http:\/\/www.celttv.com.ar\/wp-content\/uploads\/2022\/08\/logo-1.png\",\"width\":461,\"height\":159,\"caption\":\"CELTTV\"},\"image\":{\"@id\":\"https:\/\/www.celttv.com.ar\/#\/schema\/logo\/image\/\"}},{\"@type\":\"Person\",\"@id\":\"https:\/\/www.celttv.com.ar\/#\/schema\/person\/6d99c072dba59953809c81446e9d0ace\",\"name\":\"ulises\",\"image\":{\"@type\":\"ImageObject\",\"inLanguage\":\"es\",\"@id\":\"https:\/\/www.celttv.com.ar\/#\/schema\/person\/image\/\",\"url\":\"https:\/\/secure.gravatar.com\/avatar\/7f2c48bdc33b30088f941fb6082e555f2874c98e20cb159d7b92b50eadfce793?s=96&d=mm&r=g\",\"contentUrl\":\"https:\/\/secure.gravatar.com\/avatar\/7f2c48bdc33b30088f941fb6082e555f2874c98e20cb159d7b92b50eadfce793?s=96&d=mm&r=g\",\"caption\":\"ulises\"},\"sameAs\":[\"http:\/\/www.celttv.com.ar\"]}]}<\/script>\n<!-- \/ Yoast SEO plugin. -->","yoast_head_json":{"title":"Se llev\u00f3 a cabo la primera visita educativa al parque e\u00f3lico - CELTTV","description":"Sitio web de noticias de la localidad de Tornquist, provincia de Buenos Aires, Rep\u00fablica Argentina. Contenido propio originado por periodistas de CELTTV, el canal de TV local de la Cooperativa El\u00e9ctrica de Tornquist. Turismo, Pol\u00edtica, Sociedad, Deporte, Cultura y todo el contenido de inter\u00e9s general que la gente del pueblo y la regi\u00f3n debe conocer.","robots":{"index":"index","follow":"follow","max-snippet":"max-snippet:-1","max-image-preview":"max-image-preview:large","max-video-preview":"max-video-preview:-1"},"canonical":"https:\/\/www.celttv.com.ar\/index.php\/2019\/09\/24\/se-llevo-a-cabo-la-primera-visita-educativa-al-parque-eolico\/","og_locale":"es_ES","og_type":"article","og_title":"Se llev\u00f3 a cabo la primera visita educativa al parque e\u00f3lico - CELTTV","og_description":"Sitio web de noticias de la localidad de Tornquist, provincia de Buenos Aires, Rep\u00fablica Argentina. Contenido propio originado por periodistas de CELTTV, el canal de TV local de la Cooperativa El\u00e9ctrica de Tornquist. Turismo, Pol\u00edtica, Sociedad, Deporte, Cultura y todo el contenido de inter\u00e9s general que la gente del pueblo y la regi\u00f3n debe conocer.","og_url":"https:\/\/www.celttv.com.ar\/index.php\/2019\/09\/24\/se-llevo-a-cabo-la-primera-visita-educativa-al-parque-eolico\/","og_site_name":"CELTTV","article_publisher":"https:\/\/www.facebook.com\/celtTV\/","article_published_time":"2019-09-24T22:11:51+00:00","og_image":[{"width":1111,"height":625,"url":"https:\/\/www.celttv.com.ar\/wp-content\/uploads\/2019\/09\/image-1.png","type":"image\/png"}],"author":"ulises","twitter_card":"summary_large_image","twitter_misc":{"Escrito por":"ulises","Tiempo de lectura":"1 minuto"},"schema":{"@context":"https:\/\/schema.org","@graph":[{"@type":"NewsArticle","@id":"https:\/\/www.celttv.com.ar\/index.php\/2019\/09\/24\/se-llevo-a-cabo-la-primera-visita-educativa-al-parque-eolico\/#article","isPartOf":{"@id":"https:\/\/www.celttv.com.ar\/index.php\/2019\/09\/24\/se-llevo-a-cabo-la-primera-visita-educativa-al-parque-eolico\/"},"author":{"name":"ulises","@id":"https:\/\/www.celttv.com.ar\/#\/schema\/person\/6d99c072dba59953809c81446e9d0ace"},"headline":"Se llev\u00f3 a cabo la primera visita educativa al parque e\u00f3lico","datePublished":"2019-09-24T22:11:51+00:00","dateModified":"2019-09-24T22:11:51+00:00","mainEntityOfPage":{"@id":"https:\/\/www.celttv.com.ar\/index.php\/2019\/09\/24\/se-llevo-a-cabo-la-primera-visita-educativa-al-parque-eolico\/"},"wordCount":165,"publisher":{"@id":"https:\/\/www.celttv.com.ar\/#organization"},"articleSection":["Celt TV Noticias","Comunidad","Destacadas"],"inLanguage":"es"},{"@type":"WebPage","@id":"https:\/\/www.celttv.com.ar\/index.php\/2019\/09\/24\/se-llevo-a-cabo-la-primera-visita-educativa-al-parque-eolico\/","url":"https:\/\/www.celttv.com.ar\/index.php\/2019\/09\/24\/se-llevo-a-cabo-la-primera-visita-educativa-al-parque-eolico\/","name":"Se llev\u00f3 a cabo la primera visita educativa al parque e\u00f3lico - CELTTV","isPartOf":{"@id":"https:\/\/www.celttv.com.ar\/#website"},"datePublished":"2019-09-24T22:11:51+00:00","dateModified":"2019-09-24T22:11:51+00:00","description":"Sitio web de noticias de la localidad de Tornquist, provincia de Buenos Aires, Rep\u00fablica Argentina. Contenido propio originado por periodistas de CELTTV, el canal de TV local de la Cooperativa El\u00e9ctrica de Tornquist. Turismo, Pol\u00edtica, Sociedad, Deporte, Cultura y todo el contenido de inter\u00e9s general que la gente del pueblo y la regi\u00f3n debe conocer.","breadcrumb":{"@id":"https:\/\/www.celttv.com.ar\/index.php\/2019\/09\/24\/se-llevo-a-cabo-la-primera-visita-educativa-al-parque-eolico\/#breadcrumb"},"inLanguage":"es","potentialAction":[{"@type":"ReadAction","target":["https:\/\/www.celttv.com.ar\/index.php\/2019\/09\/24\/se-llevo-a-cabo-la-primera-visita-educativa-al-parque-eolico\/"]}]},{"@type":"BreadcrumbList","@id":"https:\/\/www.celttv.com.ar\/index.php\/2019\/09\/24\/se-llevo-a-cabo-la-primera-visita-educativa-al-parque-eolico\/#breadcrumb","itemListElement":[{"@type":"ListItem","position":1,"name":"Inicio","item":"https:\/\/www.celttv.com.ar\/"},{"@type":"ListItem","position":2,"name":"Se llev\u00f3 a cabo la primera visita educativa al parque e\u00f3lico"}]},{"@type":"WebSite","@id":"https:\/\/www.celttv.com.ar\/#website","url":"https:\/\/www.celttv.com.ar\/","name":"CELTTV","description":"Cooperativa El\u00e9ctrica de Tornquist","publisher":{"@id":"https:\/\/www.celttv.com.ar\/#organization"},"potentialAction":[{"@type":"SearchAction","target":{"@type":"EntryPoint","urlTemplate":"https:\/\/www.celttv.com.ar\/?s={search_term_string}"},"query-input":"required name=search_term_string"}],"inLanguage":"es"},{"@type":"Organization","@id":"https:\/\/www.celttv.com.ar\/#organization","name":"CELTTV","url":"https:\/\/www.celttv.com.ar\/","sameAs":["https:\/\/www.youtube.com\/channel\/UCz_oIt8Hig64Ub-EmcNPIhg","https:\/\/www.facebook.com\/celtTV\/"],"logo":{"@type":"ImageObject","inLanguage":"es","@id":"https:\/\/www.celttv.com.ar\/#\/schema\/logo\/image\/","url":"http:\/\/www.celttv.com.ar\/wp-content\/uploads\/2022\/08\/logo-1.png","contentUrl":"http:\/\/www.celttv.com.ar\/wp-content\/uploads\/2022\/08\/logo-1.png","width":461,"height":159,"caption":"CELTTV"},"image":{"@id":"https:\/\/www.celttv.com.ar\/#\/schema\/logo\/image\/"}},{"@type":"Person","@id":"https:\/\/www.celttv.com.ar\/#\/schema\/person\/6d99c072dba59953809c81446e9d0ace","name":"ulises","image":{"@type":"ImageObject","inLanguage":"es","@id":"https:\/\/www.celttv.com.ar\/#\/schema\/person\/image\/","url":"https:\/\/secure.gravatar.com\/avatar\/7f2c48bdc33b30088f941fb6082e555f2874c98e20cb159d7b92b50eadfce793?s=96&d=mm&r=g","contentUrl":"https:\/\/secure.gravatar.com\/avatar\/7f2c48bdc33b30088f941fb6082e555f2874c98e20cb159d7b92b50eadfce793?s=96&d=mm&r=g","caption":"ulises"},"sameAs":["http:\/\/www.celttv.com.ar"]}]}},"_links":{"self":[{"href":"https:\/\/www.celttv.com.ar\/index.php\/wp-json\/wp\/v2\/posts\/44213","targetHints":{"allow":["GET"]}}],"collection":[{"href":"https:\/\/www.celttv.com.ar\/index.php\/wp-json\/wp\/v2\/posts"}],"about":[{"href":"https:\/\/www.celttv.com.ar\/index.php\/wp-json\/wp\/v2\/types\/post"}],"author":[{"embeddable":true,"href":"https:\/\/www.celttv.com.ar\/index.php\/wp-json\/wp\/v2\/users\/1"}],"replies":[{"embeddable":true,"href":"https:\/\/www.celttv.com.ar\/index.php\/wp-json\/wp\/v2\/comments?post=44213"}],"version-history":[{"count":0,"href":"https:\/\/www.celttv.com.ar\/index.php\/wp-json\/wp\/v2\/posts\/44213\/revisions"}],"wp:featuredmedia":[{"embeddable":true,"href":"https:\/\/www.celttv.com.ar\/index.php\/wp-json\/wp\/v2\/media\/44214"}],"wp:attachment":[{"href":"https:\/\/www.celttv.com.ar\/index.php\/wp-json\/wp\/v2\/media?parent=44213"}],"wp:term":[{"taxonomy":"category","embeddable":true,"href":"https:\/\/www.celttv.com.ar\/index.php\/wp-json\/wp\/v2\/categories?post=44213"},{"taxonomy":"post_tag","embeddable":true,"href":"https:\/\/www.celttv.com.ar\/index.php\/wp-json\/wp\/v2\/tags?post=44213"}],"curies":[{"name":"wp","href":"https:\/\/api.w.org\/{rel}","templated":true}]}}