{"id":44218,"date":"2019-09-24T22:14:54","date_gmt":"2019-09-24T22:14:54","guid":{"rendered":"http:\/\/www.celttv.com.ar\/?p=44218"},"modified":"2019-09-24T22:14:54","modified_gmt":"2019-09-24T22:14:54","slug":"newcom-la-delegacion-de-tornquist-jugo-en-olavarria","status":"publish","type":"post","link":"https:\/\/www.celttv.com.ar\/index.php\/2019\/09\/24\/newcom-la-delegacion-de-tornquist-jugo-en-olavarria\/","title":{"rendered":"Newcom: la delegaci\u00f3n de Tornquist jug\u00f3 en Olavarr\u00eda"},"content":{"rendered":"<p>El pasado s\u00e1bado 21 de Septiembre, la delegaci\u00f3n de Newcom Tornquist particip\u00f3 de un encuentro de Newcom en la localidad de Olavarr\u00eda, junto a 17 equipos de la regi\u00f3n.<\/p>\n<p>Conformaron el equipo local:<\/p>\n<table width=\"141\">\n<tbody>\n<tr>\n<td width=\"141\">Nelson Trinchera<\/td>\n<\/tr>\n<tr>\n<td width=\"141\">Mirta Steimbach<\/td>\n<\/tr>\n<tr>\n<td width=\"141\">Marisa Abelaira<\/td>\n<\/tr>\n<tr>\n<td width=\"141\">Sandra Di Nunzio<\/td>\n<\/tr>\n<tr>\n<td width=\"141\">Alejandra Bermudez<\/td>\n<\/tr>\n<tr>\n<td width=\"141\">Laura Elizalde<\/td>\n<\/tr>\n<tr>\n<td width=\"141\">Mabel Garcia<\/td>\n<\/tr>\n<tr>\n<td width=\"141\">Ester Sandobal<\/td>\n<\/tr>\n<tr>\n<td width=\"141\">Luis Cabrera<\/td>\n<\/tr>\n<tr>\n<td width=\"141\">Raul Del Rio<\/td>\n<\/tr>\n<tr>\n<td width=\"141\">Enrique Correa<\/td>\n<\/tr>\n<tr>\n<td width=\"141\">Maria Angela Celaya<\/td>\n<\/tr>\n<tr>\n<td width=\"141\">Stella Antinori<\/td>\n<\/tr>\n<tr>\n<td width=\"141\">Olga Brasca<\/td>\n<\/tr>\n<tr>\n<td width=\"141\">Horacio Urriaga<\/td>\n<\/tr>\n<\/tbody>\n<\/table>\n<p>&nbsp;<\/p>\n<p>El pr\u00f3ximo 23 de noviembre el equipo de Tornquist ser\u00e1 local en un nuevo encuentro que se disputar\u00e1 en la localidad cabecera de nuestro distrito.<\/p>\n<p>Desde la Direcci\u00f3n de Deportes, invitamos a todos aquellos que se quiera sumar a esta actividad, que se lleva a cabo los d\u00edas martes y jueves a las 15.30hs en el Gimnasio Municipal.<\/p>\n<p><a href=\"http:\/\/www.celttv.com.ar\/?attachment_id=44219\" rel=\"attachment wp-att-44219\"><img loading=\"lazy\" decoding=\"async\" class=\"alignleft size-full wp-image-44219\" src=\"http:\/\/www.celttv.com.ar\/wp-content\/uploads\/2019\/09\/newcom.jpg\" alt=\"\" width=\"960\" height=\"960\" srcset=\"https:\/\/www.celttv.com.ar\/wp-content\/uploads\/2019\/09\/newcom.jpg 960w, https:\/\/www.celttv.com.ar\/wp-content\/uploads\/2019\/09\/newcom-300x300.jpg 300w, https:\/\/www.celttv.com.ar\/wp-content\/uploads\/2019\/09\/newcom-150x150.jpg 150w, https:\/\/www.celttv.com.ar\/wp-content\/uploads\/2019\/09\/newcom-768x768.jpg 768w, https:\/\/www.celttv.com.ar\/wp-content\/uploads\/2019\/09\/newcom-75x75.jpg 75w, https:\/\/www.celttv.com.ar\/wp-content\/uploads\/2019\/09\/newcom-750x750.jpg 750w\" sizes=\"auto, (max-width: 960px) 100vw, 960px\" \/><\/a><\/p>\n","protected":false},"excerpt":{"rendered":"<p>El pasado s\u00e1bado 21 de Septiembre, la delegaci\u00f3n de Newcom Tornquist particip\u00f3 de un encuentro de Newcom en la localidad de Olavarr\u00eda, junto a 17 equipos de la regi\u00f3n. Conformaron el equipo local: Nelson Trinchera Mirta Steimbach Marisa Abelaira Sandra Di Nunzio Alejandra Bermudez Laura Elizalde Mabel Garcia Ester Sandobal Luis Cabrera Raul Del Rio [&hellip;]<\/p>\n","protected":false},"author":1,"featured_media":44219,"comment_status":"closed","ping_status":"open","sticky":false,"template":"","format":"standard","meta":{"footnotes":""},"categories":[55,60,52,63],"tags":[],"class_list":["post-44218","post","type-post","status-publish","format-standard","has-post-thumbnail","hentry","category-celt-tv-noticias","category-deporte","category-destacadas","category-magazine-sport"],"yoast_head":"<!-- This site is optimized with the Yoast SEO plugin v19.7.1 - https:\/\/yoast.com\/wordpress\/plugins\/seo\/ -->\n<title>Newcom: la delegaci\u00f3n de Tornquist jug\u00f3 en Olavarr\u00eda - CELTTV<\/title>\n<meta name=\"description\" content=\"Sitio web de noticias de la localidad de Tornquist, provincia de Buenos Aires, Rep\u00fablica Argentina. Contenido propio originado por periodistas de CELTTV, el canal de TV local de la Cooperativa El\u00e9ctrica de Tornquist. Turismo, Pol\u00edtica, Sociedad, Deporte, Cultura y todo el contenido de inter\u00e9s general que la gente del pueblo y la regi\u00f3n debe conocer.\" \/>\n<meta name=\"robots\" content=\"index, follow, max-snippet:-1, max-image-preview:large, max-video-preview:-1\" \/>\n<link rel=\"canonical\" href=\"https:\/\/www.celttv.com.ar\/index.php\/2019\/09\/24\/newcom-la-delegacion-de-tornquist-jugo-en-olavarria\/\" \/>\n<meta property=\"og:locale\" content=\"es_ES\" \/>\n<meta property=\"og:type\" content=\"article\" \/>\n<meta property=\"og:title\" content=\"Newcom: la delegaci\u00f3n de Tornquist jug\u00f3 en Olavarr\u00eda - CELTTV\" \/>\n<meta property=\"og:description\" content=\"Sitio web de noticias de la localidad de Tornquist, provincia de Buenos Aires, Rep\u00fablica Argentina. Contenido propio originado por periodistas de CELTTV, el canal de TV local de la Cooperativa El\u00e9ctrica de Tornquist. Turismo, Pol\u00edtica, Sociedad, Deporte, Cultura y todo el contenido de inter\u00e9s general que la gente del pueblo y la regi\u00f3n debe conocer.\" \/>\n<meta property=\"og:url\" content=\"https:\/\/www.celttv.com.ar\/index.php\/2019\/09\/24\/newcom-la-delegacion-de-tornquist-jugo-en-olavarria\/\" \/>\n<meta property=\"og:site_name\" content=\"CELTTV\" \/>\n<meta property=\"article:publisher\" content=\"https:\/\/www.facebook.com\/celtTV\/\" \/>\n<meta property=\"article:published_time\" content=\"2019-09-24T22:14:54+00:00\" \/>\n<meta property=\"og:image\" content=\"https:\/\/www.celttv.com.ar\/wp-content\/uploads\/2019\/09\/newcom.jpg\" \/>\n\t<meta property=\"og:image:width\" content=\"960\" \/>\n\t<meta property=\"og:image:height\" content=\"960\" \/>\n\t<meta property=\"og:image:type\" content=\"image\/jpeg\" \/>\n<meta name=\"author\" content=\"ulises\" \/>\n<meta name=\"twitter:card\" content=\"summary_large_image\" \/>\n<meta name=\"twitter:label1\" content=\"Escrito por\" \/>\n\t<meta name=\"twitter:data1\" content=\"ulises\" \/>\n\t<meta name=\"twitter:label2\" content=\"Tiempo de lectura\" \/>\n\t<meta name=\"twitter:data2\" content=\"1 minuto\" \/>\n<script type=\"application\/ld+json\" class=\"yoast-schema-graph\">{\"@context\":\"https:\/\/schema.org\",\"@graph\":[{\"@type\":\"NewsArticle\",\"@id\":\"https:\/\/www.celttv.com.ar\/index.php\/2019\/09\/24\/newcom-la-delegacion-de-tornquist-jugo-en-olavarria\/#article\",\"isPartOf\":{\"@id\":\"https:\/\/www.celttv.com.ar\/index.php\/2019\/09\/24\/newcom-la-delegacion-de-tornquist-jugo-en-olavarria\/\"},\"author\":{\"name\":\"ulises\",\"@id\":\"https:\/\/www.celttv.com.ar\/#\/schema\/person\/6d99c072dba59953809c81446e9d0ace\"},\"headline\":\"Newcom: la delegaci\u00f3n de Tornquist jug\u00f3 en Olavarr\u00eda\",\"datePublished\":\"2019-09-24T22:14:54+00:00\",\"dateModified\":\"2019-09-24T22:14:54+00:00\",\"mainEntityOfPage\":{\"@id\":\"https:\/\/www.celttv.com.ar\/index.php\/2019\/09\/24\/newcom-la-delegacion-de-tornquist-jugo-en-olavarria\/\"},\"wordCount\":139,\"publisher\":{\"@id\":\"https:\/\/www.celttv.com.ar\/#organization\"},\"articleSection\":[\"Celt TV Noticias\",\"Deporte\",\"Destacadas\",\"Magazine Sport\"],\"inLanguage\":\"es\"},{\"@type\":\"WebPage\",\"@id\":\"https:\/\/www.celttv.com.ar\/index.php\/2019\/09\/24\/newcom-la-delegacion-de-tornquist-jugo-en-olavarria\/\",\"url\":\"https:\/\/www.celttv.com.ar\/index.php\/2019\/09\/24\/newcom-la-delegacion-de-tornquist-jugo-en-olavarria\/\",\"name\":\"Newcom: la delegaci\u00f3n de Tornquist jug\u00f3 en Olavarr\u00eda - CELTTV\",\"isPartOf\":{\"@id\":\"https:\/\/www.celttv.com.ar\/#website\"},\"datePublished\":\"2019-09-24T22:14:54+00:00\",\"dateModified\":\"2019-09-24T22:14:54+00:00\",\"description\":\"Sitio web de noticias de la localidad de Tornquist, provincia de Buenos Aires, Rep\u00fablica Argentina. Contenido propio originado por periodistas de CELTTV, el canal de TV local de la Cooperativa El\u00e9ctrica de Tornquist. Turismo, Pol\u00edtica, Sociedad, Deporte, Cultura y todo el contenido de inter\u00e9s general que la gente del pueblo y la regi\u00f3n debe conocer.\",\"breadcrumb\":{\"@id\":\"https:\/\/www.celttv.com.ar\/index.php\/2019\/09\/24\/newcom-la-delegacion-de-tornquist-jugo-en-olavarria\/#breadcrumb\"},\"inLanguage\":\"es\",\"potentialAction\":[{\"@type\":\"ReadAction\",\"target\":[\"https:\/\/www.celttv.com.ar\/index.php\/2019\/09\/24\/newcom-la-delegacion-de-tornquist-jugo-en-olavarria\/\"]}]},{\"@type\":\"BreadcrumbList\",\"@id\":\"https:\/\/www.celttv.com.ar\/index.php\/2019\/09\/24\/newcom-la-delegacion-de-tornquist-jugo-en-olavarria\/#breadcrumb\",\"itemListElement\":[{\"@type\":\"ListItem\",\"position\":1,\"name\":\"Inicio\",\"item\":\"https:\/\/www.celttv.com.ar\/\"},{\"@type\":\"ListItem\",\"position\":2,\"name\":\"Newcom: la delegaci\u00f3n de Tornquist jug\u00f3 en Olavarr\u00eda\"}]},{\"@type\":\"WebSite\",\"@id\":\"https:\/\/www.celttv.com.ar\/#website\",\"url\":\"https:\/\/www.celttv.com.ar\/\",\"name\":\"CELTTV\",\"description\":\"Cooperativa El\u00e9ctrica de Tornquist\",\"publisher\":{\"@id\":\"https:\/\/www.celttv.com.ar\/#organization\"},\"potentialAction\":[{\"@type\":\"SearchAction\",\"target\":{\"@type\":\"EntryPoint\",\"urlTemplate\":\"https:\/\/www.celttv.com.ar\/?s={search_term_string}\"},\"query-input\":\"required name=search_term_string\"}],\"inLanguage\":\"es\"},{\"@type\":\"Organization\",\"@id\":\"https:\/\/www.celttv.com.ar\/#organization\",\"name\":\"CELTTV\",\"url\":\"https:\/\/www.celttv.com.ar\/\",\"sameAs\":[\"https:\/\/www.youtube.com\/channel\/UCz_oIt8Hig64Ub-EmcNPIhg\",\"https:\/\/www.facebook.com\/celtTV\/\"],\"logo\":{\"@type\":\"ImageObject\",\"inLanguage\":\"es\",\"@id\":\"https:\/\/www.celttv.com.ar\/#\/schema\/logo\/image\/\",\"url\":\"http:\/\/www.celttv.com.ar\/wp-content\/uploads\/2022\/08\/logo-1.png\",\"contentUrl\":\"http:\/\/www.celttv.com.ar\/wp-content\/uploads\/2022\/08\/logo-1.png\",\"width\":461,\"height\":159,\"caption\":\"CELTTV\"},\"image\":{\"@id\":\"https:\/\/www.celttv.com.ar\/#\/schema\/logo\/image\/\"}},{\"@type\":\"Person\",\"@id\":\"https:\/\/www.celttv.com.ar\/#\/schema\/person\/6d99c072dba59953809c81446e9d0ace\",\"name\":\"ulises\",\"image\":{\"@type\":\"ImageObject\",\"inLanguage\":\"es\",\"@id\":\"https:\/\/www.celttv.com.ar\/#\/schema\/person\/image\/\",\"url\":\"https:\/\/secure.gravatar.com\/avatar\/7f2c48bdc33b30088f941fb6082e555f2874c98e20cb159d7b92b50eadfce793?s=96&d=mm&r=g\",\"contentUrl\":\"https:\/\/secure.gravatar.com\/avatar\/7f2c48bdc33b30088f941fb6082e555f2874c98e20cb159d7b92b50eadfce793?s=96&d=mm&r=g\",\"caption\":\"ulises\"},\"sameAs\":[\"http:\/\/www.celttv.com.ar\"]}]}<\/script>\n<!-- \/ Yoast SEO plugin. -->","yoast_head_json":{"title":"Newcom: la delegaci\u00f3n de Tornquist jug\u00f3 en Olavarr\u00eda - CELTTV","description":"Sitio web de noticias de la localidad de Tornquist, provincia de Buenos Aires, Rep\u00fablica Argentina. Contenido propio originado por periodistas de CELTTV, el canal de TV local de la Cooperativa El\u00e9ctrica de Tornquist. Turismo, Pol\u00edtica, Sociedad, Deporte, Cultura y todo el contenido de inter\u00e9s general que la gente del pueblo y la regi\u00f3n debe conocer.","robots":{"index":"index","follow":"follow","max-snippet":"max-snippet:-1","max-image-preview":"max-image-preview:large","max-video-preview":"max-video-preview:-1"},"canonical":"https:\/\/www.celttv.com.ar\/index.php\/2019\/09\/24\/newcom-la-delegacion-de-tornquist-jugo-en-olavarria\/","og_locale":"es_ES","og_type":"article","og_title":"Newcom: la delegaci\u00f3n de Tornquist jug\u00f3 en Olavarr\u00eda - CELTTV","og_description":"Sitio web de noticias de la localidad de Tornquist, provincia de Buenos Aires, Rep\u00fablica Argentina. Contenido propio originado por periodistas de CELTTV, el canal de TV local de la Cooperativa El\u00e9ctrica de Tornquist. Turismo, Pol\u00edtica, Sociedad, Deporte, Cultura y todo el contenido de inter\u00e9s general que la gente del pueblo y la regi\u00f3n debe conocer.","og_url":"https:\/\/www.celttv.com.ar\/index.php\/2019\/09\/24\/newcom-la-delegacion-de-tornquist-jugo-en-olavarria\/","og_site_name":"CELTTV","article_publisher":"https:\/\/www.facebook.com\/celtTV\/","article_published_time":"2019-09-24T22:14:54+00:00","og_image":[{"width":960,"height":960,"url":"https:\/\/www.celttv.com.ar\/wp-content\/uploads\/2019\/09\/newcom.jpg","type":"image\/jpeg"}],"author":"ulises","twitter_card":"summary_large_image","twitter_misc":{"Escrito por":"ulises","Tiempo de lectura":"1 minuto"},"schema":{"@context":"https:\/\/schema.org","@graph":[{"@type":"NewsArticle","@id":"https:\/\/www.celttv.com.ar\/index.php\/2019\/09\/24\/newcom-la-delegacion-de-tornquist-jugo-en-olavarria\/#article","isPartOf":{"@id":"https:\/\/www.celttv.com.ar\/index.php\/2019\/09\/24\/newcom-la-delegacion-de-tornquist-jugo-en-olavarria\/"},"author":{"name":"ulises","@id":"https:\/\/www.celttv.com.ar\/#\/schema\/person\/6d99c072dba59953809c81446e9d0ace"},"headline":"Newcom: la delegaci\u00f3n de Tornquist jug\u00f3 en Olavarr\u00eda","datePublished":"2019-09-24T22:14:54+00:00","dateModified":"2019-09-24T22:14:54+00:00","mainEntityOfPage":{"@id":"https:\/\/www.celttv.com.ar\/index.php\/2019\/09\/24\/newcom-la-delegacion-de-tornquist-jugo-en-olavarria\/"},"wordCount":139,"publisher":{"@id":"https:\/\/www.celttv.com.ar\/#organization"},"articleSection":["Celt TV Noticias","Deporte","Destacadas","Magazine Sport"],"inLanguage":"es"},{"@type":"WebPage","@id":"https:\/\/www.celttv.com.ar\/index.php\/2019\/09\/24\/newcom-la-delegacion-de-tornquist-jugo-en-olavarria\/","url":"https:\/\/www.celttv.com.ar\/index.php\/2019\/09\/24\/newcom-la-delegacion-de-tornquist-jugo-en-olavarria\/","name":"Newcom: la delegaci\u00f3n de Tornquist jug\u00f3 en Olavarr\u00eda - CELTTV","isPartOf":{"@id":"https:\/\/www.celttv.com.ar\/#website"},"datePublished":"2019-09-24T22:14:54+00:00","dateModified":"2019-09-24T22:14:54+00:00","description":"Sitio web de noticias de la localidad de Tornquist, provincia de Buenos Aires, Rep\u00fablica Argentina. Contenido propio originado por periodistas de CELTTV, el canal de TV local de la Cooperativa El\u00e9ctrica de Tornquist. Turismo, Pol\u00edtica, Sociedad, Deporte, Cultura y todo el contenido de inter\u00e9s general que la gente del pueblo y la regi\u00f3n debe conocer.","breadcrumb":{"@id":"https:\/\/www.celttv.com.ar\/index.php\/2019\/09\/24\/newcom-la-delegacion-de-tornquist-jugo-en-olavarria\/#breadcrumb"},"inLanguage":"es","potentialAction":[{"@type":"ReadAction","target":["https:\/\/www.celttv.com.ar\/index.php\/2019\/09\/24\/newcom-la-delegacion-de-tornquist-jugo-en-olavarria\/"]}]},{"@type":"BreadcrumbList","@id":"https:\/\/www.celttv.com.ar\/index.php\/2019\/09\/24\/newcom-la-delegacion-de-tornquist-jugo-en-olavarria\/#breadcrumb","itemListElement":[{"@type":"ListItem","position":1,"name":"Inicio","item":"https:\/\/www.celttv.com.ar\/"},{"@type":"ListItem","position":2,"name":"Newcom: la delegaci\u00f3n de Tornquist jug\u00f3 en Olavarr\u00eda"}]},{"@type":"WebSite","@id":"https:\/\/www.celttv.com.ar\/#website","url":"https:\/\/www.celttv.com.ar\/","name":"CELTTV","description":"Cooperativa El\u00e9ctrica de Tornquist","publisher":{"@id":"https:\/\/www.celttv.com.ar\/#organization"},"potentialAction":[{"@type":"SearchAction","target":{"@type":"EntryPoint","urlTemplate":"https:\/\/www.celttv.com.ar\/?s={search_term_string}"},"query-input":"required name=search_term_string"}],"inLanguage":"es"},{"@type":"Organization","@id":"https:\/\/www.celttv.com.ar\/#organization","name":"CELTTV","url":"https:\/\/www.celttv.com.ar\/","sameAs":["https:\/\/www.youtube.com\/channel\/UCz_oIt8Hig64Ub-EmcNPIhg","https:\/\/www.facebook.com\/celtTV\/"],"logo":{"@type":"ImageObject","inLanguage":"es","@id":"https:\/\/www.celttv.com.ar\/#\/schema\/logo\/image\/","url":"http:\/\/www.celttv.com.ar\/wp-content\/uploads\/2022\/08\/logo-1.png","contentUrl":"http:\/\/www.celttv.com.ar\/wp-content\/uploads\/2022\/08\/logo-1.png","width":461,"height":159,"caption":"CELTTV"},"image":{"@id":"https:\/\/www.celttv.com.ar\/#\/schema\/logo\/image\/"}},{"@type":"Person","@id":"https:\/\/www.celttv.com.ar\/#\/schema\/person\/6d99c072dba59953809c81446e9d0ace","name":"ulises","image":{"@type":"ImageObject","inLanguage":"es","@id":"https:\/\/www.celttv.com.ar\/#\/schema\/person\/image\/","url":"https:\/\/secure.gravatar.com\/avatar\/7f2c48bdc33b30088f941fb6082e555f2874c98e20cb159d7b92b50eadfce793?s=96&d=mm&r=g","contentUrl":"https:\/\/secure.gravatar.com\/avatar\/7f2c48bdc33b30088f941fb6082e555f2874c98e20cb159d7b92b50eadfce793?s=96&d=mm&r=g","caption":"ulises"},"sameAs":["http:\/\/www.celttv.com.ar"]}]}},"_links":{"self":[{"href":"https:\/\/www.celttv.com.ar\/index.php\/wp-json\/wp\/v2\/posts\/44218","targetHints":{"allow":["GET"]}}],"collection":[{"href":"https:\/\/www.celttv.com.ar\/index.php\/wp-json\/wp\/v2\/posts"}],"about":[{"href":"https:\/\/www.celttv.com.ar\/index.php\/wp-json\/wp\/v2\/types\/post"}],"author":[{"embeddable":true,"href":"https:\/\/www.celttv.com.ar\/index.php\/wp-json\/wp\/v2\/users\/1"}],"replies":[{"embeddable":true,"href":"https:\/\/www.celttv.com.ar\/index.php\/wp-json\/wp\/v2\/comments?post=44218"}],"version-history":[{"count":0,"href":"https:\/\/www.celttv.com.ar\/index.php\/wp-json\/wp\/v2\/posts\/44218\/revisions"}],"wp:featuredmedia":[{"embeddable":true,"href":"https:\/\/www.celttv.com.ar\/index.php\/wp-json\/wp\/v2\/media\/44219"}],"wp:attachment":[{"href":"https:\/\/www.celttv.com.ar\/index.php\/wp-json\/wp\/v2\/media?parent=44218"}],"wp:term":[{"taxonomy":"category","embeddable":true,"href":"https:\/\/www.celttv.com.ar\/index.php\/wp-json\/wp\/v2\/categories?post=44218"},{"taxonomy":"post_tag","embeddable":true,"href":"https:\/\/www.celttv.com.ar\/index.php\/wp-json\/wp\/v2\/tags?post=44218"}],"curies":[{"name":"wp","href":"https:\/\/api.w.org\/{rel}","templated":true}]}}