{"id":44221,"date":"2019-09-25T01:04:00","date_gmt":"2019-09-25T01:04:00","guid":{"rendered":"http:\/\/www.celttv.com.ar\/?p=44221"},"modified":"2019-09-25T01:04:00","modified_gmt":"2019-09-25T01:04:00","slug":"32-nuevos-profesionales-se-graduaron-en-nuestro-distrito-fotos-y-listado-de-nuevos-profesionales","status":"publish","type":"post","link":"https:\/\/www.celttv.com.ar\/index.php\/2019\/09\/25\/32-nuevos-profesionales-se-graduaron-en-nuestro-distrito-fotos-y-listado-de-nuevos-profesionales\/","title":{"rendered":"32 nuevos profesionales se graduaron en nuestro distrito (Fotos y listado de los egresados)"},"content":{"rendered":"<p style=\"font-weight: 400;\">\u00a0El lunes 23, el Intendente Sergio Bordoni\u00a0particip\u00f3 del acto de entrega de diplomas a los flamantes graduados, correspondientes a 6 licenciados de la Licenciatura en Gerenciamiento de PyMEs de la UPSO, y de 26 graduados de diferentes carreras terciarias del ISFDyT N\u00b0 162.<\/p>\n<p style=\"font-weight: 400;\">El rector de la UPSO, Dr. Hern\u00e1n Vigier, al hacer uso de la palabra agradeci\u00f3 muy especialmente al Intendente y al Director del Instituto, Vico Frattini, ya que la gesti\u00f3n conjunta entre las tres instituciones ha permitido que Tornquist cuente por primera vez en su historia con licenciados formados en su propia localidad,\u00a0destacando que este acompa\u00f1amiento permite formar profesionales que contribuyan al desarrollo local y regional.\u00a0Posteriormente, Frattini destac\u00f3 tambi\u00e9n que este tipo de colaboraci\u00f3n entre las instituciones permite que las comunidades crezcan y se fortalezcan en sus posibilidades de acceder localmente a la educaci\u00f3n superior.\u00a0La articulaci\u00f3n entre los t\u00edtulos terciarios otorgados por el Instituto con el reconocimiento de los mismos por la UPSO han permitido que se instrumente esta modalidad de ciclos de complementaci\u00f3n para formar licenciados, estrategia innovadora para toda la Provincia de Buenos Aires. Es importante destacar que el municipio est\u00e1 en permanente contacto con dichos establecimientos para orientar las propuestas acad\u00e9micas en relaci\u00f3n a\u00a0las necesidades y oportunidades laborales\u00a0que posee nuestro distrito. Tal es el caso de la apertura de la Tecnicatura en Gesti\u00f3n de Energ\u00edas Renovables y Convencionales que se comenzar\u00e1 a dictar en 2020.<\/p>\n<p style=\"font-weight: 400;\">La ceremonia tuvo lugar en el teatro \u201cRodolfo Funke\u201d, y participaron de la misma el Secretario de Desarrollo Gonzalo Iparraguirre, la Jefa Inspectora Distrital Mar\u00eda Rosa Gonzalez, autoridades acad\u00e9micas y profesores de ambas instituciones educativas y familiares de los egresados.<\/p>\n<p>&nbsp;<\/p>\n<p style=\"font-weight: 400;\"><strong>EGRESADOS INSTITUTO SUPERIOR DE FORMACION DOCENTE Y TECNICO N\u00b0 162 2019<\/strong><\/p>\n<p style=\"font-weight: 400;\"><strong>PROFESORADO DE EDUCACION INICIAL<\/strong><\/p>\n<p style=\"font-weight: 400;\">Olivera, Jesica<\/p>\n<p style=\"font-weight: 400;\">Maldonado, Ivana<\/p>\n<p style=\"font-weight: 400;\">Verolo, Martina<\/p>\n<p style=\"font-weight: 400;\"><strong>TECNICATURA SUPERIOR EN ENFERMERIA<\/strong><\/p>\n<p style=\"font-weight: 400;\">Herrera, Mar\u00eda Vanesa<\/p>\n<p style=\"font-weight: 400;\"><strong>TECNICATURA SUPERIOR EN HIGIENE Y SEGURIDAD EN EL TRABAJO<\/strong><\/p>\n<p style=\"font-weight: 400;\">Consoli, Marco<\/p>\n<p style=\"font-weight: 400;\">Etcheverry, Joaqu\u00edn<\/p>\n<p style=\"font-weight: 400;\">Pascale, Melisa<\/p>\n<p style=\"font-weight: 400;\">Pino, N\u00e9lida<\/p>\n<p style=\"font-weight: 400;\">Sanabria, Johana<\/p>\n<p style=\"font-weight: 400;\">Sep\u00falveda, Carla<\/p>\n<p style=\"font-weight: 400;\">Sosa, \u00c1ngel<\/p>\n<p style=\"font-weight: 400;\">Quiroz, Andr\u00e9s<\/p>\n<p style=\"font-weight: 400;\">Esquivel, Mar\u00eda<\/p>\n<p style=\"font-weight: 400;\">Barzola, Giuliano<\/p>\n<p style=\"font-weight: 400;\">Castello, Luis Santiago<\/p>\n<p style=\"font-weight: 400;\">Dumrauf, Santiago<\/p>\n<p style=\"font-weight: 400;\">Palacio, Mar\u00eda<\/p>\n<p style=\"font-weight: 400;\"><strong>PROFESORADO EN EDUC. SECUNDARIA EN LENGUA Y LITERATURA<\/strong><\/p>\n<p style=\"font-weight: 400;\">De la Miyar, Mariano<\/p>\n<p style=\"font-weight: 400;\">Gim\u00e9nez, Marcela<\/p>\n<p style=\"font-weight: 400;\">Tarabelli, Mariana<\/p>\n<p style=\"font-weight: 400;\">Quiroga, N\u00e9lida<\/p>\n<p style=\"font-weight: 400;\">Gim\u00e9nez, Florencia<\/p>\n<p style=\"font-weight: 400;\">Heredia, Patricia<\/p>\n<p style=\"font-weight: 400;\">Quiroga, Ayelen<\/p>\n<p style=\"font-weight: 400;\">Vallejos, Mar\u00eda Lucia<\/p>\n<p style=\"font-weight: 400;\"><strong>EGRESADOS UPSO \u2013 2019<\/strong><\/p>\n<p style=\"font-weight: 400;\"><strong>LICENCIATURA EN GERENCIAMIENTO DE PEQUE\u00d1AS Y MEDIANAS EMPRESAS<\/strong><\/p>\n<p style=\"font-weight: 400;\">TATIANA GRISEL AVILA<\/p>\n<p style=\"font-weight: 400;\">ADRIANA MABEL BERARDI<\/p>\n<p style=\"font-weight: 400;\">VANINA ELENA DI NUNZIO<\/p>\n<p style=\"font-weight: 400;\">MIRTA ELISABET MEDINA<\/p>\n<p style=\"font-weight: 400;\">PATRICIA BARBARA PELIZZA<\/p>\n<p style=\"font-weight: 400;\">SOFIA SCHULMEITER<\/p>\n<p>&nbsp;<\/p>\n<div id='gallery_1' class='gallery galleryid-44221 gallery-columns-3 gallery-size-thumbnail'><figure class='gallery-item'>\n            <div class='gallery-icon landscape'>\n                <a href='https:\/\/www.celttv.com.ar\/wp-content\/uploads\/2019\/09\/1-Medium.png'><img loading=\"lazy\" decoding=\"async\" width=\"150\" height=\"150\" src=\"\" class=\"attachment-thumbnail size-thumbnail lazyload\" alt=\"\" data-src=\"https:\/\/www.celttv.com.ar\/wp-content\/uploads\/2019\/09\/1-Medium-150x150.png\" data-sizes=\"auto\" data-srcset=\"https:\/\/www.celttv.com.ar\/wp-content\/uploads\/2019\/09\/1-Medium-150x150.png 150w, https:\/\/www.celttv.com.ar\/wp-content\/uploads\/2019\/09\/1-Medium-75x75.png 75w\" data-expand=\"700\" \/><\/a>\n            <\/div><\/figure><figure class='gallery-item'>\n            <div class='gallery-icon landscape'>\n                <a href='https:\/\/www.celttv.com.ar\/wp-content\/uploads\/2019\/09\/2-Medium.png'><img loading=\"lazy\" decoding=\"async\" width=\"150\" height=\"150\" src=\"\" class=\"attachment-thumbnail size-thumbnail lazyload\" alt=\"\" data-src=\"https:\/\/www.celttv.com.ar\/wp-content\/uploads\/2019\/09\/2-Medium-150x150.png\" data-sizes=\"auto\" data-srcset=\"https:\/\/www.celttv.com.ar\/wp-content\/uploads\/2019\/09\/2-Medium-150x150.png 150w, https:\/\/www.celttv.com.ar\/wp-content\/uploads\/2019\/09\/2-Medium-75x75.png 75w\" data-expand=\"700\" \/><\/a>\n            <\/div><\/figure><figure class='gallery-item'>\n            <div class='gallery-icon landscape'>\n                <a href='https:\/\/www.celttv.com.ar\/wp-content\/uploads\/2019\/09\/3-Medium.png'><img loading=\"lazy\" decoding=\"async\" width=\"150\" height=\"150\" src=\"\" class=\"attachment-thumbnail size-thumbnail lazyload\" alt=\"\" data-src=\"https:\/\/www.celttv.com.ar\/wp-content\/uploads\/2019\/09\/3-Medium-150x150.png\" data-sizes=\"auto\" data-srcset=\"https:\/\/www.celttv.com.ar\/wp-content\/uploads\/2019\/09\/3-Medium-150x150.png 150w, https:\/\/www.celttv.com.ar\/wp-content\/uploads\/2019\/09\/3-Medium-75x75.png 75w\" data-expand=\"700\" \/><\/a>\n            <\/div><\/figure><br style=\"clear: both\" \/><figure class='gallery-item'>\n            <div class='gallery-icon landscape'>\n                <a href='https:\/\/www.celttv.com.ar\/wp-content\/uploads\/2019\/09\/4-Medium.png'><img loading=\"lazy\" decoding=\"async\" width=\"150\" height=\"150\" src=\"\" class=\"attachment-thumbnail size-thumbnail lazyload\" alt=\"\" data-src=\"https:\/\/www.celttv.com.ar\/wp-content\/uploads\/2019\/09\/4-Medium-150x150.png\" data-sizes=\"auto\" data-srcset=\"https:\/\/www.celttv.com.ar\/wp-content\/uploads\/2019\/09\/4-Medium-150x150.png 150w, https:\/\/www.celttv.com.ar\/wp-content\/uploads\/2019\/09\/4-Medium-75x75.png 75w\" data-expand=\"700\" \/><\/a>\n            <\/div><\/figure><figure class='gallery-item'>\n            <div class='gallery-icon landscape'>\n                <a href='https:\/\/www.celttv.com.ar\/wp-content\/uploads\/2019\/09\/5-Medium.png'><img loading=\"lazy\" decoding=\"async\" width=\"150\" height=\"150\" src=\"\" class=\"attachment-thumbnail size-thumbnail lazyload\" alt=\"\" data-src=\"https:\/\/www.celttv.com.ar\/wp-content\/uploads\/2019\/09\/5-Medium-150x150.png\" data-sizes=\"auto\" data-srcset=\"https:\/\/www.celttv.com.ar\/wp-content\/uploads\/2019\/09\/5-Medium-150x150.png 150w, https:\/\/www.celttv.com.ar\/wp-content\/uploads\/2019\/09\/5-Medium-75x75.png 75w\" data-expand=\"700\" \/><\/a>\n            <\/div><\/figure><figure class='gallery-item'>\n            <div class='gallery-icon landscape'>\n                <a href='https:\/\/www.celttv.com.ar\/wp-content\/uploads\/2019\/09\/6-Medium.png'><img loading=\"lazy\" decoding=\"async\" width=\"150\" height=\"150\" src=\"\" class=\"attachment-thumbnail size-thumbnail lazyload\" alt=\"\" data-src=\"https:\/\/www.celttv.com.ar\/wp-content\/uploads\/2019\/09\/6-Medium-150x150.png\" data-sizes=\"auto\" data-srcset=\"https:\/\/www.celttv.com.ar\/wp-content\/uploads\/2019\/09\/6-Medium-150x150.png 150w, https:\/\/www.celttv.com.ar\/wp-content\/uploads\/2019\/09\/6-Medium-75x75.png 75w\" data-expand=\"700\" \/><\/a>\n            <\/div><\/figure><br style=\"clear: both\" \/><figure class='gallery-item'>\n            <div class='gallery-icon landscape'>\n                <a href='https:\/\/www.celttv.com.ar\/wp-content\/uploads\/2019\/09\/7-Medium.png'><img loading=\"lazy\" decoding=\"async\" width=\"150\" height=\"150\" src=\"\" class=\"attachment-thumbnail size-thumbnail lazyload\" alt=\"\" data-src=\"https:\/\/www.celttv.com.ar\/wp-content\/uploads\/2019\/09\/7-Medium-150x150.png\" data-sizes=\"auto\" data-srcset=\"https:\/\/www.celttv.com.ar\/wp-content\/uploads\/2019\/09\/7-Medium-150x150.png 150w, https:\/\/www.celttv.com.ar\/wp-content\/uploads\/2019\/09\/7-Medium-75x75.png 75w\" data-expand=\"700\" \/><\/a>\n            <\/div><\/figure><figure class='gallery-item'>\n            <div class='gallery-icon landscape'>\n                <a href='https:\/\/www.celttv.com.ar\/wp-content\/uploads\/2019\/09\/8-Medium.png'><img loading=\"lazy\" decoding=\"async\" width=\"150\" height=\"150\" src=\"\" class=\"attachment-thumbnail size-thumbnail lazyload\" alt=\"\" data-src=\"https:\/\/www.celttv.com.ar\/wp-content\/uploads\/2019\/09\/8-Medium-150x150.png\" data-sizes=\"auto\" data-srcset=\"https:\/\/www.celttv.com.ar\/wp-content\/uploads\/2019\/09\/8-Medium-150x150.png 150w, https:\/\/www.celttv.com.ar\/wp-content\/uploads\/2019\/09\/8-Medium-75x75.png 75w\" data-expand=\"700\" \/><\/a>\n            <\/div><\/figure><figure class='gallery-item'>\n            <div class='gallery-icon landscape'>\n                <a href='https:\/\/www.celttv.com.ar\/wp-content\/uploads\/2019\/09\/9-Medium.png'><img loading=\"lazy\" decoding=\"async\" width=\"150\" height=\"150\" src=\"\" class=\"attachment-thumbnail size-thumbnail lazyload\" alt=\"\" data-src=\"https:\/\/www.celttv.com.ar\/wp-content\/uploads\/2019\/09\/9-Medium-150x150.png\" data-sizes=\"auto\" data-srcset=\"https:\/\/www.celttv.com.ar\/wp-content\/uploads\/2019\/09\/9-Medium-150x150.png 150w, https:\/\/www.celttv.com.ar\/wp-content\/uploads\/2019\/09\/9-Medium-75x75.png 75w\" data-expand=\"700\" \/><\/a>\n            <\/div><\/figure><br style=\"clear: both\" \/><figure class='gallery-item'>\n            <div class='gallery-icon landscape'>\n                <a href='https:\/\/www.celttv.com.ar\/wp-content\/uploads\/2019\/09\/10-Medium.png'><img loading=\"lazy\" decoding=\"async\" width=\"150\" height=\"150\" src=\"\" class=\"attachment-thumbnail size-thumbnail lazyload\" alt=\"\" data-src=\"https:\/\/www.celttv.com.ar\/wp-content\/uploads\/2019\/09\/10-Medium-150x150.png\" data-sizes=\"auto\" data-srcset=\"https:\/\/www.celttv.com.ar\/wp-content\/uploads\/2019\/09\/10-Medium-150x150.png 150w, https:\/\/www.celttv.com.ar\/wp-content\/uploads\/2019\/09\/10-Medium-75x75.png 75w\" data-expand=\"700\" \/><\/a>\n            <\/div><\/figure><figure class='gallery-item'>\n            <div class='gallery-icon landscape'>\n                <a href='https:\/\/www.celttv.com.ar\/wp-content\/uploads\/2019\/09\/11-Medium.png'><img loading=\"lazy\" decoding=\"async\" width=\"150\" height=\"150\" src=\"\" class=\"attachment-thumbnail size-thumbnail lazyload\" alt=\"\" data-src=\"https:\/\/www.celttv.com.ar\/wp-content\/uploads\/2019\/09\/11-Medium-150x150.png\" data-sizes=\"auto\" data-srcset=\"https:\/\/www.celttv.com.ar\/wp-content\/uploads\/2019\/09\/11-Medium-150x150.png 150w, https:\/\/www.celttv.com.ar\/wp-content\/uploads\/2019\/09\/11-Medium-75x75.png 75w\" data-expand=\"700\" \/><\/a>\n            <\/div><\/figure><figure class='gallery-item'>\n            <div class='gallery-icon landscape'>\n                <a href='https:\/\/www.celttv.com.ar\/wp-content\/uploads\/2019\/09\/12-Medium.png'><img loading=\"lazy\" decoding=\"async\" width=\"150\" height=\"150\" src=\"\" class=\"attachment-thumbnail size-thumbnail lazyload\" alt=\"\" data-src=\"https:\/\/www.celttv.com.ar\/wp-content\/uploads\/2019\/09\/12-Medium-150x150.png\" data-sizes=\"auto\" data-srcset=\"https:\/\/www.celttv.com.ar\/wp-content\/uploads\/2019\/09\/12-Medium-150x150.png 150w, https:\/\/www.celttv.com.ar\/wp-content\/uploads\/2019\/09\/12-Medium-75x75.png 75w\" data-expand=\"700\" \/><\/a>\n            <\/div><\/figure><br style=\"clear: both\" \/><figure class='gallery-item'>\n            <div class='gallery-icon landscape'>\n                <a href='https:\/\/www.celttv.com.ar\/wp-content\/uploads\/2019\/09\/13-Medium.png'><img loading=\"lazy\" decoding=\"async\" width=\"150\" height=\"150\" src=\"\" class=\"attachment-thumbnail size-thumbnail lazyload\" alt=\"\" data-src=\"https:\/\/www.celttv.com.ar\/wp-content\/uploads\/2019\/09\/13-Medium-150x150.png\" data-sizes=\"auto\" data-srcset=\"https:\/\/www.celttv.com.ar\/wp-content\/uploads\/2019\/09\/13-Medium-150x150.png 150w, https:\/\/www.celttv.com.ar\/wp-content\/uploads\/2019\/09\/13-Medium-75x75.png 75w\" data-expand=\"700\" \/><\/a>\n            <\/div><\/figure><figure class='gallery-item'>\n            <div class='gallery-icon landscape'>\n                <a href='https:\/\/www.celttv.com.ar\/wp-content\/uploads\/2019\/09\/14-Medium.png'><img loading=\"lazy\" decoding=\"async\" width=\"150\" height=\"150\" src=\"\" class=\"attachment-thumbnail size-thumbnail lazyload\" alt=\"\" data-src=\"https:\/\/www.celttv.com.ar\/wp-content\/uploads\/2019\/09\/14-Medium-150x150.png\" data-sizes=\"auto\" data-srcset=\"https:\/\/www.celttv.com.ar\/wp-content\/uploads\/2019\/09\/14-Medium-150x150.png 150w, https:\/\/www.celttv.com.ar\/wp-content\/uploads\/2019\/09\/14-Medium-75x75.png 75w\" data-expand=\"700\" \/><\/a>\n            <\/div><\/figure><figure class='gallery-item'>\n            <div class='gallery-icon landscape'>\n                <a href='https:\/\/www.celttv.com.ar\/wp-content\/uploads\/2019\/09\/15-Medium.png'><img loading=\"lazy\" decoding=\"async\" width=\"150\" height=\"150\" src=\"\" class=\"attachment-thumbnail size-thumbnail lazyload\" alt=\"\" data-src=\"https:\/\/www.celttv.com.ar\/wp-content\/uploads\/2019\/09\/15-Medium-150x150.png\" data-sizes=\"auto\" data-srcset=\"https:\/\/www.celttv.com.ar\/wp-content\/uploads\/2019\/09\/15-Medium-150x150.png 150w, https:\/\/www.celttv.com.ar\/wp-content\/uploads\/2019\/09\/15-Medium-75x75.png 75w\" data-expand=\"700\" \/><\/a>\n            <\/div><\/figure><br style=\"clear: both\" \/><figure class='gallery-item'>\n            <div class='gallery-icon landscape'>\n                <a href='https:\/\/www.celttv.com.ar\/wp-content\/uploads\/2019\/09\/16-Medium.png'><img loading=\"lazy\" decoding=\"async\" width=\"150\" height=\"150\" src=\"\" class=\"attachment-thumbnail size-thumbnail lazyload\" alt=\"\" data-src=\"https:\/\/www.celttv.com.ar\/wp-content\/uploads\/2019\/09\/16-Medium-150x150.png\" data-sizes=\"auto\" data-srcset=\"https:\/\/www.celttv.com.ar\/wp-content\/uploads\/2019\/09\/16-Medium-150x150.png 150w, https:\/\/www.celttv.com.ar\/wp-content\/uploads\/2019\/09\/16-Medium-75x75.png 75w\" data-expand=\"700\" \/><\/a>\n            <\/div><\/figure><figure class='gallery-item'>\n            <div class='gallery-icon landscape'>\n                <a href='https:\/\/www.celttv.com.ar\/wp-content\/uploads\/2019\/09\/17-Medium.png'><img loading=\"lazy\" decoding=\"async\" width=\"150\" height=\"150\" src=\"\" class=\"attachment-thumbnail size-thumbnail lazyload\" alt=\"\" data-src=\"https:\/\/www.celttv.com.ar\/wp-content\/uploads\/2019\/09\/17-Medium-150x150.png\" data-sizes=\"auto\" data-srcset=\"https:\/\/www.celttv.com.ar\/wp-content\/uploads\/2019\/09\/17-Medium-150x150.png 150w, https:\/\/www.celttv.com.ar\/wp-content\/uploads\/2019\/09\/17-Medium-75x75.png 75w\" data-expand=\"700\" \/><\/a>\n            <\/div><\/figure><figure class='gallery-item'>\n            <div class='gallery-icon landscape'>\n                <a href='https:\/\/www.celttv.com.ar\/wp-content\/uploads\/2019\/09\/18-GRADUADOS.png'><img loading=\"lazy\" decoding=\"async\" width=\"150\" height=\"150\" src=\"\" class=\"attachment-thumbnail size-thumbnail lazyload\" alt=\"\" data-src=\"https:\/\/www.celttv.com.ar\/wp-content\/uploads\/2019\/09\/18-GRADUADOS-150x150.png\" data-sizes=\"auto\" data-srcset=\"https:\/\/www.celttv.com.ar\/wp-content\/uploads\/2019\/09\/18-GRADUADOS-150x150.png 150w, https:\/\/www.celttv.com.ar\/wp-content\/uploads\/2019\/09\/18-GRADUADOS-75x75.png 75w\" data-expand=\"700\" \/><\/a>\n            <\/div><\/figure><br style=\"clear: both\" \/>\n        <\/div>\n\n","protected":false},"excerpt":{"rendered":"<p>\u00a0El lunes 23, el Intendente Sergio Bordoni\u00a0particip\u00f3 del acto de entrega de diplomas a los flamantes graduados, correspondientes a 6 licenciados de la Licenciatura en Gerenciamiento de PyMEs de la UPSO, y de 26 graduados de diferentes carreras terciarias del ISFDyT N\u00b0 162. El rector de la UPSO, Dr. Hern\u00e1n Vigier, al hacer uso de [&hellip;]<\/p>\n","protected":false},"author":1,"featured_media":44242,"comment_status":"closed","ping_status":"open","sticky":false,"template":"","format":"standard","meta":{"footnotes":""},"categories":[51,52],"tags":[],"class_list":["post-44221","post","type-post","status-publish","format-standard","has-post-thumbnail","hentry","category-comunidad","category-destacadas"],"yoast_head":"<!-- This site is optimized with the Yoast SEO plugin v19.7.1 - https:\/\/yoast.com\/wordpress\/plugins\/seo\/ -->\n<title>32 nuevos profesionales se graduaron en nuestro distrito (Fotos y listado de los egresados) - CELTTV<\/title>\n<meta name=\"description\" content=\"Sitio web de noticias de la localidad de Tornquist, provincia de Buenos Aires, Rep\u00fablica Argentina. Contenido propio originado por periodistas de CELTTV, el canal de TV local de la Cooperativa El\u00e9ctrica de Tornquist. Turismo, Pol\u00edtica, Sociedad, Deporte, Cultura y todo el contenido de inter\u00e9s general que la gente del pueblo y la regi\u00f3n debe conocer.\" \/>\n<meta name=\"robots\" content=\"index, follow, max-snippet:-1, max-image-preview:large, max-video-preview:-1\" \/>\n<link rel=\"canonical\" href=\"https:\/\/www.celttv.com.ar\/index.php\/2019\/09\/25\/32-nuevos-profesionales-se-graduaron-en-nuestro-distrito-fotos-y-listado-de-nuevos-profesionales\/\" \/>\n<meta property=\"og:locale\" content=\"es_ES\" \/>\n<meta property=\"og:type\" content=\"article\" \/>\n<meta property=\"og:title\" content=\"32 nuevos profesionales se graduaron en nuestro distrito (Fotos y listado de los egresados) - CELTTV\" \/>\n<meta property=\"og:description\" content=\"Sitio web de noticias de la localidad de Tornquist, provincia de Buenos Aires, Rep\u00fablica Argentina. Contenido propio originado por periodistas de CELTTV, el canal de TV local de la Cooperativa El\u00e9ctrica de Tornquist. Turismo, Pol\u00edtica, Sociedad, Deporte, Cultura y todo el contenido de inter\u00e9s general que la gente del pueblo y la regi\u00f3n debe conocer.\" \/>\n<meta property=\"og:url\" content=\"https:\/\/www.celttv.com.ar\/index.php\/2019\/09\/25\/32-nuevos-profesionales-se-graduaron-en-nuestro-distrito-fotos-y-listado-de-nuevos-profesionales\/\" \/>\n<meta property=\"og:site_name\" content=\"CELTTV\" \/>\n<meta property=\"article:publisher\" content=\"https:\/\/www.facebook.com\/celtTV\/\" \/>\n<meta property=\"article:published_time\" content=\"2019-09-25T01:04:00+00:00\" \/>\n<meta property=\"og:image\" content=\"https:\/\/www.celttv.com.ar\/wp-content\/uploads\/2019\/09\/18-GRADUADOS.png\" \/>\n\t<meta property=\"og:image:width\" content=\"1366\" \/>\n\t<meta property=\"og:image:height\" content=\"721\" \/>\n\t<meta property=\"og:image:type\" content=\"image\/png\" \/>\n<meta name=\"author\" content=\"ulises\" \/>\n<meta name=\"twitter:card\" content=\"summary_large_image\" \/>\n<meta name=\"twitter:label1\" content=\"Escrito por\" \/>\n\t<meta name=\"twitter:data1\" content=\"ulises\" \/>\n\t<meta name=\"twitter:label2\" content=\"Tiempo de lectura\" \/>\n\t<meta name=\"twitter:data2\" content=\"2 minutos\" \/>\n<script type=\"application\/ld+json\" class=\"yoast-schema-graph\">{\"@context\":\"https:\/\/schema.org\",\"@graph\":[{\"@type\":\"NewsArticle\",\"@id\":\"https:\/\/www.celttv.com.ar\/index.php\/2019\/09\/25\/32-nuevos-profesionales-se-graduaron-en-nuestro-distrito-fotos-y-listado-de-nuevos-profesionales\/#article\",\"isPartOf\":{\"@id\":\"https:\/\/www.celttv.com.ar\/index.php\/2019\/09\/25\/32-nuevos-profesionales-se-graduaron-en-nuestro-distrito-fotos-y-listado-de-nuevos-profesionales\/\"},\"author\":{\"name\":\"ulises\",\"@id\":\"https:\/\/www.celttv.com.ar\/#\/schema\/person\/6d99c072dba59953809c81446e9d0ace\"},\"headline\":\"32 nuevos profesionales se graduaron en nuestro distrito (Fotos y listado de los egresados)\",\"datePublished\":\"2019-09-25T01:04:00+00:00\",\"dateModified\":\"2019-09-25T01:04:00+00:00\",\"mainEntityOfPage\":{\"@id\":\"https:\/\/www.celttv.com.ar\/index.php\/2019\/09\/25\/32-nuevos-profesionales-se-graduaron-en-nuestro-distrito-fotos-y-listado-de-nuevos-profesionales\/\"},\"wordCount\":433,\"publisher\":{\"@id\":\"https:\/\/www.celttv.com.ar\/#organization\"},\"articleSection\":[\"Comunidad\",\"Destacadas\"],\"inLanguage\":\"es\"},{\"@type\":\"WebPage\",\"@id\":\"https:\/\/www.celttv.com.ar\/index.php\/2019\/09\/25\/32-nuevos-profesionales-se-graduaron-en-nuestro-distrito-fotos-y-listado-de-nuevos-profesionales\/\",\"url\":\"https:\/\/www.celttv.com.ar\/index.php\/2019\/09\/25\/32-nuevos-profesionales-se-graduaron-en-nuestro-distrito-fotos-y-listado-de-nuevos-profesionales\/\",\"name\":\"32 nuevos profesionales se graduaron en nuestro distrito (Fotos y listado de los egresados) - CELTTV\",\"isPartOf\":{\"@id\":\"https:\/\/www.celttv.com.ar\/#website\"},\"datePublished\":\"2019-09-25T01:04:00+00:00\",\"dateModified\":\"2019-09-25T01:04:00+00:00\",\"description\":\"Sitio web de noticias de la localidad de Tornquist, provincia de Buenos Aires, Rep\u00fablica Argentina. Contenido propio originado por periodistas de CELTTV, el canal de TV local de la Cooperativa El\u00e9ctrica de Tornquist. Turismo, Pol\u00edtica, Sociedad, Deporte, Cultura y todo el contenido de inter\u00e9s general que la gente del pueblo y la regi\u00f3n debe conocer.\",\"breadcrumb\":{\"@id\":\"https:\/\/www.celttv.com.ar\/index.php\/2019\/09\/25\/32-nuevos-profesionales-se-graduaron-en-nuestro-distrito-fotos-y-listado-de-nuevos-profesionales\/#breadcrumb\"},\"inLanguage\":\"es\",\"potentialAction\":[{\"@type\":\"ReadAction\",\"target\":[\"https:\/\/www.celttv.com.ar\/index.php\/2019\/09\/25\/32-nuevos-profesionales-se-graduaron-en-nuestro-distrito-fotos-y-listado-de-nuevos-profesionales\/\"]}]},{\"@type\":\"BreadcrumbList\",\"@id\":\"https:\/\/www.celttv.com.ar\/index.php\/2019\/09\/25\/32-nuevos-profesionales-se-graduaron-en-nuestro-distrito-fotos-y-listado-de-nuevos-profesionales\/#breadcrumb\",\"itemListElement\":[{\"@type\":\"ListItem\",\"position\":1,\"name\":\"Inicio\",\"item\":\"https:\/\/www.celttv.com.ar\/\"},{\"@type\":\"ListItem\",\"position\":2,\"name\":\"32 nuevos profesionales se graduaron en nuestro distrito (Fotos y listado de los egresados)\"}]},{\"@type\":\"WebSite\",\"@id\":\"https:\/\/www.celttv.com.ar\/#website\",\"url\":\"https:\/\/www.celttv.com.ar\/\",\"name\":\"CELTTV\",\"description\":\"Cooperativa El\u00e9ctrica de Tornquist\",\"publisher\":{\"@id\":\"https:\/\/www.celttv.com.ar\/#organization\"},\"potentialAction\":[{\"@type\":\"SearchAction\",\"target\":{\"@type\":\"EntryPoint\",\"urlTemplate\":\"https:\/\/www.celttv.com.ar\/?s={search_term_string}\"},\"query-input\":\"required name=search_term_string\"}],\"inLanguage\":\"es\"},{\"@type\":\"Organization\",\"@id\":\"https:\/\/www.celttv.com.ar\/#organization\",\"name\":\"CELTTV\",\"url\":\"https:\/\/www.celttv.com.ar\/\",\"sameAs\":[\"https:\/\/www.youtube.com\/channel\/UCz_oIt8Hig64Ub-EmcNPIhg\",\"https:\/\/www.facebook.com\/celtTV\/\"],\"logo\":{\"@type\":\"ImageObject\",\"inLanguage\":\"es\",\"@id\":\"https:\/\/www.celttv.com.ar\/#\/schema\/logo\/image\/\",\"url\":\"http:\/\/www.celttv.com.ar\/wp-content\/uploads\/2022\/08\/logo-1.png\",\"contentUrl\":\"http:\/\/www.celttv.com.ar\/wp-content\/uploads\/2022\/08\/logo-1.png\",\"width\":461,\"height\":159,\"caption\":\"CELTTV\"},\"image\":{\"@id\":\"https:\/\/www.celttv.com.ar\/#\/schema\/logo\/image\/\"}},{\"@type\":\"Person\",\"@id\":\"https:\/\/www.celttv.com.ar\/#\/schema\/person\/6d99c072dba59953809c81446e9d0ace\",\"name\":\"ulises\",\"image\":{\"@type\":\"ImageObject\",\"inLanguage\":\"es\",\"@id\":\"https:\/\/www.celttv.com.ar\/#\/schema\/person\/image\/\",\"url\":\"https:\/\/secure.gravatar.com\/avatar\/7f2c48bdc33b30088f941fb6082e555f2874c98e20cb159d7b92b50eadfce793?s=96&d=mm&r=g\",\"contentUrl\":\"https:\/\/secure.gravatar.com\/avatar\/7f2c48bdc33b30088f941fb6082e555f2874c98e20cb159d7b92b50eadfce793?s=96&d=mm&r=g\",\"caption\":\"ulises\"},\"sameAs\":[\"http:\/\/www.celttv.com.ar\"]}]}<\/script>\n<!-- \/ Yoast SEO plugin. -->","yoast_head_json":{"title":"32 nuevos profesionales se graduaron en nuestro distrito (Fotos y listado de los egresados) - CELTTV","description":"Sitio web de noticias de la localidad de Tornquist, provincia de Buenos Aires, Rep\u00fablica Argentina. Contenido propio originado por periodistas de CELTTV, el canal de TV local de la Cooperativa El\u00e9ctrica de Tornquist. Turismo, Pol\u00edtica, Sociedad, Deporte, Cultura y todo el contenido de inter\u00e9s general que la gente del pueblo y la regi\u00f3n debe conocer.","robots":{"index":"index","follow":"follow","max-snippet":"max-snippet:-1","max-image-preview":"max-image-preview:large","max-video-preview":"max-video-preview:-1"},"canonical":"https:\/\/www.celttv.com.ar\/index.php\/2019\/09\/25\/32-nuevos-profesionales-se-graduaron-en-nuestro-distrito-fotos-y-listado-de-nuevos-profesionales\/","og_locale":"es_ES","og_type":"article","og_title":"32 nuevos profesionales se graduaron en nuestro distrito (Fotos y listado de los egresados) - CELTTV","og_description":"Sitio web de noticias de la localidad de Tornquist, provincia de Buenos Aires, Rep\u00fablica Argentina. Contenido propio originado por periodistas de CELTTV, el canal de TV local de la Cooperativa El\u00e9ctrica de Tornquist. Turismo, Pol\u00edtica, Sociedad, Deporte, Cultura y todo el contenido de inter\u00e9s general que la gente del pueblo y la regi\u00f3n debe conocer.","og_url":"https:\/\/www.celttv.com.ar\/index.php\/2019\/09\/25\/32-nuevos-profesionales-se-graduaron-en-nuestro-distrito-fotos-y-listado-de-nuevos-profesionales\/","og_site_name":"CELTTV","article_publisher":"https:\/\/www.facebook.com\/celtTV\/","article_published_time":"2019-09-25T01:04:00+00:00","og_image":[{"width":1366,"height":721,"url":"https:\/\/www.celttv.com.ar\/wp-content\/uploads\/2019\/09\/18-GRADUADOS.png","type":"image\/png"}],"author":"ulises","twitter_card":"summary_large_image","twitter_misc":{"Escrito por":"ulises","Tiempo de lectura":"2 minutos"},"schema":{"@context":"https:\/\/schema.org","@graph":[{"@type":"NewsArticle","@id":"https:\/\/www.celttv.com.ar\/index.php\/2019\/09\/25\/32-nuevos-profesionales-se-graduaron-en-nuestro-distrito-fotos-y-listado-de-nuevos-profesionales\/#article","isPartOf":{"@id":"https:\/\/www.celttv.com.ar\/index.php\/2019\/09\/25\/32-nuevos-profesionales-se-graduaron-en-nuestro-distrito-fotos-y-listado-de-nuevos-profesionales\/"},"author":{"name":"ulises","@id":"https:\/\/www.celttv.com.ar\/#\/schema\/person\/6d99c072dba59953809c81446e9d0ace"},"headline":"32 nuevos profesionales se graduaron en nuestro distrito (Fotos y listado de los egresados)","datePublished":"2019-09-25T01:04:00+00:00","dateModified":"2019-09-25T01:04:00+00:00","mainEntityOfPage":{"@id":"https:\/\/www.celttv.com.ar\/index.php\/2019\/09\/25\/32-nuevos-profesionales-se-graduaron-en-nuestro-distrito-fotos-y-listado-de-nuevos-profesionales\/"},"wordCount":433,"publisher":{"@id":"https:\/\/www.celttv.com.ar\/#organization"},"articleSection":["Comunidad","Destacadas"],"inLanguage":"es"},{"@type":"WebPage","@id":"https:\/\/www.celttv.com.ar\/index.php\/2019\/09\/25\/32-nuevos-profesionales-se-graduaron-en-nuestro-distrito-fotos-y-listado-de-nuevos-profesionales\/","url":"https:\/\/www.celttv.com.ar\/index.php\/2019\/09\/25\/32-nuevos-profesionales-se-graduaron-en-nuestro-distrito-fotos-y-listado-de-nuevos-profesionales\/","name":"32 nuevos profesionales se graduaron en nuestro distrito (Fotos y listado de los egresados) - CELTTV","isPartOf":{"@id":"https:\/\/www.celttv.com.ar\/#website"},"datePublished":"2019-09-25T01:04:00+00:00","dateModified":"2019-09-25T01:04:00+00:00","description":"Sitio web de noticias de la localidad de Tornquist, provincia de Buenos Aires, Rep\u00fablica Argentina. Contenido propio originado por periodistas de CELTTV, el canal de TV local de la Cooperativa El\u00e9ctrica de Tornquist. Turismo, Pol\u00edtica, Sociedad, Deporte, Cultura y todo el contenido de inter\u00e9s general que la gente del pueblo y la regi\u00f3n debe conocer.","breadcrumb":{"@id":"https:\/\/www.celttv.com.ar\/index.php\/2019\/09\/25\/32-nuevos-profesionales-se-graduaron-en-nuestro-distrito-fotos-y-listado-de-nuevos-profesionales\/#breadcrumb"},"inLanguage":"es","potentialAction":[{"@type":"ReadAction","target":["https:\/\/www.celttv.com.ar\/index.php\/2019\/09\/25\/32-nuevos-profesionales-se-graduaron-en-nuestro-distrito-fotos-y-listado-de-nuevos-profesionales\/"]}]},{"@type":"BreadcrumbList","@id":"https:\/\/www.celttv.com.ar\/index.php\/2019\/09\/25\/32-nuevos-profesionales-se-graduaron-en-nuestro-distrito-fotos-y-listado-de-nuevos-profesionales\/#breadcrumb","itemListElement":[{"@type":"ListItem","position":1,"name":"Inicio","item":"https:\/\/www.celttv.com.ar\/"},{"@type":"ListItem","position":2,"name":"32 nuevos profesionales se graduaron en nuestro distrito (Fotos y listado de los egresados)"}]},{"@type":"WebSite","@id":"https:\/\/www.celttv.com.ar\/#website","url":"https:\/\/www.celttv.com.ar\/","name":"CELTTV","description":"Cooperativa El\u00e9ctrica de Tornquist","publisher":{"@id":"https:\/\/www.celttv.com.ar\/#organization"},"potentialAction":[{"@type":"SearchAction","target":{"@type":"EntryPoint","urlTemplate":"https:\/\/www.celttv.com.ar\/?s={search_term_string}"},"query-input":"required name=search_term_string"}],"inLanguage":"es"},{"@type":"Organization","@id":"https:\/\/www.celttv.com.ar\/#organization","name":"CELTTV","url":"https:\/\/www.celttv.com.ar\/","sameAs":["https:\/\/www.youtube.com\/channel\/UCz_oIt8Hig64Ub-EmcNPIhg","https:\/\/www.facebook.com\/celtTV\/"],"logo":{"@type":"ImageObject","inLanguage":"es","@id":"https:\/\/www.celttv.com.ar\/#\/schema\/logo\/image\/","url":"http:\/\/www.celttv.com.ar\/wp-content\/uploads\/2022\/08\/logo-1.png","contentUrl":"http:\/\/www.celttv.com.ar\/wp-content\/uploads\/2022\/08\/logo-1.png","width":461,"height":159,"caption":"CELTTV"},"image":{"@id":"https:\/\/www.celttv.com.ar\/#\/schema\/logo\/image\/"}},{"@type":"Person","@id":"https:\/\/www.celttv.com.ar\/#\/schema\/person\/6d99c072dba59953809c81446e9d0ace","name":"ulises","image":{"@type":"ImageObject","inLanguage":"es","@id":"https:\/\/www.celttv.com.ar\/#\/schema\/person\/image\/","url":"https:\/\/secure.gravatar.com\/avatar\/7f2c48bdc33b30088f941fb6082e555f2874c98e20cb159d7b92b50eadfce793?s=96&d=mm&r=g","contentUrl":"https:\/\/secure.gravatar.com\/avatar\/7f2c48bdc33b30088f941fb6082e555f2874c98e20cb159d7b92b50eadfce793?s=96&d=mm&r=g","caption":"ulises"},"sameAs":["http:\/\/www.celttv.com.ar"]}]}},"_links":{"self":[{"href":"https:\/\/www.celttv.com.ar\/index.php\/wp-json\/wp\/v2\/posts\/44221","targetHints":{"allow":["GET"]}}],"collection":[{"href":"https:\/\/www.celttv.com.ar\/index.php\/wp-json\/wp\/v2\/posts"}],"about":[{"href":"https:\/\/www.celttv.com.ar\/index.php\/wp-json\/wp\/v2\/types\/post"}],"author":[{"embeddable":true,"href":"https:\/\/www.celttv.com.ar\/index.php\/wp-json\/wp\/v2\/users\/1"}],"replies":[{"embeddable":true,"href":"https:\/\/www.celttv.com.ar\/index.php\/wp-json\/wp\/v2\/comments?post=44221"}],"version-history":[{"count":0,"href":"https:\/\/www.celttv.com.ar\/index.php\/wp-json\/wp\/v2\/posts\/44221\/revisions"}],"wp:featuredmedia":[{"embeddable":true,"href":"https:\/\/www.celttv.com.ar\/index.php\/wp-json\/wp\/v2\/media\/44242"}],"wp:attachment":[{"href":"https:\/\/www.celttv.com.ar\/index.php\/wp-json\/wp\/v2\/media?parent=44221"}],"wp:term":[{"taxonomy":"category","embeddable":true,"href":"https:\/\/www.celttv.com.ar\/index.php\/wp-json\/wp\/v2\/categories?post=44221"},{"taxonomy":"post_tag","embeddable":true,"href":"https:\/\/www.celttv.com.ar\/index.php\/wp-json\/wp\/v2\/tags?post=44221"}],"curies":[{"name":"wp","href":"https:\/\/api.w.org\/{rel}","templated":true}]}}