{"id":44245,"date":"2019-09-25T02:29:33","date_gmt":"2019-09-25T02:29:33","guid":{"rendered":"http:\/\/www.celttv.com.ar\/?p=44245"},"modified":"2019-09-25T02:29:33","modified_gmt":"2019-09-25T02:29:33","slug":"un-hecho-vandalico-dejo-sin-internet-a-la-localidad-de-saldungarayun-hecho-vandalico-dejo-sin-internet-a-la-localidad-de-saldungaray-fotos-y-viedoentrevista","status":"publish","type":"post","link":"https:\/\/www.celttv.com.ar\/index.php\/2019\/09\/25\/un-hecho-vandalico-dejo-sin-internet-a-la-localidad-de-saldungarayun-hecho-vandalico-dejo-sin-internet-a-la-localidad-de-saldungaray-fotos-y-viedoentrevista\/","title":{"rendered":"Un hecho vandalico dej\u00f3 sin internet a la localidad de Saldungaray (fotos y viedoentrevista)"},"content":{"rendered":"<p>Ocurri\u00f3 en el atardecer del pasado lunes cuando se advirti\u00f3 la interrupci\u00f3n del servicio de internet en la localidad de Saldungaray como consecuencia de un hecho vand\u00e1lico producido en el tendido de la fibra \u00f3ptica entre El Pinar y el cruce de la Ruta 72 y 76.<\/p>\n<p>Una \u201cbotella\u201d de empalme de la fibra \u00f3ptica recibi\u00f3 varios impactos de bala quedando visiblemente deteriorada y generando la interrupci\u00f3n del servicio que\u00a0 logr\u00f3 ser repuesto \u00e9ste martes a media ma\u00f1ana.<\/p>\n<p>Personal de Nodocoop y de la propia Cooperativa El\u00e9ctrica de Saldungaray trabajaron para la reposici\u00f3n del servicio. Seg\u00fan lo adelant\u00f3 a este medio el gerente de la Cooperativa El\u00e9ctrica de Saldungaray Gustavo Perrone, se radic\u00f3 la correspondiente denuncia policial en la comisar\u00eda de Sierra de la Ventana.<\/p>\n<p>En dialogo con este medio el gerente de la Cooperativa El\u00e9ctrica de Saldungaray brind\u00f3 detalles y se mostr\u00f3 preocupado por lo ocurrido.<\/p>\n<div class=\"jeg_video_container jeg_video_content\"><iframe loading=\"lazy\" title=\"2019 09 24 NOTA A EN VIVO A GUSTAVO PERRONE\" width=\"500\" height=\"281\" src=\"https:\/\/www.youtube.com\/embed\/kfTz-wtPeUw?feature=oembed\" frameborder=\"0\" allow=\"accelerometer; autoplay; clipboard-write; encrypted-media; gyroscope; picture-in-picture; web-share\" referrerpolicy=\"strict-origin-when-cross-origin\" allowfullscreen><\/iframe><\/div>\n<p><a href=\"http:\/\/www.celttv.com.ar\/?attachment_id=44247\" rel=\"attachment wp-att-44247\"><img loading=\"lazy\" decoding=\"async\" class=\"alignleft size-full wp-image-44247\" src=\"http:\/\/www.celttv.com.ar\/wp-content\/uploads\/2019\/09\/7e1111f5-85af-4651-86e6-f724454acf14.jpg\" alt=\"\" width=\"1032\" height=\"502\" srcset=\"https:\/\/www.celttv.com.ar\/wp-content\/uploads\/2019\/09\/7e1111f5-85af-4651-86e6-f724454acf14.jpg 1032w, https:\/\/www.celttv.com.ar\/wp-content\/uploads\/2019\/09\/7e1111f5-85af-4651-86e6-f724454acf14-300x146.jpg 300w, https:\/\/www.celttv.com.ar\/wp-content\/uploads\/2019\/09\/7e1111f5-85af-4651-86e6-f724454acf14-1024x498.jpg 1024w, https:\/\/www.celttv.com.ar\/wp-content\/uploads\/2019\/09\/7e1111f5-85af-4651-86e6-f724454acf14-768x374.jpg 768w, https:\/\/www.celttv.com.ar\/wp-content\/uploads\/2019\/09\/7e1111f5-85af-4651-86e6-f724454acf14-750x365.jpg 750w\" sizes=\"auto, (max-width: 1032px) 100vw, 1032px\" \/><\/a> <a href=\"http:\/\/www.celttv.com.ar\/?attachment_id=44248\" rel=\"attachment wp-att-44248\"><img loading=\"lazy\" decoding=\"async\" class=\"alignleft size-medium wp-image-44248\" src=\"http:\/\/www.celttv.com.ar\/wp-content\/uploads\/2019\/09\/8d907dca-17a5-47a4-b373-3c9df33883a5.jpg\" alt=\"\" width=\"780\" height=\"379\" srcset=\"https:\/\/www.celttv.com.ar\/wp-content\/uploads\/2019\/09\/8d907dca-17a5-47a4-b373-3c9df33883a5.jpg 1032w, https:\/\/www.celttv.com.ar\/wp-content\/uploads\/2019\/09\/8d907dca-17a5-47a4-b373-3c9df33883a5-300x146.jpg 300w, https:\/\/www.celttv.com.ar\/wp-content\/uploads\/2019\/09\/8d907dca-17a5-47a4-b373-3c9df33883a5-1024x498.jpg 1024w, https:\/\/www.celttv.com.ar\/wp-content\/uploads\/2019\/09\/8d907dca-17a5-47a4-b373-3c9df33883a5-768x374.jpg 768w, https:\/\/www.celttv.com.ar\/wp-content\/uploads\/2019\/09\/8d907dca-17a5-47a4-b373-3c9df33883a5-750x365.jpg 750w\" sizes=\"auto, (max-width: 780px) 100vw, 780px\" \/><\/a> <a href=\"http:\/\/www.celttv.com.ar\/?attachment_id=44249\" rel=\"attachment wp-att-44249\"><img loading=\"lazy\" decoding=\"async\" class=\"alignleft size-medium wp-image-44249\" src=\"http:\/\/www.celttv.com.ar\/wp-content\/uploads\/2019\/09\/10cd4c1c-5cf6-4a70-91a3-0d335ab729cf.jpg\" alt=\"\" width=\"379\" height=\"780\" srcset=\"https:\/\/www.celttv.com.ar\/wp-content\/uploads\/2019\/09\/10cd4c1c-5cf6-4a70-91a3-0d335ab729cf.jpg 502w, https:\/\/www.celttv.com.ar\/wp-content\/uploads\/2019\/09\/10cd4c1c-5cf6-4a70-91a3-0d335ab729cf-146x300.jpg 146w, https:\/\/www.celttv.com.ar\/wp-content\/uploads\/2019\/09\/10cd4c1c-5cf6-4a70-91a3-0d335ab729cf-498x1024.jpg 498w\" sizes=\"auto, (max-width: 379px) 100vw, 379px\" \/><\/a> <a href=\"http:\/\/www.celttv.com.ar\/?attachment_id=44250\" rel=\"attachment wp-att-44250\"><img loading=\"lazy\" decoding=\"async\" class=\"alignleft size-medium wp-image-44250\" src=\"http:\/\/www.celttv.com.ar\/wp-content\/uploads\/2019\/09\/62ad5be3-e7cb-4318-a8b2-02ff814f5d6d.jpg\" alt=\"\" width=\"780\" height=\"379\" srcset=\"https:\/\/www.celttv.com.ar\/wp-content\/uploads\/2019\/09\/62ad5be3-e7cb-4318-a8b2-02ff814f5d6d.jpg 1032w, https:\/\/www.celttv.com.ar\/wp-content\/uploads\/2019\/09\/62ad5be3-e7cb-4318-a8b2-02ff814f5d6d-300x146.jpg 300w, https:\/\/www.celttv.com.ar\/wp-content\/uploads\/2019\/09\/62ad5be3-e7cb-4318-a8b2-02ff814f5d6d-1024x498.jpg 1024w, https:\/\/www.celttv.com.ar\/wp-content\/uploads\/2019\/09\/62ad5be3-e7cb-4318-a8b2-02ff814f5d6d-768x374.jpg 768w, https:\/\/www.celttv.com.ar\/wp-content\/uploads\/2019\/09\/62ad5be3-e7cb-4318-a8b2-02ff814f5d6d-750x365.jpg 750w\" sizes=\"auto, (max-width: 780px) 100vw, 780px\" \/><\/a> <a href=\"http:\/\/www.celttv.com.ar\/?attachment_id=44251\" rel=\"attachment wp-att-44251\"><img loading=\"lazy\" decoding=\"async\" class=\"alignleft size-medium wp-image-44251\" src=\"http:\/\/www.celttv.com.ar\/wp-content\/uploads\/2019\/09\/280f8909-1b56-4212-b891-8b128cdcce2f.jpg\" alt=\"\" width=\"780\" height=\"379\" srcset=\"https:\/\/www.celttv.com.ar\/wp-content\/uploads\/2019\/09\/280f8909-1b56-4212-b891-8b128cdcce2f.jpg 1032w, https:\/\/www.celttv.com.ar\/wp-content\/uploads\/2019\/09\/280f8909-1b56-4212-b891-8b128cdcce2f-300x146.jpg 300w, https:\/\/www.celttv.com.ar\/wp-content\/uploads\/2019\/09\/280f8909-1b56-4212-b891-8b128cdcce2f-1024x498.jpg 1024w, https:\/\/www.celttv.com.ar\/wp-content\/uploads\/2019\/09\/280f8909-1b56-4212-b891-8b128cdcce2f-768x374.jpg 768w, https:\/\/www.celttv.com.ar\/wp-content\/uploads\/2019\/09\/280f8909-1b56-4212-b891-8b128cdcce2f-750x365.jpg 750w\" sizes=\"auto, (max-width: 780px) 100vw, 780px\" \/><\/a> <a href=\"http:\/\/www.celttv.com.ar\/?attachment_id=44253\" rel=\"attachment wp-att-44253\"><img loading=\"lazy\" decoding=\"async\" class=\"alignleft size-medium wp-image-44253\" src=\"http:\/\/www.celttv.com.ar\/wp-content\/uploads\/2019\/09\/430f8b67-8060-47a2-95ef-61e1a7c91454.jpg\" alt=\"\" width=\"379\" height=\"780\" srcset=\"https:\/\/www.celttv.com.ar\/wp-content\/uploads\/2019\/09\/430f8b67-8060-47a2-95ef-61e1a7c91454.jpg 502w, https:\/\/www.celttv.com.ar\/wp-content\/uploads\/2019\/09\/430f8b67-8060-47a2-95ef-61e1a7c91454-146x300.jpg 146w, https:\/\/www.celttv.com.ar\/wp-content\/uploads\/2019\/09\/430f8b67-8060-47a2-95ef-61e1a7c91454-498x1024.jpg 498w\" sizes=\"auto, (max-width: 379px) 100vw, 379px\" \/><\/a> <a href=\"http:\/\/www.celttv.com.ar\/?attachment_id=44254\" rel=\"attachment wp-att-44254\"><img loading=\"lazy\" decoding=\"async\" class=\"alignleft size-medium wp-image-44254\" src=\"http:\/\/www.celttv.com.ar\/wp-content\/uploads\/2019\/09\/5875a953-c210-4dea-b55f-15993568bf16.jpg\" alt=\"\" width=\"379\" height=\"780\" srcset=\"https:\/\/www.celttv.com.ar\/wp-content\/uploads\/2019\/09\/5875a953-c210-4dea-b55f-15993568bf16.jpg 502w, https:\/\/www.celttv.com.ar\/wp-content\/uploads\/2019\/09\/5875a953-c210-4dea-b55f-15993568bf16-146x300.jpg 146w, https:\/\/www.celttv.com.ar\/wp-content\/uploads\/2019\/09\/5875a953-c210-4dea-b55f-15993568bf16-498x1024.jpg 498w\" sizes=\"auto, (max-width: 379px) 100vw, 379px\" \/><\/a> <a href=\"http:\/\/www.celttv.com.ar\/?attachment_id=44255\" rel=\"attachment wp-att-44255\"><img loading=\"lazy\" decoding=\"async\" class=\"alignleft size-medium wp-image-44255\" src=\"http:\/\/www.celttv.com.ar\/wp-content\/uploads\/2019\/09\/a8ef3810-fcbe-416c-8360-3f187bf528af.jpg\" alt=\"\" width=\"780\" height=\"379\" srcset=\"https:\/\/www.celttv.com.ar\/wp-content\/uploads\/2019\/09\/a8ef3810-fcbe-416c-8360-3f187bf528af.jpg 1032w, https:\/\/www.celttv.com.ar\/wp-content\/uploads\/2019\/09\/a8ef3810-fcbe-416c-8360-3f187bf528af-300x146.jpg 300w, https:\/\/www.celttv.com.ar\/wp-content\/uploads\/2019\/09\/a8ef3810-fcbe-416c-8360-3f187bf528af-1024x498.jpg 1024w, https:\/\/www.celttv.com.ar\/wp-content\/uploads\/2019\/09\/a8ef3810-fcbe-416c-8360-3f187bf528af-768x374.jpg 768w, https:\/\/www.celttv.com.ar\/wp-content\/uploads\/2019\/09\/a8ef3810-fcbe-416c-8360-3f187bf528af-750x365.jpg 750w\" sizes=\"auto, (max-width: 780px) 100vw, 780px\" \/><\/a> <a href=\"http:\/\/www.celttv.com.ar\/?attachment_id=44256\" rel=\"attachment wp-att-44256\"><img loading=\"lazy\" decoding=\"async\" class=\"alignleft size-medium wp-image-44256\" src=\"http:\/\/www.celttv.com.ar\/wp-content\/uploads\/2019\/09\/af2193ae-ec86-4c69-abbb-d25813ad9772.jpg\" alt=\"\" width=\"780\" height=\"379\" srcset=\"https:\/\/www.celttv.com.ar\/wp-content\/uploads\/2019\/09\/af2193ae-ec86-4c69-abbb-d25813ad9772.jpg 1032w, https:\/\/www.celttv.com.ar\/wp-content\/uploads\/2019\/09\/af2193ae-ec86-4c69-abbb-d25813ad9772-300x146.jpg 300w, https:\/\/www.celttv.com.ar\/wp-content\/uploads\/2019\/09\/af2193ae-ec86-4c69-abbb-d25813ad9772-1024x498.jpg 1024w, https:\/\/www.celttv.com.ar\/wp-content\/uploads\/2019\/09\/af2193ae-ec86-4c69-abbb-d25813ad9772-768x374.jpg 768w, https:\/\/www.celttv.com.ar\/wp-content\/uploads\/2019\/09\/af2193ae-ec86-4c69-abbb-d25813ad9772-750x365.jpg 750w\" sizes=\"auto, (max-width: 780px) 100vw, 780px\" \/><\/a> <a href=\"http:\/\/www.celttv.com.ar\/?attachment_id=44257\" rel=\"attachment wp-att-44257\"><img loading=\"lazy\" decoding=\"async\" class=\"alignleft size-medium wp-image-44257\" src=\"http:\/\/www.celttv.com.ar\/wp-content\/uploads\/2019\/09\/c9ddd82f-dac2-4670-9948-2132da462755.jpg\" alt=\"\" width=\"379\" height=\"780\" srcset=\"https:\/\/www.celttv.com.ar\/wp-content\/uploads\/2019\/09\/c9ddd82f-dac2-4670-9948-2132da462755.jpg 502w, https:\/\/www.celttv.com.ar\/wp-content\/uploads\/2019\/09\/c9ddd82f-dac2-4670-9948-2132da462755-146x300.jpg 146w, https:\/\/www.celttv.com.ar\/wp-content\/uploads\/2019\/09\/c9ddd82f-dac2-4670-9948-2132da462755-498x1024.jpg 498w\" sizes=\"auto, (max-width: 379px) 100vw, 379px\" \/><\/a> <a href=\"http:\/\/www.celttv.com.ar\/?attachment_id=44258\" rel=\"attachment wp-att-44258\"><img loading=\"lazy\" decoding=\"async\" class=\"alignleft size-medium wp-image-44258\" src=\"http:\/\/www.celttv.com.ar\/wp-content\/uploads\/2019\/09\/cd143453-0272-4ea6-965f-166e149e7d8e.jpg\" alt=\"\" width=\"780\" height=\"379\" srcset=\"https:\/\/www.celttv.com.ar\/wp-content\/uploads\/2019\/09\/cd143453-0272-4ea6-965f-166e149e7d8e.jpg 1032w, https:\/\/www.celttv.com.ar\/wp-content\/uploads\/2019\/09\/cd143453-0272-4ea6-965f-166e149e7d8e-300x146.jpg 300w, https:\/\/www.celttv.com.ar\/wp-content\/uploads\/2019\/09\/cd143453-0272-4ea6-965f-166e149e7d8e-1024x498.jpg 1024w, https:\/\/www.celttv.com.ar\/wp-content\/uploads\/2019\/09\/cd143453-0272-4ea6-965f-166e149e7d8e-768x374.jpg 768w, https:\/\/www.celttv.com.ar\/wp-content\/uploads\/2019\/09\/cd143453-0272-4ea6-965f-166e149e7d8e-750x365.jpg 750w\" sizes=\"auto, (max-width: 780px) 100vw, 780px\" \/><\/a> <a href=\"http:\/\/www.celttv.com.ar\/?attachment_id=44259\" rel=\"attachment wp-att-44259\"><img loading=\"lazy\" decoding=\"async\" class=\"alignleft size-medium wp-image-44259\" src=\"http:\/\/www.celttv.com.ar\/wp-content\/uploads\/2019\/09\/cffcbf35-11cb-4128-af59-263ff1dd99f8.jpg\" alt=\"\" width=\"379\" height=\"780\" srcset=\"https:\/\/www.celttv.com.ar\/wp-content\/uploads\/2019\/09\/cffcbf35-11cb-4128-af59-263ff1dd99f8.jpg 502w, https:\/\/www.celttv.com.ar\/wp-content\/uploads\/2019\/09\/cffcbf35-11cb-4128-af59-263ff1dd99f8-146x300.jpg 146w, https:\/\/www.celttv.com.ar\/wp-content\/uploads\/2019\/09\/cffcbf35-11cb-4128-af59-263ff1dd99f8-498x1024.jpg 498w\" sizes=\"auto, (max-width: 379px) 100vw, 379px\" \/><\/a> <a href=\"http:\/\/www.celttv.com.ar\/?attachment_id=44260\" rel=\"attachment wp-att-44260\"><img loading=\"lazy\" decoding=\"async\" class=\"alignleft size-medium wp-image-44260\" src=\"http:\/\/www.celttv.com.ar\/wp-content\/uploads\/2019\/09\/d349c325-56ef-47a5-8cc4-5178ba5fced9.jpg\" alt=\"\" width=\"379\" height=\"780\" srcset=\"https:\/\/www.celttv.com.ar\/wp-content\/uploads\/2019\/09\/d349c325-56ef-47a5-8cc4-5178ba5fced9.jpg 502w, https:\/\/www.celttv.com.ar\/wp-content\/uploads\/2019\/09\/d349c325-56ef-47a5-8cc4-5178ba5fced9-146x300.jpg 146w, https:\/\/www.celttv.com.ar\/wp-content\/uploads\/2019\/09\/d349c325-56ef-47a5-8cc4-5178ba5fced9-498x1024.jpg 498w\" sizes=\"auto, (max-width: 379px) 100vw, 379px\" \/><\/a> <a href=\"http:\/\/www.celttv.com.ar\/?attachment_id=44261\" rel=\"attachment wp-att-44261\"><img loading=\"lazy\" decoding=\"async\" class=\"alignleft size-medium wp-image-44261\" src=\"http:\/\/www.celttv.com.ar\/wp-content\/uploads\/2019\/09\/d6324410-3f2b-4077-86a8-cb8eef3cfd39.jpg\" alt=\"\" width=\"780\" height=\"379\" srcset=\"https:\/\/www.celttv.com.ar\/wp-content\/uploads\/2019\/09\/d6324410-3f2b-4077-86a8-cb8eef3cfd39.jpg 1032w, https:\/\/www.celttv.com.ar\/wp-content\/uploads\/2019\/09\/d6324410-3f2b-4077-86a8-cb8eef3cfd39-300x146.jpg 300w, https:\/\/www.celttv.com.ar\/wp-content\/uploads\/2019\/09\/d6324410-3f2b-4077-86a8-cb8eef3cfd39-1024x498.jpg 1024w, https:\/\/www.celttv.com.ar\/wp-content\/uploads\/2019\/09\/d6324410-3f2b-4077-86a8-cb8eef3cfd39-768x374.jpg 768w, https:\/\/www.celttv.com.ar\/wp-content\/uploads\/2019\/09\/d6324410-3f2b-4077-86a8-cb8eef3cfd39-750x365.jpg 750w\" sizes=\"auto, (max-width: 780px) 100vw, 780px\" \/><\/a><\/p>\n","protected":false},"excerpt":{"rendered":"<p>Ocurri\u00f3 en el atardecer del pasado lunes cuando se advirti\u00f3 la interrupci\u00f3n del servicio de internet en la localidad de Saldungaray como consecuencia de un hecho vand\u00e1lico producido en el tendido de la fibra \u00f3ptica entre El Pinar y el cruce de la Ruta 72 y 76. Una \u201cbotella\u201d de empalme de la fibra \u00f3ptica [&hellip;]<\/p>\n","protected":false},"author":1,"featured_media":44249,"comment_status":"closed","ping_status":"open","sticky":false,"template":"","format":"standard","meta":{"footnotes":""},"categories":[51,52],"tags":[],"class_list":["post-44245","post","type-post","status-publish","format-standard","has-post-thumbnail","hentry","category-comunidad","category-destacadas"],"yoast_head":"<!-- This site is optimized with the Yoast SEO plugin v19.7.1 - https:\/\/yoast.com\/wordpress\/plugins\/seo\/ -->\n<title>Un hecho vandalico dej\u00f3 sin internet a la localidad de Saldungaray (fotos y viedoentrevista) - CELTTV<\/title>\n<meta name=\"description\" content=\"Sitio web de noticias de la localidad de Tornquist, provincia de Buenos Aires, Rep\u00fablica Argentina. Contenido propio originado por periodistas de CELTTV, el canal de TV local de la Cooperativa El\u00e9ctrica de Tornquist. Turismo, Pol\u00edtica, Sociedad, Deporte, Cultura y todo el contenido de inter\u00e9s general que la gente del pueblo y la regi\u00f3n debe conocer.\" \/>\n<meta name=\"robots\" content=\"index, follow, max-snippet:-1, max-image-preview:large, max-video-preview:-1\" \/>\n<link rel=\"canonical\" href=\"https:\/\/www.celttv.com.ar\/index.php\/2019\/09\/25\/un-hecho-vandalico-dejo-sin-internet-a-la-localidad-de-saldungarayun-hecho-vandalico-dejo-sin-internet-a-la-localidad-de-saldungaray-fotos-y-viedoentrevista\/\" \/>\n<meta property=\"og:locale\" content=\"es_ES\" \/>\n<meta property=\"og:type\" content=\"article\" \/>\n<meta property=\"og:title\" content=\"Un hecho vandalico dej\u00f3 sin internet a la localidad de Saldungaray (fotos y viedoentrevista) - CELTTV\" \/>\n<meta property=\"og:description\" content=\"Sitio web de noticias de la localidad de Tornquist, provincia de Buenos Aires, Rep\u00fablica Argentina. Contenido propio originado por periodistas de CELTTV, el canal de TV local de la Cooperativa El\u00e9ctrica de Tornquist. Turismo, Pol\u00edtica, Sociedad, Deporte, Cultura y todo el contenido de inter\u00e9s general que la gente del pueblo y la regi\u00f3n debe conocer.\" \/>\n<meta property=\"og:url\" content=\"https:\/\/www.celttv.com.ar\/index.php\/2019\/09\/25\/un-hecho-vandalico-dejo-sin-internet-a-la-localidad-de-saldungarayun-hecho-vandalico-dejo-sin-internet-a-la-localidad-de-saldungaray-fotos-y-viedoentrevista\/\" \/>\n<meta property=\"og:site_name\" content=\"CELTTV\" \/>\n<meta property=\"article:publisher\" content=\"https:\/\/www.facebook.com\/celtTV\/\" \/>\n<meta property=\"article:published_time\" content=\"2019-09-25T02:29:33+00:00\" \/>\n<meta property=\"og:image\" content=\"https:\/\/www.celttv.com.ar\/wp-content\/uploads\/2019\/09\/10cd4c1c-5cf6-4a70-91a3-0d335ab729cf.jpg\" \/>\n\t<meta property=\"og:image:width\" content=\"502\" \/>\n\t<meta property=\"og:image:height\" content=\"1032\" \/>\n\t<meta property=\"og:image:type\" content=\"image\/jpeg\" \/>\n<meta name=\"author\" content=\"ulises\" \/>\n<meta name=\"twitter:card\" content=\"summary_large_image\" \/>\n<meta name=\"twitter:label1\" content=\"Escrito por\" \/>\n\t<meta name=\"twitter:data1\" content=\"ulises\" \/>\n\t<meta name=\"twitter:label2\" content=\"Tiempo de lectura\" \/>\n\t<meta name=\"twitter:data2\" content=\"1 minuto\" \/>\n<script type=\"application\/ld+json\" class=\"yoast-schema-graph\">{\"@context\":\"https:\/\/schema.org\",\"@graph\":[{\"@type\":\"NewsArticle\",\"@id\":\"https:\/\/www.celttv.com.ar\/index.php\/2019\/09\/25\/un-hecho-vandalico-dejo-sin-internet-a-la-localidad-de-saldungarayun-hecho-vandalico-dejo-sin-internet-a-la-localidad-de-saldungaray-fotos-y-viedoentrevista\/#article\",\"isPartOf\":{\"@id\":\"https:\/\/www.celttv.com.ar\/index.php\/2019\/09\/25\/un-hecho-vandalico-dejo-sin-internet-a-la-localidad-de-saldungarayun-hecho-vandalico-dejo-sin-internet-a-la-localidad-de-saldungaray-fotos-y-viedoentrevista\/\"},\"author\":{\"name\":\"ulises\",\"@id\":\"https:\/\/www.celttv.com.ar\/#\/schema\/person\/6d99c072dba59953809c81446e9d0ace\"},\"headline\":\"Un hecho vandalico dej\u00f3 sin internet a la localidad de Saldungaray (fotos y viedoentrevista)\",\"datePublished\":\"2019-09-25T02:29:33+00:00\",\"dateModified\":\"2019-09-25T02:29:33+00:00\",\"mainEntityOfPage\":{\"@id\":\"https:\/\/www.celttv.com.ar\/index.php\/2019\/09\/25\/un-hecho-vandalico-dejo-sin-internet-a-la-localidad-de-saldungarayun-hecho-vandalico-dejo-sin-internet-a-la-localidad-de-saldungaray-fotos-y-viedoentrevista\/\"},\"wordCount\":176,\"publisher\":{\"@id\":\"https:\/\/www.celttv.com.ar\/#organization\"},\"articleSection\":[\"Comunidad\",\"Destacadas\"],\"inLanguage\":\"es\"},{\"@type\":\"WebPage\",\"@id\":\"https:\/\/www.celttv.com.ar\/index.php\/2019\/09\/25\/un-hecho-vandalico-dejo-sin-internet-a-la-localidad-de-saldungarayun-hecho-vandalico-dejo-sin-internet-a-la-localidad-de-saldungaray-fotos-y-viedoentrevista\/\",\"url\":\"https:\/\/www.celttv.com.ar\/index.php\/2019\/09\/25\/un-hecho-vandalico-dejo-sin-internet-a-la-localidad-de-saldungarayun-hecho-vandalico-dejo-sin-internet-a-la-localidad-de-saldungaray-fotos-y-viedoentrevista\/\",\"name\":\"Un hecho vandalico dej\u00f3 sin internet a la localidad de Saldungaray (fotos y viedoentrevista) - CELTTV\",\"isPartOf\":{\"@id\":\"https:\/\/www.celttv.com.ar\/#website\"},\"datePublished\":\"2019-09-25T02:29:33+00:00\",\"dateModified\":\"2019-09-25T02:29:33+00:00\",\"description\":\"Sitio web de noticias de la localidad de Tornquist, provincia de Buenos Aires, Rep\u00fablica Argentina. Contenido propio originado por periodistas de CELTTV, el canal de TV local de la Cooperativa El\u00e9ctrica de Tornquist. Turismo, Pol\u00edtica, Sociedad, Deporte, Cultura y todo el contenido de inter\u00e9s general que la gente del pueblo y la regi\u00f3n debe conocer.\",\"breadcrumb\":{\"@id\":\"https:\/\/www.celttv.com.ar\/index.php\/2019\/09\/25\/un-hecho-vandalico-dejo-sin-internet-a-la-localidad-de-saldungarayun-hecho-vandalico-dejo-sin-internet-a-la-localidad-de-saldungaray-fotos-y-viedoentrevista\/#breadcrumb\"},\"inLanguage\":\"es\",\"potentialAction\":[{\"@type\":\"ReadAction\",\"target\":[\"https:\/\/www.celttv.com.ar\/index.php\/2019\/09\/25\/un-hecho-vandalico-dejo-sin-internet-a-la-localidad-de-saldungarayun-hecho-vandalico-dejo-sin-internet-a-la-localidad-de-saldungaray-fotos-y-viedoentrevista\/\"]}]},{\"@type\":\"BreadcrumbList\",\"@id\":\"https:\/\/www.celttv.com.ar\/index.php\/2019\/09\/25\/un-hecho-vandalico-dejo-sin-internet-a-la-localidad-de-saldungarayun-hecho-vandalico-dejo-sin-internet-a-la-localidad-de-saldungaray-fotos-y-viedoentrevista\/#breadcrumb\",\"itemListElement\":[{\"@type\":\"ListItem\",\"position\":1,\"name\":\"Inicio\",\"item\":\"https:\/\/www.celttv.com.ar\/\"},{\"@type\":\"ListItem\",\"position\":2,\"name\":\"Un hecho vandalico dej\u00f3 sin internet a la localidad de Saldungaray (fotos y viedoentrevista)\"}]},{\"@type\":\"WebSite\",\"@id\":\"https:\/\/www.celttv.com.ar\/#website\",\"url\":\"https:\/\/www.celttv.com.ar\/\",\"name\":\"CELTTV\",\"description\":\"Cooperativa El\u00e9ctrica de Tornquist\",\"publisher\":{\"@id\":\"https:\/\/www.celttv.com.ar\/#organization\"},\"potentialAction\":[{\"@type\":\"SearchAction\",\"target\":{\"@type\":\"EntryPoint\",\"urlTemplate\":\"https:\/\/www.celttv.com.ar\/?s={search_term_string}\"},\"query-input\":\"required name=search_term_string\"}],\"inLanguage\":\"es\"},{\"@type\":\"Organization\",\"@id\":\"https:\/\/www.celttv.com.ar\/#organization\",\"name\":\"CELTTV\",\"url\":\"https:\/\/www.celttv.com.ar\/\",\"sameAs\":[\"https:\/\/www.youtube.com\/channel\/UCz_oIt8Hig64Ub-EmcNPIhg\",\"https:\/\/www.facebook.com\/celtTV\/\"],\"logo\":{\"@type\":\"ImageObject\",\"inLanguage\":\"es\",\"@id\":\"https:\/\/www.celttv.com.ar\/#\/schema\/logo\/image\/\",\"url\":\"http:\/\/www.celttv.com.ar\/wp-content\/uploads\/2022\/08\/logo-1.png\",\"contentUrl\":\"http:\/\/www.celttv.com.ar\/wp-content\/uploads\/2022\/08\/logo-1.png\",\"width\":461,\"height\":159,\"caption\":\"CELTTV\"},\"image\":{\"@id\":\"https:\/\/www.celttv.com.ar\/#\/schema\/logo\/image\/\"}},{\"@type\":\"Person\",\"@id\":\"https:\/\/www.celttv.com.ar\/#\/schema\/person\/6d99c072dba59953809c81446e9d0ace\",\"name\":\"ulises\",\"image\":{\"@type\":\"ImageObject\",\"inLanguage\":\"es\",\"@id\":\"https:\/\/www.celttv.com.ar\/#\/schema\/person\/image\/\",\"url\":\"https:\/\/secure.gravatar.com\/avatar\/7f2c48bdc33b30088f941fb6082e555f2874c98e20cb159d7b92b50eadfce793?s=96&d=mm&r=g\",\"contentUrl\":\"https:\/\/secure.gravatar.com\/avatar\/7f2c48bdc33b30088f941fb6082e555f2874c98e20cb159d7b92b50eadfce793?s=96&d=mm&r=g\",\"caption\":\"ulises\"},\"sameAs\":[\"http:\/\/www.celttv.com.ar\"]}]}<\/script>\n<!-- \/ Yoast SEO plugin. -->","yoast_head_json":{"title":"Un hecho vandalico dej\u00f3 sin internet a la localidad de Saldungaray (fotos y viedoentrevista) - CELTTV","description":"Sitio web de noticias de la localidad de Tornquist, provincia de Buenos Aires, Rep\u00fablica Argentina. Contenido propio originado por periodistas de CELTTV, el canal de TV local de la Cooperativa El\u00e9ctrica de Tornquist. Turismo, Pol\u00edtica, Sociedad, Deporte, Cultura y todo el contenido de inter\u00e9s general que la gente del pueblo y la regi\u00f3n debe conocer.","robots":{"index":"index","follow":"follow","max-snippet":"max-snippet:-1","max-image-preview":"max-image-preview:large","max-video-preview":"max-video-preview:-1"},"canonical":"https:\/\/www.celttv.com.ar\/index.php\/2019\/09\/25\/un-hecho-vandalico-dejo-sin-internet-a-la-localidad-de-saldungarayun-hecho-vandalico-dejo-sin-internet-a-la-localidad-de-saldungaray-fotos-y-viedoentrevista\/","og_locale":"es_ES","og_type":"article","og_title":"Un hecho vandalico dej\u00f3 sin internet a la localidad de Saldungaray (fotos y viedoentrevista) - CELTTV","og_description":"Sitio web de noticias de la localidad de Tornquist, provincia de Buenos Aires, Rep\u00fablica Argentina. Contenido propio originado por periodistas de CELTTV, el canal de TV local de la Cooperativa El\u00e9ctrica de Tornquist. Turismo, Pol\u00edtica, Sociedad, Deporte, Cultura y todo el contenido de inter\u00e9s general que la gente del pueblo y la regi\u00f3n debe conocer.","og_url":"https:\/\/www.celttv.com.ar\/index.php\/2019\/09\/25\/un-hecho-vandalico-dejo-sin-internet-a-la-localidad-de-saldungarayun-hecho-vandalico-dejo-sin-internet-a-la-localidad-de-saldungaray-fotos-y-viedoentrevista\/","og_site_name":"CELTTV","article_publisher":"https:\/\/www.facebook.com\/celtTV\/","article_published_time":"2019-09-25T02:29:33+00:00","og_image":[{"width":502,"height":1032,"url":"https:\/\/www.celttv.com.ar\/wp-content\/uploads\/2019\/09\/10cd4c1c-5cf6-4a70-91a3-0d335ab729cf.jpg","type":"image\/jpeg"}],"author":"ulises","twitter_card":"summary_large_image","twitter_misc":{"Escrito por":"ulises","Tiempo de lectura":"1 minuto"},"schema":{"@context":"https:\/\/schema.org","@graph":[{"@type":"NewsArticle","@id":"https:\/\/www.celttv.com.ar\/index.php\/2019\/09\/25\/un-hecho-vandalico-dejo-sin-internet-a-la-localidad-de-saldungarayun-hecho-vandalico-dejo-sin-internet-a-la-localidad-de-saldungaray-fotos-y-viedoentrevista\/#article","isPartOf":{"@id":"https:\/\/www.celttv.com.ar\/index.php\/2019\/09\/25\/un-hecho-vandalico-dejo-sin-internet-a-la-localidad-de-saldungarayun-hecho-vandalico-dejo-sin-internet-a-la-localidad-de-saldungaray-fotos-y-viedoentrevista\/"},"author":{"name":"ulises","@id":"https:\/\/www.celttv.com.ar\/#\/schema\/person\/6d99c072dba59953809c81446e9d0ace"},"headline":"Un hecho vandalico dej\u00f3 sin internet a la localidad de Saldungaray (fotos y viedoentrevista)","datePublished":"2019-09-25T02:29:33+00:00","dateModified":"2019-09-25T02:29:33+00:00","mainEntityOfPage":{"@id":"https:\/\/www.celttv.com.ar\/index.php\/2019\/09\/25\/un-hecho-vandalico-dejo-sin-internet-a-la-localidad-de-saldungarayun-hecho-vandalico-dejo-sin-internet-a-la-localidad-de-saldungaray-fotos-y-viedoentrevista\/"},"wordCount":176,"publisher":{"@id":"https:\/\/www.celttv.com.ar\/#organization"},"articleSection":["Comunidad","Destacadas"],"inLanguage":"es"},{"@type":"WebPage","@id":"https:\/\/www.celttv.com.ar\/index.php\/2019\/09\/25\/un-hecho-vandalico-dejo-sin-internet-a-la-localidad-de-saldungarayun-hecho-vandalico-dejo-sin-internet-a-la-localidad-de-saldungaray-fotos-y-viedoentrevista\/","url":"https:\/\/www.celttv.com.ar\/index.php\/2019\/09\/25\/un-hecho-vandalico-dejo-sin-internet-a-la-localidad-de-saldungarayun-hecho-vandalico-dejo-sin-internet-a-la-localidad-de-saldungaray-fotos-y-viedoentrevista\/","name":"Un hecho vandalico dej\u00f3 sin internet a la localidad de Saldungaray (fotos y viedoentrevista) - CELTTV","isPartOf":{"@id":"https:\/\/www.celttv.com.ar\/#website"},"datePublished":"2019-09-25T02:29:33+00:00","dateModified":"2019-09-25T02:29:33+00:00","description":"Sitio web de noticias de la localidad de Tornquist, provincia de Buenos Aires, Rep\u00fablica Argentina. Contenido propio originado por periodistas de CELTTV, el canal de TV local de la Cooperativa El\u00e9ctrica de Tornquist. Turismo, Pol\u00edtica, Sociedad, Deporte, Cultura y todo el contenido de inter\u00e9s general que la gente del pueblo y la regi\u00f3n debe conocer.","breadcrumb":{"@id":"https:\/\/www.celttv.com.ar\/index.php\/2019\/09\/25\/un-hecho-vandalico-dejo-sin-internet-a-la-localidad-de-saldungarayun-hecho-vandalico-dejo-sin-internet-a-la-localidad-de-saldungaray-fotos-y-viedoentrevista\/#breadcrumb"},"inLanguage":"es","potentialAction":[{"@type":"ReadAction","target":["https:\/\/www.celttv.com.ar\/index.php\/2019\/09\/25\/un-hecho-vandalico-dejo-sin-internet-a-la-localidad-de-saldungarayun-hecho-vandalico-dejo-sin-internet-a-la-localidad-de-saldungaray-fotos-y-viedoentrevista\/"]}]},{"@type":"BreadcrumbList","@id":"https:\/\/www.celttv.com.ar\/index.php\/2019\/09\/25\/un-hecho-vandalico-dejo-sin-internet-a-la-localidad-de-saldungarayun-hecho-vandalico-dejo-sin-internet-a-la-localidad-de-saldungaray-fotos-y-viedoentrevista\/#breadcrumb","itemListElement":[{"@type":"ListItem","position":1,"name":"Inicio","item":"https:\/\/www.celttv.com.ar\/"},{"@type":"ListItem","position":2,"name":"Un hecho vandalico dej\u00f3 sin internet a la localidad de Saldungaray (fotos y viedoentrevista)"}]},{"@type":"WebSite","@id":"https:\/\/www.celttv.com.ar\/#website","url":"https:\/\/www.celttv.com.ar\/","name":"CELTTV","description":"Cooperativa El\u00e9ctrica de Tornquist","publisher":{"@id":"https:\/\/www.celttv.com.ar\/#organization"},"potentialAction":[{"@type":"SearchAction","target":{"@type":"EntryPoint","urlTemplate":"https:\/\/www.celttv.com.ar\/?s={search_term_string}"},"query-input":"required name=search_term_string"}],"inLanguage":"es"},{"@type":"Organization","@id":"https:\/\/www.celttv.com.ar\/#organization","name":"CELTTV","url":"https:\/\/www.celttv.com.ar\/","sameAs":["https:\/\/www.youtube.com\/channel\/UCz_oIt8Hig64Ub-EmcNPIhg","https:\/\/www.facebook.com\/celtTV\/"],"logo":{"@type":"ImageObject","inLanguage":"es","@id":"https:\/\/www.celttv.com.ar\/#\/schema\/logo\/image\/","url":"http:\/\/www.celttv.com.ar\/wp-content\/uploads\/2022\/08\/logo-1.png","contentUrl":"http:\/\/www.celttv.com.ar\/wp-content\/uploads\/2022\/08\/logo-1.png","width":461,"height":159,"caption":"CELTTV"},"image":{"@id":"https:\/\/www.celttv.com.ar\/#\/schema\/logo\/image\/"}},{"@type":"Person","@id":"https:\/\/www.celttv.com.ar\/#\/schema\/person\/6d99c072dba59953809c81446e9d0ace","name":"ulises","image":{"@type":"ImageObject","inLanguage":"es","@id":"https:\/\/www.celttv.com.ar\/#\/schema\/person\/image\/","url":"https:\/\/secure.gravatar.com\/avatar\/7f2c48bdc33b30088f941fb6082e555f2874c98e20cb159d7b92b50eadfce793?s=96&d=mm&r=g","contentUrl":"https:\/\/secure.gravatar.com\/avatar\/7f2c48bdc33b30088f941fb6082e555f2874c98e20cb159d7b92b50eadfce793?s=96&d=mm&r=g","caption":"ulises"},"sameAs":["http:\/\/www.celttv.com.ar"]}]}},"_links":{"self":[{"href":"https:\/\/www.celttv.com.ar\/index.php\/wp-json\/wp\/v2\/posts\/44245","targetHints":{"allow":["GET"]}}],"collection":[{"href":"https:\/\/www.celttv.com.ar\/index.php\/wp-json\/wp\/v2\/posts"}],"about":[{"href":"https:\/\/www.celttv.com.ar\/index.php\/wp-json\/wp\/v2\/types\/post"}],"author":[{"embeddable":true,"href":"https:\/\/www.celttv.com.ar\/index.php\/wp-json\/wp\/v2\/users\/1"}],"replies":[{"embeddable":true,"href":"https:\/\/www.celttv.com.ar\/index.php\/wp-json\/wp\/v2\/comments?post=44245"}],"version-history":[{"count":0,"href":"https:\/\/www.celttv.com.ar\/index.php\/wp-json\/wp\/v2\/posts\/44245\/revisions"}],"wp:featuredmedia":[{"embeddable":true,"href":"https:\/\/www.celttv.com.ar\/index.php\/wp-json\/wp\/v2\/media\/44249"}],"wp:attachment":[{"href":"https:\/\/www.celttv.com.ar\/index.php\/wp-json\/wp\/v2\/media?parent=44245"}],"wp:term":[{"taxonomy":"category","embeddable":true,"href":"https:\/\/www.celttv.com.ar\/index.php\/wp-json\/wp\/v2\/categories?post=44245"},{"taxonomy":"post_tag","embeddable":true,"href":"https:\/\/www.celttv.com.ar\/index.php\/wp-json\/wp\/v2\/tags?post=44245"}],"curies":[{"name":"wp","href":"https:\/\/api.w.org\/{rel}","templated":true}]}}