{"id":44303,"date":"2019-09-27T13:03:14","date_gmt":"2019-09-27T13:03:14","guid":{"rendered":"http:\/\/www.celttv.com.ar\/?p=44303"},"modified":"2019-09-27T13:03:14","modified_gmt":"2019-09-27T13:03:14","slug":"hoy-culmina-la-32o-edicion-de-la-expo-contable-interactiva-de-la-ees-no-1-9-videos-y-fotos","status":"publish","type":"post","link":"https:\/\/www.celttv.com.ar\/index.php\/2019\/09\/27\/hoy-culmina-la-32o-edicion-de-la-expo-contable-interactiva-de-la-ees-no-1-9-videos-y-fotos\/","title":{"rendered":"Hoy culmina la 32\u00ba edici\u00f3n de la Expo Contable Interactiva de la EES N\u00ba 1 (9 Videos y Fotos)"},"content":{"rendered":"<p>La Escuela de Educaci\u00f3n Secundaria N\u00ba 1 de Tornquist, se encuentra realizando la 32\u00ba edici\u00f3n de la Expo Contable Interactiva, en las instalaciones de dicho establecimiento educativo.<br \/>\nEl jueves por la ma\u00f1ana se realiz\u00f3 el acto protocolar, donde qued\u00f3 oficialmente inaugurada una nueva edici\u00f3n de la expo, la cual cont\u00f3 con la presencia del contador Hugo Albano y Cora Morales, quienes fueron los creadores de dicha din\u00e1mica en la EES N\u00ba 1.<\/p>\n<div class=\"jeg_video_container jeg_video_content\"><iframe loading=\"lazy\" title=\"2019 09 26 32 EXPO CONTABLE 1 ROSANA SERIER\" width=\"500\" height=\"281\" src=\"https:\/\/www.youtube.com\/embed\/RJcL70UJCZE?feature=oembed\" frameborder=\"0\" allow=\"accelerometer; autoplay; clipboard-write; encrypted-media; gyroscope; picture-in-picture; web-share\" referrerpolicy=\"strict-origin-when-cross-origin\" allowfullscreen><\/iframe><\/div>\n<div class=\"jeg_video_container jeg_video_content\"><iframe loading=\"lazy\" title=\"2019 09 26 32 EXPO CONTABLE 2 STELLA DIESTEL\" width=\"500\" height=\"281\" src=\"https:\/\/www.youtube.com\/embed\/Ber9Tuasz2U?feature=oembed\" frameborder=\"0\" allow=\"accelerometer; autoplay; clipboard-write; encrypted-media; gyroscope; picture-in-picture; web-share\" referrerpolicy=\"strict-origin-when-cross-origin\" allowfullscreen><\/iframe><\/div>\n<div class=\"jeg_video_container jeg_video_content\"><iframe loading=\"lazy\" title=\"2019 09 26 32 EXPO CONTABLE 3 MARIANA BOLAND\" width=\"500\" height=\"281\" src=\"https:\/\/www.youtube.com\/embed\/dEWTp9v87ag?feature=oembed\" frameborder=\"0\" allow=\"accelerometer; autoplay; clipboard-write; encrypted-media; gyroscope; picture-in-picture; web-share\" referrerpolicy=\"strict-origin-when-cross-origin\" allowfullscreen><\/iframe><\/div>\n<div class=\"jeg_video_container jeg_video_content\"><iframe loading=\"lazy\" title=\"2019 09 26 32 EXPO CONTABLE 4 BAILE DE TANGO\" width=\"500\" height=\"281\" src=\"https:\/\/www.youtube.com\/embed\/ziIIm0VXdts?feature=oembed\" frameborder=\"0\" allow=\"accelerometer; autoplay; clipboard-write; encrypted-media; gyroscope; picture-in-picture; web-share\" referrerpolicy=\"strict-origin-when-cross-origin\" allowfullscreen><\/iframe><\/div>\n<div class=\"jeg_video_container jeg_video_content\"><iframe loading=\"lazy\" title=\"2019 09 26 32 EXPO CONTABLE 5 TEMA COSTUMBRES ARGENTINAS\" width=\"500\" height=\"281\" src=\"https:\/\/www.youtube.com\/embed\/Vn97ODRI24I?feature=oembed\" frameborder=\"0\" allow=\"accelerometer; autoplay; clipboard-write; encrypted-media; gyroscope; picture-in-picture; web-share\" referrerpolicy=\"strict-origin-when-cross-origin\" allowfullscreen><\/iframe><\/div>\n<div class=\"jeg_video_container jeg_video_content\"><iframe loading=\"lazy\" title=\"2019 09 26 32 EXPO CONTABLE 6 CHACARERA\" width=\"500\" height=\"281\" src=\"https:\/\/www.youtube.com\/embed\/3G4nXNysk7s?feature=oembed\" frameborder=\"0\" allow=\"accelerometer; autoplay; clipboard-write; encrypted-media; gyroscope; picture-in-picture; web-share\" referrerpolicy=\"strict-origin-when-cross-origin\" allowfullscreen><\/iframe><\/div>\n<div class=\"jeg_video_container jeg_video_content\"><iframe loading=\"lazy\" title=\"2019 09 26 32 EXPO CONTABLE 7 CUARTETO\" width=\"500\" height=\"281\" src=\"https:\/\/www.youtube.com\/embed\/0yt1hdyPfK8?feature=oembed\" frameborder=\"0\" allow=\"accelerometer; autoplay; clipboard-write; encrypted-media; gyroscope; picture-in-picture; web-share\" referrerpolicy=\"strict-origin-when-cross-origin\" allowfullscreen><\/iframe><\/div>\n<div class=\"jeg_video_container jeg_video_content\"><iframe loading=\"lazy\" title=\"2019 09 26 32 EXPO CONTABLE 8 NOTA A HUGO ALBANO Y CORA MORALES\" width=\"500\" height=\"281\" src=\"https:\/\/www.youtube.com\/embed\/agje8AZKMSQ?feature=oembed\" frameborder=\"0\" allow=\"accelerometer; autoplay; clipboard-write; encrypted-media; gyroscope; picture-in-picture; web-share\" referrerpolicy=\"strict-origin-when-cross-origin\" allowfullscreen><\/iframe><\/div>\n<div class=\"jeg_video_container jeg_video_content\"><iframe loading=\"lazy\" title=\"2019 09 26 32 EXPO CONTABLE 9 CORTE DE CINTA E IMAGENES DE LOS STANDS\" width=\"500\" height=\"281\" src=\"https:\/\/www.youtube.com\/embed\/WtAAqaOGbEE?feature=oembed\" frameborder=\"0\" allow=\"accelerometer; autoplay; clipboard-write; encrypted-media; gyroscope; picture-in-picture; web-share\" referrerpolicy=\"strict-origin-when-cross-origin\" allowfullscreen><\/iframe><\/div>\n<p><a href=\"http:\/\/www.celttv.com.ar\/?attachment_id=44304\" rel=\"attachment wp-att-44304\"><img loading=\"lazy\" decoding=\"async\" src=\"http:\/\/www.celttv.com.ar\/wp-content\/uploads\/2019\/09\/20190926_091239.jpg\" alt=\"\" width=\"2048\" height=\"1536\" class=\"alignleft size-full wp-image-44304\" srcset=\"https:\/\/www.celttv.com.ar\/wp-content\/uploads\/2019\/09\/20190926_091239.jpg 2048w, https:\/\/www.celttv.com.ar\/wp-content\/uploads\/2019\/09\/20190926_091239-300x225.jpg 300w, https:\/\/www.celttv.com.ar\/wp-content\/uploads\/2019\/09\/20190926_091239-1024x768.jpg 1024w, https:\/\/www.celttv.com.ar\/wp-content\/uploads\/2019\/09\/20190926_091239-768x576.jpg 768w, https:\/\/www.celttv.com.ar\/wp-content\/uploads\/2019\/09\/20190926_091239-1536x1152.jpg 1536w, https:\/\/www.celttv.com.ar\/wp-content\/uploads\/2019\/09\/20190926_091239-750x563.jpg 750w, https:\/\/www.celttv.com.ar\/wp-content\/uploads\/2019\/09\/20190926_091239-1140x855.jpg 1140w\" sizes=\"auto, (max-width: 2048px) 100vw, 2048px\" \/><\/a><\/p>\n<p><a href=\"http:\/\/www.celttv.com.ar\/?attachment_id=44305\" rel=\"attachment wp-att-44305\"><img loading=\"lazy\" decoding=\"async\" src=\"http:\/\/www.celttv.com.ar\/wp-content\/uploads\/2019\/09\/20190926_091415.jpg\" alt=\"\" width=\"780\" height=\"585\" class=\"alignleft size-medium wp-image-44305\" srcset=\"https:\/\/www.celttv.com.ar\/wp-content\/uploads\/2019\/09\/20190926_091415.jpg 2048w, https:\/\/www.celttv.com.ar\/wp-content\/uploads\/2019\/09\/20190926_091415-300x225.jpg 300w, https:\/\/www.celttv.com.ar\/wp-content\/uploads\/2019\/09\/20190926_091415-1024x768.jpg 1024w, https:\/\/www.celttv.com.ar\/wp-content\/uploads\/2019\/09\/20190926_091415-768x576.jpg 768w, https:\/\/www.celttv.com.ar\/wp-content\/uploads\/2019\/09\/20190926_091415-1536x1152.jpg 1536w, https:\/\/www.celttv.com.ar\/wp-content\/uploads\/2019\/09\/20190926_091415-750x563.jpg 750w, https:\/\/www.celttv.com.ar\/wp-content\/uploads\/2019\/09\/20190926_091415-1140x855.jpg 1140w\" sizes=\"auto, (max-width: 780px) 100vw, 780px\" \/><\/a><\/p>\n<p><a href=\"http:\/\/www.celttv.com.ar\/?attachment_id=44306\" rel=\"attachment wp-att-44306\"><img loading=\"lazy\" decoding=\"async\" src=\"http:\/\/www.celttv.com.ar\/wp-content\/uploads\/2019\/09\/20190926_091449.jpg\" alt=\"\" width=\"780\" height=\"585\" class=\"alignleft size-medium wp-image-44306\" srcset=\"https:\/\/www.celttv.com.ar\/wp-content\/uploads\/2019\/09\/20190926_091449.jpg 2048w, https:\/\/www.celttv.com.ar\/wp-content\/uploads\/2019\/09\/20190926_091449-300x225.jpg 300w, https:\/\/www.celttv.com.ar\/wp-content\/uploads\/2019\/09\/20190926_091449-1024x768.jpg 1024w, https:\/\/www.celttv.com.ar\/wp-content\/uploads\/2019\/09\/20190926_091449-768x576.jpg 768w, https:\/\/www.celttv.com.ar\/wp-content\/uploads\/2019\/09\/20190926_091449-1536x1152.jpg 1536w, https:\/\/www.celttv.com.ar\/wp-content\/uploads\/2019\/09\/20190926_091449-750x563.jpg 750w, https:\/\/www.celttv.com.ar\/wp-content\/uploads\/2019\/09\/20190926_091449-1140x855.jpg 1140w\" sizes=\"auto, (max-width: 780px) 100vw, 780px\" \/><\/a><\/p>\n<p><a href=\"http:\/\/www.celttv.com.ar\/?attachment_id=44307\" rel=\"attachment wp-att-44307\"><img loading=\"lazy\" decoding=\"async\" src=\"http:\/\/www.celttv.com.ar\/wp-content\/uploads\/2019\/09\/20190926_091452.jpg\" alt=\"\" width=\"780\" height=\"585\" class=\"alignleft size-medium wp-image-44307\" srcset=\"https:\/\/www.celttv.com.ar\/wp-content\/uploads\/2019\/09\/20190926_091452.jpg 2048w, https:\/\/www.celttv.com.ar\/wp-content\/uploads\/2019\/09\/20190926_091452-300x225.jpg 300w, https:\/\/www.celttv.com.ar\/wp-content\/uploads\/2019\/09\/20190926_091452-1024x768.jpg 1024w, https:\/\/www.celttv.com.ar\/wp-content\/uploads\/2019\/09\/20190926_091452-768x576.jpg 768w, https:\/\/www.celttv.com.ar\/wp-content\/uploads\/2019\/09\/20190926_091452-1536x1152.jpg 1536w, https:\/\/www.celttv.com.ar\/wp-content\/uploads\/2019\/09\/20190926_091452-750x563.jpg 750w, https:\/\/www.celttv.com.ar\/wp-content\/uploads\/2019\/09\/20190926_091452-1140x855.jpg 1140w\" sizes=\"auto, (max-width: 780px) 100vw, 780px\" \/><\/a><\/p>\n<p><a href=\"http:\/\/www.celttv.com.ar\/?attachment_id=44308\" rel=\"attachment wp-att-44308\"><img loading=\"lazy\" decoding=\"async\" src=\"http:\/\/www.celttv.com.ar\/wp-content\/uploads\/2019\/09\/20190926_091912.jpg\" alt=\"\" width=\"780\" height=\"585\" class=\"alignleft size-medium wp-image-44308\" srcset=\"https:\/\/www.celttv.com.ar\/wp-content\/uploads\/2019\/09\/20190926_091912.jpg 2048w, https:\/\/www.celttv.com.ar\/wp-content\/uploads\/2019\/09\/20190926_091912-300x225.jpg 300w, https:\/\/www.celttv.com.ar\/wp-content\/uploads\/2019\/09\/20190926_091912-1024x768.jpg 1024w, https:\/\/www.celttv.com.ar\/wp-content\/uploads\/2019\/09\/20190926_091912-768x576.jpg 768w, https:\/\/www.celttv.com.ar\/wp-content\/uploads\/2019\/09\/20190926_091912-1536x1152.jpg 1536w, https:\/\/www.celttv.com.ar\/wp-content\/uploads\/2019\/09\/20190926_091912-750x563.jpg 750w, https:\/\/www.celttv.com.ar\/wp-content\/uploads\/2019\/09\/20190926_091912-1140x855.jpg 1140w\" sizes=\"auto, (max-width: 780px) 100vw, 780px\" \/><\/a><\/p>\n<p><a href=\"http:\/\/www.celttv.com.ar\/?attachment_id=44309\" rel=\"attachment wp-att-44309\"><img loading=\"lazy\" decoding=\"async\" src=\"http:\/\/www.celttv.com.ar\/wp-content\/uploads\/2019\/09\/20190926_092405.jpg\" alt=\"\" width=\"780\" height=\"585\" class=\"alignleft size-medium wp-image-44309\" srcset=\"https:\/\/www.celttv.com.ar\/wp-content\/uploads\/2019\/09\/20190926_092405.jpg 2048w, https:\/\/www.celttv.com.ar\/wp-content\/uploads\/2019\/09\/20190926_092405-300x225.jpg 300w, https:\/\/www.celttv.com.ar\/wp-content\/uploads\/2019\/09\/20190926_092405-1024x768.jpg 1024w, https:\/\/www.celttv.com.ar\/wp-content\/uploads\/2019\/09\/20190926_092405-768x576.jpg 768w, https:\/\/www.celttv.com.ar\/wp-content\/uploads\/2019\/09\/20190926_092405-1536x1152.jpg 1536w, https:\/\/www.celttv.com.ar\/wp-content\/uploads\/2019\/09\/20190926_092405-750x563.jpg 750w, https:\/\/www.celttv.com.ar\/wp-content\/uploads\/2019\/09\/20190926_092405-1140x855.jpg 1140w\" sizes=\"auto, (max-width: 780px) 100vw, 780px\" \/><\/a><\/p>\n<p><a href=\"http:\/\/www.celttv.com.ar\/?attachment_id=44310\" rel=\"attachment wp-att-44310\"><img loading=\"lazy\" decoding=\"async\" src=\"http:\/\/www.celttv.com.ar\/wp-content\/uploads\/2019\/09\/20190926_092901.jpg\" alt=\"\" width=\"780\" height=\"585\" class=\"alignleft size-medium wp-image-44310\" srcset=\"https:\/\/www.celttv.com.ar\/wp-content\/uploads\/2019\/09\/20190926_092901.jpg 2048w, https:\/\/www.celttv.com.ar\/wp-content\/uploads\/2019\/09\/20190926_092901-300x225.jpg 300w, https:\/\/www.celttv.com.ar\/wp-content\/uploads\/2019\/09\/20190926_092901-1024x768.jpg 1024w, https:\/\/www.celttv.com.ar\/wp-content\/uploads\/2019\/09\/20190926_092901-768x576.jpg 768w, https:\/\/www.celttv.com.ar\/wp-content\/uploads\/2019\/09\/20190926_092901-1536x1152.jpg 1536w, https:\/\/www.celttv.com.ar\/wp-content\/uploads\/2019\/09\/20190926_092901-750x563.jpg 750w, https:\/\/www.celttv.com.ar\/wp-content\/uploads\/2019\/09\/20190926_092901-1140x855.jpg 1140w\" sizes=\"auto, (max-width: 780px) 100vw, 780px\" \/><\/a><\/p>\n<p><a href=\"http:\/\/www.celttv.com.ar\/?attachment_id=44311\" rel=\"attachment wp-att-44311\"><img loading=\"lazy\" decoding=\"async\" src=\"http:\/\/www.celttv.com.ar\/wp-content\/uploads\/2019\/09\/20190926_093130.jpg\" alt=\"\" width=\"780\" height=\"585\" class=\"alignleft size-medium wp-image-44311\" srcset=\"https:\/\/www.celttv.com.ar\/wp-content\/uploads\/2019\/09\/20190926_093130.jpg 2048w, https:\/\/www.celttv.com.ar\/wp-content\/uploads\/2019\/09\/20190926_093130-300x225.jpg 300w, https:\/\/www.celttv.com.ar\/wp-content\/uploads\/2019\/09\/20190926_093130-1024x768.jpg 1024w, https:\/\/www.celttv.com.ar\/wp-content\/uploads\/2019\/09\/20190926_093130-768x576.jpg 768w, https:\/\/www.celttv.com.ar\/wp-content\/uploads\/2019\/09\/20190926_093130-1536x1152.jpg 1536w, https:\/\/www.celttv.com.ar\/wp-content\/uploads\/2019\/09\/20190926_093130-750x563.jpg 750w, https:\/\/www.celttv.com.ar\/wp-content\/uploads\/2019\/09\/20190926_093130-1140x855.jpg 1140w\" sizes=\"auto, (max-width: 780px) 100vw, 780px\" \/><\/a><\/p>\n<p><a href=\"http:\/\/www.celttv.com.ar\/?attachment_id=44312\" rel=\"attachment wp-att-44312\"><img loading=\"lazy\" decoding=\"async\" src=\"http:\/\/www.celttv.com.ar\/wp-content\/uploads\/2019\/09\/20190926_093246.jpg\" alt=\"\" width=\"780\" height=\"585\" class=\"alignleft size-medium wp-image-44312\" \/><\/a><\/p>\n<p><a href=\"http:\/\/www.celttv.com.ar\/?attachment_id=44313\" rel=\"attachment wp-att-44313\"><img loading=\"lazy\" decoding=\"async\" src=\"http:\/\/www.celttv.com.ar\/wp-content\/uploads\/2019\/09\/20190926_093557.jpg\" alt=\"\" width=\"780\" height=\"585\" class=\"alignleft size-medium wp-image-44313\" \/><\/a><\/p>\n<p><a href=\"http:\/\/www.celttv.com.ar\/?attachment_id=44314\" rel=\"attachment wp-att-44314\"><img loading=\"lazy\" decoding=\"async\" src=\"http:\/\/www.celttv.com.ar\/wp-content\/uploads\/2019\/09\/20190926_094736.jpg\" alt=\"\" width=\"780\" height=\"585\" class=\"alignleft size-medium wp-image-44314\" \/><\/a><\/p>\n","protected":false},"excerpt":{"rendered":"<p>La Escuela de Educaci\u00f3n Secundaria N\u00ba 1 de Tornquist, se encuentra realizando la 32\u00ba edici\u00f3n de la Expo Contable Interactiva, en las instalaciones de dicho establecimiento educativo. El jueves por la ma\u00f1ana se realiz\u00f3 el acto protocolar, donde qued\u00f3 oficialmente inaugurada una nueva edici\u00f3n de la expo, la cual cont\u00f3 con la presencia del contador [&hellip;]<\/p>\n","protected":false},"author":1,"featured_media":0,"comment_status":"closed","ping_status":"open","sticky":false,"template":"","format":"standard","meta":{"footnotes":""},"categories":[55,51,52],"tags":[],"class_list":["post-44303","post","type-post","status-publish","format-standard","hentry","category-celt-tv-noticias","category-comunidad","category-destacadas"],"yoast_head":"<!-- This site is optimized with the Yoast SEO plugin v19.7.1 - https:\/\/yoast.com\/wordpress\/plugins\/seo\/ -->\n<title>Hoy culmina la 32\u00ba edici\u00f3n de la Expo Contable Interactiva de la EES N\u00ba 1 (9 Videos y Fotos) - CELTTV<\/title>\n<meta name=\"description\" content=\"Sitio web de noticias de la localidad de Tornquist, provincia de Buenos Aires, Rep\u00fablica Argentina. Contenido propio originado por periodistas de CELTTV, el canal de TV local de la Cooperativa El\u00e9ctrica de Tornquist. Turismo, Pol\u00edtica, Sociedad, Deporte, Cultura y todo el contenido de inter\u00e9s general que la gente del pueblo y la regi\u00f3n debe conocer.\" \/>\n<meta name=\"robots\" content=\"index, follow, max-snippet:-1, max-image-preview:large, max-video-preview:-1\" \/>\n<link rel=\"canonical\" href=\"https:\/\/www.celttv.com.ar\/index.php\/2019\/09\/27\/hoy-culmina-la-32o-edicion-de-la-expo-contable-interactiva-de-la-ees-no-1-9-videos-y-fotos\/\" \/>\n<meta property=\"og:locale\" content=\"es_ES\" \/>\n<meta property=\"og:type\" content=\"article\" \/>\n<meta property=\"og:title\" content=\"Hoy culmina la 32\u00ba edici\u00f3n de la Expo Contable Interactiva de la EES N\u00ba 1 (9 Videos y Fotos) - CELTTV\" \/>\n<meta property=\"og:description\" content=\"Sitio web de noticias de la localidad de Tornquist, provincia de Buenos Aires, Rep\u00fablica Argentina. Contenido propio originado por periodistas de CELTTV, el canal de TV local de la Cooperativa El\u00e9ctrica de Tornquist. Turismo, Pol\u00edtica, Sociedad, Deporte, Cultura y todo el contenido de inter\u00e9s general que la gente del pueblo y la regi\u00f3n debe conocer.\" \/>\n<meta property=\"og:url\" content=\"https:\/\/www.celttv.com.ar\/index.php\/2019\/09\/27\/hoy-culmina-la-32o-edicion-de-la-expo-contable-interactiva-de-la-ees-no-1-9-videos-y-fotos\/\" \/>\n<meta property=\"og:site_name\" content=\"CELTTV\" \/>\n<meta property=\"article:publisher\" content=\"https:\/\/www.facebook.com\/celtTV\/\" \/>\n<meta property=\"article:published_time\" content=\"2019-09-27T13:03:14+00:00\" \/>\n<meta property=\"og:image\" content=\"http:\/\/www.celttv.com.ar\/wp-content\/uploads\/2019\/09\/20190926_091239.jpg\" \/>\n<meta name=\"author\" content=\"ulises\" \/>\n<meta name=\"twitter:card\" content=\"summary_large_image\" \/>\n<meta name=\"twitter:label1\" content=\"Escrito por\" \/>\n\t<meta name=\"twitter:data1\" content=\"ulises\" \/>\n\t<meta name=\"twitter:label2\" content=\"Tiempo de lectura\" \/>\n\t<meta name=\"twitter:data2\" content=\"1 minuto\" \/>\n<script type=\"application\/ld+json\" class=\"yoast-schema-graph\">{\"@context\":\"https:\/\/schema.org\",\"@graph\":[{\"@type\":\"NewsArticle\",\"@id\":\"https:\/\/www.celttv.com.ar\/index.php\/2019\/09\/27\/hoy-culmina-la-32o-edicion-de-la-expo-contable-interactiva-de-la-ees-no-1-9-videos-y-fotos\/#article\",\"isPartOf\":{\"@id\":\"https:\/\/www.celttv.com.ar\/index.php\/2019\/09\/27\/hoy-culmina-la-32o-edicion-de-la-expo-contable-interactiva-de-la-ees-no-1-9-videos-y-fotos\/\"},\"author\":{\"name\":\"ulises\",\"@id\":\"https:\/\/www.celttv.com.ar\/#\/schema\/person\/6d99c072dba59953809c81446e9d0ace\"},\"headline\":\"Hoy culmina la 32\u00ba edici\u00f3n de la Expo Contable Interactiva de la EES N\u00ba 1 (9 Videos y Fotos)\",\"datePublished\":\"2019-09-27T13:03:14+00:00\",\"dateModified\":\"2019-09-27T13:03:14+00:00\",\"mainEntityOfPage\":{\"@id\":\"https:\/\/www.celttv.com.ar\/index.php\/2019\/09\/27\/hoy-culmina-la-32o-edicion-de-la-expo-contable-interactiva-de-la-ees-no-1-9-videos-y-fotos\/\"},\"wordCount\":166,\"publisher\":{\"@id\":\"https:\/\/www.celttv.com.ar\/#organization\"},\"articleSection\":[\"Celt TV Noticias\",\"Comunidad\",\"Destacadas\"],\"inLanguage\":\"es\"},{\"@type\":\"WebPage\",\"@id\":\"https:\/\/www.celttv.com.ar\/index.php\/2019\/09\/27\/hoy-culmina-la-32o-edicion-de-la-expo-contable-interactiva-de-la-ees-no-1-9-videos-y-fotos\/\",\"url\":\"https:\/\/www.celttv.com.ar\/index.php\/2019\/09\/27\/hoy-culmina-la-32o-edicion-de-la-expo-contable-interactiva-de-la-ees-no-1-9-videos-y-fotos\/\",\"name\":\"Hoy culmina la 32\u00ba edici\u00f3n de la Expo Contable Interactiva de la EES N\u00ba 1 (9 Videos y Fotos) - CELTTV\",\"isPartOf\":{\"@id\":\"https:\/\/www.celttv.com.ar\/#website\"},\"datePublished\":\"2019-09-27T13:03:14+00:00\",\"dateModified\":\"2019-09-27T13:03:14+00:00\",\"description\":\"Sitio web de noticias de la localidad de Tornquist, provincia de Buenos Aires, Rep\u00fablica Argentina. Contenido propio originado por periodistas de CELTTV, el canal de TV local de la Cooperativa El\u00e9ctrica de Tornquist. Turismo, Pol\u00edtica, Sociedad, Deporte, Cultura y todo el contenido de inter\u00e9s general que la gente del pueblo y la regi\u00f3n debe conocer.\",\"breadcrumb\":{\"@id\":\"https:\/\/www.celttv.com.ar\/index.php\/2019\/09\/27\/hoy-culmina-la-32o-edicion-de-la-expo-contable-interactiva-de-la-ees-no-1-9-videos-y-fotos\/#breadcrumb\"},\"inLanguage\":\"es\",\"potentialAction\":[{\"@type\":\"ReadAction\",\"target\":[\"https:\/\/www.celttv.com.ar\/index.php\/2019\/09\/27\/hoy-culmina-la-32o-edicion-de-la-expo-contable-interactiva-de-la-ees-no-1-9-videos-y-fotos\/\"]}]},{\"@type\":\"BreadcrumbList\",\"@id\":\"https:\/\/www.celttv.com.ar\/index.php\/2019\/09\/27\/hoy-culmina-la-32o-edicion-de-la-expo-contable-interactiva-de-la-ees-no-1-9-videos-y-fotos\/#breadcrumb\",\"itemListElement\":[{\"@type\":\"ListItem\",\"position\":1,\"name\":\"Inicio\",\"item\":\"https:\/\/www.celttv.com.ar\/\"},{\"@type\":\"ListItem\",\"position\":2,\"name\":\"Hoy culmina la 32\u00ba edici\u00f3n de la Expo Contable Interactiva de la EES N\u00ba 1 (9 Videos y Fotos)\"}]},{\"@type\":\"WebSite\",\"@id\":\"https:\/\/www.celttv.com.ar\/#website\",\"url\":\"https:\/\/www.celttv.com.ar\/\",\"name\":\"CELTTV\",\"description\":\"Cooperativa El\u00e9ctrica de Tornquist\",\"publisher\":{\"@id\":\"https:\/\/www.celttv.com.ar\/#organization\"},\"potentialAction\":[{\"@type\":\"SearchAction\",\"target\":{\"@type\":\"EntryPoint\",\"urlTemplate\":\"https:\/\/www.celttv.com.ar\/?s={search_term_string}\"},\"query-input\":\"required name=search_term_string\"}],\"inLanguage\":\"es\"},{\"@type\":\"Organization\",\"@id\":\"https:\/\/www.celttv.com.ar\/#organization\",\"name\":\"CELTTV\",\"url\":\"https:\/\/www.celttv.com.ar\/\",\"sameAs\":[\"https:\/\/www.youtube.com\/channel\/UCz_oIt8Hig64Ub-EmcNPIhg\",\"https:\/\/www.facebook.com\/celtTV\/\"],\"logo\":{\"@type\":\"ImageObject\",\"inLanguage\":\"es\",\"@id\":\"https:\/\/www.celttv.com.ar\/#\/schema\/logo\/image\/\",\"url\":\"http:\/\/www.celttv.com.ar\/wp-content\/uploads\/2022\/08\/logo-1.png\",\"contentUrl\":\"http:\/\/www.celttv.com.ar\/wp-content\/uploads\/2022\/08\/logo-1.png\",\"width\":461,\"height\":159,\"caption\":\"CELTTV\"},\"image\":{\"@id\":\"https:\/\/www.celttv.com.ar\/#\/schema\/logo\/image\/\"}},{\"@type\":\"Person\",\"@id\":\"https:\/\/www.celttv.com.ar\/#\/schema\/person\/6d99c072dba59953809c81446e9d0ace\",\"name\":\"ulises\",\"image\":{\"@type\":\"ImageObject\",\"inLanguage\":\"es\",\"@id\":\"https:\/\/www.celttv.com.ar\/#\/schema\/person\/image\/\",\"url\":\"https:\/\/secure.gravatar.com\/avatar\/7f2c48bdc33b30088f941fb6082e555f2874c98e20cb159d7b92b50eadfce793?s=96&d=mm&r=g\",\"contentUrl\":\"https:\/\/secure.gravatar.com\/avatar\/7f2c48bdc33b30088f941fb6082e555f2874c98e20cb159d7b92b50eadfce793?s=96&d=mm&r=g\",\"caption\":\"ulises\"},\"sameAs\":[\"http:\/\/www.celttv.com.ar\"]}]}<\/script>\n<!-- \/ Yoast SEO plugin. -->","yoast_head_json":{"title":"Hoy culmina la 32\u00ba edici\u00f3n de la Expo Contable Interactiva de la EES N\u00ba 1 (9 Videos y Fotos) - CELTTV","description":"Sitio web de noticias de la localidad de Tornquist, provincia de Buenos Aires, Rep\u00fablica Argentina. Contenido propio originado por periodistas de CELTTV, el canal de TV local de la Cooperativa El\u00e9ctrica de Tornquist. Turismo, Pol\u00edtica, Sociedad, Deporte, Cultura y todo el contenido de inter\u00e9s general que la gente del pueblo y la regi\u00f3n debe conocer.","robots":{"index":"index","follow":"follow","max-snippet":"max-snippet:-1","max-image-preview":"max-image-preview:large","max-video-preview":"max-video-preview:-1"},"canonical":"https:\/\/www.celttv.com.ar\/index.php\/2019\/09\/27\/hoy-culmina-la-32o-edicion-de-la-expo-contable-interactiva-de-la-ees-no-1-9-videos-y-fotos\/","og_locale":"es_ES","og_type":"article","og_title":"Hoy culmina la 32\u00ba edici\u00f3n de la Expo Contable Interactiva de la EES N\u00ba 1 (9 Videos y Fotos) - CELTTV","og_description":"Sitio web de noticias de la localidad de Tornquist, provincia de Buenos Aires, Rep\u00fablica Argentina. Contenido propio originado por periodistas de CELTTV, el canal de TV local de la Cooperativa El\u00e9ctrica de Tornquist. Turismo, Pol\u00edtica, Sociedad, Deporte, Cultura y todo el contenido de inter\u00e9s general que la gente del pueblo y la regi\u00f3n debe conocer.","og_url":"https:\/\/www.celttv.com.ar\/index.php\/2019\/09\/27\/hoy-culmina-la-32o-edicion-de-la-expo-contable-interactiva-de-la-ees-no-1-9-videos-y-fotos\/","og_site_name":"CELTTV","article_publisher":"https:\/\/www.facebook.com\/celtTV\/","article_published_time":"2019-09-27T13:03:14+00:00","og_image":[{"url":"http:\/\/www.celttv.com.ar\/wp-content\/uploads\/2019\/09\/20190926_091239.jpg"}],"author":"ulises","twitter_card":"summary_large_image","twitter_misc":{"Escrito por":"ulises","Tiempo de lectura":"1 minuto"},"schema":{"@context":"https:\/\/schema.org","@graph":[{"@type":"NewsArticle","@id":"https:\/\/www.celttv.com.ar\/index.php\/2019\/09\/27\/hoy-culmina-la-32o-edicion-de-la-expo-contable-interactiva-de-la-ees-no-1-9-videos-y-fotos\/#article","isPartOf":{"@id":"https:\/\/www.celttv.com.ar\/index.php\/2019\/09\/27\/hoy-culmina-la-32o-edicion-de-la-expo-contable-interactiva-de-la-ees-no-1-9-videos-y-fotos\/"},"author":{"name":"ulises","@id":"https:\/\/www.celttv.com.ar\/#\/schema\/person\/6d99c072dba59953809c81446e9d0ace"},"headline":"Hoy culmina la 32\u00ba edici\u00f3n de la Expo Contable Interactiva de la EES N\u00ba 1 (9 Videos y Fotos)","datePublished":"2019-09-27T13:03:14+00:00","dateModified":"2019-09-27T13:03:14+00:00","mainEntityOfPage":{"@id":"https:\/\/www.celttv.com.ar\/index.php\/2019\/09\/27\/hoy-culmina-la-32o-edicion-de-la-expo-contable-interactiva-de-la-ees-no-1-9-videos-y-fotos\/"},"wordCount":166,"publisher":{"@id":"https:\/\/www.celttv.com.ar\/#organization"},"articleSection":["Celt TV Noticias","Comunidad","Destacadas"],"inLanguage":"es"},{"@type":"WebPage","@id":"https:\/\/www.celttv.com.ar\/index.php\/2019\/09\/27\/hoy-culmina-la-32o-edicion-de-la-expo-contable-interactiva-de-la-ees-no-1-9-videos-y-fotos\/","url":"https:\/\/www.celttv.com.ar\/index.php\/2019\/09\/27\/hoy-culmina-la-32o-edicion-de-la-expo-contable-interactiva-de-la-ees-no-1-9-videos-y-fotos\/","name":"Hoy culmina la 32\u00ba edici\u00f3n de la Expo Contable Interactiva de la EES N\u00ba 1 (9 Videos y Fotos) - CELTTV","isPartOf":{"@id":"https:\/\/www.celttv.com.ar\/#website"},"datePublished":"2019-09-27T13:03:14+00:00","dateModified":"2019-09-27T13:03:14+00:00","description":"Sitio web de noticias de la localidad de Tornquist, provincia de Buenos Aires, Rep\u00fablica Argentina. Contenido propio originado por periodistas de CELTTV, el canal de TV local de la Cooperativa El\u00e9ctrica de Tornquist. Turismo, Pol\u00edtica, Sociedad, Deporte, Cultura y todo el contenido de inter\u00e9s general que la gente del pueblo y la regi\u00f3n debe conocer.","breadcrumb":{"@id":"https:\/\/www.celttv.com.ar\/index.php\/2019\/09\/27\/hoy-culmina-la-32o-edicion-de-la-expo-contable-interactiva-de-la-ees-no-1-9-videos-y-fotos\/#breadcrumb"},"inLanguage":"es","potentialAction":[{"@type":"ReadAction","target":["https:\/\/www.celttv.com.ar\/index.php\/2019\/09\/27\/hoy-culmina-la-32o-edicion-de-la-expo-contable-interactiva-de-la-ees-no-1-9-videos-y-fotos\/"]}]},{"@type":"BreadcrumbList","@id":"https:\/\/www.celttv.com.ar\/index.php\/2019\/09\/27\/hoy-culmina-la-32o-edicion-de-la-expo-contable-interactiva-de-la-ees-no-1-9-videos-y-fotos\/#breadcrumb","itemListElement":[{"@type":"ListItem","position":1,"name":"Inicio","item":"https:\/\/www.celttv.com.ar\/"},{"@type":"ListItem","position":2,"name":"Hoy culmina la 32\u00ba edici\u00f3n de la Expo Contable Interactiva de la EES N\u00ba 1 (9 Videos y Fotos)"}]},{"@type":"WebSite","@id":"https:\/\/www.celttv.com.ar\/#website","url":"https:\/\/www.celttv.com.ar\/","name":"CELTTV","description":"Cooperativa El\u00e9ctrica de Tornquist","publisher":{"@id":"https:\/\/www.celttv.com.ar\/#organization"},"potentialAction":[{"@type":"SearchAction","target":{"@type":"EntryPoint","urlTemplate":"https:\/\/www.celttv.com.ar\/?s={search_term_string}"},"query-input":"required name=search_term_string"}],"inLanguage":"es"},{"@type":"Organization","@id":"https:\/\/www.celttv.com.ar\/#organization","name":"CELTTV","url":"https:\/\/www.celttv.com.ar\/","sameAs":["https:\/\/www.youtube.com\/channel\/UCz_oIt8Hig64Ub-EmcNPIhg","https:\/\/www.facebook.com\/celtTV\/"],"logo":{"@type":"ImageObject","inLanguage":"es","@id":"https:\/\/www.celttv.com.ar\/#\/schema\/logo\/image\/","url":"http:\/\/www.celttv.com.ar\/wp-content\/uploads\/2022\/08\/logo-1.png","contentUrl":"http:\/\/www.celttv.com.ar\/wp-content\/uploads\/2022\/08\/logo-1.png","width":461,"height":159,"caption":"CELTTV"},"image":{"@id":"https:\/\/www.celttv.com.ar\/#\/schema\/logo\/image\/"}},{"@type":"Person","@id":"https:\/\/www.celttv.com.ar\/#\/schema\/person\/6d99c072dba59953809c81446e9d0ace","name":"ulises","image":{"@type":"ImageObject","inLanguage":"es","@id":"https:\/\/www.celttv.com.ar\/#\/schema\/person\/image\/","url":"https:\/\/secure.gravatar.com\/avatar\/7f2c48bdc33b30088f941fb6082e555f2874c98e20cb159d7b92b50eadfce793?s=96&d=mm&r=g","contentUrl":"https:\/\/secure.gravatar.com\/avatar\/7f2c48bdc33b30088f941fb6082e555f2874c98e20cb159d7b92b50eadfce793?s=96&d=mm&r=g","caption":"ulises"},"sameAs":["http:\/\/www.celttv.com.ar"]}]}},"_links":{"self":[{"href":"https:\/\/www.celttv.com.ar\/index.php\/wp-json\/wp\/v2\/posts\/44303","targetHints":{"allow":["GET"]}}],"collection":[{"href":"https:\/\/www.celttv.com.ar\/index.php\/wp-json\/wp\/v2\/posts"}],"about":[{"href":"https:\/\/www.celttv.com.ar\/index.php\/wp-json\/wp\/v2\/types\/post"}],"author":[{"embeddable":true,"href":"https:\/\/www.celttv.com.ar\/index.php\/wp-json\/wp\/v2\/users\/1"}],"replies":[{"embeddable":true,"href":"https:\/\/www.celttv.com.ar\/index.php\/wp-json\/wp\/v2\/comments?post=44303"}],"version-history":[{"count":0,"href":"https:\/\/www.celttv.com.ar\/index.php\/wp-json\/wp\/v2\/posts\/44303\/revisions"}],"wp:attachment":[{"href":"https:\/\/www.celttv.com.ar\/index.php\/wp-json\/wp\/v2\/media?parent=44303"}],"wp:term":[{"taxonomy":"category","embeddable":true,"href":"https:\/\/www.celttv.com.ar\/index.php\/wp-json\/wp\/v2\/categories?post=44303"},{"taxonomy":"post_tag","embeddable":true,"href":"https:\/\/www.celttv.com.ar\/index.php\/wp-json\/wp\/v2\/tags?post=44303"}],"curies":[{"name":"wp","href":"https:\/\/api.w.org\/{rel}","templated":true}]}}