{"id":44367,"date":"2019-10-01T01:24:39","date_gmt":"2019-10-01T01:24:39","guid":{"rendered":"http:\/\/www.celttv.com.ar\/?p=44367"},"modified":"2019-10-01T01:24:39","modified_gmt":"2019-10-01T01:24:39","slug":"frente-popular-25-de-febrero-la-ruta-76-sigue-estando-en-la-agenda","status":"publish","type":"post","link":"https:\/\/www.celttv.com.ar\/index.php\/2019\/10\/01\/frente-popular-25-de-febrero-la-ruta-76-sigue-estando-en-la-agenda\/","title":{"rendered":"FRENTE POPULAR \u201c25 DE FEBRERO\u201d &#8220;LA RUTA 76 SIGUE ESTANDO EN LA AGENDA&#8221;"},"content":{"rendered":"<p> El  viernes 27 de septiembre  estuvimos en Coronel Su\u00e1rez, con motivo de la visita que hizo al distrito Axel Kicillof &#8211; candidato a gobernador de la Provincia de Buenos Aires -.  Cumpliendo  con nuestra palabra,  le entregamos en manos  una carpeta conteniendo una carta explicando nuestro prop\u00f3sito,  fotograf\u00edas sobre el estado en el que se encuentra la ruta 76 luego de haberse dado por terminada la obra de bacheo profundo que decidiera la actual gobernadora Mar\u00eda Eugenia Vidal y, tambi\u00e9n,  el proyecto de reparaci\u00f3n integral de la ruta planificado por Vialidad Provincial.<\/p>\n<p>El encuentro fue posible gracias a la buena disposici\u00f3n del candidato a intendente del distrito de Coronel Su\u00e1rez,   Ricardo Moccero. Pudimos hablar sobre la importancia de realizar trabajos definitivos en la ruta 76 pues  Axel Kicillof  se mostr\u00f3 interesado en la documentaci\u00f3n que le entregamos y formul\u00f3 preguntas muy pertinentes sobre la situaci\u00f3n general de la obra.  <\/p>\n<p>Entregaremos el mismo material a todos los candidatos que nos reciban cuando visiten Coronel Su\u00e1rez o Tornquist y seguiremos en nuestra tarea de poner en evidencia la problem\u00e1tica y la necesidad de que la ruta 76 tenga una reparaci\u00f3n integral y no un emparchado como el que estamos denunciando,  que lejos de resolver el problema  ha aumentado  la peligrosidad para el tr\u00e1nsito.<\/p>\n<p>Coronel Su\u00e1rez, 20 de septiembre de 2019.-<\/p>\n<p>Frente de Todos<\/p>\n<p>A\/ Candidato a Gobernador<\/p>\n<p>Axel Kicillof<\/p>\n<p>S\/D<\/p>\n<p>___________________________<\/p>\n<p>De nuestra mayor consideraci\u00f3n:<\/p>\n<p>Por medio de la presente queremos interiorizarlo sobre la actual situaci\u00f3n en que se encuentra la ruta 76, especialmente en su tramo cruce San Eloy y hasta el cruce entre RP76 y RP 72.<\/p>\n<p>Primeramente le acercamos las actuaciones y situaciones que nos tuvieron como protagonistas -Exp. 2019-307192-GDEBA-GV- y que junto a los reclamos de otros ciudadanos, derivaron en la realizaci\u00f3n, durante el corriente a\u00f1o, de una obra de bacheo profundo con un presupuesto de $22 millones -m\u00e1s $ 2 millones de ampliaci\u00f3n-.<\/p>\n<p>Nuestra actual urgencia y preocupaci\u00f3n estriba en que culminada la obra, y tal como lo muestran las fotos que adjuntamos, y que solo son una muestra de lo constatado, la misma no ha resuelto el calamitoso estado de la ruta, aumenta considerablemente el peligro de los automovilista y afecta profundamente la posibilidad productiva, comercial y tur\u00edstica de nuestra regi\u00f3n.<\/p>\n<p>As\u00ed mismo, le informamos que en Vialidad de la Provincia de Buenos Aires se encuentra el proyecto -que adjuntamos algunas hojas- de una reparaci\u00f3n integral de la ruta, que le solicitamos, pueda incluirse para su realizaci\u00f3n en etapas, en el presupuesto de Obras Publicas de la Provincia.<\/p>\n<p>Nos ponemos a disposici\u00f3n, con el mismo compromiso de siempre en este y otros temas locales y regionales, para ampliar y profundizar la informaci\u00f3n que le entregamos y as\u00ed evitar se malgaste los recursos del presupuesto provincial, se eviten los numerosos accidentes que se suceden actualmente en la ruta y se recupere ese importante acceso para la producci\u00f3n, el comercio y el turismo de la regi\u00f3n.<\/p>\n<p>Sin m\u00e1s y a la espera de poder concretar una entrevista lo saludamos con nuestra mas atenta consideraci\u00f3n.<\/p>\n<p>Dario G\u00f3mez Agrupaci\u00f3n Social Milla Cura, Coronel Suarez. <\/p>\n<p>Silvia Zaballa, Frente Popular 25 de Febrero en Todos Coronel Su\u00e1rez.<\/p>\n<p>Fern\u00e1ndez Norma Blanca, Frente Popular 25 de Febrero en Todos Tornquist.<\/p>\n<p>Marcela G\u00f3mez, Candidata Concejala Frente de Todos Tornquist<\/p>\n<p>Masson Claudio Adri\u00e1n, Asoc Civil Williches -Gente del Sur-.<\/p>\n<div id='gallery_1' class='gallery galleryid-44367 gallery-columns-3 gallery-size-medium'><figure class='gallery-item'>\n            <div class='gallery-icon portrait'>\n                <a href='https:\/\/www.celttv.com.ar\/wp-content\/uploads\/2019\/10\/Nueva-imagen-2.jpg'><img loading=\"lazy\" decoding=\"async\" width=\"201\" height=\"300\" src=\"\" class=\"attachment-medium size-medium lazyload\" alt=\"\" data-src=\"https:\/\/www.celttv.com.ar\/wp-content\/uploads\/2019\/10\/Nueva-imagen-2-201x300.jpg\" data-sizes=\"auto\" data-srcset=\"https:\/\/www.celttv.com.ar\/wp-content\/uploads\/2019\/10\/Nueva-imagen-2-201x300.jpg 201w, https:\/\/www.celttv.com.ar\/wp-content\/uploads\/2019\/10\/Nueva-imagen-2.jpg 515w\" data-expand=\"700\" \/><\/a>\n            <\/div><\/figure><figure class='gallery-item'>\n            <div class='gallery-icon landscape'>\n                <a href='https:\/\/www.celttv.com.ar\/wp-content\/uploads\/2019\/10\/Nueva-imagen-7.jpg'><img loading=\"lazy\" decoding=\"async\" width=\"300\" height=\"200\" src=\"\" class=\"attachment-medium size-medium lazyload\" alt=\"\" data-src=\"https:\/\/www.celttv.com.ar\/wp-content\/uploads\/2019\/10\/Nueva-imagen-7-300x200.jpg\" data-sizes=\"auto\" data-srcset=\"https:\/\/www.celttv.com.ar\/wp-content\/uploads\/2019\/10\/Nueva-imagen-7-300x200.jpg 300w, https:\/\/www.celttv.com.ar\/wp-content\/uploads\/2019\/10\/Nueva-imagen-7-1024x682.jpg 1024w, https:\/\/www.celttv.com.ar\/wp-content\/uploads\/2019\/10\/Nueva-imagen-7-768x512.jpg 768w, https:\/\/www.celttv.com.ar\/wp-content\/uploads\/2019\/10\/Nueva-imagen-7-750x500.jpg 750w, https:\/\/www.celttv.com.ar\/wp-content\/uploads\/2019\/10\/Nueva-imagen-7-1140x760.jpg 1140w, https:\/\/www.celttv.com.ar\/wp-content\/uploads\/2019\/10\/Nueva-imagen-7.jpg 1280w\" data-expand=\"700\" \/><\/a>\n            <\/div><\/figure><figure class='gallery-item'>\n            <div class='gallery-icon landscape'>\n                <a href='https:\/\/www.celttv.com.ar\/wp-content\/uploads\/2019\/10\/RUTA-76.jpg'><img loading=\"lazy\" decoding=\"async\" width=\"300\" height=\"200\" src=\"\" class=\"attachment-medium size-medium lazyload\" alt=\"\" data-src=\"https:\/\/www.celttv.com.ar\/wp-content\/uploads\/2019\/10\/RUTA-76-300x200.jpg\" data-sizes=\"auto\" data-srcset=\"https:\/\/www.celttv.com.ar\/wp-content\/uploads\/2019\/10\/RUTA-76-300x200.jpg 300w, https:\/\/www.celttv.com.ar\/wp-content\/uploads\/2019\/10\/RUTA-76-768x512.jpg 768w, https:\/\/www.celttv.com.ar\/wp-content\/uploads\/2019\/10\/RUTA-76-750x500.jpg 750w, https:\/\/www.celttv.com.ar\/wp-content\/uploads\/2019\/10\/RUTA-76.jpg 1024w\" data-expand=\"700\" \/><\/a>\n            <\/div><\/figure><br style=\"clear: both\" \/>\n        <\/div>\n\n","protected":false},"excerpt":{"rendered":"<p>El viernes 27 de septiembre estuvimos en Coronel Su\u00e1rez, con motivo de la visita que hizo al distrito Axel Kicillof &#8211; candidato a gobernador de la Provincia de Buenos Aires -. Cumpliendo con nuestra palabra, le entregamos en manos una carpeta conteniendo una carta explicando nuestro prop\u00f3sito, fotograf\u00edas sobre el estado en el que se [&hellip;]<\/p>\n","protected":false},"author":1,"featured_media":44370,"comment_status":"closed","ping_status":"open","sticky":false,"template":"","format":"standard","meta":{"footnotes":""},"categories":[55,51,52],"tags":[],"class_list":["post-44367","post","type-post","status-publish","format-standard","has-post-thumbnail","hentry","category-celt-tv-noticias","category-comunidad","category-destacadas"],"yoast_head":"<!-- This site is optimized with the Yoast SEO plugin v19.7.1 - https:\/\/yoast.com\/wordpress\/plugins\/seo\/ -->\n<title>FRENTE POPULAR \u201c25 DE FEBRERO\u201d &quot;LA RUTA 76 SIGUE ESTANDO EN LA AGENDA&quot; - CELTTV<\/title>\n<meta name=\"description\" content=\"Sitio web de noticias de la localidad de Tornquist, provincia de Buenos Aires, Rep\u00fablica Argentina. Contenido propio originado por periodistas de CELTTV, el canal de TV local de la Cooperativa El\u00e9ctrica de Tornquist. Turismo, Pol\u00edtica, Sociedad, Deporte, Cultura y todo el contenido de inter\u00e9s general que la gente del pueblo y la regi\u00f3n debe conocer.\" \/>\n<meta name=\"robots\" content=\"index, follow, max-snippet:-1, max-image-preview:large, max-video-preview:-1\" \/>\n<link rel=\"canonical\" href=\"https:\/\/www.celttv.com.ar\/index.php\/2019\/10\/01\/frente-popular-25-de-febrero-la-ruta-76-sigue-estando-en-la-agenda\/\" \/>\n<meta property=\"og:locale\" content=\"es_ES\" \/>\n<meta property=\"og:type\" content=\"article\" \/>\n<meta property=\"og:title\" content=\"FRENTE POPULAR \u201c25 DE FEBRERO\u201d &quot;LA RUTA 76 SIGUE ESTANDO EN LA AGENDA&quot; - CELTTV\" \/>\n<meta property=\"og:description\" content=\"Sitio web de noticias de la localidad de Tornquist, provincia de Buenos Aires, Rep\u00fablica Argentina. Contenido propio originado por periodistas de CELTTV, el canal de TV local de la Cooperativa El\u00e9ctrica de Tornquist. Turismo, Pol\u00edtica, Sociedad, Deporte, Cultura y todo el contenido de inter\u00e9s general que la gente del pueblo y la regi\u00f3n debe conocer.\" \/>\n<meta property=\"og:url\" content=\"https:\/\/www.celttv.com.ar\/index.php\/2019\/10\/01\/frente-popular-25-de-febrero-la-ruta-76-sigue-estando-en-la-agenda\/\" \/>\n<meta property=\"og:site_name\" content=\"CELTTV\" \/>\n<meta property=\"article:publisher\" content=\"https:\/\/www.facebook.com\/celtTV\/\" \/>\n<meta property=\"article:published_time\" content=\"2019-10-01T01:24:39+00:00\" \/>\n<meta property=\"og:image\" content=\"https:\/\/www.celttv.com.ar\/wp-content\/uploads\/2019\/10\/RUTA-76.jpg\" \/>\n\t<meta property=\"og:image:width\" content=\"1024\" \/>\n\t<meta property=\"og:image:height\" content=\"683\" \/>\n\t<meta property=\"og:image:type\" content=\"image\/jpeg\" \/>\n<meta name=\"author\" content=\"ulises\" \/>\n<meta name=\"twitter:card\" content=\"summary_large_image\" \/>\n<meta name=\"twitter:label1\" content=\"Escrito por\" \/>\n\t<meta name=\"twitter:data1\" content=\"ulises\" \/>\n\t<meta name=\"twitter:label2\" content=\"Tiempo de lectura\" \/>\n\t<meta name=\"twitter:data2\" content=\"3 minutos\" \/>\n<script type=\"application\/ld+json\" class=\"yoast-schema-graph\">{\"@context\":\"https:\/\/schema.org\",\"@graph\":[{\"@type\":\"NewsArticle\",\"@id\":\"https:\/\/www.celttv.com.ar\/index.php\/2019\/10\/01\/frente-popular-25-de-febrero-la-ruta-76-sigue-estando-en-la-agenda\/#article\",\"isPartOf\":{\"@id\":\"https:\/\/www.celttv.com.ar\/index.php\/2019\/10\/01\/frente-popular-25-de-febrero-la-ruta-76-sigue-estando-en-la-agenda\/\"},\"author\":{\"name\":\"ulises\",\"@id\":\"https:\/\/www.celttv.com.ar\/#\/schema\/person\/6d99c072dba59953809c81446e9d0ace\"},\"headline\":\"FRENTE POPULAR \u201c25 DE FEBRERO\u201d &#8220;LA RUTA 76 SIGUE ESTANDO EN LA AGENDA&#8221;\",\"datePublished\":\"2019-10-01T01:24:39+00:00\",\"dateModified\":\"2019-10-01T01:24:39+00:00\",\"mainEntityOfPage\":{\"@id\":\"https:\/\/www.celttv.com.ar\/index.php\/2019\/10\/01\/frente-popular-25-de-febrero-la-ruta-76-sigue-estando-en-la-agenda\/\"},\"wordCount\":595,\"publisher\":{\"@id\":\"https:\/\/www.celttv.com.ar\/#organization\"},\"articleSection\":[\"Celt TV Noticias\",\"Comunidad\",\"Destacadas\"],\"inLanguage\":\"es\"},{\"@type\":\"WebPage\",\"@id\":\"https:\/\/www.celttv.com.ar\/index.php\/2019\/10\/01\/frente-popular-25-de-febrero-la-ruta-76-sigue-estando-en-la-agenda\/\",\"url\":\"https:\/\/www.celttv.com.ar\/index.php\/2019\/10\/01\/frente-popular-25-de-febrero-la-ruta-76-sigue-estando-en-la-agenda\/\",\"name\":\"FRENTE POPULAR \u201c25 DE FEBRERO\u201d \\\"LA RUTA 76 SIGUE ESTANDO EN LA AGENDA\\\" - CELTTV\",\"isPartOf\":{\"@id\":\"https:\/\/www.celttv.com.ar\/#website\"},\"datePublished\":\"2019-10-01T01:24:39+00:00\",\"dateModified\":\"2019-10-01T01:24:39+00:00\",\"description\":\"Sitio web de noticias de la localidad de Tornquist, provincia de Buenos Aires, Rep\u00fablica Argentina. Contenido propio originado por periodistas de CELTTV, el canal de TV local de la Cooperativa El\u00e9ctrica de Tornquist. Turismo, Pol\u00edtica, Sociedad, Deporte, Cultura y todo el contenido de inter\u00e9s general que la gente del pueblo y la regi\u00f3n debe conocer.\",\"breadcrumb\":{\"@id\":\"https:\/\/www.celttv.com.ar\/index.php\/2019\/10\/01\/frente-popular-25-de-febrero-la-ruta-76-sigue-estando-en-la-agenda\/#breadcrumb\"},\"inLanguage\":\"es\",\"potentialAction\":[{\"@type\":\"ReadAction\",\"target\":[\"https:\/\/www.celttv.com.ar\/index.php\/2019\/10\/01\/frente-popular-25-de-febrero-la-ruta-76-sigue-estando-en-la-agenda\/\"]}]},{\"@type\":\"BreadcrumbList\",\"@id\":\"https:\/\/www.celttv.com.ar\/index.php\/2019\/10\/01\/frente-popular-25-de-febrero-la-ruta-76-sigue-estando-en-la-agenda\/#breadcrumb\",\"itemListElement\":[{\"@type\":\"ListItem\",\"position\":1,\"name\":\"Inicio\",\"item\":\"https:\/\/www.celttv.com.ar\/\"},{\"@type\":\"ListItem\",\"position\":2,\"name\":\"FRENTE POPULAR \u201c25 DE FEBRERO\u201d &#8220;LA RUTA 76 SIGUE ESTANDO EN LA AGENDA&#8221;\"}]},{\"@type\":\"WebSite\",\"@id\":\"https:\/\/www.celttv.com.ar\/#website\",\"url\":\"https:\/\/www.celttv.com.ar\/\",\"name\":\"CELTTV\",\"description\":\"Cooperativa El\u00e9ctrica de Tornquist\",\"publisher\":{\"@id\":\"https:\/\/www.celttv.com.ar\/#organization\"},\"potentialAction\":[{\"@type\":\"SearchAction\",\"target\":{\"@type\":\"EntryPoint\",\"urlTemplate\":\"https:\/\/www.celttv.com.ar\/?s={search_term_string}\"},\"query-input\":\"required name=search_term_string\"}],\"inLanguage\":\"es\"},{\"@type\":\"Organization\",\"@id\":\"https:\/\/www.celttv.com.ar\/#organization\",\"name\":\"CELTTV\",\"url\":\"https:\/\/www.celttv.com.ar\/\",\"sameAs\":[\"https:\/\/www.youtube.com\/channel\/UCz_oIt8Hig64Ub-EmcNPIhg\",\"https:\/\/www.facebook.com\/celtTV\/\"],\"logo\":{\"@type\":\"ImageObject\",\"inLanguage\":\"es\",\"@id\":\"https:\/\/www.celttv.com.ar\/#\/schema\/logo\/image\/\",\"url\":\"http:\/\/www.celttv.com.ar\/wp-content\/uploads\/2022\/08\/logo-1.png\",\"contentUrl\":\"http:\/\/www.celttv.com.ar\/wp-content\/uploads\/2022\/08\/logo-1.png\",\"width\":461,\"height\":159,\"caption\":\"CELTTV\"},\"image\":{\"@id\":\"https:\/\/www.celttv.com.ar\/#\/schema\/logo\/image\/\"}},{\"@type\":\"Person\",\"@id\":\"https:\/\/www.celttv.com.ar\/#\/schema\/person\/6d99c072dba59953809c81446e9d0ace\",\"name\":\"ulises\",\"image\":{\"@type\":\"ImageObject\",\"inLanguage\":\"es\",\"@id\":\"https:\/\/www.celttv.com.ar\/#\/schema\/person\/image\/\",\"url\":\"https:\/\/secure.gravatar.com\/avatar\/7f2c48bdc33b30088f941fb6082e555f2874c98e20cb159d7b92b50eadfce793?s=96&d=mm&r=g\",\"contentUrl\":\"https:\/\/secure.gravatar.com\/avatar\/7f2c48bdc33b30088f941fb6082e555f2874c98e20cb159d7b92b50eadfce793?s=96&d=mm&r=g\",\"caption\":\"ulises\"},\"sameAs\":[\"http:\/\/www.celttv.com.ar\"]}]}<\/script>\n<!-- \/ Yoast SEO plugin. -->","yoast_head_json":{"title":"FRENTE POPULAR \u201c25 DE FEBRERO\u201d \"LA RUTA 76 SIGUE ESTANDO EN LA AGENDA\" - CELTTV","description":"Sitio web de noticias de la localidad de Tornquist, provincia de Buenos Aires, Rep\u00fablica Argentina. Contenido propio originado por periodistas de CELTTV, el canal de TV local de la Cooperativa El\u00e9ctrica de Tornquist. Turismo, Pol\u00edtica, Sociedad, Deporte, Cultura y todo el contenido de inter\u00e9s general que la gente del pueblo y la regi\u00f3n debe conocer.","robots":{"index":"index","follow":"follow","max-snippet":"max-snippet:-1","max-image-preview":"max-image-preview:large","max-video-preview":"max-video-preview:-1"},"canonical":"https:\/\/www.celttv.com.ar\/index.php\/2019\/10\/01\/frente-popular-25-de-febrero-la-ruta-76-sigue-estando-en-la-agenda\/","og_locale":"es_ES","og_type":"article","og_title":"FRENTE POPULAR \u201c25 DE FEBRERO\u201d \"LA RUTA 76 SIGUE ESTANDO EN LA AGENDA\" - CELTTV","og_description":"Sitio web de noticias de la localidad de Tornquist, provincia de Buenos Aires, Rep\u00fablica Argentina. Contenido propio originado por periodistas de CELTTV, el canal de TV local de la Cooperativa El\u00e9ctrica de Tornquist. Turismo, Pol\u00edtica, Sociedad, Deporte, Cultura y todo el contenido de inter\u00e9s general que la gente del pueblo y la regi\u00f3n debe conocer.","og_url":"https:\/\/www.celttv.com.ar\/index.php\/2019\/10\/01\/frente-popular-25-de-febrero-la-ruta-76-sigue-estando-en-la-agenda\/","og_site_name":"CELTTV","article_publisher":"https:\/\/www.facebook.com\/celtTV\/","article_published_time":"2019-10-01T01:24:39+00:00","og_image":[{"width":1024,"height":683,"url":"https:\/\/www.celttv.com.ar\/wp-content\/uploads\/2019\/10\/RUTA-76.jpg","type":"image\/jpeg"}],"author":"ulises","twitter_card":"summary_large_image","twitter_misc":{"Escrito por":"ulises","Tiempo de lectura":"3 minutos"},"schema":{"@context":"https:\/\/schema.org","@graph":[{"@type":"NewsArticle","@id":"https:\/\/www.celttv.com.ar\/index.php\/2019\/10\/01\/frente-popular-25-de-febrero-la-ruta-76-sigue-estando-en-la-agenda\/#article","isPartOf":{"@id":"https:\/\/www.celttv.com.ar\/index.php\/2019\/10\/01\/frente-popular-25-de-febrero-la-ruta-76-sigue-estando-en-la-agenda\/"},"author":{"name":"ulises","@id":"https:\/\/www.celttv.com.ar\/#\/schema\/person\/6d99c072dba59953809c81446e9d0ace"},"headline":"FRENTE POPULAR \u201c25 DE FEBRERO\u201d &#8220;LA RUTA 76 SIGUE ESTANDO EN LA AGENDA&#8221;","datePublished":"2019-10-01T01:24:39+00:00","dateModified":"2019-10-01T01:24:39+00:00","mainEntityOfPage":{"@id":"https:\/\/www.celttv.com.ar\/index.php\/2019\/10\/01\/frente-popular-25-de-febrero-la-ruta-76-sigue-estando-en-la-agenda\/"},"wordCount":595,"publisher":{"@id":"https:\/\/www.celttv.com.ar\/#organization"},"articleSection":["Celt TV Noticias","Comunidad","Destacadas"],"inLanguage":"es"},{"@type":"WebPage","@id":"https:\/\/www.celttv.com.ar\/index.php\/2019\/10\/01\/frente-popular-25-de-febrero-la-ruta-76-sigue-estando-en-la-agenda\/","url":"https:\/\/www.celttv.com.ar\/index.php\/2019\/10\/01\/frente-popular-25-de-febrero-la-ruta-76-sigue-estando-en-la-agenda\/","name":"FRENTE POPULAR \u201c25 DE FEBRERO\u201d \"LA RUTA 76 SIGUE ESTANDO EN LA AGENDA\" - CELTTV","isPartOf":{"@id":"https:\/\/www.celttv.com.ar\/#website"},"datePublished":"2019-10-01T01:24:39+00:00","dateModified":"2019-10-01T01:24:39+00:00","description":"Sitio web de noticias de la localidad de Tornquist, provincia de Buenos Aires, Rep\u00fablica Argentina. Contenido propio originado por periodistas de CELTTV, el canal de TV local de la Cooperativa El\u00e9ctrica de Tornquist. Turismo, Pol\u00edtica, Sociedad, Deporte, Cultura y todo el contenido de inter\u00e9s general que la gente del pueblo y la regi\u00f3n debe conocer.","breadcrumb":{"@id":"https:\/\/www.celttv.com.ar\/index.php\/2019\/10\/01\/frente-popular-25-de-febrero-la-ruta-76-sigue-estando-en-la-agenda\/#breadcrumb"},"inLanguage":"es","potentialAction":[{"@type":"ReadAction","target":["https:\/\/www.celttv.com.ar\/index.php\/2019\/10\/01\/frente-popular-25-de-febrero-la-ruta-76-sigue-estando-en-la-agenda\/"]}]},{"@type":"BreadcrumbList","@id":"https:\/\/www.celttv.com.ar\/index.php\/2019\/10\/01\/frente-popular-25-de-febrero-la-ruta-76-sigue-estando-en-la-agenda\/#breadcrumb","itemListElement":[{"@type":"ListItem","position":1,"name":"Inicio","item":"https:\/\/www.celttv.com.ar\/"},{"@type":"ListItem","position":2,"name":"FRENTE POPULAR \u201c25 DE FEBRERO\u201d &#8220;LA RUTA 76 SIGUE ESTANDO EN LA AGENDA&#8221;"}]},{"@type":"WebSite","@id":"https:\/\/www.celttv.com.ar\/#website","url":"https:\/\/www.celttv.com.ar\/","name":"CELTTV","description":"Cooperativa El\u00e9ctrica de Tornquist","publisher":{"@id":"https:\/\/www.celttv.com.ar\/#organization"},"potentialAction":[{"@type":"SearchAction","target":{"@type":"EntryPoint","urlTemplate":"https:\/\/www.celttv.com.ar\/?s={search_term_string}"},"query-input":"required name=search_term_string"}],"inLanguage":"es"},{"@type":"Organization","@id":"https:\/\/www.celttv.com.ar\/#organization","name":"CELTTV","url":"https:\/\/www.celttv.com.ar\/","sameAs":["https:\/\/www.youtube.com\/channel\/UCz_oIt8Hig64Ub-EmcNPIhg","https:\/\/www.facebook.com\/celtTV\/"],"logo":{"@type":"ImageObject","inLanguage":"es","@id":"https:\/\/www.celttv.com.ar\/#\/schema\/logo\/image\/","url":"http:\/\/www.celttv.com.ar\/wp-content\/uploads\/2022\/08\/logo-1.png","contentUrl":"http:\/\/www.celttv.com.ar\/wp-content\/uploads\/2022\/08\/logo-1.png","width":461,"height":159,"caption":"CELTTV"},"image":{"@id":"https:\/\/www.celttv.com.ar\/#\/schema\/logo\/image\/"}},{"@type":"Person","@id":"https:\/\/www.celttv.com.ar\/#\/schema\/person\/6d99c072dba59953809c81446e9d0ace","name":"ulises","image":{"@type":"ImageObject","inLanguage":"es","@id":"https:\/\/www.celttv.com.ar\/#\/schema\/person\/image\/","url":"https:\/\/secure.gravatar.com\/avatar\/7f2c48bdc33b30088f941fb6082e555f2874c98e20cb159d7b92b50eadfce793?s=96&d=mm&r=g","contentUrl":"https:\/\/secure.gravatar.com\/avatar\/7f2c48bdc33b30088f941fb6082e555f2874c98e20cb159d7b92b50eadfce793?s=96&d=mm&r=g","caption":"ulises"},"sameAs":["http:\/\/www.celttv.com.ar"]}]}},"_links":{"self":[{"href":"https:\/\/www.celttv.com.ar\/index.php\/wp-json\/wp\/v2\/posts\/44367","targetHints":{"allow":["GET"]}}],"collection":[{"href":"https:\/\/www.celttv.com.ar\/index.php\/wp-json\/wp\/v2\/posts"}],"about":[{"href":"https:\/\/www.celttv.com.ar\/index.php\/wp-json\/wp\/v2\/types\/post"}],"author":[{"embeddable":true,"href":"https:\/\/www.celttv.com.ar\/index.php\/wp-json\/wp\/v2\/users\/1"}],"replies":[{"embeddable":true,"href":"https:\/\/www.celttv.com.ar\/index.php\/wp-json\/wp\/v2\/comments?post=44367"}],"version-history":[{"count":0,"href":"https:\/\/www.celttv.com.ar\/index.php\/wp-json\/wp\/v2\/posts\/44367\/revisions"}],"wp:featuredmedia":[{"embeddable":true,"href":"https:\/\/www.celttv.com.ar\/index.php\/wp-json\/wp\/v2\/media\/44370"}],"wp:attachment":[{"href":"https:\/\/www.celttv.com.ar\/index.php\/wp-json\/wp\/v2\/media?parent=44367"}],"wp:term":[{"taxonomy":"category","embeddable":true,"href":"https:\/\/www.celttv.com.ar\/index.php\/wp-json\/wp\/v2\/categories?post=44367"},{"taxonomy":"post_tag","embeddable":true,"href":"https:\/\/www.celttv.com.ar\/index.php\/wp-json\/wp\/v2\/tags?post=44367"}],"curies":[{"name":"wp","href":"https:\/\/api.w.org\/{rel}","templated":true}]}}