{"id":44470,"date":"2019-10-07T20:19:39","date_gmt":"2019-10-07T20:19:39","guid":{"rendered":"http:\/\/www.celttv.com.ar\/?p=44470"},"modified":"2019-10-07T20:19:39","modified_gmt":"2019-10-07T20:19:39","slug":"mision-coop-y-gestion-coop-participan-del-encuentro-nacional-de-cooperativas-escolares-en-misiones-fotos","status":"publish","type":"post","link":"https:\/\/www.celttv.com.ar\/index.php\/2019\/10\/07\/mision-coop-y-gestion-coop-participan-del-encuentro-nacional-de-cooperativas-escolares-en-misiones-fotos\/","title":{"rendered":"Misi\u00f3n Coop y Gesti\u00f3n Coop participan del Encuentro Nacional de Cooperativas Escolares en Misiones (Fotos)"},"content":{"rendered":"<p>Integrantes de los consejos de administraci\u00f3n de Misi\u00f3n Coop (Colegio Nuestra Se\u00f1ora de Luj\u00e1n) y Gesti\u00f3n Coop (Escuela de Educaci\u00f3n Secundaria N\u00b0 1), se encuentran participando del Encuentro Nacional de Cooperativas Escolares, un evento de capacitaci\u00f3n y formaci\u00f3n que cuenta con la participaci\u00f3n de alumnos y docentes tornquistenses.<\/p>\n<p>El encuentro se desarrolla en el Centro de Convenciones y Eventos de Posadas (Misiones), bajo el lema \u201cParticipaci\u00f3n de j\u00f3venes para el desarrollo humano sustentable\u201d, la consigna permitir\u00e1 aplicar la metodolog\u00eda del aprendizaje cooperativo enfoc\u00e1ndose en construir su propio proyecto de vida.<\/p>\n<p>La delegaci\u00f3n de Misi\u00f3n Coop est\u00e1 integrada por la docente Valeria Borelli; la presidente de la cooperativa escolar Milena Uribe Bentroni, el vicepresidente Eitan Castro, secretaria Victoria Rusconi y tesorera Ana Sgammini.<\/p>\n<p>Por su parte, Gesti\u00f3n Coop est\u00e1 representada por la docente Cecilia Bentroni, la presidenta de dicha cooperativa Solange Rodr\u00edguez, vicepresidente Marcos Espina, secretaria Cinthya Civerchia y la vocal titular Clara Rinc\u00f3n.<\/p>\n<p>La presidenta de la C\u00e9lula Argentina y Latinoamericana de Cooperativismo y Mutualismo Educacional (Calcme), Silvia Recalde, sostuvo que &#8220;los j\u00f3venes y ni\u00f1os tienen que ser los protagonistas de estas transformaciones que se vienen realizando a trav\u00e9s del cooperativismo escolar\u201d.<\/p>\n<p>Es importante mencionar, que la Cooperativa El\u00e9ctrica Limitada de Tornquist, no solo acompa\u00f1a la capacitaci\u00f3n y el asesoramiento a los integrantes de ambas cooperativas escolares, sino que tambi\u00e9n realiz\u00f3 un aporte econ\u00f3mico para posibilitar el viaje a Misiones.<\/p>\n<p><a href=\"http:\/\/www.celttv.com.ar\/?attachment_id=44471\" rel=\"attachment wp-att-44471\"><img loading=\"lazy\" decoding=\"async\" class=\"alignleft size-full wp-image-44471\" src=\"http:\/\/www.celttv.com.ar\/wp-content\/uploads\/2019\/10\/WhatsApp-Image-2019-10-07-at-08.22.46-1.jpeg\" alt=\"\" width=\"1280\" height=\"960\" srcset=\"https:\/\/www.celttv.com.ar\/wp-content\/uploads\/2019\/10\/WhatsApp-Image-2019-10-07-at-08.22.46-1.jpeg 1280w, https:\/\/www.celttv.com.ar\/wp-content\/uploads\/2019\/10\/WhatsApp-Image-2019-10-07-at-08.22.46-1-300x225.jpeg 300w, https:\/\/www.celttv.com.ar\/wp-content\/uploads\/2019\/10\/WhatsApp-Image-2019-10-07-at-08.22.46-1-1024x768.jpeg 1024w, https:\/\/www.celttv.com.ar\/wp-content\/uploads\/2019\/10\/WhatsApp-Image-2019-10-07-at-08.22.46-1-768x576.jpeg 768w, https:\/\/www.celttv.com.ar\/wp-content\/uploads\/2019\/10\/WhatsApp-Image-2019-10-07-at-08.22.46-1-750x563.jpeg 750w, https:\/\/www.celttv.com.ar\/wp-content\/uploads\/2019\/10\/WhatsApp-Image-2019-10-07-at-08.22.46-1-1140x855.jpeg 1140w\" sizes=\"auto, (max-width: 1280px) 100vw, 1280px\" \/><\/a> <a href=\"http:\/\/www.celttv.com.ar\/?attachment_id=44472\" rel=\"attachment wp-att-44472\"><img loading=\"lazy\" decoding=\"async\" class=\"alignleft size-medium wp-image-44472\" src=\"http:\/\/www.celttv.com.ar\/wp-content\/uploads\/2019\/10\/WhatsApp-Image-2019-10-07-at-08.22.46.jpeg\" alt=\"\" width=\"780\" height=\"585\" srcset=\"https:\/\/www.celttv.com.ar\/wp-content\/uploads\/2019\/10\/WhatsApp-Image-2019-10-07-at-08.22.46.jpeg 1280w, https:\/\/www.celttv.com.ar\/wp-content\/uploads\/2019\/10\/WhatsApp-Image-2019-10-07-at-08.22.46-300x225.jpeg 300w, https:\/\/www.celttv.com.ar\/wp-content\/uploads\/2019\/10\/WhatsApp-Image-2019-10-07-at-08.22.46-1024x768.jpeg 1024w, https:\/\/www.celttv.com.ar\/wp-content\/uploads\/2019\/10\/WhatsApp-Image-2019-10-07-at-08.22.46-768x576.jpeg 768w, https:\/\/www.celttv.com.ar\/wp-content\/uploads\/2019\/10\/WhatsApp-Image-2019-10-07-at-08.22.46-750x563.jpeg 750w, https:\/\/www.celttv.com.ar\/wp-content\/uploads\/2019\/10\/WhatsApp-Image-2019-10-07-at-08.22.46-1140x855.jpeg 1140w\" sizes=\"auto, (max-width: 780px) 100vw, 780px\" \/><\/a> <a href=\"http:\/\/www.celttv.com.ar\/?attachment_id=44473\" rel=\"attachment wp-att-44473\"><img loading=\"lazy\" decoding=\"async\" class=\"alignleft size-medium wp-image-44473\" src=\"http:\/\/www.celttv.com.ar\/wp-content\/uploads\/2019\/10\/WhatsApp-Image-2019-10-07-at-10.59.24.jpeg\" alt=\"\" width=\"780\" height=\"585\" srcset=\"https:\/\/www.celttv.com.ar\/wp-content\/uploads\/2019\/10\/WhatsApp-Image-2019-10-07-at-10.59.24.jpeg 1032w, https:\/\/www.celttv.com.ar\/wp-content\/uploads\/2019\/10\/WhatsApp-Image-2019-10-07-at-10.59.24-300x225.jpeg 300w, https:\/\/www.celttv.com.ar\/wp-content\/uploads\/2019\/10\/WhatsApp-Image-2019-10-07-at-10.59.24-1024x768.jpeg 1024w, https:\/\/www.celttv.com.ar\/wp-content\/uploads\/2019\/10\/WhatsApp-Image-2019-10-07-at-10.59.24-768x576.jpeg 768w, https:\/\/www.celttv.com.ar\/wp-content\/uploads\/2019\/10\/WhatsApp-Image-2019-10-07-at-10.59.24-750x563.jpeg 750w\" sizes=\"auto, (max-width: 780px) 100vw, 780px\" \/><\/a> <a href=\"http:\/\/www.celttv.com.ar\/?attachment_id=44474\" rel=\"attachment wp-att-44474\"><img loading=\"lazy\" decoding=\"async\" class=\"alignleft size-medium wp-image-44474\" src=\"http:\/\/www.celttv.com.ar\/wp-content\/uploads\/2019\/10\/WhatsApp-Image-2019-10-07-at-10.59.25.jpeg\" alt=\"\" width=\"780\" height=\"585\" srcset=\"https:\/\/www.celttv.com.ar\/wp-content\/uploads\/2019\/10\/WhatsApp-Image-2019-10-07-at-10.59.25.jpeg 1032w, https:\/\/www.celttv.com.ar\/wp-content\/uploads\/2019\/10\/WhatsApp-Image-2019-10-07-at-10.59.25-300x225.jpeg 300w, https:\/\/www.celttv.com.ar\/wp-content\/uploads\/2019\/10\/WhatsApp-Image-2019-10-07-at-10.59.25-1024x768.jpeg 1024w, https:\/\/www.celttv.com.ar\/wp-content\/uploads\/2019\/10\/WhatsApp-Image-2019-10-07-at-10.59.25-768x576.jpeg 768w, https:\/\/www.celttv.com.ar\/wp-content\/uploads\/2019\/10\/WhatsApp-Image-2019-10-07-at-10.59.25-750x563.jpeg 750w\" sizes=\"auto, (max-width: 780px) 100vw, 780px\" \/><\/a><\/p>\n","protected":false},"excerpt":{"rendered":"<p>Integrantes de los consejos de administraci\u00f3n de Misi\u00f3n Coop (Colegio Nuestra Se\u00f1ora de Luj\u00e1n) y Gesti\u00f3n Coop (Escuela de Educaci\u00f3n Secundaria N\u00b0 1), se encuentran participando del Encuentro Nacional de Cooperativas Escolares, un evento de capacitaci\u00f3n y formaci\u00f3n que cuenta con la participaci\u00f3n de alumnos y docentes tornquistenses. El encuentro se desarrolla en el Centro [&hellip;]<\/p>\n","protected":false},"author":1,"featured_media":44472,"comment_status":"closed","ping_status":"open","sticky":false,"template":"","format":"standard","meta":{"footnotes":""},"categories":[55,51,52,66],"tags":[],"class_list":["post-44470","post","type-post","status-publish","format-standard","has-post-thumbnail","hentry","category-celt-tv-noticias","category-comunidad","category-destacadas","category-informacion-cooperativa"],"yoast_head":"<!-- This site is optimized with the Yoast SEO plugin v19.7.1 - https:\/\/yoast.com\/wordpress\/plugins\/seo\/ -->\n<title>Misi\u00f3n Coop y Gesti\u00f3n Coop participan del Encuentro Nacional de Cooperativas Escolares en Misiones (Fotos) - CELTTV<\/title>\n<meta name=\"description\" content=\"Sitio web de noticias de la localidad de Tornquist, provincia de Buenos Aires, Rep\u00fablica Argentina. Contenido propio originado por periodistas de CELTTV, el canal de TV local de la Cooperativa El\u00e9ctrica de Tornquist. Turismo, Pol\u00edtica, Sociedad, Deporte, Cultura y todo el contenido de inter\u00e9s general que la gente del pueblo y la regi\u00f3n debe conocer.\" \/>\n<meta name=\"robots\" content=\"index, follow, max-snippet:-1, max-image-preview:large, max-video-preview:-1\" \/>\n<link rel=\"canonical\" href=\"https:\/\/www.celttv.com.ar\/index.php\/2019\/10\/07\/mision-coop-y-gestion-coop-participan-del-encuentro-nacional-de-cooperativas-escolares-en-misiones-fotos\/\" \/>\n<meta property=\"og:locale\" content=\"es_ES\" \/>\n<meta property=\"og:type\" content=\"article\" \/>\n<meta property=\"og:title\" content=\"Misi\u00f3n Coop y Gesti\u00f3n Coop participan del Encuentro Nacional de Cooperativas Escolares en Misiones (Fotos) - CELTTV\" \/>\n<meta property=\"og:description\" content=\"Sitio web de noticias de la localidad de Tornquist, provincia de Buenos Aires, Rep\u00fablica Argentina. Contenido propio originado por periodistas de CELTTV, el canal de TV local de la Cooperativa El\u00e9ctrica de Tornquist. Turismo, Pol\u00edtica, Sociedad, Deporte, Cultura y todo el contenido de inter\u00e9s general que la gente del pueblo y la regi\u00f3n debe conocer.\" \/>\n<meta property=\"og:url\" content=\"https:\/\/www.celttv.com.ar\/index.php\/2019\/10\/07\/mision-coop-y-gestion-coop-participan-del-encuentro-nacional-de-cooperativas-escolares-en-misiones-fotos\/\" \/>\n<meta property=\"og:site_name\" content=\"CELTTV\" \/>\n<meta property=\"article:publisher\" content=\"https:\/\/www.facebook.com\/celtTV\/\" \/>\n<meta property=\"article:published_time\" content=\"2019-10-07T20:19:39+00:00\" \/>\n<meta property=\"og:image\" content=\"https:\/\/www.celttv.com.ar\/wp-content\/uploads\/2019\/10\/WhatsApp-Image-2019-10-07-at-08.22.46.jpeg\" \/>\n\t<meta property=\"og:image:width\" content=\"1280\" \/>\n\t<meta property=\"og:image:height\" content=\"960\" \/>\n\t<meta property=\"og:image:type\" content=\"image\/jpeg\" \/>\n<meta name=\"author\" content=\"ulises\" \/>\n<meta name=\"twitter:card\" content=\"summary_large_image\" \/>\n<meta name=\"twitter:label1\" content=\"Escrito por\" \/>\n\t<meta name=\"twitter:data1\" content=\"ulises\" \/>\n\t<meta name=\"twitter:label2\" content=\"Tiempo de lectura\" \/>\n\t<meta name=\"twitter:data2\" content=\"1 minuto\" \/>\n<script type=\"application\/ld+json\" class=\"yoast-schema-graph\">{\"@context\":\"https:\/\/schema.org\",\"@graph\":[{\"@type\":\"NewsArticle\",\"@id\":\"https:\/\/www.celttv.com.ar\/index.php\/2019\/10\/07\/mision-coop-y-gestion-coop-participan-del-encuentro-nacional-de-cooperativas-escolares-en-misiones-fotos\/#article\",\"isPartOf\":{\"@id\":\"https:\/\/www.celttv.com.ar\/index.php\/2019\/10\/07\/mision-coop-y-gestion-coop-participan-del-encuentro-nacional-de-cooperativas-escolares-en-misiones-fotos\/\"},\"author\":{\"name\":\"ulises\",\"@id\":\"https:\/\/www.celttv.com.ar\/#\/schema\/person\/6d99c072dba59953809c81446e9d0ace\"},\"headline\":\"Misi\u00f3n Coop y Gesti\u00f3n Coop participan del Encuentro Nacional de Cooperativas Escolares en Misiones (Fotos)\",\"datePublished\":\"2019-10-07T20:19:39+00:00\",\"dateModified\":\"2019-10-07T20:19:39+00:00\",\"mainEntityOfPage\":{\"@id\":\"https:\/\/www.celttv.com.ar\/index.php\/2019\/10\/07\/mision-coop-y-gestion-coop-participan-del-encuentro-nacional-de-cooperativas-escolares-en-misiones-fotos\/\"},\"wordCount\":273,\"publisher\":{\"@id\":\"https:\/\/www.celttv.com.ar\/#organization\"},\"articleSection\":[\"Celt TV Noticias\",\"Comunidad\",\"Destacadas\",\"Informaci\u00f3n Cooperativa\"],\"inLanguage\":\"es\"},{\"@type\":\"WebPage\",\"@id\":\"https:\/\/www.celttv.com.ar\/index.php\/2019\/10\/07\/mision-coop-y-gestion-coop-participan-del-encuentro-nacional-de-cooperativas-escolares-en-misiones-fotos\/\",\"url\":\"https:\/\/www.celttv.com.ar\/index.php\/2019\/10\/07\/mision-coop-y-gestion-coop-participan-del-encuentro-nacional-de-cooperativas-escolares-en-misiones-fotos\/\",\"name\":\"Misi\u00f3n Coop y Gesti\u00f3n Coop participan del Encuentro Nacional de Cooperativas Escolares en Misiones (Fotos) - CELTTV\",\"isPartOf\":{\"@id\":\"https:\/\/www.celttv.com.ar\/#website\"},\"datePublished\":\"2019-10-07T20:19:39+00:00\",\"dateModified\":\"2019-10-07T20:19:39+00:00\",\"description\":\"Sitio web de noticias de la localidad de Tornquist, provincia de Buenos Aires, Rep\u00fablica Argentina. Contenido propio originado por periodistas de CELTTV, el canal de TV local de la Cooperativa El\u00e9ctrica de Tornquist. Turismo, Pol\u00edtica, Sociedad, Deporte, Cultura y todo el contenido de inter\u00e9s general que la gente del pueblo y la regi\u00f3n debe conocer.\",\"breadcrumb\":{\"@id\":\"https:\/\/www.celttv.com.ar\/index.php\/2019\/10\/07\/mision-coop-y-gestion-coop-participan-del-encuentro-nacional-de-cooperativas-escolares-en-misiones-fotos\/#breadcrumb\"},\"inLanguage\":\"es\",\"potentialAction\":[{\"@type\":\"ReadAction\",\"target\":[\"https:\/\/www.celttv.com.ar\/index.php\/2019\/10\/07\/mision-coop-y-gestion-coop-participan-del-encuentro-nacional-de-cooperativas-escolares-en-misiones-fotos\/\"]}]},{\"@type\":\"BreadcrumbList\",\"@id\":\"https:\/\/www.celttv.com.ar\/index.php\/2019\/10\/07\/mision-coop-y-gestion-coop-participan-del-encuentro-nacional-de-cooperativas-escolares-en-misiones-fotos\/#breadcrumb\",\"itemListElement\":[{\"@type\":\"ListItem\",\"position\":1,\"name\":\"Inicio\",\"item\":\"https:\/\/www.celttv.com.ar\/\"},{\"@type\":\"ListItem\",\"position\":2,\"name\":\"Misi\u00f3n Coop y Gesti\u00f3n Coop participan del Encuentro Nacional de Cooperativas Escolares en Misiones (Fotos)\"}]},{\"@type\":\"WebSite\",\"@id\":\"https:\/\/www.celttv.com.ar\/#website\",\"url\":\"https:\/\/www.celttv.com.ar\/\",\"name\":\"CELTTV\",\"description\":\"Cooperativa El\u00e9ctrica de Tornquist\",\"publisher\":{\"@id\":\"https:\/\/www.celttv.com.ar\/#organization\"},\"potentialAction\":[{\"@type\":\"SearchAction\",\"target\":{\"@type\":\"EntryPoint\",\"urlTemplate\":\"https:\/\/www.celttv.com.ar\/?s={search_term_string}\"},\"query-input\":\"required name=search_term_string\"}],\"inLanguage\":\"es\"},{\"@type\":\"Organization\",\"@id\":\"https:\/\/www.celttv.com.ar\/#organization\",\"name\":\"CELTTV\",\"url\":\"https:\/\/www.celttv.com.ar\/\",\"sameAs\":[\"https:\/\/www.youtube.com\/channel\/UCz_oIt8Hig64Ub-EmcNPIhg\",\"https:\/\/www.facebook.com\/celtTV\/\"],\"logo\":{\"@type\":\"ImageObject\",\"inLanguage\":\"es\",\"@id\":\"https:\/\/www.celttv.com.ar\/#\/schema\/logo\/image\/\",\"url\":\"http:\/\/www.celttv.com.ar\/wp-content\/uploads\/2022\/08\/logo-1.png\",\"contentUrl\":\"http:\/\/www.celttv.com.ar\/wp-content\/uploads\/2022\/08\/logo-1.png\",\"width\":461,\"height\":159,\"caption\":\"CELTTV\"},\"image\":{\"@id\":\"https:\/\/www.celttv.com.ar\/#\/schema\/logo\/image\/\"}},{\"@type\":\"Person\",\"@id\":\"https:\/\/www.celttv.com.ar\/#\/schema\/person\/6d99c072dba59953809c81446e9d0ace\",\"name\":\"ulises\",\"image\":{\"@type\":\"ImageObject\",\"inLanguage\":\"es\",\"@id\":\"https:\/\/www.celttv.com.ar\/#\/schema\/person\/image\/\",\"url\":\"https:\/\/secure.gravatar.com\/avatar\/7f2c48bdc33b30088f941fb6082e555f2874c98e20cb159d7b92b50eadfce793?s=96&d=mm&r=g\",\"contentUrl\":\"https:\/\/secure.gravatar.com\/avatar\/7f2c48bdc33b30088f941fb6082e555f2874c98e20cb159d7b92b50eadfce793?s=96&d=mm&r=g\",\"caption\":\"ulises\"},\"sameAs\":[\"http:\/\/www.celttv.com.ar\"]}]}<\/script>\n<!-- \/ Yoast SEO plugin. -->","yoast_head_json":{"title":"Misi\u00f3n Coop y Gesti\u00f3n Coop participan del Encuentro Nacional de Cooperativas Escolares en Misiones (Fotos) - CELTTV","description":"Sitio web de noticias de la localidad de Tornquist, provincia de Buenos Aires, Rep\u00fablica Argentina. Contenido propio originado por periodistas de CELTTV, el canal de TV local de la Cooperativa El\u00e9ctrica de Tornquist. Turismo, Pol\u00edtica, Sociedad, Deporte, Cultura y todo el contenido de inter\u00e9s general que la gente del pueblo y la regi\u00f3n debe conocer.","robots":{"index":"index","follow":"follow","max-snippet":"max-snippet:-1","max-image-preview":"max-image-preview:large","max-video-preview":"max-video-preview:-1"},"canonical":"https:\/\/www.celttv.com.ar\/index.php\/2019\/10\/07\/mision-coop-y-gestion-coop-participan-del-encuentro-nacional-de-cooperativas-escolares-en-misiones-fotos\/","og_locale":"es_ES","og_type":"article","og_title":"Misi\u00f3n Coop y Gesti\u00f3n Coop participan del Encuentro Nacional de Cooperativas Escolares en Misiones (Fotos) - CELTTV","og_description":"Sitio web de noticias de la localidad de Tornquist, provincia de Buenos Aires, Rep\u00fablica Argentina. Contenido propio originado por periodistas de CELTTV, el canal de TV local de la Cooperativa El\u00e9ctrica de Tornquist. Turismo, Pol\u00edtica, Sociedad, Deporte, Cultura y todo el contenido de inter\u00e9s general que la gente del pueblo y la regi\u00f3n debe conocer.","og_url":"https:\/\/www.celttv.com.ar\/index.php\/2019\/10\/07\/mision-coop-y-gestion-coop-participan-del-encuentro-nacional-de-cooperativas-escolares-en-misiones-fotos\/","og_site_name":"CELTTV","article_publisher":"https:\/\/www.facebook.com\/celtTV\/","article_published_time":"2019-10-07T20:19:39+00:00","og_image":[{"width":1280,"height":960,"url":"https:\/\/www.celttv.com.ar\/wp-content\/uploads\/2019\/10\/WhatsApp-Image-2019-10-07-at-08.22.46.jpeg","type":"image\/jpeg"}],"author":"ulises","twitter_card":"summary_large_image","twitter_misc":{"Escrito por":"ulises","Tiempo de lectura":"1 minuto"},"schema":{"@context":"https:\/\/schema.org","@graph":[{"@type":"NewsArticle","@id":"https:\/\/www.celttv.com.ar\/index.php\/2019\/10\/07\/mision-coop-y-gestion-coop-participan-del-encuentro-nacional-de-cooperativas-escolares-en-misiones-fotos\/#article","isPartOf":{"@id":"https:\/\/www.celttv.com.ar\/index.php\/2019\/10\/07\/mision-coop-y-gestion-coop-participan-del-encuentro-nacional-de-cooperativas-escolares-en-misiones-fotos\/"},"author":{"name":"ulises","@id":"https:\/\/www.celttv.com.ar\/#\/schema\/person\/6d99c072dba59953809c81446e9d0ace"},"headline":"Misi\u00f3n Coop y Gesti\u00f3n Coop participan del Encuentro Nacional de Cooperativas Escolares en Misiones (Fotos)","datePublished":"2019-10-07T20:19:39+00:00","dateModified":"2019-10-07T20:19:39+00:00","mainEntityOfPage":{"@id":"https:\/\/www.celttv.com.ar\/index.php\/2019\/10\/07\/mision-coop-y-gestion-coop-participan-del-encuentro-nacional-de-cooperativas-escolares-en-misiones-fotos\/"},"wordCount":273,"publisher":{"@id":"https:\/\/www.celttv.com.ar\/#organization"},"articleSection":["Celt TV Noticias","Comunidad","Destacadas","Informaci\u00f3n Cooperativa"],"inLanguage":"es"},{"@type":"WebPage","@id":"https:\/\/www.celttv.com.ar\/index.php\/2019\/10\/07\/mision-coop-y-gestion-coop-participan-del-encuentro-nacional-de-cooperativas-escolares-en-misiones-fotos\/","url":"https:\/\/www.celttv.com.ar\/index.php\/2019\/10\/07\/mision-coop-y-gestion-coop-participan-del-encuentro-nacional-de-cooperativas-escolares-en-misiones-fotos\/","name":"Misi\u00f3n Coop y Gesti\u00f3n Coop participan del Encuentro Nacional de Cooperativas Escolares en Misiones (Fotos) - CELTTV","isPartOf":{"@id":"https:\/\/www.celttv.com.ar\/#website"},"datePublished":"2019-10-07T20:19:39+00:00","dateModified":"2019-10-07T20:19:39+00:00","description":"Sitio web de noticias de la localidad de Tornquist, provincia de Buenos Aires, Rep\u00fablica Argentina. Contenido propio originado por periodistas de CELTTV, el canal de TV local de la Cooperativa El\u00e9ctrica de Tornquist. Turismo, Pol\u00edtica, Sociedad, Deporte, Cultura y todo el contenido de inter\u00e9s general que la gente del pueblo y la regi\u00f3n debe conocer.","breadcrumb":{"@id":"https:\/\/www.celttv.com.ar\/index.php\/2019\/10\/07\/mision-coop-y-gestion-coop-participan-del-encuentro-nacional-de-cooperativas-escolares-en-misiones-fotos\/#breadcrumb"},"inLanguage":"es","potentialAction":[{"@type":"ReadAction","target":["https:\/\/www.celttv.com.ar\/index.php\/2019\/10\/07\/mision-coop-y-gestion-coop-participan-del-encuentro-nacional-de-cooperativas-escolares-en-misiones-fotos\/"]}]},{"@type":"BreadcrumbList","@id":"https:\/\/www.celttv.com.ar\/index.php\/2019\/10\/07\/mision-coop-y-gestion-coop-participan-del-encuentro-nacional-de-cooperativas-escolares-en-misiones-fotos\/#breadcrumb","itemListElement":[{"@type":"ListItem","position":1,"name":"Inicio","item":"https:\/\/www.celttv.com.ar\/"},{"@type":"ListItem","position":2,"name":"Misi\u00f3n Coop y Gesti\u00f3n Coop participan del Encuentro Nacional de Cooperativas Escolares en Misiones (Fotos)"}]},{"@type":"WebSite","@id":"https:\/\/www.celttv.com.ar\/#website","url":"https:\/\/www.celttv.com.ar\/","name":"CELTTV","description":"Cooperativa El\u00e9ctrica de Tornquist","publisher":{"@id":"https:\/\/www.celttv.com.ar\/#organization"},"potentialAction":[{"@type":"SearchAction","target":{"@type":"EntryPoint","urlTemplate":"https:\/\/www.celttv.com.ar\/?s={search_term_string}"},"query-input":"required name=search_term_string"}],"inLanguage":"es"},{"@type":"Organization","@id":"https:\/\/www.celttv.com.ar\/#organization","name":"CELTTV","url":"https:\/\/www.celttv.com.ar\/","sameAs":["https:\/\/www.youtube.com\/channel\/UCz_oIt8Hig64Ub-EmcNPIhg","https:\/\/www.facebook.com\/celtTV\/"],"logo":{"@type":"ImageObject","inLanguage":"es","@id":"https:\/\/www.celttv.com.ar\/#\/schema\/logo\/image\/","url":"http:\/\/www.celttv.com.ar\/wp-content\/uploads\/2022\/08\/logo-1.png","contentUrl":"http:\/\/www.celttv.com.ar\/wp-content\/uploads\/2022\/08\/logo-1.png","width":461,"height":159,"caption":"CELTTV"},"image":{"@id":"https:\/\/www.celttv.com.ar\/#\/schema\/logo\/image\/"}},{"@type":"Person","@id":"https:\/\/www.celttv.com.ar\/#\/schema\/person\/6d99c072dba59953809c81446e9d0ace","name":"ulises","image":{"@type":"ImageObject","inLanguage":"es","@id":"https:\/\/www.celttv.com.ar\/#\/schema\/person\/image\/","url":"https:\/\/secure.gravatar.com\/avatar\/7f2c48bdc33b30088f941fb6082e555f2874c98e20cb159d7b92b50eadfce793?s=96&d=mm&r=g","contentUrl":"https:\/\/secure.gravatar.com\/avatar\/7f2c48bdc33b30088f941fb6082e555f2874c98e20cb159d7b92b50eadfce793?s=96&d=mm&r=g","caption":"ulises"},"sameAs":["http:\/\/www.celttv.com.ar"]}]}},"_links":{"self":[{"href":"https:\/\/www.celttv.com.ar\/index.php\/wp-json\/wp\/v2\/posts\/44470","targetHints":{"allow":["GET"]}}],"collection":[{"href":"https:\/\/www.celttv.com.ar\/index.php\/wp-json\/wp\/v2\/posts"}],"about":[{"href":"https:\/\/www.celttv.com.ar\/index.php\/wp-json\/wp\/v2\/types\/post"}],"author":[{"embeddable":true,"href":"https:\/\/www.celttv.com.ar\/index.php\/wp-json\/wp\/v2\/users\/1"}],"replies":[{"embeddable":true,"href":"https:\/\/www.celttv.com.ar\/index.php\/wp-json\/wp\/v2\/comments?post=44470"}],"version-history":[{"count":0,"href":"https:\/\/www.celttv.com.ar\/index.php\/wp-json\/wp\/v2\/posts\/44470\/revisions"}],"wp:featuredmedia":[{"embeddable":true,"href":"https:\/\/www.celttv.com.ar\/index.php\/wp-json\/wp\/v2\/media\/44472"}],"wp:attachment":[{"href":"https:\/\/www.celttv.com.ar\/index.php\/wp-json\/wp\/v2\/media?parent=44470"}],"wp:term":[{"taxonomy":"category","embeddable":true,"href":"https:\/\/www.celttv.com.ar\/index.php\/wp-json\/wp\/v2\/categories?post=44470"},{"taxonomy":"post_tag","embeddable":true,"href":"https:\/\/www.celttv.com.ar\/index.php\/wp-json\/wp\/v2\/tags?post=44470"}],"curies":[{"name":"wp","href":"https:\/\/api.w.org\/{rel}","templated":true}]}}