{"id":44496,"date":"2019-10-08T20:02:21","date_gmt":"2019-10-08T20:02:21","guid":{"rendered":"http:\/\/www.celttv.com.ar\/?p=44496"},"modified":"2019-10-08T20:02:21","modified_gmt":"2019-10-08T20:02:21","slug":"8102019-pablo-canle-fue-electo-presidente-de-la-asociacion-de-turismo","status":"publish","type":"post","link":"https:\/\/www.celttv.com.ar\/index.php\/2019\/10\/08\/8102019-pablo-canle-fue-electo-presidente-de-la-asociacion-de-turismo\/","title":{"rendered":"Pablo Canle fue electo presidente de la Asociaci\u00f3n de Turismo (fotos y videos)"},"content":{"rendered":"<div class=\"jeg_video_container jeg_video_content\"><iframe loading=\"lazy\" title=\"2019 10 03 ASOCIACION DE TURISMO 1   JORGE MAIPACH\" width=\"500\" height=\"281\" src=\"https:\/\/www.youtube.com\/embed\/dEnzRZ-CTos?feature=oembed\" frameborder=\"0\" allow=\"accelerometer; autoplay; clipboard-write; encrypted-media; gyroscope; picture-in-picture; web-share\" referrerpolicy=\"strict-origin-when-cross-origin\" allowfullscreen><\/iframe><\/div>\n<div class=\"jeg_video_container jeg_video_content\"><iframe loading=\"lazy\" title=\"2019 10 03 ASOCIACION DE TURISMO 1   PABLO CANLE\" width=\"500\" height=\"281\" src=\"https:\/\/www.youtube.com\/embed\/J5ylg0tg0I8?feature=oembed\" frameborder=\"0\" allow=\"accelerometer; autoplay; clipboard-write; encrypted-media; gyroscope; picture-in-picture; web-share\" referrerpolicy=\"strict-origin-when-cross-origin\" allowfullscreen><\/iframe><\/div>\n<p>&nbsp;<\/p>\n<p>En la Asamblea anual de la Asociaci\u00f3n para el Desarrollo Tur\u00edstico de la Comarca de Sierra de la Ventana realizada el pasado mi\u00e9rcoles en el Club de Golf de la localidad serrana, fue electo presidente para el nuevo per\u00edodo Pablo Canle.<\/p>\n<div>Con la presencia de un buen n\u00famero de asociados se dio lectura a la memoria y balance correspondiente al ejercicio N\u00ba21 de la instituci\u00f3n, finalizado el 30 de junio de 2019.<\/div>\n<div>El contador Gabriel Artola dio lectura y brind\u00f3 detalles sobre los distintos cuadros econ\u00f3micos, para dar paso a la presentaci\u00f3n de una \u00fanica lista encabezada por Pablo Canle a quien acompa\u00f1ar\u00e1n durante el nuevo per\u00edodo Mario Rodriguez, Jorge Maipach, Nicolas Massa, Florencia Savisky, Fabian Massa, Gabriela Garc\u00eda, Jorge Sposato, Ivana Maggi, Micaela Costas, Jorge Simon, Dante Peralta, Andrea Benitez, Roberto Mutti, Miguel Herrada, Gladys Contreras, Horacio Mendoza y Jeremias Cutugno.<\/div>\n<div>En la pr\u00f3xima reuni\u00f3n se realizar\u00e1 la correspondiente distribuci\u00f3n de cargos.<\/div>\n<div><\/div>\n<div>\u201cHe cumplido un ciclo de dos a\u00f1os y debemos renovar permitiendo que ingrese gente nueva a la instituci\u00f3n\u201d se\u00f1al\u00f3 Jorge Maipach, quien concluy\u00f3 el per\u00edodo como titular de la entidad.<\/div>\n<div>\u201cEs importante ver en cada asamblea a los ex integrantes, que en algunos casos han presidido la instituci\u00f3n, gente de tantos a\u00f1os que siempre est\u00e1n\u201d se\u00f1al\u00f3.<\/div>\n<div>\u201cEsta Asociaci\u00f3n est\u00e1 integrada por representantes de distintas instituciones que est\u00e1n trabajando en la constituci\u00f3n del Instituto Mixto de Turismo, para lo cual hay mucho entusiasmo\u201d<\/div>\n<div>Maipach calific\u00f3 a la creaci\u00f3n de la Asociaci\u00f3n de Turismo como uno de los grandes mojones buscando apostar al crecimiento y el desarrollo de la actividad tur\u00edstica en la comarca.<\/div>\n<div>El Complejo El Mirador est\u00e1 pr\u00f3ximo a cumplir 50 a\u00f1os de existencia como prestador tur\u00edstico \u201cestamos viendo el crecimiento y necesitamos seguir creciendo. Hoy una de las principales necesidades es la conectividad. Que las rutas est\u00e9n buenas, el aeropuerto de Bah\u00eda tiene cada vez mas empresas que llegan a Bah\u00eda Blanca; el tema internet. Esto tiene mucho que ver con el crecimiento y el desarrollo de la actividad\u201d subray\u00f3 Jorge Maipach.<\/div>\n<div>Maipach resalt\u00f3 una vez mas la importancia de contar con la Asociaci\u00f3n de Turismo y la constituci\u00f3n del Instituto mixto de turismo.<\/div>\n<div>\u201cEsto nos permitir\u00e1 tirar del carro todos juntos y hablando el mismo idioma. Esto le sirve al Municipio y a los privados para seguir apostando al crecimiento de la comarca\u201d dijo el ex presidente de Asociaci\u00f3n de Turismo.<\/div>\n<div>\u201cNosotros, en la \u00e9poca de Gerardo Rattero intendente comenzamos de alguna manera a trabajar como un ente mixto y despu\u00e9s se constituy\u00f3 la Asociaci\u00f3n como algo privado\u201d rememora Maipach.<\/div>\n<div>\u201cY era una gran verdad lo que dec\u00eda Gerardo \u201cTenemos el distrito mas bonito de la provincia de Buenos Aires\u201d concluy\u00f3.<\/div>\n<div><\/div>\n<div><\/div>\n<div><\/div>\n<div><\/div>\n<div>Pablo Canle, presidente electo de la Asociaci\u00f3n de Turismo<\/div>\n<div>\u201cTratar\u00e9 de representar de la mejor forma a una instituci\u00f3n que tiene m\u00e1s de 20 a\u00f1os\u201d dijo Pablo Canle, flamante presidente de la Asociaci\u00f3n de Turismo.<\/div>\n<div>A lo largo de los a\u00f1os la Asociaci\u00f3n hizo infinidad de\u00a0 cosas y ahora que estamos todas las instituciones representadas y buscando acciones que beneficien a todos\u201d dijo Canle citando en esa direcci\u00f3n la constituci\u00f3n del instituto ente mixto como un logro importante.<\/div>\n<div>\u201cHace bastante tiempo estamos trabajando todas las instituciones sumados a la gente de la municipalidad en el proyecto de ordenanza que esperemos se apruebe en unos d\u00eda en el Concejo Deliberante, porque ser\u00e1 beneficioso para el distrito\u201d agreg\u00f3 Canle.<\/div>\n<div><\/div>\n<div>\n<div id='gallery_1' class='gallery galleryid-44496 gallery-columns-3 gallery-size-medium'><figure class='gallery-item'>\n            <div class='gallery-icon portrait'>\n                <a href='https:\/\/www.celttv.com.ar\/wp-content\/uploads\/2019\/10\/IMG_4929-Medium.jpg'><img loading=\"lazy\" decoding=\"async\" width=\"200\" height=\"300\" src=\"\" class=\"attachment-medium size-medium lazyload\" alt=\"\" data-src=\"https:\/\/www.celttv.com.ar\/wp-content\/uploads\/2019\/10\/IMG_4929-Medium-200x300.jpg\" data-sizes=\"auto\" data-srcset=\"https:\/\/www.celttv.com.ar\/wp-content\/uploads\/2019\/10\/IMG_4929-Medium-200x300.jpg 200w, https:\/\/www.celttv.com.ar\/wp-content\/uploads\/2019\/10\/IMG_4929-Medium-683x1024.jpg 683w, https:\/\/www.celttv.com.ar\/wp-content\/uploads\/2019\/10\/IMG_4929-Medium-750x1125.jpg 750w, https:\/\/www.celttv.com.ar\/wp-content\/uploads\/2019\/10\/IMG_4929-Medium.jpg 768w\" data-expand=\"700\" \/><\/a>\n            <\/div><\/figure><figure class='gallery-item'>\n            <div class='gallery-icon landscape'>\n                <a href='https:\/\/www.celttv.com.ar\/wp-content\/uploads\/2019\/10\/IMG_4928-Medium.jpg'><img loading=\"lazy\" decoding=\"async\" width=\"300\" height=\"200\" src=\"\" class=\"attachment-medium size-medium lazyload\" alt=\"\" data-src=\"https:\/\/www.celttv.com.ar\/wp-content\/uploads\/2019\/10\/IMG_4928-Medium-300x200.jpg\" data-sizes=\"auto\" data-srcset=\"https:\/\/www.celttv.com.ar\/wp-content\/uploads\/2019\/10\/IMG_4928-Medium-300x200.jpg 300w, https:\/\/www.celttv.com.ar\/wp-content\/uploads\/2019\/10\/IMG_4928-Medium-1024x683.jpg 1024w, https:\/\/www.celttv.com.ar\/wp-content\/uploads\/2019\/10\/IMG_4928-Medium-768x512.jpg 768w, https:\/\/www.celttv.com.ar\/wp-content\/uploads\/2019\/10\/IMG_4928-Medium-750x500.jpg 750w, https:\/\/www.celttv.com.ar\/wp-content\/uploads\/2019\/10\/IMG_4928-Medium-1140x760.jpg 1140w, https:\/\/www.celttv.com.ar\/wp-content\/uploads\/2019\/10\/IMG_4928-Medium.jpg 1152w\" data-expand=\"700\" \/><\/a>\n            <\/div><\/figure><figure class='gallery-item'>\n            <div class='gallery-icon landscape'>\n                <a href='https:\/\/www.celttv.com.ar\/wp-content\/uploads\/2019\/10\/IMG_4926-Medium.jpg'><img loading=\"lazy\" decoding=\"async\" width=\"300\" height=\"200\" src=\"\" class=\"attachment-medium size-medium lazyload\" alt=\"\" data-src=\"https:\/\/www.celttv.com.ar\/wp-content\/uploads\/2019\/10\/IMG_4926-Medium-300x200.jpg\" data-sizes=\"auto\" data-srcset=\"https:\/\/www.celttv.com.ar\/wp-content\/uploads\/2019\/10\/IMG_4926-Medium-300x200.jpg 300w, https:\/\/www.celttv.com.ar\/wp-content\/uploads\/2019\/10\/IMG_4926-Medium-1024x683.jpg 1024w, https:\/\/www.celttv.com.ar\/wp-content\/uploads\/2019\/10\/IMG_4926-Medium-768x512.jpg 768w, https:\/\/www.celttv.com.ar\/wp-content\/uploads\/2019\/10\/IMG_4926-Medium-750x500.jpg 750w, https:\/\/www.celttv.com.ar\/wp-content\/uploads\/2019\/10\/IMG_4926-Medium-1140x760.jpg 1140w, https:\/\/www.celttv.com.ar\/wp-content\/uploads\/2019\/10\/IMG_4926-Medium.jpg 1152w\" data-expand=\"700\" \/><\/a>\n            <\/div><\/figure><br style=\"clear: both\" \/><figure class='gallery-item'>\n            <div class='gallery-icon landscape'>\n                <a href='https:\/\/www.celttv.com.ar\/wp-content\/uploads\/2019\/10\/IMG_4925-Medium.jpg'><img loading=\"lazy\" decoding=\"async\" width=\"300\" height=\"200\" src=\"\" class=\"attachment-medium size-medium lazyload\" alt=\"\" data-src=\"https:\/\/www.celttv.com.ar\/wp-content\/uploads\/2019\/10\/IMG_4925-Medium-300x200.jpg\" data-sizes=\"auto\" data-srcset=\"https:\/\/www.celttv.com.ar\/wp-content\/uploads\/2019\/10\/IMG_4925-Medium-300x200.jpg 300w, https:\/\/www.celttv.com.ar\/wp-content\/uploads\/2019\/10\/IMG_4925-Medium-1024x683.jpg 1024w, https:\/\/www.celttv.com.ar\/wp-content\/uploads\/2019\/10\/IMG_4925-Medium-768x512.jpg 768w, https:\/\/www.celttv.com.ar\/wp-content\/uploads\/2019\/10\/IMG_4925-Medium-750x500.jpg 750w, https:\/\/www.celttv.com.ar\/wp-content\/uploads\/2019\/10\/IMG_4925-Medium-1140x760.jpg 1140w, https:\/\/www.celttv.com.ar\/wp-content\/uploads\/2019\/10\/IMG_4925-Medium.jpg 1152w\" data-expand=\"700\" \/><\/a>\n            <\/div><\/figure><figure class='gallery-item'>\n            <div class='gallery-icon landscape'>\n                <a href='https:\/\/www.celttv.com.ar\/wp-content\/uploads\/2019\/10\/IMG_4924-Medium.jpg'><img loading=\"lazy\" decoding=\"async\" width=\"300\" height=\"200\" src=\"\" class=\"attachment-medium size-medium lazyload\" alt=\"\" data-src=\"https:\/\/www.celttv.com.ar\/wp-content\/uploads\/2019\/10\/IMG_4924-Medium-300x200.jpg\" data-sizes=\"auto\" data-srcset=\"https:\/\/www.celttv.com.ar\/wp-content\/uploads\/2019\/10\/IMG_4924-Medium-300x200.jpg 300w, https:\/\/www.celttv.com.ar\/wp-content\/uploads\/2019\/10\/IMG_4924-Medium-1024x683.jpg 1024w, https:\/\/www.celttv.com.ar\/wp-content\/uploads\/2019\/10\/IMG_4924-Medium-768x512.jpg 768w, https:\/\/www.celttv.com.ar\/wp-content\/uploads\/2019\/10\/IMG_4924-Medium-750x500.jpg 750w, https:\/\/www.celttv.com.ar\/wp-content\/uploads\/2019\/10\/IMG_4924-Medium-1140x760.jpg 1140w, https:\/\/www.celttv.com.ar\/wp-content\/uploads\/2019\/10\/IMG_4924-Medium.jpg 1152w\" data-expand=\"700\" \/><\/a>\n            <\/div><\/figure><figure class='gallery-item'>\n            <div class='gallery-icon landscape'>\n                <a href='https:\/\/www.celttv.com.ar\/wp-content\/uploads\/2019\/10\/IMG_4923-Medium.jpg'><img loading=\"lazy\" decoding=\"async\" width=\"300\" height=\"200\" src=\"\" class=\"attachment-medium size-medium lazyload\" alt=\"\" data-src=\"https:\/\/www.celttv.com.ar\/wp-content\/uploads\/2019\/10\/IMG_4923-Medium-300x200.jpg\" data-sizes=\"auto\" data-srcset=\"https:\/\/www.celttv.com.ar\/wp-content\/uploads\/2019\/10\/IMG_4923-Medium-300x200.jpg 300w, https:\/\/www.celttv.com.ar\/wp-content\/uploads\/2019\/10\/IMG_4923-Medium-1024x683.jpg 1024w, https:\/\/www.celttv.com.ar\/wp-content\/uploads\/2019\/10\/IMG_4923-Medium-768x512.jpg 768w, https:\/\/www.celttv.com.ar\/wp-content\/uploads\/2019\/10\/IMG_4923-Medium-750x500.jpg 750w, https:\/\/www.celttv.com.ar\/wp-content\/uploads\/2019\/10\/IMG_4923-Medium-1140x760.jpg 1140w, https:\/\/www.celttv.com.ar\/wp-content\/uploads\/2019\/10\/IMG_4923-Medium.jpg 1152w\" data-expand=\"700\" \/><\/a>\n            <\/div><\/figure><br style=\"clear: both\" \/><figure class='gallery-item'>\n            <div class='gallery-icon landscape'>\n                <a href='https:\/\/www.celttv.com.ar\/wp-content\/uploads\/2019\/10\/IMG_4922-Medium.jpg'><img loading=\"lazy\" decoding=\"async\" width=\"300\" height=\"200\" src=\"\" class=\"attachment-medium size-medium lazyload\" alt=\"\" data-src=\"https:\/\/www.celttv.com.ar\/wp-content\/uploads\/2019\/10\/IMG_4922-Medium-300x200.jpg\" data-sizes=\"auto\" data-srcset=\"https:\/\/www.celttv.com.ar\/wp-content\/uploads\/2019\/10\/IMG_4922-Medium-300x200.jpg 300w, https:\/\/www.celttv.com.ar\/wp-content\/uploads\/2019\/10\/IMG_4922-Medium-1024x683.jpg 1024w, https:\/\/www.celttv.com.ar\/wp-content\/uploads\/2019\/10\/IMG_4922-Medium-768x512.jpg 768w, https:\/\/www.celttv.com.ar\/wp-content\/uploads\/2019\/10\/IMG_4922-Medium-750x500.jpg 750w, https:\/\/www.celttv.com.ar\/wp-content\/uploads\/2019\/10\/IMG_4922-Medium-1140x760.jpg 1140w, https:\/\/www.celttv.com.ar\/wp-content\/uploads\/2019\/10\/IMG_4922-Medium.jpg 1152w\" data-expand=\"700\" \/><\/a>\n            <\/div><\/figure><figure class='gallery-item'>\n            <div class='gallery-icon landscape'>\n                <a href='https:\/\/www.celttv.com.ar\/wp-content\/uploads\/2019\/10\/canle-Medium.jpg'><img loading=\"lazy\" decoding=\"async\" width=\"300\" height=\"200\" src=\"\" class=\"attachment-medium size-medium lazyload\" alt=\"\" data-src=\"https:\/\/www.celttv.com.ar\/wp-content\/uploads\/2019\/10\/canle-Medium-300x200.jpg\" data-sizes=\"auto\" data-srcset=\"https:\/\/www.celttv.com.ar\/wp-content\/uploads\/2019\/10\/canle-Medium-300x200.jpg 300w, https:\/\/www.celttv.com.ar\/wp-content\/uploads\/2019\/10\/canle-Medium-1024x683.jpg 1024w, https:\/\/www.celttv.com.ar\/wp-content\/uploads\/2019\/10\/canle-Medium-768x512.jpg 768w, https:\/\/www.celttv.com.ar\/wp-content\/uploads\/2019\/10\/canle-Medium-750x500.jpg 750w, https:\/\/www.celttv.com.ar\/wp-content\/uploads\/2019\/10\/canle-Medium-1140x760.jpg 1140w, https:\/\/www.celttv.com.ar\/wp-content\/uploads\/2019\/10\/canle-Medium.jpg 1152w\" data-expand=\"700\" \/><\/a>\n            <\/div><\/figure><figure class='gallery-item'>\n            <div class='gallery-icon landscape'>\n                <a href='https:\/\/www.celttv.com.ar\/wp-content\/uploads\/2019\/10\/IMG_4918-Medium.jpg'><img loading=\"lazy\" decoding=\"async\" width=\"300\" height=\"200\" src=\"\" class=\"attachment-medium size-medium lazyload\" alt=\"\" data-src=\"https:\/\/www.celttv.com.ar\/wp-content\/uploads\/2019\/10\/IMG_4918-Medium-300x200.jpg\" data-sizes=\"auto\" data-srcset=\"https:\/\/www.celttv.com.ar\/wp-content\/uploads\/2019\/10\/IMG_4918-Medium-300x200.jpg 300w, https:\/\/www.celttv.com.ar\/wp-content\/uploads\/2019\/10\/IMG_4918-Medium-1024x683.jpg 1024w, https:\/\/www.celttv.com.ar\/wp-content\/uploads\/2019\/10\/IMG_4918-Medium-768x512.jpg 768w, https:\/\/www.celttv.com.ar\/wp-content\/uploads\/2019\/10\/IMG_4918-Medium-750x500.jpg 750w, https:\/\/www.celttv.com.ar\/wp-content\/uploads\/2019\/10\/IMG_4918-Medium-1140x760.jpg 1140w, https:\/\/www.celttv.com.ar\/wp-content\/uploads\/2019\/10\/IMG_4918-Medium.jpg 1152w\" data-expand=\"700\" \/><\/a>\n            <\/div><\/figure><br style=\"clear: both\" \/><figure class='gallery-item'>\n            <div class='gallery-icon landscape'>\n                <a href='https:\/\/www.celttv.com.ar\/wp-content\/uploads\/2019\/10\/IMG_4919-Medium.jpg'><img loading=\"lazy\" decoding=\"async\" width=\"300\" height=\"200\" src=\"\" class=\"attachment-medium size-medium lazyload\" alt=\"\" data-src=\"https:\/\/www.celttv.com.ar\/wp-content\/uploads\/2019\/10\/IMG_4919-Medium-300x200.jpg\" data-sizes=\"auto\" data-srcset=\"https:\/\/www.celttv.com.ar\/wp-content\/uploads\/2019\/10\/IMG_4919-Medium-300x200.jpg 300w, https:\/\/www.celttv.com.ar\/wp-content\/uploads\/2019\/10\/IMG_4919-Medium-1024x683.jpg 1024w, https:\/\/www.celttv.com.ar\/wp-content\/uploads\/2019\/10\/IMG_4919-Medium-768x512.jpg 768w, https:\/\/www.celttv.com.ar\/wp-content\/uploads\/2019\/10\/IMG_4919-Medium-750x500.jpg 750w, https:\/\/www.celttv.com.ar\/wp-content\/uploads\/2019\/10\/IMG_4919-Medium-1140x760.jpg 1140w, https:\/\/www.celttv.com.ar\/wp-content\/uploads\/2019\/10\/IMG_4919-Medium.jpg 1152w\" data-expand=\"700\" \/><\/a>\n            <\/div><\/figure><figure class='gallery-item'>\n            <div class='gallery-icon landscape'>\n                <a href='https:\/\/www.celttv.com.ar\/wp-content\/uploads\/2019\/10\/IMG_4920-Medium.jpg'><img loading=\"lazy\" decoding=\"async\" width=\"300\" height=\"200\" src=\"\" class=\"attachment-medium size-medium lazyload\" alt=\"\" data-src=\"https:\/\/www.celttv.com.ar\/wp-content\/uploads\/2019\/10\/IMG_4920-Medium-300x200.jpg\" data-sizes=\"auto\" data-srcset=\"https:\/\/www.celttv.com.ar\/wp-content\/uploads\/2019\/10\/IMG_4920-Medium-300x200.jpg 300w, https:\/\/www.celttv.com.ar\/wp-content\/uploads\/2019\/10\/IMG_4920-Medium-1024x683.jpg 1024w, https:\/\/www.celttv.com.ar\/wp-content\/uploads\/2019\/10\/IMG_4920-Medium-768x512.jpg 768w, https:\/\/www.celttv.com.ar\/wp-content\/uploads\/2019\/10\/IMG_4920-Medium-750x500.jpg 750w, https:\/\/www.celttv.com.ar\/wp-content\/uploads\/2019\/10\/IMG_4920-Medium-1140x760.jpg 1140w, https:\/\/www.celttv.com.ar\/wp-content\/uploads\/2019\/10\/IMG_4920-Medium.jpg 1152w\" data-expand=\"700\" \/><\/a>\n            <\/div><\/figure><figure class='gallery-item'>\n            <div class='gallery-icon landscape'>\n                <a href='https:\/\/www.celttv.com.ar\/wp-content\/uploads\/2019\/10\/IMG_4921-Medium.jpg'><img loading=\"lazy\" decoding=\"async\" width=\"300\" height=\"200\" src=\"\" class=\"attachment-medium size-medium lazyload\" alt=\"\" data-src=\"https:\/\/www.celttv.com.ar\/wp-content\/uploads\/2019\/10\/IMG_4921-Medium-300x200.jpg\" data-sizes=\"auto\" data-srcset=\"https:\/\/www.celttv.com.ar\/wp-content\/uploads\/2019\/10\/IMG_4921-Medium-300x200.jpg 300w, https:\/\/www.celttv.com.ar\/wp-content\/uploads\/2019\/10\/IMG_4921-Medium-1024x683.jpg 1024w, https:\/\/www.celttv.com.ar\/wp-content\/uploads\/2019\/10\/IMG_4921-Medium-768x512.jpg 768w, https:\/\/www.celttv.com.ar\/wp-content\/uploads\/2019\/10\/IMG_4921-Medium-750x500.jpg 750w, https:\/\/www.celttv.com.ar\/wp-content\/uploads\/2019\/10\/IMG_4921-Medium-1140x760.jpg 1140w, https:\/\/www.celttv.com.ar\/wp-content\/uploads\/2019\/10\/IMG_4921-Medium.jpg 1152w\" data-expand=\"700\" \/><\/a>\n            <\/div><\/figure><br style=\"clear: both\" \/>\n        <\/div>\n\n<\/div>\n<div>\u00a0https:\/\/www.youtube.com\/watch?v=dEnzRZ-CTos<\/div>\n<div>https:\/\/www.youtube.com\/watch?v=J5ylg0tg0I8<\/div>\n<div><\/div>\n","protected":false},"excerpt":{"rendered":"<p>&nbsp; En la Asamblea anual de la Asociaci\u00f3n para el Desarrollo Tur\u00edstico de la Comarca de Sierra de la Ventana realizada el pasado mi\u00e9rcoles en el Club de Golf de la localidad serrana, fue electo presidente para el nuevo per\u00edodo Pablo Canle. Con la presencia de un buen n\u00famero de asociados se dio lectura a [&hellip;]<\/p>\n","protected":false},"author":1,"featured_media":44498,"comment_status":"closed","ping_status":"open","sticky":false,"template":"","format":"standard","meta":{"footnotes":""},"categories":[51,52,58],"tags":[],"class_list":["post-44496","post","type-post","status-publish","format-standard","has-post-thumbnail","hentry","category-comunidad","category-destacadas","category-turismo"],"yoast_head":"<!-- This site is optimized with the Yoast SEO plugin v19.7.1 - https:\/\/yoast.com\/wordpress\/plugins\/seo\/ -->\n<title>Pablo Canle fue electo presidente de la Asociaci\u00f3n de Turismo (fotos y videos) - CELTTV<\/title>\n<meta name=\"description\" content=\"Sitio web de noticias de la localidad de Tornquist, provincia de Buenos Aires, Rep\u00fablica Argentina. Contenido propio originado por periodistas de CELTTV, el canal de TV local de la Cooperativa El\u00e9ctrica de Tornquist. Turismo, Pol\u00edtica, Sociedad, Deporte, Cultura y todo el contenido de inter\u00e9s general que la gente del pueblo y la regi\u00f3n debe conocer.\" \/>\n<meta name=\"robots\" content=\"index, follow, max-snippet:-1, max-image-preview:large, max-video-preview:-1\" \/>\n<link rel=\"canonical\" href=\"https:\/\/www.celttv.com.ar\/index.php\/2019\/10\/08\/8102019-pablo-canle-fue-electo-presidente-de-la-asociacion-de-turismo\/\" \/>\n<meta property=\"og:locale\" content=\"es_ES\" \/>\n<meta property=\"og:type\" content=\"article\" \/>\n<meta property=\"og:title\" content=\"Pablo Canle fue electo presidente de la Asociaci\u00f3n de Turismo (fotos y videos) - CELTTV\" \/>\n<meta property=\"og:description\" content=\"Sitio web de noticias de la localidad de Tornquist, provincia de Buenos Aires, Rep\u00fablica Argentina. Contenido propio originado por periodistas de CELTTV, el canal de TV local de la Cooperativa El\u00e9ctrica de Tornquist. Turismo, Pol\u00edtica, Sociedad, Deporte, Cultura y todo el contenido de inter\u00e9s general que la gente del pueblo y la regi\u00f3n debe conocer.\" \/>\n<meta property=\"og:url\" content=\"https:\/\/www.celttv.com.ar\/index.php\/2019\/10\/08\/8102019-pablo-canle-fue-electo-presidente-de-la-asociacion-de-turismo\/\" \/>\n<meta property=\"og:site_name\" content=\"CELTTV\" \/>\n<meta property=\"article:publisher\" content=\"https:\/\/www.facebook.com\/celtTV\/\" \/>\n<meta property=\"article:published_time\" content=\"2019-10-08T20:02:21+00:00\" \/>\n<meta property=\"og:image\" content=\"https:\/\/www.celttv.com.ar\/wp-content\/uploads\/2019\/10\/canle-Medium.jpg\" \/>\n\t<meta property=\"og:image:width\" content=\"1152\" \/>\n\t<meta property=\"og:image:height\" content=\"768\" \/>\n\t<meta property=\"og:image:type\" content=\"image\/jpeg\" \/>\n<meta name=\"author\" content=\"ulises\" \/>\n<meta name=\"twitter:card\" content=\"summary_large_image\" \/>\n<meta name=\"twitter:label1\" content=\"Escrito por\" \/>\n\t<meta name=\"twitter:data1\" content=\"ulises\" \/>\n\t<meta name=\"twitter:label2\" content=\"Tiempo de lectura\" \/>\n\t<meta name=\"twitter:data2\" content=\"3 minutos\" \/>\n<script type=\"application\/ld+json\" class=\"yoast-schema-graph\">{\"@context\":\"https:\/\/schema.org\",\"@graph\":[{\"@type\":\"NewsArticle\",\"@id\":\"https:\/\/www.celttv.com.ar\/index.php\/2019\/10\/08\/8102019-pablo-canle-fue-electo-presidente-de-la-asociacion-de-turismo\/#article\",\"isPartOf\":{\"@id\":\"https:\/\/www.celttv.com.ar\/index.php\/2019\/10\/08\/8102019-pablo-canle-fue-electo-presidente-de-la-asociacion-de-turismo\/\"},\"author\":{\"name\":\"ulises\",\"@id\":\"https:\/\/www.celttv.com.ar\/#\/schema\/person\/6d99c072dba59953809c81446e9d0ace\"},\"headline\":\"Pablo Canle fue electo presidente de la Asociaci\u00f3n de Turismo (fotos y videos)\",\"datePublished\":\"2019-10-08T20:02:21+00:00\",\"dateModified\":\"2019-10-08T20:02:21+00:00\",\"mainEntityOfPage\":{\"@id\":\"https:\/\/www.celttv.com.ar\/index.php\/2019\/10\/08\/8102019-pablo-canle-fue-electo-presidente-de-la-asociacion-de-turismo\/\"},\"wordCount\":663,\"publisher\":{\"@id\":\"https:\/\/www.celttv.com.ar\/#organization\"},\"articleSection\":[\"Comunidad\",\"Destacadas\",\"Turismo\"],\"inLanguage\":\"es\"},{\"@type\":\"WebPage\",\"@id\":\"https:\/\/www.celttv.com.ar\/index.php\/2019\/10\/08\/8102019-pablo-canle-fue-electo-presidente-de-la-asociacion-de-turismo\/\",\"url\":\"https:\/\/www.celttv.com.ar\/index.php\/2019\/10\/08\/8102019-pablo-canle-fue-electo-presidente-de-la-asociacion-de-turismo\/\",\"name\":\"Pablo Canle fue electo presidente de la Asociaci\u00f3n de Turismo (fotos y videos) - CELTTV\",\"isPartOf\":{\"@id\":\"https:\/\/www.celttv.com.ar\/#website\"},\"datePublished\":\"2019-10-08T20:02:21+00:00\",\"dateModified\":\"2019-10-08T20:02:21+00:00\",\"description\":\"Sitio web de noticias de la localidad de Tornquist, provincia de Buenos Aires, Rep\u00fablica Argentina. Contenido propio originado por periodistas de CELTTV, el canal de TV local de la Cooperativa El\u00e9ctrica de Tornquist. Turismo, Pol\u00edtica, Sociedad, Deporte, Cultura y todo el contenido de inter\u00e9s general que la gente del pueblo y la regi\u00f3n debe conocer.\",\"breadcrumb\":{\"@id\":\"https:\/\/www.celttv.com.ar\/index.php\/2019\/10\/08\/8102019-pablo-canle-fue-electo-presidente-de-la-asociacion-de-turismo\/#breadcrumb\"},\"inLanguage\":\"es\",\"potentialAction\":[{\"@type\":\"ReadAction\",\"target\":[\"https:\/\/www.celttv.com.ar\/index.php\/2019\/10\/08\/8102019-pablo-canle-fue-electo-presidente-de-la-asociacion-de-turismo\/\"]}]},{\"@type\":\"BreadcrumbList\",\"@id\":\"https:\/\/www.celttv.com.ar\/index.php\/2019\/10\/08\/8102019-pablo-canle-fue-electo-presidente-de-la-asociacion-de-turismo\/#breadcrumb\",\"itemListElement\":[{\"@type\":\"ListItem\",\"position\":1,\"name\":\"Inicio\",\"item\":\"https:\/\/www.celttv.com.ar\/\"},{\"@type\":\"ListItem\",\"position\":2,\"name\":\"Pablo Canle fue electo presidente de la Asociaci\u00f3n de Turismo (fotos y videos)\"}]},{\"@type\":\"WebSite\",\"@id\":\"https:\/\/www.celttv.com.ar\/#website\",\"url\":\"https:\/\/www.celttv.com.ar\/\",\"name\":\"CELTTV\",\"description\":\"Cooperativa El\u00e9ctrica de Tornquist\",\"publisher\":{\"@id\":\"https:\/\/www.celttv.com.ar\/#organization\"},\"potentialAction\":[{\"@type\":\"SearchAction\",\"target\":{\"@type\":\"EntryPoint\",\"urlTemplate\":\"https:\/\/www.celttv.com.ar\/?s={search_term_string}\"},\"query-input\":\"required name=search_term_string\"}],\"inLanguage\":\"es\"},{\"@type\":\"Organization\",\"@id\":\"https:\/\/www.celttv.com.ar\/#organization\",\"name\":\"CELTTV\",\"url\":\"https:\/\/www.celttv.com.ar\/\",\"sameAs\":[\"https:\/\/www.youtube.com\/channel\/UCz_oIt8Hig64Ub-EmcNPIhg\",\"https:\/\/www.facebook.com\/celtTV\/\"],\"logo\":{\"@type\":\"ImageObject\",\"inLanguage\":\"es\",\"@id\":\"https:\/\/www.celttv.com.ar\/#\/schema\/logo\/image\/\",\"url\":\"http:\/\/www.celttv.com.ar\/wp-content\/uploads\/2022\/08\/logo-1.png\",\"contentUrl\":\"http:\/\/www.celttv.com.ar\/wp-content\/uploads\/2022\/08\/logo-1.png\",\"width\":461,\"height\":159,\"caption\":\"CELTTV\"},\"image\":{\"@id\":\"https:\/\/www.celttv.com.ar\/#\/schema\/logo\/image\/\"}},{\"@type\":\"Person\",\"@id\":\"https:\/\/www.celttv.com.ar\/#\/schema\/person\/6d99c072dba59953809c81446e9d0ace\",\"name\":\"ulises\",\"image\":{\"@type\":\"ImageObject\",\"inLanguage\":\"es\",\"@id\":\"https:\/\/www.celttv.com.ar\/#\/schema\/person\/image\/\",\"url\":\"https:\/\/secure.gravatar.com\/avatar\/7f2c48bdc33b30088f941fb6082e555f2874c98e20cb159d7b92b50eadfce793?s=96&d=mm&r=g\",\"contentUrl\":\"https:\/\/secure.gravatar.com\/avatar\/7f2c48bdc33b30088f941fb6082e555f2874c98e20cb159d7b92b50eadfce793?s=96&d=mm&r=g\",\"caption\":\"ulises\"},\"sameAs\":[\"http:\/\/www.celttv.com.ar\"]}]}<\/script>\n<!-- \/ Yoast SEO plugin. -->","yoast_head_json":{"title":"Pablo Canle fue electo presidente de la Asociaci\u00f3n de Turismo (fotos y videos) - CELTTV","description":"Sitio web de noticias de la localidad de Tornquist, provincia de Buenos Aires, Rep\u00fablica Argentina. Contenido propio originado por periodistas de CELTTV, el canal de TV local de la Cooperativa El\u00e9ctrica de Tornquist. Turismo, Pol\u00edtica, Sociedad, Deporte, Cultura y todo el contenido de inter\u00e9s general que la gente del pueblo y la regi\u00f3n debe conocer.","robots":{"index":"index","follow":"follow","max-snippet":"max-snippet:-1","max-image-preview":"max-image-preview:large","max-video-preview":"max-video-preview:-1"},"canonical":"https:\/\/www.celttv.com.ar\/index.php\/2019\/10\/08\/8102019-pablo-canle-fue-electo-presidente-de-la-asociacion-de-turismo\/","og_locale":"es_ES","og_type":"article","og_title":"Pablo Canle fue electo presidente de la Asociaci\u00f3n de Turismo (fotos y videos) - CELTTV","og_description":"Sitio web de noticias de la localidad de Tornquist, provincia de Buenos Aires, Rep\u00fablica Argentina. Contenido propio originado por periodistas de CELTTV, el canal de TV local de la Cooperativa El\u00e9ctrica de Tornquist. Turismo, Pol\u00edtica, Sociedad, Deporte, Cultura y todo el contenido de inter\u00e9s general que la gente del pueblo y la regi\u00f3n debe conocer.","og_url":"https:\/\/www.celttv.com.ar\/index.php\/2019\/10\/08\/8102019-pablo-canle-fue-electo-presidente-de-la-asociacion-de-turismo\/","og_site_name":"CELTTV","article_publisher":"https:\/\/www.facebook.com\/celtTV\/","article_published_time":"2019-10-08T20:02:21+00:00","og_image":[{"width":1152,"height":768,"url":"https:\/\/www.celttv.com.ar\/wp-content\/uploads\/2019\/10\/canle-Medium.jpg","type":"image\/jpeg"}],"author":"ulises","twitter_card":"summary_large_image","twitter_misc":{"Escrito por":"ulises","Tiempo de lectura":"3 minutos"},"schema":{"@context":"https:\/\/schema.org","@graph":[{"@type":"NewsArticle","@id":"https:\/\/www.celttv.com.ar\/index.php\/2019\/10\/08\/8102019-pablo-canle-fue-electo-presidente-de-la-asociacion-de-turismo\/#article","isPartOf":{"@id":"https:\/\/www.celttv.com.ar\/index.php\/2019\/10\/08\/8102019-pablo-canle-fue-electo-presidente-de-la-asociacion-de-turismo\/"},"author":{"name":"ulises","@id":"https:\/\/www.celttv.com.ar\/#\/schema\/person\/6d99c072dba59953809c81446e9d0ace"},"headline":"Pablo Canle fue electo presidente de la Asociaci\u00f3n de Turismo (fotos y videos)","datePublished":"2019-10-08T20:02:21+00:00","dateModified":"2019-10-08T20:02:21+00:00","mainEntityOfPage":{"@id":"https:\/\/www.celttv.com.ar\/index.php\/2019\/10\/08\/8102019-pablo-canle-fue-electo-presidente-de-la-asociacion-de-turismo\/"},"wordCount":663,"publisher":{"@id":"https:\/\/www.celttv.com.ar\/#organization"},"articleSection":["Comunidad","Destacadas","Turismo"],"inLanguage":"es"},{"@type":"WebPage","@id":"https:\/\/www.celttv.com.ar\/index.php\/2019\/10\/08\/8102019-pablo-canle-fue-electo-presidente-de-la-asociacion-de-turismo\/","url":"https:\/\/www.celttv.com.ar\/index.php\/2019\/10\/08\/8102019-pablo-canle-fue-electo-presidente-de-la-asociacion-de-turismo\/","name":"Pablo Canle fue electo presidente de la Asociaci\u00f3n de Turismo (fotos y videos) - CELTTV","isPartOf":{"@id":"https:\/\/www.celttv.com.ar\/#website"},"datePublished":"2019-10-08T20:02:21+00:00","dateModified":"2019-10-08T20:02:21+00:00","description":"Sitio web de noticias de la localidad de Tornquist, provincia de Buenos Aires, Rep\u00fablica Argentina. Contenido propio originado por periodistas de CELTTV, el canal de TV local de la Cooperativa El\u00e9ctrica de Tornquist. Turismo, Pol\u00edtica, Sociedad, Deporte, Cultura y todo el contenido de inter\u00e9s general que la gente del pueblo y la regi\u00f3n debe conocer.","breadcrumb":{"@id":"https:\/\/www.celttv.com.ar\/index.php\/2019\/10\/08\/8102019-pablo-canle-fue-electo-presidente-de-la-asociacion-de-turismo\/#breadcrumb"},"inLanguage":"es","potentialAction":[{"@type":"ReadAction","target":["https:\/\/www.celttv.com.ar\/index.php\/2019\/10\/08\/8102019-pablo-canle-fue-electo-presidente-de-la-asociacion-de-turismo\/"]}]},{"@type":"BreadcrumbList","@id":"https:\/\/www.celttv.com.ar\/index.php\/2019\/10\/08\/8102019-pablo-canle-fue-electo-presidente-de-la-asociacion-de-turismo\/#breadcrumb","itemListElement":[{"@type":"ListItem","position":1,"name":"Inicio","item":"https:\/\/www.celttv.com.ar\/"},{"@type":"ListItem","position":2,"name":"Pablo Canle fue electo presidente de la Asociaci\u00f3n de Turismo (fotos y videos)"}]},{"@type":"WebSite","@id":"https:\/\/www.celttv.com.ar\/#website","url":"https:\/\/www.celttv.com.ar\/","name":"CELTTV","description":"Cooperativa El\u00e9ctrica de Tornquist","publisher":{"@id":"https:\/\/www.celttv.com.ar\/#organization"},"potentialAction":[{"@type":"SearchAction","target":{"@type":"EntryPoint","urlTemplate":"https:\/\/www.celttv.com.ar\/?s={search_term_string}"},"query-input":"required name=search_term_string"}],"inLanguage":"es"},{"@type":"Organization","@id":"https:\/\/www.celttv.com.ar\/#organization","name":"CELTTV","url":"https:\/\/www.celttv.com.ar\/","sameAs":["https:\/\/www.youtube.com\/channel\/UCz_oIt8Hig64Ub-EmcNPIhg","https:\/\/www.facebook.com\/celtTV\/"],"logo":{"@type":"ImageObject","inLanguage":"es","@id":"https:\/\/www.celttv.com.ar\/#\/schema\/logo\/image\/","url":"http:\/\/www.celttv.com.ar\/wp-content\/uploads\/2022\/08\/logo-1.png","contentUrl":"http:\/\/www.celttv.com.ar\/wp-content\/uploads\/2022\/08\/logo-1.png","width":461,"height":159,"caption":"CELTTV"},"image":{"@id":"https:\/\/www.celttv.com.ar\/#\/schema\/logo\/image\/"}},{"@type":"Person","@id":"https:\/\/www.celttv.com.ar\/#\/schema\/person\/6d99c072dba59953809c81446e9d0ace","name":"ulises","image":{"@type":"ImageObject","inLanguage":"es","@id":"https:\/\/www.celttv.com.ar\/#\/schema\/person\/image\/","url":"https:\/\/secure.gravatar.com\/avatar\/7f2c48bdc33b30088f941fb6082e555f2874c98e20cb159d7b92b50eadfce793?s=96&d=mm&r=g","contentUrl":"https:\/\/secure.gravatar.com\/avatar\/7f2c48bdc33b30088f941fb6082e555f2874c98e20cb159d7b92b50eadfce793?s=96&d=mm&r=g","caption":"ulises"},"sameAs":["http:\/\/www.celttv.com.ar"]}]}},"_links":{"self":[{"href":"https:\/\/www.celttv.com.ar\/index.php\/wp-json\/wp\/v2\/posts\/44496","targetHints":{"allow":["GET"]}}],"collection":[{"href":"https:\/\/www.celttv.com.ar\/index.php\/wp-json\/wp\/v2\/posts"}],"about":[{"href":"https:\/\/www.celttv.com.ar\/index.php\/wp-json\/wp\/v2\/types\/post"}],"author":[{"embeddable":true,"href":"https:\/\/www.celttv.com.ar\/index.php\/wp-json\/wp\/v2\/users\/1"}],"replies":[{"embeddable":true,"href":"https:\/\/www.celttv.com.ar\/index.php\/wp-json\/wp\/v2\/comments?post=44496"}],"version-history":[{"count":0,"href":"https:\/\/www.celttv.com.ar\/index.php\/wp-json\/wp\/v2\/posts\/44496\/revisions"}],"wp:featuredmedia":[{"embeddable":true,"href":"https:\/\/www.celttv.com.ar\/index.php\/wp-json\/wp\/v2\/media\/44498"}],"wp:attachment":[{"href":"https:\/\/www.celttv.com.ar\/index.php\/wp-json\/wp\/v2\/media?parent=44496"}],"wp:term":[{"taxonomy":"category","embeddable":true,"href":"https:\/\/www.celttv.com.ar\/index.php\/wp-json\/wp\/v2\/categories?post=44496"},{"taxonomy":"post_tag","embeddable":true,"href":"https:\/\/www.celttv.com.ar\/index.php\/wp-json\/wp\/v2\/tags?post=44496"}],"curies":[{"name":"wp","href":"https:\/\/api.w.org\/{rel}","templated":true}]}}