{"id":44520,"date":"2019-10-09T13:47:03","date_gmt":"2019-10-09T13:47:03","guid":{"rendered":"http:\/\/www.celttv.com.ar\/?p=44520"},"modified":"2019-10-09T13:47:03","modified_gmt":"2019-10-09T13:47:03","slug":"tornquist-brindaran-un-curso-de-preparacion-para-el-parto-y-la-maternidad","status":"publish","type":"post","link":"https:\/\/www.celttv.com.ar\/index.php\/2019\/10\/09\/tornquist-brindaran-un-curso-de-preparacion-para-el-parto-y-la-maternidad\/","title":{"rendered":"Tornquist: brindar\u00e1n un curso de preparaci\u00f3n para el parto y la maternidad"},"content":{"rendered":"<p>La Secretar\u00eda de Salud informa que se dictar\u00e1 un curso intensivo de \u201cPreparaci\u00f3n para el parto y la Maternidad\u201d, los d\u00edas 12 y 19 de octubre, a las 12hs en instalaciones del Hospital Municipal.<\/p>\n<p>El curso est\u00e1 destinado a todas las embarazadas con ficha social o sin obra social, y ser\u00e1 desarrollado por la Lic. Florencia Brazauskas.<\/p>\n<p><a href=\"http:\/\/www.celttv.com.ar\/?attachment_id=44521\" rel=\"attachment wp-att-44521\"><img loading=\"lazy\" decoding=\"async\" class=\"alignleft size-full wp-image-44521\" src=\"http:\/\/www.celttv.com.ar\/wp-content\/uploads\/2019\/10\/110_3858_parto_1570568792.png_532.png\" alt=\"\" width=\"532\" height=\"769\" srcset=\"https:\/\/www.celttv.com.ar\/wp-content\/uploads\/2019\/10\/110_3858_parto_1570568792.png_532.png 532w, https:\/\/www.celttv.com.ar\/wp-content\/uploads\/2019\/10\/110_3858_parto_1570568792.png_532-208x300.png 208w\" sizes=\"auto, (max-width: 532px) 100vw, 532px\" \/><\/a><\/p>\n","protected":false},"excerpt":{"rendered":"<p>La Secretar\u00eda de Salud informa que se dictar\u00e1 un curso intensivo de \u201cPreparaci\u00f3n para el parto y la Maternidad\u201d, los d\u00edas 12 y 19 de octubre, a las 12hs en instalaciones del Hospital Municipal. El curso est\u00e1 destinado a todas las embarazadas con ficha social o sin obra social, y ser\u00e1 desarrollado por la Lic. [&hellip;]<\/p>\n","protected":false},"author":1,"featured_media":44521,"comment_status":"closed","ping_status":"open","sticky":false,"template":"","format":"standard","meta":{"footnotes":""},"categories":[54,55,52],"tags":[],"class_list":["post-44520","post","type-post","status-publish","format-standard","has-post-thumbnail","hentry","category-atencion-salud","category-celt-tv-noticias","category-destacadas"],"yoast_head":"<!-- This site is optimized with the Yoast SEO plugin v19.7.1 - https:\/\/yoast.com\/wordpress\/plugins\/seo\/ -->\n<title>Tornquist: brindar\u00e1n un curso de preparaci\u00f3n para el parto y la maternidad - CELTTV<\/title>\n<meta name=\"description\" content=\"Sitio web de noticias de la localidad de Tornquist, provincia de Buenos Aires, Rep\u00fablica Argentina. Contenido propio originado por periodistas de CELTTV, el canal de TV local de la Cooperativa El\u00e9ctrica de Tornquist. Turismo, Pol\u00edtica, Sociedad, Deporte, Cultura y todo el contenido de inter\u00e9s general que la gente del pueblo y la regi\u00f3n debe conocer.\" \/>\n<meta name=\"robots\" content=\"index, follow, max-snippet:-1, max-image-preview:large, max-video-preview:-1\" \/>\n<link rel=\"canonical\" href=\"https:\/\/www.celttv.com.ar\/index.php\/2019\/10\/09\/tornquist-brindaran-un-curso-de-preparacion-para-el-parto-y-la-maternidad\/\" \/>\n<meta property=\"og:locale\" content=\"es_ES\" \/>\n<meta property=\"og:type\" content=\"article\" \/>\n<meta property=\"og:title\" content=\"Tornquist: brindar\u00e1n un curso de preparaci\u00f3n para el parto y la maternidad - CELTTV\" \/>\n<meta property=\"og:description\" content=\"Sitio web de noticias de la localidad de Tornquist, provincia de Buenos Aires, Rep\u00fablica Argentina. Contenido propio originado por periodistas de CELTTV, el canal de TV local de la Cooperativa El\u00e9ctrica de Tornquist. Turismo, Pol\u00edtica, Sociedad, Deporte, Cultura y todo el contenido de inter\u00e9s general que la gente del pueblo y la regi\u00f3n debe conocer.\" \/>\n<meta property=\"og:url\" content=\"https:\/\/www.celttv.com.ar\/index.php\/2019\/10\/09\/tornquist-brindaran-un-curso-de-preparacion-para-el-parto-y-la-maternidad\/\" \/>\n<meta property=\"og:site_name\" content=\"CELTTV\" \/>\n<meta property=\"article:publisher\" content=\"https:\/\/www.facebook.com\/celtTV\/\" \/>\n<meta property=\"article:published_time\" content=\"2019-10-09T13:47:03+00:00\" \/>\n<meta property=\"og:image\" content=\"https:\/\/www.celttv.com.ar\/wp-content\/uploads\/2019\/10\/110_3858_parto_1570568792.png_532.png\" \/>\n\t<meta property=\"og:image:width\" content=\"532\" \/>\n\t<meta property=\"og:image:height\" content=\"769\" \/>\n\t<meta property=\"og:image:type\" content=\"image\/png\" \/>\n<meta name=\"author\" content=\"ulises\" \/>\n<meta name=\"twitter:card\" content=\"summary_large_image\" \/>\n<meta name=\"twitter:label1\" content=\"Escrito por\" \/>\n\t<meta name=\"twitter:data1\" content=\"ulises\" \/>\n<script type=\"application\/ld+json\" class=\"yoast-schema-graph\">{\"@context\":\"https:\/\/schema.org\",\"@graph\":[{\"@type\":\"NewsArticle\",\"@id\":\"https:\/\/www.celttv.com.ar\/index.php\/2019\/10\/09\/tornquist-brindaran-un-curso-de-preparacion-para-el-parto-y-la-maternidad\/#article\",\"isPartOf\":{\"@id\":\"https:\/\/www.celttv.com.ar\/index.php\/2019\/10\/09\/tornquist-brindaran-un-curso-de-preparacion-para-el-parto-y-la-maternidad\/\"},\"author\":{\"name\":\"ulises\",\"@id\":\"https:\/\/www.celttv.com.ar\/#\/schema\/person\/6d99c072dba59953809c81446e9d0ace\"},\"headline\":\"Tornquist: brindar\u00e1n un curso de preparaci\u00f3n para el parto y la maternidad\",\"datePublished\":\"2019-10-09T13:47:03+00:00\",\"dateModified\":\"2019-10-09T13:47:03+00:00\",\"mainEntityOfPage\":{\"@id\":\"https:\/\/www.celttv.com.ar\/index.php\/2019\/10\/09\/tornquist-brindaran-un-curso-de-preparacion-para-el-parto-y-la-maternidad\/\"},\"wordCount\":72,\"publisher\":{\"@id\":\"https:\/\/www.celttv.com.ar\/#organization\"},\"articleSection\":[\"Atenci\u00f3n Salud\",\"Celt TV Noticias\",\"Destacadas\"],\"inLanguage\":\"es\"},{\"@type\":\"WebPage\",\"@id\":\"https:\/\/www.celttv.com.ar\/index.php\/2019\/10\/09\/tornquist-brindaran-un-curso-de-preparacion-para-el-parto-y-la-maternidad\/\",\"url\":\"https:\/\/www.celttv.com.ar\/index.php\/2019\/10\/09\/tornquist-brindaran-un-curso-de-preparacion-para-el-parto-y-la-maternidad\/\",\"name\":\"Tornquist: brindar\u00e1n un curso de preparaci\u00f3n para el parto y la maternidad - CELTTV\",\"isPartOf\":{\"@id\":\"https:\/\/www.celttv.com.ar\/#website\"},\"datePublished\":\"2019-10-09T13:47:03+00:00\",\"dateModified\":\"2019-10-09T13:47:03+00:00\",\"description\":\"Sitio web de noticias de la localidad de Tornquist, provincia de Buenos Aires, Rep\u00fablica Argentina. Contenido propio originado por periodistas de CELTTV, el canal de TV local de la Cooperativa El\u00e9ctrica de Tornquist. Turismo, Pol\u00edtica, Sociedad, Deporte, Cultura y todo el contenido de inter\u00e9s general que la gente del pueblo y la regi\u00f3n debe conocer.\",\"breadcrumb\":{\"@id\":\"https:\/\/www.celttv.com.ar\/index.php\/2019\/10\/09\/tornquist-brindaran-un-curso-de-preparacion-para-el-parto-y-la-maternidad\/#breadcrumb\"},\"inLanguage\":\"es\",\"potentialAction\":[{\"@type\":\"ReadAction\",\"target\":[\"https:\/\/www.celttv.com.ar\/index.php\/2019\/10\/09\/tornquist-brindaran-un-curso-de-preparacion-para-el-parto-y-la-maternidad\/\"]}]},{\"@type\":\"BreadcrumbList\",\"@id\":\"https:\/\/www.celttv.com.ar\/index.php\/2019\/10\/09\/tornquist-brindaran-un-curso-de-preparacion-para-el-parto-y-la-maternidad\/#breadcrumb\",\"itemListElement\":[{\"@type\":\"ListItem\",\"position\":1,\"name\":\"Inicio\",\"item\":\"https:\/\/www.celttv.com.ar\/\"},{\"@type\":\"ListItem\",\"position\":2,\"name\":\"Tornquist: brindar\u00e1n un curso de preparaci\u00f3n para el parto y la maternidad\"}]},{\"@type\":\"WebSite\",\"@id\":\"https:\/\/www.celttv.com.ar\/#website\",\"url\":\"https:\/\/www.celttv.com.ar\/\",\"name\":\"CELTTV\",\"description\":\"Cooperativa El\u00e9ctrica de Tornquist\",\"publisher\":{\"@id\":\"https:\/\/www.celttv.com.ar\/#organization\"},\"potentialAction\":[{\"@type\":\"SearchAction\",\"target\":{\"@type\":\"EntryPoint\",\"urlTemplate\":\"https:\/\/www.celttv.com.ar\/?s={search_term_string}\"},\"query-input\":\"required name=search_term_string\"}],\"inLanguage\":\"es\"},{\"@type\":\"Organization\",\"@id\":\"https:\/\/www.celttv.com.ar\/#organization\",\"name\":\"CELTTV\",\"url\":\"https:\/\/www.celttv.com.ar\/\",\"sameAs\":[\"https:\/\/www.youtube.com\/channel\/UCz_oIt8Hig64Ub-EmcNPIhg\",\"https:\/\/www.facebook.com\/celtTV\/\"],\"logo\":{\"@type\":\"ImageObject\",\"inLanguage\":\"es\",\"@id\":\"https:\/\/www.celttv.com.ar\/#\/schema\/logo\/image\/\",\"url\":\"http:\/\/www.celttv.com.ar\/wp-content\/uploads\/2022\/08\/logo-1.png\",\"contentUrl\":\"http:\/\/www.celttv.com.ar\/wp-content\/uploads\/2022\/08\/logo-1.png\",\"width\":461,\"height\":159,\"caption\":\"CELTTV\"},\"image\":{\"@id\":\"https:\/\/www.celttv.com.ar\/#\/schema\/logo\/image\/\"}},{\"@type\":\"Person\",\"@id\":\"https:\/\/www.celttv.com.ar\/#\/schema\/person\/6d99c072dba59953809c81446e9d0ace\",\"name\":\"ulises\",\"image\":{\"@type\":\"ImageObject\",\"inLanguage\":\"es\",\"@id\":\"https:\/\/www.celttv.com.ar\/#\/schema\/person\/image\/\",\"url\":\"https:\/\/secure.gravatar.com\/avatar\/7f2c48bdc33b30088f941fb6082e555f2874c98e20cb159d7b92b50eadfce793?s=96&d=mm&r=g\",\"contentUrl\":\"https:\/\/secure.gravatar.com\/avatar\/7f2c48bdc33b30088f941fb6082e555f2874c98e20cb159d7b92b50eadfce793?s=96&d=mm&r=g\",\"caption\":\"ulises\"},\"sameAs\":[\"http:\/\/www.celttv.com.ar\"]}]}<\/script>\n<!-- \/ Yoast SEO plugin. -->","yoast_head_json":{"title":"Tornquist: brindar\u00e1n un curso de preparaci\u00f3n para el parto y la maternidad - CELTTV","description":"Sitio web de noticias de la localidad de Tornquist, provincia de Buenos Aires, Rep\u00fablica Argentina. Contenido propio originado por periodistas de CELTTV, el canal de TV local de la Cooperativa El\u00e9ctrica de Tornquist. Turismo, Pol\u00edtica, Sociedad, Deporte, Cultura y todo el contenido de inter\u00e9s general que la gente del pueblo y la regi\u00f3n debe conocer.","robots":{"index":"index","follow":"follow","max-snippet":"max-snippet:-1","max-image-preview":"max-image-preview:large","max-video-preview":"max-video-preview:-1"},"canonical":"https:\/\/www.celttv.com.ar\/index.php\/2019\/10\/09\/tornquist-brindaran-un-curso-de-preparacion-para-el-parto-y-la-maternidad\/","og_locale":"es_ES","og_type":"article","og_title":"Tornquist: brindar\u00e1n un curso de preparaci\u00f3n para el parto y la maternidad - CELTTV","og_description":"Sitio web de noticias de la localidad de Tornquist, provincia de Buenos Aires, Rep\u00fablica Argentina. Contenido propio originado por periodistas de CELTTV, el canal de TV local de la Cooperativa El\u00e9ctrica de Tornquist. Turismo, Pol\u00edtica, Sociedad, Deporte, Cultura y todo el contenido de inter\u00e9s general que la gente del pueblo y la regi\u00f3n debe conocer.","og_url":"https:\/\/www.celttv.com.ar\/index.php\/2019\/10\/09\/tornquist-brindaran-un-curso-de-preparacion-para-el-parto-y-la-maternidad\/","og_site_name":"CELTTV","article_publisher":"https:\/\/www.facebook.com\/celtTV\/","article_published_time":"2019-10-09T13:47:03+00:00","og_image":[{"width":532,"height":769,"url":"https:\/\/www.celttv.com.ar\/wp-content\/uploads\/2019\/10\/110_3858_parto_1570568792.png_532.png","type":"image\/png"}],"author":"ulises","twitter_card":"summary_large_image","twitter_misc":{"Escrito por":"ulises"},"schema":{"@context":"https:\/\/schema.org","@graph":[{"@type":"NewsArticle","@id":"https:\/\/www.celttv.com.ar\/index.php\/2019\/10\/09\/tornquist-brindaran-un-curso-de-preparacion-para-el-parto-y-la-maternidad\/#article","isPartOf":{"@id":"https:\/\/www.celttv.com.ar\/index.php\/2019\/10\/09\/tornquist-brindaran-un-curso-de-preparacion-para-el-parto-y-la-maternidad\/"},"author":{"name":"ulises","@id":"https:\/\/www.celttv.com.ar\/#\/schema\/person\/6d99c072dba59953809c81446e9d0ace"},"headline":"Tornquist: brindar\u00e1n un curso de preparaci\u00f3n para el parto y la maternidad","datePublished":"2019-10-09T13:47:03+00:00","dateModified":"2019-10-09T13:47:03+00:00","mainEntityOfPage":{"@id":"https:\/\/www.celttv.com.ar\/index.php\/2019\/10\/09\/tornquist-brindaran-un-curso-de-preparacion-para-el-parto-y-la-maternidad\/"},"wordCount":72,"publisher":{"@id":"https:\/\/www.celttv.com.ar\/#organization"},"articleSection":["Atenci\u00f3n Salud","Celt TV Noticias","Destacadas"],"inLanguage":"es"},{"@type":"WebPage","@id":"https:\/\/www.celttv.com.ar\/index.php\/2019\/10\/09\/tornquist-brindaran-un-curso-de-preparacion-para-el-parto-y-la-maternidad\/","url":"https:\/\/www.celttv.com.ar\/index.php\/2019\/10\/09\/tornquist-brindaran-un-curso-de-preparacion-para-el-parto-y-la-maternidad\/","name":"Tornquist: brindar\u00e1n un curso de preparaci\u00f3n para el parto y la maternidad - CELTTV","isPartOf":{"@id":"https:\/\/www.celttv.com.ar\/#website"},"datePublished":"2019-10-09T13:47:03+00:00","dateModified":"2019-10-09T13:47:03+00:00","description":"Sitio web de noticias de la localidad de Tornquist, provincia de Buenos Aires, Rep\u00fablica Argentina. Contenido propio originado por periodistas de CELTTV, el canal de TV local de la Cooperativa El\u00e9ctrica de Tornquist. Turismo, Pol\u00edtica, Sociedad, Deporte, Cultura y todo el contenido de inter\u00e9s general que la gente del pueblo y la regi\u00f3n debe conocer.","breadcrumb":{"@id":"https:\/\/www.celttv.com.ar\/index.php\/2019\/10\/09\/tornquist-brindaran-un-curso-de-preparacion-para-el-parto-y-la-maternidad\/#breadcrumb"},"inLanguage":"es","potentialAction":[{"@type":"ReadAction","target":["https:\/\/www.celttv.com.ar\/index.php\/2019\/10\/09\/tornquist-brindaran-un-curso-de-preparacion-para-el-parto-y-la-maternidad\/"]}]},{"@type":"BreadcrumbList","@id":"https:\/\/www.celttv.com.ar\/index.php\/2019\/10\/09\/tornquist-brindaran-un-curso-de-preparacion-para-el-parto-y-la-maternidad\/#breadcrumb","itemListElement":[{"@type":"ListItem","position":1,"name":"Inicio","item":"https:\/\/www.celttv.com.ar\/"},{"@type":"ListItem","position":2,"name":"Tornquist: brindar\u00e1n un curso de preparaci\u00f3n para el parto y la maternidad"}]},{"@type":"WebSite","@id":"https:\/\/www.celttv.com.ar\/#website","url":"https:\/\/www.celttv.com.ar\/","name":"CELTTV","description":"Cooperativa El\u00e9ctrica de Tornquist","publisher":{"@id":"https:\/\/www.celttv.com.ar\/#organization"},"potentialAction":[{"@type":"SearchAction","target":{"@type":"EntryPoint","urlTemplate":"https:\/\/www.celttv.com.ar\/?s={search_term_string}"},"query-input":"required name=search_term_string"}],"inLanguage":"es"},{"@type":"Organization","@id":"https:\/\/www.celttv.com.ar\/#organization","name":"CELTTV","url":"https:\/\/www.celttv.com.ar\/","sameAs":["https:\/\/www.youtube.com\/channel\/UCz_oIt8Hig64Ub-EmcNPIhg","https:\/\/www.facebook.com\/celtTV\/"],"logo":{"@type":"ImageObject","inLanguage":"es","@id":"https:\/\/www.celttv.com.ar\/#\/schema\/logo\/image\/","url":"http:\/\/www.celttv.com.ar\/wp-content\/uploads\/2022\/08\/logo-1.png","contentUrl":"http:\/\/www.celttv.com.ar\/wp-content\/uploads\/2022\/08\/logo-1.png","width":461,"height":159,"caption":"CELTTV"},"image":{"@id":"https:\/\/www.celttv.com.ar\/#\/schema\/logo\/image\/"}},{"@type":"Person","@id":"https:\/\/www.celttv.com.ar\/#\/schema\/person\/6d99c072dba59953809c81446e9d0ace","name":"ulises","image":{"@type":"ImageObject","inLanguage":"es","@id":"https:\/\/www.celttv.com.ar\/#\/schema\/person\/image\/","url":"https:\/\/secure.gravatar.com\/avatar\/7f2c48bdc33b30088f941fb6082e555f2874c98e20cb159d7b92b50eadfce793?s=96&d=mm&r=g","contentUrl":"https:\/\/secure.gravatar.com\/avatar\/7f2c48bdc33b30088f941fb6082e555f2874c98e20cb159d7b92b50eadfce793?s=96&d=mm&r=g","caption":"ulises"},"sameAs":["http:\/\/www.celttv.com.ar"]}]}},"_links":{"self":[{"href":"https:\/\/www.celttv.com.ar\/index.php\/wp-json\/wp\/v2\/posts\/44520","targetHints":{"allow":["GET"]}}],"collection":[{"href":"https:\/\/www.celttv.com.ar\/index.php\/wp-json\/wp\/v2\/posts"}],"about":[{"href":"https:\/\/www.celttv.com.ar\/index.php\/wp-json\/wp\/v2\/types\/post"}],"author":[{"embeddable":true,"href":"https:\/\/www.celttv.com.ar\/index.php\/wp-json\/wp\/v2\/users\/1"}],"replies":[{"embeddable":true,"href":"https:\/\/www.celttv.com.ar\/index.php\/wp-json\/wp\/v2\/comments?post=44520"}],"version-history":[{"count":0,"href":"https:\/\/www.celttv.com.ar\/index.php\/wp-json\/wp\/v2\/posts\/44520\/revisions"}],"wp:featuredmedia":[{"embeddable":true,"href":"https:\/\/www.celttv.com.ar\/index.php\/wp-json\/wp\/v2\/media\/44521"}],"wp:attachment":[{"href":"https:\/\/www.celttv.com.ar\/index.php\/wp-json\/wp\/v2\/media?parent=44520"}],"wp:term":[{"taxonomy":"category","embeddable":true,"href":"https:\/\/www.celttv.com.ar\/index.php\/wp-json\/wp\/v2\/categories?post=44520"},{"taxonomy":"post_tag","embeddable":true,"href":"https:\/\/www.celttv.com.ar\/index.php\/wp-json\/wp\/v2\/tags?post=44520"}],"curies":[{"name":"wp","href":"https:\/\/api.w.org\/{rel}","templated":true}]}}