{"id":44543,"date":"2019-10-09T14:21:36","date_gmt":"2019-10-09T14:21:36","guid":{"rendered":"http:\/\/www.celttv.com.ar\/?p=44543"},"modified":"2019-10-09T14:21:36","modified_gmt":"2019-10-09T14:21:36","slug":"se-desarrollo-en-sierra-de-la-ventana-la-1-jornada-de-trabajo-sobre-la-metodologia-japonesa-ovop-videos","status":"publish","type":"post","link":"https:\/\/www.celttv.com.ar\/index.php\/2019\/10\/09\/se-desarrollo-en-sierra-de-la-ventana-la-1-jornada-de-trabajo-sobre-la-metodologia-japonesa-ovop-videos\/","title":{"rendered":"Se desarroll\u00f3 en Sierra de la Ventana la 1\u00b0 Jornada de trabajo sobre la metodolog\u00eda japonesa OVOP (Videos)"},"content":{"rendered":"<p>En el Centro Cultural de Sierra de la Ventana se llev\u00f3 a cabo la 1\u00b0 Jornada de trabajo sobre Desarrollo local desde una mirada innovadora basada en la metodolog\u00eda japonesa OVOP.<br \/>\nDe la provincia de Buenos Aires, los distritos del SO bonaerense fueron los seleccionados para implementar el programa \u201cUn pueblo, un producto\u201d (OVOP).<br \/>\nEl OVOP es un programa que promueve el desarrollo end\u00f3geno en cada comunidad, para desarrollarlo a gran escala y competir en el mercado global, con el consecuente desarrollo de la econom\u00eda regional y generaci\u00f3n de empleo genuino.<br \/>\nEl intendente municipal, Sergio Bordoni, fue el encargado de abrir y presentar la disertaci\u00f3n. El jefe comunal destac\u00f3 la importancia de seguir capacit\u00e1ndose, en este caso en la formulaci\u00f3n de proyectos de desarrollo local y extensi\u00f3n. Por otro lado manifest\u00f3 que impulsar el desarrollo econ\u00f3mico mediante recursos locales y accesibles a la comunidad es uno de los ejes de trabajo de la gesti\u00f3n, ejemplo de ello son: la creaci\u00f3n del Mercado Comunitario en Saldungaray y la Cooperativa textil en Tornquist.<br \/>\nTambi\u00e9n hicieron uso dela palabra de la palabra el Ministro de Producci\u00f3n, Javier Tizano, Mat\u00edas Kelly, funcionario del Ministerio de Desarrollo Social dela Naci\u00f3n, y en representaci\u00f3n de la Agencia de Cooperaci\u00f3n Internacional del Jap\u00f3n (JICA) Kotaro Mitzoguchi.<br \/>\nAdem\u00e1s estuvieron presentes Gonzalo Iparraguirre, Ricardo Echevarr\u00eda y Susana Dos Santos en representaci\u00f3n del municipio, la Coordinadora de Cooperaci\u00f3n del Ministerio de Salud y Desarrollo Social de la Naci\u00f3n, Vanesa Wainstein, las diputadas Anah\u00ed Bilbao y Laura Aprile, referentes de la UPSO y Secretarios de Producci\u00f3n y Desarrollo de distritos del SO.<\/p>\n<div class=\"jeg_video_container jeg_video_content\"><iframe loading=\"lazy\" title=\"2019 10 04 JORNADA DE TRABAJO OVOP 1 JAVIER TIZANO\" width=\"500\" height=\"281\" src=\"https:\/\/www.youtube.com\/embed\/tvcIYF_q3l8?feature=oembed\" frameborder=\"0\" allow=\"accelerometer; autoplay; clipboard-write; encrypted-media; gyroscope; picture-in-picture; web-share\" referrerpolicy=\"strict-origin-when-cross-origin\" allowfullscreen><\/iframe><\/div>\n<div class=\"jeg_video_container jeg_video_content\"><iframe loading=\"lazy\" title=\"2019 10 04 JORNADA DE TRABAJO OVOP 2 SERGIO BORDONI\" width=\"500\" height=\"281\" src=\"https:\/\/www.youtube.com\/embed\/9f0uA9thCj4?feature=oembed\" frameborder=\"0\" allow=\"accelerometer; autoplay; clipboard-write; encrypted-media; gyroscope; picture-in-picture; web-share\" referrerpolicy=\"strict-origin-when-cross-origin\" allowfullscreen><\/iframe><\/div>\n<div class=\"jeg_video_container jeg_video_content\"><iframe loading=\"lazy\" title=\"2019 10 04 JORNADA DE TRABAJO OVOP 3 MATIAS KELLY\" width=\"500\" height=\"281\" src=\"https:\/\/www.youtube.com\/embed\/Xz3-ULP46KE?feature=oembed\" frameborder=\"0\" allow=\"accelerometer; autoplay; clipboard-write; encrypted-media; gyroscope; picture-in-picture; web-share\" referrerpolicy=\"strict-origin-when-cross-origin\" allowfullscreen><\/iframe><\/div>\n<p><a href=\"http:\/\/www.celttv.com.ar\/?attachment_id=44544\" rel=\"attachment wp-att-44544\"><img loading=\"lazy\" decoding=\"async\" class=\"alignleft size-full wp-image-44544\" src=\"http:\/\/www.celttv.com.ar\/wp-content\/uploads\/2019\/10\/WhatsApp-Image-2019-10-03-at-13.14.33-777x437-1.jpeg\" alt=\"\" width=\"777\" height=\"437\" srcset=\"https:\/\/www.celttv.com.ar\/wp-content\/uploads\/2019\/10\/WhatsApp-Image-2019-10-03-at-13.14.33-777x437-1.jpeg 777w, https:\/\/www.celttv.com.ar\/wp-content\/uploads\/2019\/10\/WhatsApp-Image-2019-10-03-at-13.14.33-777x437-1-300x169.jpeg 300w, https:\/\/www.celttv.com.ar\/wp-content\/uploads\/2019\/10\/WhatsApp-Image-2019-10-03-at-13.14.33-777x437-1-768x432.jpeg 768w, https:\/\/www.celttv.com.ar\/wp-content\/uploads\/2019\/10\/WhatsApp-Image-2019-10-03-at-13.14.33-777x437-1-750x422.jpeg 750w\" sizes=\"auto, (max-width: 777px) 100vw, 777px\" \/><\/a><\/p>\n","protected":false},"excerpt":{"rendered":"<p>En el Centro Cultural de Sierra de la Ventana se llev\u00f3 a cabo la 1\u00b0 Jornada de trabajo sobre Desarrollo local desde una mirada innovadora basada en la metodolog\u00eda japonesa OVOP. De la provincia de Buenos Aires, los distritos del SO bonaerense fueron los seleccionados para implementar el programa \u201cUn pueblo, un producto\u201d (OVOP). El [&hellip;]<\/p>\n","protected":false},"author":1,"featured_media":44544,"comment_status":"closed","ping_status":"open","sticky":false,"template":"","format":"standard","meta":{"footnotes":""},"categories":[55,52,65,58],"tags":[],"class_list":["post-44543","post","type-post","status-publish","format-standard","has-post-thumbnail","hentry","category-celt-tv-noticias","category-destacadas","category-produccion","category-turismo"],"yoast_head":"<!-- This site is optimized with the Yoast SEO plugin v19.7.1 - https:\/\/yoast.com\/wordpress\/plugins\/seo\/ -->\n<title>Se desarroll\u00f3 en Sierra de la Ventana la 1\u00b0 Jornada de trabajo sobre la metodolog\u00eda japonesa OVOP (Videos) - CELTTV<\/title>\n<meta name=\"description\" content=\"Sitio web de noticias de la localidad de Tornquist, provincia de Buenos Aires, Rep\u00fablica Argentina. Contenido propio originado por periodistas de CELTTV, el canal de TV local de la Cooperativa El\u00e9ctrica de Tornquist. Turismo, Pol\u00edtica, Sociedad, Deporte, Cultura y todo el contenido de inter\u00e9s general que la gente del pueblo y la regi\u00f3n debe conocer.\" \/>\n<meta name=\"robots\" content=\"index, follow, max-snippet:-1, max-image-preview:large, max-video-preview:-1\" \/>\n<link rel=\"canonical\" href=\"https:\/\/www.celttv.com.ar\/index.php\/2019\/10\/09\/se-desarrollo-en-sierra-de-la-ventana-la-1-jornada-de-trabajo-sobre-la-metodologia-japonesa-ovop-videos\/\" \/>\n<meta property=\"og:locale\" content=\"es_ES\" \/>\n<meta property=\"og:type\" content=\"article\" \/>\n<meta property=\"og:title\" content=\"Se desarroll\u00f3 en Sierra de la Ventana la 1\u00b0 Jornada de trabajo sobre la metodolog\u00eda japonesa OVOP (Videos) - CELTTV\" \/>\n<meta property=\"og:description\" content=\"Sitio web de noticias de la localidad de Tornquist, provincia de Buenos Aires, Rep\u00fablica Argentina. Contenido propio originado por periodistas de CELTTV, el canal de TV local de la Cooperativa El\u00e9ctrica de Tornquist. Turismo, Pol\u00edtica, Sociedad, Deporte, Cultura y todo el contenido de inter\u00e9s general que la gente del pueblo y la regi\u00f3n debe conocer.\" \/>\n<meta property=\"og:url\" content=\"https:\/\/www.celttv.com.ar\/index.php\/2019\/10\/09\/se-desarrollo-en-sierra-de-la-ventana-la-1-jornada-de-trabajo-sobre-la-metodologia-japonesa-ovop-videos\/\" \/>\n<meta property=\"og:site_name\" content=\"CELTTV\" \/>\n<meta property=\"article:publisher\" content=\"https:\/\/www.facebook.com\/celtTV\/\" \/>\n<meta property=\"article:published_time\" content=\"2019-10-09T14:21:36+00:00\" \/>\n<meta property=\"og:image\" content=\"https:\/\/www.celttv.com.ar\/wp-content\/uploads\/2019\/10\/WhatsApp-Image-2019-10-03-at-13.14.33-777x437-1.jpeg\" \/>\n\t<meta property=\"og:image:width\" content=\"777\" \/>\n\t<meta property=\"og:image:height\" content=\"437\" \/>\n\t<meta property=\"og:image:type\" content=\"image\/jpeg\" \/>\n<meta name=\"author\" content=\"ulises\" \/>\n<meta name=\"twitter:card\" content=\"summary_large_image\" \/>\n<meta name=\"twitter:label1\" content=\"Escrito por\" \/>\n\t<meta name=\"twitter:data1\" content=\"ulises\" \/>\n\t<meta name=\"twitter:label2\" content=\"Tiempo de lectura\" \/>\n\t<meta name=\"twitter:data2\" content=\"2 minutos\" \/>\n<script type=\"application\/ld+json\" class=\"yoast-schema-graph\">{\"@context\":\"https:\/\/schema.org\",\"@graph\":[{\"@type\":\"NewsArticle\",\"@id\":\"https:\/\/www.celttv.com.ar\/index.php\/2019\/10\/09\/se-desarrollo-en-sierra-de-la-ventana-la-1-jornada-de-trabajo-sobre-la-metodologia-japonesa-ovop-videos\/#article\",\"isPartOf\":{\"@id\":\"https:\/\/www.celttv.com.ar\/index.php\/2019\/10\/09\/se-desarrollo-en-sierra-de-la-ventana-la-1-jornada-de-trabajo-sobre-la-metodologia-japonesa-ovop-videos\/\"},\"author\":{\"name\":\"ulises\",\"@id\":\"https:\/\/www.celttv.com.ar\/#\/schema\/person\/6d99c072dba59953809c81446e9d0ace\"},\"headline\":\"Se desarroll\u00f3 en Sierra de la Ventana la 1\u00b0 Jornada de trabajo sobre la metodolog\u00eda japonesa OVOP (Videos)\",\"datePublished\":\"2019-10-09T14:21:36+00:00\",\"dateModified\":\"2019-10-09T14:21:36+00:00\",\"mainEntityOfPage\":{\"@id\":\"https:\/\/www.celttv.com.ar\/index.php\/2019\/10\/09\/se-desarrollo-en-sierra-de-la-ventana-la-1-jornada-de-trabajo-sobre-la-metodologia-japonesa-ovop-videos\/\"},\"wordCount\":329,\"publisher\":{\"@id\":\"https:\/\/www.celttv.com.ar\/#organization\"},\"articleSection\":[\"Celt TV Noticias\",\"Destacadas\",\"Producci\u00f3n y Medio Ambiente\",\"Turismo\"],\"inLanguage\":\"es\"},{\"@type\":\"WebPage\",\"@id\":\"https:\/\/www.celttv.com.ar\/index.php\/2019\/10\/09\/se-desarrollo-en-sierra-de-la-ventana-la-1-jornada-de-trabajo-sobre-la-metodologia-japonesa-ovop-videos\/\",\"url\":\"https:\/\/www.celttv.com.ar\/index.php\/2019\/10\/09\/se-desarrollo-en-sierra-de-la-ventana-la-1-jornada-de-trabajo-sobre-la-metodologia-japonesa-ovop-videos\/\",\"name\":\"Se desarroll\u00f3 en Sierra de la Ventana la 1\u00b0 Jornada de trabajo sobre la metodolog\u00eda japonesa OVOP (Videos) - CELTTV\",\"isPartOf\":{\"@id\":\"https:\/\/www.celttv.com.ar\/#website\"},\"datePublished\":\"2019-10-09T14:21:36+00:00\",\"dateModified\":\"2019-10-09T14:21:36+00:00\",\"description\":\"Sitio web de noticias de la localidad de Tornquist, provincia de Buenos Aires, Rep\u00fablica Argentina. Contenido propio originado por periodistas de CELTTV, el canal de TV local de la Cooperativa El\u00e9ctrica de Tornquist. Turismo, Pol\u00edtica, Sociedad, Deporte, Cultura y todo el contenido de inter\u00e9s general que la gente del pueblo y la regi\u00f3n debe conocer.\",\"breadcrumb\":{\"@id\":\"https:\/\/www.celttv.com.ar\/index.php\/2019\/10\/09\/se-desarrollo-en-sierra-de-la-ventana-la-1-jornada-de-trabajo-sobre-la-metodologia-japonesa-ovop-videos\/#breadcrumb\"},\"inLanguage\":\"es\",\"potentialAction\":[{\"@type\":\"ReadAction\",\"target\":[\"https:\/\/www.celttv.com.ar\/index.php\/2019\/10\/09\/se-desarrollo-en-sierra-de-la-ventana-la-1-jornada-de-trabajo-sobre-la-metodologia-japonesa-ovop-videos\/\"]}]},{\"@type\":\"BreadcrumbList\",\"@id\":\"https:\/\/www.celttv.com.ar\/index.php\/2019\/10\/09\/se-desarrollo-en-sierra-de-la-ventana-la-1-jornada-de-trabajo-sobre-la-metodologia-japonesa-ovop-videos\/#breadcrumb\",\"itemListElement\":[{\"@type\":\"ListItem\",\"position\":1,\"name\":\"Inicio\",\"item\":\"https:\/\/www.celttv.com.ar\/\"},{\"@type\":\"ListItem\",\"position\":2,\"name\":\"Se desarroll\u00f3 en Sierra de la Ventana la 1\u00b0 Jornada de trabajo sobre la metodolog\u00eda japonesa OVOP (Videos)\"}]},{\"@type\":\"WebSite\",\"@id\":\"https:\/\/www.celttv.com.ar\/#website\",\"url\":\"https:\/\/www.celttv.com.ar\/\",\"name\":\"CELTTV\",\"description\":\"Cooperativa El\u00e9ctrica de Tornquist\",\"publisher\":{\"@id\":\"https:\/\/www.celttv.com.ar\/#organization\"},\"potentialAction\":[{\"@type\":\"SearchAction\",\"target\":{\"@type\":\"EntryPoint\",\"urlTemplate\":\"https:\/\/www.celttv.com.ar\/?s={search_term_string}\"},\"query-input\":\"required name=search_term_string\"}],\"inLanguage\":\"es\"},{\"@type\":\"Organization\",\"@id\":\"https:\/\/www.celttv.com.ar\/#organization\",\"name\":\"CELTTV\",\"url\":\"https:\/\/www.celttv.com.ar\/\",\"sameAs\":[\"https:\/\/www.youtube.com\/channel\/UCz_oIt8Hig64Ub-EmcNPIhg\",\"https:\/\/www.facebook.com\/celtTV\/\"],\"logo\":{\"@type\":\"ImageObject\",\"inLanguage\":\"es\",\"@id\":\"https:\/\/www.celttv.com.ar\/#\/schema\/logo\/image\/\",\"url\":\"http:\/\/www.celttv.com.ar\/wp-content\/uploads\/2022\/08\/logo-1.png\",\"contentUrl\":\"http:\/\/www.celttv.com.ar\/wp-content\/uploads\/2022\/08\/logo-1.png\",\"width\":461,\"height\":159,\"caption\":\"CELTTV\"},\"image\":{\"@id\":\"https:\/\/www.celttv.com.ar\/#\/schema\/logo\/image\/\"}},{\"@type\":\"Person\",\"@id\":\"https:\/\/www.celttv.com.ar\/#\/schema\/person\/6d99c072dba59953809c81446e9d0ace\",\"name\":\"ulises\",\"image\":{\"@type\":\"ImageObject\",\"inLanguage\":\"es\",\"@id\":\"https:\/\/www.celttv.com.ar\/#\/schema\/person\/image\/\",\"url\":\"https:\/\/secure.gravatar.com\/avatar\/7f2c48bdc33b30088f941fb6082e555f2874c98e20cb159d7b92b50eadfce793?s=96&d=mm&r=g\",\"contentUrl\":\"https:\/\/secure.gravatar.com\/avatar\/7f2c48bdc33b30088f941fb6082e555f2874c98e20cb159d7b92b50eadfce793?s=96&d=mm&r=g\",\"caption\":\"ulises\"},\"sameAs\":[\"http:\/\/www.celttv.com.ar\"]}]}<\/script>\n<!-- \/ Yoast SEO plugin. -->","yoast_head_json":{"title":"Se desarroll\u00f3 en Sierra de la Ventana la 1\u00b0 Jornada de trabajo sobre la metodolog\u00eda japonesa OVOP (Videos) - CELTTV","description":"Sitio web de noticias de la localidad de Tornquist, provincia de Buenos Aires, Rep\u00fablica Argentina. Contenido propio originado por periodistas de CELTTV, el canal de TV local de la Cooperativa El\u00e9ctrica de Tornquist. Turismo, Pol\u00edtica, Sociedad, Deporte, Cultura y todo el contenido de inter\u00e9s general que la gente del pueblo y la regi\u00f3n debe conocer.","robots":{"index":"index","follow":"follow","max-snippet":"max-snippet:-1","max-image-preview":"max-image-preview:large","max-video-preview":"max-video-preview:-1"},"canonical":"https:\/\/www.celttv.com.ar\/index.php\/2019\/10\/09\/se-desarrollo-en-sierra-de-la-ventana-la-1-jornada-de-trabajo-sobre-la-metodologia-japonesa-ovop-videos\/","og_locale":"es_ES","og_type":"article","og_title":"Se desarroll\u00f3 en Sierra de la Ventana la 1\u00b0 Jornada de trabajo sobre la metodolog\u00eda japonesa OVOP (Videos) - CELTTV","og_description":"Sitio web de noticias de la localidad de Tornquist, provincia de Buenos Aires, Rep\u00fablica Argentina. Contenido propio originado por periodistas de CELTTV, el canal de TV local de la Cooperativa El\u00e9ctrica de Tornquist. Turismo, Pol\u00edtica, Sociedad, Deporte, Cultura y todo el contenido de inter\u00e9s general que la gente del pueblo y la regi\u00f3n debe conocer.","og_url":"https:\/\/www.celttv.com.ar\/index.php\/2019\/10\/09\/se-desarrollo-en-sierra-de-la-ventana-la-1-jornada-de-trabajo-sobre-la-metodologia-japonesa-ovop-videos\/","og_site_name":"CELTTV","article_publisher":"https:\/\/www.facebook.com\/celtTV\/","article_published_time":"2019-10-09T14:21:36+00:00","og_image":[{"width":777,"height":437,"url":"https:\/\/www.celttv.com.ar\/wp-content\/uploads\/2019\/10\/WhatsApp-Image-2019-10-03-at-13.14.33-777x437-1.jpeg","type":"image\/jpeg"}],"author":"ulises","twitter_card":"summary_large_image","twitter_misc":{"Escrito por":"ulises","Tiempo de lectura":"2 minutos"},"schema":{"@context":"https:\/\/schema.org","@graph":[{"@type":"NewsArticle","@id":"https:\/\/www.celttv.com.ar\/index.php\/2019\/10\/09\/se-desarrollo-en-sierra-de-la-ventana-la-1-jornada-de-trabajo-sobre-la-metodologia-japonesa-ovop-videos\/#article","isPartOf":{"@id":"https:\/\/www.celttv.com.ar\/index.php\/2019\/10\/09\/se-desarrollo-en-sierra-de-la-ventana-la-1-jornada-de-trabajo-sobre-la-metodologia-japonesa-ovop-videos\/"},"author":{"name":"ulises","@id":"https:\/\/www.celttv.com.ar\/#\/schema\/person\/6d99c072dba59953809c81446e9d0ace"},"headline":"Se desarroll\u00f3 en Sierra de la Ventana la 1\u00b0 Jornada de trabajo sobre la metodolog\u00eda japonesa OVOP (Videos)","datePublished":"2019-10-09T14:21:36+00:00","dateModified":"2019-10-09T14:21:36+00:00","mainEntityOfPage":{"@id":"https:\/\/www.celttv.com.ar\/index.php\/2019\/10\/09\/se-desarrollo-en-sierra-de-la-ventana-la-1-jornada-de-trabajo-sobre-la-metodologia-japonesa-ovop-videos\/"},"wordCount":329,"publisher":{"@id":"https:\/\/www.celttv.com.ar\/#organization"},"articleSection":["Celt TV Noticias","Destacadas","Producci\u00f3n y Medio Ambiente","Turismo"],"inLanguage":"es"},{"@type":"WebPage","@id":"https:\/\/www.celttv.com.ar\/index.php\/2019\/10\/09\/se-desarrollo-en-sierra-de-la-ventana-la-1-jornada-de-trabajo-sobre-la-metodologia-japonesa-ovop-videos\/","url":"https:\/\/www.celttv.com.ar\/index.php\/2019\/10\/09\/se-desarrollo-en-sierra-de-la-ventana-la-1-jornada-de-trabajo-sobre-la-metodologia-japonesa-ovop-videos\/","name":"Se desarroll\u00f3 en Sierra de la Ventana la 1\u00b0 Jornada de trabajo sobre la metodolog\u00eda japonesa OVOP (Videos) - CELTTV","isPartOf":{"@id":"https:\/\/www.celttv.com.ar\/#website"},"datePublished":"2019-10-09T14:21:36+00:00","dateModified":"2019-10-09T14:21:36+00:00","description":"Sitio web de noticias de la localidad de Tornquist, provincia de Buenos Aires, Rep\u00fablica Argentina. Contenido propio originado por periodistas de CELTTV, el canal de TV local de la Cooperativa El\u00e9ctrica de Tornquist. Turismo, Pol\u00edtica, Sociedad, Deporte, Cultura y todo el contenido de inter\u00e9s general que la gente del pueblo y la regi\u00f3n debe conocer.","breadcrumb":{"@id":"https:\/\/www.celttv.com.ar\/index.php\/2019\/10\/09\/se-desarrollo-en-sierra-de-la-ventana-la-1-jornada-de-trabajo-sobre-la-metodologia-japonesa-ovop-videos\/#breadcrumb"},"inLanguage":"es","potentialAction":[{"@type":"ReadAction","target":["https:\/\/www.celttv.com.ar\/index.php\/2019\/10\/09\/se-desarrollo-en-sierra-de-la-ventana-la-1-jornada-de-trabajo-sobre-la-metodologia-japonesa-ovop-videos\/"]}]},{"@type":"BreadcrumbList","@id":"https:\/\/www.celttv.com.ar\/index.php\/2019\/10\/09\/se-desarrollo-en-sierra-de-la-ventana-la-1-jornada-de-trabajo-sobre-la-metodologia-japonesa-ovop-videos\/#breadcrumb","itemListElement":[{"@type":"ListItem","position":1,"name":"Inicio","item":"https:\/\/www.celttv.com.ar\/"},{"@type":"ListItem","position":2,"name":"Se desarroll\u00f3 en Sierra de la Ventana la 1\u00b0 Jornada de trabajo sobre la metodolog\u00eda japonesa OVOP (Videos)"}]},{"@type":"WebSite","@id":"https:\/\/www.celttv.com.ar\/#website","url":"https:\/\/www.celttv.com.ar\/","name":"CELTTV","description":"Cooperativa El\u00e9ctrica de Tornquist","publisher":{"@id":"https:\/\/www.celttv.com.ar\/#organization"},"potentialAction":[{"@type":"SearchAction","target":{"@type":"EntryPoint","urlTemplate":"https:\/\/www.celttv.com.ar\/?s={search_term_string}"},"query-input":"required name=search_term_string"}],"inLanguage":"es"},{"@type":"Organization","@id":"https:\/\/www.celttv.com.ar\/#organization","name":"CELTTV","url":"https:\/\/www.celttv.com.ar\/","sameAs":["https:\/\/www.youtube.com\/channel\/UCz_oIt8Hig64Ub-EmcNPIhg","https:\/\/www.facebook.com\/celtTV\/"],"logo":{"@type":"ImageObject","inLanguage":"es","@id":"https:\/\/www.celttv.com.ar\/#\/schema\/logo\/image\/","url":"http:\/\/www.celttv.com.ar\/wp-content\/uploads\/2022\/08\/logo-1.png","contentUrl":"http:\/\/www.celttv.com.ar\/wp-content\/uploads\/2022\/08\/logo-1.png","width":461,"height":159,"caption":"CELTTV"},"image":{"@id":"https:\/\/www.celttv.com.ar\/#\/schema\/logo\/image\/"}},{"@type":"Person","@id":"https:\/\/www.celttv.com.ar\/#\/schema\/person\/6d99c072dba59953809c81446e9d0ace","name":"ulises","image":{"@type":"ImageObject","inLanguage":"es","@id":"https:\/\/www.celttv.com.ar\/#\/schema\/person\/image\/","url":"https:\/\/secure.gravatar.com\/avatar\/7f2c48bdc33b30088f941fb6082e555f2874c98e20cb159d7b92b50eadfce793?s=96&d=mm&r=g","contentUrl":"https:\/\/secure.gravatar.com\/avatar\/7f2c48bdc33b30088f941fb6082e555f2874c98e20cb159d7b92b50eadfce793?s=96&d=mm&r=g","caption":"ulises"},"sameAs":["http:\/\/www.celttv.com.ar"]}]}},"_links":{"self":[{"href":"https:\/\/www.celttv.com.ar\/index.php\/wp-json\/wp\/v2\/posts\/44543","targetHints":{"allow":["GET"]}}],"collection":[{"href":"https:\/\/www.celttv.com.ar\/index.php\/wp-json\/wp\/v2\/posts"}],"about":[{"href":"https:\/\/www.celttv.com.ar\/index.php\/wp-json\/wp\/v2\/types\/post"}],"author":[{"embeddable":true,"href":"https:\/\/www.celttv.com.ar\/index.php\/wp-json\/wp\/v2\/users\/1"}],"replies":[{"embeddable":true,"href":"https:\/\/www.celttv.com.ar\/index.php\/wp-json\/wp\/v2\/comments?post=44543"}],"version-history":[{"count":0,"href":"https:\/\/www.celttv.com.ar\/index.php\/wp-json\/wp\/v2\/posts\/44543\/revisions"}],"wp:featuredmedia":[{"embeddable":true,"href":"https:\/\/www.celttv.com.ar\/index.php\/wp-json\/wp\/v2\/media\/44544"}],"wp:attachment":[{"href":"https:\/\/www.celttv.com.ar\/index.php\/wp-json\/wp\/v2\/media?parent=44543"}],"wp:term":[{"taxonomy":"category","embeddable":true,"href":"https:\/\/www.celttv.com.ar\/index.php\/wp-json\/wp\/v2\/categories?post=44543"},{"taxonomy":"post_tag","embeddable":true,"href":"https:\/\/www.celttv.com.ar\/index.php\/wp-json\/wp\/v2\/tags?post=44543"}],"curies":[{"name":"wp","href":"https:\/\/api.w.org\/{rel}","templated":true}]}}