{"id":44546,"date":"2019-10-09T14:25:36","date_gmt":"2019-10-09T14:25:36","guid":{"rendered":"http:\/\/www.celttv.com.ar\/?p=44546"},"modified":"2019-10-09T14:25:36","modified_gmt":"2019-10-09T14:25:36","slug":"tn-sergio-torres-podria-hacerse-cargo-del-equipo-campeon-de-la-clase-3-informe-la-nueva","status":"publish","type":"post","link":"https:\/\/www.celttv.com.ar\/index.php\/2019\/10\/09\/tn-sergio-torres-podria-hacerse-cargo-del-equipo-campeon-de-la-clase-3-informe-la-nueva\/","title":{"rendered":"TN: Sergio Torres podr\u00eda hacerse cargo del equipo campe\u00f3n de la Clase 3 (Informe La Nueva)"},"content":{"rendered":"<p>La posibilidad, a definirse en los pr\u00f3ximos\u00a0d\u00edas,\u00a0contempla el regreso al volante del chaque\u00f1o Juan Manuel Silva.<\/p>\n<p>Un nuevo desaf\u00edo deportivo asoma en el radar del \u201cTorres Competici\u00f3n\u201d, equipo de Clase 3 de Turismo Nacional encabezado por el motorista Sergio Torres en Tornquist.<\/p>\n<p>Todo parece indicar que Gullermo Chetta, titular del equipo campe\u00f3n de la divisional mayor (se coron\u00f3 el a\u00f1o pasado con Leonel Pern\u00eda), estar\u00eda dando marcha atr\u00e1s en su decisi\u00f3n de abandonar el presente campeonato, tras lo ocurrido en Termas de R\u00edo Hondo.<\/p>\n<p>Vale recordar que all\u00ed, el misionero Carlos Okulovich fue excluido por los comisarios luego de una pol\u00e9mica maniobra cuando peleaba por el liderazgo en la octava final del a\u00f1o, lo que motiv\u00f3 el retiro provisorio del team.<\/p>\n<p>No obstante eso, Chetta desarrollar\u00e1 esta semana, en el Oscar y Juan G\u00e1lvez de Buenos Aires, una jornada de prueba con sus dos Honda All New Civic (uno de ellos a estrenar), y con el chaque\u00f1o Juan Manuel Silva al volante, quien de esta forma regresar\u00eda a la categor\u00eda.<\/p>\n<p><img decoding=\"async\" src=\"https:\/\/px.cdn.lanueva.com\/102019\/1570561728759\/chetta.jpg\" width=\"100%\" height=\"auto\" \/><\/p>\n<p>Seg\u00fan cont\u00f3 el propio Torres, motorista del equipo, de funcionar todo de acuerdo a lo esperado, Chetta delegar\u00eda la atenci\u00f3n \u00edntegra del auto a su estructura, para afrontar las tres competencias que restan de la temporada.<\/p>\n<p>\u201cHay una alta chance de que eso suceda, aunque todav\u00eda no lo puedo confirmar. Dependemos de que el auto funcione bien. En ese caso, estar\u00edamos compitiendo en San Jorge con el Pato (Silva) al volante y con Sebasti\u00e1n Pr\u00f3speri asesorando t\u00e9cnicamente. Por supuesto que Juanchi (su hijo) se har\u00e1 cargo de la atenci\u00f3n del chasis\u201d, cont\u00f3 el ex midgista.<\/p>\n<p>\u201cPor lo pronto es un lindo desaf\u00edo, pero no s\u00e9 qu\u00e9 pasar\u00e1 el pr\u00f3ximo a\u00f1o. Era una l\u00e1stima que, con el potencial que hab\u00eda, el auto est\u00e9 parado. Seguramente ma\u00f1ana, a \u00faltima hora, sabremos con certeza si lo hacemos o no\u201d, cerr\u00f3 Torres.<\/p>\n<p><img decoding=\"async\" src=\"https:\/\/px.cdn.lanueva.com\/102019\/1570561791626\/torres%20c2.jpg\" width=\"100%\" height=\"auto\" \/><\/p>\n<p>Asimismo, el exitoso motorista confirm\u00f3 el regreso a pista del Chevrolet Corsa de Clase 2\u00a0 de su propiedad en San Jorge, sede del d\u00e9cimo cap\u00edtulo (se correr\u00e1 el 20 del corriente), auto que este a\u00f1o condujeron Fernando G\u00f3mez Fredes y el propio Juan Ignacio Torres.<\/p>\n<p>El encargado de acelerarlo esta vez ser\u00e1 el santafesino Emiliano Giacoponi, quien regresar\u00e1\u00a0a la divisional menor, tras dos a\u00f1os de ausencia, para competir\u00a0en las tres \u00faltimas fechas del a\u00f1o. El tres veces ganador en el Parque de la Velocidad, contar\u00e1 con asesoramiento t\u00e9cnico del Larrauri Racing.<\/p>\n<p><strong>FUENTE: LA NUEVA<\/strong><\/p>\n","protected":false},"excerpt":{"rendered":"<p>La posibilidad, a definirse en los pr\u00f3ximos\u00a0d\u00edas,\u00a0contempla el regreso al volante del chaque\u00f1o Juan Manuel Silva. Un nuevo desaf\u00edo deportivo asoma en el radar del \u201cTorres Competici\u00f3n\u201d, equipo de Clase 3 de Turismo Nacional encabezado por el motorista Sergio Torres en Tornquist. Todo parece indicar que Gullermo Chetta, titular del equipo campe\u00f3n de la divisional [&hellip;]<\/p>\n","protected":false},"author":1,"featured_media":44547,"comment_status":"closed","ping_status":"open","sticky":false,"template":"","format":"standard","meta":{"footnotes":""},"categories":[55,60,52,63],"tags":[],"class_list":["post-44546","post","type-post","status-publish","format-standard","has-post-thumbnail","hentry","category-celt-tv-noticias","category-deporte","category-destacadas","category-magazine-sport"],"yoast_head":"<!-- This site is optimized with the Yoast SEO plugin v19.7.1 - https:\/\/yoast.com\/wordpress\/plugins\/seo\/ -->\n<title>TN: Sergio Torres podr\u00eda hacerse cargo del equipo campe\u00f3n de la Clase 3 (Informe La Nueva) - CELTTV<\/title>\n<meta name=\"description\" content=\"Sitio web de noticias de la localidad de Tornquist, provincia de Buenos Aires, Rep\u00fablica Argentina. Contenido propio originado por periodistas de CELTTV, el canal de TV local de la Cooperativa El\u00e9ctrica de Tornquist. Turismo, Pol\u00edtica, Sociedad, Deporte, Cultura y todo el contenido de inter\u00e9s general que la gente del pueblo y la regi\u00f3n debe conocer.\" \/>\n<meta name=\"robots\" content=\"index, follow, max-snippet:-1, max-image-preview:large, max-video-preview:-1\" \/>\n<link rel=\"canonical\" href=\"https:\/\/www.celttv.com.ar\/index.php\/2019\/10\/09\/tn-sergio-torres-podria-hacerse-cargo-del-equipo-campeon-de-la-clase-3-informe-la-nueva\/\" \/>\n<meta property=\"og:locale\" content=\"es_ES\" \/>\n<meta property=\"og:type\" content=\"article\" \/>\n<meta property=\"og:title\" content=\"TN: Sergio Torres podr\u00eda hacerse cargo del equipo campe\u00f3n de la Clase 3 (Informe La Nueva) - CELTTV\" \/>\n<meta property=\"og:description\" content=\"Sitio web de noticias de la localidad de Tornquist, provincia de Buenos Aires, Rep\u00fablica Argentina. Contenido propio originado por periodistas de CELTTV, el canal de TV local de la Cooperativa El\u00e9ctrica de Tornquist. Turismo, Pol\u00edtica, Sociedad, Deporte, Cultura y todo el contenido de inter\u00e9s general que la gente del pueblo y la regi\u00f3n debe conocer.\" \/>\n<meta property=\"og:url\" content=\"https:\/\/www.celttv.com.ar\/index.php\/2019\/10\/09\/tn-sergio-torres-podria-hacerse-cargo-del-equipo-campeon-de-la-clase-3-informe-la-nueva\/\" \/>\n<meta property=\"og:site_name\" content=\"CELTTV\" \/>\n<meta property=\"article:publisher\" content=\"https:\/\/www.facebook.com\/celtTV\/\" \/>\n<meta property=\"article:published_time\" content=\"2019-10-09T14:25:36+00:00\" \/>\n<meta property=\"og:image\" content=\"https:\/\/www.celttv.com.ar\/wp-content\/uploads\/2019\/10\/1570561608299.jpg\" \/>\n\t<meta property=\"og:image:width\" content=\"1500\" \/>\n\t<meta property=\"og:image:height\" content=\"843\" \/>\n\t<meta property=\"og:image:type\" content=\"image\/jpeg\" \/>\n<meta name=\"author\" content=\"ulises\" \/>\n<meta name=\"twitter:card\" content=\"summary_large_image\" \/>\n<meta name=\"twitter:label1\" content=\"Escrito por\" \/>\n\t<meta name=\"twitter:data1\" content=\"ulises\" \/>\n\t<meta name=\"twitter:label2\" content=\"Tiempo de lectura\" \/>\n\t<meta name=\"twitter:data2\" content=\"2 minutos\" \/>\n<script type=\"application\/ld+json\" class=\"yoast-schema-graph\">{\"@context\":\"https:\/\/schema.org\",\"@graph\":[{\"@type\":\"NewsArticle\",\"@id\":\"https:\/\/www.celttv.com.ar\/index.php\/2019\/10\/09\/tn-sergio-torres-podria-hacerse-cargo-del-equipo-campeon-de-la-clase-3-informe-la-nueva\/#article\",\"isPartOf\":{\"@id\":\"https:\/\/www.celttv.com.ar\/index.php\/2019\/10\/09\/tn-sergio-torres-podria-hacerse-cargo-del-equipo-campeon-de-la-clase-3-informe-la-nueva\/\"},\"author\":{\"name\":\"ulises\",\"@id\":\"https:\/\/www.celttv.com.ar\/#\/schema\/person\/6d99c072dba59953809c81446e9d0ace\"},\"headline\":\"TN: Sergio Torres podr\u00eda hacerse cargo del equipo campe\u00f3n de la Clase 3 (Informe La Nueva)\",\"datePublished\":\"2019-10-09T14:25:36+00:00\",\"dateModified\":\"2019-10-09T14:25:36+00:00\",\"mainEntityOfPage\":{\"@id\":\"https:\/\/www.celttv.com.ar\/index.php\/2019\/10\/09\/tn-sergio-torres-podria-hacerse-cargo-del-equipo-campeon-de-la-clase-3-informe-la-nueva\/\"},\"wordCount\":460,\"publisher\":{\"@id\":\"https:\/\/www.celttv.com.ar\/#organization\"},\"articleSection\":[\"Celt TV Noticias\",\"Deporte\",\"Destacadas\",\"Magazine Sport\"],\"inLanguage\":\"es\"},{\"@type\":\"WebPage\",\"@id\":\"https:\/\/www.celttv.com.ar\/index.php\/2019\/10\/09\/tn-sergio-torres-podria-hacerse-cargo-del-equipo-campeon-de-la-clase-3-informe-la-nueva\/\",\"url\":\"https:\/\/www.celttv.com.ar\/index.php\/2019\/10\/09\/tn-sergio-torres-podria-hacerse-cargo-del-equipo-campeon-de-la-clase-3-informe-la-nueva\/\",\"name\":\"TN: Sergio Torres podr\u00eda hacerse cargo del equipo campe\u00f3n de la Clase 3 (Informe La Nueva) - CELTTV\",\"isPartOf\":{\"@id\":\"https:\/\/www.celttv.com.ar\/#website\"},\"datePublished\":\"2019-10-09T14:25:36+00:00\",\"dateModified\":\"2019-10-09T14:25:36+00:00\",\"description\":\"Sitio web de noticias de la localidad de Tornquist, provincia de Buenos Aires, Rep\u00fablica Argentina. Contenido propio originado por periodistas de CELTTV, el canal de TV local de la Cooperativa El\u00e9ctrica de Tornquist. Turismo, Pol\u00edtica, Sociedad, Deporte, Cultura y todo el contenido de inter\u00e9s general que la gente del pueblo y la regi\u00f3n debe conocer.\",\"breadcrumb\":{\"@id\":\"https:\/\/www.celttv.com.ar\/index.php\/2019\/10\/09\/tn-sergio-torres-podria-hacerse-cargo-del-equipo-campeon-de-la-clase-3-informe-la-nueva\/#breadcrumb\"},\"inLanguage\":\"es\",\"potentialAction\":[{\"@type\":\"ReadAction\",\"target\":[\"https:\/\/www.celttv.com.ar\/index.php\/2019\/10\/09\/tn-sergio-torres-podria-hacerse-cargo-del-equipo-campeon-de-la-clase-3-informe-la-nueva\/\"]}]},{\"@type\":\"BreadcrumbList\",\"@id\":\"https:\/\/www.celttv.com.ar\/index.php\/2019\/10\/09\/tn-sergio-torres-podria-hacerse-cargo-del-equipo-campeon-de-la-clase-3-informe-la-nueva\/#breadcrumb\",\"itemListElement\":[{\"@type\":\"ListItem\",\"position\":1,\"name\":\"Inicio\",\"item\":\"https:\/\/www.celttv.com.ar\/\"},{\"@type\":\"ListItem\",\"position\":2,\"name\":\"TN: Sergio Torres podr\u00eda hacerse cargo del equipo campe\u00f3n de la Clase 3 (Informe La Nueva)\"}]},{\"@type\":\"WebSite\",\"@id\":\"https:\/\/www.celttv.com.ar\/#website\",\"url\":\"https:\/\/www.celttv.com.ar\/\",\"name\":\"CELTTV\",\"description\":\"Cooperativa El\u00e9ctrica de Tornquist\",\"publisher\":{\"@id\":\"https:\/\/www.celttv.com.ar\/#organization\"},\"potentialAction\":[{\"@type\":\"SearchAction\",\"target\":{\"@type\":\"EntryPoint\",\"urlTemplate\":\"https:\/\/www.celttv.com.ar\/?s={search_term_string}\"},\"query-input\":\"required name=search_term_string\"}],\"inLanguage\":\"es\"},{\"@type\":\"Organization\",\"@id\":\"https:\/\/www.celttv.com.ar\/#organization\",\"name\":\"CELTTV\",\"url\":\"https:\/\/www.celttv.com.ar\/\",\"sameAs\":[\"https:\/\/www.youtube.com\/channel\/UCz_oIt8Hig64Ub-EmcNPIhg\",\"https:\/\/www.facebook.com\/celtTV\/\"],\"logo\":{\"@type\":\"ImageObject\",\"inLanguage\":\"es\",\"@id\":\"https:\/\/www.celttv.com.ar\/#\/schema\/logo\/image\/\",\"url\":\"http:\/\/www.celttv.com.ar\/wp-content\/uploads\/2022\/08\/logo-1.png\",\"contentUrl\":\"http:\/\/www.celttv.com.ar\/wp-content\/uploads\/2022\/08\/logo-1.png\",\"width\":461,\"height\":159,\"caption\":\"CELTTV\"},\"image\":{\"@id\":\"https:\/\/www.celttv.com.ar\/#\/schema\/logo\/image\/\"}},{\"@type\":\"Person\",\"@id\":\"https:\/\/www.celttv.com.ar\/#\/schema\/person\/6d99c072dba59953809c81446e9d0ace\",\"name\":\"ulises\",\"image\":{\"@type\":\"ImageObject\",\"inLanguage\":\"es\",\"@id\":\"https:\/\/www.celttv.com.ar\/#\/schema\/person\/image\/\",\"url\":\"https:\/\/secure.gravatar.com\/avatar\/7f2c48bdc33b30088f941fb6082e555f2874c98e20cb159d7b92b50eadfce793?s=96&d=mm&r=g\",\"contentUrl\":\"https:\/\/secure.gravatar.com\/avatar\/7f2c48bdc33b30088f941fb6082e555f2874c98e20cb159d7b92b50eadfce793?s=96&d=mm&r=g\",\"caption\":\"ulises\"},\"sameAs\":[\"http:\/\/www.celttv.com.ar\"]}]}<\/script>\n<!-- \/ Yoast SEO plugin. -->","yoast_head_json":{"title":"TN: Sergio Torres podr\u00eda hacerse cargo del equipo campe\u00f3n de la Clase 3 (Informe La Nueva) - CELTTV","description":"Sitio web de noticias de la localidad de Tornquist, provincia de Buenos Aires, Rep\u00fablica Argentina. Contenido propio originado por periodistas de CELTTV, el canal de TV local de la Cooperativa El\u00e9ctrica de Tornquist. Turismo, Pol\u00edtica, Sociedad, Deporte, Cultura y todo el contenido de inter\u00e9s general que la gente del pueblo y la regi\u00f3n debe conocer.","robots":{"index":"index","follow":"follow","max-snippet":"max-snippet:-1","max-image-preview":"max-image-preview:large","max-video-preview":"max-video-preview:-1"},"canonical":"https:\/\/www.celttv.com.ar\/index.php\/2019\/10\/09\/tn-sergio-torres-podria-hacerse-cargo-del-equipo-campeon-de-la-clase-3-informe-la-nueva\/","og_locale":"es_ES","og_type":"article","og_title":"TN: Sergio Torres podr\u00eda hacerse cargo del equipo campe\u00f3n de la Clase 3 (Informe La Nueva) - CELTTV","og_description":"Sitio web de noticias de la localidad de Tornquist, provincia de Buenos Aires, Rep\u00fablica Argentina. Contenido propio originado por periodistas de CELTTV, el canal de TV local de la Cooperativa El\u00e9ctrica de Tornquist. Turismo, Pol\u00edtica, Sociedad, Deporte, Cultura y todo el contenido de inter\u00e9s general que la gente del pueblo y la regi\u00f3n debe conocer.","og_url":"https:\/\/www.celttv.com.ar\/index.php\/2019\/10\/09\/tn-sergio-torres-podria-hacerse-cargo-del-equipo-campeon-de-la-clase-3-informe-la-nueva\/","og_site_name":"CELTTV","article_publisher":"https:\/\/www.facebook.com\/celtTV\/","article_published_time":"2019-10-09T14:25:36+00:00","og_image":[{"width":1500,"height":843,"url":"https:\/\/www.celttv.com.ar\/wp-content\/uploads\/2019\/10\/1570561608299.jpg","type":"image\/jpeg"}],"author":"ulises","twitter_card":"summary_large_image","twitter_misc":{"Escrito por":"ulises","Tiempo de lectura":"2 minutos"},"schema":{"@context":"https:\/\/schema.org","@graph":[{"@type":"NewsArticle","@id":"https:\/\/www.celttv.com.ar\/index.php\/2019\/10\/09\/tn-sergio-torres-podria-hacerse-cargo-del-equipo-campeon-de-la-clase-3-informe-la-nueva\/#article","isPartOf":{"@id":"https:\/\/www.celttv.com.ar\/index.php\/2019\/10\/09\/tn-sergio-torres-podria-hacerse-cargo-del-equipo-campeon-de-la-clase-3-informe-la-nueva\/"},"author":{"name":"ulises","@id":"https:\/\/www.celttv.com.ar\/#\/schema\/person\/6d99c072dba59953809c81446e9d0ace"},"headline":"TN: Sergio Torres podr\u00eda hacerse cargo del equipo campe\u00f3n de la Clase 3 (Informe La Nueva)","datePublished":"2019-10-09T14:25:36+00:00","dateModified":"2019-10-09T14:25:36+00:00","mainEntityOfPage":{"@id":"https:\/\/www.celttv.com.ar\/index.php\/2019\/10\/09\/tn-sergio-torres-podria-hacerse-cargo-del-equipo-campeon-de-la-clase-3-informe-la-nueva\/"},"wordCount":460,"publisher":{"@id":"https:\/\/www.celttv.com.ar\/#organization"},"articleSection":["Celt TV Noticias","Deporte","Destacadas","Magazine Sport"],"inLanguage":"es"},{"@type":"WebPage","@id":"https:\/\/www.celttv.com.ar\/index.php\/2019\/10\/09\/tn-sergio-torres-podria-hacerse-cargo-del-equipo-campeon-de-la-clase-3-informe-la-nueva\/","url":"https:\/\/www.celttv.com.ar\/index.php\/2019\/10\/09\/tn-sergio-torres-podria-hacerse-cargo-del-equipo-campeon-de-la-clase-3-informe-la-nueva\/","name":"TN: Sergio Torres podr\u00eda hacerse cargo del equipo campe\u00f3n de la Clase 3 (Informe La Nueva) - CELTTV","isPartOf":{"@id":"https:\/\/www.celttv.com.ar\/#website"},"datePublished":"2019-10-09T14:25:36+00:00","dateModified":"2019-10-09T14:25:36+00:00","description":"Sitio web de noticias de la localidad de Tornquist, provincia de Buenos Aires, Rep\u00fablica Argentina. Contenido propio originado por periodistas de CELTTV, el canal de TV local de la Cooperativa El\u00e9ctrica de Tornquist. Turismo, Pol\u00edtica, Sociedad, Deporte, Cultura y todo el contenido de inter\u00e9s general que la gente del pueblo y la regi\u00f3n debe conocer.","breadcrumb":{"@id":"https:\/\/www.celttv.com.ar\/index.php\/2019\/10\/09\/tn-sergio-torres-podria-hacerse-cargo-del-equipo-campeon-de-la-clase-3-informe-la-nueva\/#breadcrumb"},"inLanguage":"es","potentialAction":[{"@type":"ReadAction","target":["https:\/\/www.celttv.com.ar\/index.php\/2019\/10\/09\/tn-sergio-torres-podria-hacerse-cargo-del-equipo-campeon-de-la-clase-3-informe-la-nueva\/"]}]},{"@type":"BreadcrumbList","@id":"https:\/\/www.celttv.com.ar\/index.php\/2019\/10\/09\/tn-sergio-torres-podria-hacerse-cargo-del-equipo-campeon-de-la-clase-3-informe-la-nueva\/#breadcrumb","itemListElement":[{"@type":"ListItem","position":1,"name":"Inicio","item":"https:\/\/www.celttv.com.ar\/"},{"@type":"ListItem","position":2,"name":"TN: Sergio Torres podr\u00eda hacerse cargo del equipo campe\u00f3n de la Clase 3 (Informe La Nueva)"}]},{"@type":"WebSite","@id":"https:\/\/www.celttv.com.ar\/#website","url":"https:\/\/www.celttv.com.ar\/","name":"CELTTV","description":"Cooperativa El\u00e9ctrica de Tornquist","publisher":{"@id":"https:\/\/www.celttv.com.ar\/#organization"},"potentialAction":[{"@type":"SearchAction","target":{"@type":"EntryPoint","urlTemplate":"https:\/\/www.celttv.com.ar\/?s={search_term_string}"},"query-input":"required name=search_term_string"}],"inLanguage":"es"},{"@type":"Organization","@id":"https:\/\/www.celttv.com.ar\/#organization","name":"CELTTV","url":"https:\/\/www.celttv.com.ar\/","sameAs":["https:\/\/www.youtube.com\/channel\/UCz_oIt8Hig64Ub-EmcNPIhg","https:\/\/www.facebook.com\/celtTV\/"],"logo":{"@type":"ImageObject","inLanguage":"es","@id":"https:\/\/www.celttv.com.ar\/#\/schema\/logo\/image\/","url":"http:\/\/www.celttv.com.ar\/wp-content\/uploads\/2022\/08\/logo-1.png","contentUrl":"http:\/\/www.celttv.com.ar\/wp-content\/uploads\/2022\/08\/logo-1.png","width":461,"height":159,"caption":"CELTTV"},"image":{"@id":"https:\/\/www.celttv.com.ar\/#\/schema\/logo\/image\/"}},{"@type":"Person","@id":"https:\/\/www.celttv.com.ar\/#\/schema\/person\/6d99c072dba59953809c81446e9d0ace","name":"ulises","image":{"@type":"ImageObject","inLanguage":"es","@id":"https:\/\/www.celttv.com.ar\/#\/schema\/person\/image\/","url":"https:\/\/secure.gravatar.com\/avatar\/7f2c48bdc33b30088f941fb6082e555f2874c98e20cb159d7b92b50eadfce793?s=96&d=mm&r=g","contentUrl":"https:\/\/secure.gravatar.com\/avatar\/7f2c48bdc33b30088f941fb6082e555f2874c98e20cb159d7b92b50eadfce793?s=96&d=mm&r=g","caption":"ulises"},"sameAs":["http:\/\/www.celttv.com.ar"]}]}},"_links":{"self":[{"href":"https:\/\/www.celttv.com.ar\/index.php\/wp-json\/wp\/v2\/posts\/44546","targetHints":{"allow":["GET"]}}],"collection":[{"href":"https:\/\/www.celttv.com.ar\/index.php\/wp-json\/wp\/v2\/posts"}],"about":[{"href":"https:\/\/www.celttv.com.ar\/index.php\/wp-json\/wp\/v2\/types\/post"}],"author":[{"embeddable":true,"href":"https:\/\/www.celttv.com.ar\/index.php\/wp-json\/wp\/v2\/users\/1"}],"replies":[{"embeddable":true,"href":"https:\/\/www.celttv.com.ar\/index.php\/wp-json\/wp\/v2\/comments?post=44546"}],"version-history":[{"count":0,"href":"https:\/\/www.celttv.com.ar\/index.php\/wp-json\/wp\/v2\/posts\/44546\/revisions"}],"wp:featuredmedia":[{"embeddable":true,"href":"https:\/\/www.celttv.com.ar\/index.php\/wp-json\/wp\/v2\/media\/44547"}],"wp:attachment":[{"href":"https:\/\/www.celttv.com.ar\/index.php\/wp-json\/wp\/v2\/media?parent=44546"}],"wp:term":[{"taxonomy":"category","embeddable":true,"href":"https:\/\/www.celttv.com.ar\/index.php\/wp-json\/wp\/v2\/categories?post=44546"},{"taxonomy":"post_tag","embeddable":true,"href":"https:\/\/www.celttv.com.ar\/index.php\/wp-json\/wp\/v2\/tags?post=44546"}],"curies":[{"name":"wp","href":"https:\/\/api.w.org\/{rel}","templated":true}]}}