{"id":44549,"date":"2019-10-09T14:42:38","date_gmt":"2019-10-09T14:42:38","guid":{"rendered":"http:\/\/www.celttv.com.ar\/?p=44549"},"modified":"2019-10-09T14:42:38","modified_gmt":"2019-10-09T14:42:38","slug":"acto-por-el-58o-aniversario-de-la-asociacion-cuerpo-de-bomberos-voluntarios-de-tornquist","status":"publish","type":"post","link":"https:\/\/www.celttv.com.ar\/index.php\/2019\/10\/09\/acto-por-el-58o-aniversario-de-la-asociacion-cuerpo-de-bomberos-voluntarios-de-tornquist\/","title":{"rendered":"\u00a0Acto por el 58\u00ba Aniversario de la\u00a0 Asociaci\u00f3n Cuerpo de Bomberos Voluntarios de Tornquist"},"content":{"rendered":"<p><strong>CEREMONIAL<\/strong><\/p>\n<p><strong>\u00a058\u00ba Aniversario de la\u00a0 Asociaci\u00f3n Cuerpo de Bomberos Voluntarios de Tornquist<\/strong><\/p>\n<p><strong>12 de Octubre de 2019<\/strong><br \/>\n08:00 hs.<br \/>\n\uf0b7 Izamiento del Pabell\u00f3n Nacional.<\/p>\n<p>13:00 hs.<br \/>\n\uf0b7 Concentraci\u00f3n del Personal de Cuerpo Activo, Escuela de Cadetes, Escuadra de Reserva.<\/p>\n<p>13:15 hs.<br \/>\n\uf0b7 Recepci\u00f3n de Autoridades y Entidades Intermedias.<\/p>\n<p>13:30 hs.<br \/>\n\uf0b7 Formaci\u00f3n del Personal de Cuerpo Activo, Escuela de Cadetes, Escuadra de Reserva.<br \/>\n\uf0b7 Ingreso de las Banderas de Ceremonia.<br \/>\n\uf0b7 Entonaci\u00f3n de las estrofas del Himno Nacional Argentino.<br \/>\n\uf0b7 Lectura de Felicitaciones.<br \/>\n\uf0b7 Palabras Alusivas del Presidente Institucional JULIO NICOLINI.<br \/>\n\uf0b7 Cumplimiento del Orden del D\u00eda N\u00ba 24\/19.<br \/>\n\uf0b7 Palabras Alusivas del Jefe de Cuerpo Comandante Mayor Haag Mart\u00edn.<br \/>\n\uf0b7 Retiro de las Banderas de Ceremonia.<br \/>\n\uf0b7 Desconcentraci\u00f3n del Personal del Personal de Cuerpo Activo, Escuela de Cadetes, Escuadra de<br \/>\nReserva.<\/p>\n","protected":false},"excerpt":{"rendered":"<p>CEREMONIAL \u00a058\u00ba Aniversario de la\u00a0 Asociaci\u00f3n Cuerpo de Bomberos Voluntarios de Tornquist 12 de Octubre de 2019 08:00 hs. \uf0b7 Izamiento del Pabell\u00f3n Nacional. 13:00 hs. \uf0b7 Concentraci\u00f3n del Personal de Cuerpo Activo, Escuela de Cadetes, Escuadra de Reserva. 13:15 hs. \uf0b7 Recepci\u00f3n de Autoridades y Entidades Intermedias. 13:30 hs. \uf0b7 Formaci\u00f3n del Personal de [&hellip;]<\/p>\n","protected":false},"author":1,"featured_media":44550,"comment_status":"closed","ping_status":"closed","sticky":false,"template":"","format":"standard","meta":{"footnotes":""},"categories":[55,51,52],"tags":[],"class_list":["post-44549","post","type-post","status-publish","format-standard","has-post-thumbnail","hentry","category-celt-tv-noticias","category-comunidad","category-destacadas"],"yoast_head":"<!-- This site is optimized with the Yoast SEO plugin v19.7.1 - https:\/\/yoast.com\/wordpress\/plugins\/seo\/ -->\n<title>\u00a0Acto por el 58\u00ba Aniversario de la\u00a0 Asociaci\u00f3n Cuerpo de Bomberos Voluntarios de Tornquist - CELTTV<\/title>\n<meta name=\"description\" content=\"Sitio web de noticias de la localidad de Tornquist, provincia de Buenos Aires, Rep\u00fablica Argentina. Contenido propio originado por periodistas de CELTTV, el canal de TV local de la Cooperativa El\u00e9ctrica de Tornquist. Turismo, Pol\u00edtica, Sociedad, Deporte, Cultura y todo el contenido de inter\u00e9s general que la gente del pueblo y la regi\u00f3n debe conocer.\" \/>\n<meta name=\"robots\" content=\"index, follow, max-snippet:-1, max-image-preview:large, max-video-preview:-1\" \/>\n<link rel=\"canonical\" href=\"https:\/\/www.celttv.com.ar\/index.php\/2019\/10\/09\/acto-por-el-58o-aniversario-de-la-asociacion-cuerpo-de-bomberos-voluntarios-de-tornquist\/\" \/>\n<meta property=\"og:locale\" content=\"es_ES\" \/>\n<meta property=\"og:type\" content=\"article\" \/>\n<meta property=\"og:title\" content=\"\u00a0Acto por el 58\u00ba Aniversario de la\u00a0 Asociaci\u00f3n Cuerpo de Bomberos Voluntarios de Tornquist - CELTTV\" \/>\n<meta property=\"og:description\" content=\"Sitio web de noticias de la localidad de Tornquist, provincia de Buenos Aires, Rep\u00fablica Argentina. Contenido propio originado por periodistas de CELTTV, el canal de TV local de la Cooperativa El\u00e9ctrica de Tornquist. Turismo, Pol\u00edtica, Sociedad, Deporte, Cultura y todo el contenido de inter\u00e9s general que la gente del pueblo y la regi\u00f3n debe conocer.\" \/>\n<meta property=\"og:url\" content=\"https:\/\/www.celttv.com.ar\/index.php\/2019\/10\/09\/acto-por-el-58o-aniversario-de-la-asociacion-cuerpo-de-bomberos-voluntarios-de-tornquist\/\" \/>\n<meta property=\"og:site_name\" content=\"CELTTV\" \/>\n<meta property=\"article:publisher\" content=\"https:\/\/www.facebook.com\/celtTV\/\" \/>\n<meta property=\"article:published_time\" content=\"2019-10-09T14:42:38+00:00\" \/>\n<meta property=\"og:image\" content=\"https:\/\/www.celttv.com.ar\/wp-content\/uploads\/2019\/10\/a7-750x420-1.jpg\" \/>\n\t<meta property=\"og:image:width\" content=\"750\" \/>\n\t<meta property=\"og:image:height\" content=\"420\" \/>\n\t<meta property=\"og:image:type\" content=\"image\/jpeg\" \/>\n<meta name=\"author\" content=\"ulises\" \/>\n<meta name=\"twitter:card\" content=\"summary_large_image\" \/>\n<meta name=\"twitter:label1\" content=\"Escrito por\" \/>\n\t<meta name=\"twitter:data1\" content=\"ulises\" \/>\n\t<meta name=\"twitter:label2\" content=\"Tiempo de lectura\" \/>\n\t<meta name=\"twitter:data2\" content=\"1 minuto\" \/>\n<script type=\"application\/ld+json\" class=\"yoast-schema-graph\">{\"@context\":\"https:\/\/schema.org\",\"@graph\":[{\"@type\":\"NewsArticle\",\"@id\":\"https:\/\/www.celttv.com.ar\/index.php\/2019\/10\/09\/acto-por-el-58o-aniversario-de-la-asociacion-cuerpo-de-bomberos-voluntarios-de-tornquist\/#article\",\"isPartOf\":{\"@id\":\"https:\/\/www.celttv.com.ar\/index.php\/2019\/10\/09\/acto-por-el-58o-aniversario-de-la-asociacion-cuerpo-de-bomberos-voluntarios-de-tornquist\/\"},\"author\":{\"name\":\"ulises\",\"@id\":\"https:\/\/www.celttv.com.ar\/#\/schema\/person\/6d99c072dba59953809c81446e9d0ace\"},\"headline\":\"\u00a0Acto por el 58\u00ba Aniversario de la\u00a0 Asociaci\u00f3n Cuerpo de Bomberos Voluntarios de Tornquist\",\"datePublished\":\"2019-10-09T14:42:38+00:00\",\"dateModified\":\"2019-10-09T14:42:38+00:00\",\"mainEntityOfPage\":{\"@id\":\"https:\/\/www.celttv.com.ar\/index.php\/2019\/10\/09\/acto-por-el-58o-aniversario-de-la-asociacion-cuerpo-de-bomberos-voluntarios-de-tornquist\/\"},\"wordCount\":135,\"publisher\":{\"@id\":\"https:\/\/www.celttv.com.ar\/#organization\"},\"articleSection\":[\"Celt TV Noticias\",\"Comunidad\",\"Destacadas\"],\"inLanguage\":\"es\"},{\"@type\":\"WebPage\",\"@id\":\"https:\/\/www.celttv.com.ar\/index.php\/2019\/10\/09\/acto-por-el-58o-aniversario-de-la-asociacion-cuerpo-de-bomberos-voluntarios-de-tornquist\/\",\"url\":\"https:\/\/www.celttv.com.ar\/index.php\/2019\/10\/09\/acto-por-el-58o-aniversario-de-la-asociacion-cuerpo-de-bomberos-voluntarios-de-tornquist\/\",\"name\":\"\u00a0Acto por el 58\u00ba Aniversario de la\u00a0 Asociaci\u00f3n Cuerpo de Bomberos Voluntarios de Tornquist - CELTTV\",\"isPartOf\":{\"@id\":\"https:\/\/www.celttv.com.ar\/#website\"},\"datePublished\":\"2019-10-09T14:42:38+00:00\",\"dateModified\":\"2019-10-09T14:42:38+00:00\",\"description\":\"Sitio web de noticias de la localidad de Tornquist, provincia de Buenos Aires, Rep\u00fablica Argentina. Contenido propio originado por periodistas de CELTTV, el canal de TV local de la Cooperativa El\u00e9ctrica de Tornquist. Turismo, Pol\u00edtica, Sociedad, Deporte, Cultura y todo el contenido de inter\u00e9s general que la gente del pueblo y la regi\u00f3n debe conocer.\",\"breadcrumb\":{\"@id\":\"https:\/\/www.celttv.com.ar\/index.php\/2019\/10\/09\/acto-por-el-58o-aniversario-de-la-asociacion-cuerpo-de-bomberos-voluntarios-de-tornquist\/#breadcrumb\"},\"inLanguage\":\"es\",\"potentialAction\":[{\"@type\":\"ReadAction\",\"target\":[\"https:\/\/www.celttv.com.ar\/index.php\/2019\/10\/09\/acto-por-el-58o-aniversario-de-la-asociacion-cuerpo-de-bomberos-voluntarios-de-tornquist\/\"]}]},{\"@type\":\"BreadcrumbList\",\"@id\":\"https:\/\/www.celttv.com.ar\/index.php\/2019\/10\/09\/acto-por-el-58o-aniversario-de-la-asociacion-cuerpo-de-bomberos-voluntarios-de-tornquist\/#breadcrumb\",\"itemListElement\":[{\"@type\":\"ListItem\",\"position\":1,\"name\":\"Inicio\",\"item\":\"https:\/\/www.celttv.com.ar\/\"},{\"@type\":\"ListItem\",\"position\":2,\"name\":\"\u00a0Acto por el 58\u00ba Aniversario de la\u00a0 Asociaci\u00f3n Cuerpo de Bomberos Voluntarios de Tornquist\"}]},{\"@type\":\"WebSite\",\"@id\":\"https:\/\/www.celttv.com.ar\/#website\",\"url\":\"https:\/\/www.celttv.com.ar\/\",\"name\":\"CELTTV\",\"description\":\"Cooperativa El\u00e9ctrica de Tornquist\",\"publisher\":{\"@id\":\"https:\/\/www.celttv.com.ar\/#organization\"},\"potentialAction\":[{\"@type\":\"SearchAction\",\"target\":{\"@type\":\"EntryPoint\",\"urlTemplate\":\"https:\/\/www.celttv.com.ar\/?s={search_term_string}\"},\"query-input\":\"required name=search_term_string\"}],\"inLanguage\":\"es\"},{\"@type\":\"Organization\",\"@id\":\"https:\/\/www.celttv.com.ar\/#organization\",\"name\":\"CELTTV\",\"url\":\"https:\/\/www.celttv.com.ar\/\",\"sameAs\":[\"https:\/\/www.youtube.com\/channel\/UCz_oIt8Hig64Ub-EmcNPIhg\",\"https:\/\/www.facebook.com\/celtTV\/\"],\"logo\":{\"@type\":\"ImageObject\",\"inLanguage\":\"es\",\"@id\":\"https:\/\/www.celttv.com.ar\/#\/schema\/logo\/image\/\",\"url\":\"http:\/\/www.celttv.com.ar\/wp-content\/uploads\/2022\/08\/logo-1.png\",\"contentUrl\":\"http:\/\/www.celttv.com.ar\/wp-content\/uploads\/2022\/08\/logo-1.png\",\"width\":461,\"height\":159,\"caption\":\"CELTTV\"},\"image\":{\"@id\":\"https:\/\/www.celttv.com.ar\/#\/schema\/logo\/image\/\"}},{\"@type\":\"Person\",\"@id\":\"https:\/\/www.celttv.com.ar\/#\/schema\/person\/6d99c072dba59953809c81446e9d0ace\",\"name\":\"ulises\",\"image\":{\"@type\":\"ImageObject\",\"inLanguage\":\"es\",\"@id\":\"https:\/\/www.celttv.com.ar\/#\/schema\/person\/image\/\",\"url\":\"https:\/\/secure.gravatar.com\/avatar\/7f2c48bdc33b30088f941fb6082e555f2874c98e20cb159d7b92b50eadfce793?s=96&d=mm&r=g\",\"contentUrl\":\"https:\/\/secure.gravatar.com\/avatar\/7f2c48bdc33b30088f941fb6082e555f2874c98e20cb159d7b92b50eadfce793?s=96&d=mm&r=g\",\"caption\":\"ulises\"},\"sameAs\":[\"http:\/\/www.celttv.com.ar\"]}]}<\/script>\n<!-- \/ Yoast SEO plugin. -->","yoast_head_json":{"title":"\u00a0Acto por el 58\u00ba Aniversario de la\u00a0 Asociaci\u00f3n Cuerpo de Bomberos Voluntarios de Tornquist - CELTTV","description":"Sitio web de noticias de la localidad de Tornquist, provincia de Buenos Aires, Rep\u00fablica Argentina. Contenido propio originado por periodistas de CELTTV, el canal de TV local de la Cooperativa El\u00e9ctrica de Tornquist. Turismo, Pol\u00edtica, Sociedad, Deporte, Cultura y todo el contenido de inter\u00e9s general que la gente del pueblo y la regi\u00f3n debe conocer.","robots":{"index":"index","follow":"follow","max-snippet":"max-snippet:-1","max-image-preview":"max-image-preview:large","max-video-preview":"max-video-preview:-1"},"canonical":"https:\/\/www.celttv.com.ar\/index.php\/2019\/10\/09\/acto-por-el-58o-aniversario-de-la-asociacion-cuerpo-de-bomberos-voluntarios-de-tornquist\/","og_locale":"es_ES","og_type":"article","og_title":"\u00a0Acto por el 58\u00ba Aniversario de la\u00a0 Asociaci\u00f3n Cuerpo de Bomberos Voluntarios de Tornquist - CELTTV","og_description":"Sitio web de noticias de la localidad de Tornquist, provincia de Buenos Aires, Rep\u00fablica Argentina. Contenido propio originado por periodistas de CELTTV, el canal de TV local de la Cooperativa El\u00e9ctrica de Tornquist. Turismo, Pol\u00edtica, Sociedad, Deporte, Cultura y todo el contenido de inter\u00e9s general que la gente del pueblo y la regi\u00f3n debe conocer.","og_url":"https:\/\/www.celttv.com.ar\/index.php\/2019\/10\/09\/acto-por-el-58o-aniversario-de-la-asociacion-cuerpo-de-bomberos-voluntarios-de-tornquist\/","og_site_name":"CELTTV","article_publisher":"https:\/\/www.facebook.com\/celtTV\/","article_published_time":"2019-10-09T14:42:38+00:00","og_image":[{"width":750,"height":420,"url":"https:\/\/www.celttv.com.ar\/wp-content\/uploads\/2019\/10\/a7-750x420-1.jpg","type":"image\/jpeg"}],"author":"ulises","twitter_card":"summary_large_image","twitter_misc":{"Escrito por":"ulises","Tiempo de lectura":"1 minuto"},"schema":{"@context":"https:\/\/schema.org","@graph":[{"@type":"NewsArticle","@id":"https:\/\/www.celttv.com.ar\/index.php\/2019\/10\/09\/acto-por-el-58o-aniversario-de-la-asociacion-cuerpo-de-bomberos-voluntarios-de-tornquist\/#article","isPartOf":{"@id":"https:\/\/www.celttv.com.ar\/index.php\/2019\/10\/09\/acto-por-el-58o-aniversario-de-la-asociacion-cuerpo-de-bomberos-voluntarios-de-tornquist\/"},"author":{"name":"ulises","@id":"https:\/\/www.celttv.com.ar\/#\/schema\/person\/6d99c072dba59953809c81446e9d0ace"},"headline":"\u00a0Acto por el 58\u00ba Aniversario de la\u00a0 Asociaci\u00f3n Cuerpo de Bomberos Voluntarios de Tornquist","datePublished":"2019-10-09T14:42:38+00:00","dateModified":"2019-10-09T14:42:38+00:00","mainEntityOfPage":{"@id":"https:\/\/www.celttv.com.ar\/index.php\/2019\/10\/09\/acto-por-el-58o-aniversario-de-la-asociacion-cuerpo-de-bomberos-voluntarios-de-tornquist\/"},"wordCount":135,"publisher":{"@id":"https:\/\/www.celttv.com.ar\/#organization"},"articleSection":["Celt TV Noticias","Comunidad","Destacadas"],"inLanguage":"es"},{"@type":"WebPage","@id":"https:\/\/www.celttv.com.ar\/index.php\/2019\/10\/09\/acto-por-el-58o-aniversario-de-la-asociacion-cuerpo-de-bomberos-voluntarios-de-tornquist\/","url":"https:\/\/www.celttv.com.ar\/index.php\/2019\/10\/09\/acto-por-el-58o-aniversario-de-la-asociacion-cuerpo-de-bomberos-voluntarios-de-tornquist\/","name":"\u00a0Acto por el 58\u00ba Aniversario de la\u00a0 Asociaci\u00f3n Cuerpo de Bomberos Voluntarios de Tornquist - CELTTV","isPartOf":{"@id":"https:\/\/www.celttv.com.ar\/#website"},"datePublished":"2019-10-09T14:42:38+00:00","dateModified":"2019-10-09T14:42:38+00:00","description":"Sitio web de noticias de la localidad de Tornquist, provincia de Buenos Aires, Rep\u00fablica Argentina. Contenido propio originado por periodistas de CELTTV, el canal de TV local de la Cooperativa El\u00e9ctrica de Tornquist. Turismo, Pol\u00edtica, Sociedad, Deporte, Cultura y todo el contenido de inter\u00e9s general que la gente del pueblo y la regi\u00f3n debe conocer.","breadcrumb":{"@id":"https:\/\/www.celttv.com.ar\/index.php\/2019\/10\/09\/acto-por-el-58o-aniversario-de-la-asociacion-cuerpo-de-bomberos-voluntarios-de-tornquist\/#breadcrumb"},"inLanguage":"es","potentialAction":[{"@type":"ReadAction","target":["https:\/\/www.celttv.com.ar\/index.php\/2019\/10\/09\/acto-por-el-58o-aniversario-de-la-asociacion-cuerpo-de-bomberos-voluntarios-de-tornquist\/"]}]},{"@type":"BreadcrumbList","@id":"https:\/\/www.celttv.com.ar\/index.php\/2019\/10\/09\/acto-por-el-58o-aniversario-de-la-asociacion-cuerpo-de-bomberos-voluntarios-de-tornquist\/#breadcrumb","itemListElement":[{"@type":"ListItem","position":1,"name":"Inicio","item":"https:\/\/www.celttv.com.ar\/"},{"@type":"ListItem","position":2,"name":"\u00a0Acto por el 58\u00ba Aniversario de la\u00a0 Asociaci\u00f3n Cuerpo de Bomberos Voluntarios de Tornquist"}]},{"@type":"WebSite","@id":"https:\/\/www.celttv.com.ar\/#website","url":"https:\/\/www.celttv.com.ar\/","name":"CELTTV","description":"Cooperativa El\u00e9ctrica de Tornquist","publisher":{"@id":"https:\/\/www.celttv.com.ar\/#organization"},"potentialAction":[{"@type":"SearchAction","target":{"@type":"EntryPoint","urlTemplate":"https:\/\/www.celttv.com.ar\/?s={search_term_string}"},"query-input":"required name=search_term_string"}],"inLanguage":"es"},{"@type":"Organization","@id":"https:\/\/www.celttv.com.ar\/#organization","name":"CELTTV","url":"https:\/\/www.celttv.com.ar\/","sameAs":["https:\/\/www.youtube.com\/channel\/UCz_oIt8Hig64Ub-EmcNPIhg","https:\/\/www.facebook.com\/celtTV\/"],"logo":{"@type":"ImageObject","inLanguage":"es","@id":"https:\/\/www.celttv.com.ar\/#\/schema\/logo\/image\/","url":"http:\/\/www.celttv.com.ar\/wp-content\/uploads\/2022\/08\/logo-1.png","contentUrl":"http:\/\/www.celttv.com.ar\/wp-content\/uploads\/2022\/08\/logo-1.png","width":461,"height":159,"caption":"CELTTV"},"image":{"@id":"https:\/\/www.celttv.com.ar\/#\/schema\/logo\/image\/"}},{"@type":"Person","@id":"https:\/\/www.celttv.com.ar\/#\/schema\/person\/6d99c072dba59953809c81446e9d0ace","name":"ulises","image":{"@type":"ImageObject","inLanguage":"es","@id":"https:\/\/www.celttv.com.ar\/#\/schema\/person\/image\/","url":"https:\/\/secure.gravatar.com\/avatar\/7f2c48bdc33b30088f941fb6082e555f2874c98e20cb159d7b92b50eadfce793?s=96&d=mm&r=g","contentUrl":"https:\/\/secure.gravatar.com\/avatar\/7f2c48bdc33b30088f941fb6082e555f2874c98e20cb159d7b92b50eadfce793?s=96&d=mm&r=g","caption":"ulises"},"sameAs":["http:\/\/www.celttv.com.ar"]}]}},"_links":{"self":[{"href":"https:\/\/www.celttv.com.ar\/index.php\/wp-json\/wp\/v2\/posts\/44549","targetHints":{"allow":["GET"]}}],"collection":[{"href":"https:\/\/www.celttv.com.ar\/index.php\/wp-json\/wp\/v2\/posts"}],"about":[{"href":"https:\/\/www.celttv.com.ar\/index.php\/wp-json\/wp\/v2\/types\/post"}],"author":[{"embeddable":true,"href":"https:\/\/www.celttv.com.ar\/index.php\/wp-json\/wp\/v2\/users\/1"}],"replies":[{"embeddable":true,"href":"https:\/\/www.celttv.com.ar\/index.php\/wp-json\/wp\/v2\/comments?post=44549"}],"version-history":[{"count":0,"href":"https:\/\/www.celttv.com.ar\/index.php\/wp-json\/wp\/v2\/posts\/44549\/revisions"}],"wp:featuredmedia":[{"embeddable":true,"href":"https:\/\/www.celttv.com.ar\/index.php\/wp-json\/wp\/v2\/media\/44550"}],"wp:attachment":[{"href":"https:\/\/www.celttv.com.ar\/index.php\/wp-json\/wp\/v2\/media?parent=44549"}],"wp:term":[{"taxonomy":"category","embeddable":true,"href":"https:\/\/www.celttv.com.ar\/index.php\/wp-json\/wp\/v2\/categories?post=44549"},{"taxonomy":"post_tag","embeddable":true,"href":"https:\/\/www.celttv.com.ar\/index.php\/wp-json\/wp\/v2\/tags?post=44549"}],"curies":[{"name":"wp","href":"https:\/\/api.w.org\/{rel}","templated":true}]}}